{"id":1000,"date":"2021-11-10T14:04:00","date_gmt":"2021-11-10T12:04:00","guid":{"rendered":"https:\/\/www.biodiversityeducation.fi\/?p=1000"},"modified":"2023-03-15T15:48:55","modified_gmt":"2023-03-15T13:48:55","slug":"dna-viivakoodauksesta-lintulaskentoihin-ja-uhanalaisuustiedosta-politiikkaan-11-2021","status":"publish","type":"post","link":"https:\/\/blogs2.uef.fi\/biodiversityeducation-vanha\/2021\/11\/10\/dna-viivakoodauksesta-lintulaskentoihin-ja-uhanalaisuustiedosta-politiikkaan-11-2021\/","title":{"rendered":"DNA-viivakoodauksesta lintulaskentoihin ja uhanalaisuustiedosta politiikkaan (11\/2021)"},"content":{"rendered":"\n<p>Lokakuun lopussa biodiversiteettiverkosto kokoontui tietokoneiden \u00e4\u00e4reen pohtimaan hankkeen etenemist\u00e4 ja biodiversiteettiaiheisten kurssien kehitt\u00e4mist\u00e4. P\u00e4iv\u00e4n tavoitteena oli tutustua muihin verkoston j\u00e4seniin sek\u00e4 suunnitella yhteisty\u00f6t\u00e4 samojen teemojen opettajien kesken. Kiitos kaikille p\u00e4iv\u00e4\u00e4n osallistuneille antoisista keskusteluista ja kiinnostuksestanne osallistua hankety\u00f6h\u00f6n.<\/p>\n\n\n\n<h2 class=\"wp-block-heading\">Tulevaisuudessa tarvitaan yh\u00e4 enemm\u00e4n yhteisty\u00f6t\u00e4<\/h2>\n\n\n\n<p>P\u00e4iv\u00e4 alkoi It\u00e4-Suomen yliopiston akateemisen rehtorin Tapio M\u00e4\u00e4t\u00e4n avauspuheenvuorolla yliopistojen yhteisty\u00f6n merkityksest\u00e4. Hankkeen n\u00e4k\u00f6kulmasta yhteisty\u00f6n kehitt\u00e4minen n\u00e4hd\u00e4\u00e4n v\u00e4ltt\u00e4m\u00e4tt\u00f6m\u00e4n\u00e4 kehityssuuntana yliopistokoulutuksessa, sill\u00e4 ei ole j\u00e4rkev\u00e4\u00e4, ett\u00e4 kaikki yliopistot yll\u00e4pit\u00e4isiv\u00e4t kaikkia samoja kursseja. Puheenvuorossaan M\u00e4\u00e4tt\u00e4 korosti opetusyhteisty\u00f6n merkityst\u00e4 niin opiskelijoiden kuin opettajienkin n\u00e4k\u00f6kulmasta ja toivoi, ett\u00e4 yhteisty\u00f6 motivoi opettajia opetuksen kehitt\u00e4miseen ja tekee biodiversiteettiopetusta laajemmin n\u00e4kyv\u00e4ksi ja saavutettavaksi.<\/p>\n\n\n\n<h2 class=\"wp-block-heading\">Osaamistarpeisiin voidaan vastata tiiviin yhteisty\u00f6n avulla<\/h2>\n\n\n<div class=\"wp-block-image\">\n<figure class=\"aligncenter size-full\"><img loading=\"lazy\" decoding=\"async\" width=\"768\" height=\"536\" src=\"https:\/\/blogs2.uef.fi\/wp-content\/uploads\/sites\/110\/2023\/03\/pixel-cells-g592be1c97_1280-768x536-1.png\" alt=\"keskustelu-blogikuva\" class=\"wp-image-1001\" srcset=\"https:\/\/blogs2.uef.fi\/biodiversityeducation-vanha\/wp-content\/uploads\/sites\/110\/2023\/03\/pixel-cells-g592be1c97_1280-768x536-1.png 768w, https:\/\/blogs2.uef.fi\/biodiversityeducation-vanha\/wp-content\/uploads\/sites\/110\/2023\/03\/pixel-cells-g592be1c97_1280-768x536-1-300x209.png 300w\" sizes=\"auto, (max-width: 768px) 100vw, 768px\" \/><\/figure>\n<\/div>\n\n\n<p>Aloituspuheenvuoron innostamana olikin hyv\u00e4 siirty\u00e4 ty\u00f6pajakeskustelujen pariin ja pohtia sit\u00e4, miten luonnon monimuotoisuuteen liittyvi\u00e4 kursseja voitaisiin verkoston voimin kehitt\u00e4\u00e4. Keskustelu eteni vilkkaasti ja oli hauska huomata, miten monipuolinen ja asiantunteva verkosto meill\u00e4 on koossa.<\/p>\n\n\n\n<p>Hankkeen tavoitteina on tunnistaa opetuksen katvealueet ja biodiversiteettiasioiden osaamistarpeet sek\u00e4 kehitt\u00e4\u00e4 kurssitarjontaa ja muodostaa opetusyhteisty\u00f6n toimintamalli. Jo aiemmin tunnistettujen katvealueiden ja osaamistarpeiden pohjalta suunnittelup\u00e4iv\u00e4ss\u00e4 paneuduttiin kehitett\u00e4vien kurssien valintaan sek\u00e4 suunnitteluyhteisty\u00f6n k\u00e4ynnist\u00e4miseen.<\/p>\n\n\n\n<p>P\u00e4iv\u00e4n aikana keskusteltiin osaamistarpeista ja n\u00e4ihin vastaavista kurssiteemoista aiheryhmitt\u00e4in. Tavoitteena on, ett\u00e4 kursseja kehitet\u00e4\u00e4n yhdistelem\u00e4ll\u00e4, digitalisoimalla ja kentt\u00e4kurssiyhteisty\u00f6t\u00e4 tekem\u00e4ll\u00e4 sek\u00e4 kehitt\u00e4m\u00e4ll\u00e4 muuta opettajia motivoivaa ja opiskelijoiden opintomahdollisuuksia parantavaa toimintaa. Osassa teemoista t\u00e4m\u00e4 tarkoittaa uuden kurssin tekemist\u00e4, osa olemassa olevista kursseista soveltuu l\u00e4hes suoraan jaettavaksi verkoston k\u00e4ytt\u00f6\u00f6n ja osaa kehitet\u00e4\u00e4n yhteisty\u00f6ss\u00e4 sis\u00e4lt\u00f6jen ja\/tai menetelmien pohjalta. Etenkin peruskurssien osalta pyrit\u00e4\u00e4n jakamaan ideoita, materiaaleja ja kokemuksia kurssien opettamisen tueksi ja kurssien yhteisess\u00e4 kehitt\u00e4misess\u00e4 keskityt\u00e4\u00e4n maisteritason kursseihin.<\/p>\n\n\n\n<h2 class=\"wp-block-heading\">Kurssien kehitt\u00e4misess\u00e4 opettajien asiantuntemus ja kiinnostus ovat keski\u00f6ss\u00e4<\/h2>\n\n\n\n<p>Kehitett\u00e4viksi kurssiteemoiksi sovittiin t\u00e4ss\u00e4 vaiheessa DNA-viivakoodaus, sammal-, sieni- ja j\u00e4k\u00e4l\u00e4lajien lajintuntemus, lintujen lajintuntemus, suoluontotyyppien tuntemus ja ekologia sek\u00e4 biodiversiteettipolitiikka. Lis\u00e4ksi k\u00e4ynniss\u00e4 on ahkeraa suunnittelua my\u00f6s useisiin muihin teemoihin, kuten vesieli\u00f6ihin, trooppiseen ekologiaan, talviekologiaan sek\u00e4 biodiversiteetin talousn\u00e4k\u00f6kulmiin liittyen. T\u00e4ll\u00e4 hetkell\u00e4 suunniteltujen kurssien lis\u00e4ksi lista tulee siis laajenemaan hankkeen edetess\u00e4. Kehitett\u00e4viksi valitut kurssiteemat k\u00e4sittelev\u00e4t laajasti biodiversiteetin eri tasoja ja yleisen\u00e4 tarkoituksena on yhteyksien hahmottaminen geneettisten tutkimusmenetelmien, lajintuntemuksen, elinymp\u00e4rist\u00f6jen ekologian sek\u00e4 ihmistoiminnan v\u00e4lill\u00e4.<\/p>\n\n\n<div class=\"wp-block-image\">\n<figure class=\"aligncenter size-full\"><img loading=\"lazy\" decoding=\"async\" width=\"296\" height=\"300\" src=\"https:\/\/blogs2.uef.fi\/wp-content\/uploads\/sites\/110\/2023\/03\/pixel-g5e9ba97ca_1280-296x300-1.png\" alt=\"keskustelu2-blogikuva\" class=\"wp-image-1003\"\/><\/figure>\n<\/div>\n\n\n<p>P\u00e4iv\u00e4n aikana juteltiin my\u00f6s uhanalaisuuteen liittyv\u00e4n kokonaan uuden kurssikokonaisuuden sek\u00e4 Climate Universityn kanssa yhteisty\u00f6ss\u00e4 rakennettavan biodiversiteettikurssin ty\u00f6st\u00e4misest\u00e4. N\u00e4iden kurssien tarkoituksena on lis\u00e4t\u00e4 biodiversiteettiosaamista yhteiskunnassa ja johdatella ymm\u00e4rt\u00e4m\u00e4\u00e4n biodiversiteettikriisin syit\u00e4 ja ratkaisuja sek\u00e4 pohtimaan uhanalaisuustiedon merkityst\u00e4 ja soveltamista.<\/p>\n\n\n\n<p>Hankety\u00f6 etenee kurssien sis\u00e4lt\u00f6jen ja menetelmien aiheryhmitt\u00e4isen suunnittelun parissa ja tarkoituksena on, ett\u00e4 jokainen opettaja pystyy tarjoamaan asiantuntemustaan verkoston k\u00e4ytt\u00f6\u00f6n. Kursseilla sovelletaan vaihtelevasti niin digioppimisen pedagogisia menetelmi\u00e4 kuin kentt\u00e4opetustakin opettajien n\u00e4kemysten mukaisesti.<\/p>\n\n\n\n<p>Hienoa, ett\u00e4 meill\u00e4 on mukana n\u00e4in laaja joukko eri alojen asiantuntijoita. Ja mukaanhan p\u00e4\u00e4see viel\u00e4kin!<\/p>\n\n\n\n<p>PS. Kentt\u00e4opetuksen kehitt\u00e4miseen paneudumme marraskuun puoliv\u00e4liss\u00e4 Kentt\u00e4asemap\u00e4ivill\u00e4 Seiliss\u00e4, kuulumisia tulossa reissun j\u00e4lkeen.<\/p>\n\n\n\n<p>Innokkain monimuotoisuusterveisin Elli<\/p>\n\n\n<div class=\"wp-block-image\">\n<figure class=\"aligncenter size-full\"><img loading=\"lazy\" decoding=\"async\" width=\"300\" height=\"231\" src=\"https:\/\/blogs2.uef.fi\/wp-content\/uploads\/sites\/110\/2023\/03\/pixel-cells-g27593e03a_1280-300x231-1.png\" alt=\"keskustelu3-blogikuva\" class=\"wp-image-1005\"\/><figcaption class=\"wp-element-caption\">Kuvat: Manfred Steger\/ Pixabay<\/figcaption><\/figure>\n<\/div>","protected":false},"excerpt":{"rendered":"<p>Lokakuun lopussa biodiversiteettiverkosto kokoontui tietokoneiden \u00e4\u00e4reen pohtimaan hankkeen etenemist\u00e4 ja biodiversiteettiaiheisten kurssien kehitt\u00e4mist\u00e4. P\u00e4iv\u00e4n tavoitteena oli tutustua muihin verkoston j\u00e4seniin sek\u00e4 suunnitella yhteisty\u00f6t\u00e4 samojen teemojen opettajien kesken. Kiitos kaikille p\u00e4iv\u00e4\u00e4n osallistuneille antoisista keskusteluista ja kiinnostuksestanne osallistua hankety\u00f6h\u00f6n. Tulevaisuudessa tarvitaan yh\u00e4 enemm\u00e4n yhteisty\u00f6t\u00e4 P\u00e4iv\u00e4 alkoi It\u00e4-Suomen yliopiston akateemisen rehtorin Tapio M\u00e4\u00e4t\u00e4n avauspuheenvuorolla yliopistojen yhteisty\u00f6n merkityksest\u00e4. Hankkeen [&hellip;]<\/p>\n","protected":false},"author":611,"featured_media":1001,"comment_status":"closed","ping_status":"open","sticky":false,"template":"","format":"standard","meta":{"_acf_changed":false,"footnotes":""},"categories":[1],"tags":[55,56,54],"class_list":["post-1000","post","type-post","status-publish","format-standard","has-post-thumbnail","hentry","category-hankekuulumiset","tag-kurssitarjonta","tag-luonnon-monimuotoisuus","tag-verkostomainen-opetusyhteistyo"],"acf":[],"yoast_head":"<!-- This site is optimized with the Yoast SEO plugin v27.3 - https:\/\/yoast.com\/product\/yoast-seo-wordpress\/ -->\n<title>DNA-viivakoodauksesta lintulaskentoihin ja uhanalaisuustiedosta politiikkaan (11\/2021) - Biodiversiteettikoulutusverkosto<\/title>\n<meta name=\"robots\" content=\"index, follow, max-snippet:-1, max-image-preview:large, max-video-preview:-1\" \/>\n<link rel=\"canonical\" href=\"https:\/\/blogs2.uef.fi\/biodiversityeducation-vanha\/2021\/11\/10\/dna-viivakoodauksesta-lintulaskentoihin-ja-uhanalaisuustiedosta-politiikkaan-11-2021\/\" \/>\n<meta property=\"og:locale\" content=\"fi_FI\" \/>\n<meta property=\"og:type\" content=\"article\" \/>\n<meta property=\"og:title\" content=\"DNA-viivakoodauksesta lintulaskentoihin ja uhanalaisuustiedosta politiikkaan (11\/2021) - Biodiversiteettikoulutusverkosto\" \/>\n<meta property=\"og:description\" content=\"Lokakuun lopussa biodiversiteettiverkosto kokoontui tietokoneiden \u00e4\u00e4reen pohtimaan hankkeen etenemist\u00e4 ja biodiversiteettiaiheisten kurssien kehitt\u00e4mist\u00e4. P\u00e4iv\u00e4n tavoitteena oli tutustua muihin verkoston j\u00e4seniin sek\u00e4 suunnitella yhteisty\u00f6t\u00e4 samojen teemojen opettajien kesken. Kiitos kaikille p\u00e4iv\u00e4\u00e4n osallistuneille antoisista keskusteluista ja kiinnostuksestanne osallistua hankety\u00f6h\u00f6n. Tulevaisuudessa tarvitaan yh\u00e4 enemm\u00e4n yhteisty\u00f6t\u00e4 P\u00e4iv\u00e4 alkoi It\u00e4-Suomen yliopiston akateemisen rehtorin Tapio M\u00e4\u00e4t\u00e4n avauspuheenvuorolla yliopistojen yhteisty\u00f6n merkityksest\u00e4. Hankkeen [&hellip;]\" \/>\n<meta property=\"og:url\" content=\"https:\/\/blogs2.uef.fi\/biodiversityeducation-vanha\/2021\/11\/10\/dna-viivakoodauksesta-lintulaskentoihin-ja-uhanalaisuustiedosta-politiikkaan-11-2021\/\" \/>\n<meta property=\"og:site_name\" content=\"Biodiversiteettikoulutusverkosto\" \/>\n<meta property=\"article:published_time\" content=\"2021-11-10T12:04:00+00:00\" \/>\n<meta property=\"article:modified_time\" content=\"2023-03-15T13:48:55+00:00\" \/>\n<meta property=\"og:image\" content=\"https:\/\/blogs2.uef.fi\/biodiversityeducation-vanha\/wp-content\/uploads\/sites\/110\/2023\/03\/pixel-cells-g592be1c97_1280-768x536-1.png\" \/>\n\t<meta property=\"og:image:width\" content=\"768\" \/>\n\t<meta property=\"og:image:height\" content=\"536\" \/>\n\t<meta property=\"og:image:type\" content=\"image\/png\" \/>\n<meta name=\"author\" content=\"kooders\" \/>\n<meta name=\"twitter:card\" content=\"summary_large_image\" \/>\n<meta name=\"twitter:label1\" content=\"Kirjoittanut\" \/>\n\t<meta name=\"twitter:data1\" content=\"kooders\" \/>\n\t<meta name=\"twitter:label2\" content=\"Arvioitu lukuaika\" \/>\n\t<meta name=\"twitter:data2\" content=\"3 minuuttia\" \/>\n<script type=\"application\/ld+json\" class=\"yoast-schema-graph\">{\"@context\":\"https:\\\/\\\/schema.org\",\"@graph\":[{\"@type\":\"Article\",\"@id\":\"https:\\\/\\\/blogs2.uef.fi\\\/biodiversityeducation-vanha\\\/2021\\\/11\\\/10\\\/dna-viivakoodauksesta-lintulaskentoihin-ja-uhanalaisuustiedosta-politiikkaan-11-2021\\\/#article\",\"isPartOf\":{\"@id\":\"https:\\\/\\\/blogs2.uef.fi\\\/biodiversityeducation-vanha\\\/2021\\\/11\\\/10\\\/dna-viivakoodauksesta-lintulaskentoihin-ja-uhanalaisuustiedosta-politiikkaan-11-2021\\\/\"},\"author\":{\"name\":\"kooders\",\"@id\":\"https:\\\/\\\/blogs2.uef.fi\\\/biodiversityeducation-vanha\\\/#\\\/schema\\\/person\\\/aafdd26c1ef4edf4a080b86c113b9fbb\"},\"headline\":\"DNA-viivakoodauksesta lintulaskentoihin ja uhanalaisuustiedosta politiikkaan (11\\\/2021)\",\"datePublished\":\"2021-11-10T12:04:00+00:00\",\"dateModified\":\"2023-03-15T13:48:55+00:00\",\"mainEntityOfPage\":{\"@id\":\"https:\\\/\\\/blogs2.uef.fi\\\/biodiversityeducation-vanha\\\/2021\\\/11\\\/10\\\/dna-viivakoodauksesta-lintulaskentoihin-ja-uhanalaisuustiedosta-politiikkaan-11-2021\\\/\"},\"wordCount\":547,\"publisher\":{\"@id\":\"https:\\\/\\\/blogs2.uef.fi\\\/biodiversityeducation-vanha\\\/#organization\"},\"image\":{\"@id\":\"https:\\\/\\\/blogs2.uef.fi\\\/biodiversityeducation-vanha\\\/2021\\\/11\\\/10\\\/dna-viivakoodauksesta-lintulaskentoihin-ja-uhanalaisuustiedosta-politiikkaan-11-2021\\\/#primaryimage\"},\"thumbnailUrl\":\"https:\\\/\\\/blogs2.uef.fi\\\/biodiversityeducation-vanha\\\/wp-content\\\/uploads\\\/sites\\\/110\\\/2023\\\/03\\\/pixel-cells-g592be1c97_1280-768x536-1.png\",\"keywords\":[\"kurssitarjonta\",\"luonnon monimuotoisuus\",\"Verkostomainen opetusyhteisty\u00f6\"],\"articleSection\":[\"Hankekuulumiset\"],\"inLanguage\":\"fi\"},{\"@type\":\"WebPage\",\"@id\":\"https:\\\/\\\/blogs2.uef.fi\\\/biodiversityeducation-vanha\\\/2021\\\/11\\\/10\\\/dna-viivakoodauksesta-lintulaskentoihin-ja-uhanalaisuustiedosta-politiikkaan-11-2021\\\/\",\"url\":\"https:\\\/\\\/blogs2.uef.fi\\\/biodiversityeducation-vanha\\\/2021\\\/11\\\/10\\\/dna-viivakoodauksesta-lintulaskentoihin-ja-uhanalaisuustiedosta-politiikkaan-11-2021\\\/\",\"name\":\"DNA-viivakoodauksesta lintulaskentoihin ja uhanalaisuustiedosta politiikkaan (11\\\/2021) - Biodiversiteettikoulutusverkosto\",\"isPartOf\":{\"@id\":\"https:\\\/\\\/blogs2.uef.fi\\\/biodiversityeducation-vanha\\\/#website\"},\"primaryImageOfPage\":{\"@id\":\"https:\\\/\\\/blogs2.uef.fi\\\/biodiversityeducation-vanha\\\/2021\\\/11\\\/10\\\/dna-viivakoodauksesta-lintulaskentoihin-ja-uhanalaisuustiedosta-politiikkaan-11-2021\\\/#primaryimage\"},\"image\":{\"@id\":\"https:\\\/\\\/blogs2.uef.fi\\\/biodiversityeducation-vanha\\\/2021\\\/11\\\/10\\\/dna-viivakoodauksesta-lintulaskentoihin-ja-uhanalaisuustiedosta-politiikkaan-11-2021\\\/#primaryimage\"},\"thumbnailUrl\":\"https:\\\/\\\/blogs2.uef.fi\\\/biodiversityeducation-vanha\\\/wp-content\\\/uploads\\\/sites\\\/110\\\/2023\\\/03\\\/pixel-cells-g592be1c97_1280-768x536-1.png\",\"datePublished\":\"2021-11-10T12:04:00+00:00\",\"dateModified\":\"2023-03-15T13:48:55+00:00\",\"inLanguage\":\"fi\",\"potentialAction\":[{\"@type\":\"ReadAction\",\"target\":[\"https:\\\/\\\/blogs2.uef.fi\\\/biodiversityeducation-vanha\\\/2021\\\/11\\\/10\\\/dna-viivakoodauksesta-lintulaskentoihin-ja-uhanalaisuustiedosta-politiikkaan-11-2021\\\/\"]}]},{\"@type\":\"ImageObject\",\"inLanguage\":\"fi\",\"@id\":\"https:\\\/\\\/blogs2.uef.fi\\\/biodiversityeducation-vanha\\\/2021\\\/11\\\/10\\\/dna-viivakoodauksesta-lintulaskentoihin-ja-uhanalaisuustiedosta-politiikkaan-11-2021\\\/#primaryimage\",\"url\":\"https:\\\/\\\/blogs2.uef.fi\\\/biodiversityeducation-vanha\\\/wp-content\\\/uploads\\\/sites\\\/110\\\/2023\\\/03\\\/pixel-cells-g592be1c97_1280-768x536-1.png\",\"contentUrl\":\"https:\\\/\\\/blogs2.uef.fi\\\/biodiversityeducation-vanha\\\/wp-content\\\/uploads\\\/sites\\\/110\\\/2023\\\/03\\\/pixel-cells-g592be1c97_1280-768x536-1.png\",\"width\":768,\"height\":536,\"caption\":\"keskustelu-blogikuva\"},{\"@type\":\"WebSite\",\"@id\":\"https:\\\/\\\/blogs2.uef.fi\\\/biodiversityeducation-vanha\\\/#website\",\"url\":\"https:\\\/\\\/blogs2.uef.fi\\\/biodiversityeducation-vanha\\\/\",\"name\":\"Biodiversiteettikoulutusverkosto\",\"description\":\"\",\"publisher\":{\"@id\":\"https:\\\/\\\/blogs2.uef.fi\\\/biodiversityeducation-vanha\\\/#organization\"},\"potentialAction\":[{\"@type\":\"SearchAction\",\"target\":{\"@type\":\"EntryPoint\",\"urlTemplate\":\"https:\\\/\\\/blogs2.uef.fi\\\/biodiversityeducation-vanha\\\/?s={search_term_string}\"},\"query-input\":{\"@type\":\"PropertyValueSpecification\",\"valueRequired\":true,\"valueName\":\"search_term_string\"}}],\"inLanguage\":\"fi\"},{\"@type\":\"Organization\",\"@id\":\"https:\\\/\\\/blogs2.uef.fi\\\/biodiversityeducation-vanha\\\/#organization\",\"name\":\"Biodiversiteettikoulutusverkosto\",\"url\":\"https:\\\/\\\/blogs2.uef.fi\\\/biodiversityeducation-vanha\\\/\",\"logo\":{\"@type\":\"ImageObject\",\"inLanguage\":\"fi\",\"@id\":\"https:\\\/\\\/blogs2.uef.fi\\\/biodiversityeducation-vanha\\\/#\\\/schema\\\/logo\\\/image\\\/\",\"url\":\"https:\\\/\\\/blogs2.uef.fi\\\/biodiversityeducation-vanha\\\/wp-content\\\/uploads\\\/sites\\\/110\\\/2023\\\/01\\\/Logo-ja-teksti.png\",\"contentUrl\":\"https:\\\/\\\/blogs2.uef.fi\\\/biodiversityeducation-vanha\\\/wp-content\\\/uploads\\\/sites\\\/110\\\/2023\\\/01\\\/Logo-ja-teksti.png\",\"width\":785,\"height\":247,\"caption\":\"Biodiversiteettikoulutusverkosto\"},\"image\":{\"@id\":\"https:\\\/\\\/blogs2.uef.fi\\\/biodiversityeducation-vanha\\\/#\\\/schema\\\/logo\\\/image\\\/\"}},{\"@type\":\"Person\",\"@id\":\"https:\\\/\\\/blogs2.uef.fi\\\/biodiversityeducation-vanha\\\/#\\\/schema\\\/person\\\/aafdd26c1ef4edf4a080b86c113b9fbb\",\"name\":\"kooders\",\"image\":{\"@type\":\"ImageObject\",\"inLanguage\":\"fi\",\"@id\":\"https:\\\/\\\/secure.gravatar.com\\\/avatar\\\/27c6f0d998226cd3aac69b7071a685c1c0427bcb2dcb1d313d098c47e7746fc9?s=96&d=mm&r=g\",\"url\":\"https:\\\/\\\/secure.gravatar.com\\\/avatar\\\/27c6f0d998226cd3aac69b7071a685c1c0427bcb2dcb1d313d098c47e7746fc9?s=96&d=mm&r=g\",\"contentUrl\":\"https:\\\/\\\/secure.gravatar.com\\\/avatar\\\/27c6f0d998226cd3aac69b7071a685c1c0427bcb2dcb1d313d098c47e7746fc9?s=96&d=mm&r=g\",\"caption\":\"kooders\"},\"sameAs\":[\"https:\\\/\\\/www.biodiversityeducation.fi\"],\"url\":\"https:\\\/\\\/blogs2.uef.fi\\\/biodiversityeducation-vanha\\\/author\\\/kooders\\\/\"}]}<\/script>\n<!-- \/ Yoast SEO plugin. -->","yoast_head_json":{"title":"DNA-viivakoodauksesta lintulaskentoihin ja uhanalaisuustiedosta politiikkaan (11\/2021) - Biodiversiteettikoulutusverkosto","robots":{"index":"index","follow":"follow","max-snippet":"max-snippet:-1","max-image-preview":"max-image-preview:large","max-video-preview":"max-video-preview:-1"},"canonical":"https:\/\/blogs2.uef.fi\/biodiversityeducation-vanha\/2021\/11\/10\/dna-viivakoodauksesta-lintulaskentoihin-ja-uhanalaisuustiedosta-politiikkaan-11-2021\/","og_locale":"fi_FI","og_type":"article","og_title":"DNA-viivakoodauksesta lintulaskentoihin ja uhanalaisuustiedosta politiikkaan (11\/2021) - Biodiversiteettikoulutusverkosto","og_description":"Lokakuun lopussa biodiversiteettiverkosto kokoontui tietokoneiden \u00e4\u00e4reen pohtimaan hankkeen etenemist\u00e4 ja biodiversiteettiaiheisten kurssien kehitt\u00e4mist\u00e4. P\u00e4iv\u00e4n tavoitteena oli tutustua muihin verkoston j\u00e4seniin sek\u00e4 suunnitella yhteisty\u00f6t\u00e4 samojen teemojen opettajien kesken. Kiitos kaikille p\u00e4iv\u00e4\u00e4n osallistuneille antoisista keskusteluista ja kiinnostuksestanne osallistua hankety\u00f6h\u00f6n. Tulevaisuudessa tarvitaan yh\u00e4 enemm\u00e4n yhteisty\u00f6t\u00e4 P\u00e4iv\u00e4 alkoi It\u00e4-Suomen yliopiston akateemisen rehtorin Tapio M\u00e4\u00e4t\u00e4n avauspuheenvuorolla yliopistojen yhteisty\u00f6n merkityksest\u00e4. Hankkeen [&hellip;]","og_url":"https:\/\/blogs2.uef.fi\/biodiversityeducation-vanha\/2021\/11\/10\/dna-viivakoodauksesta-lintulaskentoihin-ja-uhanalaisuustiedosta-politiikkaan-11-2021\/","og_site_name":"Biodiversiteettikoulutusverkosto","article_published_time":"2021-11-10T12:04:00+00:00","article_modified_time":"2023-03-15T13:48:55+00:00","og_image":[{"width":768,"height":536,"url":"https:\/\/blogs2.uef.fi\/biodiversityeducation-vanha\/wp-content\/uploads\/sites\/110\/2023\/03\/pixel-cells-g592be1c97_1280-768x536-1.png","type":"image\/png"}],"author":"kooders","twitter_card":"summary_large_image","twitter_misc":{"Kirjoittanut":"kooders","Arvioitu lukuaika":"3 minuuttia"},"schema":{"@context":"https:\/\/schema.org","@graph":[{"@type":"Article","@id":"https:\/\/blogs2.uef.fi\/biodiversityeducation-vanha\/2021\/11\/10\/dna-viivakoodauksesta-lintulaskentoihin-ja-uhanalaisuustiedosta-politiikkaan-11-2021\/#article","isPartOf":{"@id":"https:\/\/blogs2.uef.fi\/biodiversityeducation-vanha\/2021\/11\/10\/dna-viivakoodauksesta-lintulaskentoihin-ja-uhanalaisuustiedosta-politiikkaan-11-2021\/"},"author":{"name":"kooders","@id":"https:\/\/blogs2.uef.fi\/biodiversityeducation-vanha\/#\/schema\/person\/aafdd26c1ef4edf4a080b86c113b9fbb"},"headline":"DNA-viivakoodauksesta lintulaskentoihin ja uhanalaisuustiedosta politiikkaan (11\/2021)","datePublished":"2021-11-10T12:04:00+00:00","dateModified":"2023-03-15T13:48:55+00:00","mainEntityOfPage":{"@id":"https:\/\/blogs2.uef.fi\/biodiversityeducation-vanha\/2021\/11\/10\/dna-viivakoodauksesta-lintulaskentoihin-ja-uhanalaisuustiedosta-politiikkaan-11-2021\/"},"wordCount":547,"publisher":{"@id":"https:\/\/blogs2.uef.fi\/biodiversityeducation-vanha\/#organization"},"image":{"@id":"https:\/\/blogs2.uef.fi\/biodiversityeducation-vanha\/2021\/11\/10\/dna-viivakoodauksesta-lintulaskentoihin-ja-uhanalaisuustiedosta-politiikkaan-11-2021\/#primaryimage"},"thumbnailUrl":"https:\/\/blogs2.uef.fi\/biodiversityeducation-vanha\/wp-content\/uploads\/sites\/110\/2023\/03\/pixel-cells-g592be1c97_1280-768x536-1.png","keywords":["kurssitarjonta","luonnon monimuotoisuus","Verkostomainen opetusyhteisty\u00f6"],"articleSection":["Hankekuulumiset"],"inLanguage":"fi"},{"@type":"WebPage","@id":"https:\/\/blogs2.uef.fi\/biodiversityeducation-vanha\/2021\/11\/10\/dna-viivakoodauksesta-lintulaskentoihin-ja-uhanalaisuustiedosta-politiikkaan-11-2021\/","url":"https:\/\/blogs2.uef.fi\/biodiversityeducation-vanha\/2021\/11\/10\/dna-viivakoodauksesta-lintulaskentoihin-ja-uhanalaisuustiedosta-politiikkaan-11-2021\/","name":"DNA-viivakoodauksesta lintulaskentoihin ja uhanalaisuustiedosta politiikkaan (11\/2021) - Biodiversiteettikoulutusverkosto","isPartOf":{"@id":"https:\/\/blogs2.uef.fi\/biodiversityeducation-vanha\/#website"},"primaryImageOfPage":{"@id":"https:\/\/blogs2.uef.fi\/biodiversityeducation-vanha\/2021\/11\/10\/dna-viivakoodauksesta-lintulaskentoihin-ja-uhanalaisuustiedosta-politiikkaan-11-2021\/#primaryimage"},"image":{"@id":"https:\/\/blogs2.uef.fi\/biodiversityeducation-vanha\/2021\/11\/10\/dna-viivakoodauksesta-lintulaskentoihin-ja-uhanalaisuustiedosta-politiikkaan-11-2021\/#primaryimage"},"thumbnailUrl":"https:\/\/blogs2.uef.fi\/biodiversityeducation-vanha\/wp-content\/uploads\/sites\/110\/2023\/03\/pixel-cells-g592be1c97_1280-768x536-1.png","datePublished":"2021-11-10T12:04:00+00:00","dateModified":"2023-03-15T13:48:55+00:00","inLanguage":"fi","potentialAction":[{"@type":"ReadAction","target":["https:\/\/blogs2.uef.fi\/biodiversityeducation-vanha\/2021\/11\/10\/dna-viivakoodauksesta-lintulaskentoihin-ja-uhanalaisuustiedosta-politiikkaan-11-2021\/"]}]},{"@type":"ImageObject","inLanguage":"fi","@id":"https:\/\/blogs2.uef.fi\/biodiversityeducation-vanha\/2021\/11\/10\/dna-viivakoodauksesta-lintulaskentoihin-ja-uhanalaisuustiedosta-politiikkaan-11-2021\/#primaryimage","url":"https:\/\/blogs2.uef.fi\/biodiversityeducation-vanha\/wp-content\/uploads\/sites\/110\/2023\/03\/pixel-cells-g592be1c97_1280-768x536-1.png","contentUrl":"https:\/\/blogs2.uef.fi\/biodiversityeducation-vanha\/wp-content\/uploads\/sites\/110\/2023\/03\/pixel-cells-g592be1c97_1280-768x536-1.png","width":768,"height":536,"caption":"keskustelu-blogikuva"},{"@type":"WebSite","@id":"https:\/\/blogs2.uef.fi\/biodiversityeducation-vanha\/#website","url":"https:\/\/blogs2.uef.fi\/biodiversityeducation-vanha\/","name":"Biodiversiteettikoulutusverkosto","description":"","publisher":{"@id":"https:\/\/blogs2.uef.fi\/biodiversityeducation-vanha\/#organization"},"potentialAction":[{"@type":"SearchAction","target":{"@type":"EntryPoint","urlTemplate":"https:\/\/blogs2.uef.fi\/biodiversityeducation-vanha\/?s={search_term_string}"},"query-input":{"@type":"PropertyValueSpecification","valueRequired":true,"valueName":"search_term_string"}}],"inLanguage":"fi"},{"@type":"Organization","@id":"https:\/\/blogs2.uef.fi\/biodiversityeducation-vanha\/#organization","name":"Biodiversiteettikoulutusverkosto","url":"https:\/\/blogs2.uef.fi\/biodiversityeducation-vanha\/","logo":{"@type":"ImageObject","inLanguage":"fi","@id":"https:\/\/blogs2.uef.fi\/biodiversityeducation-vanha\/#\/schema\/logo\/image\/","url":"https:\/\/blogs2.uef.fi\/biodiversityeducation-vanha\/wp-content\/uploads\/sites\/110\/2023\/01\/Logo-ja-teksti.png","contentUrl":"https:\/\/blogs2.uef.fi\/biodiversityeducation-vanha\/wp-content\/uploads\/sites\/110\/2023\/01\/Logo-ja-teksti.png","width":785,"height":247,"caption":"Biodiversiteettikoulutusverkosto"},"image":{"@id":"https:\/\/blogs2.uef.fi\/biodiversityeducation-vanha\/#\/schema\/logo\/image\/"}},{"@type":"Person","@id":"https:\/\/blogs2.uef.fi\/biodiversityeducation-vanha\/#\/schema\/person\/aafdd26c1ef4edf4a080b86c113b9fbb","name":"kooders","image":{"@type":"ImageObject","inLanguage":"fi","@id":"https:\/\/secure.gravatar.com\/avatar\/27c6f0d998226cd3aac69b7071a685c1c0427bcb2dcb1d313d098c47e7746fc9?s=96&d=mm&r=g","url":"https:\/\/secure.gravatar.com\/avatar\/27c6f0d998226cd3aac69b7071a685c1c0427bcb2dcb1d313d098c47e7746fc9?s=96&d=mm&r=g","contentUrl":"https:\/\/secure.gravatar.com\/avatar\/27c6f0d998226cd3aac69b7071a685c1c0427bcb2dcb1d313d098c47e7746fc9?s=96&d=mm&r=g","caption":"kooders"},"sameAs":["https:\/\/www.biodiversityeducation.fi"],"url":"https:\/\/blogs2.uef.fi\/biodiversityeducation-vanha\/author\/kooders\/"}]}},"_links":{"self":[{"href":"https:\/\/blogs2.uef.fi\/biodiversityeducation-vanha\/wp-json\/wp\/v2\/posts\/1000","targetHints":{"allow":["GET"]}}],"collection":[{"href":"https:\/\/blogs2.uef.fi\/biodiversityeducation-vanha\/wp-json\/wp\/v2\/posts"}],"about":[{"href":"https:\/\/blogs2.uef.fi\/biodiversityeducation-vanha\/wp-json\/wp\/v2\/types\/post"}],"author":[{"embeddable":true,"href":"https:\/\/blogs2.uef.fi\/biodiversityeducation-vanha\/wp-json\/wp\/v2\/users\/611"}],"replies":[{"embeddable":true,"href":"https:\/\/blogs2.uef.fi\/biodiversityeducation-vanha\/wp-json\/wp\/v2\/comments?post=1000"}],"version-history":[{"count":2,"href":"https:\/\/blogs2.uef.fi\/biodiversityeducation-vanha\/wp-json\/wp\/v2\/posts\/1000\/revisions"}],"predecessor-version":[{"id":1187,"href":"https:\/\/blogs2.uef.fi\/biodiversityeducation-vanha\/wp-json\/wp\/v2\/posts\/1000\/revisions\/1187"}],"wp:featuredmedia":[{"embeddable":true,"href":"https:\/\/blogs2.uef.fi\/biodiversityeducation-vanha\/wp-json\/wp\/v2\/media\/1001"}],"wp:attachment":[{"href":"https:\/\/blogs2.uef.fi\/biodiversityeducation-vanha\/wp-json\/wp\/v2\/media?parent=1000"}],"wp:term":[{"taxonomy":"category","embeddable":true,"href":"https:\/\/blogs2.uef.fi\/biodiversityeducation-vanha\/wp-json\/wp\/v2\/categories?post=1000"},{"taxonomy":"post_tag","embeddable":true,"href":"https:\/\/blogs2.uef.fi\/biodiversityeducation-vanha\/wp-json\/wp\/v2\/tags?post=1000"}],"curies":[{"name":"wp","href":"https:\/\/api.w.org\/{rel}","templated":true}]}}