{"id":1011,"date":"2021-11-23T14:23:00","date_gmt":"2021-11-23T12:23:00","guid":{"rendered":"https:\/\/www.biodiversityeducation.fi\/?p=1011"},"modified":"2023-03-15T15:48:22","modified_gmt":"2023-03-15T13:48:22","slug":"monitieteinen-biodiversiteetti-kuulumisia-unifin-keva-seminaarista-11-2021","status":"publish","type":"post","link":"https:\/\/blogs2.uef.fi\/biodiversityeducation-vanha\/2021\/11\/23\/monitieteinen-biodiversiteetti-kuulumisia-unifin-keva-seminaarista-11-2021\/","title":{"rendered":"Monitieteinen biodiversiteetti: Kuulumisia Unifin KEVA-seminaarista (11\/2021)"},"content":{"rendered":"\n<p>4\u20135.11. j\u00e4rjestettiin Jyv\u00e4skyl\u00e4ss\u00e4 Unifin KEVA eli kest\u00e4vyys- ja vastuullisuusseminaari (Sustainability and Responsibility -Seminar), johon hankkeemme osallistui j\u00e4rjest\u00e4m\u00e4ll\u00e4 kaksiosaisen ty\u00f6pajan monitieteellisyydest\u00e4 biodiversiteetin opetuksessa (Multidisciplinarity in biodiversity education). Ty\u00f6pajassa esittelimme projektia ja sen etenemist\u00e4, sek\u00e4 keskustelimme monitieteisyydest\u00e4 ja sen monista puolista.<\/p>\n\n\n\n<p>Ty\u00f6pajaan osallistui noin 15 henkil\u00f6\u00e4 erilaisista akateemisista taustoista. Edustusta oli muun muassa biologiasta, kielitieteist\u00e4, sosiaalitieteist\u00e4, luokanopettajista, antropologiasta ja kest\u00e4vyystieteist\u00e4. Saimme mukaan akateemisella uralla hyvin eri vaiheissa olevia henkil\u00f6it\u00e4: opiskelijoista aina tohtoreihin saakka. Koska ty\u00f6pajan osallistujat olivat hyvin erilaisista taustoista, oli t\u00e4rke\u00e4\u00e4 selvitt\u00e4\u00e4, mit\u00e4 biodiversiteetti tarkoittaa kunkin oman alan ja itsens\u00e4 n\u00e4k\u00f6kulmasta.<\/p>\n\n\n\n<p>Yhdess\u00e4 p\u00e4\u00e4simme lopputulokseen, ett\u00e4 biodiversiteetti\u00e4 ei voi erottaa ihmisest\u00e4, koska biodiversiteetti koskettaa jokaista el\u00e4m\u00e4n osa-aluetta. Yksinkertaisesti sanottuna: biodiversiteetti on el\u00e4m\u00e4\u00e4. Keskustelu oli mielenkiintoista ja antoi hyv\u00e4n kuvan, kuinka jokainen pystyi l\u00f6yt\u00e4m\u00e4\u00e4n jotakin tarttumispintaa aiheeseen. Ty\u00f6pajan ensimm\u00e4isen p\u00e4iv\u00e4n p\u00e4\u00e4timme pohtimalla, mit\u00e4 mahdollisuuksia ja haasteita monitieteellisyydess\u00e4 on opettamisen kannalta. Jokainen osallistuja sai kirjoittaa omat kokemuksensa yl\u00f6s ja lopuksi k\u00e4vimme ne yhteisesti l\u00e4pi. Yhteisymm\u00e4rryksen ja yhteisen kielen l\u00f6yt\u00e4misen vaikeus, eri taustoista tulevien oppijoiden eri tietotaitojen luomat hankaluudet ja tieteellisten \u201csiilojen\u201d rikkominen nousivat haasteiksi. Positiivisiksi puoliksi tai ns. \u201cmahdollisuuksiksi\u201d koettiin tietojen yhdist\u00e4minen eri aloilta, mahdollisuudet verkostoitua oman alan ulkopuolelta, dialogin lis\u00e4\u00e4ntyminen ja uusien ideoiden ja menetelmien kehitt\u00e4minen ja k\u00e4ytt\u00e4minen.<\/p>\n\n\n<div class=\"wp-block-image\">\n<figure class=\"aligncenter size-full\"><img loading=\"lazy\" decoding=\"async\" width=\"768\" height=\"413\" src=\"https:\/\/blogs2.uef.fi\/wp-content\/uploads\/sites\/110\/2023\/03\/kuva-tyopajasta-1-768x413-1.jpg\" alt=\"tyopaja-blogikuva\" class=\"wp-image-1012\" srcset=\"https:\/\/blogs2.uef.fi\/biodiversityeducation-vanha\/wp-content\/uploads\/sites\/110\/2023\/03\/kuva-tyopajasta-1-768x413-1.jpg 768w, https:\/\/blogs2.uef.fi\/biodiversityeducation-vanha\/wp-content\/uploads\/sites\/110\/2023\/03\/kuva-tyopajasta-1-768x413-1-300x161.jpg 300w\" sizes=\"auto, (max-width: 768px) 100vw, 768px\" \/><figcaption class=\"wp-element-caption\">Kokemukset monitieteellisyydest\u00e4 ja sen mahdollisuuksista ja haasteista<\/figcaption><\/figure>\n<\/div>\n\n\n<p>Toisena p\u00e4iv\u00e4n\u00e4 keskityimme tarkemmin Biodiversity.now -kurssiin, jota olemme ty\u00f6st\u00e4neet yhdess\u00e4 Climate Universityn kanssa. Kurssi koostuu MOOC:sta eli avoimesta verkkokurssista ja projektiosuudesta. MOOC-osuus on jaettu alustavasti viiteen moduuliin, joissa k\u00e4sitell\u00e4\u00e4n biodiversiteetti\u00e4, sen uhkia, suojelua ja ajankohtaisia kysymyksi\u00e4. Kurssisuunnitelman esittelyn j\u00e4lkeen keskustelimme kahdessa ryhm\u00e4ss\u00e4. Teht\u00e4v\u00e4n\u00e4 oli pohtia, millaisia asioita Biodiversity.now -kurssissa pit\u00e4isi ottaa huomioon monitieteisyytt\u00e4 ajatellen. Lopuksi k\u00e4vimme keskustelujen p\u00e4\u00e4kohdat yhteisesti l\u00e4pi. Er\u00e4\u00e4ksi t\u00e4rke\u00e4ksi kohdaksi nousi keskustelu ja dialogi alojen v\u00e4lill\u00e4. T\u00e4m\u00e4 voisi n\u00e4ky\u00e4 kurssilla opettajien v\u00e4lisen\u00e4 keskusteluna jostakin biodiversiteettiaiheesta. Pidettiin my\u00f6s t\u00e4rke\u00e4n\u00e4, ettei t\u00e4llainen keskustelu ole vain p\u00e4\u00e4lle liimattua, vaan dialogin pit\u00e4isi alkaa mahdollisimman varhaisessa vaiheessa ja vaikuttaa my\u00f6s kurssiin muuhun sis\u00e4lt\u00f6\u00f6n, kuten esimerkiksi kurssilla k\u00e4ytettyihin menetelmiin ja aineistoihin. On my\u00f6s tarpeellista saada mukaan luonnontieteilij\u00f6iden lis\u00e4ksi ihmisi\u00e4, joiden taustat ovat esimerkiksi ihmistieteiss\u00e4 ja taloustieteiss\u00e4. Mahdollisina menetelmin\u00e4 mainittiin mm. keskustelut opiskelijoiden v\u00e4lill\u00e4 ja tapaustutkimukset monitieteellisiss\u00e4 ryhmiss\u00e4, joiden tarkoituksena on tuoda esiin reaalimaailman monimutkaisuus ja vastata sen luomiin tarpeisiin.<\/p>\n\n\n<div class=\"wp-block-image\">\n<figure class=\"aligncenter size-full\"><img loading=\"lazy\" decoding=\"async\" width=\"768\" height=\"480\" src=\"https:\/\/blogs2.uef.fi\/wp-content\/uploads\/sites\/110\/2023\/03\/piirros-emma-edited-1-768x480-1.jpg\" alt=\"piirros-blogikuva\" class=\"wp-image-1014\" srcset=\"https:\/\/blogs2.uef.fi\/biodiversityeducation-vanha\/wp-content\/uploads\/sites\/110\/2023\/03\/piirros-emma-edited-1-768x480-1.jpg 768w, https:\/\/blogs2.uef.fi\/biodiversityeducation-vanha\/wp-content\/uploads\/sites\/110\/2023\/03\/piirros-emma-edited-1-768x480-1-300x188.jpg 300w\" sizes=\"auto, (max-width: 768px) 100vw, 768px\" \/><figcaption class=\"wp-element-caption\">Toisen p\u00e4iv\u00e4n keskustelujen pohjalta piirretty ajatuskartta. Piirt\u00e4nyt Emma Hakanen.<\/figcaption><\/figure>\n<\/div>\n\n\n<p>Haasteeksi Biodiversity.now -kurssin kannalta nousee, miten alojenv\u00e4list\u00e4 keskustelua voi synty\u00e4 ja yll\u00e4pit\u00e4\u00e4 verkkoymp\u00e4rist\u00f6ss\u00e4. T\u00e4m\u00e4n ongelman ratkaisu on eritt\u00e4in t\u00e4rke\u00e4\u00e4, jos ja kun haluamme yll\u00e4pit\u00e4\u00e4 monitieteist\u00e4 ilmapiiri\u00e4 kurssilla. Mahdollisimman monipuolisen tekij\u00e4joukon ker\u00e4\u00e4minen kurssin suunnittelu- ja luomisvaiheessa on olennaista monitieteist\u00e4 kurssia tehdess\u00e4 ja ajommekin kiinnitt\u00e4\u00e4 t\u00e4h\u00e4n huomiota.<\/p>\n\n\n\n<p>Lopetimme p\u00e4iv\u00e4n k\u00e4ym\u00e4ll\u00e4 yhteisesti l\u00e4pi Dasguptan raportin (The Economics of Biodiversity: The Dasgupta Review) p\u00e4\u00e4teemoja hankkeen vastuullisen johtajan Elina Oksasen johdolla. Kantavana teemana oli ihmisen ja talouden riippuvuus luonnosta ja ekosysteemipalveluista, ja miten t\u00e4ll\u00e4 hetkell\u00e4 menet\u00e4mme t\u00e4t\u00e4 luontop\u00e4\u00e4omaa (esimerkiksi maan- ja puhtaan veden k\u00e4ytt\u00f6). Kuten ty\u00f6pajassa keskustelimme, my\u00f6s Dasguptan raportti alleviivaa sit\u00e4, ett\u00e4 talousj\u00e4rjestelm\u00e4\u00e4mme ei voi poistaa ymp\u00e4r\u00f6iv\u00e4st\u00e4 luonnostamme. Vaikka tilanne on vakava, toivoa silti on muuttaa nykyisi\u00e4 j\u00e4rjestelmi\u00e4mme monimuotoisuutta yll\u00e4pit\u00e4v\u00e4\u00e4n ja parantavaan suuntaan.<\/p>\n\n\n<div class=\"wp-block-image\">\n<figure class=\"aligncenter size-full\"><img loading=\"lazy\" decoding=\"async\" width=\"768\" height=\"768\" src=\"https:\/\/blogs2.uef.fi\/wp-content\/uploads\/sites\/110\/2023\/03\/Livekuvitus-768x768-1.png\" alt=\"kuvitus-blogikuva\" class=\"wp-image-1016\" srcset=\"https:\/\/blogs2.uef.fi\/biodiversityeducation-vanha\/wp-content\/uploads\/sites\/110\/2023\/03\/Livekuvitus-768x768-1.png 768w, https:\/\/blogs2.uef.fi\/biodiversityeducation-vanha\/wp-content\/uploads\/sites\/110\/2023\/03\/Livekuvitus-768x768-1-300x300.png 300w, https:\/\/blogs2.uef.fi\/biodiversityeducation-vanha\/wp-content\/uploads\/sites\/110\/2023\/03\/Livekuvitus-768x768-1-150x150.png 150w\" sizes=\"auto, (max-width: 768px) 100vw, 768px\" \/><figcaption class=\"wp-element-caption\">Seminaarin eri ty\u00f6pajojen pohjalta piirretyt muistiinpanot. Piirt\u00e4nyt Linda Saukko-Rauta.<\/figcaption><\/figure>\n<\/div>\n\n\n<p>Lopuksi haluamme viel\u00e4 kiitt\u00e4\u00e4 seminaarin j\u00e4rjest\u00e4ji\u00e4, Unifia ja Jyv\u00e4skyl\u00e4n yliopistoa, sek\u00e4 ty\u00f6pajaan osallistuneita. Ty\u00f6paja oli oikein onnistunut ja antoi meille paljon hyvi\u00e4 ideoita ja ajatuksia, joita vied\u00e4 eteenp\u00e4in. Monitieteisyys ja yhteisen kielen l\u00f6yt\u00e4minen on t\u00e4rke\u00e4\u00e4, ei vain Biodiversity.now -kurssin, vaan my\u00f6s koko luontokadon pys\u00e4ytt\u00e4misen kannalta.<\/p>\n\n\n\n<p>Kirjoittaneet: Iida-Sofia Holma ja Emma Hakanen<\/p>\n","protected":false},"excerpt":{"rendered":"<p>4\u20135.11. j\u00e4rjestettiin Jyv\u00e4skyl\u00e4ss\u00e4 Unifin KEVA eli kest\u00e4vyys- ja vastuullisuusseminaari (Sustainability and Responsibility -Seminar), johon hankkeemme osallistui j\u00e4rjest\u00e4m\u00e4ll\u00e4 kaksiosaisen ty\u00f6pajan monitieteellisyydest\u00e4 biodiversiteetin opetuksessa (Multidisciplinarity in biodiversity education). Ty\u00f6pajassa esittelimme projektia ja sen etenemist\u00e4, sek\u00e4 keskustelimme monitieteisyydest\u00e4 ja sen monista puolista. Ty\u00f6pajaan osallistui noin 15 henkil\u00f6\u00e4 erilaisista akateemisista taustoista. Edustusta oli muun muassa biologiasta, kielitieteist\u00e4, sosiaalitieteist\u00e4, luokanopettajista, [&hellip;]<\/p>\n","protected":false},"author":611,"featured_media":1016,"comment_status":"closed","ping_status":"open","sticky":false,"template":"","format":"standard","meta":{"_acf_changed":false,"footnotes":""},"categories":[15],"tags":[51,43,53,52],"class_list":["post-1011","post","type-post","status-publish","format-standard","has-post-thumbnail","hentry","category-tapahtumat","tag-kestavyys","tag-tiede","tag-unifi","tag-vastuullisuus"],"acf":[],"yoast_head":"<!-- This site is optimized with the Yoast SEO plugin v27.3 - https:\/\/yoast.com\/product\/yoast-seo-wordpress\/ -->\n<title>Monitieteinen biodiversiteetti: Kuulumisia Unifin KEVA-seminaarista (11\/2021) - Biodiversiteettikoulutusverkosto<\/title>\n<meta name=\"robots\" content=\"index, follow, max-snippet:-1, max-image-preview:large, max-video-preview:-1\" \/>\n<link rel=\"canonical\" href=\"https:\/\/blogs2.uef.fi\/biodiversityeducation-vanha\/2021\/11\/23\/monitieteinen-biodiversiteetti-kuulumisia-unifin-keva-seminaarista-11-2021\/\" \/>\n<meta property=\"og:locale\" content=\"fi_FI\" \/>\n<meta property=\"og:type\" content=\"article\" \/>\n<meta property=\"og:title\" content=\"Monitieteinen biodiversiteetti: Kuulumisia Unifin KEVA-seminaarista (11\/2021) - Biodiversiteettikoulutusverkosto\" \/>\n<meta property=\"og:description\" content=\"4\u20135.11. j\u00e4rjestettiin Jyv\u00e4skyl\u00e4ss\u00e4 Unifin KEVA eli kest\u00e4vyys- ja vastuullisuusseminaari (Sustainability and Responsibility -Seminar), johon hankkeemme osallistui j\u00e4rjest\u00e4m\u00e4ll\u00e4 kaksiosaisen ty\u00f6pajan monitieteellisyydest\u00e4 biodiversiteetin opetuksessa (Multidisciplinarity in biodiversity education). Ty\u00f6pajassa esittelimme projektia ja sen etenemist\u00e4, sek\u00e4 keskustelimme monitieteisyydest\u00e4 ja sen monista puolista. Ty\u00f6pajaan osallistui noin 15 henkil\u00f6\u00e4 erilaisista akateemisista taustoista. Edustusta oli muun muassa biologiasta, kielitieteist\u00e4, sosiaalitieteist\u00e4, luokanopettajista, [&hellip;]\" \/>\n<meta property=\"og:url\" content=\"https:\/\/blogs2.uef.fi\/biodiversityeducation-vanha\/2021\/11\/23\/monitieteinen-biodiversiteetti-kuulumisia-unifin-keva-seminaarista-11-2021\/\" \/>\n<meta property=\"og:site_name\" content=\"Biodiversiteettikoulutusverkosto\" \/>\n<meta property=\"article:published_time\" content=\"2021-11-23T12:23:00+00:00\" \/>\n<meta property=\"article:modified_time\" content=\"2023-03-15T13:48:22+00:00\" \/>\n<meta property=\"og:image\" content=\"https:\/\/blogs2.uef.fi\/biodiversityeducation-vanha\/wp-content\/uploads\/sites\/110\/2023\/03\/Livekuvitus-768x768-1.png\" \/>\n\t<meta property=\"og:image:width\" content=\"768\" \/>\n\t<meta property=\"og:image:height\" content=\"768\" \/>\n\t<meta property=\"og:image:type\" content=\"image\/png\" \/>\n<meta name=\"author\" content=\"kooders\" \/>\n<meta name=\"twitter:card\" content=\"summary_large_image\" \/>\n<meta name=\"twitter:label1\" content=\"Kirjoittanut\" \/>\n\t<meta name=\"twitter:data1\" content=\"kooders\" \/>\n\t<meta name=\"twitter:label2\" content=\"Arvioitu lukuaika\" \/>\n\t<meta name=\"twitter:data2\" content=\"3 minuuttia\" \/>\n<script type=\"application\/ld+json\" class=\"yoast-schema-graph\">{\"@context\":\"https:\\\/\\\/schema.org\",\"@graph\":[{\"@type\":\"Article\",\"@id\":\"https:\\\/\\\/blogs2.uef.fi\\\/biodiversityeducation-vanha\\\/2021\\\/11\\\/23\\\/monitieteinen-biodiversiteetti-kuulumisia-unifin-keva-seminaarista-11-2021\\\/#article\",\"isPartOf\":{\"@id\":\"https:\\\/\\\/blogs2.uef.fi\\\/biodiversityeducation-vanha\\\/2021\\\/11\\\/23\\\/monitieteinen-biodiversiteetti-kuulumisia-unifin-keva-seminaarista-11-2021\\\/\"},\"author\":{\"name\":\"kooders\",\"@id\":\"https:\\\/\\\/blogs2.uef.fi\\\/biodiversityeducation-vanha\\\/#\\\/schema\\\/person\\\/aafdd26c1ef4edf4a080b86c113b9fbb\"},\"headline\":\"Monitieteinen biodiversiteetti: Kuulumisia Unifin KEVA-seminaarista (11\\\/2021)\",\"datePublished\":\"2021-11-23T12:23:00+00:00\",\"dateModified\":\"2023-03-15T13:48:22+00:00\",\"mainEntityOfPage\":{\"@id\":\"https:\\\/\\\/blogs2.uef.fi\\\/biodiversityeducation-vanha\\\/2021\\\/11\\\/23\\\/monitieteinen-biodiversiteetti-kuulumisia-unifin-keva-seminaarista-11-2021\\\/\"},\"wordCount\":673,\"publisher\":{\"@id\":\"https:\\\/\\\/blogs2.uef.fi\\\/biodiversityeducation-vanha\\\/#organization\"},\"image\":{\"@id\":\"https:\\\/\\\/blogs2.uef.fi\\\/biodiversityeducation-vanha\\\/2021\\\/11\\\/23\\\/monitieteinen-biodiversiteetti-kuulumisia-unifin-keva-seminaarista-11-2021\\\/#primaryimage\"},\"thumbnailUrl\":\"https:\\\/\\\/blogs2.uef.fi\\\/biodiversityeducation-vanha\\\/wp-content\\\/uploads\\\/sites\\\/110\\\/2023\\\/03\\\/Livekuvitus-768x768-1.png\",\"keywords\":[\"Kest\u00e4vyys\",\"Tiede\",\"Unifi\",\"vastuullisuus\"],\"articleSection\":[\"Tapahtumat\"],\"inLanguage\":\"fi\"},{\"@type\":\"WebPage\",\"@id\":\"https:\\\/\\\/blogs2.uef.fi\\\/biodiversityeducation-vanha\\\/2021\\\/11\\\/23\\\/monitieteinen-biodiversiteetti-kuulumisia-unifin-keva-seminaarista-11-2021\\\/\",\"url\":\"https:\\\/\\\/blogs2.uef.fi\\\/biodiversityeducation-vanha\\\/2021\\\/11\\\/23\\\/monitieteinen-biodiversiteetti-kuulumisia-unifin-keva-seminaarista-11-2021\\\/\",\"name\":\"Monitieteinen biodiversiteetti: Kuulumisia Unifin KEVA-seminaarista (11\\\/2021) - Biodiversiteettikoulutusverkosto\",\"isPartOf\":{\"@id\":\"https:\\\/\\\/blogs2.uef.fi\\\/biodiversityeducation-vanha\\\/#website\"},\"primaryImageOfPage\":{\"@id\":\"https:\\\/\\\/blogs2.uef.fi\\\/biodiversityeducation-vanha\\\/2021\\\/11\\\/23\\\/monitieteinen-biodiversiteetti-kuulumisia-unifin-keva-seminaarista-11-2021\\\/#primaryimage\"},\"image\":{\"@id\":\"https:\\\/\\\/blogs2.uef.fi\\\/biodiversityeducation-vanha\\\/2021\\\/11\\\/23\\\/monitieteinen-biodiversiteetti-kuulumisia-unifin-keva-seminaarista-11-2021\\\/#primaryimage\"},\"thumbnailUrl\":\"https:\\\/\\\/blogs2.uef.fi\\\/biodiversityeducation-vanha\\\/wp-content\\\/uploads\\\/sites\\\/110\\\/2023\\\/03\\\/Livekuvitus-768x768-1.png\",\"datePublished\":\"2021-11-23T12:23:00+00:00\",\"dateModified\":\"2023-03-15T13:48:22+00:00\",\"inLanguage\":\"fi\",\"potentialAction\":[{\"@type\":\"ReadAction\",\"target\":[\"https:\\\/\\\/blogs2.uef.fi\\\/biodiversityeducation-vanha\\\/2021\\\/11\\\/23\\\/monitieteinen-biodiversiteetti-kuulumisia-unifin-keva-seminaarista-11-2021\\\/\"]}]},{\"@type\":\"ImageObject\",\"inLanguage\":\"fi\",\"@id\":\"https:\\\/\\\/blogs2.uef.fi\\\/biodiversityeducation-vanha\\\/2021\\\/11\\\/23\\\/monitieteinen-biodiversiteetti-kuulumisia-unifin-keva-seminaarista-11-2021\\\/#primaryimage\",\"url\":\"https:\\\/\\\/blogs2.uef.fi\\\/biodiversityeducation-vanha\\\/wp-content\\\/uploads\\\/sites\\\/110\\\/2023\\\/03\\\/Livekuvitus-768x768-1.png\",\"contentUrl\":\"https:\\\/\\\/blogs2.uef.fi\\\/biodiversityeducation-vanha\\\/wp-content\\\/uploads\\\/sites\\\/110\\\/2023\\\/03\\\/Livekuvitus-768x768-1.png\",\"width\":768,\"height\":768,\"caption\":\"Seminaarin eri ty\u00f6pajojen pohjalta piirretyt muistiinpanot. Piirt\u00e4nyt Linda Saukko-Rauta.\"},{\"@type\":\"WebSite\",\"@id\":\"https:\\\/\\\/blogs2.uef.fi\\\/biodiversityeducation-vanha\\\/#website\",\"url\":\"https:\\\/\\\/blogs2.uef.fi\\\/biodiversityeducation-vanha\\\/\",\"name\":\"Biodiversiteettikoulutusverkosto\",\"description\":\"\",\"publisher\":{\"@id\":\"https:\\\/\\\/blogs2.uef.fi\\\/biodiversityeducation-vanha\\\/#organization\"},\"potentialAction\":[{\"@type\":\"SearchAction\",\"target\":{\"@type\":\"EntryPoint\",\"urlTemplate\":\"https:\\\/\\\/blogs2.uef.fi\\\/biodiversityeducation-vanha\\\/?s={search_term_string}\"},\"query-input\":{\"@type\":\"PropertyValueSpecification\",\"valueRequired\":true,\"valueName\":\"search_term_string\"}}],\"inLanguage\":\"fi\"},{\"@type\":\"Organization\",\"@id\":\"https:\\\/\\\/blogs2.uef.fi\\\/biodiversityeducation-vanha\\\/#organization\",\"name\":\"Biodiversiteettikoulutusverkosto\",\"url\":\"https:\\\/\\\/blogs2.uef.fi\\\/biodiversityeducation-vanha\\\/\",\"logo\":{\"@type\":\"ImageObject\",\"inLanguage\":\"fi\",\"@id\":\"https:\\\/\\\/blogs2.uef.fi\\\/biodiversityeducation-vanha\\\/#\\\/schema\\\/logo\\\/image\\\/\",\"url\":\"https:\\\/\\\/blogs2.uef.fi\\\/biodiversityeducation-vanha\\\/wp-content\\\/uploads\\\/sites\\\/110\\\/2023\\\/01\\\/Logo-ja-teksti.png\",\"contentUrl\":\"https:\\\/\\\/blogs2.uef.fi\\\/biodiversityeducation-vanha\\\/wp-content\\\/uploads\\\/sites\\\/110\\\/2023\\\/01\\\/Logo-ja-teksti.png\",\"width\":785,\"height\":247,\"caption\":\"Biodiversiteettikoulutusverkosto\"},\"image\":{\"@id\":\"https:\\\/\\\/blogs2.uef.fi\\\/biodiversityeducation-vanha\\\/#\\\/schema\\\/logo\\\/image\\\/\"}},{\"@type\":\"Person\",\"@id\":\"https:\\\/\\\/blogs2.uef.fi\\\/biodiversityeducation-vanha\\\/#\\\/schema\\\/person\\\/aafdd26c1ef4edf4a080b86c113b9fbb\",\"name\":\"kooders\",\"image\":{\"@type\":\"ImageObject\",\"inLanguage\":\"fi\",\"@id\":\"https:\\\/\\\/secure.gravatar.com\\\/avatar\\\/27c6f0d998226cd3aac69b7071a685c1c0427bcb2dcb1d313d098c47e7746fc9?s=96&d=mm&r=g\",\"url\":\"https:\\\/\\\/secure.gravatar.com\\\/avatar\\\/27c6f0d998226cd3aac69b7071a685c1c0427bcb2dcb1d313d098c47e7746fc9?s=96&d=mm&r=g\",\"contentUrl\":\"https:\\\/\\\/secure.gravatar.com\\\/avatar\\\/27c6f0d998226cd3aac69b7071a685c1c0427bcb2dcb1d313d098c47e7746fc9?s=96&d=mm&r=g\",\"caption\":\"kooders\"},\"sameAs\":[\"https:\\\/\\\/www.biodiversityeducation.fi\"],\"url\":\"https:\\\/\\\/blogs2.uef.fi\\\/biodiversityeducation-vanha\\\/author\\\/kooders\\\/\"}]}<\/script>\n<!-- \/ Yoast SEO plugin. -->","yoast_head_json":{"title":"Monitieteinen biodiversiteetti: Kuulumisia Unifin KEVA-seminaarista (11\/2021) - Biodiversiteettikoulutusverkosto","robots":{"index":"index","follow":"follow","max-snippet":"max-snippet:-1","max-image-preview":"max-image-preview:large","max-video-preview":"max-video-preview:-1"},"canonical":"https:\/\/blogs2.uef.fi\/biodiversityeducation-vanha\/2021\/11\/23\/monitieteinen-biodiversiteetti-kuulumisia-unifin-keva-seminaarista-11-2021\/","og_locale":"fi_FI","og_type":"article","og_title":"Monitieteinen biodiversiteetti: Kuulumisia Unifin KEVA-seminaarista (11\/2021) - Biodiversiteettikoulutusverkosto","og_description":"4\u20135.11. j\u00e4rjestettiin Jyv\u00e4skyl\u00e4ss\u00e4 Unifin KEVA eli kest\u00e4vyys- ja vastuullisuusseminaari (Sustainability and Responsibility -Seminar), johon hankkeemme osallistui j\u00e4rjest\u00e4m\u00e4ll\u00e4 kaksiosaisen ty\u00f6pajan monitieteellisyydest\u00e4 biodiversiteetin opetuksessa (Multidisciplinarity in biodiversity education). Ty\u00f6pajassa esittelimme projektia ja sen etenemist\u00e4, sek\u00e4 keskustelimme monitieteisyydest\u00e4 ja sen monista puolista. Ty\u00f6pajaan osallistui noin 15 henkil\u00f6\u00e4 erilaisista akateemisista taustoista. Edustusta oli muun muassa biologiasta, kielitieteist\u00e4, sosiaalitieteist\u00e4, luokanopettajista, [&hellip;]","og_url":"https:\/\/blogs2.uef.fi\/biodiversityeducation-vanha\/2021\/11\/23\/monitieteinen-biodiversiteetti-kuulumisia-unifin-keva-seminaarista-11-2021\/","og_site_name":"Biodiversiteettikoulutusverkosto","article_published_time":"2021-11-23T12:23:00+00:00","article_modified_time":"2023-03-15T13:48:22+00:00","og_image":[{"width":768,"height":768,"url":"https:\/\/blogs2.uef.fi\/biodiversityeducation-vanha\/wp-content\/uploads\/sites\/110\/2023\/03\/Livekuvitus-768x768-1.png","type":"image\/png"}],"author":"kooders","twitter_card":"summary_large_image","twitter_misc":{"Kirjoittanut":"kooders","Arvioitu lukuaika":"3 minuuttia"},"schema":{"@context":"https:\/\/schema.org","@graph":[{"@type":"Article","@id":"https:\/\/blogs2.uef.fi\/biodiversityeducation-vanha\/2021\/11\/23\/monitieteinen-biodiversiteetti-kuulumisia-unifin-keva-seminaarista-11-2021\/#article","isPartOf":{"@id":"https:\/\/blogs2.uef.fi\/biodiversityeducation-vanha\/2021\/11\/23\/monitieteinen-biodiversiteetti-kuulumisia-unifin-keva-seminaarista-11-2021\/"},"author":{"name":"kooders","@id":"https:\/\/blogs2.uef.fi\/biodiversityeducation-vanha\/#\/schema\/person\/aafdd26c1ef4edf4a080b86c113b9fbb"},"headline":"Monitieteinen biodiversiteetti: Kuulumisia Unifin KEVA-seminaarista (11\/2021)","datePublished":"2021-11-23T12:23:00+00:00","dateModified":"2023-03-15T13:48:22+00:00","mainEntityOfPage":{"@id":"https:\/\/blogs2.uef.fi\/biodiversityeducation-vanha\/2021\/11\/23\/monitieteinen-biodiversiteetti-kuulumisia-unifin-keva-seminaarista-11-2021\/"},"wordCount":673,"publisher":{"@id":"https:\/\/blogs2.uef.fi\/biodiversityeducation-vanha\/#organization"},"image":{"@id":"https:\/\/blogs2.uef.fi\/biodiversityeducation-vanha\/2021\/11\/23\/monitieteinen-biodiversiteetti-kuulumisia-unifin-keva-seminaarista-11-2021\/#primaryimage"},"thumbnailUrl":"https:\/\/blogs2.uef.fi\/biodiversityeducation-vanha\/wp-content\/uploads\/sites\/110\/2023\/03\/Livekuvitus-768x768-1.png","keywords":["Kest\u00e4vyys","Tiede","Unifi","vastuullisuus"],"articleSection":["Tapahtumat"],"inLanguage":"fi"},{"@type":"WebPage","@id":"https:\/\/blogs2.uef.fi\/biodiversityeducation-vanha\/2021\/11\/23\/monitieteinen-biodiversiteetti-kuulumisia-unifin-keva-seminaarista-11-2021\/","url":"https:\/\/blogs2.uef.fi\/biodiversityeducation-vanha\/2021\/11\/23\/monitieteinen-biodiversiteetti-kuulumisia-unifin-keva-seminaarista-11-2021\/","name":"Monitieteinen biodiversiteetti: Kuulumisia Unifin KEVA-seminaarista (11\/2021) - Biodiversiteettikoulutusverkosto","isPartOf":{"@id":"https:\/\/blogs2.uef.fi\/biodiversityeducation-vanha\/#website"},"primaryImageOfPage":{"@id":"https:\/\/blogs2.uef.fi\/biodiversityeducation-vanha\/2021\/11\/23\/monitieteinen-biodiversiteetti-kuulumisia-unifin-keva-seminaarista-11-2021\/#primaryimage"},"image":{"@id":"https:\/\/blogs2.uef.fi\/biodiversityeducation-vanha\/2021\/11\/23\/monitieteinen-biodiversiteetti-kuulumisia-unifin-keva-seminaarista-11-2021\/#primaryimage"},"thumbnailUrl":"https:\/\/blogs2.uef.fi\/biodiversityeducation-vanha\/wp-content\/uploads\/sites\/110\/2023\/03\/Livekuvitus-768x768-1.png","datePublished":"2021-11-23T12:23:00+00:00","dateModified":"2023-03-15T13:48:22+00:00","inLanguage":"fi","potentialAction":[{"@type":"ReadAction","target":["https:\/\/blogs2.uef.fi\/biodiversityeducation-vanha\/2021\/11\/23\/monitieteinen-biodiversiteetti-kuulumisia-unifin-keva-seminaarista-11-2021\/"]}]},{"@type":"ImageObject","inLanguage":"fi","@id":"https:\/\/blogs2.uef.fi\/biodiversityeducation-vanha\/2021\/11\/23\/monitieteinen-biodiversiteetti-kuulumisia-unifin-keva-seminaarista-11-2021\/#primaryimage","url":"https:\/\/blogs2.uef.fi\/biodiversityeducation-vanha\/wp-content\/uploads\/sites\/110\/2023\/03\/Livekuvitus-768x768-1.png","contentUrl":"https:\/\/blogs2.uef.fi\/biodiversityeducation-vanha\/wp-content\/uploads\/sites\/110\/2023\/03\/Livekuvitus-768x768-1.png","width":768,"height":768,"caption":"Seminaarin eri ty\u00f6pajojen pohjalta piirretyt muistiinpanot. Piirt\u00e4nyt Linda Saukko-Rauta."},{"@type":"WebSite","@id":"https:\/\/blogs2.uef.fi\/biodiversityeducation-vanha\/#website","url":"https:\/\/blogs2.uef.fi\/biodiversityeducation-vanha\/","name":"Biodiversiteettikoulutusverkosto","description":"","publisher":{"@id":"https:\/\/blogs2.uef.fi\/biodiversityeducation-vanha\/#organization"},"potentialAction":[{"@type":"SearchAction","target":{"@type":"EntryPoint","urlTemplate":"https:\/\/blogs2.uef.fi\/biodiversityeducation-vanha\/?s={search_term_string}"},"query-input":{"@type":"PropertyValueSpecification","valueRequired":true,"valueName":"search_term_string"}}],"inLanguage":"fi"},{"@type":"Organization","@id":"https:\/\/blogs2.uef.fi\/biodiversityeducation-vanha\/#organization","name":"Biodiversiteettikoulutusverkosto","url":"https:\/\/blogs2.uef.fi\/biodiversityeducation-vanha\/","logo":{"@type":"ImageObject","inLanguage":"fi","@id":"https:\/\/blogs2.uef.fi\/biodiversityeducation-vanha\/#\/schema\/logo\/image\/","url":"https:\/\/blogs2.uef.fi\/biodiversityeducation-vanha\/wp-content\/uploads\/sites\/110\/2023\/01\/Logo-ja-teksti.png","contentUrl":"https:\/\/blogs2.uef.fi\/biodiversityeducation-vanha\/wp-content\/uploads\/sites\/110\/2023\/01\/Logo-ja-teksti.png","width":785,"height":247,"caption":"Biodiversiteettikoulutusverkosto"},"image":{"@id":"https:\/\/blogs2.uef.fi\/biodiversityeducation-vanha\/#\/schema\/logo\/image\/"}},{"@type":"Person","@id":"https:\/\/blogs2.uef.fi\/biodiversityeducation-vanha\/#\/schema\/person\/aafdd26c1ef4edf4a080b86c113b9fbb","name":"kooders","image":{"@type":"ImageObject","inLanguage":"fi","@id":"https:\/\/secure.gravatar.com\/avatar\/27c6f0d998226cd3aac69b7071a685c1c0427bcb2dcb1d313d098c47e7746fc9?s=96&d=mm&r=g","url":"https:\/\/secure.gravatar.com\/avatar\/27c6f0d998226cd3aac69b7071a685c1c0427bcb2dcb1d313d098c47e7746fc9?s=96&d=mm&r=g","contentUrl":"https:\/\/secure.gravatar.com\/avatar\/27c6f0d998226cd3aac69b7071a685c1c0427bcb2dcb1d313d098c47e7746fc9?s=96&d=mm&r=g","caption":"kooders"},"sameAs":["https:\/\/www.biodiversityeducation.fi"],"url":"https:\/\/blogs2.uef.fi\/biodiversityeducation-vanha\/author\/kooders\/"}]}},"_links":{"self":[{"href":"https:\/\/blogs2.uef.fi\/biodiversityeducation-vanha\/wp-json\/wp\/v2\/posts\/1011","targetHints":{"allow":["GET"]}}],"collection":[{"href":"https:\/\/blogs2.uef.fi\/biodiversityeducation-vanha\/wp-json\/wp\/v2\/posts"}],"about":[{"href":"https:\/\/blogs2.uef.fi\/biodiversityeducation-vanha\/wp-json\/wp\/v2\/types\/post"}],"author":[{"embeddable":true,"href":"https:\/\/blogs2.uef.fi\/biodiversityeducation-vanha\/wp-json\/wp\/v2\/users\/611"}],"replies":[{"embeddable":true,"href":"https:\/\/blogs2.uef.fi\/biodiversityeducation-vanha\/wp-json\/wp\/v2\/comments?post=1011"}],"version-history":[{"count":2,"href":"https:\/\/blogs2.uef.fi\/biodiversityeducation-vanha\/wp-json\/wp\/v2\/posts\/1011\/revisions"}],"predecessor-version":[{"id":1188,"href":"https:\/\/blogs2.uef.fi\/biodiversityeducation-vanha\/wp-json\/wp\/v2\/posts\/1011\/revisions\/1188"}],"wp:featuredmedia":[{"embeddable":true,"href":"https:\/\/blogs2.uef.fi\/biodiversityeducation-vanha\/wp-json\/wp\/v2\/media\/1016"}],"wp:attachment":[{"href":"https:\/\/blogs2.uef.fi\/biodiversityeducation-vanha\/wp-json\/wp\/v2\/media?parent=1011"}],"wp:term":[{"taxonomy":"category","embeddable":true,"href":"https:\/\/blogs2.uef.fi\/biodiversityeducation-vanha\/wp-json\/wp\/v2\/categories?post=1011"},{"taxonomy":"post_tag","embeddable":true,"href":"https:\/\/blogs2.uef.fi\/biodiversityeducation-vanha\/wp-json\/wp\/v2\/tags?post=1011"}],"curies":[{"name":"wp","href":"https:\/\/api.w.org\/{rel}","templated":true}]}}