{"id":102,"date":"2023-02-04T12:46:45","date_gmt":"2023-02-04T10:46:45","guid":{"rendered":"https:\/\/www.biodiversityeducation.fi\/?p=102"},"modified":"2023-03-15T16:08:27","modified_gmt":"2023-03-15T14:08:27","slug":"loppuvuoden-kuulumisia-12-2022","status":"publish","type":"post","link":"https:\/\/blogs2.uef.fi\/biodiversityeducation-vanha\/2023\/02\/04\/loppuvuoden-kuulumisia-12-2022\/","title":{"rendered":"Loppuvuoden kuulumisia (12\/2022)"},"content":{"rendered":"\n<figure class=\"wp-block-image size-full\"><img loading=\"lazy\" decoding=\"async\" width=\"768\" height=\"512\" src=\"https:\/\/blogs2.uef.fi\/wp-content\/uploads\/sites\/110\/2023\/03\/loppublogi_maisema-768x512-1.jpg\" alt=\"maisema-blogikuvitus\" class=\"wp-image-1179\" srcset=\"https:\/\/blogs2.uef.fi\/biodiversityeducation-vanha\/wp-content\/uploads\/sites\/110\/2023\/03\/loppublogi_maisema-768x512-1.jpg 768w, https:\/\/blogs2.uef.fi\/biodiversityeducation-vanha\/wp-content\/uploads\/sites\/110\/2023\/03\/loppublogi_maisema-768x512-1-300x200.jpg 300w\" sizes=\"auto, (max-width: 768px) 100vw, 768px\" \/><\/figure>\n\n\n\n<p>Kaksivuotinen Opetus- ja Kulttuuriministeri\u00f6n rahoittama hanke biodiversiteettikoulutuksen yhteisty\u00f6n k\u00e4ynnist\u00e4miseksi l\u00e4henee loppuaan, mutta Biodiversiteettikoulutusverkosto jatkaa toimintaansa. T\u00e4ss\u00e4 kuulumisia syksylt\u00e4.<\/p>\n\n\n\n<h2 class=\"wp-block-heading\">Biodiversity.now houkutellut runsaasti opiskelijoita<\/h2>\n\n\n\n<p>Biodiversity.now-kurssi on avattu verkoston laajan yhteisty\u00f6n tuloksena. Kurssi on jo syksyn aikana her\u00e4tt\u00e4nyt reilusti kiinnostusta ja houkutellut kurssialustoille noin 200 kiinnostunutta oppijaa ja opettajaa.&nbsp;<a href=\"https:\/\/www.biodiversityeducation.fi\/studies\/?lang=fi\">Lue lis\u00e4\u00e4 kurssista t\u00e4\u00e4lt\u00e4<\/a>.<\/p>\n\n\n\n<p>Syksyn ensimm\u00e4inen toteutus on syksyn aikana pidetty Helsingin yliopistossa, ja kurssi on saanut positiivista palautetta sek\u00e4 ideoita jatkokehitt\u00e4miseen. Olemme syksyn toteutuksen aikana my\u00f6s parannelleet ja muokanneet kurssia saatujen kommenttien ja kokemusten pohjalta niin, ett\u00e4 se on nyt entist\u00e4 helppok\u00e4ytt\u00f6isempi ja motivoivampi sek\u00e4 opiskelijalle ett\u00e4 opettajalle.<\/p>\n\n\n\n<p>Kev\u00e4\u00e4ll\u00e4 kurssi k\u00e4ynnistyy It\u00e4-Suomen yliopiston toimesta ja se on opiskeltavissa my\u00f6s avoimen yliopiston kautta ilmaiseksi. Katso lis\u00e4\u00e4 tietoa&nbsp;<a href=\"https:\/\/opintopolku.fi\/app\/#!\/koulutus\/1.2.246.562.17.17967121264\">t\u00e4\u00e4lt\u00e4.<\/a><\/p>\n\n\n\n<p>Kurssi kuuluu jatkossakin sek\u00e4 Climate Universityn kurssitarjontaan ett\u00e4 osaksi&nbsp;<a href=\"https:\/\/www.una-europa.eu\/study\/microcredential-sustainability\/courses#3-biodiversity-now-2-ects\">Una Europan Micro-Credentials -kokonaisuutta<\/a>. Lis\u00e4ksi kev\u00e4\u00e4ll\u00e4 kurssille on odotettavissa kansainv\u00e4lisi\u00e4 opiskelijoita my\u00f6s YUFE-verkoston ja muiden kansainv\u00e4listen yhteisty\u00f6kuvioiden kautta.<\/p>\n\n\n\n<p>Olemme jatkaneet Biodiversity.now -kurssin projektiosan kehitt\u00e4mist\u00e4. B-osasta on tulossa kolmen opintopisteen laajuinen projektioty\u00f6kurssi, jossa vastuuopettaja voi valita kehitetyist\u00e4 vaihtoehdoista parhaat ja ryhm\u00e4lle sopivimmat projektit. Lis\u00e4ksi kurssilla on mahdollista j\u00e4rjest\u00e4\u00e4 ryhm\u00e4keskusteluja jo valmiiksi mietityist\u00e4 aiheista. Kaikki valmiiksi suunnitellut projektity\u00f6ideat liittyv\u00e4t ajankohtaisiin biodiversiteettiteemoihin ja lis\u00e4\u00e4v\u00e4t monitieteist\u00e4 ymm\u00e4rryst\u00e4 vahvistavat biodiversiteettikysymyksiin liittyvi\u00e4 ongelmanratkaisu- ja vuorovaikutustaitoja. Projektikurssi on opiskeltavissa syksyll\u00e4 2023.<\/p>\n\n\n\n<h2 class=\"wp-block-heading\">K\u00e4\u00e4p\u00e4kurssi maasto-opetusyhteisty\u00f6n pilottina<\/h2>\n\n\n\n<figure class=\"wp-block-gallery has-nested-images columns-default is-cropped wp-block-gallery-1 is-layout-flex wp-block-gallery-is-layout-flex\">\n<figure class=\"wp-block-image size-large\"><img loading=\"lazy\" decoding=\"async\" width=\"1024\" height=\"768\" data-id=\"138\" src=\"https:\/\/blogs2.uef.fi\/wp-content\/uploads\/sites\/110\/2023\/02\/Kuva-Panu-Halme-5-1024x768.jpeg\" alt=\"\" class=\"wp-image-138\" srcset=\"https:\/\/blogs2.uef.fi\/biodiversityeducation-vanha\/wp-content\/uploads\/sites\/110\/2023\/02\/Kuva-Panu-Halme-5-1024x768.jpeg 1024w, https:\/\/blogs2.uef.fi\/biodiversityeducation-vanha\/wp-content\/uploads\/sites\/110\/2023\/02\/Kuva-Panu-Halme-5-300x225.jpeg 300w, https:\/\/blogs2.uef.fi\/biodiversityeducation-vanha\/wp-content\/uploads\/sites\/110\/2023\/02\/Kuva-Panu-Halme-5-768x576.jpeg 768w, https:\/\/blogs2.uef.fi\/biodiversityeducation-vanha\/wp-content\/uploads\/sites\/110\/2023\/02\/Kuva-Panu-Halme-5-1536x1152.jpeg 1536w, https:\/\/blogs2.uef.fi\/biodiversityeducation-vanha\/wp-content\/uploads\/sites\/110\/2023\/02\/Kuva-Panu-Halme-5.jpeg 2000w\" sizes=\"auto, (max-width: 1024px) 100vw, 1024px\" \/><figcaption class=\"wp-element-caption\">Kuva: Panu Halme<\/figcaption><\/figure>\n\n\n\n<figure class=\"wp-block-image size-large\"><img loading=\"lazy\" decoding=\"async\" width=\"1024\" height=\"768\" data-id=\"139\" src=\"https:\/\/blogs2.uef.fi\/wp-content\/uploads\/sites\/110\/2023\/02\/Kuva-Panu-Halme-4-1024x768.jpeg\" alt=\"\" class=\"wp-image-139\" srcset=\"https:\/\/blogs2.uef.fi\/biodiversityeducation-vanha\/wp-content\/uploads\/sites\/110\/2023\/02\/Kuva-Panu-Halme-4-1024x768.jpeg 1024w, https:\/\/blogs2.uef.fi\/biodiversityeducation-vanha\/wp-content\/uploads\/sites\/110\/2023\/02\/Kuva-Panu-Halme-4-300x225.jpeg 300w, https:\/\/blogs2.uef.fi\/biodiversityeducation-vanha\/wp-content\/uploads\/sites\/110\/2023\/02\/Kuva-Panu-Halme-4-768x576.jpeg 768w, https:\/\/blogs2.uef.fi\/biodiversityeducation-vanha\/wp-content\/uploads\/sites\/110\/2023\/02\/Kuva-Panu-Halme-4-1536x1152.jpeg 1536w, https:\/\/blogs2.uef.fi\/biodiversityeducation-vanha\/wp-content\/uploads\/sites\/110\/2023\/02\/Kuva-Panu-Halme-4.jpeg 2048w\" sizes=\"auto, (max-width: 1024px) 100vw, 1024px\" \/><figcaption class=\"wp-element-caption\">Kuva: Panu Halme<\/figcaption><\/figure>\n\n\n\n<figure class=\"wp-block-image size-large\"><img loading=\"lazy\" decoding=\"async\" width=\"1024\" height=\"768\" data-id=\"140\" src=\"https:\/\/blogs2.uef.fi\/wp-content\/uploads\/sites\/110\/2023\/02\/Kuva-Panu-Halme-1-1024x768.jpeg\" alt=\"\" class=\"wp-image-140\" srcset=\"https:\/\/blogs2.uef.fi\/biodiversityeducation-vanha\/wp-content\/uploads\/sites\/110\/2023\/02\/Kuva-Panu-Halme-1-1024x768.jpeg 1024w, https:\/\/blogs2.uef.fi\/biodiversityeducation-vanha\/wp-content\/uploads\/sites\/110\/2023\/02\/Kuva-Panu-Halme-1-300x225.jpeg 300w, https:\/\/blogs2.uef.fi\/biodiversityeducation-vanha\/wp-content\/uploads\/sites\/110\/2023\/02\/Kuva-Panu-Halme-1-768x576.jpeg 768w, https:\/\/blogs2.uef.fi\/biodiversityeducation-vanha\/wp-content\/uploads\/sites\/110\/2023\/02\/Kuva-Panu-Halme-1-1536x1152.jpeg 1536w, https:\/\/blogs2.uef.fi\/biodiversityeducation-vanha\/wp-content\/uploads\/sites\/110\/2023\/02\/Kuva-Panu-Halme-1.jpeg 2048w\" sizes=\"auto, (max-width: 1024px) 100vw, 1024px\" \/><figcaption class=\"wp-element-caption\">Kuva: Panu Halme<\/figcaption><\/figure>\n<\/figure>\n\n\n\n<p>Syksyll\u00e4 pilotoitiin kentt\u00e4kurssiyhteisty\u00f6t\u00e4 ja j\u00e4rjestettiin K\u00e4\u00e4p\u00e4kurssi (ECOS1097 Syvent\u00e4v\u00e4 lajintuntemus: k\u00e4\u00e4v\u00e4t), jonka opettajana toimi&nbsp;<strong>Panu Halme<\/strong>. Kurssi toteutettiin viikon mittaisena kentt\u00e4kurssina Salamaj\u00e4rven kansallispuistossa.<\/p>\n\n\n\n<p>Ker\u00e4simme kentt\u00e4kurssilaisilta palautetta sek\u00e4 kurssista ett\u00e4 ristiinopiskelusta. Palaute oli suurelta osin hyvin positiivista, ja kurssia pidettiin hyv\u00e4n\u00e4 ja tarpeellisena. Kentt\u00e4kurssit n\u00e4hd\u00e4\u00e4n eritt\u00e4in t\u00e4rkein\u00e4 kentt\u00e4biologien osaamisen kehittymist\u00e4 ajatellen. My\u00f6s mahdollisuus ristiinopiskeluun sai positiivisia kommentteja ja toiveita siit\u00e4, ett\u00e4 Biodiversiteettikoulutusverkosto jatkaa kehittymist\u00e4\u00e4n ja laajentaa opintotarjontaa. Opiskelijoiden toiveena on p\u00e4\u00e4st\u00e4 tutustumaan toisten yliopistojen opetukseen ja ihmisiin jatkossakin.<\/p>\n\n\n\n<p>Vaihtoehdot yhteisty\u00f6h\u00f6n voivat olla eri kentt\u00e4kursseilla hyvinkin erilaisia, mutta yhteisty\u00f6mahdollisuuksien ilmaantuessa uskomme, ett\u00e4 niihin kannattaa tarttua. Esimerkiksi t\u00e4llaisten erikoistumista tukevien kentt\u00e4kurssien avaaminen verkostolle voi osoittautua eritt\u00e4in positiiviseksi kokemukseksi sek\u00e4 opettajalle ett\u00e4 opiskelijoille.<\/p>\n\n\n\n<h2 class=\"wp-block-heading\">Hanke loppuu, verkosto jatkaa<\/h2>\n\n\n\n<p>Vaikka nykyinen hanke p\u00e4\u00e4ttyy, verkoston opintotarjonta ja ristiinopiskelumahdollisuus jatkuu sek\u00e4 kev\u00e4tlukukaudella ett\u00e4 seuraavanakin lukuvuonna. Opintotarjonta vaihtelee vuosittain, ja uusia kursseja on suunnitteilla esimerkiksi sienien syvent\u00e4v\u00e4\u00e4n lajintuntemukseen ja trooppisiin hy\u00f6tykasveihin liittyen. Lis\u00e4ksi Biodiversiteetti nyt -hankkeessa jatketaan biodiversiteettikoulutuksen kehitt\u00e4mist\u00e4 jatkuvan oppimisen tarpeisiin.&nbsp;<a href=\"https:\/\/blogs.uef.fi\/jatkuvaoppiminen\/2022\/11\/28\/luonnon-monimuotoisuus-on-haviamassa-hurjaa-vahtia\/\">Lue lis\u00e4\u00e4 hankkeesta<\/a>.<\/p>\n\n\n\n<p>Verkostossa tehty\u00e4 uutta oppimateriaalia on koottu Avointen oppimateriaalien kirjastoon, jossa se on vapaasti kaikkien saatavilla ja hy\u00f6dynnett\u00e4viss\u00e4 opetuksessa. Verkoston t\u00e4ydentyv\u00e4\u00e4n kokoelmaan p\u00e4\u00e4see tutustumaan&nbsp;<a href=\"https:\/\/aoe.fi\/#\/kokoelma\/208\">t\u00e4\u00e4ll\u00e4<\/a>.<\/p>\n\n\n\n<p>Verkoston nettisivuja p\u00e4ivitet\u00e4\u00e4n, jotta p\u00e4\u00e4semme aloittamaan seuraavan vuoden uudelta raikkaalta pohjalta. Lis\u00e4ksi biodiversiteettikoulutusverkosto on saanut uuden hienon logon, jonka joku teist\u00e4 on voinutkin jo huomata esimerkiksi Twitterist\u00e4.<\/p>\n\n\n\n<p>Juuri p\u00e4\u00e4ttynyt Montrealin luontokokous luo uskoa luontokadon pys\u00e4ytt\u00e4miseen ja yleiseen tahtotilaan biodiversiteettikriisin ratkaisemisessa. T\u00e4m\u00e4n saavuttamiseksi tarvitaan yhteisty\u00f6t\u00e4 ja korkeatasoista koulutusta jatkossakin.<\/p>\n\n\n\n<p>Aiempia blogikirjoituksia syksyn ja talven tapahtumista<\/p>\n\n\n\n<ul class=\"wp-block-list\">\n<li><a href=\"https:\/\/www.biodiversityeducation.fi\/2022\/11\/16\/biodiversity-now-kurssin-esittelya-climate-universityn-vuositapaamisessa\/?lang=fi\">Climate Universityn tapaaminen<\/a><\/li>\n\n\n\n<li><a href=\"https:\/\/www.biodiversityeducation.fi\/2022\/11\/25\/biodiversiteettikoulutusverkosto-kokoontui-konneveden-tutkimusasemalle\/?lang=fi\">Verkostotapaaminen Konnevedell\u00e4<\/a><\/li>\n<\/ul>\n\n\n\n<p>Ps. huomasithan podcastin virtuaalioppimisymp\u00e4rist\u00f6jen ty\u00f6st\u00e4misest\u00e4 biodiversiteettiopetuksen tarpeisiin? Podcastin p\u00e4\u00e4see kuuntelemaan&nbsp;<a href=\"https:\/\/www.biodiversityeducation.fi\/2022\/12\/14\/virtuaalista-biodiversiteettiosaamista-12-2022\/?lang=fi\">t\u00e4\u00e4ll\u00e4<\/a>!<\/p>\n\n\n\n<figure class=\"wp-block-image size-full\"><img loading=\"lazy\" decoding=\"async\" width=\"882\" height=\"597\" src=\"https:\/\/blogs2.uef.fi\/wp-content\/uploads\/sites\/110\/2023\/02\/image-1.png\" alt=\"\" class=\"wp-image-142\" srcset=\"https:\/\/blogs2.uef.fi\/biodiversityeducation-vanha\/wp-content\/uploads\/sites\/110\/2023\/02\/image-1.png 882w, https:\/\/blogs2.uef.fi\/biodiversityeducation-vanha\/wp-content\/uploads\/sites\/110\/2023\/02\/image-1-300x203.png 300w, https:\/\/blogs2.uef.fi\/biodiversityeducation-vanha\/wp-content\/uploads\/sites\/110\/2023\/02\/image-1-768x520.png 768w\" sizes=\"auto, (max-width: 882px) 100vw, 882px\" \/><\/figure>\n\n\n\n<p>Haluamme toivottaa hyv\u00e4\u00e4 joulunaikaa ja monimuotoista uutta vuotta koko hankkeen johtoryhm\u00e4n puolesta!<\/p>\n\n\n\n<p>Joulunalusterveisin Iida-Sofia Holma ja Elli H\u00e4mynen<\/p>\n","protected":false},"excerpt":{"rendered":"<p>Kaksivuotinen Opetus- ja Kulttuuriministeri\u00f6n rahoittama hanke biodiversiteettikoulutuksen yhteisty\u00f6n k\u00e4ynnist\u00e4miseksi l\u00e4henee loppuaan, mutta Biodiversiteettikoulutusverkosto jatkaa toimintaansa. T\u00e4ss\u00e4 kuulumisia syksylt\u00e4. Biodiversity.now houkutellut runsaasti opiskelijoita Biodiversity.now-kurssi on avattu verkoston laajan yhteisty\u00f6n tuloksena. Kurssi on jo syksyn aikana her\u00e4tt\u00e4nyt reilusti kiinnostusta ja houkutellut kurssialustoille noin 200 kiinnostunutta oppijaa ja opettajaa.&nbsp;Lue lis\u00e4\u00e4 kurssista t\u00e4\u00e4lt\u00e4. Syksyn ensimm\u00e4inen toteutus on syksyn aikana [&hellip;]<\/p>\n","protected":false},"author":611,"featured_media":1179,"comment_status":"closed","ping_status":"closed","sticky":false,"template":"","format":"standard","meta":{"_acf_changed":false,"footnotes":""},"categories":[1],"tags":[18,38,61],"class_list":["post-102","post","type-post","status-publish","format-standard","has-post-thumbnail","hentry","category-hankekuulumiset","tag-biodiversiteetti","tag-koulutus","tag-opetusyhteistyoverkosto"],"acf":[],"yoast_head":"<!-- This site is optimized with the Yoast SEO plugin v27.3 - https:\/\/yoast.com\/product\/yoast-seo-wordpress\/ -->\n<title>Loppuvuoden kuulumisia (12\/2022) - Biodiversiteettikoulutusverkosto<\/title>\n<meta name=\"robots\" content=\"index, follow, max-snippet:-1, max-image-preview:large, max-video-preview:-1\" \/>\n<link rel=\"canonical\" href=\"https:\/\/blogs2.uef.fi\/biodiversityeducation-vanha\/2023\/02\/04\/loppuvuoden-kuulumisia-12-2022\/\" \/>\n<meta property=\"og:locale\" content=\"fi_FI\" \/>\n<meta property=\"og:type\" content=\"article\" \/>\n<meta property=\"og:title\" content=\"Loppuvuoden kuulumisia (12\/2022) - Biodiversiteettikoulutusverkosto\" \/>\n<meta property=\"og:description\" content=\"Kaksivuotinen Opetus- ja Kulttuuriministeri\u00f6n rahoittama hanke biodiversiteettikoulutuksen yhteisty\u00f6n k\u00e4ynnist\u00e4miseksi l\u00e4henee loppuaan, mutta Biodiversiteettikoulutusverkosto jatkaa toimintaansa. T\u00e4ss\u00e4 kuulumisia syksylt\u00e4. Biodiversity.now houkutellut runsaasti opiskelijoita Biodiversity.now-kurssi on avattu verkoston laajan yhteisty\u00f6n tuloksena. Kurssi on jo syksyn aikana her\u00e4tt\u00e4nyt reilusti kiinnostusta ja houkutellut kurssialustoille noin 200 kiinnostunutta oppijaa ja opettajaa.&nbsp;Lue lis\u00e4\u00e4 kurssista t\u00e4\u00e4lt\u00e4. Syksyn ensimm\u00e4inen toteutus on syksyn aikana [&hellip;]\" \/>\n<meta property=\"og:url\" content=\"https:\/\/blogs2.uef.fi\/biodiversityeducation-vanha\/2023\/02\/04\/loppuvuoden-kuulumisia-12-2022\/\" \/>\n<meta property=\"og:site_name\" content=\"Biodiversiteettikoulutusverkosto\" \/>\n<meta property=\"article:published_time\" content=\"2023-02-04T10:46:45+00:00\" \/>\n<meta property=\"article:modified_time\" content=\"2023-03-15T14:08:27+00:00\" \/>\n<meta property=\"og:image\" content=\"https:\/\/blogs2.uef.fi\/biodiversityeducation-vanha\/wp-content\/uploads\/sites\/110\/2023\/03\/loppublogi_maisema-768x512-1.jpg\" \/>\n\t<meta property=\"og:image:width\" content=\"768\" \/>\n\t<meta property=\"og:image:height\" content=\"512\" \/>\n\t<meta property=\"og:image:type\" content=\"image\/jpeg\" \/>\n<meta name=\"author\" content=\"kooders\" \/>\n<meta name=\"twitter:card\" content=\"summary_large_image\" \/>\n<meta name=\"twitter:label1\" content=\"Kirjoittanut\" \/>\n\t<meta name=\"twitter:data1\" content=\"kooders\" \/>\n\t<meta name=\"twitter:label2\" content=\"Arvioitu lukuaika\" \/>\n\t<meta name=\"twitter:data2\" content=\"3 minuuttia\" \/>\n<script type=\"application\/ld+json\" class=\"yoast-schema-graph\">{\"@context\":\"https:\\\/\\\/schema.org\",\"@graph\":[{\"@type\":\"Article\",\"@id\":\"https:\\\/\\\/blogs2.uef.fi\\\/biodiversityeducation-vanha\\\/2023\\\/02\\\/04\\\/loppuvuoden-kuulumisia-12-2022\\\/#article\",\"isPartOf\":{\"@id\":\"https:\\\/\\\/blogs2.uef.fi\\\/biodiversityeducation-vanha\\\/2023\\\/02\\\/04\\\/loppuvuoden-kuulumisia-12-2022\\\/\"},\"author\":{\"name\":\"kooders\",\"@id\":\"https:\\\/\\\/blogs2.uef.fi\\\/biodiversityeducation-vanha\\\/#\\\/schema\\\/person\\\/aafdd26c1ef4edf4a080b86c113b9fbb\"},\"headline\":\"Loppuvuoden kuulumisia (12\\\/2022)\",\"datePublished\":\"2023-02-04T10:46:45+00:00\",\"dateModified\":\"2023-03-15T14:08:27+00:00\",\"mainEntityOfPage\":{\"@id\":\"https:\\\/\\\/blogs2.uef.fi\\\/biodiversityeducation-vanha\\\/2023\\\/02\\\/04\\\/loppuvuoden-kuulumisia-12-2022\\\/\"},\"wordCount\":586,\"publisher\":{\"@id\":\"https:\\\/\\\/blogs2.uef.fi\\\/biodiversityeducation-vanha\\\/#organization\"},\"image\":{\"@id\":\"https:\\\/\\\/blogs2.uef.fi\\\/biodiversityeducation-vanha\\\/2023\\\/02\\\/04\\\/loppuvuoden-kuulumisia-12-2022\\\/#primaryimage\"},\"thumbnailUrl\":\"https:\\\/\\\/blogs2.uef.fi\\\/biodiversityeducation-vanha\\\/wp-content\\\/uploads\\\/sites\\\/110\\\/2023\\\/03\\\/loppublogi_maisema-768x512-1.jpg\",\"keywords\":[\"biodiversiteetti\",\"koulutus\",\"Opetusyhteisty\u00f6verkosto\"],\"articleSection\":[\"Hankekuulumiset\"],\"inLanguage\":\"fi\"},{\"@type\":\"WebPage\",\"@id\":\"https:\\\/\\\/blogs2.uef.fi\\\/biodiversityeducation-vanha\\\/2023\\\/02\\\/04\\\/loppuvuoden-kuulumisia-12-2022\\\/\",\"url\":\"https:\\\/\\\/blogs2.uef.fi\\\/biodiversityeducation-vanha\\\/2023\\\/02\\\/04\\\/loppuvuoden-kuulumisia-12-2022\\\/\",\"name\":\"Loppuvuoden kuulumisia (12\\\/2022) - Biodiversiteettikoulutusverkosto\",\"isPartOf\":{\"@id\":\"https:\\\/\\\/blogs2.uef.fi\\\/biodiversityeducation-vanha\\\/#website\"},\"primaryImageOfPage\":{\"@id\":\"https:\\\/\\\/blogs2.uef.fi\\\/biodiversityeducation-vanha\\\/2023\\\/02\\\/04\\\/loppuvuoden-kuulumisia-12-2022\\\/#primaryimage\"},\"image\":{\"@id\":\"https:\\\/\\\/blogs2.uef.fi\\\/biodiversityeducation-vanha\\\/2023\\\/02\\\/04\\\/loppuvuoden-kuulumisia-12-2022\\\/#primaryimage\"},\"thumbnailUrl\":\"https:\\\/\\\/blogs2.uef.fi\\\/biodiversityeducation-vanha\\\/wp-content\\\/uploads\\\/sites\\\/110\\\/2023\\\/03\\\/loppublogi_maisema-768x512-1.jpg\",\"datePublished\":\"2023-02-04T10:46:45+00:00\",\"dateModified\":\"2023-03-15T14:08:27+00:00\",\"inLanguage\":\"fi\",\"potentialAction\":[{\"@type\":\"ReadAction\",\"target\":[\"https:\\\/\\\/blogs2.uef.fi\\\/biodiversityeducation-vanha\\\/2023\\\/02\\\/04\\\/loppuvuoden-kuulumisia-12-2022\\\/\"]}]},{\"@type\":\"ImageObject\",\"inLanguage\":\"fi\",\"@id\":\"https:\\\/\\\/blogs2.uef.fi\\\/biodiversityeducation-vanha\\\/2023\\\/02\\\/04\\\/loppuvuoden-kuulumisia-12-2022\\\/#primaryimage\",\"url\":\"https:\\\/\\\/blogs2.uef.fi\\\/biodiversityeducation-vanha\\\/wp-content\\\/uploads\\\/sites\\\/110\\\/2023\\\/03\\\/loppublogi_maisema-768x512-1.jpg\",\"contentUrl\":\"https:\\\/\\\/blogs2.uef.fi\\\/biodiversityeducation-vanha\\\/wp-content\\\/uploads\\\/sites\\\/110\\\/2023\\\/03\\\/loppublogi_maisema-768x512-1.jpg\",\"width\":768,\"height\":512,\"caption\":\"maisema-blogikuvitus\"},{\"@type\":\"WebSite\",\"@id\":\"https:\\\/\\\/blogs2.uef.fi\\\/biodiversityeducation-vanha\\\/#website\",\"url\":\"https:\\\/\\\/blogs2.uef.fi\\\/biodiversityeducation-vanha\\\/\",\"name\":\"Biodiversiteettikoulutusverkosto\",\"description\":\"\",\"publisher\":{\"@id\":\"https:\\\/\\\/blogs2.uef.fi\\\/biodiversityeducation-vanha\\\/#organization\"},\"potentialAction\":[{\"@type\":\"SearchAction\",\"target\":{\"@type\":\"EntryPoint\",\"urlTemplate\":\"https:\\\/\\\/blogs2.uef.fi\\\/biodiversityeducation-vanha\\\/?s={search_term_string}\"},\"query-input\":{\"@type\":\"PropertyValueSpecification\",\"valueRequired\":true,\"valueName\":\"search_term_string\"}}],\"inLanguage\":\"fi\"},{\"@type\":\"Organization\",\"@id\":\"https:\\\/\\\/blogs2.uef.fi\\\/biodiversityeducation-vanha\\\/#organization\",\"name\":\"Biodiversiteettikoulutusverkosto\",\"url\":\"https:\\\/\\\/blogs2.uef.fi\\\/biodiversityeducation-vanha\\\/\",\"logo\":{\"@type\":\"ImageObject\",\"inLanguage\":\"fi\",\"@id\":\"https:\\\/\\\/blogs2.uef.fi\\\/biodiversityeducation-vanha\\\/#\\\/schema\\\/logo\\\/image\\\/\",\"url\":\"https:\\\/\\\/blogs2.uef.fi\\\/biodiversityeducation-vanha\\\/wp-content\\\/uploads\\\/sites\\\/110\\\/2023\\\/01\\\/Logo-ja-teksti.png\",\"contentUrl\":\"https:\\\/\\\/blogs2.uef.fi\\\/biodiversityeducation-vanha\\\/wp-content\\\/uploads\\\/sites\\\/110\\\/2023\\\/01\\\/Logo-ja-teksti.png\",\"width\":785,\"height\":247,\"caption\":\"Biodiversiteettikoulutusverkosto\"},\"image\":{\"@id\":\"https:\\\/\\\/blogs2.uef.fi\\\/biodiversityeducation-vanha\\\/#\\\/schema\\\/logo\\\/image\\\/\"}},{\"@type\":\"Person\",\"@id\":\"https:\\\/\\\/blogs2.uef.fi\\\/biodiversityeducation-vanha\\\/#\\\/schema\\\/person\\\/aafdd26c1ef4edf4a080b86c113b9fbb\",\"name\":\"kooders\",\"image\":{\"@type\":\"ImageObject\",\"inLanguage\":\"fi\",\"@id\":\"https:\\\/\\\/secure.gravatar.com\\\/avatar\\\/27c6f0d998226cd3aac69b7071a685c1c0427bcb2dcb1d313d098c47e7746fc9?s=96&d=mm&r=g\",\"url\":\"https:\\\/\\\/secure.gravatar.com\\\/avatar\\\/27c6f0d998226cd3aac69b7071a685c1c0427bcb2dcb1d313d098c47e7746fc9?s=96&d=mm&r=g\",\"contentUrl\":\"https:\\\/\\\/secure.gravatar.com\\\/avatar\\\/27c6f0d998226cd3aac69b7071a685c1c0427bcb2dcb1d313d098c47e7746fc9?s=96&d=mm&r=g\",\"caption\":\"kooders\"},\"sameAs\":[\"https:\\\/\\\/www.biodiversityeducation.fi\"],\"url\":\"https:\\\/\\\/blogs2.uef.fi\\\/biodiversityeducation-vanha\\\/author\\\/kooders\\\/\"}]}<\/script>\n<!-- \/ Yoast SEO plugin. -->","yoast_head_json":{"title":"Loppuvuoden kuulumisia (12\/2022) - Biodiversiteettikoulutusverkosto","robots":{"index":"index","follow":"follow","max-snippet":"max-snippet:-1","max-image-preview":"max-image-preview:large","max-video-preview":"max-video-preview:-1"},"canonical":"https:\/\/blogs2.uef.fi\/biodiversityeducation-vanha\/2023\/02\/04\/loppuvuoden-kuulumisia-12-2022\/","og_locale":"fi_FI","og_type":"article","og_title":"Loppuvuoden kuulumisia (12\/2022) - Biodiversiteettikoulutusverkosto","og_description":"Kaksivuotinen Opetus- ja Kulttuuriministeri\u00f6n rahoittama hanke biodiversiteettikoulutuksen yhteisty\u00f6n k\u00e4ynnist\u00e4miseksi l\u00e4henee loppuaan, mutta Biodiversiteettikoulutusverkosto jatkaa toimintaansa. T\u00e4ss\u00e4 kuulumisia syksylt\u00e4. Biodiversity.now houkutellut runsaasti opiskelijoita Biodiversity.now-kurssi on avattu verkoston laajan yhteisty\u00f6n tuloksena. Kurssi on jo syksyn aikana her\u00e4tt\u00e4nyt reilusti kiinnostusta ja houkutellut kurssialustoille noin 200 kiinnostunutta oppijaa ja opettajaa.&nbsp;Lue lis\u00e4\u00e4 kurssista t\u00e4\u00e4lt\u00e4. Syksyn ensimm\u00e4inen toteutus on syksyn aikana [&hellip;]","og_url":"https:\/\/blogs2.uef.fi\/biodiversityeducation-vanha\/2023\/02\/04\/loppuvuoden-kuulumisia-12-2022\/","og_site_name":"Biodiversiteettikoulutusverkosto","article_published_time":"2023-02-04T10:46:45+00:00","article_modified_time":"2023-03-15T14:08:27+00:00","og_image":[{"width":768,"height":512,"url":"https:\/\/blogs2.uef.fi\/biodiversityeducation-vanha\/wp-content\/uploads\/sites\/110\/2023\/03\/loppublogi_maisema-768x512-1.jpg","type":"image\/jpeg"}],"author":"kooders","twitter_card":"summary_large_image","twitter_misc":{"Kirjoittanut":"kooders","Arvioitu lukuaika":"3 minuuttia"},"schema":{"@context":"https:\/\/schema.org","@graph":[{"@type":"Article","@id":"https:\/\/blogs2.uef.fi\/biodiversityeducation-vanha\/2023\/02\/04\/loppuvuoden-kuulumisia-12-2022\/#article","isPartOf":{"@id":"https:\/\/blogs2.uef.fi\/biodiversityeducation-vanha\/2023\/02\/04\/loppuvuoden-kuulumisia-12-2022\/"},"author":{"name":"kooders","@id":"https:\/\/blogs2.uef.fi\/biodiversityeducation-vanha\/#\/schema\/person\/aafdd26c1ef4edf4a080b86c113b9fbb"},"headline":"Loppuvuoden kuulumisia (12\/2022)","datePublished":"2023-02-04T10:46:45+00:00","dateModified":"2023-03-15T14:08:27+00:00","mainEntityOfPage":{"@id":"https:\/\/blogs2.uef.fi\/biodiversityeducation-vanha\/2023\/02\/04\/loppuvuoden-kuulumisia-12-2022\/"},"wordCount":586,"publisher":{"@id":"https:\/\/blogs2.uef.fi\/biodiversityeducation-vanha\/#organization"},"image":{"@id":"https:\/\/blogs2.uef.fi\/biodiversityeducation-vanha\/2023\/02\/04\/loppuvuoden-kuulumisia-12-2022\/#primaryimage"},"thumbnailUrl":"https:\/\/blogs2.uef.fi\/biodiversityeducation-vanha\/wp-content\/uploads\/sites\/110\/2023\/03\/loppublogi_maisema-768x512-1.jpg","keywords":["biodiversiteetti","koulutus","Opetusyhteisty\u00f6verkosto"],"articleSection":["Hankekuulumiset"],"inLanguage":"fi"},{"@type":"WebPage","@id":"https:\/\/blogs2.uef.fi\/biodiversityeducation-vanha\/2023\/02\/04\/loppuvuoden-kuulumisia-12-2022\/","url":"https:\/\/blogs2.uef.fi\/biodiversityeducation-vanha\/2023\/02\/04\/loppuvuoden-kuulumisia-12-2022\/","name":"Loppuvuoden kuulumisia (12\/2022) - Biodiversiteettikoulutusverkosto","isPartOf":{"@id":"https:\/\/blogs2.uef.fi\/biodiversityeducation-vanha\/#website"},"primaryImageOfPage":{"@id":"https:\/\/blogs2.uef.fi\/biodiversityeducation-vanha\/2023\/02\/04\/loppuvuoden-kuulumisia-12-2022\/#primaryimage"},"image":{"@id":"https:\/\/blogs2.uef.fi\/biodiversityeducation-vanha\/2023\/02\/04\/loppuvuoden-kuulumisia-12-2022\/#primaryimage"},"thumbnailUrl":"https:\/\/blogs2.uef.fi\/biodiversityeducation-vanha\/wp-content\/uploads\/sites\/110\/2023\/03\/loppublogi_maisema-768x512-1.jpg","datePublished":"2023-02-04T10:46:45+00:00","dateModified":"2023-03-15T14:08:27+00:00","inLanguage":"fi","potentialAction":[{"@type":"ReadAction","target":["https:\/\/blogs2.uef.fi\/biodiversityeducation-vanha\/2023\/02\/04\/loppuvuoden-kuulumisia-12-2022\/"]}]},{"@type":"ImageObject","inLanguage":"fi","@id":"https:\/\/blogs2.uef.fi\/biodiversityeducation-vanha\/2023\/02\/04\/loppuvuoden-kuulumisia-12-2022\/#primaryimage","url":"https:\/\/blogs2.uef.fi\/biodiversityeducation-vanha\/wp-content\/uploads\/sites\/110\/2023\/03\/loppublogi_maisema-768x512-1.jpg","contentUrl":"https:\/\/blogs2.uef.fi\/biodiversityeducation-vanha\/wp-content\/uploads\/sites\/110\/2023\/03\/loppublogi_maisema-768x512-1.jpg","width":768,"height":512,"caption":"maisema-blogikuvitus"},{"@type":"WebSite","@id":"https:\/\/blogs2.uef.fi\/biodiversityeducation-vanha\/#website","url":"https:\/\/blogs2.uef.fi\/biodiversityeducation-vanha\/","name":"Biodiversiteettikoulutusverkosto","description":"","publisher":{"@id":"https:\/\/blogs2.uef.fi\/biodiversityeducation-vanha\/#organization"},"potentialAction":[{"@type":"SearchAction","target":{"@type":"EntryPoint","urlTemplate":"https:\/\/blogs2.uef.fi\/biodiversityeducation-vanha\/?s={search_term_string}"},"query-input":{"@type":"PropertyValueSpecification","valueRequired":true,"valueName":"search_term_string"}}],"inLanguage":"fi"},{"@type":"Organization","@id":"https:\/\/blogs2.uef.fi\/biodiversityeducation-vanha\/#organization","name":"Biodiversiteettikoulutusverkosto","url":"https:\/\/blogs2.uef.fi\/biodiversityeducation-vanha\/","logo":{"@type":"ImageObject","inLanguage":"fi","@id":"https:\/\/blogs2.uef.fi\/biodiversityeducation-vanha\/#\/schema\/logo\/image\/","url":"https:\/\/blogs2.uef.fi\/biodiversityeducation-vanha\/wp-content\/uploads\/sites\/110\/2023\/01\/Logo-ja-teksti.png","contentUrl":"https:\/\/blogs2.uef.fi\/biodiversityeducation-vanha\/wp-content\/uploads\/sites\/110\/2023\/01\/Logo-ja-teksti.png","width":785,"height":247,"caption":"Biodiversiteettikoulutusverkosto"},"image":{"@id":"https:\/\/blogs2.uef.fi\/biodiversityeducation-vanha\/#\/schema\/logo\/image\/"}},{"@type":"Person","@id":"https:\/\/blogs2.uef.fi\/biodiversityeducation-vanha\/#\/schema\/person\/aafdd26c1ef4edf4a080b86c113b9fbb","name":"kooders","image":{"@type":"ImageObject","inLanguage":"fi","@id":"https:\/\/secure.gravatar.com\/avatar\/27c6f0d998226cd3aac69b7071a685c1c0427bcb2dcb1d313d098c47e7746fc9?s=96&d=mm&r=g","url":"https:\/\/secure.gravatar.com\/avatar\/27c6f0d998226cd3aac69b7071a685c1c0427bcb2dcb1d313d098c47e7746fc9?s=96&d=mm&r=g","contentUrl":"https:\/\/secure.gravatar.com\/avatar\/27c6f0d998226cd3aac69b7071a685c1c0427bcb2dcb1d313d098c47e7746fc9?s=96&d=mm&r=g","caption":"kooders"},"sameAs":["https:\/\/www.biodiversityeducation.fi"],"url":"https:\/\/blogs2.uef.fi\/biodiversityeducation-vanha\/author\/kooders\/"}]}},"_links":{"self":[{"href":"https:\/\/blogs2.uef.fi\/biodiversityeducation-vanha\/wp-json\/wp\/v2\/posts\/102","targetHints":{"allow":["GET"]}}],"collection":[{"href":"https:\/\/blogs2.uef.fi\/biodiversityeducation-vanha\/wp-json\/wp\/v2\/posts"}],"about":[{"href":"https:\/\/blogs2.uef.fi\/biodiversityeducation-vanha\/wp-json\/wp\/v2\/types\/post"}],"author":[{"embeddable":true,"href":"https:\/\/blogs2.uef.fi\/biodiversityeducation-vanha\/wp-json\/wp\/v2\/users\/611"}],"replies":[{"embeddable":true,"href":"https:\/\/blogs2.uef.fi\/biodiversityeducation-vanha\/wp-json\/wp\/v2\/comments?post=102"}],"version-history":[{"count":4,"href":"https:\/\/blogs2.uef.fi\/biodiversityeducation-vanha\/wp-json\/wp\/v2\/posts\/102\/revisions"}],"predecessor-version":[{"id":1261,"href":"https:\/\/blogs2.uef.fi\/biodiversityeducation-vanha\/wp-json\/wp\/v2\/posts\/102\/revisions\/1261"}],"wp:featuredmedia":[{"embeddable":true,"href":"https:\/\/blogs2.uef.fi\/biodiversityeducation-vanha\/wp-json\/wp\/v2\/media\/1179"}],"wp:attachment":[{"href":"https:\/\/blogs2.uef.fi\/biodiversityeducation-vanha\/wp-json\/wp\/v2\/media?parent=102"}],"wp:term":[{"taxonomy":"category","embeddable":true,"href":"https:\/\/blogs2.uef.fi\/biodiversityeducation-vanha\/wp-json\/wp\/v2\/categories?post=102"},{"taxonomy":"post_tag","embeddable":true,"href":"https:\/\/blogs2.uef.fi\/biodiversityeducation-vanha\/wp-json\/wp\/v2\/tags?post=102"}],"curies":[{"name":"wp","href":"https:\/\/api.w.org\/{rel}","templated":true}]}}