{"id":1023,"date":"2021-11-29T14:29:00","date_gmt":"2021-11-29T12:29:00","guid":{"rendered":"https:\/\/www.biodiversityeducation.fi\/?p=1023"},"modified":"2023-03-15T15:58:41","modified_gmt":"2023-03-15T13:58:41","slug":"terveisia-seilista-11-2021","status":"publish","type":"post","link":"https:\/\/blogs2.uef.fi\/biodiversityeducation-vanha\/2021\/11\/29\/terveisia-seilista-11-2021\/","title":{"rendered":"Terveisi\u00e4 Seilist\u00e4! (11\/2021)"},"content":{"rendered":"\n<p>Biodiversiteettikoulutushankkeen puolesta l\u00e4hdimme mukaan Seiliss\u00e4 j\u00e4rjestetyille kentt\u00e4asemap\u00e4iville kuulostelemaan kentt\u00e4asemien kuulumia, esittelem\u00e4\u00e4n hankettamme sek\u00e4 pohtimaan mahdollisuuksia yhteisty\u00f6h\u00f6n kentt\u00e4asemilla ja kentt\u00e4opetuksessa. Oli mukava p\u00e4\u00e4st\u00e4 tutustumaan kentt\u00e4asemien v\u00e4keen, kuulemaan kentt\u00e4asemien kuulumisia sek\u00e4 tapaamaan ihmisi\u00e4 pitk\u00e4n et\u00e4ajan j\u00e4lkeen.<\/p>\n\n\n\n<p>Suomessa on kentt\u00e4asemia Lapista Saaristomerelle ja ne erilaisine olosuhteineen, mutta samankaltaisine perusteht\u00e4vineen muodostavat ainutlaatuisen verkoston. Seiliss\u00e4 asemat olivat laajasti edustettuina ja saimme kuulla ajatuksia asemien perusarjesta, opetuksen j\u00e4rjest\u00e4misest\u00e4 sek\u00e4 toimintojen kehitt\u00e4misest\u00e4.<\/p>\n\n\n\n<figure class=\"wp-block-image size-full\"><img loading=\"lazy\" decoding=\"async\" width=\"768\" height=\"576\" src=\"https:\/\/blogs2.uef.fi\/wp-content\/uploads\/sites\/110\/2023\/03\/Seili_1-768x576-1.jpg\" alt=\"seili-blogikuva\" class=\"wp-image-1024\" srcset=\"https:\/\/blogs2.uef.fi\/biodiversityeducation-vanha\/wp-content\/uploads\/sites\/110\/2023\/03\/Seili_1-768x576-1.jpg 768w, https:\/\/blogs2.uef.fi\/biodiversityeducation-vanha\/wp-content\/uploads\/sites\/110\/2023\/03\/Seili_1-768x576-1-300x225.jpg 300w\" sizes=\"auto, (max-width: 768px) 100vw, 768px\" \/><\/figure>\n\n\n\n<h2 class=\"wp-block-heading\">Kentt\u00e4asemat pitk\u00e4aikaisdatan ker\u00e4\u00e4jin\u00e4<\/h2>\n\n\n\n<p>Kentt\u00e4asemilla on keskeinen rooli yliopistojen perusteht\u00e4vien, opetuksen ja tutkimuksen, n\u00e4k\u00f6kulmasta, ja kentt\u00e4asemat ovat erityisen t\u00e4rkeit\u00e4 erilaisten elinymp\u00e4rist\u00f6jen ekologian ymm\u00e4rt\u00e4misess\u00e4. Muuttuvan ilmaston ja heikkenev\u00e4n biodiversiteetin tutkimisessa etenkin pitk\u00e4t perinteet omaavilla kentt\u00e4asemien pitk\u00e4aikaisseurannoissa on suuri merkitys. Aineiston keruuseen ja analysointiin vaadittavat v\u00e4lineet ja menetelm\u00e4t sek\u00e4 osaaminen l\u00f6ytyv\u00e4t asemilta. N\u00e4ist\u00e4 l\u00e4ht\u00f6kohdista my\u00f6s tutkimusmenetelmien, seurantojen ja kentt\u00e4ty\u00f6skentelyn opettaminen eri alojen opiskelijoille on toimivaa. Lis\u00e4ksi majoitus- ja ruokapalvelut on j\u00e4rjestetty niin, ett\u00e4 tutkimuksen tai opetuksen j\u00e4rjest\u00e4minen hoituu k\u00e4tev\u00e4sti.<\/p>\n\n\n\n<p>Kentt\u00e4asemien toiminta ei ole ongelmatonta ja Kentt\u00e4asemap\u00e4ivien aikana k\u00e4vi ilmi, ett\u00e4 asemien haasteet ovat samankaltaisia. Resurssien niukkuus, vanheneva rakennus- ja laitekanta, pitk\u00e4t et\u00e4isyydet, koronan asettamat rajoitteet sek\u00e4 kiire, olivat l\u00e4sn\u00e4 useilla asemilla. Hankkeemme n\u00e4k\u00f6kulmasta toivoisimme yhteisty\u00f6t\u00e4 kentt\u00e4kurssien j\u00e4rjest\u00e4miseen ja mahdollisuuksia asemien k\u00e4yt\u00f6n tehostamiseen ymp\u00e4rivuotisesti. T\u00e4m\u00e4 voisi tapahtua niin, ett\u00e4 opiskelijat eri yliopistoista voisivat osallistua my\u00f6s toisten yliopistojen j\u00e4rjest\u00e4mille kentt\u00e4kursseille ja tutustua samalla kentt\u00e4asemien erityispiirteisiin ja niit\u00e4 ymp\u00e4r\u00f6iv\u00e4n luonnon ekologiaan.<\/p>\n\n\n\n<p>Toinen keskusteltu yhteisty\u00f6mahdollisuus olisi kentt\u00e4kurssien yht\u00e4aikainen j\u00e4rjest\u00e4minen eri asemilla ja kurssin aikana ker\u00e4tyn aineiston esittely my\u00f6s muilla asemilla opiskeleville. N\u00e4in saataisiin tarjottua laajempaa n\u00e4kemyst\u00e4 esimerkiksi pohjoisen Suomen ekologiasta (esim. Kilpisj\u00e4rven, Kevon ja Oulangan yhteisty\u00f6) yhden kurssin puitteissa. Lis\u00e4ksi keskusteluissa tuli esille ajatus ker\u00e4tyn ja ker\u00e4tt\u00e4v\u00e4n aineiston laajemmasta k\u00e4yt\u00f6st\u00e4 asemien ja yliopistojen kesken. T\u00e4m\u00e4 tukisi niin opetusta kuin tutkimustakin.<\/p>\n\n\n\n<p>Toki yhteisty\u00f6t\u00e4 kentt\u00e4asemien kesken on tehty aiemminkin muun muassa tarvikkeiden vaihdossa ja tutkimusaineistojen keruussa. Korona-aikana osaa asemista on hy\u00f6dynnetty my\u00f6s et\u00e4ty\u00f6kohteina.<\/p>\n\n\n\n<figure class=\"wp-block-gallery has-nested-images columns-default is-cropped wp-block-gallery-1 is-layout-flex wp-block-gallery-is-layout-flex\">\n<figure class=\"wp-block-image size-large\"><img loading=\"lazy\" decoding=\"async\" width=\"768\" height=\"576\" data-id=\"1026\" src=\"https:\/\/blogs2.uef.fi\/wp-content\/uploads\/sites\/110\/2023\/03\/257286556_1069743233864529_1376613161355753272_n-768x576-1.jpg\" alt=\"seili1-blogikuva\" class=\"wp-image-1026\" srcset=\"https:\/\/blogs2.uef.fi\/biodiversityeducation-vanha\/wp-content\/uploads\/sites\/110\/2023\/03\/257286556_1069743233864529_1376613161355753272_n-768x576-1.jpg 768w, https:\/\/blogs2.uef.fi\/biodiversityeducation-vanha\/wp-content\/uploads\/sites\/110\/2023\/03\/257286556_1069743233864529_1376613161355753272_n-768x576-1-300x225.jpg 300w\" sizes=\"auto, (max-width: 768px) 100vw, 768px\" \/><\/figure>\n\n\n\n<figure class=\"wp-block-image size-large\"><img loading=\"lazy\" decoding=\"async\" width=\"768\" height=\"576\" data-id=\"1028\" src=\"https:\/\/blogs2.uef.fi\/wp-content\/uploads\/sites\/110\/2023\/03\/seili-768x576-1.jpg\" alt=\"seili2-blogikuva\" class=\"wp-image-1028\" srcset=\"https:\/\/blogs2.uef.fi\/biodiversityeducation-vanha\/wp-content\/uploads\/sites\/110\/2023\/03\/seili-768x576-1.jpg 768w, https:\/\/blogs2.uef.fi\/biodiversityeducation-vanha\/wp-content\/uploads\/sites\/110\/2023\/03\/seili-768x576-1-300x225.jpg 300w\" sizes=\"auto, (max-width: 768px) 100vw, 768px\" \/><\/figure>\n\n\n\n<figure class=\"wp-block-image size-large\"><img loading=\"lazy\" decoding=\"async\" width=\"768\" height=\"576\" data-id=\"1030\" src=\"https:\/\/blogs2.uef.fi\/wp-content\/uploads\/sites\/110\/2023\/03\/seili-3-1-768x576-1.jpg\" alt=\"seili3-blogikuva\" class=\"wp-image-1030\" srcset=\"https:\/\/blogs2.uef.fi\/biodiversityeducation-vanha\/wp-content\/uploads\/sites\/110\/2023\/03\/seili-3-1-768x576-1.jpg 768w, https:\/\/blogs2.uef.fi\/biodiversityeducation-vanha\/wp-content\/uploads\/sites\/110\/2023\/03\/seili-3-1-768x576-1-300x225.jpg 300w\" sizes=\"auto, (max-width: 768px) 100vw, 768px\" \/><\/figure>\n<\/figure>\n\n\n\n<h2 class=\"wp-block-heading\">Seuraavia yhteisty\u00f6ajatuksia<\/h2>\n\n\n\n<p>Seilin historiaa huokuvassa milj\u00f6\u00f6ss\u00e4 k\u00e4ytiin mielenkiintoisia keskusteluja my\u00f6s tiedekasvatukseen liittyen ja pohdimme muun muassa mahdollisuutta saada kentt\u00e4asemia laajemman yleis\u00f6n tietoon ilman, ett\u00e4 turismi, el\u00e4myshakuisuus ja tutkimuksen perusluonne asettuvat ristiriitaan. Monessa paikassa edes l\u00e4hialueiden ihmiset eiv\u00e4t tied\u00e4 tarkemmin siit\u00e4, mit\u00e4 asemilla oikeastaan tutkitaan ja esimerkiksi avointen ovien p\u00e4iv\u00e4t koetaan hyv\u00e4n\u00e4 keinona tietoisuuden lis\u00e4\u00e4misess\u00e4. Lis\u00e4ksi osalla asemista j\u00e4rjestet\u00e4\u00e4n erilaisia tiedekasvatusohjelmia l\u00e4hialueiden koululaisille ja ovatpa osat asemaymp\u00e4rist\u00f6ist\u00e4 my\u00f6s turistien suosimia kohteita, kuten esimerkiksi Seili.<\/p>\n\n\n\n<p>Avauksina n\u00e4iden Kentt\u00e4asemap\u00e4ivien keskustelujen pohjalta tarjotaan medialle uutisvinkki\u00e4 kentt\u00e4asemiin liittyen ja suunnitellaan, voisiko Suomen kattavalle kentt\u00e4asemaverkostolle hakea jopa valtakunnallista teht\u00e4v\u00e4\u00e4, joka vahvistaisi kentt\u00e4asemaverkoston roolia osana yliopistoja. Lis\u00e4ksi kentt\u00e4asemien yhteisty\u00f6t\u00e4 suunniteltiin kehitett\u00e4v\u00e4ksi InterAct-verkoston ja Restat-verkoston kautta.<\/p>\n\n\n\n<p>Seilin kauniit kalliot ja marraskuun harmaudessakin tunnelmalliset niityt, kedot ja rantamets\u00e4t k\u00e4kkyr\u00e4m\u00e4ntyineen, katajineen ja p\u00e4hkin\u00e4pensaineen ihastuttivat. Kiitos, ett\u00e4 p\u00e4\u00e4simme mukaan kentt\u00e4asemap\u00e4iville! Hienoa, ett\u00e4 Suomen yliopistoilla on n\u00e4in laaja kentt\u00e4asemaverkosto, jota toivottavasti voidaan tulevaisuudessa hy\u00f6dynt\u00e4\u00e4 entist\u00e4kin laajemmin. Toivomme, ett\u00e4 yhteisty\u00f6 asemien v\u00e4lill\u00e4 tiivistyy my\u00f6s hankkeemme n\u00e4k\u00f6kulmasta ja saamme jatkaa yhteisty\u00f6t\u00e4 kanssanne.<\/p>\n\n\n\n<figure class=\"wp-block-image size-full is-resized\"><img loading=\"lazy\" decoding=\"async\" src=\"https:\/\/blogs2.uef.fi\/wp-content\/uploads\/sites\/110\/2023\/03\/Seili_2-768x576-1.jpg\" alt=\"seili4-blogikuva\" class=\"wp-image-1032\" width=\"323\" height=\"242\" srcset=\"https:\/\/blogs2.uef.fi\/biodiversityeducation-vanha\/wp-content\/uploads\/sites\/110\/2023\/03\/Seili_2-768x576-1.jpg 768w, https:\/\/blogs2.uef.fi\/biodiversityeducation-vanha\/wp-content\/uploads\/sites\/110\/2023\/03\/Seili_2-768x576-1-300x225.jpg 300w\" sizes=\"auto, (max-width: 323px) 100vw, 323px\" \/><\/figure>\n\n\n\n<p>Saaristoterveisin Elli ja Elina<\/p>\n","protected":false},"excerpt":{"rendered":"<p>Biodiversiteettikoulutushankkeen puolesta l\u00e4hdimme mukaan Seiliss\u00e4 j\u00e4rjestetyille kentt\u00e4asemap\u00e4iville kuulostelemaan kentt\u00e4asemien kuulumia, esittelem\u00e4\u00e4n hankettamme sek\u00e4 pohtimaan mahdollisuuksia yhteisty\u00f6h\u00f6n kentt\u00e4asemilla ja kentt\u00e4opetuksessa. Oli mukava p\u00e4\u00e4st\u00e4 tutustumaan kentt\u00e4asemien v\u00e4keen, kuulemaan kentt\u00e4asemien kuulumisia sek\u00e4 tapaamaan ihmisi\u00e4 pitk\u00e4n et\u00e4ajan j\u00e4lkeen. Suomessa on kentt\u00e4asemia Lapista Saaristomerelle ja ne erilaisine olosuhteineen, mutta samankaltaisine perusteht\u00e4vineen muodostavat ainutlaatuisen verkoston. Seiliss\u00e4 asemat olivat laajasti edustettuina ja [&hellip;]<\/p>\n","protected":false},"author":611,"featured_media":1026,"comment_status":"closed","ping_status":"open","sticky":false,"template":"","format":"standard","meta":{"_acf_changed":false,"footnotes":""},"categories":[15],"tags":[50,48,38,49],"class_list":["post-1023","post","type-post","status-publish","format-standard","has-post-thumbnail","hentry","category-tapahtumat","tag-kenttaasemat","tag-kenttaopetus","tag-koulutus","tag-maasto-opetus"],"acf":[],"yoast_head":"<!-- This site is optimized with the Yoast SEO plugin v27.3 - https:\/\/yoast.com\/product\/yoast-seo-wordpress\/ -->\n<title>Terveisi\u00e4 Seilist\u00e4! (11\/2021) - Biodiversiteettikoulutusverkosto<\/title>\n<meta name=\"robots\" content=\"index, follow, max-snippet:-1, max-image-preview:large, max-video-preview:-1\" \/>\n<link rel=\"canonical\" href=\"https:\/\/blogs2.uef.fi\/biodiversityeducation-vanha\/2021\/11\/29\/terveisia-seilista-11-2021\/\" \/>\n<meta property=\"og:locale\" content=\"fi_FI\" \/>\n<meta property=\"og:type\" content=\"article\" \/>\n<meta property=\"og:title\" content=\"Terveisi\u00e4 Seilist\u00e4! (11\/2021) - Biodiversiteettikoulutusverkosto\" \/>\n<meta property=\"og:description\" content=\"Biodiversiteettikoulutushankkeen puolesta l\u00e4hdimme mukaan Seiliss\u00e4 j\u00e4rjestetyille kentt\u00e4asemap\u00e4iville kuulostelemaan kentt\u00e4asemien kuulumia, esittelem\u00e4\u00e4n hankettamme sek\u00e4 pohtimaan mahdollisuuksia yhteisty\u00f6h\u00f6n kentt\u00e4asemilla ja kentt\u00e4opetuksessa. Oli mukava p\u00e4\u00e4st\u00e4 tutustumaan kentt\u00e4asemien v\u00e4keen, kuulemaan kentt\u00e4asemien kuulumisia sek\u00e4 tapaamaan ihmisi\u00e4 pitk\u00e4n et\u00e4ajan j\u00e4lkeen. Suomessa on kentt\u00e4asemia Lapista Saaristomerelle ja ne erilaisine olosuhteineen, mutta samankaltaisine perusteht\u00e4vineen muodostavat ainutlaatuisen verkoston. Seiliss\u00e4 asemat olivat laajasti edustettuina ja [&hellip;]\" \/>\n<meta property=\"og:url\" content=\"https:\/\/blogs2.uef.fi\/biodiversityeducation-vanha\/2021\/11\/29\/terveisia-seilista-11-2021\/\" \/>\n<meta property=\"og:site_name\" content=\"Biodiversiteettikoulutusverkosto\" \/>\n<meta property=\"article:published_time\" content=\"2021-11-29T12:29:00+00:00\" \/>\n<meta property=\"article:modified_time\" content=\"2023-03-15T13:58:41+00:00\" \/>\n<meta property=\"og:image\" content=\"https:\/\/blogs2.uef.fi\/biodiversityeducation-vanha\/wp-content\/uploads\/sites\/110\/2023\/03\/257286556_1069743233864529_1376613161355753272_n-768x576-1.jpg\" \/>\n\t<meta property=\"og:image:width\" content=\"768\" \/>\n\t<meta property=\"og:image:height\" content=\"576\" \/>\n\t<meta property=\"og:image:type\" content=\"image\/jpeg\" \/>\n<meta name=\"author\" content=\"kooders\" \/>\n<meta name=\"twitter:card\" content=\"summary_large_image\" \/>\n<meta name=\"twitter:label1\" content=\"Kirjoittanut\" \/>\n\t<meta name=\"twitter:data1\" content=\"kooders\" \/>\n\t<meta name=\"twitter:label2\" content=\"Arvioitu lukuaika\" \/>\n\t<meta name=\"twitter:data2\" content=\"3 minuuttia\" \/>\n<script type=\"application\/ld+json\" class=\"yoast-schema-graph\">{\"@context\":\"https:\\\/\\\/schema.org\",\"@graph\":[{\"@type\":\"Article\",\"@id\":\"https:\\\/\\\/blogs2.uef.fi\\\/biodiversityeducation-vanha\\\/2021\\\/11\\\/29\\\/terveisia-seilista-11-2021\\\/#article\",\"isPartOf\":{\"@id\":\"https:\\\/\\\/blogs2.uef.fi\\\/biodiversityeducation-vanha\\\/2021\\\/11\\\/29\\\/terveisia-seilista-11-2021\\\/\"},\"author\":{\"name\":\"kooders\",\"@id\":\"https:\\\/\\\/blogs2.uef.fi\\\/biodiversityeducation-vanha\\\/#\\\/schema\\\/person\\\/aafdd26c1ef4edf4a080b86c113b9fbb\"},\"headline\":\"Terveisi\u00e4 Seilist\u00e4! (11\\\/2021)\",\"datePublished\":\"2021-11-29T12:29:00+00:00\",\"dateModified\":\"2023-03-15T13:58:41+00:00\",\"mainEntityOfPage\":{\"@id\":\"https:\\\/\\\/blogs2.uef.fi\\\/biodiversityeducation-vanha\\\/2021\\\/11\\\/29\\\/terveisia-seilista-11-2021\\\/\"},\"wordCount\":607,\"publisher\":{\"@id\":\"https:\\\/\\\/blogs2.uef.fi\\\/biodiversityeducation-vanha\\\/#organization\"},\"image\":{\"@id\":\"https:\\\/\\\/blogs2.uef.fi\\\/biodiversityeducation-vanha\\\/2021\\\/11\\\/29\\\/terveisia-seilista-11-2021\\\/#primaryimage\"},\"thumbnailUrl\":\"https:\\\/\\\/blogs2.uef.fi\\\/biodiversityeducation-vanha\\\/wp-content\\\/uploads\\\/sites\\\/110\\\/2023\\\/03\\\/257286556_1069743233864529_1376613161355753272_n-768x576-1.jpg\",\"keywords\":[\"kentt\u00e4asemat\",\"Kentt\u00e4opetus\",\"koulutus\",\"maasto-opetus\"],\"articleSection\":[\"Tapahtumat\"],\"inLanguage\":\"fi\"},{\"@type\":\"WebPage\",\"@id\":\"https:\\\/\\\/blogs2.uef.fi\\\/biodiversityeducation-vanha\\\/2021\\\/11\\\/29\\\/terveisia-seilista-11-2021\\\/\",\"url\":\"https:\\\/\\\/blogs2.uef.fi\\\/biodiversityeducation-vanha\\\/2021\\\/11\\\/29\\\/terveisia-seilista-11-2021\\\/\",\"name\":\"Terveisi\u00e4 Seilist\u00e4! (11\\\/2021) - Biodiversiteettikoulutusverkosto\",\"isPartOf\":{\"@id\":\"https:\\\/\\\/blogs2.uef.fi\\\/biodiversityeducation-vanha\\\/#website\"},\"primaryImageOfPage\":{\"@id\":\"https:\\\/\\\/blogs2.uef.fi\\\/biodiversityeducation-vanha\\\/2021\\\/11\\\/29\\\/terveisia-seilista-11-2021\\\/#primaryimage\"},\"image\":{\"@id\":\"https:\\\/\\\/blogs2.uef.fi\\\/biodiversityeducation-vanha\\\/2021\\\/11\\\/29\\\/terveisia-seilista-11-2021\\\/#primaryimage\"},\"thumbnailUrl\":\"https:\\\/\\\/blogs2.uef.fi\\\/biodiversityeducation-vanha\\\/wp-content\\\/uploads\\\/sites\\\/110\\\/2023\\\/03\\\/257286556_1069743233864529_1376613161355753272_n-768x576-1.jpg\",\"datePublished\":\"2021-11-29T12:29:00+00:00\",\"dateModified\":\"2023-03-15T13:58:41+00:00\",\"inLanguage\":\"fi\",\"potentialAction\":[{\"@type\":\"ReadAction\",\"target\":[\"https:\\\/\\\/blogs2.uef.fi\\\/biodiversityeducation-vanha\\\/2021\\\/11\\\/29\\\/terveisia-seilista-11-2021\\\/\"]}]},{\"@type\":\"ImageObject\",\"inLanguage\":\"fi\",\"@id\":\"https:\\\/\\\/blogs2.uef.fi\\\/biodiversityeducation-vanha\\\/2021\\\/11\\\/29\\\/terveisia-seilista-11-2021\\\/#primaryimage\",\"url\":\"https:\\\/\\\/blogs2.uef.fi\\\/biodiversityeducation-vanha\\\/wp-content\\\/uploads\\\/sites\\\/110\\\/2023\\\/03\\\/257286556_1069743233864529_1376613161355753272_n-768x576-1.jpg\",\"contentUrl\":\"https:\\\/\\\/blogs2.uef.fi\\\/biodiversityeducation-vanha\\\/wp-content\\\/uploads\\\/sites\\\/110\\\/2023\\\/03\\\/257286556_1069743233864529_1376613161355753272_n-768x576-1.jpg\",\"width\":768,\"height\":576,\"caption\":\"seili1-blogikuva\"},{\"@type\":\"WebSite\",\"@id\":\"https:\\\/\\\/blogs2.uef.fi\\\/biodiversityeducation-vanha\\\/#website\",\"url\":\"https:\\\/\\\/blogs2.uef.fi\\\/biodiversityeducation-vanha\\\/\",\"name\":\"Biodiversiteettikoulutusverkosto\",\"description\":\"\",\"publisher\":{\"@id\":\"https:\\\/\\\/blogs2.uef.fi\\\/biodiversityeducation-vanha\\\/#organization\"},\"potentialAction\":[{\"@type\":\"SearchAction\",\"target\":{\"@type\":\"EntryPoint\",\"urlTemplate\":\"https:\\\/\\\/blogs2.uef.fi\\\/biodiversityeducation-vanha\\\/?s={search_term_string}\"},\"query-input\":{\"@type\":\"PropertyValueSpecification\",\"valueRequired\":true,\"valueName\":\"search_term_string\"}}],\"inLanguage\":\"fi\"},{\"@type\":\"Organization\",\"@id\":\"https:\\\/\\\/blogs2.uef.fi\\\/biodiversityeducation-vanha\\\/#organization\",\"name\":\"Biodiversiteettikoulutusverkosto\",\"url\":\"https:\\\/\\\/blogs2.uef.fi\\\/biodiversityeducation-vanha\\\/\",\"logo\":{\"@type\":\"ImageObject\",\"inLanguage\":\"fi\",\"@id\":\"https:\\\/\\\/blogs2.uef.fi\\\/biodiversityeducation-vanha\\\/#\\\/schema\\\/logo\\\/image\\\/\",\"url\":\"https:\\\/\\\/blogs2.uef.fi\\\/biodiversityeducation-vanha\\\/wp-content\\\/uploads\\\/sites\\\/110\\\/2023\\\/01\\\/Logo-ja-teksti.png\",\"contentUrl\":\"https:\\\/\\\/blogs2.uef.fi\\\/biodiversityeducation-vanha\\\/wp-content\\\/uploads\\\/sites\\\/110\\\/2023\\\/01\\\/Logo-ja-teksti.png\",\"width\":785,\"height\":247,\"caption\":\"Biodiversiteettikoulutusverkosto\"},\"image\":{\"@id\":\"https:\\\/\\\/blogs2.uef.fi\\\/biodiversityeducation-vanha\\\/#\\\/schema\\\/logo\\\/image\\\/\"}},{\"@type\":\"Person\",\"@id\":\"https:\\\/\\\/blogs2.uef.fi\\\/biodiversityeducation-vanha\\\/#\\\/schema\\\/person\\\/aafdd26c1ef4edf4a080b86c113b9fbb\",\"name\":\"kooders\",\"image\":{\"@type\":\"ImageObject\",\"inLanguage\":\"fi\",\"@id\":\"https:\\\/\\\/secure.gravatar.com\\\/avatar\\\/27c6f0d998226cd3aac69b7071a685c1c0427bcb2dcb1d313d098c47e7746fc9?s=96&d=mm&r=g\",\"url\":\"https:\\\/\\\/secure.gravatar.com\\\/avatar\\\/27c6f0d998226cd3aac69b7071a685c1c0427bcb2dcb1d313d098c47e7746fc9?s=96&d=mm&r=g\",\"contentUrl\":\"https:\\\/\\\/secure.gravatar.com\\\/avatar\\\/27c6f0d998226cd3aac69b7071a685c1c0427bcb2dcb1d313d098c47e7746fc9?s=96&d=mm&r=g\",\"caption\":\"kooders\"},\"sameAs\":[\"https:\\\/\\\/www.biodiversityeducation.fi\"],\"url\":\"https:\\\/\\\/blogs2.uef.fi\\\/biodiversityeducation-vanha\\\/author\\\/kooders\\\/\"}]}<\/script>\n<!-- \/ Yoast SEO plugin. -->","yoast_head_json":{"title":"Terveisi\u00e4 Seilist\u00e4! (11\/2021) - Biodiversiteettikoulutusverkosto","robots":{"index":"index","follow":"follow","max-snippet":"max-snippet:-1","max-image-preview":"max-image-preview:large","max-video-preview":"max-video-preview:-1"},"canonical":"https:\/\/blogs2.uef.fi\/biodiversityeducation-vanha\/2021\/11\/29\/terveisia-seilista-11-2021\/","og_locale":"fi_FI","og_type":"article","og_title":"Terveisi\u00e4 Seilist\u00e4! (11\/2021) - Biodiversiteettikoulutusverkosto","og_description":"Biodiversiteettikoulutushankkeen puolesta l\u00e4hdimme mukaan Seiliss\u00e4 j\u00e4rjestetyille kentt\u00e4asemap\u00e4iville kuulostelemaan kentt\u00e4asemien kuulumia, esittelem\u00e4\u00e4n hankettamme sek\u00e4 pohtimaan mahdollisuuksia yhteisty\u00f6h\u00f6n kentt\u00e4asemilla ja kentt\u00e4opetuksessa. Oli mukava p\u00e4\u00e4st\u00e4 tutustumaan kentt\u00e4asemien v\u00e4keen, kuulemaan kentt\u00e4asemien kuulumisia sek\u00e4 tapaamaan ihmisi\u00e4 pitk\u00e4n et\u00e4ajan j\u00e4lkeen. Suomessa on kentt\u00e4asemia Lapista Saaristomerelle ja ne erilaisine olosuhteineen, mutta samankaltaisine perusteht\u00e4vineen muodostavat ainutlaatuisen verkoston. Seiliss\u00e4 asemat olivat laajasti edustettuina ja [&hellip;]","og_url":"https:\/\/blogs2.uef.fi\/biodiversityeducation-vanha\/2021\/11\/29\/terveisia-seilista-11-2021\/","og_site_name":"Biodiversiteettikoulutusverkosto","article_published_time":"2021-11-29T12:29:00+00:00","article_modified_time":"2023-03-15T13:58:41+00:00","og_image":[{"width":768,"height":576,"url":"https:\/\/blogs2.uef.fi\/biodiversityeducation-vanha\/wp-content\/uploads\/sites\/110\/2023\/03\/257286556_1069743233864529_1376613161355753272_n-768x576-1.jpg","type":"image\/jpeg"}],"author":"kooders","twitter_card":"summary_large_image","twitter_misc":{"Kirjoittanut":"kooders","Arvioitu lukuaika":"3 minuuttia"},"schema":{"@context":"https:\/\/schema.org","@graph":[{"@type":"Article","@id":"https:\/\/blogs2.uef.fi\/biodiversityeducation-vanha\/2021\/11\/29\/terveisia-seilista-11-2021\/#article","isPartOf":{"@id":"https:\/\/blogs2.uef.fi\/biodiversityeducation-vanha\/2021\/11\/29\/terveisia-seilista-11-2021\/"},"author":{"name":"kooders","@id":"https:\/\/blogs2.uef.fi\/biodiversityeducation-vanha\/#\/schema\/person\/aafdd26c1ef4edf4a080b86c113b9fbb"},"headline":"Terveisi\u00e4 Seilist\u00e4! (11\/2021)","datePublished":"2021-11-29T12:29:00+00:00","dateModified":"2023-03-15T13:58:41+00:00","mainEntityOfPage":{"@id":"https:\/\/blogs2.uef.fi\/biodiversityeducation-vanha\/2021\/11\/29\/terveisia-seilista-11-2021\/"},"wordCount":607,"publisher":{"@id":"https:\/\/blogs2.uef.fi\/biodiversityeducation-vanha\/#organization"},"image":{"@id":"https:\/\/blogs2.uef.fi\/biodiversityeducation-vanha\/2021\/11\/29\/terveisia-seilista-11-2021\/#primaryimage"},"thumbnailUrl":"https:\/\/blogs2.uef.fi\/biodiversityeducation-vanha\/wp-content\/uploads\/sites\/110\/2023\/03\/257286556_1069743233864529_1376613161355753272_n-768x576-1.jpg","keywords":["kentt\u00e4asemat","Kentt\u00e4opetus","koulutus","maasto-opetus"],"articleSection":["Tapahtumat"],"inLanguage":"fi"},{"@type":"WebPage","@id":"https:\/\/blogs2.uef.fi\/biodiversityeducation-vanha\/2021\/11\/29\/terveisia-seilista-11-2021\/","url":"https:\/\/blogs2.uef.fi\/biodiversityeducation-vanha\/2021\/11\/29\/terveisia-seilista-11-2021\/","name":"Terveisi\u00e4 Seilist\u00e4! (11\/2021) - Biodiversiteettikoulutusverkosto","isPartOf":{"@id":"https:\/\/blogs2.uef.fi\/biodiversityeducation-vanha\/#website"},"primaryImageOfPage":{"@id":"https:\/\/blogs2.uef.fi\/biodiversityeducation-vanha\/2021\/11\/29\/terveisia-seilista-11-2021\/#primaryimage"},"image":{"@id":"https:\/\/blogs2.uef.fi\/biodiversityeducation-vanha\/2021\/11\/29\/terveisia-seilista-11-2021\/#primaryimage"},"thumbnailUrl":"https:\/\/blogs2.uef.fi\/biodiversityeducation-vanha\/wp-content\/uploads\/sites\/110\/2023\/03\/257286556_1069743233864529_1376613161355753272_n-768x576-1.jpg","datePublished":"2021-11-29T12:29:00+00:00","dateModified":"2023-03-15T13:58:41+00:00","inLanguage":"fi","potentialAction":[{"@type":"ReadAction","target":["https:\/\/blogs2.uef.fi\/biodiversityeducation-vanha\/2021\/11\/29\/terveisia-seilista-11-2021\/"]}]},{"@type":"ImageObject","inLanguage":"fi","@id":"https:\/\/blogs2.uef.fi\/biodiversityeducation-vanha\/2021\/11\/29\/terveisia-seilista-11-2021\/#primaryimage","url":"https:\/\/blogs2.uef.fi\/biodiversityeducation-vanha\/wp-content\/uploads\/sites\/110\/2023\/03\/257286556_1069743233864529_1376613161355753272_n-768x576-1.jpg","contentUrl":"https:\/\/blogs2.uef.fi\/biodiversityeducation-vanha\/wp-content\/uploads\/sites\/110\/2023\/03\/257286556_1069743233864529_1376613161355753272_n-768x576-1.jpg","width":768,"height":576,"caption":"seili1-blogikuva"},{"@type":"WebSite","@id":"https:\/\/blogs2.uef.fi\/biodiversityeducation-vanha\/#website","url":"https:\/\/blogs2.uef.fi\/biodiversityeducation-vanha\/","name":"Biodiversiteettikoulutusverkosto","description":"","publisher":{"@id":"https:\/\/blogs2.uef.fi\/biodiversityeducation-vanha\/#organization"},"potentialAction":[{"@type":"SearchAction","target":{"@type":"EntryPoint","urlTemplate":"https:\/\/blogs2.uef.fi\/biodiversityeducation-vanha\/?s={search_term_string}"},"query-input":{"@type":"PropertyValueSpecification","valueRequired":true,"valueName":"search_term_string"}}],"inLanguage":"fi"},{"@type":"Organization","@id":"https:\/\/blogs2.uef.fi\/biodiversityeducation-vanha\/#organization","name":"Biodiversiteettikoulutusverkosto","url":"https:\/\/blogs2.uef.fi\/biodiversityeducation-vanha\/","logo":{"@type":"ImageObject","inLanguage":"fi","@id":"https:\/\/blogs2.uef.fi\/biodiversityeducation-vanha\/#\/schema\/logo\/image\/","url":"https:\/\/blogs2.uef.fi\/biodiversityeducation-vanha\/wp-content\/uploads\/sites\/110\/2023\/01\/Logo-ja-teksti.png","contentUrl":"https:\/\/blogs2.uef.fi\/biodiversityeducation-vanha\/wp-content\/uploads\/sites\/110\/2023\/01\/Logo-ja-teksti.png","width":785,"height":247,"caption":"Biodiversiteettikoulutusverkosto"},"image":{"@id":"https:\/\/blogs2.uef.fi\/biodiversityeducation-vanha\/#\/schema\/logo\/image\/"}},{"@type":"Person","@id":"https:\/\/blogs2.uef.fi\/biodiversityeducation-vanha\/#\/schema\/person\/aafdd26c1ef4edf4a080b86c113b9fbb","name":"kooders","image":{"@type":"ImageObject","inLanguage":"fi","@id":"https:\/\/secure.gravatar.com\/avatar\/27c6f0d998226cd3aac69b7071a685c1c0427bcb2dcb1d313d098c47e7746fc9?s=96&d=mm&r=g","url":"https:\/\/secure.gravatar.com\/avatar\/27c6f0d998226cd3aac69b7071a685c1c0427bcb2dcb1d313d098c47e7746fc9?s=96&d=mm&r=g","contentUrl":"https:\/\/secure.gravatar.com\/avatar\/27c6f0d998226cd3aac69b7071a685c1c0427bcb2dcb1d313d098c47e7746fc9?s=96&d=mm&r=g","caption":"kooders"},"sameAs":["https:\/\/www.biodiversityeducation.fi"],"url":"https:\/\/blogs2.uef.fi\/biodiversityeducation-vanha\/author\/kooders\/"}]}},"_links":{"self":[{"href":"https:\/\/blogs2.uef.fi\/biodiversityeducation-vanha\/wp-json\/wp\/v2\/posts\/1023","targetHints":{"allow":["GET"]}}],"collection":[{"href":"https:\/\/blogs2.uef.fi\/biodiversityeducation-vanha\/wp-json\/wp\/v2\/posts"}],"about":[{"href":"https:\/\/blogs2.uef.fi\/biodiversityeducation-vanha\/wp-json\/wp\/v2\/types\/post"}],"author":[{"embeddable":true,"href":"https:\/\/blogs2.uef.fi\/biodiversityeducation-vanha\/wp-json\/wp\/v2\/users\/611"}],"replies":[{"embeddable":true,"href":"https:\/\/blogs2.uef.fi\/biodiversityeducation-vanha\/wp-json\/wp\/v2\/comments?post=1023"}],"version-history":[{"count":4,"href":"https:\/\/blogs2.uef.fi\/biodiversityeducation-vanha\/wp-json\/wp\/v2\/posts\/1023\/revisions"}],"predecessor-version":[{"id":1263,"href":"https:\/\/blogs2.uef.fi\/biodiversityeducation-vanha\/wp-json\/wp\/v2\/posts\/1023\/revisions\/1263"}],"wp:featuredmedia":[{"embeddable":true,"href":"https:\/\/blogs2.uef.fi\/biodiversityeducation-vanha\/wp-json\/wp\/v2\/media\/1026"}],"wp:attachment":[{"href":"https:\/\/blogs2.uef.fi\/biodiversityeducation-vanha\/wp-json\/wp\/v2\/media?parent=1023"}],"wp:term":[{"taxonomy":"category","embeddable":true,"href":"https:\/\/blogs2.uef.fi\/biodiversityeducation-vanha\/wp-json\/wp\/v2\/categories?post=1023"},{"taxonomy":"post_tag","embeddable":true,"href":"https:\/\/blogs2.uef.fi\/biodiversityeducation-vanha\/wp-json\/wp\/v2\/tags?post=1023"}],"curies":[{"name":"wp","href":"https:\/\/api.w.org\/{rel}","templated":true}]}}