{"id":1035,"date":"2022-01-24T14:49:00","date_gmt":"2022-01-24T12:49:00","guid":{"rendered":"https:\/\/www.biodiversityeducation.fi\/?p=1035"},"modified":"2023-03-15T15:47:45","modified_gmt":"2023-03-15T13:47:45","slug":"biodiversity-now-ymmarrysta-luontokadosta-uuden-verkkokurssin-avulla-1-2022","status":"publish","type":"post","link":"https:\/\/blogs2.uef.fi\/biodiversityeducation-vanha\/2022\/01\/24\/biodiversity-now-ymmarrysta-luontokadosta-uuden-verkkokurssin-avulla-1-2022\/","title":{"rendered":"Biodiversity.now \u2013 Ymm\u00e4rryst\u00e4 luontokadosta uuden verkkokurssin avulla (1\/2022)"},"content":{"rendered":"<div class=\"wp-block-image\">\n<figure class=\"aligncenter size-full\"><img loading=\"lazy\" decoding=\"async\" width=\"1024\" height=\"911\" src=\"https:\/\/blogs2.uef.fi\/wp-content\/uploads\/sites\/110\/2023\/03\/Kuva1-1024x911-1.png\" alt=\"kolmikko-blogikuva\" class=\"wp-image-1036\" srcset=\"https:\/\/blogs2.uef.fi\/biodiversityeducation-vanha\/wp-content\/uploads\/sites\/110\/2023\/03\/Kuva1-1024x911-1.png 1024w, https:\/\/blogs2.uef.fi\/biodiversityeducation-vanha\/wp-content\/uploads\/sites\/110\/2023\/03\/Kuva1-1024x911-1-300x267.png 300w, https:\/\/blogs2.uef.fi\/biodiversityeducation-vanha\/wp-content\/uploads\/sites\/110\/2023\/03\/Kuva1-1024x911-1-768x683.png 768w\" sizes=\"auto, (max-width: 1024px) 100vw, 1024px\" \/><\/figure>\n<\/div>\n\n\n<p>Hyv\u00e4\u00e4 kansainv\u00e4list\u00e4 koulutuksen p\u00e4iv\u00e4\u00e4!<\/p>\n\n\n\n<p>Olemme p\u00e4\u00e4sseet hankkeessa hyvin liikkeelle opetuksen kehitt\u00e4misen merkeiss\u00e4. Kansainv\u00e4lisen koulutuksen p\u00e4iv\u00e4n kunniaksi haluamme syventy\u00e4 Biodiversity.now -kurssiin, jota olemme tekem\u00e4ss\u00e4 yhdess\u00e4 Climate Universityn ja UnaEuropan kanssa.<\/p>\n\n\n\n<h2 class=\"wp-block-heading\">Kurssista<\/h2>\n\n\n\n<p>Biodiversity.now -kurssista on tulossa viiden opintopisteen laajuinen kurssikokonaisuus, joka koostuu kahden opintopisteen MOOC-osiosta ja kolmen opintopisteen projektity\u00f6osiosta. Kurssi tulee olemaan osa my\u00f6s Climate Universityn ja UnaEuropan kurssitarjontaa, joten se on englanninkielinen. Koemme kansainv\u00e4lisen kurssin olevan oivallinen tapa l\u00e4hesty\u00e4 globaaleja ratkaisuja vaativaa biodiversiteettikriisi\u00e4!<\/p>\n\n\n<div class=\"wp-block-image\">\n<figure class=\"aligncenter size-full\"><img loading=\"lazy\" decoding=\"async\" width=\"768\" height=\"527\" src=\"https:\/\/blogs2.uef.fi\/wp-content\/uploads\/sites\/110\/2023\/03\/Kuva2-768x527-1.jpg\" alt=\"biodiversity-blogikuva\" class=\"wp-image-1038\" srcset=\"https:\/\/blogs2.uef.fi\/biodiversityeducation-vanha\/wp-content\/uploads\/sites\/110\/2023\/03\/Kuva2-768x527-1.jpg 768w, https:\/\/blogs2.uef.fi\/biodiversityeducation-vanha\/wp-content\/uploads\/sites\/110\/2023\/03\/Kuva2-768x527-1-300x206.jpg 300w\" sizes=\"auto, (max-width: 768px) 100vw, 768px\" \/><figcaption class=\"wp-element-caption\">Biodiversity.now -kurssilla k\u00e4sitell\u00e4\u00e4n muun muassa biodiversiteetin muodostumista ja biodiversiteettikriisin k\u00e4sitett\u00e4. Toisiinsa vahvasti linkittyvi\u00e4 ja p\u00e4\u00e4llekk\u00e4isi\u00e4 k\u00e4sitteit\u00e4 biodiversiteettiin liittyen on reilusti.<\/figcaption><\/figure>\n<\/div>\n\n\n<p>Biodiversity.now -kurssi on maisteritason kurssi, mutta avoin kaikille aiheesta kiinnostuneille. Tavoitteenamme on kehitt\u00e4\u00e4 biodiversiteettiaiheinen kurssi, joka olisi mahdollisimman monitieteinen ja kiinnostava. Haluamme, ett\u00e4 kurssi tarjoaa mielenkiintoista sis\u00e4lt\u00f6\u00e4 opiskelijan tieteenalasta riippumatta ja tavoitteenamme on her\u00e4tt\u00e4\u00e4 opiskelijan kiinnostus biodiversiteettiaiheisiin sek\u00e4 tarjota konkreettisia ratkaisuja biodiversiteettikriisin pys\u00e4ytt\u00e4miseksi. Kurssilla haluamme korostaa opiskelijoiden omaa toimijuutta ja osallisuutta yhteiskunnallisessa muutoksessa kannustamalla miettim\u00e4\u00e4n ja pohtimaan biodiversiteettikriisi\u00e4 opiskelijan oman alan ja tulevaisuuden kannalta. Kurssin suunnitellaan toimivan my\u00f6s peruskoulun tai toisen asteen opettajien lis\u00e4koulutuksena ja n\u00e4in tukevan jatkuvaa oppimista biodiversiteettiaiheiden parissa. Kurssity\u00f6h\u00f6n on saatu ideoita ja tukea Jyv\u00e4skyl\u00e4n Kest\u00e4vyys- ja vastuullisuusseminaarin osallistujilta, ja kurssity\u00f6ss\u00e4 on mukana yhteisty\u00f6kumppaneita eri yrityksist\u00e4 ja oppilaitoksista.<\/p>\n\n\n\n<h2 class=\"wp-block-heading\">Moduulit<\/h2>\n\n\n\n<p>Kurssi sis\u00e4lt\u00e4\u00e4 yhteens\u00e4 viisi moduulia sek\u00e4 taustatieto-osion, jonka tarkoituksena on tarjota tukea kurssin opiskeluun ja taustatietoa opiskelijoille, joilla ei ole aikaisempaa kokemusta biodiversiteettiaiheista. Ensimm\u00e4isess\u00e4 moduulissa esittelemme, mit\u00e4 biodiversiteetill\u00e4 ja biodiversiteettikriisill\u00e4 tarkoitetaan ja pohdimme, miten biodiversiteettikriisi linkittyy kest\u00e4vyyskriisiin. Moduulissa haluamme my\u00f6s k\u00e4yd\u00e4 l\u00e4pi biodiversiteettikeskusteluun liittyvi\u00e4 arvoja.<\/p>\n\n\n\n<p>Toisessa moduulissa syvennymme luonnon monimuotoisuutta uhkaaviin tekij\u00f6ihin: Mit\u00e4 biodiversiteetin heikkeneminen tarkoittaa ja mitk\u00e4 tekij\u00e4t sit\u00e4 aiheuttavat? Tarkastelemme ihmistoimintaa biodiversiteettikriisin ajajana. Lis\u00e4ksi toisen moduulin lopussa k\u00e4ymme l\u00e4pi, miten biodiversiteetti\u00e4 tutkitaan ja miksi tutkimus on t\u00e4rke\u00e4\u00e4. Tavoitteenamme on tuoda esiin tutkijoita ja asiantuntijoita sek\u00e4 heid\u00e4n biodiversiteettiin linkittyv\u00e4\u00e4 tutkimustaan.<\/p>\n\n\n\n<p>Moduulissa kolme keskitymme etsim\u00e4\u00e4n ratkaisuja biodiversiteettikriisiin. T\u00e4rke\u00e4\u00e4 on tarjota keinoja oman osaamisen hy\u00f6dynt\u00e4miseksi biodiversiteetin suojelussa ja kriisin pys\u00e4ytt\u00e4misess\u00e4. Haluamme t\u00e4ss\u00e4 moduulissa tuoda esiin mahdollisimman monitieteellisen kattauksen vaikuttamisen keinoja.<\/p>\n\n\n\n<p>Nelj\u00e4s moduuli kattaa biodiversiteetin ajankohtaisimmat aiheet sek\u00e4 pohtii median vaikutuksia ajatteluumme ja toimintaamme sek\u00e4 sit\u00e4, miten mediaan tulisi suhtautua. Tavoitteenamme on tarjota kuva luonnon monimuotoisuuteen linkittyvien aiheiden kehityssuunnista sek\u00e4 ymm\u00e4rryst\u00e4 siit\u00e4, mink\u00e4lainen rooli medialla on biodiversiteettiaiheista puhuttaessa. Moduulissa katse k\u00e4\u00e4nnet\u00e4\u00e4n syist\u00e4 ja seurauksista tulevaisuuteen. Viidenness\u00e4 moduulissa ker\u00e4\u00e4mme kurssin opiskelijoilta palautetta sek\u00e4 ohjaamme opiskelijoita itsereflektioon. Lis\u00e4ksi hy\u00f6dynn\u00e4mme palautetta kurssin kehitt\u00e4miseksi.<\/p>\n\n\n\n<h2 class=\"wp-block-heading\">Menetelm\u00e4t<\/h2>\n\n\n\n<p>MOOC-kurssilla k\u00e4ytett\u00e4vien menetelmien valinnassa kiinnit\u00e4mme huomiota itseohjautuvuuteen, oppimisen aktivointiin ja osaamisen syvent\u00e4miseen sek\u00e4 teht\u00e4vien tarkoituksenmukaisuuteen ja siihen, millaista ty\u00f6t\u00e4 teht\u00e4vien tarkistaminen vaatii opettajalta. Videoiden yhteydess\u00e4 on tarkoituksena aktivoida opiskelijoita pohtimaan teemaa ja seuraamaan omaa oppimista. Kurssin teht\u00e4viin on suunniteltu keskustelualueteht\u00e4vi\u00e4, joissa opiskelijat p\u00e4\u00e4sev\u00e4t kirjoittamaan lyhyit\u00e4 tekstej\u00e4 eri n\u00e4k\u00f6kulmista ja tutustumaan toistensa vastauksiin. N\u00e4m\u00e4 teht\u00e4v\u00e4t my\u00f6s ohjaavat opiskelijoita itsereflektioon biodiversiteettikysymysten ja oman alan ja kokemusmaailman yhteydest\u00e4. Teht\u00e4vien kautta halutaan paitsi kerrata keskeisi\u00e4 asioita ja luoda motivaatiota oppimiseen, my\u00f6s kannustaa opiskelijoita pohtimaan omaa ja oman alan arvoja ohjaavaa toimintaa. Kurssin video- ja lukumateriaalit soveltuvat tutustuttaviksi my\u00f6s ilman suoritustavoitteita.<\/p>\n\n\n\n<h2 class=\"wp-block-heading\">Projektity\u00f6osuus<\/h2>\n\n\n\n<p>Kurssin projektity\u00f6osuus on MOOC-kurssia vapaampi kokonaisuus ja p\u00e4\u00e4s\u00e4\u00e4nt\u00f6isesti kurssia opettavan opettajan vastuulla. Hankkeessa keskitymme kokoamaan esimerkkej\u00e4 ja ideoita projektiteht\u00e4viksi kurssille. Tavoitteena on, ett\u00e4 kurssin projektity\u00f6osuudella voidaan syventy\u00e4 biodiversiteettiaiheeseen sellaisilla menetelmill\u00e4, jotka eiv\u00e4t MOOC-kurssilla ole mahdollisia. T\u00e4llaisia ty\u00f6tapoja voivat esimerkiksi olla ryhm\u00e4ty\u00f6skentelyt, tapaustutkimukset tai tutkimussuunnitelman laatiminen. Projektiosuudella opiskelijan on my\u00f6s mahdollista saada henkil\u00f6kohtaisempaa palautetta kuin MOOC-kurssilla.<\/p>\n\n\n\n<figure class=\"wp-block-image size-full\"><img loading=\"lazy\" decoding=\"async\" width=\"768\" height=\"418\" src=\"https:\/\/blogs2.uef.fi\/wp-content\/uploads\/sites\/110\/2023\/03\/Kuva3-768x418-1.jpg\" alt=\"kurssi-blogikuva\" class=\"wp-image-1040\" srcset=\"https:\/\/blogs2.uef.fi\/biodiversityeducation-vanha\/wp-content\/uploads\/sites\/110\/2023\/03\/Kuva3-768x418-1.jpg 768w, https:\/\/blogs2.uef.fi\/biodiversityeducation-vanha\/wp-content\/uploads\/sites\/110\/2023\/03\/Kuva3-768x418-1-300x163.jpg 300w\" sizes=\"auto, (max-width: 768px) 100vw, 768px\" \/><figcaption class=\"wp-element-caption\">Kurssin suunniteltu rakenne. Kurssin oppimateriaali auttaa uusien tietojen oppimisessa ja lukumateriaalin avulla opiskelija p\u00e4\u00e4see syvent\u00e4m\u00e4\u00e4n ja t\u00e4ydent\u00e4m\u00e4\u00e4n osaamistaan. Kurssin teht\u00e4vien avulla syvennet\u00e4\u00e4n ja monipuolistetaan oppimista sek\u00e4 p\u00e4\u00e4st\u00e4\u00e4n pohtimaan omia arvoja ja n\u00e4k\u00f6kulmia monitieteisesti. Osaamistestit varmistavat oppimistavoitteiden mukaisen osaamisen ja rytmitt\u00e4v\u00e4t kurssin opiskelua. Yhdess\u00e4 interaktiivisten aktiviteettien kanssa kurssin oppimateriaaleista, teht\u00e4vist\u00e4, testeist\u00e4 ja lukumateriaaleista muodostuu kiinnostava oppimiskokonaisuus.<\/figcaption><\/figure>\n\n\n\n<p>Seuraavina ty\u00f6vaiheina Biodiversity.now -kurssin tekemisess\u00e4 ovat sis\u00e4ll\u00f6ntuottaminen sek\u00e4 k\u00e4ytt\u00f6oikeuksiin, saavutettavuuteen ja visuaalisuuteen liittyvien k\u00e4yt\u00e4nn\u00f6nkysymysten selvent\u00e4minen. Mik\u00e4li olet kiinnostunut tuottamaan sis\u00e4lt\u00f6\u00e4 kurssille, ota rohkeasti yhteytt\u00e4!<\/p>\n\n\n\n<p>Kurssity\u00f6terveisin Iida-Sofia ja Elli<\/p>\n\n\n\n<pre class=\"wp-block-code has-background\" style=\"background-color:#f1fbfb\"><code>Biodiversity.now MOOC-kurssi p\u00e4hkin\u00e4nkuoressa\n\n- Kahden opintopisteen laajuinen englanninkielinen maisteritasolle suunnattu MOOC-kurssi\n- Sopii kaikkien tieteenalojen opiskelijoille\n- Kurssi sis\u00e4lt\u00e4\u00e4 5 moduulia, joissa k\u00e4sitell\u00e4\u00e4n biodiversiteetti\u00e4 muun muassa seuraavista n\u00e4k\u00f6kulmista:\no Miksi puhutaan biodiversiteettikriisist\u00e4?\no Mihin kriisi voi johtaa?\no Mill\u00e4 keinoilla luontokatoa voi hillit\u00e4 ja hallita?\no Biodiversiteetti, min\u00e4 ja media. Mit\u00e4 min\u00e4 voin tehd\u00e4 biodiversiteetin hyv\u00e4ksi, miten media muuttaa ajatuksiamme biodiversiteetist\u00e4 ja miten suhtautua siihen?\n- Kurssin tavoitteena on aktivoida opiskelijoita miettim\u00e4\u00e4n biodiversiteetti\u00e4 omien arvojen ja alan sek\u00e4 yhteisen tulevaisuuden n\u00e4k\u00f6kulmista.\n- Yhteisty\u00f6ss\u00e4 Climate University, Una Europa ja Biodiversiteettikoulutusverkosto \n- Lis\u00e4tietoa my\u00f6hemmin!<\/code><\/pre>\n\n\n\n<p><\/p>\n","protected":false},"excerpt":{"rendered":"<p>Hyv\u00e4\u00e4 kansainv\u00e4list\u00e4 koulutuksen p\u00e4iv\u00e4\u00e4! Olemme p\u00e4\u00e4sseet hankkeessa hyvin liikkeelle opetuksen kehitt\u00e4misen merkeiss\u00e4. Kansainv\u00e4lisen koulutuksen p\u00e4iv\u00e4n kunniaksi haluamme syventy\u00e4 Biodiversity.now -kurssiin, jota olemme tekem\u00e4ss\u00e4 yhdess\u00e4 Climate Universityn ja UnaEuropan kanssa. Kurssista Biodiversity.now -kurssista on tulossa viiden opintopisteen laajuinen kurssikokonaisuus, joka koostuu kahden opintopisteen MOOC-osiosta ja kolmen opintopisteen projektity\u00f6osiosta. Kurssi tulee olemaan osa my\u00f6s Climate Universityn ja [&hellip;]<\/p>\n","protected":false},"author":611,"featured_media":1036,"comment_status":"closed","ping_status":"open","sticky":false,"template":"","format":"standard","meta":{"_acf_changed":false,"footnotes":""},"categories":[1],"tags":[31,47,39,46,28],"class_list":["post-1035","post","type-post","status-publish","format-standard","has-post-thumbnail","hentry","category-hankekuulumiset","tag-climate-university","tag-luontokato","tag-oppiminen","tag-una-europa","tag-verkkokurssi"],"acf":[],"yoast_head":"<!-- This site is optimized with the Yoast SEO plugin v27.3 - https:\/\/yoast.com\/product\/yoast-seo-wordpress\/ -->\n<title>Biodiversity.now \u2013 Ymm\u00e4rryst\u00e4 luontokadosta uuden verkkokurssin avulla (1\/2022) - Biodiversiteettikoulutusverkosto<\/title>\n<meta name=\"robots\" content=\"index, follow, max-snippet:-1, max-image-preview:large, max-video-preview:-1\" \/>\n<link rel=\"canonical\" href=\"https:\/\/blogs2.uef.fi\/biodiversityeducation-vanha\/2022\/01\/24\/biodiversity-now-ymmarrysta-luontokadosta-uuden-verkkokurssin-avulla-1-2022\/\" \/>\n<meta property=\"og:locale\" content=\"fi_FI\" \/>\n<meta property=\"og:type\" content=\"article\" \/>\n<meta property=\"og:title\" content=\"Biodiversity.now \u2013 Ymm\u00e4rryst\u00e4 luontokadosta uuden verkkokurssin avulla (1\/2022) - Biodiversiteettikoulutusverkosto\" \/>\n<meta property=\"og:description\" content=\"Hyv\u00e4\u00e4 kansainv\u00e4list\u00e4 koulutuksen p\u00e4iv\u00e4\u00e4! Olemme p\u00e4\u00e4sseet hankkeessa hyvin liikkeelle opetuksen kehitt\u00e4misen merkeiss\u00e4. Kansainv\u00e4lisen koulutuksen p\u00e4iv\u00e4n kunniaksi haluamme syventy\u00e4 Biodiversity.now -kurssiin, jota olemme tekem\u00e4ss\u00e4 yhdess\u00e4 Climate Universityn ja UnaEuropan kanssa. Kurssista Biodiversity.now -kurssista on tulossa viiden opintopisteen laajuinen kurssikokonaisuus, joka koostuu kahden opintopisteen MOOC-osiosta ja kolmen opintopisteen projektity\u00f6osiosta. Kurssi tulee olemaan osa my\u00f6s Climate Universityn ja [&hellip;]\" \/>\n<meta property=\"og:url\" content=\"https:\/\/blogs2.uef.fi\/biodiversityeducation-vanha\/2022\/01\/24\/biodiversity-now-ymmarrysta-luontokadosta-uuden-verkkokurssin-avulla-1-2022\/\" \/>\n<meta property=\"og:site_name\" content=\"Biodiversiteettikoulutusverkosto\" \/>\n<meta property=\"article:published_time\" content=\"2022-01-24T12:49:00+00:00\" \/>\n<meta property=\"article:modified_time\" content=\"2023-03-15T13:47:45+00:00\" \/>\n<meta property=\"og:image\" content=\"https:\/\/blogs2.uef.fi\/biodiversityeducation-vanha\/wp-content\/uploads\/sites\/110\/2023\/03\/Kuva1-1024x911-1.png\" \/>\n\t<meta property=\"og:image:width\" content=\"1024\" \/>\n\t<meta property=\"og:image:height\" content=\"911\" \/>\n\t<meta property=\"og:image:type\" content=\"image\/png\" \/>\n<meta name=\"author\" content=\"kooders\" \/>\n<meta name=\"twitter:card\" content=\"summary_large_image\" \/>\n<meta name=\"twitter:label1\" content=\"Kirjoittanut\" \/>\n\t<meta name=\"twitter:data1\" content=\"kooders\" \/>\n\t<meta name=\"twitter:label2\" content=\"Arvioitu lukuaika\" \/>\n\t<meta name=\"twitter:data2\" content=\"4 minuuttia\" \/>\n<script type=\"application\/ld+json\" class=\"yoast-schema-graph\">{\"@context\":\"https:\\\/\\\/schema.org\",\"@graph\":[{\"@type\":\"Article\",\"@id\":\"https:\\\/\\\/blogs2.uef.fi\\\/biodiversityeducation-vanha\\\/2022\\\/01\\\/24\\\/biodiversity-now-ymmarrysta-luontokadosta-uuden-verkkokurssin-avulla-1-2022\\\/#article\",\"isPartOf\":{\"@id\":\"https:\\\/\\\/blogs2.uef.fi\\\/biodiversityeducation-vanha\\\/2022\\\/01\\\/24\\\/biodiversity-now-ymmarrysta-luontokadosta-uuden-verkkokurssin-avulla-1-2022\\\/\"},\"author\":{\"name\":\"kooders\",\"@id\":\"https:\\\/\\\/blogs2.uef.fi\\\/biodiversityeducation-vanha\\\/#\\\/schema\\\/person\\\/aafdd26c1ef4edf4a080b86c113b9fbb\"},\"headline\":\"Biodiversity.now \u2013 Ymm\u00e4rryst\u00e4 luontokadosta uuden verkkokurssin avulla (1\\\/2022)\",\"datePublished\":\"2022-01-24T12:49:00+00:00\",\"dateModified\":\"2023-03-15T13:47:45+00:00\",\"mainEntityOfPage\":{\"@id\":\"https:\\\/\\\/blogs2.uef.fi\\\/biodiversityeducation-vanha\\\/2022\\\/01\\\/24\\\/biodiversity-now-ymmarrysta-luontokadosta-uuden-verkkokurssin-avulla-1-2022\\\/\"},\"wordCount\":746,\"publisher\":{\"@id\":\"https:\\\/\\\/blogs2.uef.fi\\\/biodiversityeducation-vanha\\\/#organization\"},\"image\":{\"@id\":\"https:\\\/\\\/blogs2.uef.fi\\\/biodiversityeducation-vanha\\\/2022\\\/01\\\/24\\\/biodiversity-now-ymmarrysta-luontokadosta-uuden-verkkokurssin-avulla-1-2022\\\/#primaryimage\"},\"thumbnailUrl\":\"https:\\\/\\\/blogs2.uef.fi\\\/biodiversityeducation-vanha\\\/wp-content\\\/uploads\\\/sites\\\/110\\\/2023\\\/03\\\/Kuva1-1024x911-1.png\",\"keywords\":[\"Climate University\",\"luontokato\",\"oppiminen\",\"UNA Europa\",\"Verkkokurssi\"],\"articleSection\":[\"Hankekuulumiset\"],\"inLanguage\":\"fi\"},{\"@type\":\"WebPage\",\"@id\":\"https:\\\/\\\/blogs2.uef.fi\\\/biodiversityeducation-vanha\\\/2022\\\/01\\\/24\\\/biodiversity-now-ymmarrysta-luontokadosta-uuden-verkkokurssin-avulla-1-2022\\\/\",\"url\":\"https:\\\/\\\/blogs2.uef.fi\\\/biodiversityeducation-vanha\\\/2022\\\/01\\\/24\\\/biodiversity-now-ymmarrysta-luontokadosta-uuden-verkkokurssin-avulla-1-2022\\\/\",\"name\":\"Biodiversity.now \u2013 Ymm\u00e4rryst\u00e4 luontokadosta uuden verkkokurssin avulla (1\\\/2022) - Biodiversiteettikoulutusverkosto\",\"isPartOf\":{\"@id\":\"https:\\\/\\\/blogs2.uef.fi\\\/biodiversityeducation-vanha\\\/#website\"},\"primaryImageOfPage\":{\"@id\":\"https:\\\/\\\/blogs2.uef.fi\\\/biodiversityeducation-vanha\\\/2022\\\/01\\\/24\\\/biodiversity-now-ymmarrysta-luontokadosta-uuden-verkkokurssin-avulla-1-2022\\\/#primaryimage\"},\"image\":{\"@id\":\"https:\\\/\\\/blogs2.uef.fi\\\/biodiversityeducation-vanha\\\/2022\\\/01\\\/24\\\/biodiversity-now-ymmarrysta-luontokadosta-uuden-verkkokurssin-avulla-1-2022\\\/#primaryimage\"},\"thumbnailUrl\":\"https:\\\/\\\/blogs2.uef.fi\\\/biodiversityeducation-vanha\\\/wp-content\\\/uploads\\\/sites\\\/110\\\/2023\\\/03\\\/Kuva1-1024x911-1.png\",\"datePublished\":\"2022-01-24T12:49:00+00:00\",\"dateModified\":\"2023-03-15T13:47:45+00:00\",\"inLanguage\":\"fi\",\"potentialAction\":[{\"@type\":\"ReadAction\",\"target\":[\"https:\\\/\\\/blogs2.uef.fi\\\/biodiversityeducation-vanha\\\/2022\\\/01\\\/24\\\/biodiversity-now-ymmarrysta-luontokadosta-uuden-verkkokurssin-avulla-1-2022\\\/\"]}]},{\"@type\":\"ImageObject\",\"inLanguage\":\"fi\",\"@id\":\"https:\\\/\\\/blogs2.uef.fi\\\/biodiversityeducation-vanha\\\/2022\\\/01\\\/24\\\/biodiversity-now-ymmarrysta-luontokadosta-uuden-verkkokurssin-avulla-1-2022\\\/#primaryimage\",\"url\":\"https:\\\/\\\/blogs2.uef.fi\\\/biodiversityeducation-vanha\\\/wp-content\\\/uploads\\\/sites\\\/110\\\/2023\\\/03\\\/Kuva1-1024x911-1.png\",\"contentUrl\":\"https:\\\/\\\/blogs2.uef.fi\\\/biodiversityeducation-vanha\\\/wp-content\\\/uploads\\\/sites\\\/110\\\/2023\\\/03\\\/Kuva1-1024x911-1.png\",\"width\":1024,\"height\":911,\"caption\":\"kolmikko-blogikuva\"},{\"@type\":\"WebSite\",\"@id\":\"https:\\\/\\\/blogs2.uef.fi\\\/biodiversityeducation-vanha\\\/#website\",\"url\":\"https:\\\/\\\/blogs2.uef.fi\\\/biodiversityeducation-vanha\\\/\",\"name\":\"Biodiversiteettikoulutusverkosto\",\"description\":\"\",\"publisher\":{\"@id\":\"https:\\\/\\\/blogs2.uef.fi\\\/biodiversityeducation-vanha\\\/#organization\"},\"potentialAction\":[{\"@type\":\"SearchAction\",\"target\":{\"@type\":\"EntryPoint\",\"urlTemplate\":\"https:\\\/\\\/blogs2.uef.fi\\\/biodiversityeducation-vanha\\\/?s={search_term_string}\"},\"query-input\":{\"@type\":\"PropertyValueSpecification\",\"valueRequired\":true,\"valueName\":\"search_term_string\"}}],\"inLanguage\":\"fi\"},{\"@type\":\"Organization\",\"@id\":\"https:\\\/\\\/blogs2.uef.fi\\\/biodiversityeducation-vanha\\\/#organization\",\"name\":\"Biodiversiteettikoulutusverkosto\",\"url\":\"https:\\\/\\\/blogs2.uef.fi\\\/biodiversityeducation-vanha\\\/\",\"logo\":{\"@type\":\"ImageObject\",\"inLanguage\":\"fi\",\"@id\":\"https:\\\/\\\/blogs2.uef.fi\\\/biodiversityeducation-vanha\\\/#\\\/schema\\\/logo\\\/image\\\/\",\"url\":\"https:\\\/\\\/blogs2.uef.fi\\\/biodiversityeducation-vanha\\\/wp-content\\\/uploads\\\/sites\\\/110\\\/2023\\\/01\\\/Logo-ja-teksti.png\",\"contentUrl\":\"https:\\\/\\\/blogs2.uef.fi\\\/biodiversityeducation-vanha\\\/wp-content\\\/uploads\\\/sites\\\/110\\\/2023\\\/01\\\/Logo-ja-teksti.png\",\"width\":785,\"height\":247,\"caption\":\"Biodiversiteettikoulutusverkosto\"},\"image\":{\"@id\":\"https:\\\/\\\/blogs2.uef.fi\\\/biodiversityeducation-vanha\\\/#\\\/schema\\\/logo\\\/image\\\/\"}},{\"@type\":\"Person\",\"@id\":\"https:\\\/\\\/blogs2.uef.fi\\\/biodiversityeducation-vanha\\\/#\\\/schema\\\/person\\\/aafdd26c1ef4edf4a080b86c113b9fbb\",\"name\":\"kooders\",\"image\":{\"@type\":\"ImageObject\",\"inLanguage\":\"fi\",\"@id\":\"https:\\\/\\\/secure.gravatar.com\\\/avatar\\\/27c6f0d998226cd3aac69b7071a685c1c0427bcb2dcb1d313d098c47e7746fc9?s=96&d=mm&r=g\",\"url\":\"https:\\\/\\\/secure.gravatar.com\\\/avatar\\\/27c6f0d998226cd3aac69b7071a685c1c0427bcb2dcb1d313d098c47e7746fc9?s=96&d=mm&r=g\",\"contentUrl\":\"https:\\\/\\\/secure.gravatar.com\\\/avatar\\\/27c6f0d998226cd3aac69b7071a685c1c0427bcb2dcb1d313d098c47e7746fc9?s=96&d=mm&r=g\",\"caption\":\"kooders\"},\"sameAs\":[\"https:\\\/\\\/www.biodiversityeducation.fi\"],\"url\":\"https:\\\/\\\/blogs2.uef.fi\\\/biodiversityeducation-vanha\\\/author\\\/kooders\\\/\"}]}<\/script>\n<!-- \/ Yoast SEO plugin. -->","yoast_head_json":{"title":"Biodiversity.now \u2013 Ymm\u00e4rryst\u00e4 luontokadosta uuden verkkokurssin avulla (1\/2022) - Biodiversiteettikoulutusverkosto","robots":{"index":"index","follow":"follow","max-snippet":"max-snippet:-1","max-image-preview":"max-image-preview:large","max-video-preview":"max-video-preview:-1"},"canonical":"https:\/\/blogs2.uef.fi\/biodiversityeducation-vanha\/2022\/01\/24\/biodiversity-now-ymmarrysta-luontokadosta-uuden-verkkokurssin-avulla-1-2022\/","og_locale":"fi_FI","og_type":"article","og_title":"Biodiversity.now \u2013 Ymm\u00e4rryst\u00e4 luontokadosta uuden verkkokurssin avulla (1\/2022) - Biodiversiteettikoulutusverkosto","og_description":"Hyv\u00e4\u00e4 kansainv\u00e4list\u00e4 koulutuksen p\u00e4iv\u00e4\u00e4! Olemme p\u00e4\u00e4sseet hankkeessa hyvin liikkeelle opetuksen kehitt\u00e4misen merkeiss\u00e4. Kansainv\u00e4lisen koulutuksen p\u00e4iv\u00e4n kunniaksi haluamme syventy\u00e4 Biodiversity.now -kurssiin, jota olemme tekem\u00e4ss\u00e4 yhdess\u00e4 Climate Universityn ja UnaEuropan kanssa. Kurssista Biodiversity.now -kurssista on tulossa viiden opintopisteen laajuinen kurssikokonaisuus, joka koostuu kahden opintopisteen MOOC-osiosta ja kolmen opintopisteen projektity\u00f6osiosta. Kurssi tulee olemaan osa my\u00f6s Climate Universityn ja [&hellip;]","og_url":"https:\/\/blogs2.uef.fi\/biodiversityeducation-vanha\/2022\/01\/24\/biodiversity-now-ymmarrysta-luontokadosta-uuden-verkkokurssin-avulla-1-2022\/","og_site_name":"Biodiversiteettikoulutusverkosto","article_published_time":"2022-01-24T12:49:00+00:00","article_modified_time":"2023-03-15T13:47:45+00:00","og_image":[{"width":1024,"height":911,"url":"https:\/\/blogs2.uef.fi\/biodiversityeducation-vanha\/wp-content\/uploads\/sites\/110\/2023\/03\/Kuva1-1024x911-1.png","type":"image\/png"}],"author":"kooders","twitter_card":"summary_large_image","twitter_misc":{"Kirjoittanut":"kooders","Arvioitu lukuaika":"4 minuuttia"},"schema":{"@context":"https:\/\/schema.org","@graph":[{"@type":"Article","@id":"https:\/\/blogs2.uef.fi\/biodiversityeducation-vanha\/2022\/01\/24\/biodiversity-now-ymmarrysta-luontokadosta-uuden-verkkokurssin-avulla-1-2022\/#article","isPartOf":{"@id":"https:\/\/blogs2.uef.fi\/biodiversityeducation-vanha\/2022\/01\/24\/biodiversity-now-ymmarrysta-luontokadosta-uuden-verkkokurssin-avulla-1-2022\/"},"author":{"name":"kooders","@id":"https:\/\/blogs2.uef.fi\/biodiversityeducation-vanha\/#\/schema\/person\/aafdd26c1ef4edf4a080b86c113b9fbb"},"headline":"Biodiversity.now \u2013 Ymm\u00e4rryst\u00e4 luontokadosta uuden verkkokurssin avulla (1\/2022)","datePublished":"2022-01-24T12:49:00+00:00","dateModified":"2023-03-15T13:47:45+00:00","mainEntityOfPage":{"@id":"https:\/\/blogs2.uef.fi\/biodiversityeducation-vanha\/2022\/01\/24\/biodiversity-now-ymmarrysta-luontokadosta-uuden-verkkokurssin-avulla-1-2022\/"},"wordCount":746,"publisher":{"@id":"https:\/\/blogs2.uef.fi\/biodiversityeducation-vanha\/#organization"},"image":{"@id":"https:\/\/blogs2.uef.fi\/biodiversityeducation-vanha\/2022\/01\/24\/biodiversity-now-ymmarrysta-luontokadosta-uuden-verkkokurssin-avulla-1-2022\/#primaryimage"},"thumbnailUrl":"https:\/\/blogs2.uef.fi\/biodiversityeducation-vanha\/wp-content\/uploads\/sites\/110\/2023\/03\/Kuva1-1024x911-1.png","keywords":["Climate University","luontokato","oppiminen","UNA Europa","Verkkokurssi"],"articleSection":["Hankekuulumiset"],"inLanguage":"fi"},{"@type":"WebPage","@id":"https:\/\/blogs2.uef.fi\/biodiversityeducation-vanha\/2022\/01\/24\/biodiversity-now-ymmarrysta-luontokadosta-uuden-verkkokurssin-avulla-1-2022\/","url":"https:\/\/blogs2.uef.fi\/biodiversityeducation-vanha\/2022\/01\/24\/biodiversity-now-ymmarrysta-luontokadosta-uuden-verkkokurssin-avulla-1-2022\/","name":"Biodiversity.now \u2013 Ymm\u00e4rryst\u00e4 luontokadosta uuden verkkokurssin avulla (1\/2022) - Biodiversiteettikoulutusverkosto","isPartOf":{"@id":"https:\/\/blogs2.uef.fi\/biodiversityeducation-vanha\/#website"},"primaryImageOfPage":{"@id":"https:\/\/blogs2.uef.fi\/biodiversityeducation-vanha\/2022\/01\/24\/biodiversity-now-ymmarrysta-luontokadosta-uuden-verkkokurssin-avulla-1-2022\/#primaryimage"},"image":{"@id":"https:\/\/blogs2.uef.fi\/biodiversityeducation-vanha\/2022\/01\/24\/biodiversity-now-ymmarrysta-luontokadosta-uuden-verkkokurssin-avulla-1-2022\/#primaryimage"},"thumbnailUrl":"https:\/\/blogs2.uef.fi\/biodiversityeducation-vanha\/wp-content\/uploads\/sites\/110\/2023\/03\/Kuva1-1024x911-1.png","datePublished":"2022-01-24T12:49:00+00:00","dateModified":"2023-03-15T13:47:45+00:00","inLanguage":"fi","potentialAction":[{"@type":"ReadAction","target":["https:\/\/blogs2.uef.fi\/biodiversityeducation-vanha\/2022\/01\/24\/biodiversity-now-ymmarrysta-luontokadosta-uuden-verkkokurssin-avulla-1-2022\/"]}]},{"@type":"ImageObject","inLanguage":"fi","@id":"https:\/\/blogs2.uef.fi\/biodiversityeducation-vanha\/2022\/01\/24\/biodiversity-now-ymmarrysta-luontokadosta-uuden-verkkokurssin-avulla-1-2022\/#primaryimage","url":"https:\/\/blogs2.uef.fi\/biodiversityeducation-vanha\/wp-content\/uploads\/sites\/110\/2023\/03\/Kuva1-1024x911-1.png","contentUrl":"https:\/\/blogs2.uef.fi\/biodiversityeducation-vanha\/wp-content\/uploads\/sites\/110\/2023\/03\/Kuva1-1024x911-1.png","width":1024,"height":911,"caption":"kolmikko-blogikuva"},{"@type":"WebSite","@id":"https:\/\/blogs2.uef.fi\/biodiversityeducation-vanha\/#website","url":"https:\/\/blogs2.uef.fi\/biodiversityeducation-vanha\/","name":"Biodiversiteettikoulutusverkosto","description":"","publisher":{"@id":"https:\/\/blogs2.uef.fi\/biodiversityeducation-vanha\/#organization"},"potentialAction":[{"@type":"SearchAction","target":{"@type":"EntryPoint","urlTemplate":"https:\/\/blogs2.uef.fi\/biodiversityeducation-vanha\/?s={search_term_string}"},"query-input":{"@type":"PropertyValueSpecification","valueRequired":true,"valueName":"search_term_string"}}],"inLanguage":"fi"},{"@type":"Organization","@id":"https:\/\/blogs2.uef.fi\/biodiversityeducation-vanha\/#organization","name":"Biodiversiteettikoulutusverkosto","url":"https:\/\/blogs2.uef.fi\/biodiversityeducation-vanha\/","logo":{"@type":"ImageObject","inLanguage":"fi","@id":"https:\/\/blogs2.uef.fi\/biodiversityeducation-vanha\/#\/schema\/logo\/image\/","url":"https:\/\/blogs2.uef.fi\/biodiversityeducation-vanha\/wp-content\/uploads\/sites\/110\/2023\/01\/Logo-ja-teksti.png","contentUrl":"https:\/\/blogs2.uef.fi\/biodiversityeducation-vanha\/wp-content\/uploads\/sites\/110\/2023\/01\/Logo-ja-teksti.png","width":785,"height":247,"caption":"Biodiversiteettikoulutusverkosto"},"image":{"@id":"https:\/\/blogs2.uef.fi\/biodiversityeducation-vanha\/#\/schema\/logo\/image\/"}},{"@type":"Person","@id":"https:\/\/blogs2.uef.fi\/biodiversityeducation-vanha\/#\/schema\/person\/aafdd26c1ef4edf4a080b86c113b9fbb","name":"kooders","image":{"@type":"ImageObject","inLanguage":"fi","@id":"https:\/\/secure.gravatar.com\/avatar\/27c6f0d998226cd3aac69b7071a685c1c0427bcb2dcb1d313d098c47e7746fc9?s=96&d=mm&r=g","url":"https:\/\/secure.gravatar.com\/avatar\/27c6f0d998226cd3aac69b7071a685c1c0427bcb2dcb1d313d098c47e7746fc9?s=96&d=mm&r=g","contentUrl":"https:\/\/secure.gravatar.com\/avatar\/27c6f0d998226cd3aac69b7071a685c1c0427bcb2dcb1d313d098c47e7746fc9?s=96&d=mm&r=g","caption":"kooders"},"sameAs":["https:\/\/www.biodiversityeducation.fi"],"url":"https:\/\/blogs2.uef.fi\/biodiversityeducation-vanha\/author\/kooders\/"}]}},"_links":{"self":[{"href":"https:\/\/blogs2.uef.fi\/biodiversityeducation-vanha\/wp-json\/wp\/v2\/posts\/1035","targetHints":{"allow":["GET"]}}],"collection":[{"href":"https:\/\/blogs2.uef.fi\/biodiversityeducation-vanha\/wp-json\/wp\/v2\/posts"}],"about":[{"href":"https:\/\/blogs2.uef.fi\/biodiversityeducation-vanha\/wp-json\/wp\/v2\/types\/post"}],"author":[{"embeddable":true,"href":"https:\/\/blogs2.uef.fi\/biodiversityeducation-vanha\/wp-json\/wp\/v2\/users\/611"}],"replies":[{"embeddable":true,"href":"https:\/\/blogs2.uef.fi\/biodiversityeducation-vanha\/wp-json\/wp\/v2\/comments?post=1035"}],"version-history":[{"count":3,"href":"https:\/\/blogs2.uef.fi\/biodiversityeducation-vanha\/wp-json\/wp\/v2\/posts\/1035\/revisions"}],"predecessor-version":[{"id":1192,"href":"https:\/\/blogs2.uef.fi\/biodiversityeducation-vanha\/wp-json\/wp\/v2\/posts\/1035\/revisions\/1192"}],"wp:featuredmedia":[{"embeddable":true,"href":"https:\/\/blogs2.uef.fi\/biodiversityeducation-vanha\/wp-json\/wp\/v2\/media\/1036"}],"wp:attachment":[{"href":"https:\/\/blogs2.uef.fi\/biodiversityeducation-vanha\/wp-json\/wp\/v2\/media?parent=1035"}],"wp:term":[{"taxonomy":"category","embeddable":true,"href":"https:\/\/blogs2.uef.fi\/biodiversityeducation-vanha\/wp-json\/wp\/v2\/categories?post=1035"},{"taxonomy":"post_tag","embeddable":true,"href":"https:\/\/blogs2.uef.fi\/biodiversityeducation-vanha\/wp-json\/wp\/v2\/tags?post=1035"}],"curies":[{"name":"wp","href":"https:\/\/api.w.org\/{rel}","templated":true}]}}