{"id":1070,"date":"2022-05-25T11:23:00","date_gmt":"2022-05-25T08:23:00","guid":{"rendered":"https:\/\/www.biodiversityeducation.fi\/?p=1070"},"modified":"2023-03-15T15:41:05","modified_gmt":"2023-03-15T13:41:05","slug":"kestavan-kehityksen-moninaisuus-5-2022","status":"publish","type":"post","link":"https:\/\/blogs2.uef.fi\/biodiversityeducation-vanha\/2022\/05\/25\/kestavan-kehityksen-moninaisuus-5-2022\/","title":{"rendered":"Kest\u00e4v\u00e4n kehityksen moninaisuus (5\/2022)"},"content":{"rendered":"\n<p><a href=\"https:\/\/www.helsinki.fi\/en\/conferences\/sustainability-science-days-conference-2022\/systemic-transformations-sustainable-futures\">Terveiset Kest\u00e4v\u00e4n kehityksen p\u00e4ivilt\u00e4 Aalto-yliopistosta!<\/a><\/p>\n\n\n\n<figure class=\"wp-block-image size-full\"><img loading=\"lazy\" decoding=\"async\" width=\"768\" height=\"1024\" src=\"https:\/\/blogs2.uef.fi\/wp-content\/uploads\/sites\/110\/2023\/03\/20220518_200653-768x1024-1.jpg\" alt=\"roihuvuori-blogikuva\" class=\"wp-image-1071\" srcset=\"https:\/\/blogs2.uef.fi\/biodiversityeducation-vanha\/wp-content\/uploads\/sites\/110\/2023\/03\/20220518_200653-768x1024-1.jpg 768w, https:\/\/blogs2.uef.fi\/biodiversityeducation-vanha\/wp-content\/uploads\/sites\/110\/2023\/03\/20220518_200653-768x1024-1-225x300.jpg 225w\" sizes=\"auto, (max-width: 768px) 100vw, 768px\" \/><figcaption class=\"wp-element-caption\">Roihuvuoren kirsikkapuut olivat kauneimmillaan.<\/figcaption><\/figure>\n\n\n\n<p>P\u00e4ivien aikana kuultiin mielenkiintoisia puheenvuoroja kest\u00e4vyyden m\u00e4\u00e4rittelyyn ja k\u00e4sitteellist\u00e4miseen liittyen ja pohdittiin kest\u00e4vyytt\u00e4 monitieteisesti eri n\u00e4k\u00f6kulmista. N\u00e4k\u00f6kulmia oli filosofisesta pohdinnasta alkuper\u00e4iskansoihin, ruokatuotannosta terveysvaikutuksiin ja tiedeyhteis\u00f6jen toiminnasta koulutuksen kehitt\u00e4miseen. Kaikille oli yhteist\u00e4 pyrkimys kokonaisvaltaiseen kest\u00e4v\u00e4\u00e4n toimintaan ja ajatteluun.<\/p>\n\n\n\n<h2 class=\"wp-block-heading\">Keskeisimp\u00e4n\u00e4 mieleen j\u00e4\u00e4neit\u00e4 ajatuksia:<\/h2>\n\n\n\n<ul class=\"wp-block-list\">\n<li>Kest\u00e4vyytt\u00e4 tulee edist\u00e4\u00e4 eri sektoreilla yhteisty\u00f6ss\u00e4 ja vuorovaikutuksessa eri toimijoiden kanssa<\/li>\n\n\n\n<li>Kest\u00e4vien kulutusvalintojen lis\u00e4ksi tarvitaan kulutuksen v\u00e4hent\u00e4mist\u00e4<\/li>\n\n\n\n<li>Tutkimus on elinehto kest\u00e4vien valintojen l\u00f6yt\u00e4miselle ja tutkimustietoa tarvitaan niin p\u00e4\u00e4t\u00f6ksenteossa kuin yleisess\u00e4 keskustelussakin.<\/li>\n\n\n\n<li>Opettajilla on valtava rooli lasten ja nuorten kasvattamisessa ymp\u00e4rist\u00f6tietoisuuteen.<\/li>\n<\/ul>\n\n\n\n<figure class=\"wp-block-image size-full\"><img loading=\"lazy\" decoding=\"async\" width=\"768\" height=\"456\" src=\"https:\/\/blogs2.uef.fi\/wp-content\/uploads\/sites\/110\/2023\/03\/keke-4-768x456-1.jpg\" alt=\"keke-blogikuva\" class=\"wp-image-1073\" srcset=\"https:\/\/blogs2.uef.fi\/biodiversityeducation-vanha\/wp-content\/uploads\/sites\/110\/2023\/03\/keke-4-768x456-1.jpg 768w, https:\/\/blogs2.uef.fi\/biodiversityeducation-vanha\/wp-content\/uploads\/sites\/110\/2023\/03\/keke-4-768x456-1-300x178.jpg 300w\" sizes=\"auto, (max-width: 768px) 100vw, 768px\" \/><figcaption class=\"wp-element-caption\">Kest\u00e4vyyden tulisi ulottua yhteiskunnan eri sektoreille.<\/figcaption><\/figure>\n\n\n\n<h2 class=\"wp-block-heading\">Pohdintoja ja kysymyksi\u00e4 pohdintaan:<\/h2>\n\n\n\n<ul class=\"wp-block-list\">\n<li>Puhutaanko luontopohjaisista ratkaisuista vai biodiversiteettipohjaisista ratkaisuista?<\/li>\n\n\n\n<li>Miten varmistetaan, ett\u00e4 ammattiin opiskeleva saa tarpeeksi tietoa kest\u00e4vyyden reunaehdoista oman ammattiosaamisensa tueksi?<\/li>\n\n\n\n<li>Miten tuetaan kest\u00e4vien arvojen vahvistumista yhteiskunnassa?<\/li>\n<\/ul>\n\n\n\n<figure class=\"wp-block-image size-full\"><img loading=\"lazy\" decoding=\"async\" width=\"768\" height=\"472\" src=\"https:\/\/blogs2.uef.fi\/wp-content\/uploads\/sites\/110\/2023\/03\/keke-2-768x472-1.jpg\" alt=\"keke2-blogikuva\" class=\"wp-image-1075\" srcset=\"https:\/\/blogs2.uef.fi\/biodiversityeducation-vanha\/wp-content\/uploads\/sites\/110\/2023\/03\/keke-2-768x472-1.jpg 768w, https:\/\/blogs2.uef.fi\/biodiversityeducation-vanha\/wp-content\/uploads\/sites\/110\/2023\/03\/keke-2-768x472-1-300x184.jpg 300w\" sizes=\"auto, (max-width: 768px) 100vw, 768px\" \/><\/figure>\n\n\n\n<p>Kest\u00e4vyysterveisin Elli ja Elina<\/p>\n","protected":false},"excerpt":{"rendered":"<p>Terveiset Kest\u00e4v\u00e4n kehityksen p\u00e4ivilt\u00e4 Aalto-yliopistosta! P\u00e4ivien aikana kuultiin mielenkiintoisia puheenvuoroja kest\u00e4vyyden m\u00e4\u00e4rittelyyn ja k\u00e4sitteellist\u00e4miseen liittyen ja pohdittiin kest\u00e4vyytt\u00e4 monitieteisesti eri n\u00e4k\u00f6kulmista. N\u00e4k\u00f6kulmia oli filosofisesta pohdinnasta alkuper\u00e4iskansoihin, ruokatuotannosta terveysvaikutuksiin ja tiedeyhteis\u00f6jen toiminnasta koulutuksen kehitt\u00e4miseen. Kaikille oli yhteist\u00e4 pyrkimys kokonaisvaltaiseen kest\u00e4v\u00e4\u00e4n toimintaan ja ajatteluun. Keskeisimp\u00e4n\u00e4 mieleen j\u00e4\u00e4neit\u00e4 ajatuksia: Pohdintoja ja kysymyksi\u00e4 pohdintaan: Kest\u00e4vyysterveisin Elli ja Elina<\/p>\n","protected":false},"author":611,"featured_media":1071,"comment_status":"closed","ping_status":"open","sticky":false,"template":"","format":"standard","meta":{"_acf_changed":false,"footnotes":""},"categories":[1],"tags":[42,41],"class_list":["post-1070","post","type-post","status-publish","format-standard","has-post-thumbnail","hentry","category-hankekuulumiset","tag-kestavyystiede","tag-kestavyystutkimus"],"acf":[],"yoast_head":"<!-- This site is optimized with the Yoast SEO plugin v27.3 - https:\/\/yoast.com\/product\/yoast-seo-wordpress\/ -->\n<title>Kest\u00e4v\u00e4n kehityksen moninaisuus (5\/2022) - Biodiversiteettikoulutusverkosto<\/title>\n<meta name=\"robots\" content=\"index, follow, max-snippet:-1, max-image-preview:large, max-video-preview:-1\" \/>\n<link rel=\"canonical\" href=\"https:\/\/blogs2.uef.fi\/biodiversityeducation-vanha\/2022\/05\/25\/kestavan-kehityksen-moninaisuus-5-2022\/\" \/>\n<meta property=\"og:locale\" content=\"fi_FI\" \/>\n<meta property=\"og:type\" content=\"article\" \/>\n<meta property=\"og:title\" content=\"Kest\u00e4v\u00e4n kehityksen moninaisuus (5\/2022) - Biodiversiteettikoulutusverkosto\" \/>\n<meta property=\"og:description\" content=\"Terveiset Kest\u00e4v\u00e4n kehityksen p\u00e4ivilt\u00e4 Aalto-yliopistosta! P\u00e4ivien aikana kuultiin mielenkiintoisia puheenvuoroja kest\u00e4vyyden m\u00e4\u00e4rittelyyn ja k\u00e4sitteellist\u00e4miseen liittyen ja pohdittiin kest\u00e4vyytt\u00e4 monitieteisesti eri n\u00e4k\u00f6kulmista. N\u00e4k\u00f6kulmia oli filosofisesta pohdinnasta alkuper\u00e4iskansoihin, ruokatuotannosta terveysvaikutuksiin ja tiedeyhteis\u00f6jen toiminnasta koulutuksen kehitt\u00e4miseen. Kaikille oli yhteist\u00e4 pyrkimys kokonaisvaltaiseen kest\u00e4v\u00e4\u00e4n toimintaan ja ajatteluun. Keskeisimp\u00e4n\u00e4 mieleen j\u00e4\u00e4neit\u00e4 ajatuksia: Pohdintoja ja kysymyksi\u00e4 pohdintaan: Kest\u00e4vyysterveisin Elli ja Elina\" \/>\n<meta property=\"og:url\" content=\"https:\/\/blogs2.uef.fi\/biodiversityeducation-vanha\/2022\/05\/25\/kestavan-kehityksen-moninaisuus-5-2022\/\" \/>\n<meta property=\"og:site_name\" content=\"Biodiversiteettikoulutusverkosto\" \/>\n<meta property=\"article:published_time\" content=\"2022-05-25T08:23:00+00:00\" \/>\n<meta property=\"article:modified_time\" content=\"2023-03-15T13:41:05+00:00\" \/>\n<meta property=\"og:image\" content=\"https:\/\/blogs2.uef.fi\/biodiversityeducation-vanha\/wp-content\/uploads\/sites\/110\/2023\/03\/20220518_200653-768x1024-1.jpg\" \/>\n\t<meta property=\"og:image:width\" content=\"768\" \/>\n\t<meta property=\"og:image:height\" content=\"1024\" \/>\n\t<meta property=\"og:image:type\" content=\"image\/jpeg\" \/>\n<meta name=\"author\" content=\"kooders\" \/>\n<meta name=\"twitter:card\" content=\"summary_large_image\" \/>\n<meta name=\"twitter:label1\" content=\"Kirjoittanut\" \/>\n\t<meta name=\"twitter:data1\" content=\"kooders\" \/>\n\t<meta name=\"twitter:label2\" content=\"Arvioitu lukuaika\" \/>\n\t<meta name=\"twitter:data2\" content=\"1 minuutti\" \/>\n<script type=\"application\/ld+json\" class=\"yoast-schema-graph\">{\"@context\":\"https:\\\/\\\/schema.org\",\"@graph\":[{\"@type\":\"Article\",\"@id\":\"https:\\\/\\\/blogs2.uef.fi\\\/biodiversityeducation-vanha\\\/2022\\\/05\\\/25\\\/kestavan-kehityksen-moninaisuus-5-2022\\\/#article\",\"isPartOf\":{\"@id\":\"https:\\\/\\\/blogs2.uef.fi\\\/biodiversityeducation-vanha\\\/2022\\\/05\\\/25\\\/kestavan-kehityksen-moninaisuus-5-2022\\\/\"},\"author\":{\"name\":\"kooders\",\"@id\":\"https:\\\/\\\/blogs2.uef.fi\\\/biodiversityeducation-vanha\\\/#\\\/schema\\\/person\\\/aafdd26c1ef4edf4a080b86c113b9fbb\"},\"headline\":\"Kest\u00e4v\u00e4n kehityksen moninaisuus (5\\\/2022)\",\"datePublished\":\"2022-05-25T08:23:00+00:00\",\"dateModified\":\"2023-03-15T13:41:05+00:00\",\"mainEntityOfPage\":{\"@id\":\"https:\\\/\\\/blogs2.uef.fi\\\/biodiversityeducation-vanha\\\/2022\\\/05\\\/25\\\/kestavan-kehityksen-moninaisuus-5-2022\\\/\"},\"wordCount\":171,\"publisher\":{\"@id\":\"https:\\\/\\\/blogs2.uef.fi\\\/biodiversityeducation-vanha\\\/#organization\"},\"image\":{\"@id\":\"https:\\\/\\\/blogs2.uef.fi\\\/biodiversityeducation-vanha\\\/2022\\\/05\\\/25\\\/kestavan-kehityksen-moninaisuus-5-2022\\\/#primaryimage\"},\"thumbnailUrl\":\"https:\\\/\\\/blogs2.uef.fi\\\/biodiversityeducation-vanha\\\/wp-content\\\/uploads\\\/sites\\\/110\\\/2023\\\/03\\\/20220518_200653-768x1024-1.jpg\",\"keywords\":[\"kest\u00e4vyystiede\",\"Kest\u00e4vyystutkimus\"],\"articleSection\":[\"Hankekuulumiset\"],\"inLanguage\":\"fi\"},{\"@type\":\"WebPage\",\"@id\":\"https:\\\/\\\/blogs2.uef.fi\\\/biodiversityeducation-vanha\\\/2022\\\/05\\\/25\\\/kestavan-kehityksen-moninaisuus-5-2022\\\/\",\"url\":\"https:\\\/\\\/blogs2.uef.fi\\\/biodiversityeducation-vanha\\\/2022\\\/05\\\/25\\\/kestavan-kehityksen-moninaisuus-5-2022\\\/\",\"name\":\"Kest\u00e4v\u00e4n kehityksen moninaisuus (5\\\/2022) - Biodiversiteettikoulutusverkosto\",\"isPartOf\":{\"@id\":\"https:\\\/\\\/blogs2.uef.fi\\\/biodiversityeducation-vanha\\\/#website\"},\"primaryImageOfPage\":{\"@id\":\"https:\\\/\\\/blogs2.uef.fi\\\/biodiversityeducation-vanha\\\/2022\\\/05\\\/25\\\/kestavan-kehityksen-moninaisuus-5-2022\\\/#primaryimage\"},\"image\":{\"@id\":\"https:\\\/\\\/blogs2.uef.fi\\\/biodiversityeducation-vanha\\\/2022\\\/05\\\/25\\\/kestavan-kehityksen-moninaisuus-5-2022\\\/#primaryimage\"},\"thumbnailUrl\":\"https:\\\/\\\/blogs2.uef.fi\\\/biodiversityeducation-vanha\\\/wp-content\\\/uploads\\\/sites\\\/110\\\/2023\\\/03\\\/20220518_200653-768x1024-1.jpg\",\"datePublished\":\"2022-05-25T08:23:00+00:00\",\"dateModified\":\"2023-03-15T13:41:05+00:00\",\"inLanguage\":\"fi\",\"potentialAction\":[{\"@type\":\"ReadAction\",\"target\":[\"https:\\\/\\\/blogs2.uef.fi\\\/biodiversityeducation-vanha\\\/2022\\\/05\\\/25\\\/kestavan-kehityksen-moninaisuus-5-2022\\\/\"]}]},{\"@type\":\"ImageObject\",\"inLanguage\":\"fi\",\"@id\":\"https:\\\/\\\/blogs2.uef.fi\\\/biodiversityeducation-vanha\\\/2022\\\/05\\\/25\\\/kestavan-kehityksen-moninaisuus-5-2022\\\/#primaryimage\",\"url\":\"https:\\\/\\\/blogs2.uef.fi\\\/biodiversityeducation-vanha\\\/wp-content\\\/uploads\\\/sites\\\/110\\\/2023\\\/03\\\/20220518_200653-768x1024-1.jpg\",\"contentUrl\":\"https:\\\/\\\/blogs2.uef.fi\\\/biodiversityeducation-vanha\\\/wp-content\\\/uploads\\\/sites\\\/110\\\/2023\\\/03\\\/20220518_200653-768x1024-1.jpg\",\"width\":768,\"height\":1024,\"caption\":\"Roihuvuoren kirsikkapuut olivat kauneimmillaan.\"},{\"@type\":\"WebSite\",\"@id\":\"https:\\\/\\\/blogs2.uef.fi\\\/biodiversityeducation-vanha\\\/#website\",\"url\":\"https:\\\/\\\/blogs2.uef.fi\\\/biodiversityeducation-vanha\\\/\",\"name\":\"Biodiversiteettikoulutusverkosto\",\"description\":\"\",\"publisher\":{\"@id\":\"https:\\\/\\\/blogs2.uef.fi\\\/biodiversityeducation-vanha\\\/#organization\"},\"potentialAction\":[{\"@type\":\"SearchAction\",\"target\":{\"@type\":\"EntryPoint\",\"urlTemplate\":\"https:\\\/\\\/blogs2.uef.fi\\\/biodiversityeducation-vanha\\\/?s={search_term_string}\"},\"query-input\":{\"@type\":\"PropertyValueSpecification\",\"valueRequired\":true,\"valueName\":\"search_term_string\"}}],\"inLanguage\":\"fi\"},{\"@type\":\"Organization\",\"@id\":\"https:\\\/\\\/blogs2.uef.fi\\\/biodiversityeducation-vanha\\\/#organization\",\"name\":\"Biodiversiteettikoulutusverkosto\",\"url\":\"https:\\\/\\\/blogs2.uef.fi\\\/biodiversityeducation-vanha\\\/\",\"logo\":{\"@type\":\"ImageObject\",\"inLanguage\":\"fi\",\"@id\":\"https:\\\/\\\/blogs2.uef.fi\\\/biodiversityeducation-vanha\\\/#\\\/schema\\\/logo\\\/image\\\/\",\"url\":\"https:\\\/\\\/blogs2.uef.fi\\\/biodiversityeducation-vanha\\\/wp-content\\\/uploads\\\/sites\\\/110\\\/2023\\\/01\\\/Logo-ja-teksti.png\",\"contentUrl\":\"https:\\\/\\\/blogs2.uef.fi\\\/biodiversityeducation-vanha\\\/wp-content\\\/uploads\\\/sites\\\/110\\\/2023\\\/01\\\/Logo-ja-teksti.png\",\"width\":785,\"height\":247,\"caption\":\"Biodiversiteettikoulutusverkosto\"},\"image\":{\"@id\":\"https:\\\/\\\/blogs2.uef.fi\\\/biodiversityeducation-vanha\\\/#\\\/schema\\\/logo\\\/image\\\/\"}},{\"@type\":\"Person\",\"@id\":\"https:\\\/\\\/blogs2.uef.fi\\\/biodiversityeducation-vanha\\\/#\\\/schema\\\/person\\\/aafdd26c1ef4edf4a080b86c113b9fbb\",\"name\":\"kooders\",\"image\":{\"@type\":\"ImageObject\",\"inLanguage\":\"fi\",\"@id\":\"https:\\\/\\\/secure.gravatar.com\\\/avatar\\\/27c6f0d998226cd3aac69b7071a685c1c0427bcb2dcb1d313d098c47e7746fc9?s=96&d=mm&r=g\",\"url\":\"https:\\\/\\\/secure.gravatar.com\\\/avatar\\\/27c6f0d998226cd3aac69b7071a685c1c0427bcb2dcb1d313d098c47e7746fc9?s=96&d=mm&r=g\",\"contentUrl\":\"https:\\\/\\\/secure.gravatar.com\\\/avatar\\\/27c6f0d998226cd3aac69b7071a685c1c0427bcb2dcb1d313d098c47e7746fc9?s=96&d=mm&r=g\",\"caption\":\"kooders\"},\"sameAs\":[\"https:\\\/\\\/www.biodiversityeducation.fi\"],\"url\":\"https:\\\/\\\/blogs2.uef.fi\\\/biodiversityeducation-vanha\\\/author\\\/kooders\\\/\"}]}<\/script>\n<!-- \/ Yoast SEO plugin. -->","yoast_head_json":{"title":"Kest\u00e4v\u00e4n kehityksen moninaisuus (5\/2022) - Biodiversiteettikoulutusverkosto","robots":{"index":"index","follow":"follow","max-snippet":"max-snippet:-1","max-image-preview":"max-image-preview:large","max-video-preview":"max-video-preview:-1"},"canonical":"https:\/\/blogs2.uef.fi\/biodiversityeducation-vanha\/2022\/05\/25\/kestavan-kehityksen-moninaisuus-5-2022\/","og_locale":"fi_FI","og_type":"article","og_title":"Kest\u00e4v\u00e4n kehityksen moninaisuus (5\/2022) - Biodiversiteettikoulutusverkosto","og_description":"Terveiset Kest\u00e4v\u00e4n kehityksen p\u00e4ivilt\u00e4 Aalto-yliopistosta! P\u00e4ivien aikana kuultiin mielenkiintoisia puheenvuoroja kest\u00e4vyyden m\u00e4\u00e4rittelyyn ja k\u00e4sitteellist\u00e4miseen liittyen ja pohdittiin kest\u00e4vyytt\u00e4 monitieteisesti eri n\u00e4k\u00f6kulmista. N\u00e4k\u00f6kulmia oli filosofisesta pohdinnasta alkuper\u00e4iskansoihin, ruokatuotannosta terveysvaikutuksiin ja tiedeyhteis\u00f6jen toiminnasta koulutuksen kehitt\u00e4miseen. Kaikille oli yhteist\u00e4 pyrkimys kokonaisvaltaiseen kest\u00e4v\u00e4\u00e4n toimintaan ja ajatteluun. Keskeisimp\u00e4n\u00e4 mieleen j\u00e4\u00e4neit\u00e4 ajatuksia: Pohdintoja ja kysymyksi\u00e4 pohdintaan: Kest\u00e4vyysterveisin Elli ja Elina","og_url":"https:\/\/blogs2.uef.fi\/biodiversityeducation-vanha\/2022\/05\/25\/kestavan-kehityksen-moninaisuus-5-2022\/","og_site_name":"Biodiversiteettikoulutusverkosto","article_published_time":"2022-05-25T08:23:00+00:00","article_modified_time":"2023-03-15T13:41:05+00:00","og_image":[{"width":768,"height":1024,"url":"https:\/\/blogs2.uef.fi\/biodiversityeducation-vanha\/wp-content\/uploads\/sites\/110\/2023\/03\/20220518_200653-768x1024-1.jpg","type":"image\/jpeg"}],"author":"kooders","twitter_card":"summary_large_image","twitter_misc":{"Kirjoittanut":"kooders","Arvioitu lukuaika":"1 minuutti"},"schema":{"@context":"https:\/\/schema.org","@graph":[{"@type":"Article","@id":"https:\/\/blogs2.uef.fi\/biodiversityeducation-vanha\/2022\/05\/25\/kestavan-kehityksen-moninaisuus-5-2022\/#article","isPartOf":{"@id":"https:\/\/blogs2.uef.fi\/biodiversityeducation-vanha\/2022\/05\/25\/kestavan-kehityksen-moninaisuus-5-2022\/"},"author":{"name":"kooders","@id":"https:\/\/blogs2.uef.fi\/biodiversityeducation-vanha\/#\/schema\/person\/aafdd26c1ef4edf4a080b86c113b9fbb"},"headline":"Kest\u00e4v\u00e4n kehityksen moninaisuus (5\/2022)","datePublished":"2022-05-25T08:23:00+00:00","dateModified":"2023-03-15T13:41:05+00:00","mainEntityOfPage":{"@id":"https:\/\/blogs2.uef.fi\/biodiversityeducation-vanha\/2022\/05\/25\/kestavan-kehityksen-moninaisuus-5-2022\/"},"wordCount":171,"publisher":{"@id":"https:\/\/blogs2.uef.fi\/biodiversityeducation-vanha\/#organization"},"image":{"@id":"https:\/\/blogs2.uef.fi\/biodiversityeducation-vanha\/2022\/05\/25\/kestavan-kehityksen-moninaisuus-5-2022\/#primaryimage"},"thumbnailUrl":"https:\/\/blogs2.uef.fi\/biodiversityeducation-vanha\/wp-content\/uploads\/sites\/110\/2023\/03\/20220518_200653-768x1024-1.jpg","keywords":["kest\u00e4vyystiede","Kest\u00e4vyystutkimus"],"articleSection":["Hankekuulumiset"],"inLanguage":"fi"},{"@type":"WebPage","@id":"https:\/\/blogs2.uef.fi\/biodiversityeducation-vanha\/2022\/05\/25\/kestavan-kehityksen-moninaisuus-5-2022\/","url":"https:\/\/blogs2.uef.fi\/biodiversityeducation-vanha\/2022\/05\/25\/kestavan-kehityksen-moninaisuus-5-2022\/","name":"Kest\u00e4v\u00e4n kehityksen moninaisuus (5\/2022) - Biodiversiteettikoulutusverkosto","isPartOf":{"@id":"https:\/\/blogs2.uef.fi\/biodiversityeducation-vanha\/#website"},"primaryImageOfPage":{"@id":"https:\/\/blogs2.uef.fi\/biodiversityeducation-vanha\/2022\/05\/25\/kestavan-kehityksen-moninaisuus-5-2022\/#primaryimage"},"image":{"@id":"https:\/\/blogs2.uef.fi\/biodiversityeducation-vanha\/2022\/05\/25\/kestavan-kehityksen-moninaisuus-5-2022\/#primaryimage"},"thumbnailUrl":"https:\/\/blogs2.uef.fi\/biodiversityeducation-vanha\/wp-content\/uploads\/sites\/110\/2023\/03\/20220518_200653-768x1024-1.jpg","datePublished":"2022-05-25T08:23:00+00:00","dateModified":"2023-03-15T13:41:05+00:00","inLanguage":"fi","potentialAction":[{"@type":"ReadAction","target":["https:\/\/blogs2.uef.fi\/biodiversityeducation-vanha\/2022\/05\/25\/kestavan-kehityksen-moninaisuus-5-2022\/"]}]},{"@type":"ImageObject","inLanguage":"fi","@id":"https:\/\/blogs2.uef.fi\/biodiversityeducation-vanha\/2022\/05\/25\/kestavan-kehityksen-moninaisuus-5-2022\/#primaryimage","url":"https:\/\/blogs2.uef.fi\/biodiversityeducation-vanha\/wp-content\/uploads\/sites\/110\/2023\/03\/20220518_200653-768x1024-1.jpg","contentUrl":"https:\/\/blogs2.uef.fi\/biodiversityeducation-vanha\/wp-content\/uploads\/sites\/110\/2023\/03\/20220518_200653-768x1024-1.jpg","width":768,"height":1024,"caption":"Roihuvuoren kirsikkapuut olivat kauneimmillaan."},{"@type":"WebSite","@id":"https:\/\/blogs2.uef.fi\/biodiversityeducation-vanha\/#website","url":"https:\/\/blogs2.uef.fi\/biodiversityeducation-vanha\/","name":"Biodiversiteettikoulutusverkosto","description":"","publisher":{"@id":"https:\/\/blogs2.uef.fi\/biodiversityeducation-vanha\/#organization"},"potentialAction":[{"@type":"SearchAction","target":{"@type":"EntryPoint","urlTemplate":"https:\/\/blogs2.uef.fi\/biodiversityeducation-vanha\/?s={search_term_string}"},"query-input":{"@type":"PropertyValueSpecification","valueRequired":true,"valueName":"search_term_string"}}],"inLanguage":"fi"},{"@type":"Organization","@id":"https:\/\/blogs2.uef.fi\/biodiversityeducation-vanha\/#organization","name":"Biodiversiteettikoulutusverkosto","url":"https:\/\/blogs2.uef.fi\/biodiversityeducation-vanha\/","logo":{"@type":"ImageObject","inLanguage":"fi","@id":"https:\/\/blogs2.uef.fi\/biodiversityeducation-vanha\/#\/schema\/logo\/image\/","url":"https:\/\/blogs2.uef.fi\/biodiversityeducation-vanha\/wp-content\/uploads\/sites\/110\/2023\/01\/Logo-ja-teksti.png","contentUrl":"https:\/\/blogs2.uef.fi\/biodiversityeducation-vanha\/wp-content\/uploads\/sites\/110\/2023\/01\/Logo-ja-teksti.png","width":785,"height":247,"caption":"Biodiversiteettikoulutusverkosto"},"image":{"@id":"https:\/\/blogs2.uef.fi\/biodiversityeducation-vanha\/#\/schema\/logo\/image\/"}},{"@type":"Person","@id":"https:\/\/blogs2.uef.fi\/biodiversityeducation-vanha\/#\/schema\/person\/aafdd26c1ef4edf4a080b86c113b9fbb","name":"kooders","image":{"@type":"ImageObject","inLanguage":"fi","@id":"https:\/\/secure.gravatar.com\/avatar\/27c6f0d998226cd3aac69b7071a685c1c0427bcb2dcb1d313d098c47e7746fc9?s=96&d=mm&r=g","url":"https:\/\/secure.gravatar.com\/avatar\/27c6f0d998226cd3aac69b7071a685c1c0427bcb2dcb1d313d098c47e7746fc9?s=96&d=mm&r=g","contentUrl":"https:\/\/secure.gravatar.com\/avatar\/27c6f0d998226cd3aac69b7071a685c1c0427bcb2dcb1d313d098c47e7746fc9?s=96&d=mm&r=g","caption":"kooders"},"sameAs":["https:\/\/www.biodiversityeducation.fi"],"url":"https:\/\/blogs2.uef.fi\/biodiversityeducation-vanha\/author\/kooders\/"}]}},"_links":{"self":[{"href":"https:\/\/blogs2.uef.fi\/biodiversityeducation-vanha\/wp-json\/wp\/v2\/posts\/1070","targetHints":{"allow":["GET"]}}],"collection":[{"href":"https:\/\/blogs2.uef.fi\/biodiversityeducation-vanha\/wp-json\/wp\/v2\/posts"}],"about":[{"href":"https:\/\/blogs2.uef.fi\/biodiversityeducation-vanha\/wp-json\/wp\/v2\/types\/post"}],"author":[{"embeddable":true,"href":"https:\/\/blogs2.uef.fi\/biodiversityeducation-vanha\/wp-json\/wp\/v2\/users\/611"}],"replies":[{"embeddable":true,"href":"https:\/\/blogs2.uef.fi\/biodiversityeducation-vanha\/wp-json\/wp\/v2\/comments?post=1070"}],"version-history":[{"count":1,"href":"https:\/\/blogs2.uef.fi\/biodiversityeducation-vanha\/wp-json\/wp\/v2\/posts\/1070\/revisions"}],"predecessor-version":[{"id":1077,"href":"https:\/\/blogs2.uef.fi\/biodiversityeducation-vanha\/wp-json\/wp\/v2\/posts\/1070\/revisions\/1077"}],"wp:featuredmedia":[{"embeddable":true,"href":"https:\/\/blogs2.uef.fi\/biodiversityeducation-vanha\/wp-json\/wp\/v2\/media\/1071"}],"wp:attachment":[{"href":"https:\/\/blogs2.uef.fi\/biodiversityeducation-vanha\/wp-json\/wp\/v2\/media?parent=1070"}],"wp:term":[{"taxonomy":"category","embeddable":true,"href":"https:\/\/blogs2.uef.fi\/biodiversityeducation-vanha\/wp-json\/wp\/v2\/categories?post=1070"},{"taxonomy":"post_tag","embeddable":true,"href":"https:\/\/blogs2.uef.fi\/biodiversityeducation-vanha\/wp-json\/wp\/v2\/tags?post=1070"}],"curies":[{"name":"wp","href":"https:\/\/api.w.org\/{rel}","templated":true}]}}