{"id":1078,"date":"2022-06-01T11:28:00","date_gmt":"2022-06-01T08:28:00","guid":{"rendered":"https:\/\/www.biodiversityeducation.fi\/?p=1078"},"modified":"2023-03-15T15:40:41","modified_gmt":"2023-03-15T13:40:41","slug":"bioblitz-turku-2022-ja-rakkaudestalajirikkauteen-6-2022","status":"publish","type":"post","link":"https:\/\/blogs2.uef.fi\/biodiversityeducation-vanha\/2022\/06\/01\/bioblitz-turku-2022-ja-rakkaudestalajirikkauteen-6-2022\/","title":{"rendered":"BioBlitz Turku 2022 ja #rakkaudestalajirikkauteen (6\/2022)"},"content":{"rendered":"\n<figure class=\"wp-block-image size-full\"><img loading=\"lazy\" decoding=\"async\" width=\"480\" height=\"320\" src=\"https:\/\/blogs2.uef.fi\/wp-content\/uploads\/sites\/110\/2023\/03\/imageturku.png\" alt=\"bioblitz-blogikuva\" class=\"wp-image-1079\" srcset=\"https:\/\/blogs2.uef.fi\/biodiversityeducation-vanha\/wp-content\/uploads\/sites\/110\/2023\/03\/imageturku.png 480w, https:\/\/blogs2.uef.fi\/biodiversityeducation-vanha\/wp-content\/uploads\/sites\/110\/2023\/03\/imageturku-300x200.png 300w\" sizes=\"auto, (max-width: 480px) 100vw, 480px\" \/><figcaption class=\"wp-element-caption\">Kuvaaja: Hanna Oksanen, Turun yliopisto<\/figcaption><\/figure>\n\n\n\n<p>BioBlitz on tapahtuma, jonka tavoitteena on kartoittaa kaikki (tai mahdollisimman paljon) eli\u00f6lajeja rajatulta alueelta tiettyn\u00e4 ajankohtana. 21.-22.5.2022 j\u00e4rjestettiin BioBlitz Turku 2022. BioBlitzeill\u00e4 on pitk\u00e4 historia ja niit\u00e4 on j\u00e4rjestetty ymp\u00e4ri maailmaa jo vuodesta 1996. Turun BioBlitziss\u00e4 kartoitettiin Turun kampusalueen ja Vanhankaupungin eli\u00f6lajeja 24 tunnin ajan. Tapahtuman p\u00e4\u00e4ttyess\u00e4 lajeja oli l\u00f6ytynyt noin 600. Lajim\u00e4\u00e4r\u00e4 todenn\u00e4k\u00f6isesti tulee viel\u00e4 kasvamaan tunnistamisen edetess\u00e4.<\/p>\n\n\n\n<figure class=\"wp-block-image size-full\"><img loading=\"lazy\" decoding=\"async\" width=\"320\" height=\"480\" src=\"https:\/\/blogs2.uef.fi\/wp-content\/uploads\/sites\/110\/2023\/03\/blitz.png\" alt=\"biobliz2-blogikuva\" class=\"wp-image-1081\" srcset=\"https:\/\/blogs2.uef.fi\/biodiversityeducation-vanha\/wp-content\/uploads\/sites\/110\/2023\/03\/blitz.png 320w, https:\/\/blogs2.uef.fi\/biodiversityeducation-vanha\/wp-content\/uploads\/sites\/110\/2023\/03\/blitz-200x300.png 200w\" sizes=\"auto, (max-width: 320px) 100vw, 320px\" \/><figcaption class=\"wp-element-caption\">Kuvaaja: Hanna Oksanen, Turun yliopisto<\/figcaption><\/figure>\n\n\n\n<p>Eli\u00f6iden kartoittamisen lis\u00e4ksi tapahtumassa oli paljon yleis\u00f6toimintaa. Asiantuntijat pitiv\u00e4t pitkin vuorokautta kaikille avoimia yleis\u00f6luentoja. Luentojen aiheet vaihtelivat lepakoista aina luonnontieteellisten museoiden merkitykseen. Luennot toimivat hyv\u00e4n\u00e4 alustana jakaa tietoa biodiversiteetist\u00e4 monipuolisesti kaikille kiinnostuneille, ja ne my\u00f6s raottavat ovea yliopistojen ja tutkimuksen maailmaan. Luennot my\u00f6s mahdollistavat keskustelun ja vuorovaikutuksen asiantuntijan ja \u201ctavallisen\u201d kansalaisen v\u00e4lill\u00e4. Yhteisen kanssak\u00e4ymisen kautta voidaan madaltaa kynnyst\u00e4 tiedon jakamiseen ja vastaanottamiseen, sek\u00e4 synnytt\u00e4\u00e4 yhteisi\u00e4 oivalluksia luonnosta.<\/p>\n\n\n\n<p>Luentojen lis\u00e4ksi tapahtumassa p\u00e4\u00e4si kokeilemaan eli\u00f6iden tutkimiseen liittyvi\u00e4 k\u00e4yt\u00e4nn\u00f6ntaitoja. Esimerkiksi mikroskoopin k\u00e4ytt\u00f6\u00f6n p\u00e4\u00e4si tutustumaan vapaasti k\u00e4yt\u00f6ss\u00e4 olevien mikroskooppien ja punkkin\u00e4ytteiden avulla, sek\u00e4 eli\u00f6iden kartoittamista p\u00e4\u00e4si kokeilemaan osallistumalla havaintoretkille asiantuntijoiden opastuksella. N\u00e4iden lis\u00e4ksi tapahtumassa oli tarjolla tiedepajoja lapsille ja nuorille. Tiedepajoissa tutustuttiin mm. happo-em\u00e4s-reaktioihin, nestetypen ominaisuuksiin ja maaeli\u00f6iden tunnistamiseen. Lapset ja nuoret p\u00e4\u00e4siv\u00e4t oppimaan erilaisia taitoja ja tietoja tekem\u00e4ll\u00e4 ja kokeilemalla, oikeassa laboratoriossa. T\u00e4llainen tekem\u00e4ll\u00e4 oppiminen j\u00e4tt\u00e4\u00e4 hyvin erilaisen muistij\u00e4ljen oppijaan kuin esimerkiksi saman tiedon oppiminen vain lukemalla tai kuuntelemalla. El\u00e4myksellinen ilmi\u00f6iden ja eli\u00f6iden havainnoiminen my\u00f6s her\u00e4tt\u00e4\u00e4 oppijassa kiinnostuksen aiheisiin, jotka ehk\u00e4 aikaisemmin eiv\u00e4t ole tuntuneet niin kiinnostavilta.<\/p>\n\n\n\n<figure class=\"wp-block-image size-full\"><img loading=\"lazy\" decoding=\"async\" width=\"480\" height=\"320\" src=\"https:\/\/blogs2.uef.fi\/wp-content\/uploads\/sites\/110\/2023\/03\/blitz2.png\" alt=\"bioblitz2-blogikuva\" class=\"wp-image-1083\" srcset=\"https:\/\/blogs2.uef.fi\/biodiversityeducation-vanha\/wp-content\/uploads\/sites\/110\/2023\/03\/blitz2.png 480w, https:\/\/blogs2.uef.fi\/biodiversityeducation-vanha\/wp-content\/uploads\/sites\/110\/2023\/03\/blitz2-300x200.png 300w\" sizes=\"auto, (max-width: 480px) 100vw, 480px\" \/><figcaption class=\"wp-element-caption\">Kuvaaja: Hanna Oksanen, Turun yliopisto<\/figcaption><\/figure>\n\n\n\n<p>T\u00e4m\u00e4nkaltainen tapahtuma my\u00f6s tukee ja yll\u00e4pit\u00e4\u00e4 jatkuvaa oppimista, jolla tarkoitetaan koko el\u00e4m\u00e4nkaaren mittaista ja eri el\u00e4m\u00e4nalueille ulottuvaa oppimista. Koska tapahtumassa oli monipuolisesti tekemist\u00e4 kaikille aina vauvasta vaariin, se tarjosi monta tapaa tutustua biodiversiteettiin ja sen tutkimiseen. Biodiversiteettitiedon ja \u201ctavallisen tallaajan\u201d v\u00e4lisen kuilun kaventaminen onkin erityisen t\u00e4rke\u00e4\u00e4, jos haluamme onnistua yliopistojen teht\u00e4v\u00e4ss\u00e4 olla vuorovaikutuksessa yhteiskunnan kanssa. Kun tavoitteenamme on saada aikaan yhteiskunnallinen muutos kohti biodiversiteettiyst\u00e4v\u00e4llisemp\u00e4\u00e4 maailmaa, on perinteisen virallisen eli formaalin opetuksen tueksi ja rinnalle saatava lis\u00e4\u00e4 ep\u00e4virallista eli non-formaalia opetusta.<\/p>\n\n\n\n<p>Er\u00e4s tapahtuman hashtageista tiivisti tapahtuman luonteen hyvin: <strong>#rakkaudestalajirikkauteen<\/strong><\/p>\n\n\n\n<figure class=\"wp-block-image size-full\"><img loading=\"lazy\" decoding=\"async\" width=\"480\" height=\"320\" src=\"https:\/\/blogs2.uef.fi\/wp-content\/uploads\/sites\/110\/2023\/03\/blitz3.png\" alt=\"bioblitz3-blogikuva\" class=\"wp-image-1085\" srcset=\"https:\/\/blogs2.uef.fi\/biodiversityeducation-vanha\/wp-content\/uploads\/sites\/110\/2023\/03\/blitz3.png 480w, https:\/\/blogs2.uef.fi\/biodiversityeducation-vanha\/wp-content\/uploads\/sites\/110\/2023\/03\/blitz3-300x200.png 300w\" sizes=\"auto, (max-width: 480px) 100vw, 480px\" \/><figcaption class=\"wp-element-caption\">Kuvaaja: Hanna Oksanen, Turun yliopisto<\/figcaption><\/figure>\n\n\n\n<p>Kirjoittanut Iida-Sofia Holma<\/p>\n","protected":false},"excerpt":{"rendered":"<p>BioBlitz on tapahtuma, jonka tavoitteena on kartoittaa kaikki (tai mahdollisimman paljon) eli\u00f6lajeja rajatulta alueelta tiettyn\u00e4 ajankohtana. 21.-22.5.2022 j\u00e4rjestettiin BioBlitz Turku 2022. BioBlitzeill\u00e4 on pitk\u00e4 historia ja niit\u00e4 on j\u00e4rjestetty ymp\u00e4ri maailmaa jo vuodesta 1996. Turun BioBlitziss\u00e4 kartoitettiin Turun kampusalueen ja Vanhankaupungin eli\u00f6lajeja 24 tunnin ajan. Tapahtuman p\u00e4\u00e4ttyess\u00e4 lajeja oli l\u00f6ytynyt noin 600. Lajim\u00e4\u00e4r\u00e4 todenn\u00e4k\u00f6isesti tulee [&hellip;]<\/p>\n","protected":false},"author":611,"featured_media":1079,"comment_status":"closed","ping_status":"open","sticky":false,"template":"","format":"standard","meta":{"_acf_changed":false,"footnotes":""},"categories":[1],"tags":[18,40,39],"class_list":["post-1078","post","type-post","status-publish","format-standard","has-post-thumbnail","hentry","category-hankekuulumiset","tag-biodiversiteetti","tag-lajintunnistus","tag-oppiminen"],"acf":[],"yoast_head":"<!-- This site is optimized with the Yoast SEO plugin v27.3 - https:\/\/yoast.com\/product\/yoast-seo-wordpress\/ -->\n<title>BioBlitz Turku 2022 ja #rakkaudestalajirikkauteen (6\/2022) - Biodiversiteettikoulutusverkosto<\/title>\n<meta name=\"robots\" content=\"index, follow, max-snippet:-1, max-image-preview:large, max-video-preview:-1\" \/>\n<link rel=\"canonical\" href=\"https:\/\/blogs2.uef.fi\/biodiversityeducation-vanha\/2022\/06\/01\/bioblitz-turku-2022-ja-rakkaudestalajirikkauteen-6-2022\/\" \/>\n<meta property=\"og:locale\" content=\"fi_FI\" \/>\n<meta property=\"og:type\" content=\"article\" \/>\n<meta property=\"og:title\" content=\"BioBlitz Turku 2022 ja #rakkaudestalajirikkauteen (6\/2022) - Biodiversiteettikoulutusverkosto\" \/>\n<meta property=\"og:description\" content=\"BioBlitz on tapahtuma, jonka tavoitteena on kartoittaa kaikki (tai mahdollisimman paljon) eli\u00f6lajeja rajatulta alueelta tiettyn\u00e4 ajankohtana. 21.-22.5.2022 j\u00e4rjestettiin BioBlitz Turku 2022. BioBlitzeill\u00e4 on pitk\u00e4 historia ja niit\u00e4 on j\u00e4rjestetty ymp\u00e4ri maailmaa jo vuodesta 1996. Turun BioBlitziss\u00e4 kartoitettiin Turun kampusalueen ja Vanhankaupungin eli\u00f6lajeja 24 tunnin ajan. Tapahtuman p\u00e4\u00e4ttyess\u00e4 lajeja oli l\u00f6ytynyt noin 600. Lajim\u00e4\u00e4r\u00e4 todenn\u00e4k\u00f6isesti tulee [&hellip;]\" \/>\n<meta property=\"og:url\" content=\"https:\/\/blogs2.uef.fi\/biodiversityeducation-vanha\/2022\/06\/01\/bioblitz-turku-2022-ja-rakkaudestalajirikkauteen-6-2022\/\" \/>\n<meta property=\"og:site_name\" content=\"Biodiversiteettikoulutusverkosto\" \/>\n<meta property=\"article:published_time\" content=\"2022-06-01T08:28:00+00:00\" \/>\n<meta property=\"article:modified_time\" content=\"2023-03-15T13:40:41+00:00\" \/>\n<meta property=\"og:image\" content=\"https:\/\/blogs2.uef.fi\/biodiversityeducation-vanha\/wp-content\/uploads\/sites\/110\/2023\/03\/imageturku.png\" \/>\n\t<meta property=\"og:image:width\" content=\"480\" \/>\n\t<meta property=\"og:image:height\" content=\"320\" \/>\n\t<meta property=\"og:image:type\" content=\"image\/png\" \/>\n<meta name=\"author\" content=\"kooders\" \/>\n<meta name=\"twitter:card\" content=\"summary_large_image\" \/>\n<meta name=\"twitter:label1\" content=\"Kirjoittanut\" \/>\n\t<meta name=\"twitter:data1\" content=\"kooders\" \/>\n\t<meta name=\"twitter:label2\" content=\"Arvioitu lukuaika\" \/>\n\t<meta name=\"twitter:data2\" content=\"2 minuuttia\" \/>\n<script type=\"application\/ld+json\" class=\"yoast-schema-graph\">{\"@context\":\"https:\\\/\\\/schema.org\",\"@graph\":[{\"@type\":\"Article\",\"@id\":\"https:\\\/\\\/blogs2.uef.fi\\\/biodiversityeducation-vanha\\\/2022\\\/06\\\/01\\\/bioblitz-turku-2022-ja-rakkaudestalajirikkauteen-6-2022\\\/#article\",\"isPartOf\":{\"@id\":\"https:\\\/\\\/blogs2.uef.fi\\\/biodiversityeducation-vanha\\\/2022\\\/06\\\/01\\\/bioblitz-turku-2022-ja-rakkaudestalajirikkauteen-6-2022\\\/\"},\"author\":{\"name\":\"kooders\",\"@id\":\"https:\\\/\\\/blogs2.uef.fi\\\/biodiversityeducation-vanha\\\/#\\\/schema\\\/person\\\/aafdd26c1ef4edf4a080b86c113b9fbb\"},\"headline\":\"BioBlitz Turku 2022 ja #rakkaudestalajirikkauteen (6\\\/2022)\",\"datePublished\":\"2022-06-01T08:28:00+00:00\",\"dateModified\":\"2023-03-15T13:40:41+00:00\",\"mainEntityOfPage\":{\"@id\":\"https:\\\/\\\/blogs2.uef.fi\\\/biodiversityeducation-vanha\\\/2022\\\/06\\\/01\\\/bioblitz-turku-2022-ja-rakkaudestalajirikkauteen-6-2022\\\/\"},\"wordCount\":401,\"publisher\":{\"@id\":\"https:\\\/\\\/blogs2.uef.fi\\\/biodiversityeducation-vanha\\\/#organization\"},\"image\":{\"@id\":\"https:\\\/\\\/blogs2.uef.fi\\\/biodiversityeducation-vanha\\\/2022\\\/06\\\/01\\\/bioblitz-turku-2022-ja-rakkaudestalajirikkauteen-6-2022\\\/#primaryimage\"},\"thumbnailUrl\":\"https:\\\/\\\/blogs2.uef.fi\\\/biodiversityeducation-vanha\\\/wp-content\\\/uploads\\\/sites\\\/110\\\/2023\\\/03\\\/imageturku.png\",\"keywords\":[\"biodiversiteetti\",\"Lajintunnistus\",\"oppiminen\"],\"articleSection\":[\"Hankekuulumiset\"],\"inLanguage\":\"fi\"},{\"@type\":\"WebPage\",\"@id\":\"https:\\\/\\\/blogs2.uef.fi\\\/biodiversityeducation-vanha\\\/2022\\\/06\\\/01\\\/bioblitz-turku-2022-ja-rakkaudestalajirikkauteen-6-2022\\\/\",\"url\":\"https:\\\/\\\/blogs2.uef.fi\\\/biodiversityeducation-vanha\\\/2022\\\/06\\\/01\\\/bioblitz-turku-2022-ja-rakkaudestalajirikkauteen-6-2022\\\/\",\"name\":\"BioBlitz Turku 2022 ja #rakkaudestalajirikkauteen (6\\\/2022) - Biodiversiteettikoulutusverkosto\",\"isPartOf\":{\"@id\":\"https:\\\/\\\/blogs2.uef.fi\\\/biodiversityeducation-vanha\\\/#website\"},\"primaryImageOfPage\":{\"@id\":\"https:\\\/\\\/blogs2.uef.fi\\\/biodiversityeducation-vanha\\\/2022\\\/06\\\/01\\\/bioblitz-turku-2022-ja-rakkaudestalajirikkauteen-6-2022\\\/#primaryimage\"},\"image\":{\"@id\":\"https:\\\/\\\/blogs2.uef.fi\\\/biodiversityeducation-vanha\\\/2022\\\/06\\\/01\\\/bioblitz-turku-2022-ja-rakkaudestalajirikkauteen-6-2022\\\/#primaryimage\"},\"thumbnailUrl\":\"https:\\\/\\\/blogs2.uef.fi\\\/biodiversityeducation-vanha\\\/wp-content\\\/uploads\\\/sites\\\/110\\\/2023\\\/03\\\/imageturku.png\",\"datePublished\":\"2022-06-01T08:28:00+00:00\",\"dateModified\":\"2023-03-15T13:40:41+00:00\",\"inLanguage\":\"fi\",\"potentialAction\":[{\"@type\":\"ReadAction\",\"target\":[\"https:\\\/\\\/blogs2.uef.fi\\\/biodiversityeducation-vanha\\\/2022\\\/06\\\/01\\\/bioblitz-turku-2022-ja-rakkaudestalajirikkauteen-6-2022\\\/\"]}]},{\"@type\":\"ImageObject\",\"inLanguage\":\"fi\",\"@id\":\"https:\\\/\\\/blogs2.uef.fi\\\/biodiversityeducation-vanha\\\/2022\\\/06\\\/01\\\/bioblitz-turku-2022-ja-rakkaudestalajirikkauteen-6-2022\\\/#primaryimage\",\"url\":\"https:\\\/\\\/blogs2.uef.fi\\\/biodiversityeducation-vanha\\\/wp-content\\\/uploads\\\/sites\\\/110\\\/2023\\\/03\\\/imageturku.png\",\"contentUrl\":\"https:\\\/\\\/blogs2.uef.fi\\\/biodiversityeducation-vanha\\\/wp-content\\\/uploads\\\/sites\\\/110\\\/2023\\\/03\\\/imageturku.png\",\"width\":480,\"height\":320,\"caption\":\"Kuvaaja: Hanna Oksanen, Turun yliopisto\"},{\"@type\":\"WebSite\",\"@id\":\"https:\\\/\\\/blogs2.uef.fi\\\/biodiversityeducation-vanha\\\/#website\",\"url\":\"https:\\\/\\\/blogs2.uef.fi\\\/biodiversityeducation-vanha\\\/\",\"name\":\"Biodiversiteettikoulutusverkosto\",\"description\":\"\",\"publisher\":{\"@id\":\"https:\\\/\\\/blogs2.uef.fi\\\/biodiversityeducation-vanha\\\/#organization\"},\"potentialAction\":[{\"@type\":\"SearchAction\",\"target\":{\"@type\":\"EntryPoint\",\"urlTemplate\":\"https:\\\/\\\/blogs2.uef.fi\\\/biodiversityeducation-vanha\\\/?s={search_term_string}\"},\"query-input\":{\"@type\":\"PropertyValueSpecification\",\"valueRequired\":true,\"valueName\":\"search_term_string\"}}],\"inLanguage\":\"fi\"},{\"@type\":\"Organization\",\"@id\":\"https:\\\/\\\/blogs2.uef.fi\\\/biodiversityeducation-vanha\\\/#organization\",\"name\":\"Biodiversiteettikoulutusverkosto\",\"url\":\"https:\\\/\\\/blogs2.uef.fi\\\/biodiversityeducation-vanha\\\/\",\"logo\":{\"@type\":\"ImageObject\",\"inLanguage\":\"fi\",\"@id\":\"https:\\\/\\\/blogs2.uef.fi\\\/biodiversityeducation-vanha\\\/#\\\/schema\\\/logo\\\/image\\\/\",\"url\":\"https:\\\/\\\/blogs2.uef.fi\\\/biodiversityeducation-vanha\\\/wp-content\\\/uploads\\\/sites\\\/110\\\/2023\\\/01\\\/Logo-ja-teksti.png\",\"contentUrl\":\"https:\\\/\\\/blogs2.uef.fi\\\/biodiversityeducation-vanha\\\/wp-content\\\/uploads\\\/sites\\\/110\\\/2023\\\/01\\\/Logo-ja-teksti.png\",\"width\":785,\"height\":247,\"caption\":\"Biodiversiteettikoulutusverkosto\"},\"image\":{\"@id\":\"https:\\\/\\\/blogs2.uef.fi\\\/biodiversityeducation-vanha\\\/#\\\/schema\\\/logo\\\/image\\\/\"}},{\"@type\":\"Person\",\"@id\":\"https:\\\/\\\/blogs2.uef.fi\\\/biodiversityeducation-vanha\\\/#\\\/schema\\\/person\\\/aafdd26c1ef4edf4a080b86c113b9fbb\",\"name\":\"kooders\",\"image\":{\"@type\":\"ImageObject\",\"inLanguage\":\"fi\",\"@id\":\"https:\\\/\\\/secure.gravatar.com\\\/avatar\\\/27c6f0d998226cd3aac69b7071a685c1c0427bcb2dcb1d313d098c47e7746fc9?s=96&d=mm&r=g\",\"url\":\"https:\\\/\\\/secure.gravatar.com\\\/avatar\\\/27c6f0d998226cd3aac69b7071a685c1c0427bcb2dcb1d313d098c47e7746fc9?s=96&d=mm&r=g\",\"contentUrl\":\"https:\\\/\\\/secure.gravatar.com\\\/avatar\\\/27c6f0d998226cd3aac69b7071a685c1c0427bcb2dcb1d313d098c47e7746fc9?s=96&d=mm&r=g\",\"caption\":\"kooders\"},\"sameAs\":[\"https:\\\/\\\/www.biodiversityeducation.fi\"],\"url\":\"https:\\\/\\\/blogs2.uef.fi\\\/biodiversityeducation-vanha\\\/author\\\/kooders\\\/\"}]}<\/script>\n<!-- \/ Yoast SEO plugin. -->","yoast_head_json":{"title":"BioBlitz Turku 2022 ja #rakkaudestalajirikkauteen (6\/2022) - Biodiversiteettikoulutusverkosto","robots":{"index":"index","follow":"follow","max-snippet":"max-snippet:-1","max-image-preview":"max-image-preview:large","max-video-preview":"max-video-preview:-1"},"canonical":"https:\/\/blogs2.uef.fi\/biodiversityeducation-vanha\/2022\/06\/01\/bioblitz-turku-2022-ja-rakkaudestalajirikkauteen-6-2022\/","og_locale":"fi_FI","og_type":"article","og_title":"BioBlitz Turku 2022 ja #rakkaudestalajirikkauteen (6\/2022) - Biodiversiteettikoulutusverkosto","og_description":"BioBlitz on tapahtuma, jonka tavoitteena on kartoittaa kaikki (tai mahdollisimman paljon) eli\u00f6lajeja rajatulta alueelta tiettyn\u00e4 ajankohtana. 21.-22.5.2022 j\u00e4rjestettiin BioBlitz Turku 2022. BioBlitzeill\u00e4 on pitk\u00e4 historia ja niit\u00e4 on j\u00e4rjestetty ymp\u00e4ri maailmaa jo vuodesta 1996. Turun BioBlitziss\u00e4 kartoitettiin Turun kampusalueen ja Vanhankaupungin eli\u00f6lajeja 24 tunnin ajan. Tapahtuman p\u00e4\u00e4ttyess\u00e4 lajeja oli l\u00f6ytynyt noin 600. Lajim\u00e4\u00e4r\u00e4 todenn\u00e4k\u00f6isesti tulee [&hellip;]","og_url":"https:\/\/blogs2.uef.fi\/biodiversityeducation-vanha\/2022\/06\/01\/bioblitz-turku-2022-ja-rakkaudestalajirikkauteen-6-2022\/","og_site_name":"Biodiversiteettikoulutusverkosto","article_published_time":"2022-06-01T08:28:00+00:00","article_modified_time":"2023-03-15T13:40:41+00:00","og_image":[{"width":480,"height":320,"url":"https:\/\/blogs2.uef.fi\/biodiversityeducation-vanha\/wp-content\/uploads\/sites\/110\/2023\/03\/imageturku.png","type":"image\/png"}],"author":"kooders","twitter_card":"summary_large_image","twitter_misc":{"Kirjoittanut":"kooders","Arvioitu lukuaika":"2 minuuttia"},"schema":{"@context":"https:\/\/schema.org","@graph":[{"@type":"Article","@id":"https:\/\/blogs2.uef.fi\/biodiversityeducation-vanha\/2022\/06\/01\/bioblitz-turku-2022-ja-rakkaudestalajirikkauteen-6-2022\/#article","isPartOf":{"@id":"https:\/\/blogs2.uef.fi\/biodiversityeducation-vanha\/2022\/06\/01\/bioblitz-turku-2022-ja-rakkaudestalajirikkauteen-6-2022\/"},"author":{"name":"kooders","@id":"https:\/\/blogs2.uef.fi\/biodiversityeducation-vanha\/#\/schema\/person\/aafdd26c1ef4edf4a080b86c113b9fbb"},"headline":"BioBlitz Turku 2022 ja #rakkaudestalajirikkauteen (6\/2022)","datePublished":"2022-06-01T08:28:00+00:00","dateModified":"2023-03-15T13:40:41+00:00","mainEntityOfPage":{"@id":"https:\/\/blogs2.uef.fi\/biodiversityeducation-vanha\/2022\/06\/01\/bioblitz-turku-2022-ja-rakkaudestalajirikkauteen-6-2022\/"},"wordCount":401,"publisher":{"@id":"https:\/\/blogs2.uef.fi\/biodiversityeducation-vanha\/#organization"},"image":{"@id":"https:\/\/blogs2.uef.fi\/biodiversityeducation-vanha\/2022\/06\/01\/bioblitz-turku-2022-ja-rakkaudestalajirikkauteen-6-2022\/#primaryimage"},"thumbnailUrl":"https:\/\/blogs2.uef.fi\/biodiversityeducation-vanha\/wp-content\/uploads\/sites\/110\/2023\/03\/imageturku.png","keywords":["biodiversiteetti","Lajintunnistus","oppiminen"],"articleSection":["Hankekuulumiset"],"inLanguage":"fi"},{"@type":"WebPage","@id":"https:\/\/blogs2.uef.fi\/biodiversityeducation-vanha\/2022\/06\/01\/bioblitz-turku-2022-ja-rakkaudestalajirikkauteen-6-2022\/","url":"https:\/\/blogs2.uef.fi\/biodiversityeducation-vanha\/2022\/06\/01\/bioblitz-turku-2022-ja-rakkaudestalajirikkauteen-6-2022\/","name":"BioBlitz Turku 2022 ja #rakkaudestalajirikkauteen (6\/2022) - Biodiversiteettikoulutusverkosto","isPartOf":{"@id":"https:\/\/blogs2.uef.fi\/biodiversityeducation-vanha\/#website"},"primaryImageOfPage":{"@id":"https:\/\/blogs2.uef.fi\/biodiversityeducation-vanha\/2022\/06\/01\/bioblitz-turku-2022-ja-rakkaudestalajirikkauteen-6-2022\/#primaryimage"},"image":{"@id":"https:\/\/blogs2.uef.fi\/biodiversityeducation-vanha\/2022\/06\/01\/bioblitz-turku-2022-ja-rakkaudestalajirikkauteen-6-2022\/#primaryimage"},"thumbnailUrl":"https:\/\/blogs2.uef.fi\/biodiversityeducation-vanha\/wp-content\/uploads\/sites\/110\/2023\/03\/imageturku.png","datePublished":"2022-06-01T08:28:00+00:00","dateModified":"2023-03-15T13:40:41+00:00","inLanguage":"fi","potentialAction":[{"@type":"ReadAction","target":["https:\/\/blogs2.uef.fi\/biodiversityeducation-vanha\/2022\/06\/01\/bioblitz-turku-2022-ja-rakkaudestalajirikkauteen-6-2022\/"]}]},{"@type":"ImageObject","inLanguage":"fi","@id":"https:\/\/blogs2.uef.fi\/biodiversityeducation-vanha\/2022\/06\/01\/bioblitz-turku-2022-ja-rakkaudestalajirikkauteen-6-2022\/#primaryimage","url":"https:\/\/blogs2.uef.fi\/biodiversityeducation-vanha\/wp-content\/uploads\/sites\/110\/2023\/03\/imageturku.png","contentUrl":"https:\/\/blogs2.uef.fi\/biodiversityeducation-vanha\/wp-content\/uploads\/sites\/110\/2023\/03\/imageturku.png","width":480,"height":320,"caption":"Kuvaaja: Hanna Oksanen, Turun yliopisto"},{"@type":"WebSite","@id":"https:\/\/blogs2.uef.fi\/biodiversityeducation-vanha\/#website","url":"https:\/\/blogs2.uef.fi\/biodiversityeducation-vanha\/","name":"Biodiversiteettikoulutusverkosto","description":"","publisher":{"@id":"https:\/\/blogs2.uef.fi\/biodiversityeducation-vanha\/#organization"},"potentialAction":[{"@type":"SearchAction","target":{"@type":"EntryPoint","urlTemplate":"https:\/\/blogs2.uef.fi\/biodiversityeducation-vanha\/?s={search_term_string}"},"query-input":{"@type":"PropertyValueSpecification","valueRequired":true,"valueName":"search_term_string"}}],"inLanguage":"fi"},{"@type":"Organization","@id":"https:\/\/blogs2.uef.fi\/biodiversityeducation-vanha\/#organization","name":"Biodiversiteettikoulutusverkosto","url":"https:\/\/blogs2.uef.fi\/biodiversityeducation-vanha\/","logo":{"@type":"ImageObject","inLanguage":"fi","@id":"https:\/\/blogs2.uef.fi\/biodiversityeducation-vanha\/#\/schema\/logo\/image\/","url":"https:\/\/blogs2.uef.fi\/biodiversityeducation-vanha\/wp-content\/uploads\/sites\/110\/2023\/01\/Logo-ja-teksti.png","contentUrl":"https:\/\/blogs2.uef.fi\/biodiversityeducation-vanha\/wp-content\/uploads\/sites\/110\/2023\/01\/Logo-ja-teksti.png","width":785,"height":247,"caption":"Biodiversiteettikoulutusverkosto"},"image":{"@id":"https:\/\/blogs2.uef.fi\/biodiversityeducation-vanha\/#\/schema\/logo\/image\/"}},{"@type":"Person","@id":"https:\/\/blogs2.uef.fi\/biodiversityeducation-vanha\/#\/schema\/person\/aafdd26c1ef4edf4a080b86c113b9fbb","name":"kooders","image":{"@type":"ImageObject","inLanguage":"fi","@id":"https:\/\/secure.gravatar.com\/avatar\/27c6f0d998226cd3aac69b7071a685c1c0427bcb2dcb1d313d098c47e7746fc9?s=96&d=mm&r=g","url":"https:\/\/secure.gravatar.com\/avatar\/27c6f0d998226cd3aac69b7071a685c1c0427bcb2dcb1d313d098c47e7746fc9?s=96&d=mm&r=g","contentUrl":"https:\/\/secure.gravatar.com\/avatar\/27c6f0d998226cd3aac69b7071a685c1c0427bcb2dcb1d313d098c47e7746fc9?s=96&d=mm&r=g","caption":"kooders"},"sameAs":["https:\/\/www.biodiversityeducation.fi"],"url":"https:\/\/blogs2.uef.fi\/biodiversityeducation-vanha\/author\/kooders\/"}]}},"_links":{"self":[{"href":"https:\/\/blogs2.uef.fi\/biodiversityeducation-vanha\/wp-json\/wp\/v2\/posts\/1078","targetHints":{"allow":["GET"]}}],"collection":[{"href":"https:\/\/blogs2.uef.fi\/biodiversityeducation-vanha\/wp-json\/wp\/v2\/posts"}],"about":[{"href":"https:\/\/blogs2.uef.fi\/biodiversityeducation-vanha\/wp-json\/wp\/v2\/types\/post"}],"author":[{"embeddable":true,"href":"https:\/\/blogs2.uef.fi\/biodiversityeducation-vanha\/wp-json\/wp\/v2\/users\/611"}],"replies":[{"embeddable":true,"href":"https:\/\/blogs2.uef.fi\/biodiversityeducation-vanha\/wp-json\/wp\/v2\/comments?post=1078"}],"version-history":[{"count":1,"href":"https:\/\/blogs2.uef.fi\/biodiversityeducation-vanha\/wp-json\/wp\/v2\/posts\/1078\/revisions"}],"predecessor-version":[{"id":1087,"href":"https:\/\/blogs2.uef.fi\/biodiversityeducation-vanha\/wp-json\/wp\/v2\/posts\/1078\/revisions\/1087"}],"wp:featuredmedia":[{"embeddable":true,"href":"https:\/\/blogs2.uef.fi\/biodiversityeducation-vanha\/wp-json\/wp\/v2\/media\/1079"}],"wp:attachment":[{"href":"https:\/\/blogs2.uef.fi\/biodiversityeducation-vanha\/wp-json\/wp\/v2\/media?parent=1078"}],"wp:term":[{"taxonomy":"category","embeddable":true,"href":"https:\/\/blogs2.uef.fi\/biodiversityeducation-vanha\/wp-json\/wp\/v2\/categories?post=1078"},{"taxonomy":"post_tag","embeddable":true,"href":"https:\/\/blogs2.uef.fi\/biodiversityeducation-vanha\/wp-json\/wp\/v2\/tags?post=1078"}],"curies":[{"name":"wp","href":"https:\/\/api.w.org\/{rel}","templated":true}]}}