{"id":1088,"date":"2022-06-21T11:36:00","date_gmt":"2022-06-21T08:36:00","guid":{"rendered":"https:\/\/www.biodiversityeducation.fi\/?p=1088"},"modified":"2023-03-15T15:40:25","modified_gmt":"2023-03-15T13:40:25","slug":"kuulumisia-luma-paivilta-6-2022","status":"publish","type":"post","link":"https:\/\/blogs2.uef.fi\/biodiversityeducation-vanha\/2022\/06\/21\/kuulumisia-luma-paivilta-6-2022\/","title":{"rendered":"Kuulumisia LUMA-p\u00e4ivilt\u00e4 (6\/2022)"},"content":{"rendered":"\n<figure class=\"wp-block-image size-full\"><img loading=\"lazy\" decoding=\"async\" width=\"480\" height=\"369\" src=\"https:\/\/blogs2.uef.fi\/wp-content\/uploads\/sites\/110\/2023\/03\/luma1.png\" alt=\"luma1-blog\" class=\"wp-image-1089\" srcset=\"https:\/\/blogs2.uef.fi\/biodiversityeducation-vanha\/wp-content\/uploads\/sites\/110\/2023\/03\/luma1.png 480w, https:\/\/blogs2.uef.fi\/biodiversityeducation-vanha\/wp-content\/uploads\/sites\/110\/2023\/03\/luma1-300x231.png 300w\" sizes=\"auto, (max-width: 480px) 100vw, 480px\" \/><\/figure>\n\n\n\n<p>Luma-keskus Suomi j\u00e4rjesti 13.6.-14.6. LUMA-p\u00e4iv\u00e4t 2022 -tapahtuman. Tapahtuma j\u00e4rjestettiin Aalto-yliopistolla ja se kokosi yhteen eri puolelta maailmaa olevia luonnontieteiden ja matematiikan opetuksesta kiinnostuneita vieraita. Tapahtumaan osallistui eri alojen ja koulutustasojen opettajia, tiedekasvattajia, tutkijoita ja asiantuntijoita.<\/p>\n\n\n\n<figure class=\"wp-block-image size-full\"><img loading=\"lazy\" decoding=\"async\" width=\"480\" height=\"320\" src=\"https:\/\/blogs2.uef.fi\/wp-content\/uploads\/sites\/110\/2023\/03\/luma2.png\" alt=\"luma2-blog\" class=\"wp-image-1091\" srcset=\"https:\/\/blogs2.uef.fi\/biodiversityeducation-vanha\/wp-content\/uploads\/sites\/110\/2023\/03\/luma2.png 480w, https:\/\/blogs2.uef.fi\/biodiversityeducation-vanha\/wp-content\/uploads\/sites\/110\/2023\/03\/luma2-300x200.png 300w\" sizes=\"auto, (max-width: 480px) 100vw, 480px\" \/><\/figure>\n\n\n\n<p>Tapahtuman tarkoituksena oli keskustella tiedekasvatuksesta, motivoitua ja saada uusia ideoita ty\u00f6pajoista, sek\u00e4 verkostoitua muiden tiedekasvattajien kanssa. Opettajien roolin t\u00e4rkeydest\u00e4 tiedekasvatuksessa puhuttiin paljon puheenvuoroissa. Er\u00e4\u00e4ss\u00e4 puheenvuorossa sanottiin, ett\u00e4 yhden opettajan vaikutus kest\u00e4\u00e4 noin 100 vuotta eli toisin sanoen yhden opettajan tekem\u00e4 ty\u00f6 jatkaa olemassaoloaan pitk\u00e4lle t\u00e4m\u00e4n aktiivisen uran j\u00e4lkeenkin. Voidaan siis syyst\u00e4kin korostaa, kuinka isossa osassa tiedekasvattajat ovat motivoimaan ja houkuttelemaan seuraavia sukupolvia tieteen \u00e4\u00e4relle. Suomen tiedep\u00e4\u00e4oman kasvattamisen vuoksi tieteisiin innostaminen on t\u00e4rke\u00e4\u00e4 l\u00e4pi ihmisen el\u00e4m\u00e4n: varhaiskasvatuksesta korkeakoulutukseen ja sen yli. Opettajilla on siis suuri merkitys Suomen tulevaisuuden ja kehityksen kannalta.<\/p>\n\n\n\n<figure class=\"wp-block-image size-full\"><img loading=\"lazy\" decoding=\"async\" width=\"480\" height=\"333\" src=\"https:\/\/blogs2.uef.fi\/wp-content\/uploads\/sites\/110\/2023\/03\/luma3.png\" alt=\"luma3-blog\" class=\"wp-image-1093\" srcset=\"https:\/\/blogs2.uef.fi\/biodiversityeducation-vanha\/wp-content\/uploads\/sites\/110\/2023\/03\/luma3.png 480w, https:\/\/blogs2.uef.fi\/biodiversityeducation-vanha\/wp-content\/uploads\/sites\/110\/2023\/03\/luma3-300x208.png 300w\" sizes=\"auto, (max-width: 480px) 100vw, 480px\" \/><\/figure>\n\n\n\n<p>Tapahtuma oli my\u00f6s oiva tapa verkostoitua ja kuulla erilaisista opetusprojekteista ymp\u00e4ri maailmaa. Ideoiden ja kokemusten jakaminen muiden kanssa tuntui hedelm\u00e4lliselt\u00e4 tavalta kehitt\u00e4\u00e4 omaa osaamista ja keksi\u00e4 uusia l\u00e4hestymistapoja opetukseen. Oli my\u00f6s hienoa huomata, kuinka eri alueiden erityispiirteet oli huomioitu opetuksessa. Esimerkiksi maassa, jossa kuivuus on suuri maatalouteen vaikuttava tekij\u00e4, oli kehitelty opetusprojekti kasteluj\u00e4rjestelm\u00e4n rakentamisen ymp\u00e4rille. Toisessa maassa, miss\u00e4 on ongelmia kotitalouksien \u00f6ljyj\u00e4tteiden k\u00e4sittelyss\u00e4, kehiteltiin oppilaiden kanssa tapa muuttaa \u00f6ljy saippuaksi naapurustoihin sijoitettavien automaattien avulla.<\/p>\n\n\n\n<figure class=\"wp-block-image size-full\"><img loading=\"lazy\" decoding=\"async\" width=\"480\" height=\"320\" src=\"https:\/\/blogs2.uef.fi\/wp-content\/uploads\/sites\/110\/2023\/03\/luma4.png\" alt=\"luma4-blog\" class=\"wp-image-1095\" srcset=\"https:\/\/blogs2.uef.fi\/biodiversityeducation-vanha\/wp-content\/uploads\/sites\/110\/2023\/03\/luma4.png 480w, https:\/\/blogs2.uef.fi\/biodiversityeducation-vanha\/wp-content\/uploads\/sites\/110\/2023\/03\/luma4-300x200.png 300w\" sizes=\"auto, (max-width: 480px) 100vw, 480px\" \/><\/figure>\n\n\n\n<p>Erilaiset ty\u00f6pajat esitteliv\u00e4t uusia tapoja ja menetelmi\u00e4 opettamiseen. Virtuaalisuus, kuten esimerkiksi virtuaalilabrat ja -vierailut, avaavat paljon ovia oppilaille, jotka eiv\u00e4t normaalisti p\u00e4\u00e4sisi fyysisesti osallistumaan vierailuille. My\u00f6s virtuaalinen pelillisyys oli kiinnostavaa. Monen eri aiheen ymp\u00e4rille rakennetut virtuaaliset pakopelit olivat hauska tapa sek\u00e4 oppia teoriaa ett\u00e4 harjoitella ongelmanratkaisukykyj\u00e4. Virtuaalisuuden lis\u00e4ksi ilmi\u00f6pohjainen oppiminen, projektioppiminen ja yritysyhteisty\u00f6 olivat t\u00e4rke\u00e4ss\u00e4 asemassa tapahtumassa ja kuvastavat mielest\u00e4ni hyvin tiedekasvatuksen t\u00e4m\u00e4n hetken trendej\u00e4.<\/p>\n\n\n\n<p>Tapahtuma oli kaikin puolin antoisa. Keskustelut ja ty\u00f6pajat virittiv\u00e4t tarkastelemaan sit\u00e4, kuinka t\u00e4rke\u00e4\u00e4 on tiedekasvatus ja kuinka motivoituneita opettajia ja muita toimijoita Suomessa (sek\u00e4 muualla maailmassa) oikein on. Uusien ajatusten ja menetelmien k\u00e4ytt\u00f6\u00f6notto onkin varmasti helpompaa, kun niit\u00e4 on viem\u00e4ss\u00e4 eteenp\u00e4in tieteist\u00e4 innostuneet opettajat ja kasvattajat ja uudistukset kohtaavat ruohonjuuritason tarpeet ja vaatimukset.<\/p>\n\n\n\n<figure class=\"wp-block-image size-full\"><img loading=\"lazy\" decoding=\"async\" width=\"200\" height=\"300\" src=\"https:\/\/blogs2.uef.fi\/wp-content\/uploads\/sites\/110\/2023\/03\/luma5.png\" alt=\"luma5-blog\" class=\"wp-image-1097\"\/><\/figure>\n\n\n\n<p>Kirjoittanut Iida-Sofia Holma<\/p>\n","protected":false},"excerpt":{"rendered":"<p>Luma-keskus Suomi j\u00e4rjesti 13.6.-14.6. LUMA-p\u00e4iv\u00e4t 2022 -tapahtuman. Tapahtuma j\u00e4rjestettiin Aalto-yliopistolla ja se kokosi yhteen eri puolelta maailmaa olevia luonnontieteiden ja matematiikan opetuksesta kiinnostuneita vieraita. Tapahtumaan osallistui eri alojen ja koulutustasojen opettajia, tiedekasvattajia, tutkijoita ja asiantuntijoita. Tapahtuman tarkoituksena oli keskustella tiedekasvatuksesta, motivoitua ja saada uusia ideoita ty\u00f6pajoista, sek\u00e4 verkostoitua muiden tiedekasvattajien kanssa. Opettajien roolin t\u00e4rkeydest\u00e4 tiedekasvatuksessa [&hellip;]<\/p>\n","protected":false},"author":611,"featured_media":1091,"comment_status":"closed","ping_status":"open","sticky":false,"template":"","format":"standard","meta":{"_acf_changed":false,"footnotes":""},"categories":[15],"tags":[38,36,37,39],"class_list":["post-1088","post","type-post","status-publish","format-standard","has-post-thumbnail","hentry","category-tapahtumat","tag-koulutus","tag-luma","tag-opetus","tag-oppiminen"],"acf":[],"yoast_head":"<!-- This site is optimized with the Yoast SEO plugin v27.3 - https:\/\/yoast.com\/product\/yoast-seo-wordpress\/ -->\n<title>Kuulumisia LUMA-p\u00e4ivilt\u00e4 (6\/2022) - Biodiversiteettikoulutusverkosto<\/title>\n<meta name=\"robots\" content=\"index, follow, max-snippet:-1, max-image-preview:large, max-video-preview:-1\" \/>\n<link rel=\"canonical\" href=\"https:\/\/blogs2.uef.fi\/biodiversityeducation-vanha\/2022\/06\/21\/kuulumisia-luma-paivilta-6-2022\/\" \/>\n<meta property=\"og:locale\" content=\"fi_FI\" \/>\n<meta property=\"og:type\" content=\"article\" \/>\n<meta property=\"og:title\" content=\"Kuulumisia LUMA-p\u00e4ivilt\u00e4 (6\/2022) - Biodiversiteettikoulutusverkosto\" \/>\n<meta property=\"og:description\" content=\"Luma-keskus Suomi j\u00e4rjesti 13.6.-14.6. LUMA-p\u00e4iv\u00e4t 2022 -tapahtuman. Tapahtuma j\u00e4rjestettiin Aalto-yliopistolla ja se kokosi yhteen eri puolelta maailmaa olevia luonnontieteiden ja matematiikan opetuksesta kiinnostuneita vieraita. Tapahtumaan osallistui eri alojen ja koulutustasojen opettajia, tiedekasvattajia, tutkijoita ja asiantuntijoita. Tapahtuman tarkoituksena oli keskustella tiedekasvatuksesta, motivoitua ja saada uusia ideoita ty\u00f6pajoista, sek\u00e4 verkostoitua muiden tiedekasvattajien kanssa. Opettajien roolin t\u00e4rkeydest\u00e4 tiedekasvatuksessa [&hellip;]\" \/>\n<meta property=\"og:url\" content=\"https:\/\/blogs2.uef.fi\/biodiversityeducation-vanha\/2022\/06\/21\/kuulumisia-luma-paivilta-6-2022\/\" \/>\n<meta property=\"og:site_name\" content=\"Biodiversiteettikoulutusverkosto\" \/>\n<meta property=\"article:published_time\" content=\"2022-06-21T08:36:00+00:00\" \/>\n<meta property=\"article:modified_time\" content=\"2023-03-15T13:40:25+00:00\" \/>\n<meta property=\"og:image\" content=\"https:\/\/blogs2.uef.fi\/biodiversityeducation-vanha\/wp-content\/uploads\/sites\/110\/2023\/03\/luma2.png\" \/>\n\t<meta property=\"og:image:width\" content=\"480\" \/>\n\t<meta property=\"og:image:height\" content=\"320\" \/>\n\t<meta property=\"og:image:type\" content=\"image\/png\" \/>\n<meta name=\"author\" content=\"kooders\" \/>\n<meta name=\"twitter:card\" content=\"summary_large_image\" \/>\n<meta name=\"twitter:label1\" content=\"Kirjoittanut\" \/>\n\t<meta name=\"twitter:data1\" content=\"kooders\" \/>\n\t<meta name=\"twitter:label2\" content=\"Arvioitu lukuaika\" \/>\n\t<meta name=\"twitter:data2\" content=\"2 minuuttia\" \/>\n<script type=\"application\/ld+json\" class=\"yoast-schema-graph\">{\"@context\":\"https:\\\/\\\/schema.org\",\"@graph\":[{\"@type\":\"Article\",\"@id\":\"https:\\\/\\\/blogs2.uef.fi\\\/biodiversityeducation-vanha\\\/2022\\\/06\\\/21\\\/kuulumisia-luma-paivilta-6-2022\\\/#article\",\"isPartOf\":{\"@id\":\"https:\\\/\\\/blogs2.uef.fi\\\/biodiversityeducation-vanha\\\/2022\\\/06\\\/21\\\/kuulumisia-luma-paivilta-6-2022\\\/\"},\"author\":{\"name\":\"kooders\",\"@id\":\"https:\\\/\\\/blogs2.uef.fi\\\/biodiversityeducation-vanha\\\/#\\\/schema\\\/person\\\/aafdd26c1ef4edf4a080b86c113b9fbb\"},\"headline\":\"Kuulumisia LUMA-p\u00e4ivilt\u00e4 (6\\\/2022)\",\"datePublished\":\"2022-06-21T08:36:00+00:00\",\"dateModified\":\"2023-03-15T13:40:25+00:00\",\"mainEntityOfPage\":{\"@id\":\"https:\\\/\\\/blogs2.uef.fi\\\/biodiversityeducation-vanha\\\/2022\\\/06\\\/21\\\/kuulumisia-luma-paivilta-6-2022\\\/\"},\"wordCount\":368,\"publisher\":{\"@id\":\"https:\\\/\\\/blogs2.uef.fi\\\/biodiversityeducation-vanha\\\/#organization\"},\"image\":{\"@id\":\"https:\\\/\\\/blogs2.uef.fi\\\/biodiversityeducation-vanha\\\/2022\\\/06\\\/21\\\/kuulumisia-luma-paivilta-6-2022\\\/#primaryimage\"},\"thumbnailUrl\":\"https:\\\/\\\/blogs2.uef.fi\\\/biodiversityeducation-vanha\\\/wp-content\\\/uploads\\\/sites\\\/110\\\/2023\\\/03\\\/luma2.png\",\"keywords\":[\"koulutus\",\"LUMA\",\"opetus\",\"oppiminen\"],\"articleSection\":[\"Tapahtumat\"],\"inLanguage\":\"fi\"},{\"@type\":\"WebPage\",\"@id\":\"https:\\\/\\\/blogs2.uef.fi\\\/biodiversityeducation-vanha\\\/2022\\\/06\\\/21\\\/kuulumisia-luma-paivilta-6-2022\\\/\",\"url\":\"https:\\\/\\\/blogs2.uef.fi\\\/biodiversityeducation-vanha\\\/2022\\\/06\\\/21\\\/kuulumisia-luma-paivilta-6-2022\\\/\",\"name\":\"Kuulumisia LUMA-p\u00e4ivilt\u00e4 (6\\\/2022) - Biodiversiteettikoulutusverkosto\",\"isPartOf\":{\"@id\":\"https:\\\/\\\/blogs2.uef.fi\\\/biodiversityeducation-vanha\\\/#website\"},\"primaryImageOfPage\":{\"@id\":\"https:\\\/\\\/blogs2.uef.fi\\\/biodiversityeducation-vanha\\\/2022\\\/06\\\/21\\\/kuulumisia-luma-paivilta-6-2022\\\/#primaryimage\"},\"image\":{\"@id\":\"https:\\\/\\\/blogs2.uef.fi\\\/biodiversityeducation-vanha\\\/2022\\\/06\\\/21\\\/kuulumisia-luma-paivilta-6-2022\\\/#primaryimage\"},\"thumbnailUrl\":\"https:\\\/\\\/blogs2.uef.fi\\\/biodiversityeducation-vanha\\\/wp-content\\\/uploads\\\/sites\\\/110\\\/2023\\\/03\\\/luma2.png\",\"datePublished\":\"2022-06-21T08:36:00+00:00\",\"dateModified\":\"2023-03-15T13:40:25+00:00\",\"inLanguage\":\"fi\",\"potentialAction\":[{\"@type\":\"ReadAction\",\"target\":[\"https:\\\/\\\/blogs2.uef.fi\\\/biodiversityeducation-vanha\\\/2022\\\/06\\\/21\\\/kuulumisia-luma-paivilta-6-2022\\\/\"]}]},{\"@type\":\"ImageObject\",\"inLanguage\":\"fi\",\"@id\":\"https:\\\/\\\/blogs2.uef.fi\\\/biodiversityeducation-vanha\\\/2022\\\/06\\\/21\\\/kuulumisia-luma-paivilta-6-2022\\\/#primaryimage\",\"url\":\"https:\\\/\\\/blogs2.uef.fi\\\/biodiversityeducation-vanha\\\/wp-content\\\/uploads\\\/sites\\\/110\\\/2023\\\/03\\\/luma2.png\",\"contentUrl\":\"https:\\\/\\\/blogs2.uef.fi\\\/biodiversityeducation-vanha\\\/wp-content\\\/uploads\\\/sites\\\/110\\\/2023\\\/03\\\/luma2.png\",\"width\":480,\"height\":320,\"caption\":\"luma2-blog\"},{\"@type\":\"WebSite\",\"@id\":\"https:\\\/\\\/blogs2.uef.fi\\\/biodiversityeducation-vanha\\\/#website\",\"url\":\"https:\\\/\\\/blogs2.uef.fi\\\/biodiversityeducation-vanha\\\/\",\"name\":\"Biodiversiteettikoulutusverkosto\",\"description\":\"\",\"publisher\":{\"@id\":\"https:\\\/\\\/blogs2.uef.fi\\\/biodiversityeducation-vanha\\\/#organization\"},\"potentialAction\":[{\"@type\":\"SearchAction\",\"target\":{\"@type\":\"EntryPoint\",\"urlTemplate\":\"https:\\\/\\\/blogs2.uef.fi\\\/biodiversityeducation-vanha\\\/?s={search_term_string}\"},\"query-input\":{\"@type\":\"PropertyValueSpecification\",\"valueRequired\":true,\"valueName\":\"search_term_string\"}}],\"inLanguage\":\"fi\"},{\"@type\":\"Organization\",\"@id\":\"https:\\\/\\\/blogs2.uef.fi\\\/biodiversityeducation-vanha\\\/#organization\",\"name\":\"Biodiversiteettikoulutusverkosto\",\"url\":\"https:\\\/\\\/blogs2.uef.fi\\\/biodiversityeducation-vanha\\\/\",\"logo\":{\"@type\":\"ImageObject\",\"inLanguage\":\"fi\",\"@id\":\"https:\\\/\\\/blogs2.uef.fi\\\/biodiversityeducation-vanha\\\/#\\\/schema\\\/logo\\\/image\\\/\",\"url\":\"https:\\\/\\\/blogs2.uef.fi\\\/biodiversityeducation-vanha\\\/wp-content\\\/uploads\\\/sites\\\/110\\\/2023\\\/01\\\/Logo-ja-teksti.png\",\"contentUrl\":\"https:\\\/\\\/blogs2.uef.fi\\\/biodiversityeducation-vanha\\\/wp-content\\\/uploads\\\/sites\\\/110\\\/2023\\\/01\\\/Logo-ja-teksti.png\",\"width\":785,\"height\":247,\"caption\":\"Biodiversiteettikoulutusverkosto\"},\"image\":{\"@id\":\"https:\\\/\\\/blogs2.uef.fi\\\/biodiversityeducation-vanha\\\/#\\\/schema\\\/logo\\\/image\\\/\"}},{\"@type\":\"Person\",\"@id\":\"https:\\\/\\\/blogs2.uef.fi\\\/biodiversityeducation-vanha\\\/#\\\/schema\\\/person\\\/aafdd26c1ef4edf4a080b86c113b9fbb\",\"name\":\"kooders\",\"image\":{\"@type\":\"ImageObject\",\"inLanguage\":\"fi\",\"@id\":\"https:\\\/\\\/secure.gravatar.com\\\/avatar\\\/27c6f0d998226cd3aac69b7071a685c1c0427bcb2dcb1d313d098c47e7746fc9?s=96&d=mm&r=g\",\"url\":\"https:\\\/\\\/secure.gravatar.com\\\/avatar\\\/27c6f0d998226cd3aac69b7071a685c1c0427bcb2dcb1d313d098c47e7746fc9?s=96&d=mm&r=g\",\"contentUrl\":\"https:\\\/\\\/secure.gravatar.com\\\/avatar\\\/27c6f0d998226cd3aac69b7071a685c1c0427bcb2dcb1d313d098c47e7746fc9?s=96&d=mm&r=g\",\"caption\":\"kooders\"},\"sameAs\":[\"https:\\\/\\\/www.biodiversityeducation.fi\"],\"url\":\"https:\\\/\\\/blogs2.uef.fi\\\/biodiversityeducation-vanha\\\/author\\\/kooders\\\/\"}]}<\/script>\n<!-- \/ Yoast SEO plugin. -->","yoast_head_json":{"title":"Kuulumisia LUMA-p\u00e4ivilt\u00e4 (6\/2022) - Biodiversiteettikoulutusverkosto","robots":{"index":"index","follow":"follow","max-snippet":"max-snippet:-1","max-image-preview":"max-image-preview:large","max-video-preview":"max-video-preview:-1"},"canonical":"https:\/\/blogs2.uef.fi\/biodiversityeducation-vanha\/2022\/06\/21\/kuulumisia-luma-paivilta-6-2022\/","og_locale":"fi_FI","og_type":"article","og_title":"Kuulumisia LUMA-p\u00e4ivilt\u00e4 (6\/2022) - Biodiversiteettikoulutusverkosto","og_description":"Luma-keskus Suomi j\u00e4rjesti 13.6.-14.6. LUMA-p\u00e4iv\u00e4t 2022 -tapahtuman. Tapahtuma j\u00e4rjestettiin Aalto-yliopistolla ja se kokosi yhteen eri puolelta maailmaa olevia luonnontieteiden ja matematiikan opetuksesta kiinnostuneita vieraita. Tapahtumaan osallistui eri alojen ja koulutustasojen opettajia, tiedekasvattajia, tutkijoita ja asiantuntijoita. Tapahtuman tarkoituksena oli keskustella tiedekasvatuksesta, motivoitua ja saada uusia ideoita ty\u00f6pajoista, sek\u00e4 verkostoitua muiden tiedekasvattajien kanssa. Opettajien roolin t\u00e4rkeydest\u00e4 tiedekasvatuksessa [&hellip;]","og_url":"https:\/\/blogs2.uef.fi\/biodiversityeducation-vanha\/2022\/06\/21\/kuulumisia-luma-paivilta-6-2022\/","og_site_name":"Biodiversiteettikoulutusverkosto","article_published_time":"2022-06-21T08:36:00+00:00","article_modified_time":"2023-03-15T13:40:25+00:00","og_image":[{"width":480,"height":320,"url":"https:\/\/blogs2.uef.fi\/biodiversityeducation-vanha\/wp-content\/uploads\/sites\/110\/2023\/03\/luma2.png","type":"image\/png"}],"author":"kooders","twitter_card":"summary_large_image","twitter_misc":{"Kirjoittanut":"kooders","Arvioitu lukuaika":"2 minuuttia"},"schema":{"@context":"https:\/\/schema.org","@graph":[{"@type":"Article","@id":"https:\/\/blogs2.uef.fi\/biodiversityeducation-vanha\/2022\/06\/21\/kuulumisia-luma-paivilta-6-2022\/#article","isPartOf":{"@id":"https:\/\/blogs2.uef.fi\/biodiversityeducation-vanha\/2022\/06\/21\/kuulumisia-luma-paivilta-6-2022\/"},"author":{"name":"kooders","@id":"https:\/\/blogs2.uef.fi\/biodiversityeducation-vanha\/#\/schema\/person\/aafdd26c1ef4edf4a080b86c113b9fbb"},"headline":"Kuulumisia LUMA-p\u00e4ivilt\u00e4 (6\/2022)","datePublished":"2022-06-21T08:36:00+00:00","dateModified":"2023-03-15T13:40:25+00:00","mainEntityOfPage":{"@id":"https:\/\/blogs2.uef.fi\/biodiversityeducation-vanha\/2022\/06\/21\/kuulumisia-luma-paivilta-6-2022\/"},"wordCount":368,"publisher":{"@id":"https:\/\/blogs2.uef.fi\/biodiversityeducation-vanha\/#organization"},"image":{"@id":"https:\/\/blogs2.uef.fi\/biodiversityeducation-vanha\/2022\/06\/21\/kuulumisia-luma-paivilta-6-2022\/#primaryimage"},"thumbnailUrl":"https:\/\/blogs2.uef.fi\/biodiversityeducation-vanha\/wp-content\/uploads\/sites\/110\/2023\/03\/luma2.png","keywords":["koulutus","LUMA","opetus","oppiminen"],"articleSection":["Tapahtumat"],"inLanguage":"fi"},{"@type":"WebPage","@id":"https:\/\/blogs2.uef.fi\/biodiversityeducation-vanha\/2022\/06\/21\/kuulumisia-luma-paivilta-6-2022\/","url":"https:\/\/blogs2.uef.fi\/biodiversityeducation-vanha\/2022\/06\/21\/kuulumisia-luma-paivilta-6-2022\/","name":"Kuulumisia LUMA-p\u00e4ivilt\u00e4 (6\/2022) - Biodiversiteettikoulutusverkosto","isPartOf":{"@id":"https:\/\/blogs2.uef.fi\/biodiversityeducation-vanha\/#website"},"primaryImageOfPage":{"@id":"https:\/\/blogs2.uef.fi\/biodiversityeducation-vanha\/2022\/06\/21\/kuulumisia-luma-paivilta-6-2022\/#primaryimage"},"image":{"@id":"https:\/\/blogs2.uef.fi\/biodiversityeducation-vanha\/2022\/06\/21\/kuulumisia-luma-paivilta-6-2022\/#primaryimage"},"thumbnailUrl":"https:\/\/blogs2.uef.fi\/biodiversityeducation-vanha\/wp-content\/uploads\/sites\/110\/2023\/03\/luma2.png","datePublished":"2022-06-21T08:36:00+00:00","dateModified":"2023-03-15T13:40:25+00:00","inLanguage":"fi","potentialAction":[{"@type":"ReadAction","target":["https:\/\/blogs2.uef.fi\/biodiversityeducation-vanha\/2022\/06\/21\/kuulumisia-luma-paivilta-6-2022\/"]}]},{"@type":"ImageObject","inLanguage":"fi","@id":"https:\/\/blogs2.uef.fi\/biodiversityeducation-vanha\/2022\/06\/21\/kuulumisia-luma-paivilta-6-2022\/#primaryimage","url":"https:\/\/blogs2.uef.fi\/biodiversityeducation-vanha\/wp-content\/uploads\/sites\/110\/2023\/03\/luma2.png","contentUrl":"https:\/\/blogs2.uef.fi\/biodiversityeducation-vanha\/wp-content\/uploads\/sites\/110\/2023\/03\/luma2.png","width":480,"height":320,"caption":"luma2-blog"},{"@type":"WebSite","@id":"https:\/\/blogs2.uef.fi\/biodiversityeducation-vanha\/#website","url":"https:\/\/blogs2.uef.fi\/biodiversityeducation-vanha\/","name":"Biodiversiteettikoulutusverkosto","description":"","publisher":{"@id":"https:\/\/blogs2.uef.fi\/biodiversityeducation-vanha\/#organization"},"potentialAction":[{"@type":"SearchAction","target":{"@type":"EntryPoint","urlTemplate":"https:\/\/blogs2.uef.fi\/biodiversityeducation-vanha\/?s={search_term_string}"},"query-input":{"@type":"PropertyValueSpecification","valueRequired":true,"valueName":"search_term_string"}}],"inLanguage":"fi"},{"@type":"Organization","@id":"https:\/\/blogs2.uef.fi\/biodiversityeducation-vanha\/#organization","name":"Biodiversiteettikoulutusverkosto","url":"https:\/\/blogs2.uef.fi\/biodiversityeducation-vanha\/","logo":{"@type":"ImageObject","inLanguage":"fi","@id":"https:\/\/blogs2.uef.fi\/biodiversityeducation-vanha\/#\/schema\/logo\/image\/","url":"https:\/\/blogs2.uef.fi\/biodiversityeducation-vanha\/wp-content\/uploads\/sites\/110\/2023\/01\/Logo-ja-teksti.png","contentUrl":"https:\/\/blogs2.uef.fi\/biodiversityeducation-vanha\/wp-content\/uploads\/sites\/110\/2023\/01\/Logo-ja-teksti.png","width":785,"height":247,"caption":"Biodiversiteettikoulutusverkosto"},"image":{"@id":"https:\/\/blogs2.uef.fi\/biodiversityeducation-vanha\/#\/schema\/logo\/image\/"}},{"@type":"Person","@id":"https:\/\/blogs2.uef.fi\/biodiversityeducation-vanha\/#\/schema\/person\/aafdd26c1ef4edf4a080b86c113b9fbb","name":"kooders","image":{"@type":"ImageObject","inLanguage":"fi","@id":"https:\/\/secure.gravatar.com\/avatar\/27c6f0d998226cd3aac69b7071a685c1c0427bcb2dcb1d313d098c47e7746fc9?s=96&d=mm&r=g","url":"https:\/\/secure.gravatar.com\/avatar\/27c6f0d998226cd3aac69b7071a685c1c0427bcb2dcb1d313d098c47e7746fc9?s=96&d=mm&r=g","contentUrl":"https:\/\/secure.gravatar.com\/avatar\/27c6f0d998226cd3aac69b7071a685c1c0427bcb2dcb1d313d098c47e7746fc9?s=96&d=mm&r=g","caption":"kooders"},"sameAs":["https:\/\/www.biodiversityeducation.fi"],"url":"https:\/\/blogs2.uef.fi\/biodiversityeducation-vanha\/author\/kooders\/"}]}},"_links":{"self":[{"href":"https:\/\/blogs2.uef.fi\/biodiversityeducation-vanha\/wp-json\/wp\/v2\/posts\/1088","targetHints":{"allow":["GET"]}}],"collection":[{"href":"https:\/\/blogs2.uef.fi\/biodiversityeducation-vanha\/wp-json\/wp\/v2\/posts"}],"about":[{"href":"https:\/\/blogs2.uef.fi\/biodiversityeducation-vanha\/wp-json\/wp\/v2\/types\/post"}],"author":[{"embeddable":true,"href":"https:\/\/blogs2.uef.fi\/biodiversityeducation-vanha\/wp-json\/wp\/v2\/users\/611"}],"replies":[{"embeddable":true,"href":"https:\/\/blogs2.uef.fi\/biodiversityeducation-vanha\/wp-json\/wp\/v2\/comments?post=1088"}],"version-history":[{"count":1,"href":"https:\/\/blogs2.uef.fi\/biodiversityeducation-vanha\/wp-json\/wp\/v2\/posts\/1088\/revisions"}],"predecessor-version":[{"id":1099,"href":"https:\/\/blogs2.uef.fi\/biodiversityeducation-vanha\/wp-json\/wp\/v2\/posts\/1088\/revisions\/1099"}],"wp:featuredmedia":[{"embeddable":true,"href":"https:\/\/blogs2.uef.fi\/biodiversityeducation-vanha\/wp-json\/wp\/v2\/media\/1091"}],"wp:attachment":[{"href":"https:\/\/blogs2.uef.fi\/biodiversityeducation-vanha\/wp-json\/wp\/v2\/media?parent=1088"}],"wp:term":[{"taxonomy":"category","embeddable":true,"href":"https:\/\/blogs2.uef.fi\/biodiversityeducation-vanha\/wp-json\/wp\/v2\/categories?post=1088"},{"taxonomy":"post_tag","embeddable":true,"href":"https:\/\/blogs2.uef.fi\/biodiversityeducation-vanha\/wp-json\/wp\/v2\/tags?post=1088"}],"curies":[{"name":"wp","href":"https:\/\/api.w.org\/{rel}","templated":true}]}}