{"id":1100,"date":"2022-06-30T11:41:00","date_gmt":"2022-06-30T08:41:00","guid":{"rendered":"https:\/\/www.biodiversityeducation.fi\/?p=1100"},"modified":"2023-03-15T16:00:40","modified_gmt":"2023-03-15T14:00:40","slug":"mita-kuuluu-biodiversiteettikoulutusverkostolle-6-2022","status":"publish","type":"post","link":"https:\/\/blogs2.uef.fi\/biodiversityeducation-vanha\/2022\/06\/30\/mita-kuuluu-biodiversiteettikoulutusverkostolle-6-2022\/","title":{"rendered":"Mit\u00e4 kuuluu Biodiversiteettikoulutusverkostolle? (6\/2022)"},"content":{"rendered":"\n<figure class=\"wp-block-image size-full\"><img loading=\"lazy\" decoding=\"async\" width=\"768\" height=\"1024\" src=\"https:\/\/blogs2.uef.fi\/wp-content\/uploads\/sites\/110\/2023\/03\/image-10-768x1024-1.png\" alt=\"tiilikka-blog\" class=\"wp-image-1101\" srcset=\"https:\/\/blogs2.uef.fi\/biodiversityeducation-vanha\/wp-content\/uploads\/sites\/110\/2023\/03\/image-10-768x1024-1.png 768w, https:\/\/blogs2.uef.fi\/biodiversityeducation-vanha\/wp-content\/uploads\/sites\/110\/2023\/03\/image-10-768x1024-1-225x300.png 225w\" sizes=\"auto, (max-width: 768px) 100vw, 768px\" \/><figcaption class=\"wp-element-caption\">Maisemia Tiilikkaj\u00e4rven kansallispuistosta kes\u00e4kuussa 2022. Kuva: Elli H\u00e4mynen<\/figcaption><\/figure>\n\n\n\n<p>Kes\u00e4 on tullut ja hanke edennyt. T\u00e4ss\u00e4 kuulumisia siit\u00e4, miss\u00e4 hankkeessa menn\u00e4\u00e4n ja mill\u00e4 miettein suuntaamme kes\u00e4laitumille.<\/p>\n\n\n\n<p>Verkoston opetusyhteisty\u00f6sopimus (tuttavallisemmin ristiinopiskelusopimus) on allekirjoitettu It\u00e4-Suomen, Helsingin, Turun, Jyv\u00e4skyl\u00e4n ja Oulun yliopistoissa sek\u00e4 \u00c5bo Akademissa. Mukana sopimuksessa on t\u00e4ll\u00e4 hetkell\u00e4 osaamista lajintuntemuksesta, eri ekosysteemien ekologiasta, ekologian tutkimusmenetelmist\u00e4 sek\u00e4 yleisesti biodiversiteetin tilasta.<\/p>\n\n\n\n<p>Kokonaan uusilla kursseilla paneudutaan trooppisiin kasviheimoihin, uhanalaisuusarviointeihin ja luontokadon syihin, seurauksiin ja ratkaisuihin (lue lis\u00e4\u00e4 Biodiversity.now -kurssista aiemmasta blogista). Monimuotoisia suoritustapoja on kehitetty suoteemaisiin kursseihin, kalojen populaatiomallinnukseen sek\u00e4 trooppisiin kasviheimoihin liittyen.<\/p>\n\n\n\n<p>Kentt\u00e4kurssien osalta ensi syksyn\u00e4 pilotoidaan k\u00e4\u00e4p\u00e4kurssia, jonka my\u00f6t\u00e4 saadaan kokemusta siit\u00e4, miten kentt\u00e4kurssiyhteisty\u00f6t\u00e4 voidaan jatkossa vahvistaa enemm\u00e4nkin.<\/p>\n\n\n\n<p>Muita ensi lukuvuoden aikana verkoston ristiinopiskeluna opetettavia teemoja ovat lintujen lajintuntemus, luonnonsuojelun perusteet, planetaarinen hyvinvointi, kasvien lajintuntemus, talviekologia, mets\u00e4ekologia ja mets\u00e4maan ekologia.<\/p>\n\n\n\n<p>Suurin osa kursseista on maisteritason kursseja, jotka luovat biologian, ymp\u00e4rist\u00f6tieteiden ja maatalous- ja mets\u00e4tieteiden opiskelijoille mahdollisuuden monipuolistaa omaa opintopolkuaan.<\/p>\n\n\n\n<p>Ja mik\u00e4 hienointa, kurssit ovat auki kaikkien verkoston yliopistojen opiskelijoille eli hankkeemme tavoite biodiversiteettiosaamisen vahvistamisesta ja laajemmasta opetusyhteisty\u00f6st\u00e4 on ottanut ison askeleen. Eik\u00e4 t\u00e4m\u00e4 j\u00e4\u00e4 t\u00e4h\u00e4n, vaan nyt allekirjoitetun sopimuksen my\u00f6t\u00e4 kurssitarjontaa laajennetaan seuraavaksi lukuvuodeksi. Yhteisty\u00f6n piiriin lis\u00e4t\u00e4\u00e4n kursseja lukuvuotta 2023-2024 varten jo syksyn 2022 aikana. Lis\u00e4\u00e4 keskusteluja ja pohdintaa kuitenkin tarvitaan my\u00f6s jatkossa, jotta yhteisty\u00f6t\u00e4 saadaan laajennettua ja yll\u00e4pidetty\u00e4.<\/p>\n\n\n\n<p>Verkoston k\u00e4yt\u00e4nn\u00f6n opetusyhteisty\u00f6 k\u00e4ynnistyy siis toden teolla syksyll\u00e4 ja ennen sit\u00e4 tarkennamme viel\u00e4 kurssien ilmoittautumisk\u00e4yt\u00e4nt\u00f6j\u00e4 sek\u00e4 suoritusohjeita. Lis\u00e4ksi syksyll\u00e4 avattavan Biodiversity.now-kurssin videosis\u00e4lt\u00f6j\u00e4 ty\u00f6stet\u00e4\u00e4n ahkerasti Sitralta saamamme lis\u00e4rahoituksen turvin.<\/p>\n\n\n\n<p>Olemme my\u00f6s saaneet verkostoon mukaan opiskelijaedustajia eri yliopistoista, ja n\u00e4in pystymme kehitt\u00e4m\u00e4\u00e4n opetusyhteisty\u00f6n toimintamallia opiskelijoiden n\u00e4kemysten mukaisesti.<\/p>\n\n\n\n<p>Tarkempia tietoja kurssitarjonnasta tulossa nettisivuille piakkoin!<\/p>\n\n\n\n<p>Ihanan monimuotoista kes\u00e4\u00e4 toivottaen Elli<\/p>\n\n\n\n<figure class=\"wp-block-image size-full\"><img loading=\"lazy\" decoding=\"async\" width=\"768\" height=\"1024\" src=\"https:\/\/blogs2.uef.fi\/wp-content\/uploads\/sites\/110\/2023\/03\/image-9-768x1024-1.png\" alt=\"pitkospuut-blog\" class=\"wp-image-1103\" srcset=\"https:\/\/blogs2.uef.fi\/biodiversityeducation-vanha\/wp-content\/uploads\/sites\/110\/2023\/03\/image-9-768x1024-1.png 768w, https:\/\/blogs2.uef.fi\/biodiversityeducation-vanha\/wp-content\/uploads\/sites\/110\/2023\/03\/image-9-768x1024-1-225x300.png 225w\" sizes=\"auto, (max-width: 768px) 100vw, 768px\" \/><figcaption class=\"wp-element-caption\">Tiilikkaj\u00e4rven kansallispuiston pitkospuita kes\u00e4kuussa 2022. Kuva: Elli H\u00e4mynen<\/figcaption><\/figure>\n","protected":false},"excerpt":{"rendered":"<p>Kes\u00e4 on tullut ja hanke edennyt. T\u00e4ss\u00e4 kuulumisia siit\u00e4, miss\u00e4 hankkeessa menn\u00e4\u00e4n ja mill\u00e4 miettein suuntaamme kes\u00e4laitumille. Verkoston opetusyhteisty\u00f6sopimus (tuttavallisemmin ristiinopiskelusopimus) on allekirjoitettu It\u00e4-Suomen, Helsingin, Turun, Jyv\u00e4skyl\u00e4n ja Oulun yliopistoissa sek\u00e4 \u00c5bo Akademissa. Mukana sopimuksessa on t\u00e4ll\u00e4 hetkell\u00e4 osaamista lajintuntemuksesta, eri ekosysteemien ekologiasta, ekologian tutkimusmenetelmist\u00e4 sek\u00e4 yleisesti biodiversiteetin tilasta. Kokonaan uusilla kursseilla paneudutaan trooppisiin kasviheimoihin, [&hellip;]<\/p>\n","protected":false},"author":611,"featured_media":1101,"comment_status":"closed","ping_status":"open","sticky":false,"template":"","format":"standard","meta":{"_acf_changed":false,"footnotes":""},"categories":[1],"tags":[18,26,17],"class_list":["post-1100","post","type-post","status-publish","format-standard","has-post-thumbnail","hentry","category-hankekuulumiset","tag-biodiversiteetti","tag-opetusyhteistyo","tag-ristiinopiskelu"],"acf":[],"yoast_head":"<!-- This site is optimized with the Yoast SEO plugin v27.3 - https:\/\/yoast.com\/product\/yoast-seo-wordpress\/ -->\n<title>Mit\u00e4 kuuluu Biodiversiteettikoulutusverkostolle? (6\/2022) - Biodiversiteettikoulutusverkosto<\/title>\n<meta name=\"robots\" content=\"index, follow, max-snippet:-1, max-image-preview:large, max-video-preview:-1\" \/>\n<link rel=\"canonical\" href=\"https:\/\/blogs2.uef.fi\/biodiversityeducation-vanha\/2022\/06\/30\/mita-kuuluu-biodiversiteettikoulutusverkostolle-6-2022\/\" \/>\n<meta property=\"og:locale\" content=\"fi_FI\" \/>\n<meta property=\"og:type\" content=\"article\" \/>\n<meta property=\"og:title\" content=\"Mit\u00e4 kuuluu Biodiversiteettikoulutusverkostolle? (6\/2022) - Biodiversiteettikoulutusverkosto\" \/>\n<meta property=\"og:description\" content=\"Kes\u00e4 on tullut ja hanke edennyt. T\u00e4ss\u00e4 kuulumisia siit\u00e4, miss\u00e4 hankkeessa menn\u00e4\u00e4n ja mill\u00e4 miettein suuntaamme kes\u00e4laitumille. Verkoston opetusyhteisty\u00f6sopimus (tuttavallisemmin ristiinopiskelusopimus) on allekirjoitettu It\u00e4-Suomen, Helsingin, Turun, Jyv\u00e4skyl\u00e4n ja Oulun yliopistoissa sek\u00e4 \u00c5bo Akademissa. Mukana sopimuksessa on t\u00e4ll\u00e4 hetkell\u00e4 osaamista lajintuntemuksesta, eri ekosysteemien ekologiasta, ekologian tutkimusmenetelmist\u00e4 sek\u00e4 yleisesti biodiversiteetin tilasta. Kokonaan uusilla kursseilla paneudutaan trooppisiin kasviheimoihin, [&hellip;]\" \/>\n<meta property=\"og:url\" content=\"https:\/\/blogs2.uef.fi\/biodiversityeducation-vanha\/2022\/06\/30\/mita-kuuluu-biodiversiteettikoulutusverkostolle-6-2022\/\" \/>\n<meta property=\"og:site_name\" content=\"Biodiversiteettikoulutusverkosto\" \/>\n<meta property=\"article:published_time\" content=\"2022-06-30T08:41:00+00:00\" \/>\n<meta property=\"article:modified_time\" content=\"2023-03-15T14:00:40+00:00\" \/>\n<meta property=\"og:image\" content=\"https:\/\/blogs2.uef.fi\/biodiversityeducation-vanha\/wp-content\/uploads\/sites\/110\/2023\/03\/image-10-768x1024-1.png\" \/>\n\t<meta property=\"og:image:width\" content=\"768\" \/>\n\t<meta property=\"og:image:height\" content=\"1024\" \/>\n\t<meta property=\"og:image:type\" content=\"image\/png\" \/>\n<meta name=\"author\" content=\"kooders\" \/>\n<meta name=\"twitter:card\" content=\"summary_large_image\" \/>\n<meta name=\"twitter:label1\" content=\"Kirjoittanut\" \/>\n\t<meta name=\"twitter:data1\" content=\"kooders\" \/>\n\t<meta name=\"twitter:label2\" content=\"Arvioitu lukuaika\" \/>\n\t<meta name=\"twitter:data2\" content=\"2 minuuttia\" \/>\n<script type=\"application\/ld+json\" class=\"yoast-schema-graph\">{\"@context\":\"https:\\\/\\\/schema.org\",\"@graph\":[{\"@type\":\"Article\",\"@id\":\"https:\\\/\\\/blogs2.uef.fi\\\/biodiversityeducation-vanha\\\/2022\\\/06\\\/30\\\/mita-kuuluu-biodiversiteettikoulutusverkostolle-6-2022\\\/#article\",\"isPartOf\":{\"@id\":\"https:\\\/\\\/blogs2.uef.fi\\\/biodiversityeducation-vanha\\\/2022\\\/06\\\/30\\\/mita-kuuluu-biodiversiteettikoulutusverkostolle-6-2022\\\/\"},\"author\":{\"name\":\"kooders\",\"@id\":\"https:\\\/\\\/blogs2.uef.fi\\\/biodiversityeducation-vanha\\\/#\\\/schema\\\/person\\\/aafdd26c1ef4edf4a080b86c113b9fbb\"},\"headline\":\"Mit\u00e4 kuuluu Biodiversiteettikoulutusverkostolle? (6\\\/2022)\",\"datePublished\":\"2022-06-30T08:41:00+00:00\",\"dateModified\":\"2023-03-15T14:00:40+00:00\",\"mainEntityOfPage\":{\"@id\":\"https:\\\/\\\/blogs2.uef.fi\\\/biodiversityeducation-vanha\\\/2022\\\/06\\\/30\\\/mita-kuuluu-biodiversiteettikoulutusverkostolle-6-2022\\\/\"},\"wordCount\":328,\"publisher\":{\"@id\":\"https:\\\/\\\/blogs2.uef.fi\\\/biodiversityeducation-vanha\\\/#organization\"},\"image\":{\"@id\":\"https:\\\/\\\/blogs2.uef.fi\\\/biodiversityeducation-vanha\\\/2022\\\/06\\\/30\\\/mita-kuuluu-biodiversiteettikoulutusverkostolle-6-2022\\\/#primaryimage\"},\"thumbnailUrl\":\"https:\\\/\\\/blogs2.uef.fi\\\/biodiversityeducation-vanha\\\/wp-content\\\/uploads\\\/sites\\\/110\\\/2023\\\/03\\\/image-10-768x1024-1.png\",\"keywords\":[\"biodiversiteetti\",\"opetusyhteisty\u00f6\",\"ristiinopiskelu\"],\"articleSection\":[\"Hankekuulumiset\"],\"inLanguage\":\"fi\"},{\"@type\":\"WebPage\",\"@id\":\"https:\\\/\\\/blogs2.uef.fi\\\/biodiversityeducation-vanha\\\/2022\\\/06\\\/30\\\/mita-kuuluu-biodiversiteettikoulutusverkostolle-6-2022\\\/\",\"url\":\"https:\\\/\\\/blogs2.uef.fi\\\/biodiversityeducation-vanha\\\/2022\\\/06\\\/30\\\/mita-kuuluu-biodiversiteettikoulutusverkostolle-6-2022\\\/\",\"name\":\"Mit\u00e4 kuuluu Biodiversiteettikoulutusverkostolle? (6\\\/2022) - Biodiversiteettikoulutusverkosto\",\"isPartOf\":{\"@id\":\"https:\\\/\\\/blogs2.uef.fi\\\/biodiversityeducation-vanha\\\/#website\"},\"primaryImageOfPage\":{\"@id\":\"https:\\\/\\\/blogs2.uef.fi\\\/biodiversityeducation-vanha\\\/2022\\\/06\\\/30\\\/mita-kuuluu-biodiversiteettikoulutusverkostolle-6-2022\\\/#primaryimage\"},\"image\":{\"@id\":\"https:\\\/\\\/blogs2.uef.fi\\\/biodiversityeducation-vanha\\\/2022\\\/06\\\/30\\\/mita-kuuluu-biodiversiteettikoulutusverkostolle-6-2022\\\/#primaryimage\"},\"thumbnailUrl\":\"https:\\\/\\\/blogs2.uef.fi\\\/biodiversityeducation-vanha\\\/wp-content\\\/uploads\\\/sites\\\/110\\\/2023\\\/03\\\/image-10-768x1024-1.png\",\"datePublished\":\"2022-06-30T08:41:00+00:00\",\"dateModified\":\"2023-03-15T14:00:40+00:00\",\"inLanguage\":\"fi\",\"potentialAction\":[{\"@type\":\"ReadAction\",\"target\":[\"https:\\\/\\\/blogs2.uef.fi\\\/biodiversityeducation-vanha\\\/2022\\\/06\\\/30\\\/mita-kuuluu-biodiversiteettikoulutusverkostolle-6-2022\\\/\"]}]},{\"@type\":\"ImageObject\",\"inLanguage\":\"fi\",\"@id\":\"https:\\\/\\\/blogs2.uef.fi\\\/biodiversityeducation-vanha\\\/2022\\\/06\\\/30\\\/mita-kuuluu-biodiversiteettikoulutusverkostolle-6-2022\\\/#primaryimage\",\"url\":\"https:\\\/\\\/blogs2.uef.fi\\\/biodiversityeducation-vanha\\\/wp-content\\\/uploads\\\/sites\\\/110\\\/2023\\\/03\\\/image-10-768x1024-1.png\",\"contentUrl\":\"https:\\\/\\\/blogs2.uef.fi\\\/biodiversityeducation-vanha\\\/wp-content\\\/uploads\\\/sites\\\/110\\\/2023\\\/03\\\/image-10-768x1024-1.png\",\"width\":768,\"height\":1024,\"caption\":\"Maisemia Tiilikkaj\u00e4rven kansallispuistosta kes\u00e4kuussa 2022. Kuva: Elli H\u00e4mynen\"},{\"@type\":\"WebSite\",\"@id\":\"https:\\\/\\\/blogs2.uef.fi\\\/biodiversityeducation-vanha\\\/#website\",\"url\":\"https:\\\/\\\/blogs2.uef.fi\\\/biodiversityeducation-vanha\\\/\",\"name\":\"Biodiversiteettikoulutusverkosto\",\"description\":\"\",\"publisher\":{\"@id\":\"https:\\\/\\\/blogs2.uef.fi\\\/biodiversityeducation-vanha\\\/#organization\"},\"potentialAction\":[{\"@type\":\"SearchAction\",\"target\":{\"@type\":\"EntryPoint\",\"urlTemplate\":\"https:\\\/\\\/blogs2.uef.fi\\\/biodiversityeducation-vanha\\\/?s={search_term_string}\"},\"query-input\":{\"@type\":\"PropertyValueSpecification\",\"valueRequired\":true,\"valueName\":\"search_term_string\"}}],\"inLanguage\":\"fi\"},{\"@type\":\"Organization\",\"@id\":\"https:\\\/\\\/blogs2.uef.fi\\\/biodiversityeducation-vanha\\\/#organization\",\"name\":\"Biodiversiteettikoulutusverkosto\",\"url\":\"https:\\\/\\\/blogs2.uef.fi\\\/biodiversityeducation-vanha\\\/\",\"logo\":{\"@type\":\"ImageObject\",\"inLanguage\":\"fi\",\"@id\":\"https:\\\/\\\/blogs2.uef.fi\\\/biodiversityeducation-vanha\\\/#\\\/schema\\\/logo\\\/image\\\/\",\"url\":\"https:\\\/\\\/blogs2.uef.fi\\\/biodiversityeducation-vanha\\\/wp-content\\\/uploads\\\/sites\\\/110\\\/2023\\\/01\\\/Logo-ja-teksti.png\",\"contentUrl\":\"https:\\\/\\\/blogs2.uef.fi\\\/biodiversityeducation-vanha\\\/wp-content\\\/uploads\\\/sites\\\/110\\\/2023\\\/01\\\/Logo-ja-teksti.png\",\"width\":785,\"height\":247,\"caption\":\"Biodiversiteettikoulutusverkosto\"},\"image\":{\"@id\":\"https:\\\/\\\/blogs2.uef.fi\\\/biodiversityeducation-vanha\\\/#\\\/schema\\\/logo\\\/image\\\/\"}},{\"@type\":\"Person\",\"@id\":\"https:\\\/\\\/blogs2.uef.fi\\\/biodiversityeducation-vanha\\\/#\\\/schema\\\/person\\\/aafdd26c1ef4edf4a080b86c113b9fbb\",\"name\":\"kooders\",\"image\":{\"@type\":\"ImageObject\",\"inLanguage\":\"fi\",\"@id\":\"https:\\\/\\\/secure.gravatar.com\\\/avatar\\\/27c6f0d998226cd3aac69b7071a685c1c0427bcb2dcb1d313d098c47e7746fc9?s=96&d=mm&r=g\",\"url\":\"https:\\\/\\\/secure.gravatar.com\\\/avatar\\\/27c6f0d998226cd3aac69b7071a685c1c0427bcb2dcb1d313d098c47e7746fc9?s=96&d=mm&r=g\",\"contentUrl\":\"https:\\\/\\\/secure.gravatar.com\\\/avatar\\\/27c6f0d998226cd3aac69b7071a685c1c0427bcb2dcb1d313d098c47e7746fc9?s=96&d=mm&r=g\",\"caption\":\"kooders\"},\"sameAs\":[\"https:\\\/\\\/www.biodiversityeducation.fi\"],\"url\":\"https:\\\/\\\/blogs2.uef.fi\\\/biodiversityeducation-vanha\\\/author\\\/kooders\\\/\"}]}<\/script>\n<!-- \/ Yoast SEO plugin. -->","yoast_head_json":{"title":"Mit\u00e4 kuuluu Biodiversiteettikoulutusverkostolle? (6\/2022) - Biodiversiteettikoulutusverkosto","robots":{"index":"index","follow":"follow","max-snippet":"max-snippet:-1","max-image-preview":"max-image-preview:large","max-video-preview":"max-video-preview:-1"},"canonical":"https:\/\/blogs2.uef.fi\/biodiversityeducation-vanha\/2022\/06\/30\/mita-kuuluu-biodiversiteettikoulutusverkostolle-6-2022\/","og_locale":"fi_FI","og_type":"article","og_title":"Mit\u00e4 kuuluu Biodiversiteettikoulutusverkostolle? (6\/2022) - Biodiversiteettikoulutusverkosto","og_description":"Kes\u00e4 on tullut ja hanke edennyt. T\u00e4ss\u00e4 kuulumisia siit\u00e4, miss\u00e4 hankkeessa menn\u00e4\u00e4n ja mill\u00e4 miettein suuntaamme kes\u00e4laitumille. Verkoston opetusyhteisty\u00f6sopimus (tuttavallisemmin ristiinopiskelusopimus) on allekirjoitettu It\u00e4-Suomen, Helsingin, Turun, Jyv\u00e4skyl\u00e4n ja Oulun yliopistoissa sek\u00e4 \u00c5bo Akademissa. Mukana sopimuksessa on t\u00e4ll\u00e4 hetkell\u00e4 osaamista lajintuntemuksesta, eri ekosysteemien ekologiasta, ekologian tutkimusmenetelmist\u00e4 sek\u00e4 yleisesti biodiversiteetin tilasta. Kokonaan uusilla kursseilla paneudutaan trooppisiin kasviheimoihin, [&hellip;]","og_url":"https:\/\/blogs2.uef.fi\/biodiversityeducation-vanha\/2022\/06\/30\/mita-kuuluu-biodiversiteettikoulutusverkostolle-6-2022\/","og_site_name":"Biodiversiteettikoulutusverkosto","article_published_time":"2022-06-30T08:41:00+00:00","article_modified_time":"2023-03-15T14:00:40+00:00","og_image":[{"width":768,"height":1024,"url":"https:\/\/blogs2.uef.fi\/biodiversityeducation-vanha\/wp-content\/uploads\/sites\/110\/2023\/03\/image-10-768x1024-1.png","type":"image\/png"}],"author":"kooders","twitter_card":"summary_large_image","twitter_misc":{"Kirjoittanut":"kooders","Arvioitu lukuaika":"2 minuuttia"},"schema":{"@context":"https:\/\/schema.org","@graph":[{"@type":"Article","@id":"https:\/\/blogs2.uef.fi\/biodiversityeducation-vanha\/2022\/06\/30\/mita-kuuluu-biodiversiteettikoulutusverkostolle-6-2022\/#article","isPartOf":{"@id":"https:\/\/blogs2.uef.fi\/biodiversityeducation-vanha\/2022\/06\/30\/mita-kuuluu-biodiversiteettikoulutusverkostolle-6-2022\/"},"author":{"name":"kooders","@id":"https:\/\/blogs2.uef.fi\/biodiversityeducation-vanha\/#\/schema\/person\/aafdd26c1ef4edf4a080b86c113b9fbb"},"headline":"Mit\u00e4 kuuluu Biodiversiteettikoulutusverkostolle? (6\/2022)","datePublished":"2022-06-30T08:41:00+00:00","dateModified":"2023-03-15T14:00:40+00:00","mainEntityOfPage":{"@id":"https:\/\/blogs2.uef.fi\/biodiversityeducation-vanha\/2022\/06\/30\/mita-kuuluu-biodiversiteettikoulutusverkostolle-6-2022\/"},"wordCount":328,"publisher":{"@id":"https:\/\/blogs2.uef.fi\/biodiversityeducation-vanha\/#organization"},"image":{"@id":"https:\/\/blogs2.uef.fi\/biodiversityeducation-vanha\/2022\/06\/30\/mita-kuuluu-biodiversiteettikoulutusverkostolle-6-2022\/#primaryimage"},"thumbnailUrl":"https:\/\/blogs2.uef.fi\/biodiversityeducation-vanha\/wp-content\/uploads\/sites\/110\/2023\/03\/image-10-768x1024-1.png","keywords":["biodiversiteetti","opetusyhteisty\u00f6","ristiinopiskelu"],"articleSection":["Hankekuulumiset"],"inLanguage":"fi"},{"@type":"WebPage","@id":"https:\/\/blogs2.uef.fi\/biodiversityeducation-vanha\/2022\/06\/30\/mita-kuuluu-biodiversiteettikoulutusverkostolle-6-2022\/","url":"https:\/\/blogs2.uef.fi\/biodiversityeducation-vanha\/2022\/06\/30\/mita-kuuluu-biodiversiteettikoulutusverkostolle-6-2022\/","name":"Mit\u00e4 kuuluu Biodiversiteettikoulutusverkostolle? (6\/2022) - Biodiversiteettikoulutusverkosto","isPartOf":{"@id":"https:\/\/blogs2.uef.fi\/biodiversityeducation-vanha\/#website"},"primaryImageOfPage":{"@id":"https:\/\/blogs2.uef.fi\/biodiversityeducation-vanha\/2022\/06\/30\/mita-kuuluu-biodiversiteettikoulutusverkostolle-6-2022\/#primaryimage"},"image":{"@id":"https:\/\/blogs2.uef.fi\/biodiversityeducation-vanha\/2022\/06\/30\/mita-kuuluu-biodiversiteettikoulutusverkostolle-6-2022\/#primaryimage"},"thumbnailUrl":"https:\/\/blogs2.uef.fi\/biodiversityeducation-vanha\/wp-content\/uploads\/sites\/110\/2023\/03\/image-10-768x1024-1.png","datePublished":"2022-06-30T08:41:00+00:00","dateModified":"2023-03-15T14:00:40+00:00","inLanguage":"fi","potentialAction":[{"@type":"ReadAction","target":["https:\/\/blogs2.uef.fi\/biodiversityeducation-vanha\/2022\/06\/30\/mita-kuuluu-biodiversiteettikoulutusverkostolle-6-2022\/"]}]},{"@type":"ImageObject","inLanguage":"fi","@id":"https:\/\/blogs2.uef.fi\/biodiversityeducation-vanha\/2022\/06\/30\/mita-kuuluu-biodiversiteettikoulutusverkostolle-6-2022\/#primaryimage","url":"https:\/\/blogs2.uef.fi\/biodiversityeducation-vanha\/wp-content\/uploads\/sites\/110\/2023\/03\/image-10-768x1024-1.png","contentUrl":"https:\/\/blogs2.uef.fi\/biodiversityeducation-vanha\/wp-content\/uploads\/sites\/110\/2023\/03\/image-10-768x1024-1.png","width":768,"height":1024,"caption":"Maisemia Tiilikkaj\u00e4rven kansallispuistosta kes\u00e4kuussa 2022. Kuva: Elli H\u00e4mynen"},{"@type":"WebSite","@id":"https:\/\/blogs2.uef.fi\/biodiversityeducation-vanha\/#website","url":"https:\/\/blogs2.uef.fi\/biodiversityeducation-vanha\/","name":"Biodiversiteettikoulutusverkosto","description":"","publisher":{"@id":"https:\/\/blogs2.uef.fi\/biodiversityeducation-vanha\/#organization"},"potentialAction":[{"@type":"SearchAction","target":{"@type":"EntryPoint","urlTemplate":"https:\/\/blogs2.uef.fi\/biodiversityeducation-vanha\/?s={search_term_string}"},"query-input":{"@type":"PropertyValueSpecification","valueRequired":true,"valueName":"search_term_string"}}],"inLanguage":"fi"},{"@type":"Organization","@id":"https:\/\/blogs2.uef.fi\/biodiversityeducation-vanha\/#organization","name":"Biodiversiteettikoulutusverkosto","url":"https:\/\/blogs2.uef.fi\/biodiversityeducation-vanha\/","logo":{"@type":"ImageObject","inLanguage":"fi","@id":"https:\/\/blogs2.uef.fi\/biodiversityeducation-vanha\/#\/schema\/logo\/image\/","url":"https:\/\/blogs2.uef.fi\/biodiversityeducation-vanha\/wp-content\/uploads\/sites\/110\/2023\/01\/Logo-ja-teksti.png","contentUrl":"https:\/\/blogs2.uef.fi\/biodiversityeducation-vanha\/wp-content\/uploads\/sites\/110\/2023\/01\/Logo-ja-teksti.png","width":785,"height":247,"caption":"Biodiversiteettikoulutusverkosto"},"image":{"@id":"https:\/\/blogs2.uef.fi\/biodiversityeducation-vanha\/#\/schema\/logo\/image\/"}},{"@type":"Person","@id":"https:\/\/blogs2.uef.fi\/biodiversityeducation-vanha\/#\/schema\/person\/aafdd26c1ef4edf4a080b86c113b9fbb","name":"kooders","image":{"@type":"ImageObject","inLanguage":"fi","@id":"https:\/\/secure.gravatar.com\/avatar\/27c6f0d998226cd3aac69b7071a685c1c0427bcb2dcb1d313d098c47e7746fc9?s=96&d=mm&r=g","url":"https:\/\/secure.gravatar.com\/avatar\/27c6f0d998226cd3aac69b7071a685c1c0427bcb2dcb1d313d098c47e7746fc9?s=96&d=mm&r=g","contentUrl":"https:\/\/secure.gravatar.com\/avatar\/27c6f0d998226cd3aac69b7071a685c1c0427bcb2dcb1d313d098c47e7746fc9?s=96&d=mm&r=g","caption":"kooders"},"sameAs":["https:\/\/www.biodiversityeducation.fi"],"url":"https:\/\/blogs2.uef.fi\/biodiversityeducation-vanha\/author\/kooders\/"}]}},"_links":{"self":[{"href":"https:\/\/blogs2.uef.fi\/biodiversityeducation-vanha\/wp-json\/wp\/v2\/posts\/1100","targetHints":{"allow":["GET"]}}],"collection":[{"href":"https:\/\/blogs2.uef.fi\/biodiversityeducation-vanha\/wp-json\/wp\/v2\/posts"}],"about":[{"href":"https:\/\/blogs2.uef.fi\/biodiversityeducation-vanha\/wp-json\/wp\/v2\/types\/post"}],"author":[{"embeddable":true,"href":"https:\/\/blogs2.uef.fi\/biodiversityeducation-vanha\/wp-json\/wp\/v2\/users\/611"}],"replies":[{"embeddable":true,"href":"https:\/\/blogs2.uef.fi\/biodiversityeducation-vanha\/wp-json\/wp\/v2\/comments?post=1100"}],"version-history":[{"count":1,"href":"https:\/\/blogs2.uef.fi\/biodiversityeducation-vanha\/wp-json\/wp\/v2\/posts\/1100\/revisions"}],"predecessor-version":[{"id":1105,"href":"https:\/\/blogs2.uef.fi\/biodiversityeducation-vanha\/wp-json\/wp\/v2\/posts\/1100\/revisions\/1105"}],"wp:featuredmedia":[{"embeddable":true,"href":"https:\/\/blogs2.uef.fi\/biodiversityeducation-vanha\/wp-json\/wp\/v2\/media\/1101"}],"wp:attachment":[{"href":"https:\/\/blogs2.uef.fi\/biodiversityeducation-vanha\/wp-json\/wp\/v2\/media?parent=1100"}],"wp:term":[{"taxonomy":"category","embeddable":true,"href":"https:\/\/blogs2.uef.fi\/biodiversityeducation-vanha\/wp-json\/wp\/v2\/categories?post=1100"},{"taxonomy":"post_tag","embeddable":true,"href":"https:\/\/blogs2.uef.fi\/biodiversityeducation-vanha\/wp-json\/wp\/v2\/tags?post=1100"}],"curies":[{"name":"wp","href":"https:\/\/api.w.org\/{rel}","templated":true}]}}