{"id":1107,"date":"2022-08-26T11:56:00","date_gmt":"2022-08-26T08:56:00","guid":{"rendered":"https:\/\/www.biodiversityeducation.fi\/?p=1107"},"modified":"2023-03-15T15:39:52","modified_gmt":"2023-03-15T13:39:52","slug":"suomen-luonnon-paivan-tervehdys-8-2022","status":"publish","type":"post","link":"https:\/\/blogs2.uef.fi\/biodiversityeducation-vanha\/2022\/08\/26\/suomen-luonnon-paivan-tervehdys-8-2022\/","title":{"rendered":"Suomen luonnon p\u00e4iv\u00e4n tervehdys (8\/2022)"},"content":{"rendered":"<div class=\"wp-block-image\">\n<figure class=\"aligncenter size-full\"><img loading=\"lazy\" decoding=\"async\" width=\"768\" height=\"512\" src=\"https:\/\/blogs2.uef.fi\/wp-content\/uploads\/sites\/110\/2023\/03\/SLP_Twitter-768x512-1.jpg\" alt=\"perhonen-blog\" class=\"wp-image-1108\" srcset=\"https:\/\/blogs2.uef.fi\/biodiversityeducation-vanha\/wp-content\/uploads\/sites\/110\/2023\/03\/SLP_Twitter-768x512-1.jpg 768w, https:\/\/blogs2.uef.fi\/biodiversityeducation-vanha\/wp-content\/uploads\/sites\/110\/2023\/03\/SLP_Twitter-768x512-1-300x200.jpg 300w\" sizes=\"auto, (max-width: 768px) 100vw, 768px\" \/><\/figure>\n<\/div>\n\n\n<p>Suomen luonnon p\u00e4iv\u00e4\u00e4 juhlitaan elokuun viimeisen\u00e4 viikonloppuna. Biodiversiteettikoulutusverkoston yliopistoissa Suomen luonto on tiiviisti osana tutkimusta ja koulutusta ymp\u00e4ri vuoden. Verkoston tervehdyksen\u00e4 kysyimme hanketiimilt\u00e4, miksi Suomen luonto on t\u00e4rke\u00e4 itse kullekin ja millaista ty\u00f6t\u00e4 siihen liittyen tehd\u00e4\u00e4n. N\u00e4iden nostojen my\u00f6t\u00e4 haluamme toivottaa hyv\u00e4\u00e4 Suomen luonnon p\u00e4iv\u00e4\u00e4 ja kannustaa kaikkia luontoon nauttimaan, ihmettelem\u00e4\u00e4n ja oppimaan.<\/p>\n\n\n\n<div class=\"wp-block-columns is-layout-flex wp-container-core-columns-is-layout-9d6595d7 wp-block-columns-is-layout-flex\">\n<div class=\"wp-block-column has-background is-layout-flow wp-block-column-is-layout-flow\" style=\"background-color:#dee4ff\">\n<p><\/p>\n\n\n\n<p class=\"has-text-align-center\"><em>Sammalten ja j\u00e4k\u00e4lien kirjoma maaper\u00e4mme on paitsi \u00e4\u00e4rimm\u00e4isen t\u00e4rke\u00e4 muulle el\u00e4m\u00e4lle my\u00f6s huimaavan kaunis l\u00e4helt\u00e4 katsottuna. Maaper\u00e4n mikrobien tutkimuksessa minua kiehtoo lis\u00e4ksi se, miten v\u00e4h\u00e4n vasta tied\u00e4mme niiden paljaalle silm\u00e4lle n\u00e4kym\u00e4tt\u00f6m\u00e4st\u00e4 monimuotoisuudesta.<\/em><\/p>\n\n\n\n<figure class=\"wp-block-image size-full\"><img loading=\"lazy\" decoding=\"async\" width=\"1024\" height=\"683\" src=\"https:\/\/blogs2.uef.fi\/wp-content\/uploads\/sites\/110\/2023\/03\/SLP_Heli-1024x683-1.jpg\" alt=\"maapera-blog\" class=\"wp-image-1110\" srcset=\"https:\/\/blogs2.uef.fi\/biodiversityeducation-vanha\/wp-content\/uploads\/sites\/110\/2023\/03\/SLP_Heli-1024x683-1.jpg 1024w, https:\/\/blogs2.uef.fi\/biodiversityeducation-vanha\/wp-content\/uploads\/sites\/110\/2023\/03\/SLP_Heli-1024x683-1-300x200.jpg 300w, https:\/\/blogs2.uef.fi\/biodiversityeducation-vanha\/wp-content\/uploads\/sites\/110\/2023\/03\/SLP_Heli-1024x683-1-768x512.jpg 768w\" sizes=\"auto, (max-width: 1024px) 100vw, 1024px\" \/><\/figure>\n\n\n\n<p class=\"has-text-align-center\"><strong>Heli Juottonen<\/strong><\/p>\n<\/div>\n<\/div>\n\n\n\n<div class=\"wp-block-columns is-layout-flex wp-container-core-columns-is-layout-9d6595d7 wp-block-columns-is-layout-flex\">\n<div class=\"wp-block-column has-background is-layout-flow wp-block-column-is-layout-flow\" style=\"background-color:#dee4ff\">\n<p><\/p>\n\n\n\n<p class=\"has-text-align-center\"><em>Minulle Suomen luonnossa t\u00e4rkeint\u00e4 on sen tarkkailu. Tuttujen (ja my\u00f6s vieraiden) lajien bongailu on helppo tapa harrastaa luontoa ja oppia siit\u00e4 lis\u00e4\u00e4. Siihen riitt\u00e4\u00e4, kun astuu ulos ovesta ja katsoo ymp\u00e4rilleen.<\/em><\/p>\n\n\n\n<figure class=\"wp-block-image size-full\"><img loading=\"lazy\" decoding=\"async\" width=\"768\" height=\"1024\" src=\"https:\/\/blogs2.uef.fi\/wp-content\/uploads\/sites\/110\/2023\/03\/SLP_Iida-Sofia-768x1024-1.jpg\" alt=\"kasvusto-blog\" class=\"wp-image-1112\" srcset=\"https:\/\/blogs2.uef.fi\/biodiversityeducation-vanha\/wp-content\/uploads\/sites\/110\/2023\/03\/SLP_Iida-Sofia-768x1024-1.jpg 768w, https:\/\/blogs2.uef.fi\/biodiversityeducation-vanha\/wp-content\/uploads\/sites\/110\/2023\/03\/SLP_Iida-Sofia-768x1024-1-225x300.jpg 225w\" sizes=\"auto, (max-width: 768px) 100vw, 768px\" \/><\/figure>\n\n\n\n<p class=\"has-text-align-center\"><strong>Iida-Sofia Holma<\/strong><\/p>\n<\/div>\n<\/div>\n\n\n\n<div class=\"wp-block-columns is-layout-flex wp-container-core-columns-is-layout-9d6595d7 wp-block-columns-is-layout-flex\">\n<div class=\"wp-block-column has-background is-layout-flow wp-block-column-is-layout-flow\" style=\"background-color:#dee4ff\">\n<p><\/p>\n\n\n\n<p class=\"has-text-align-center\"><em>Luonnon monimuotoisuuden vaaliminen ja edist\u00e4minen on nyt t\u00e4rkein teht\u00e4v\u00e4ni. Tutkimusty\u00f6n lis\u00e4ksi koulutuksen kehitt\u00e4minen biodiversiteettiasioiden ymm\u00e4rt\u00e4miseksi ja huomioimiseksi on t\u00e4rke\u00e4\u00e4.<\/em><\/p>\n\n\n\n<p class=\"has-text-align-center\"><em>Kuva on omasta monimuotoisesta pihamets\u00e4st\u00e4ni, jossa on tilaa linnuille, hy\u00f6nteisille ja kaikille el\u00e4ville.<\/em><\/p>\n\n\n\n<figure class=\"wp-block-image size-full\"><img loading=\"lazy\" decoding=\"async\" width=\"1024\" height=\"768\" src=\"https:\/\/blogs2.uef.fi\/wp-content\/uploads\/sites\/110\/2023\/03\/SLP_Elina-1024x768-1.jpg\" alt=\"koivut-blog\" class=\"wp-image-1115\" srcset=\"https:\/\/blogs2.uef.fi\/biodiversityeducation-vanha\/wp-content\/uploads\/sites\/110\/2023\/03\/SLP_Elina-1024x768-1.jpg 1024w, https:\/\/blogs2.uef.fi\/biodiversityeducation-vanha\/wp-content\/uploads\/sites\/110\/2023\/03\/SLP_Elina-1024x768-1-300x225.jpg 300w, https:\/\/blogs2.uef.fi\/biodiversityeducation-vanha\/wp-content\/uploads\/sites\/110\/2023\/03\/SLP_Elina-1024x768-1-768x576.jpg 768w\" sizes=\"auto, (max-width: 1024px) 100vw, 1024px\" \/><\/figure>\n\n\n\n<p class=\"has-text-align-center\"><strong>Elina Oksanen<\/strong><\/p>\n<\/div>\n<\/div>\n\n\n\n<div class=\"wp-block-columns is-layout-flex wp-container-core-columns-is-layout-9d6595d7 wp-block-columns-is-layout-flex\">\n<div class=\"wp-block-column has-background is-layout-flow wp-block-column-is-layout-flow\" style=\"background-color:#dee4ff\">\n<p><\/p>\n\n\n\n<p class=\"has-text-align-center\"><em>Perinnebiotoopit eli luonnonniityt ja -laitumet ovat Suomen monimuotoisimpia ja uhanalaisimpia elinymp\u00e4rist\u00f6j\u00e4. Niiton ja laidunnuksen loputtua kukkaniityt kasvavat umpeen ja niill\u00e4 el\u00e4m\u00e4\u00e4n erikoistunut lajisto k\u00e4y harvinaiseksi.<\/em><\/p>\n\n\n\n<p class=\"has-text-align-center\"><em>Kedolla lepatteleva isoapollo on eritt\u00e4in uhanalainen p\u00e4iv\u00e4perhonen, jota esiintyy Suomessa en\u00e4\u00e4 paikoittain. Sille parasta apua olisi, jos luonnonyst\u00e4v\u00e4 tarttuisi viikatteen ja haravan varteen.<\/em><\/p>\n\n\n\n<figure class=\"wp-block-image size-full\"><img loading=\"lazy\" decoding=\"async\" width=\"1024\" height=\"891\" src=\"https:\/\/blogs2.uef.fi\/wp-content\/uploads\/sites\/110\/2023\/03\/SLP_Kaisa-1024x891-1.jpg\" alt=\"niitty-blog\" class=\"wp-image-1118\" srcset=\"https:\/\/blogs2.uef.fi\/biodiversityeducation-vanha\/wp-content\/uploads\/sites\/110\/2023\/03\/SLP_Kaisa-1024x891-1.jpg 1024w, https:\/\/blogs2.uef.fi\/biodiversityeducation-vanha\/wp-content\/uploads\/sites\/110\/2023\/03\/SLP_Kaisa-1024x891-1-300x261.jpg 300w, https:\/\/blogs2.uef.fi\/biodiversityeducation-vanha\/wp-content\/uploads\/sites\/110\/2023\/03\/SLP_Kaisa-1024x891-1-768x668.jpg 768w\" sizes=\"auto, (max-width: 1024px) 100vw, 1024px\" \/><\/figure>\n\n\n\n<p class=\"has-text-align-center\"><strong>Kaisa Raatikainen<\/strong><\/p>\n<\/div>\n<\/div>\n\n\n\n<div class=\"wp-block-columns is-layout-flex wp-container-core-columns-is-layout-9d6595d7 wp-block-columns-is-layout-flex\">\n<div class=\"wp-block-column has-background is-layout-flow wp-block-column-is-layout-flow\" style=\"background-color:#dee4ff\">\n<p><\/p>\n\n\n\n<p class=\"has-text-align-center\"><em>Suomen luonnon monimuotoisuus innostaa, yll\u00e4tt\u00e4\u00e4 ja syk\u00e4hdytt\u00e4\u00e4. Koulutuksella on keskeinen teht\u00e4v\u00e4 biodiversiteetin suojelussa ja siihen innostamisessa, ja Biodiversiteettikoulutusverkoston kehitt\u00e4misess\u00e4 saan olla mukana turvaamassa Suomen luonnon monimuotoisuutta.<\/em><\/p>\n\n\n\n<p class=\"has-text-align-center\"><em>Syksy on ihanaa aikaa nauttia Suomen luonnosta ja sen antimista niin metsiss\u00e4, niityill\u00e4 kuin vesill\u00e4kin.<\/em><\/p>\n\n\n\n<figure class=\"wp-block-image size-full\"><img loading=\"lazy\" decoding=\"async\" width=\"1024\" height=\"768\" src=\"https:\/\/blogs2.uef.fi\/wp-content\/uploads\/sites\/110\/2023\/03\/SLP_Elli2-1024x768-1.jpeg\" alt=\"syksy-blog\" class=\"wp-image-1120\" srcset=\"https:\/\/blogs2.uef.fi\/biodiversityeducation-vanha\/wp-content\/uploads\/sites\/110\/2023\/03\/SLP_Elli2-1024x768-1.jpeg 1024w, https:\/\/blogs2.uef.fi\/biodiversityeducation-vanha\/wp-content\/uploads\/sites\/110\/2023\/03\/SLP_Elli2-1024x768-1-300x225.jpeg 300w, https:\/\/blogs2.uef.fi\/biodiversityeducation-vanha\/wp-content\/uploads\/sites\/110\/2023\/03\/SLP_Elli2-1024x768-1-768x576.jpeg 768w\" sizes=\"auto, (max-width: 1024px) 100vw, 1024px\" \/><\/figure>\n\n\n\n<p class=\"has-text-align-center\"><strong>Elli H\u00e4mynen<\/strong><\/p>\n<\/div>\n<\/div>\n","protected":false},"excerpt":{"rendered":"<p>Suomen luonnon p\u00e4iv\u00e4\u00e4 juhlitaan elokuun viimeisen\u00e4 viikonloppuna. Biodiversiteettikoulutusverkoston yliopistoissa Suomen luonto on tiiviisti osana tutkimusta ja koulutusta ymp\u00e4ri vuoden. Verkoston tervehdyksen\u00e4 kysyimme hanketiimilt\u00e4, miksi Suomen luonto on t\u00e4rke\u00e4 itse kullekin ja millaista ty\u00f6t\u00e4 siihen liittyen tehd\u00e4\u00e4n. N\u00e4iden nostojen my\u00f6t\u00e4 haluamme toivottaa hyv\u00e4\u00e4 Suomen luonnon p\u00e4iv\u00e4\u00e4 ja kannustaa kaikkia luontoon nauttimaan, ihmettelem\u00e4\u00e4n ja oppimaan. Sammalten ja [&hellip;]<\/p>\n","protected":false},"author":611,"featured_media":1108,"comment_status":"closed","ping_status":"open","sticky":false,"template":"","format":"standard","meta":{"_acf_changed":false,"footnotes":""},"categories":[1],"tags":[35],"class_list":["post-1107","post","type-post","status-publish","format-standard","has-post-thumbnail","hentry","category-hankekuulumiset","tag-suomen-luonnon-paiva"],"acf":[],"yoast_head":"<!-- This site is optimized with the Yoast SEO plugin v27.3 - https:\/\/yoast.com\/product\/yoast-seo-wordpress\/ -->\n<title>Suomen luonnon p\u00e4iv\u00e4n tervehdys (8\/2022) - Biodiversiteettikoulutusverkosto<\/title>\n<meta name=\"robots\" content=\"index, follow, max-snippet:-1, max-image-preview:large, max-video-preview:-1\" \/>\n<link rel=\"canonical\" href=\"https:\/\/blogs2.uef.fi\/biodiversityeducation-vanha\/2022\/08\/26\/suomen-luonnon-paivan-tervehdys-8-2022\/\" \/>\n<meta property=\"og:locale\" content=\"fi_FI\" \/>\n<meta property=\"og:type\" content=\"article\" \/>\n<meta property=\"og:title\" content=\"Suomen luonnon p\u00e4iv\u00e4n tervehdys (8\/2022) - Biodiversiteettikoulutusverkosto\" \/>\n<meta property=\"og:description\" content=\"Suomen luonnon p\u00e4iv\u00e4\u00e4 juhlitaan elokuun viimeisen\u00e4 viikonloppuna. Biodiversiteettikoulutusverkoston yliopistoissa Suomen luonto on tiiviisti osana tutkimusta ja koulutusta ymp\u00e4ri vuoden. Verkoston tervehdyksen\u00e4 kysyimme hanketiimilt\u00e4, miksi Suomen luonto on t\u00e4rke\u00e4 itse kullekin ja millaista ty\u00f6t\u00e4 siihen liittyen tehd\u00e4\u00e4n. N\u00e4iden nostojen my\u00f6t\u00e4 haluamme toivottaa hyv\u00e4\u00e4 Suomen luonnon p\u00e4iv\u00e4\u00e4 ja kannustaa kaikkia luontoon nauttimaan, ihmettelem\u00e4\u00e4n ja oppimaan. Sammalten ja [&hellip;]\" \/>\n<meta property=\"og:url\" content=\"https:\/\/blogs2.uef.fi\/biodiversityeducation-vanha\/2022\/08\/26\/suomen-luonnon-paivan-tervehdys-8-2022\/\" \/>\n<meta property=\"og:site_name\" content=\"Biodiversiteettikoulutusverkosto\" \/>\n<meta property=\"article:published_time\" content=\"2022-08-26T08:56:00+00:00\" \/>\n<meta property=\"article:modified_time\" content=\"2023-03-15T13:39:52+00:00\" \/>\n<meta property=\"og:image\" content=\"https:\/\/blogs2.uef.fi\/biodiversityeducation-vanha\/wp-content\/uploads\/sites\/110\/2023\/03\/SLP_Twitter-768x512-1.jpg\" \/>\n\t<meta property=\"og:image:width\" content=\"768\" \/>\n\t<meta property=\"og:image:height\" content=\"512\" \/>\n\t<meta property=\"og:image:type\" content=\"image\/jpeg\" \/>\n<meta name=\"author\" content=\"kooders\" \/>\n<meta name=\"twitter:card\" content=\"summary_large_image\" \/>\n<meta name=\"twitter:label1\" content=\"Kirjoittanut\" \/>\n\t<meta name=\"twitter:data1\" content=\"kooders\" \/>\n\t<meta name=\"twitter:label2\" content=\"Arvioitu lukuaika\" \/>\n\t<meta name=\"twitter:data2\" content=\"2 minuuttia\" \/>\n<script type=\"application\/ld+json\" class=\"yoast-schema-graph\">{\"@context\":\"https:\\\/\\\/schema.org\",\"@graph\":[{\"@type\":\"Article\",\"@id\":\"https:\\\/\\\/blogs2.uef.fi\\\/biodiversityeducation-vanha\\\/2022\\\/08\\\/26\\\/suomen-luonnon-paivan-tervehdys-8-2022\\\/#article\",\"isPartOf\":{\"@id\":\"https:\\\/\\\/blogs2.uef.fi\\\/biodiversityeducation-vanha\\\/2022\\\/08\\\/26\\\/suomen-luonnon-paivan-tervehdys-8-2022\\\/\"},\"author\":{\"name\":\"kooders\",\"@id\":\"https:\\\/\\\/blogs2.uef.fi\\\/biodiversityeducation-vanha\\\/#\\\/schema\\\/person\\\/aafdd26c1ef4edf4a080b86c113b9fbb\"},\"headline\":\"Suomen luonnon p\u00e4iv\u00e4n tervehdys (8\\\/2022)\",\"datePublished\":\"2022-08-26T08:56:00+00:00\",\"dateModified\":\"2023-03-15T13:39:52+00:00\",\"mainEntityOfPage\":{\"@id\":\"https:\\\/\\\/blogs2.uef.fi\\\/biodiversityeducation-vanha\\\/2022\\\/08\\\/26\\\/suomen-luonnon-paivan-tervehdys-8-2022\\\/\"},\"wordCount\":313,\"publisher\":{\"@id\":\"https:\\\/\\\/blogs2.uef.fi\\\/biodiversityeducation-vanha\\\/#organization\"},\"image\":{\"@id\":\"https:\\\/\\\/blogs2.uef.fi\\\/biodiversityeducation-vanha\\\/2022\\\/08\\\/26\\\/suomen-luonnon-paivan-tervehdys-8-2022\\\/#primaryimage\"},\"thumbnailUrl\":\"https:\\\/\\\/blogs2.uef.fi\\\/biodiversityeducation-vanha\\\/wp-content\\\/uploads\\\/sites\\\/110\\\/2023\\\/03\\\/SLP_Twitter-768x512-1.jpg\",\"keywords\":[\"Suomen luonnon p\u00e4iv\u00e4\"],\"articleSection\":[\"Hankekuulumiset\"],\"inLanguage\":\"fi\"},{\"@type\":\"WebPage\",\"@id\":\"https:\\\/\\\/blogs2.uef.fi\\\/biodiversityeducation-vanha\\\/2022\\\/08\\\/26\\\/suomen-luonnon-paivan-tervehdys-8-2022\\\/\",\"url\":\"https:\\\/\\\/blogs2.uef.fi\\\/biodiversityeducation-vanha\\\/2022\\\/08\\\/26\\\/suomen-luonnon-paivan-tervehdys-8-2022\\\/\",\"name\":\"Suomen luonnon p\u00e4iv\u00e4n tervehdys (8\\\/2022) - Biodiversiteettikoulutusverkosto\",\"isPartOf\":{\"@id\":\"https:\\\/\\\/blogs2.uef.fi\\\/biodiversityeducation-vanha\\\/#website\"},\"primaryImageOfPage\":{\"@id\":\"https:\\\/\\\/blogs2.uef.fi\\\/biodiversityeducation-vanha\\\/2022\\\/08\\\/26\\\/suomen-luonnon-paivan-tervehdys-8-2022\\\/#primaryimage\"},\"image\":{\"@id\":\"https:\\\/\\\/blogs2.uef.fi\\\/biodiversityeducation-vanha\\\/2022\\\/08\\\/26\\\/suomen-luonnon-paivan-tervehdys-8-2022\\\/#primaryimage\"},\"thumbnailUrl\":\"https:\\\/\\\/blogs2.uef.fi\\\/biodiversityeducation-vanha\\\/wp-content\\\/uploads\\\/sites\\\/110\\\/2023\\\/03\\\/SLP_Twitter-768x512-1.jpg\",\"datePublished\":\"2022-08-26T08:56:00+00:00\",\"dateModified\":\"2023-03-15T13:39:52+00:00\",\"inLanguage\":\"fi\",\"potentialAction\":[{\"@type\":\"ReadAction\",\"target\":[\"https:\\\/\\\/blogs2.uef.fi\\\/biodiversityeducation-vanha\\\/2022\\\/08\\\/26\\\/suomen-luonnon-paivan-tervehdys-8-2022\\\/\"]}]},{\"@type\":\"ImageObject\",\"inLanguage\":\"fi\",\"@id\":\"https:\\\/\\\/blogs2.uef.fi\\\/biodiversityeducation-vanha\\\/2022\\\/08\\\/26\\\/suomen-luonnon-paivan-tervehdys-8-2022\\\/#primaryimage\",\"url\":\"https:\\\/\\\/blogs2.uef.fi\\\/biodiversityeducation-vanha\\\/wp-content\\\/uploads\\\/sites\\\/110\\\/2023\\\/03\\\/SLP_Twitter-768x512-1.jpg\",\"contentUrl\":\"https:\\\/\\\/blogs2.uef.fi\\\/biodiversityeducation-vanha\\\/wp-content\\\/uploads\\\/sites\\\/110\\\/2023\\\/03\\\/SLP_Twitter-768x512-1.jpg\",\"width\":768,\"height\":512,\"caption\":\"perhonen-blog\"},{\"@type\":\"WebSite\",\"@id\":\"https:\\\/\\\/blogs2.uef.fi\\\/biodiversityeducation-vanha\\\/#website\",\"url\":\"https:\\\/\\\/blogs2.uef.fi\\\/biodiversityeducation-vanha\\\/\",\"name\":\"Biodiversiteettikoulutusverkosto\",\"description\":\"\",\"publisher\":{\"@id\":\"https:\\\/\\\/blogs2.uef.fi\\\/biodiversityeducation-vanha\\\/#organization\"},\"potentialAction\":[{\"@type\":\"SearchAction\",\"target\":{\"@type\":\"EntryPoint\",\"urlTemplate\":\"https:\\\/\\\/blogs2.uef.fi\\\/biodiversityeducation-vanha\\\/?s={search_term_string}\"},\"query-input\":{\"@type\":\"PropertyValueSpecification\",\"valueRequired\":true,\"valueName\":\"search_term_string\"}}],\"inLanguage\":\"fi\"},{\"@type\":\"Organization\",\"@id\":\"https:\\\/\\\/blogs2.uef.fi\\\/biodiversityeducation-vanha\\\/#organization\",\"name\":\"Biodiversiteettikoulutusverkosto\",\"url\":\"https:\\\/\\\/blogs2.uef.fi\\\/biodiversityeducation-vanha\\\/\",\"logo\":{\"@type\":\"ImageObject\",\"inLanguage\":\"fi\",\"@id\":\"https:\\\/\\\/blogs2.uef.fi\\\/biodiversityeducation-vanha\\\/#\\\/schema\\\/logo\\\/image\\\/\",\"url\":\"https:\\\/\\\/blogs2.uef.fi\\\/biodiversityeducation-vanha\\\/wp-content\\\/uploads\\\/sites\\\/110\\\/2023\\\/01\\\/Logo-ja-teksti.png\",\"contentUrl\":\"https:\\\/\\\/blogs2.uef.fi\\\/biodiversityeducation-vanha\\\/wp-content\\\/uploads\\\/sites\\\/110\\\/2023\\\/01\\\/Logo-ja-teksti.png\",\"width\":785,\"height\":247,\"caption\":\"Biodiversiteettikoulutusverkosto\"},\"image\":{\"@id\":\"https:\\\/\\\/blogs2.uef.fi\\\/biodiversityeducation-vanha\\\/#\\\/schema\\\/logo\\\/image\\\/\"}},{\"@type\":\"Person\",\"@id\":\"https:\\\/\\\/blogs2.uef.fi\\\/biodiversityeducation-vanha\\\/#\\\/schema\\\/person\\\/aafdd26c1ef4edf4a080b86c113b9fbb\",\"name\":\"kooders\",\"image\":{\"@type\":\"ImageObject\",\"inLanguage\":\"fi\",\"@id\":\"https:\\\/\\\/secure.gravatar.com\\\/avatar\\\/27c6f0d998226cd3aac69b7071a685c1c0427bcb2dcb1d313d098c47e7746fc9?s=96&d=mm&r=g\",\"url\":\"https:\\\/\\\/secure.gravatar.com\\\/avatar\\\/27c6f0d998226cd3aac69b7071a685c1c0427bcb2dcb1d313d098c47e7746fc9?s=96&d=mm&r=g\",\"contentUrl\":\"https:\\\/\\\/secure.gravatar.com\\\/avatar\\\/27c6f0d998226cd3aac69b7071a685c1c0427bcb2dcb1d313d098c47e7746fc9?s=96&d=mm&r=g\",\"caption\":\"kooders\"},\"sameAs\":[\"https:\\\/\\\/www.biodiversityeducation.fi\"],\"url\":\"https:\\\/\\\/blogs2.uef.fi\\\/biodiversityeducation-vanha\\\/author\\\/kooders\\\/\"}]}<\/script>\n<!-- \/ Yoast SEO plugin. -->","yoast_head_json":{"title":"Suomen luonnon p\u00e4iv\u00e4n tervehdys (8\/2022) - Biodiversiteettikoulutusverkosto","robots":{"index":"index","follow":"follow","max-snippet":"max-snippet:-1","max-image-preview":"max-image-preview:large","max-video-preview":"max-video-preview:-1"},"canonical":"https:\/\/blogs2.uef.fi\/biodiversityeducation-vanha\/2022\/08\/26\/suomen-luonnon-paivan-tervehdys-8-2022\/","og_locale":"fi_FI","og_type":"article","og_title":"Suomen luonnon p\u00e4iv\u00e4n tervehdys (8\/2022) - Biodiversiteettikoulutusverkosto","og_description":"Suomen luonnon p\u00e4iv\u00e4\u00e4 juhlitaan elokuun viimeisen\u00e4 viikonloppuna. Biodiversiteettikoulutusverkoston yliopistoissa Suomen luonto on tiiviisti osana tutkimusta ja koulutusta ymp\u00e4ri vuoden. Verkoston tervehdyksen\u00e4 kysyimme hanketiimilt\u00e4, miksi Suomen luonto on t\u00e4rke\u00e4 itse kullekin ja millaista ty\u00f6t\u00e4 siihen liittyen tehd\u00e4\u00e4n. N\u00e4iden nostojen my\u00f6t\u00e4 haluamme toivottaa hyv\u00e4\u00e4 Suomen luonnon p\u00e4iv\u00e4\u00e4 ja kannustaa kaikkia luontoon nauttimaan, ihmettelem\u00e4\u00e4n ja oppimaan. Sammalten ja [&hellip;]","og_url":"https:\/\/blogs2.uef.fi\/biodiversityeducation-vanha\/2022\/08\/26\/suomen-luonnon-paivan-tervehdys-8-2022\/","og_site_name":"Biodiversiteettikoulutusverkosto","article_published_time":"2022-08-26T08:56:00+00:00","article_modified_time":"2023-03-15T13:39:52+00:00","og_image":[{"width":768,"height":512,"url":"https:\/\/blogs2.uef.fi\/biodiversityeducation-vanha\/wp-content\/uploads\/sites\/110\/2023\/03\/SLP_Twitter-768x512-1.jpg","type":"image\/jpeg"}],"author":"kooders","twitter_card":"summary_large_image","twitter_misc":{"Kirjoittanut":"kooders","Arvioitu lukuaika":"2 minuuttia"},"schema":{"@context":"https:\/\/schema.org","@graph":[{"@type":"Article","@id":"https:\/\/blogs2.uef.fi\/biodiversityeducation-vanha\/2022\/08\/26\/suomen-luonnon-paivan-tervehdys-8-2022\/#article","isPartOf":{"@id":"https:\/\/blogs2.uef.fi\/biodiversityeducation-vanha\/2022\/08\/26\/suomen-luonnon-paivan-tervehdys-8-2022\/"},"author":{"name":"kooders","@id":"https:\/\/blogs2.uef.fi\/biodiversityeducation-vanha\/#\/schema\/person\/aafdd26c1ef4edf4a080b86c113b9fbb"},"headline":"Suomen luonnon p\u00e4iv\u00e4n tervehdys (8\/2022)","datePublished":"2022-08-26T08:56:00+00:00","dateModified":"2023-03-15T13:39:52+00:00","mainEntityOfPage":{"@id":"https:\/\/blogs2.uef.fi\/biodiversityeducation-vanha\/2022\/08\/26\/suomen-luonnon-paivan-tervehdys-8-2022\/"},"wordCount":313,"publisher":{"@id":"https:\/\/blogs2.uef.fi\/biodiversityeducation-vanha\/#organization"},"image":{"@id":"https:\/\/blogs2.uef.fi\/biodiversityeducation-vanha\/2022\/08\/26\/suomen-luonnon-paivan-tervehdys-8-2022\/#primaryimage"},"thumbnailUrl":"https:\/\/blogs2.uef.fi\/biodiversityeducation-vanha\/wp-content\/uploads\/sites\/110\/2023\/03\/SLP_Twitter-768x512-1.jpg","keywords":["Suomen luonnon p\u00e4iv\u00e4"],"articleSection":["Hankekuulumiset"],"inLanguage":"fi"},{"@type":"WebPage","@id":"https:\/\/blogs2.uef.fi\/biodiversityeducation-vanha\/2022\/08\/26\/suomen-luonnon-paivan-tervehdys-8-2022\/","url":"https:\/\/blogs2.uef.fi\/biodiversityeducation-vanha\/2022\/08\/26\/suomen-luonnon-paivan-tervehdys-8-2022\/","name":"Suomen luonnon p\u00e4iv\u00e4n tervehdys (8\/2022) - Biodiversiteettikoulutusverkosto","isPartOf":{"@id":"https:\/\/blogs2.uef.fi\/biodiversityeducation-vanha\/#website"},"primaryImageOfPage":{"@id":"https:\/\/blogs2.uef.fi\/biodiversityeducation-vanha\/2022\/08\/26\/suomen-luonnon-paivan-tervehdys-8-2022\/#primaryimage"},"image":{"@id":"https:\/\/blogs2.uef.fi\/biodiversityeducation-vanha\/2022\/08\/26\/suomen-luonnon-paivan-tervehdys-8-2022\/#primaryimage"},"thumbnailUrl":"https:\/\/blogs2.uef.fi\/biodiversityeducation-vanha\/wp-content\/uploads\/sites\/110\/2023\/03\/SLP_Twitter-768x512-1.jpg","datePublished":"2022-08-26T08:56:00+00:00","dateModified":"2023-03-15T13:39:52+00:00","inLanguage":"fi","potentialAction":[{"@type":"ReadAction","target":["https:\/\/blogs2.uef.fi\/biodiversityeducation-vanha\/2022\/08\/26\/suomen-luonnon-paivan-tervehdys-8-2022\/"]}]},{"@type":"ImageObject","inLanguage":"fi","@id":"https:\/\/blogs2.uef.fi\/biodiversityeducation-vanha\/2022\/08\/26\/suomen-luonnon-paivan-tervehdys-8-2022\/#primaryimage","url":"https:\/\/blogs2.uef.fi\/biodiversityeducation-vanha\/wp-content\/uploads\/sites\/110\/2023\/03\/SLP_Twitter-768x512-1.jpg","contentUrl":"https:\/\/blogs2.uef.fi\/biodiversityeducation-vanha\/wp-content\/uploads\/sites\/110\/2023\/03\/SLP_Twitter-768x512-1.jpg","width":768,"height":512,"caption":"perhonen-blog"},{"@type":"WebSite","@id":"https:\/\/blogs2.uef.fi\/biodiversityeducation-vanha\/#website","url":"https:\/\/blogs2.uef.fi\/biodiversityeducation-vanha\/","name":"Biodiversiteettikoulutusverkosto","description":"","publisher":{"@id":"https:\/\/blogs2.uef.fi\/biodiversityeducation-vanha\/#organization"},"potentialAction":[{"@type":"SearchAction","target":{"@type":"EntryPoint","urlTemplate":"https:\/\/blogs2.uef.fi\/biodiversityeducation-vanha\/?s={search_term_string}"},"query-input":{"@type":"PropertyValueSpecification","valueRequired":true,"valueName":"search_term_string"}}],"inLanguage":"fi"},{"@type":"Organization","@id":"https:\/\/blogs2.uef.fi\/biodiversityeducation-vanha\/#organization","name":"Biodiversiteettikoulutusverkosto","url":"https:\/\/blogs2.uef.fi\/biodiversityeducation-vanha\/","logo":{"@type":"ImageObject","inLanguage":"fi","@id":"https:\/\/blogs2.uef.fi\/biodiversityeducation-vanha\/#\/schema\/logo\/image\/","url":"https:\/\/blogs2.uef.fi\/biodiversityeducation-vanha\/wp-content\/uploads\/sites\/110\/2023\/01\/Logo-ja-teksti.png","contentUrl":"https:\/\/blogs2.uef.fi\/biodiversityeducation-vanha\/wp-content\/uploads\/sites\/110\/2023\/01\/Logo-ja-teksti.png","width":785,"height":247,"caption":"Biodiversiteettikoulutusverkosto"},"image":{"@id":"https:\/\/blogs2.uef.fi\/biodiversityeducation-vanha\/#\/schema\/logo\/image\/"}},{"@type":"Person","@id":"https:\/\/blogs2.uef.fi\/biodiversityeducation-vanha\/#\/schema\/person\/aafdd26c1ef4edf4a080b86c113b9fbb","name":"kooders","image":{"@type":"ImageObject","inLanguage":"fi","@id":"https:\/\/secure.gravatar.com\/avatar\/27c6f0d998226cd3aac69b7071a685c1c0427bcb2dcb1d313d098c47e7746fc9?s=96&d=mm&r=g","url":"https:\/\/secure.gravatar.com\/avatar\/27c6f0d998226cd3aac69b7071a685c1c0427bcb2dcb1d313d098c47e7746fc9?s=96&d=mm&r=g","contentUrl":"https:\/\/secure.gravatar.com\/avatar\/27c6f0d998226cd3aac69b7071a685c1c0427bcb2dcb1d313d098c47e7746fc9?s=96&d=mm&r=g","caption":"kooders"},"sameAs":["https:\/\/www.biodiversityeducation.fi"],"url":"https:\/\/blogs2.uef.fi\/biodiversityeducation-vanha\/author\/kooders\/"}]}},"_links":{"self":[{"href":"https:\/\/blogs2.uef.fi\/biodiversityeducation-vanha\/wp-json\/wp\/v2\/posts\/1107","targetHints":{"allow":["GET"]}}],"collection":[{"href":"https:\/\/blogs2.uef.fi\/biodiversityeducation-vanha\/wp-json\/wp\/v2\/posts"}],"about":[{"href":"https:\/\/blogs2.uef.fi\/biodiversityeducation-vanha\/wp-json\/wp\/v2\/types\/post"}],"author":[{"embeddable":true,"href":"https:\/\/blogs2.uef.fi\/biodiversityeducation-vanha\/wp-json\/wp\/v2\/users\/611"}],"replies":[{"embeddable":true,"href":"https:\/\/blogs2.uef.fi\/biodiversityeducation-vanha\/wp-json\/wp\/v2\/comments?post=1107"}],"version-history":[{"count":7,"href":"https:\/\/blogs2.uef.fi\/biodiversityeducation-vanha\/wp-json\/wp\/v2\/posts\/1107\/revisions"}],"predecessor-version":[{"id":1205,"href":"https:\/\/blogs2.uef.fi\/biodiversityeducation-vanha\/wp-json\/wp\/v2\/posts\/1107\/revisions\/1205"}],"wp:featuredmedia":[{"embeddable":true,"href":"https:\/\/blogs2.uef.fi\/biodiversityeducation-vanha\/wp-json\/wp\/v2\/media\/1108"}],"wp:attachment":[{"href":"https:\/\/blogs2.uef.fi\/biodiversityeducation-vanha\/wp-json\/wp\/v2\/media?parent=1107"}],"wp:term":[{"taxonomy":"category","embeddable":true,"href":"https:\/\/blogs2.uef.fi\/biodiversityeducation-vanha\/wp-json\/wp\/v2\/categories?post=1107"},{"taxonomy":"post_tag","embeddable":true,"href":"https:\/\/blogs2.uef.fi\/biodiversityeducation-vanha\/wp-json\/wp\/v2\/tags?post=1107"}],"curies":[{"name":"wp","href":"https:\/\/api.w.org\/{rel}","templated":true}]}}