{"id":1123,"date":"2022-08-30T12:08:00","date_gmt":"2022-08-30T09:08:00","guid":{"rendered":"https:\/\/www.biodiversityeducation.fi\/?p=1123"},"modified":"2023-03-15T15:39:40","modified_gmt":"2023-03-15T13:39:40","slug":"tyoskentely-monitieteissa-hankeymparistossa-8-2022","status":"publish","type":"post","link":"https:\/\/blogs2.uef.fi\/biodiversityeducation-vanha\/2022\/08\/30\/tyoskentely-monitieteissa-hankeymparistossa-8-2022\/","title":{"rendered":"Ty\u00f6skentely monitieteiss\u00e4 hankeymp\u00e4rist\u00f6ss\u00e4 (8\/2022)"},"content":{"rendered":"\n<p><em>\u201dBiodiversiteettiin liittyv\u00e4t n\u00e4k\u00f6kulmat ovat mielest\u00e4ni erityisen kiinnostavia, sill\u00e4 ne l\u00e4p\u00e4isev\u00e4t kaikki yhteiskunnan sektorit ja niiden merkitys n\u00e4kyy kaikessa.\u201d<\/em><\/p>\n\n\n\n<figure class=\"wp-block-image size-full\"><img loading=\"lazy\" decoding=\"async\" width=\"643\" height=\"482\" src=\"https:\/\/blogs2.uef.fi\/wp-content\/uploads\/sites\/110\/2023\/03\/Elina_1-1.jpg\" alt=\"kukat-blog\" class=\"wp-image-1124\" srcset=\"https:\/\/blogs2.uef.fi\/biodiversityeducation-vanha\/wp-content\/uploads\/sites\/110\/2023\/03\/Elina_1-1.jpg 643w, https:\/\/blogs2.uef.fi\/biodiversityeducation-vanha\/wp-content\/uploads\/sites\/110\/2023\/03\/Elina_1-1-300x225.jpg 300w\" sizes=\"auto, (max-width: 643px) 100vw, 643px\" \/><figcaption class=\"wp-element-caption\">Kuva: Mikko Hannuksela<\/figcaption><\/figure>\n\n\n\n<p>Olen ty\u00f6skennellyt hankkeessamme kev\u00e4\u00e4n ja kes\u00e4n opetusavustajana, ja ty\u00f6teht\u00e4v\u00e4ni ovat olleet monipuolisia liittyen erityisesti koulutussuunnitteluun ja pedagogisen osaamisen soveltamiseen. Pian valmistuvana kasvatustieteilij\u00e4n\u00e4 minua on jo aiemmin kiinnostanut monitieteisyys ja koen sen yhdeksi suurista mielenkiinnon kohteista my\u00f6s t\u00e4ss\u00e4 hankkeessa. Lis\u00e4ksi olen p\u00e4\u00e4ssyt oppimaan biologian substanssin parissa, mik\u00e4 on my\u00f6s ollut innostavaa, sill\u00e4 biologia ja erityisesti ekologia olivat lukiossa vahvuuksiani. Biodiversiteettiin liittyv\u00e4t n\u00e4k\u00f6kulmat ovat mielest\u00e4ni erityisen kiinnostavia, sill\u00e4 ne l\u00e4p\u00e4isev\u00e4t kaikki yhteiskunnan sektorit ja niiden merkitys n\u00e4kyy kaikessa. Luonnon monimuotoisuutta emme voi unohtaa taloudessa, politiikassa tai k\u00e4yt\u00e4nn\u00f6n arjessamme. Lis\u00e4ksi hankkeella vastaamme tulevaisuuden osaamistarpeisiin kehitt\u00e4m\u00e4ll\u00e4 opetusta eri yliopistojen v\u00e4lill\u00e4 sek\u00e4 kehitt\u00e4m\u00e4ll\u00e4 kansainv\u00e4list\u00e4 biodiversiteettiaiheista verkkokurssia.<\/p>\n\n\n\n<figure class=\"wp-block-image size-full\"><img loading=\"lazy\" decoding=\"async\" width=\"643\" height=\"482\" src=\"https:\/\/blogs2.uef.fi\/wp-content\/uploads\/sites\/110\/2023\/03\/Elina_2-1.jpg\" alt=\"kasvi_otokka-blog\" class=\"wp-image-1126\" srcset=\"https:\/\/blogs2.uef.fi\/biodiversityeducation-vanha\/wp-content\/uploads\/sites\/110\/2023\/03\/Elina_2-1.jpg 643w, https:\/\/blogs2.uef.fi\/biodiversityeducation-vanha\/wp-content\/uploads\/sites\/110\/2023\/03\/Elina_2-1-300x225.jpg 300w\" sizes=\"auto, (max-width: 643px) 100vw, 643px\" \/><figcaption class=\"wp-element-caption\">Kuva: Mikko Hannuksela<\/figcaption><\/figure>\n\n\n\n<p>T\u00e4h\u00e4n hankkeeseen suurin asiantuntemukseni on ollut pedagoginen osaaminen, jota olenkin p\u00e4\u00e4syt soveltamaan k\u00e4yt\u00e4nn\u00f6ss\u00e4 verkkokurssien ja hankkeen opetusmateriaalien parissa. Olen my\u00f6s pystynyt hy\u00f6dynt\u00e4m\u00e4\u00e4n luovuuttani ja n\u00e4kemyst\u00e4ni verkkokursseista ja niiden toimivasta pedagogiikasta. Olen p\u00e4\u00e4ssyt j\u00e4tt\u00e4m\u00e4\u00e4n oman k\u00e4denj\u00e4lkeni mm. Biodiversity.now-verkkokurssin rakenteeseen ja arviointiin sek\u00e4 ty\u00f6skennellyt erityisesti pedagogisen suunnittelun ja toteutuksen parissa. Ty\u00f6teht\u00e4viini on sis\u00e4ltynyt lis\u00e4ksi mm. viestint\u00e4\u00e4, yhteisty\u00f6n suunnittelua, kokouksia ja opetusvideoihin osallistumista. Projektity\u00f6skentely mahdollistaa vapauden ja aikatauluttamisen teht\u00e4vien suhteen omien ty\u00f6teht\u00e4vien sis\u00e4ll\u00e4. T\u00e4m\u00e4 vahvistaa edelleen ajanhallinnan ja priorisoinnin taitoja. Hankkeessa olen p\u00e4\u00e4ssyt my\u00f6s mukaan kansainv\u00e4liseen ymp\u00e4rist\u00f6\u00f6n ja osittaisena ty\u00f6kielen\u00e4 on ollut englanti. My\u00f6s t\u00e4m\u00e4n olen kokenut mielenkiintoisena.<\/p>\n\n\n\n<p>Projektity\u00f6skentelyss\u00e4 suuressa verkostossa olen huomannut my\u00f6s, ett\u00e4 esimerkiksi tiedonkulku, sis\u00e4inen viestint\u00e4, vastuiden jakaminen ja johtamisen n\u00e4k\u00f6kulmat korostuvat. N\u00e4m\u00e4 huomiot antavat hyv\u00e4\u00e4 oppia jatkoon erilaisissa projekteissa ty\u00f6skentelyyn.<\/p>\n\n\n\n<figure class=\"wp-block-image size-full\"><img loading=\"lazy\" decoding=\"async\" width=\"643\" height=\"482\" src=\"https:\/\/blogs2.uef.fi\/wp-content\/uploads\/sites\/110\/2023\/03\/Elina_3-1.jpg\" alt=\"kasvi-blogikuva\" class=\"wp-image-1128\" srcset=\"https:\/\/blogs2.uef.fi\/biodiversityeducation-vanha\/wp-content\/uploads\/sites\/110\/2023\/03\/Elina_3-1.jpg 643w, https:\/\/blogs2.uef.fi\/biodiversityeducation-vanha\/wp-content\/uploads\/sites\/110\/2023\/03\/Elina_3-1-300x225.jpg 300w\" sizes=\"auto, (max-width: 643px) 100vw, 643px\" \/><figcaption class=\"wp-element-caption\">Kuva: Mikko Hannuksela<\/figcaption><\/figure>\n\n\n\n<p>Aikuiskasvatustieteen tulevaisuuden mahdollisuudet n\u00e4en esimerkiksi eri alojen rajapinnoilla \u2013 t\u00e4m\u00e4 on my\u00f6s yksi syy sille, miksi valitsin aikoinaan aikuiskasvatustieteen p\u00e4\u00e4aineekseni. Uskoin koulutuksen antavan hyv\u00e4t l\u00e4ht\u00f6kohdat ty\u00f6skentelyyn erilaisissa ymp\u00e4rist\u00f6iss\u00e4. Tulevaisuuden ty\u00f6el\u00e4m\u00e4ss\u00e4 kaivataan monipuolista osaamista ja laajempaa n\u00e4k\u00f6kulmaa opintoalan ja ty\u00f6kokemuksen suhteen \u2013 mielest\u00e4ni tarvitsemme enemm\u00e4n erilaisten alojen ymm\u00e4rryst\u00e4 ja vuoropuhelua kuin vastakkainasettelua eri tieteenalojen tarpeellisuudesta. Olen iloinen, ett\u00e4 olen p\u00e4\u00e4ssyt ty\u00f6skentelem\u00e4\u00e4n luonnon monimuotoisuuden parissa monitieteisess\u00e4 ymp\u00e4rist\u00f6ss\u00e4.<\/p>\n\n\n\n<figure class=\"wp-block-image size-full\"><img loading=\"lazy\" decoding=\"async\" width=\"643\" height=\"482\" src=\"https:\/\/blogs2.uef.fi\/wp-content\/uploads\/sites\/110\/2023\/03\/ElinaHannuksela2.jpg\" alt=\"ElinaHannuksela-blogi\" class=\"wp-image-1130\" srcset=\"https:\/\/blogs2.uef.fi\/biodiversityeducation-vanha\/wp-content\/uploads\/sites\/110\/2023\/03\/ElinaHannuksela2.jpg 643w, https:\/\/blogs2.uef.fi\/biodiversityeducation-vanha\/wp-content\/uploads\/sites\/110\/2023\/03\/ElinaHannuksela2-300x225.jpg 300w\" sizes=\"auto, (max-width: 643px) 100vw, 643px\" \/><\/figure>\n\n\n\n<p>Aurinkoista alkusyksy\u00e4 toivottaen Elina Hannuksela<\/p>\n","protected":false},"excerpt":{"rendered":"<p>\u201dBiodiversiteettiin liittyv\u00e4t n\u00e4k\u00f6kulmat ovat mielest\u00e4ni erityisen kiinnostavia, sill\u00e4 ne l\u00e4p\u00e4isev\u00e4t kaikki yhteiskunnan sektorit ja niiden merkitys n\u00e4kyy kaikessa.\u201d Olen ty\u00f6skennellyt hankkeessamme kev\u00e4\u00e4n ja kes\u00e4n opetusavustajana, ja ty\u00f6teht\u00e4v\u00e4ni ovat olleet monipuolisia liittyen erityisesti koulutussuunnitteluun ja pedagogisen osaamisen soveltamiseen. Pian valmistuvana kasvatustieteilij\u00e4n\u00e4 minua on jo aiemmin kiinnostanut monitieteisyys ja koen sen yhdeksi suurista mielenkiinnon kohteista my\u00f6s t\u00e4ss\u00e4 [&hellip;]<\/p>\n","protected":false},"author":611,"featured_media":1124,"comment_status":"closed","ping_status":"open","sticky":false,"template":"","format":"standard","meta":{"_acf_changed":false,"footnotes":""},"categories":[1],"tags":[34,33],"class_list":["post-1123","post","type-post","status-publish","format-standard","has-post-thumbnail","hentry","category-hankekuulumiset","tag-monitieteisyys","tag-tyokokemus"],"acf":[],"yoast_head":"<!-- This site is optimized with the Yoast SEO plugin v27.3 - https:\/\/yoast.com\/product\/yoast-seo-wordpress\/ -->\n<title>Ty\u00f6skentely monitieteiss\u00e4 hankeymp\u00e4rist\u00f6ss\u00e4 (8\/2022) - Biodiversiteettikoulutusverkosto<\/title>\n<meta name=\"robots\" content=\"index, follow, max-snippet:-1, max-image-preview:large, max-video-preview:-1\" \/>\n<link rel=\"canonical\" href=\"https:\/\/blogs2.uef.fi\/biodiversityeducation-vanha\/2022\/08\/30\/tyoskentely-monitieteissa-hankeymparistossa-8-2022\/\" \/>\n<meta property=\"og:locale\" content=\"fi_FI\" \/>\n<meta property=\"og:type\" content=\"article\" \/>\n<meta property=\"og:title\" content=\"Ty\u00f6skentely monitieteiss\u00e4 hankeymp\u00e4rist\u00f6ss\u00e4 (8\/2022) - Biodiversiteettikoulutusverkosto\" \/>\n<meta property=\"og:description\" content=\"\u201dBiodiversiteettiin liittyv\u00e4t n\u00e4k\u00f6kulmat ovat mielest\u00e4ni erityisen kiinnostavia, sill\u00e4 ne l\u00e4p\u00e4isev\u00e4t kaikki yhteiskunnan sektorit ja niiden merkitys n\u00e4kyy kaikessa.\u201d Olen ty\u00f6skennellyt hankkeessamme kev\u00e4\u00e4n ja kes\u00e4n opetusavustajana, ja ty\u00f6teht\u00e4v\u00e4ni ovat olleet monipuolisia liittyen erityisesti koulutussuunnitteluun ja pedagogisen osaamisen soveltamiseen. Pian valmistuvana kasvatustieteilij\u00e4n\u00e4 minua on jo aiemmin kiinnostanut monitieteisyys ja koen sen yhdeksi suurista mielenkiinnon kohteista my\u00f6s t\u00e4ss\u00e4 [&hellip;]\" \/>\n<meta property=\"og:url\" content=\"https:\/\/blogs2.uef.fi\/biodiversityeducation-vanha\/2022\/08\/30\/tyoskentely-monitieteissa-hankeymparistossa-8-2022\/\" \/>\n<meta property=\"og:site_name\" content=\"Biodiversiteettikoulutusverkosto\" \/>\n<meta property=\"article:published_time\" content=\"2022-08-30T09:08:00+00:00\" \/>\n<meta property=\"article:modified_time\" content=\"2023-03-15T13:39:40+00:00\" \/>\n<meta property=\"og:image\" content=\"https:\/\/blogs2.uef.fi\/biodiversityeducation-vanha\/wp-content\/uploads\/sites\/110\/2023\/03\/Elina_1-1.jpg\" \/>\n\t<meta property=\"og:image:width\" content=\"643\" \/>\n\t<meta property=\"og:image:height\" content=\"482\" \/>\n\t<meta property=\"og:image:type\" content=\"image\/jpeg\" \/>\n<meta name=\"author\" content=\"kooders\" \/>\n<meta name=\"twitter:card\" content=\"summary_large_image\" \/>\n<meta name=\"twitter:label1\" content=\"Kirjoittanut\" \/>\n\t<meta name=\"twitter:data1\" content=\"kooders\" \/>\n\t<meta name=\"twitter:label2\" content=\"Arvioitu lukuaika\" \/>\n\t<meta name=\"twitter:data2\" content=\"2 minuuttia\" \/>\n<script type=\"application\/ld+json\" class=\"yoast-schema-graph\">{\"@context\":\"https:\\\/\\\/schema.org\",\"@graph\":[{\"@type\":\"Article\",\"@id\":\"https:\\\/\\\/blogs2.uef.fi\\\/biodiversityeducation-vanha\\\/2022\\\/08\\\/30\\\/tyoskentely-monitieteissa-hankeymparistossa-8-2022\\\/#article\",\"isPartOf\":{\"@id\":\"https:\\\/\\\/blogs2.uef.fi\\\/biodiversityeducation-vanha\\\/2022\\\/08\\\/30\\\/tyoskentely-monitieteissa-hankeymparistossa-8-2022\\\/\"},\"author\":{\"name\":\"kooders\",\"@id\":\"https:\\\/\\\/blogs2.uef.fi\\\/biodiversityeducation-vanha\\\/#\\\/schema\\\/person\\\/aafdd26c1ef4edf4a080b86c113b9fbb\"},\"headline\":\"Ty\u00f6skentely monitieteiss\u00e4 hankeymp\u00e4rist\u00f6ss\u00e4 (8\\\/2022)\",\"datePublished\":\"2022-08-30T09:08:00+00:00\",\"dateModified\":\"2023-03-15T13:39:40+00:00\",\"mainEntityOfPage\":{\"@id\":\"https:\\\/\\\/blogs2.uef.fi\\\/biodiversityeducation-vanha\\\/2022\\\/08\\\/30\\\/tyoskentely-monitieteissa-hankeymparistossa-8-2022\\\/\"},\"wordCount\":432,\"publisher\":{\"@id\":\"https:\\\/\\\/blogs2.uef.fi\\\/biodiversityeducation-vanha\\\/#organization\"},\"image\":{\"@id\":\"https:\\\/\\\/blogs2.uef.fi\\\/biodiversityeducation-vanha\\\/2022\\\/08\\\/30\\\/tyoskentely-monitieteissa-hankeymparistossa-8-2022\\\/#primaryimage\"},\"thumbnailUrl\":\"https:\\\/\\\/blogs2.uef.fi\\\/biodiversityeducation-vanha\\\/wp-content\\\/uploads\\\/sites\\\/110\\\/2023\\\/03\\\/Elina_1-1.jpg\",\"keywords\":[\"monitieteisyys\",\"Ty\u00f6kokemus\"],\"articleSection\":[\"Hankekuulumiset\"],\"inLanguage\":\"fi\"},{\"@type\":\"WebPage\",\"@id\":\"https:\\\/\\\/blogs2.uef.fi\\\/biodiversityeducation-vanha\\\/2022\\\/08\\\/30\\\/tyoskentely-monitieteissa-hankeymparistossa-8-2022\\\/\",\"url\":\"https:\\\/\\\/blogs2.uef.fi\\\/biodiversityeducation-vanha\\\/2022\\\/08\\\/30\\\/tyoskentely-monitieteissa-hankeymparistossa-8-2022\\\/\",\"name\":\"Ty\u00f6skentely monitieteiss\u00e4 hankeymp\u00e4rist\u00f6ss\u00e4 (8\\\/2022) - Biodiversiteettikoulutusverkosto\",\"isPartOf\":{\"@id\":\"https:\\\/\\\/blogs2.uef.fi\\\/biodiversityeducation-vanha\\\/#website\"},\"primaryImageOfPage\":{\"@id\":\"https:\\\/\\\/blogs2.uef.fi\\\/biodiversityeducation-vanha\\\/2022\\\/08\\\/30\\\/tyoskentely-monitieteissa-hankeymparistossa-8-2022\\\/#primaryimage\"},\"image\":{\"@id\":\"https:\\\/\\\/blogs2.uef.fi\\\/biodiversityeducation-vanha\\\/2022\\\/08\\\/30\\\/tyoskentely-monitieteissa-hankeymparistossa-8-2022\\\/#primaryimage\"},\"thumbnailUrl\":\"https:\\\/\\\/blogs2.uef.fi\\\/biodiversityeducation-vanha\\\/wp-content\\\/uploads\\\/sites\\\/110\\\/2023\\\/03\\\/Elina_1-1.jpg\",\"datePublished\":\"2022-08-30T09:08:00+00:00\",\"dateModified\":\"2023-03-15T13:39:40+00:00\",\"inLanguage\":\"fi\",\"potentialAction\":[{\"@type\":\"ReadAction\",\"target\":[\"https:\\\/\\\/blogs2.uef.fi\\\/biodiversityeducation-vanha\\\/2022\\\/08\\\/30\\\/tyoskentely-monitieteissa-hankeymparistossa-8-2022\\\/\"]}]},{\"@type\":\"ImageObject\",\"inLanguage\":\"fi\",\"@id\":\"https:\\\/\\\/blogs2.uef.fi\\\/biodiversityeducation-vanha\\\/2022\\\/08\\\/30\\\/tyoskentely-monitieteissa-hankeymparistossa-8-2022\\\/#primaryimage\",\"url\":\"https:\\\/\\\/blogs2.uef.fi\\\/biodiversityeducation-vanha\\\/wp-content\\\/uploads\\\/sites\\\/110\\\/2023\\\/03\\\/Elina_1-1.jpg\",\"contentUrl\":\"https:\\\/\\\/blogs2.uef.fi\\\/biodiversityeducation-vanha\\\/wp-content\\\/uploads\\\/sites\\\/110\\\/2023\\\/03\\\/Elina_1-1.jpg\",\"width\":643,\"height\":482,\"caption\":\"Kuva: Mikko Hannuksela\"},{\"@type\":\"WebSite\",\"@id\":\"https:\\\/\\\/blogs2.uef.fi\\\/biodiversityeducation-vanha\\\/#website\",\"url\":\"https:\\\/\\\/blogs2.uef.fi\\\/biodiversityeducation-vanha\\\/\",\"name\":\"Biodiversiteettikoulutusverkosto\",\"description\":\"\",\"publisher\":{\"@id\":\"https:\\\/\\\/blogs2.uef.fi\\\/biodiversityeducation-vanha\\\/#organization\"},\"potentialAction\":[{\"@type\":\"SearchAction\",\"target\":{\"@type\":\"EntryPoint\",\"urlTemplate\":\"https:\\\/\\\/blogs2.uef.fi\\\/biodiversityeducation-vanha\\\/?s={search_term_string}\"},\"query-input\":{\"@type\":\"PropertyValueSpecification\",\"valueRequired\":true,\"valueName\":\"search_term_string\"}}],\"inLanguage\":\"fi\"},{\"@type\":\"Organization\",\"@id\":\"https:\\\/\\\/blogs2.uef.fi\\\/biodiversityeducation-vanha\\\/#organization\",\"name\":\"Biodiversiteettikoulutusverkosto\",\"url\":\"https:\\\/\\\/blogs2.uef.fi\\\/biodiversityeducation-vanha\\\/\",\"logo\":{\"@type\":\"ImageObject\",\"inLanguage\":\"fi\",\"@id\":\"https:\\\/\\\/blogs2.uef.fi\\\/biodiversityeducation-vanha\\\/#\\\/schema\\\/logo\\\/image\\\/\",\"url\":\"https:\\\/\\\/blogs2.uef.fi\\\/biodiversityeducation-vanha\\\/wp-content\\\/uploads\\\/sites\\\/110\\\/2023\\\/01\\\/Logo-ja-teksti.png\",\"contentUrl\":\"https:\\\/\\\/blogs2.uef.fi\\\/biodiversityeducation-vanha\\\/wp-content\\\/uploads\\\/sites\\\/110\\\/2023\\\/01\\\/Logo-ja-teksti.png\",\"width\":785,\"height\":247,\"caption\":\"Biodiversiteettikoulutusverkosto\"},\"image\":{\"@id\":\"https:\\\/\\\/blogs2.uef.fi\\\/biodiversityeducation-vanha\\\/#\\\/schema\\\/logo\\\/image\\\/\"}},{\"@type\":\"Person\",\"@id\":\"https:\\\/\\\/blogs2.uef.fi\\\/biodiversityeducation-vanha\\\/#\\\/schema\\\/person\\\/aafdd26c1ef4edf4a080b86c113b9fbb\",\"name\":\"kooders\",\"image\":{\"@type\":\"ImageObject\",\"inLanguage\":\"fi\",\"@id\":\"https:\\\/\\\/secure.gravatar.com\\\/avatar\\\/27c6f0d998226cd3aac69b7071a685c1c0427bcb2dcb1d313d098c47e7746fc9?s=96&d=mm&r=g\",\"url\":\"https:\\\/\\\/secure.gravatar.com\\\/avatar\\\/27c6f0d998226cd3aac69b7071a685c1c0427bcb2dcb1d313d098c47e7746fc9?s=96&d=mm&r=g\",\"contentUrl\":\"https:\\\/\\\/secure.gravatar.com\\\/avatar\\\/27c6f0d998226cd3aac69b7071a685c1c0427bcb2dcb1d313d098c47e7746fc9?s=96&d=mm&r=g\",\"caption\":\"kooders\"},\"sameAs\":[\"https:\\\/\\\/www.biodiversityeducation.fi\"],\"url\":\"https:\\\/\\\/blogs2.uef.fi\\\/biodiversityeducation-vanha\\\/author\\\/kooders\\\/\"}]}<\/script>\n<!-- \/ Yoast SEO plugin. -->","yoast_head_json":{"title":"Ty\u00f6skentely monitieteiss\u00e4 hankeymp\u00e4rist\u00f6ss\u00e4 (8\/2022) - Biodiversiteettikoulutusverkosto","robots":{"index":"index","follow":"follow","max-snippet":"max-snippet:-1","max-image-preview":"max-image-preview:large","max-video-preview":"max-video-preview:-1"},"canonical":"https:\/\/blogs2.uef.fi\/biodiversityeducation-vanha\/2022\/08\/30\/tyoskentely-monitieteissa-hankeymparistossa-8-2022\/","og_locale":"fi_FI","og_type":"article","og_title":"Ty\u00f6skentely monitieteiss\u00e4 hankeymp\u00e4rist\u00f6ss\u00e4 (8\/2022) - Biodiversiteettikoulutusverkosto","og_description":"\u201dBiodiversiteettiin liittyv\u00e4t n\u00e4k\u00f6kulmat ovat mielest\u00e4ni erityisen kiinnostavia, sill\u00e4 ne l\u00e4p\u00e4isev\u00e4t kaikki yhteiskunnan sektorit ja niiden merkitys n\u00e4kyy kaikessa.\u201d Olen ty\u00f6skennellyt hankkeessamme kev\u00e4\u00e4n ja kes\u00e4n opetusavustajana, ja ty\u00f6teht\u00e4v\u00e4ni ovat olleet monipuolisia liittyen erityisesti koulutussuunnitteluun ja pedagogisen osaamisen soveltamiseen. Pian valmistuvana kasvatustieteilij\u00e4n\u00e4 minua on jo aiemmin kiinnostanut monitieteisyys ja koen sen yhdeksi suurista mielenkiinnon kohteista my\u00f6s t\u00e4ss\u00e4 [&hellip;]","og_url":"https:\/\/blogs2.uef.fi\/biodiversityeducation-vanha\/2022\/08\/30\/tyoskentely-monitieteissa-hankeymparistossa-8-2022\/","og_site_name":"Biodiversiteettikoulutusverkosto","article_published_time":"2022-08-30T09:08:00+00:00","article_modified_time":"2023-03-15T13:39:40+00:00","og_image":[{"width":643,"height":482,"url":"https:\/\/blogs2.uef.fi\/biodiversityeducation-vanha\/wp-content\/uploads\/sites\/110\/2023\/03\/Elina_1-1.jpg","type":"image\/jpeg"}],"author":"kooders","twitter_card":"summary_large_image","twitter_misc":{"Kirjoittanut":"kooders","Arvioitu lukuaika":"2 minuuttia"},"schema":{"@context":"https:\/\/schema.org","@graph":[{"@type":"Article","@id":"https:\/\/blogs2.uef.fi\/biodiversityeducation-vanha\/2022\/08\/30\/tyoskentely-monitieteissa-hankeymparistossa-8-2022\/#article","isPartOf":{"@id":"https:\/\/blogs2.uef.fi\/biodiversityeducation-vanha\/2022\/08\/30\/tyoskentely-monitieteissa-hankeymparistossa-8-2022\/"},"author":{"name":"kooders","@id":"https:\/\/blogs2.uef.fi\/biodiversityeducation-vanha\/#\/schema\/person\/aafdd26c1ef4edf4a080b86c113b9fbb"},"headline":"Ty\u00f6skentely monitieteiss\u00e4 hankeymp\u00e4rist\u00f6ss\u00e4 (8\/2022)","datePublished":"2022-08-30T09:08:00+00:00","dateModified":"2023-03-15T13:39:40+00:00","mainEntityOfPage":{"@id":"https:\/\/blogs2.uef.fi\/biodiversityeducation-vanha\/2022\/08\/30\/tyoskentely-monitieteissa-hankeymparistossa-8-2022\/"},"wordCount":432,"publisher":{"@id":"https:\/\/blogs2.uef.fi\/biodiversityeducation-vanha\/#organization"},"image":{"@id":"https:\/\/blogs2.uef.fi\/biodiversityeducation-vanha\/2022\/08\/30\/tyoskentely-monitieteissa-hankeymparistossa-8-2022\/#primaryimage"},"thumbnailUrl":"https:\/\/blogs2.uef.fi\/biodiversityeducation-vanha\/wp-content\/uploads\/sites\/110\/2023\/03\/Elina_1-1.jpg","keywords":["monitieteisyys","Ty\u00f6kokemus"],"articleSection":["Hankekuulumiset"],"inLanguage":"fi"},{"@type":"WebPage","@id":"https:\/\/blogs2.uef.fi\/biodiversityeducation-vanha\/2022\/08\/30\/tyoskentely-monitieteissa-hankeymparistossa-8-2022\/","url":"https:\/\/blogs2.uef.fi\/biodiversityeducation-vanha\/2022\/08\/30\/tyoskentely-monitieteissa-hankeymparistossa-8-2022\/","name":"Ty\u00f6skentely monitieteiss\u00e4 hankeymp\u00e4rist\u00f6ss\u00e4 (8\/2022) - Biodiversiteettikoulutusverkosto","isPartOf":{"@id":"https:\/\/blogs2.uef.fi\/biodiversityeducation-vanha\/#website"},"primaryImageOfPage":{"@id":"https:\/\/blogs2.uef.fi\/biodiversityeducation-vanha\/2022\/08\/30\/tyoskentely-monitieteissa-hankeymparistossa-8-2022\/#primaryimage"},"image":{"@id":"https:\/\/blogs2.uef.fi\/biodiversityeducation-vanha\/2022\/08\/30\/tyoskentely-monitieteissa-hankeymparistossa-8-2022\/#primaryimage"},"thumbnailUrl":"https:\/\/blogs2.uef.fi\/biodiversityeducation-vanha\/wp-content\/uploads\/sites\/110\/2023\/03\/Elina_1-1.jpg","datePublished":"2022-08-30T09:08:00+00:00","dateModified":"2023-03-15T13:39:40+00:00","inLanguage":"fi","potentialAction":[{"@type":"ReadAction","target":["https:\/\/blogs2.uef.fi\/biodiversityeducation-vanha\/2022\/08\/30\/tyoskentely-monitieteissa-hankeymparistossa-8-2022\/"]}]},{"@type":"ImageObject","inLanguage":"fi","@id":"https:\/\/blogs2.uef.fi\/biodiversityeducation-vanha\/2022\/08\/30\/tyoskentely-monitieteissa-hankeymparistossa-8-2022\/#primaryimage","url":"https:\/\/blogs2.uef.fi\/biodiversityeducation-vanha\/wp-content\/uploads\/sites\/110\/2023\/03\/Elina_1-1.jpg","contentUrl":"https:\/\/blogs2.uef.fi\/biodiversityeducation-vanha\/wp-content\/uploads\/sites\/110\/2023\/03\/Elina_1-1.jpg","width":643,"height":482,"caption":"Kuva: Mikko Hannuksela"},{"@type":"WebSite","@id":"https:\/\/blogs2.uef.fi\/biodiversityeducation-vanha\/#website","url":"https:\/\/blogs2.uef.fi\/biodiversityeducation-vanha\/","name":"Biodiversiteettikoulutusverkosto","description":"","publisher":{"@id":"https:\/\/blogs2.uef.fi\/biodiversityeducation-vanha\/#organization"},"potentialAction":[{"@type":"SearchAction","target":{"@type":"EntryPoint","urlTemplate":"https:\/\/blogs2.uef.fi\/biodiversityeducation-vanha\/?s={search_term_string}"},"query-input":{"@type":"PropertyValueSpecification","valueRequired":true,"valueName":"search_term_string"}}],"inLanguage":"fi"},{"@type":"Organization","@id":"https:\/\/blogs2.uef.fi\/biodiversityeducation-vanha\/#organization","name":"Biodiversiteettikoulutusverkosto","url":"https:\/\/blogs2.uef.fi\/biodiversityeducation-vanha\/","logo":{"@type":"ImageObject","inLanguage":"fi","@id":"https:\/\/blogs2.uef.fi\/biodiversityeducation-vanha\/#\/schema\/logo\/image\/","url":"https:\/\/blogs2.uef.fi\/biodiversityeducation-vanha\/wp-content\/uploads\/sites\/110\/2023\/01\/Logo-ja-teksti.png","contentUrl":"https:\/\/blogs2.uef.fi\/biodiversityeducation-vanha\/wp-content\/uploads\/sites\/110\/2023\/01\/Logo-ja-teksti.png","width":785,"height":247,"caption":"Biodiversiteettikoulutusverkosto"},"image":{"@id":"https:\/\/blogs2.uef.fi\/biodiversityeducation-vanha\/#\/schema\/logo\/image\/"}},{"@type":"Person","@id":"https:\/\/blogs2.uef.fi\/biodiversityeducation-vanha\/#\/schema\/person\/aafdd26c1ef4edf4a080b86c113b9fbb","name":"kooders","image":{"@type":"ImageObject","inLanguage":"fi","@id":"https:\/\/secure.gravatar.com\/avatar\/27c6f0d998226cd3aac69b7071a685c1c0427bcb2dcb1d313d098c47e7746fc9?s=96&d=mm&r=g","url":"https:\/\/secure.gravatar.com\/avatar\/27c6f0d998226cd3aac69b7071a685c1c0427bcb2dcb1d313d098c47e7746fc9?s=96&d=mm&r=g","contentUrl":"https:\/\/secure.gravatar.com\/avatar\/27c6f0d998226cd3aac69b7071a685c1c0427bcb2dcb1d313d098c47e7746fc9?s=96&d=mm&r=g","caption":"kooders"},"sameAs":["https:\/\/www.biodiversityeducation.fi"],"url":"https:\/\/blogs2.uef.fi\/biodiversityeducation-vanha\/author\/kooders\/"}]}},"_links":{"self":[{"href":"https:\/\/blogs2.uef.fi\/biodiversityeducation-vanha\/wp-json\/wp\/v2\/posts\/1123","targetHints":{"allow":["GET"]}}],"collection":[{"href":"https:\/\/blogs2.uef.fi\/biodiversityeducation-vanha\/wp-json\/wp\/v2\/posts"}],"about":[{"href":"https:\/\/blogs2.uef.fi\/biodiversityeducation-vanha\/wp-json\/wp\/v2\/types\/post"}],"author":[{"embeddable":true,"href":"https:\/\/blogs2.uef.fi\/biodiversityeducation-vanha\/wp-json\/wp\/v2\/users\/611"}],"replies":[{"embeddable":true,"href":"https:\/\/blogs2.uef.fi\/biodiversityeducation-vanha\/wp-json\/wp\/v2\/comments?post=1123"}],"version-history":[{"count":1,"href":"https:\/\/blogs2.uef.fi\/biodiversityeducation-vanha\/wp-json\/wp\/v2\/posts\/1123\/revisions"}],"predecessor-version":[{"id":1132,"href":"https:\/\/blogs2.uef.fi\/biodiversityeducation-vanha\/wp-json\/wp\/v2\/posts\/1123\/revisions\/1132"}],"wp:featuredmedia":[{"embeddable":true,"href":"https:\/\/blogs2.uef.fi\/biodiversityeducation-vanha\/wp-json\/wp\/v2\/media\/1124"}],"wp:attachment":[{"href":"https:\/\/blogs2.uef.fi\/biodiversityeducation-vanha\/wp-json\/wp\/v2\/media?parent=1123"}],"wp:term":[{"taxonomy":"category","embeddable":true,"href":"https:\/\/blogs2.uef.fi\/biodiversityeducation-vanha\/wp-json\/wp\/v2\/categories?post=1123"},{"taxonomy":"post_tag","embeddable":true,"href":"https:\/\/blogs2.uef.fi\/biodiversityeducation-vanha\/wp-json\/wp\/v2\/tags?post=1123"}],"curies":[{"name":"wp","href":"https:\/\/api.w.org\/{rel}","templated":true}]}}