{"id":1133,"date":"2022-09-22T12:21:00","date_gmt":"2022-09-22T09:21:00","guid":{"rendered":"https:\/\/www.biodiversityeducation.fi\/?p=1133"},"modified":"2023-03-15T15:39:12","modified_gmt":"2023-03-15T13:39:12","slug":"biodiversiteettikoulutusverkoston-syksykuulumisia-9-2022","status":"publish","type":"post","link":"https:\/\/blogs2.uef.fi\/biodiversityeducation-vanha\/2022\/09\/22\/biodiversiteettikoulutusverkoston-syksykuulumisia-9-2022\/","title":{"rendered":"Biodiversiteettikoulutusverkoston syksykuulumisia (9\/2022)"},"content":{"rendered":"\n<p>Syksyll\u00e4 tapahtuu paljon, niin luonnossa kuin hankkeessammekin. Verkoston toiminta on edennyt vauhdikkaasti ja onkin aika koota hankekuulumisiamme.<\/p>\n\n\n<div class=\"wp-block-image\">\n<figure class=\"aligncenter size-full\"><img loading=\"lazy\" decoding=\"async\" width=\"768\" height=\"1004\" src=\"https:\/\/blogs2.uef.fi\/wp-content\/uploads\/sites\/110\/2023\/03\/Karpassieni-1-768x1004-1.jpeg\" alt=\"karpassieni-blog\" class=\"wp-image-1134\" srcset=\"https:\/\/blogs2.uef.fi\/biodiversityeducation-vanha\/wp-content\/uploads\/sites\/110\/2023\/03\/Karpassieni-1-768x1004-1.jpeg 768w, https:\/\/blogs2.uef.fi\/biodiversityeducation-vanha\/wp-content\/uploads\/sites\/110\/2023\/03\/Karpassieni-1-768x1004-1-229x300.jpeg 229w\" sizes=\"auto, (max-width: 768px) 100vw, 768px\" \/><figcaption class=\"wp-element-caption\">Nyt on hyv\u00e4 aika tunnistaa sienilajeja. Kuva: Elli H\u00e4mynen<\/figcaption><\/figure>\n<\/div>\n\n\n<h2 class=\"wp-block-heading\">Ristiinopiskelu avautui<\/h2>\n\n\n\n<figure class=\"wp-block-gallery has-nested-images columns-default is-cropped wp-block-gallery-1 is-layout-flex wp-block-gallery-is-layout-flex\">\n<figure class=\"wp-block-image size-large\"><img loading=\"lazy\" decoding=\"async\" width=\"768\" height=\"1024\" data-id=\"1136\" src=\"https:\/\/blogs2.uef.fi\/wp-content\/uploads\/sites\/110\/2023\/03\/Puolukka-768x1024-1.jpeg\" alt=\"puolukka-blog\" class=\"wp-image-1136\" srcset=\"https:\/\/blogs2.uef.fi\/biodiversityeducation-vanha\/wp-content\/uploads\/sites\/110\/2023\/03\/Puolukka-768x1024-1.jpeg 768w, https:\/\/blogs2.uef.fi\/biodiversityeducation-vanha\/wp-content\/uploads\/sites\/110\/2023\/03\/Puolukka-768x1024-1-225x300.jpeg 225w\" sizes=\"auto, (max-width: 768px) 100vw, 768px\" \/><figcaption class=\"wp-element-caption\">Pakkasen puraisemat puolukat ovat herkullisia. Kuva: Elli H\u00e4mynen<\/figcaption><\/figure>\n\n\n\n<figure class=\"wp-block-image size-large\"><img loading=\"lazy\" decoding=\"async\" width=\"768\" height=\"1023\" data-id=\"1138\" src=\"https:\/\/blogs2.uef.fi\/wp-content\/uploads\/sites\/110\/2023\/03\/Pihlaja-768x1023-1.jpeg\" alt=\"pihlaja-blog\" class=\"wp-image-1138\" srcset=\"https:\/\/blogs2.uef.fi\/biodiversityeducation-vanha\/wp-content\/uploads\/sites\/110\/2023\/03\/Pihlaja-768x1023-1.jpeg 768w, https:\/\/blogs2.uef.fi\/biodiversityeducation-vanha\/wp-content\/uploads\/sites\/110\/2023\/03\/Pihlaja-768x1023-1-225x300.jpeg 225w\" sizes=\"auto, (max-width: 768px) 100vw, 768px\" \/><figcaption class=\"wp-element-caption\">Pihlajissa on jo kaunis ruska. Kuva: Elli H\u00e4mynen<\/figcaption><\/figure>\n<\/figure>\n\n\n\n<p>Biodiversiteettikoulutusverkoston ristiinopiskelu on alkanut, ja opinto-oikeutta verkoston yliopistojen kursseille on jo p\u00e4\u00e4ssyt hakemaan, ja haku kev\u00e4\u00e4n kursseille jatkuu 30.11. saakka. Verkoston kurssitarjonta mahdollistaa osaamisen laajentamisen It\u00e4-Suomen, Oulun, Jyv\u00e4skyl\u00e4n, Turun ja Helsingin yliopistojen sek\u00e4 \u00c5bo Akademin soveltuvien alojen opiskelijoille.<\/p>\n\n\n\n<p>Mukana on niin et\u00e4opintoina opiskeltavia kursseja kuin kentt\u00e4- ja harjoituskurssejakin. Kurssien opiskelu on opiskelijoille maksutonta, ja kurssit on suunniteltu siten, ett\u00e4 ne t\u00e4ydent\u00e4v\u00e4t kotiyliopistossa tarjottavia opintoja ja tarjoavat mahdollisuuden osaamisen laajentamiseen sek\u00e4 verkostoitumiseen toisten yliopistojen opiskelijoiden kanssa.<\/p>\n\n\n\n<p>Alkavan lukuvuoden tarjonnassa on 15 kurssia, ja verkoston opintotarjontaa p\u00e4ivitet\u00e4\u00e4n vuosittain. T\u00e4m\u00e4n lukuvuoden kursseja ovat muun muassa erilaiset lajintuntemuksen kurssit aina trooppisista kasviheimoista lintuihin ja k\u00e4\u00e4piin, metsien, mets\u00e4maan ja trooppisen ekologian kurssit, kalabiologian menetelmiin ja talviekologiaan perehdytt\u00e4v\u00e4t kurssit sek\u00e4 yleist\u00e4 ekologista ja luonnonsuojelullista osaamista lis\u00e4\u00e4v\u00e4t kurssit.<\/p>\n\n\n\n<p>Kurssien tarjoaminen verkoston kautta on toteutettu yhteisty\u00f6ss\u00e4 yliopistojen opintohallinnon kanssa ja syksyn aikana pilotoidaankin sit\u00e4, miten k\u00e4yt\u00e4nn\u00f6t toimivat ja miten verkostomaista yhteisty\u00f6t\u00e4 opetuksessa tulisi kehitt\u00e4\u00e4. Lis\u00e4ksi jo malttamattomina odottelemme valtakunnallisen ristiinopiskelupalvelun avautumista.<\/p>\n\n\n\n<h2 class=\"wp-block-heading\">Biodiversity.now-kurssin julkistaminen l\u00e4hestyy<\/h2>\n\n\n\n<div class=\"wp-block-columns is-layout-flex wp-container-core-columns-is-layout-9d6595d7 wp-block-columns-is-layout-flex\">\n<div class=\"wp-block-column is-layout-flow wp-block-column-is-layout-flow\" style=\"flex-basis:33.33%\">\n<figure class=\"wp-block-image size-full\"><img loading=\"lazy\" decoding=\"async\" width=\"768\" height=\"1024\" src=\"https:\/\/blogs2.uef.fi\/wp-content\/uploads\/sites\/110\/2023\/03\/Jarvimaisema-768x1024-1.jpeg\" alt=\"jarvimaisema-blog\" class=\"wp-image-1140\" srcset=\"https:\/\/blogs2.uef.fi\/biodiversityeducation-vanha\/wp-content\/uploads\/sites\/110\/2023\/03\/Jarvimaisema-768x1024-1.jpeg 768w, https:\/\/blogs2.uef.fi\/biodiversityeducation-vanha\/wp-content\/uploads\/sites\/110\/2023\/03\/Jarvimaisema-768x1024-1-225x300.jpeg 225w\" sizes=\"auto, (max-width: 768px) 100vw, 768px\" \/><figcaption class=\"wp-element-caption\">Syksyinen j\u00e4rvimaisema kutsuu viel\u00e4 vesille. Kuva: Elli H\u00e4mynen<\/figcaption><\/figure>\n<\/div>\n\n\n\n<div class=\"wp-block-column is-layout-flow wp-block-column-is-layout-flow\" style=\"flex-basis:66.66%\">\n<p>Olemme Sitran, Opetus- ja Kulttuuriministeri\u00f6n ja Nordplussan tuella rakentaneet Biodiversity.now-verkkokurssia, joka opettaa monipuolisesti biodiversiteettikriisin syist\u00e4 ja seurauksista sek\u00e4 johdattelee pohtimaan ratkaisuja luontokadon hidastamiseen. Kurssia on tehty yhteisty\u00f6ss\u00e4 Una Europa -verkoston ja Climate Universityn kanssa, ja kurssin sis\u00e4lt\u00f6j\u00e4 on ollut ty\u00f6st\u00e4m\u00e4ss\u00e4 laaja asiantuntijaryhm\u00e4 eri organisaatioista ja koulutusaloilta. Rahoittajien tuki on mahdollistanut laadukkaiden kurssivideoiden tekemisen sek\u00e4 kurssin visuaalisuuteen panostamisen.<\/p>\n\n\n\n<p>Kurssi t\u00e4ydent\u00e4\u00e4 Climate Universityn kest\u00e4vyysaiheisten kurssien tarjontaa ja avautuu opiskeltavaksi 7.10. Kurssille ovat tervetulleita niin Biodiversiteettikoulutusverkoston, Climate Universityn, Una Europa -verkoston kuin avoimen yliopistonkin opiskelijat. My\u00f6hemmin kurssista on tulossa my\u00f6s suomenkielinen versio, uuden jatkuvan oppimisen hankkeen my\u00f6t\u00e4.<\/p>\n\n\n\n<p>Toivottavasti kurssi saavuttaa suuren suosion ja biodiversiteettiosaaminen laajenee sen my\u00f6t\u00e4. <a href=\"https:\/\/www.una-europa.eu\/calendar\/micro-credential-sustainability-together-for-sustainable-future\">Tervetuloa my\u00f6s lanseeraustilaisuuteen 7.10.<\/a><\/p>\n<\/div>\n<\/div>\n\n\n\n<h2 class=\"wp-block-heading\">Syksyn suunnitelmia<\/h2>\n\n\n\n<div class=\"wp-block-columns is-layout-flex wp-container-core-columns-is-layout-9d6595d7 wp-block-columns-is-layout-flex\">\n<div class=\"wp-block-column is-layout-flow wp-block-column-is-layout-flow\" style=\"flex-basis:66.66%\">\n<p>Hankettamme on j\u00e4ljell\u00e4 reilut kolme kuukautta ja tuohon aikaan mahtuu monenlaista tapahtumaa, yhteisty\u00f6n syvent\u00e4mist\u00e4 ja opetusta.<\/p>\n\n\n\n<p>Verkoston opetusyhteisty\u00f6n pilottinakin toimiva k\u00e4\u00e4pien lajintuntemuksen maastokurssi j\u00e4rjestet\u00e4\u00e4n ensi viikolla Keski-Suomessa, ja t\u00e4st\u00e4 kootaan n\u00e4kemyksi\u00e4 ja kokemuksia kentt\u00e4opetusyhteisty\u00f6n laajentamista varten. Lokakuun alussa lanseerataan Biodiversity.now-kurssi ja puoliv\u00e4liss\u00e4 kuuta pohjustetaan verkoston kansainv\u00e4list\u00e4 laajentamista <a href=\"https:\/\/www.arcticcircle.org\/assemblies\">UArctic-verkoston konferenssissa Islannissa<\/a>. Marraskuun alku tuo mukanaan <a href=\"https:\/\/blogs.helsinki.fi\/climateuniversity\/2022\/09\/16\/climate-university-annual-meeting-in-tampere-2-3-11-2022\/\">Climate Universityn verkostotapaamisen<\/a>, jossa biodiversiteettiteemat ovat t\u00e4n\u00e4 vuonna keski\u00f6ss\u00e4, ja marraskuun toisella viikolla verkostomme kokoontuu Konneveden asemalle, miss\u00e4 suuntaamme ajatuksia Biodiversiteettikoulutusverkoston toiminnan jatkamiseen ja vakiinnuttamiseen.<\/p>\n\n\n\n<p>Tapahtumien lis\u00e4ksi syksyyn mahtuu opetusyhteisty\u00f6n laajentamista, kurssien kehitt\u00e4mist\u00e4, uuden virtuaalisen monimuotoisuusoppimisymp\u00e4rist\u00f6n rakentamista sek\u00e4 uusia hankehakuja ja -avauksia biodiversiteettiteemojen ymp\u00e4rill\u00e4.<\/p>\n\n\n\n<p><a href=\"https:\/\/twitter.com\/BDVerkosto?ref_src=twsrc%5Etfw%7Ctwcamp%5Eembeddedtimeline%7Ctwterm%5Escreen-name%3ABDVerkosto%7Ctwcon%5Es2\">Muistathan, ett\u00e4 kuulumisiamme voi seurata my\u00f6s Twitterin puolella!<\/a><\/p>\n\n\n\n<p>Ihanaa syksy\u00e4, kauniita ruskans\u00e4vyj\u00e4, hienoja sienil\u00f6yt\u00f6j\u00e4 ja mukavia puolukkasaaliita toivoen Elli<\/p>\n<\/div>\n\n\n\n<div class=\"wp-block-column is-layout-flow wp-block-column-is-layout-flow\" style=\"flex-basis:33.33%\">\n<figure class=\"wp-block-image size-large\"><img loading=\"lazy\" decoding=\"async\" width=\"639\" height=\"1024\" src=\"https:\/\/blogs2.uef.fi\/wp-content\/uploads\/sites\/110\/2023\/03\/Metsamaisema-edited-639x1024.jpeg\" alt=\"metsamaisema-blog\" class=\"wp-image-1142\" srcset=\"https:\/\/blogs2.uef.fi\/biodiversityeducation-vanha\/wp-content\/uploads\/sites\/110\/2023\/03\/Metsamaisema-edited-639x1024.jpeg 639w, https:\/\/blogs2.uef.fi\/biodiversityeducation-vanha\/wp-content\/uploads\/sites\/110\/2023\/03\/Metsamaisema-edited-187x300.jpeg 187w, https:\/\/blogs2.uef.fi\/biodiversityeducation-vanha\/wp-content\/uploads\/sites\/110\/2023\/03\/Metsamaisema-edited-768x1231.jpeg 768w, https:\/\/blogs2.uef.fi\/biodiversityeducation-vanha\/wp-content\/uploads\/sites\/110\/2023\/03\/Metsamaisema-edited-958x1536.jpeg 958w, https:\/\/blogs2.uef.fi\/biodiversityeducation-vanha\/wp-content\/uploads\/sites\/110\/2023\/03\/Metsamaisema-edited.jpeg 998w\" sizes=\"auto, (max-width: 639px) 100vw, 639px\" \/><figcaption class=\"wp-element-caption\">Aurinkoisina p\u00e4ivin\u00e4 mets\u00e4ss\u00e4 hehkuvat kauniit syyss\u00e4vyt. Kuva: Elli H\u00e4mynen<\/figcaption><\/figure>\n<\/div>\n<\/div>\n","protected":false},"excerpt":{"rendered":"<p>Syksyll\u00e4 tapahtuu paljon, niin luonnossa kuin hankkeessammekin. Verkoston toiminta on edennyt vauhdikkaasti ja onkin aika koota hankekuulumisiamme. Ristiinopiskelu avautui Biodiversiteettikoulutusverkoston ristiinopiskelu on alkanut, ja opinto-oikeutta verkoston yliopistojen kursseille on jo p\u00e4\u00e4ssyt hakemaan, ja haku kev\u00e4\u00e4n kursseille jatkuu 30.11. saakka. Verkoston kurssitarjonta mahdollistaa osaamisen laajentamisen It\u00e4-Suomen, Oulun, Jyv\u00e4skyl\u00e4n, Turun ja Helsingin yliopistojen sek\u00e4 \u00c5bo Akademin soveltuvien [&hellip;]<\/p>\n","protected":false},"author":611,"featured_media":1136,"comment_status":"closed","ping_status":"open","sticky":false,"template":"","format":"standard","meta":{"_acf_changed":false,"footnotes":""},"categories":[1],"tags":[16,32,17],"class_list":["post-1133","post","type-post","status-publish","format-standard","has-post-thumbnail","hentry","category-hankekuulumiset","tag-hankekuulumiset","tag-opetusverkosto","tag-ristiinopiskelu"],"acf":[],"yoast_head":"<!-- This site is optimized with the Yoast SEO plugin v27.3 - https:\/\/yoast.com\/product\/yoast-seo-wordpress\/ -->\n<title>Biodiversiteettikoulutusverkoston syksykuulumisia (9\/2022) - Biodiversiteettikoulutusverkosto<\/title>\n<meta name=\"robots\" content=\"index, follow, max-snippet:-1, max-image-preview:large, max-video-preview:-1\" \/>\n<link rel=\"canonical\" href=\"https:\/\/blogs2.uef.fi\/biodiversityeducation-vanha\/2022\/09\/22\/biodiversiteettikoulutusverkoston-syksykuulumisia-9-2022\/\" \/>\n<meta property=\"og:locale\" content=\"fi_FI\" \/>\n<meta property=\"og:type\" content=\"article\" \/>\n<meta property=\"og:title\" content=\"Biodiversiteettikoulutusverkoston syksykuulumisia (9\/2022) - Biodiversiteettikoulutusverkosto\" \/>\n<meta property=\"og:description\" content=\"Syksyll\u00e4 tapahtuu paljon, niin luonnossa kuin hankkeessammekin. Verkoston toiminta on edennyt vauhdikkaasti ja onkin aika koota hankekuulumisiamme. Ristiinopiskelu avautui Biodiversiteettikoulutusverkoston ristiinopiskelu on alkanut, ja opinto-oikeutta verkoston yliopistojen kursseille on jo p\u00e4\u00e4ssyt hakemaan, ja haku kev\u00e4\u00e4n kursseille jatkuu 30.11. saakka. Verkoston kurssitarjonta mahdollistaa osaamisen laajentamisen It\u00e4-Suomen, Oulun, Jyv\u00e4skyl\u00e4n, Turun ja Helsingin yliopistojen sek\u00e4 \u00c5bo Akademin soveltuvien [&hellip;]\" \/>\n<meta property=\"og:url\" content=\"https:\/\/blogs2.uef.fi\/biodiversityeducation-vanha\/2022\/09\/22\/biodiversiteettikoulutusverkoston-syksykuulumisia-9-2022\/\" \/>\n<meta property=\"og:site_name\" content=\"Biodiversiteettikoulutusverkosto\" \/>\n<meta property=\"article:published_time\" content=\"2022-09-22T09:21:00+00:00\" \/>\n<meta property=\"article:modified_time\" content=\"2023-03-15T13:39:12+00:00\" \/>\n<meta property=\"og:image\" content=\"https:\/\/blogs2.uef.fi\/biodiversityeducation-vanha\/wp-content\/uploads\/sites\/110\/2023\/03\/Puolukka-768x1024-1.jpeg\" \/>\n\t<meta property=\"og:image:width\" content=\"768\" \/>\n\t<meta property=\"og:image:height\" content=\"1024\" \/>\n\t<meta property=\"og:image:type\" content=\"image\/jpeg\" \/>\n<meta name=\"author\" content=\"kooders\" \/>\n<meta name=\"twitter:card\" content=\"summary_large_image\" \/>\n<meta name=\"twitter:label1\" content=\"Kirjoittanut\" \/>\n\t<meta name=\"twitter:data1\" content=\"kooders\" \/>\n\t<meta name=\"twitter:label2\" content=\"Arvioitu lukuaika\" \/>\n\t<meta name=\"twitter:data2\" content=\"3 minuuttia\" \/>\n<script type=\"application\/ld+json\" class=\"yoast-schema-graph\">{\"@context\":\"https:\\\/\\\/schema.org\",\"@graph\":[{\"@type\":\"Article\",\"@id\":\"https:\\\/\\\/blogs2.uef.fi\\\/biodiversityeducation-vanha\\\/2022\\\/09\\\/22\\\/biodiversiteettikoulutusverkoston-syksykuulumisia-9-2022\\\/#article\",\"isPartOf\":{\"@id\":\"https:\\\/\\\/blogs2.uef.fi\\\/biodiversityeducation-vanha\\\/2022\\\/09\\\/22\\\/biodiversiteettikoulutusverkoston-syksykuulumisia-9-2022\\\/\"},\"author\":{\"name\":\"kooders\",\"@id\":\"https:\\\/\\\/blogs2.uef.fi\\\/biodiversityeducation-vanha\\\/#\\\/schema\\\/person\\\/aafdd26c1ef4edf4a080b86c113b9fbb\"},\"headline\":\"Biodiversiteettikoulutusverkoston syksykuulumisia (9\\\/2022)\",\"datePublished\":\"2022-09-22T09:21:00+00:00\",\"dateModified\":\"2023-03-15T13:39:12+00:00\",\"mainEntityOfPage\":{\"@id\":\"https:\\\/\\\/blogs2.uef.fi\\\/biodiversityeducation-vanha\\\/2022\\\/09\\\/22\\\/biodiversiteettikoulutusverkoston-syksykuulumisia-9-2022\\\/\"},\"wordCount\":520,\"publisher\":{\"@id\":\"https:\\\/\\\/blogs2.uef.fi\\\/biodiversityeducation-vanha\\\/#organization\"},\"image\":{\"@id\":\"https:\\\/\\\/blogs2.uef.fi\\\/biodiversityeducation-vanha\\\/2022\\\/09\\\/22\\\/biodiversiteettikoulutusverkoston-syksykuulumisia-9-2022\\\/#primaryimage\"},\"thumbnailUrl\":\"https:\\\/\\\/blogs2.uef.fi\\\/biodiversityeducation-vanha\\\/wp-content\\\/uploads\\\/sites\\\/110\\\/2023\\\/03\\\/Puolukka-768x1024-1.jpeg\",\"keywords\":[\"Hankekuulumiset\",\"opetusverkosto\",\"ristiinopiskelu\"],\"articleSection\":[\"Hankekuulumiset\"],\"inLanguage\":\"fi\"},{\"@type\":\"WebPage\",\"@id\":\"https:\\\/\\\/blogs2.uef.fi\\\/biodiversityeducation-vanha\\\/2022\\\/09\\\/22\\\/biodiversiteettikoulutusverkoston-syksykuulumisia-9-2022\\\/\",\"url\":\"https:\\\/\\\/blogs2.uef.fi\\\/biodiversityeducation-vanha\\\/2022\\\/09\\\/22\\\/biodiversiteettikoulutusverkoston-syksykuulumisia-9-2022\\\/\",\"name\":\"Biodiversiteettikoulutusverkoston syksykuulumisia (9\\\/2022) - Biodiversiteettikoulutusverkosto\",\"isPartOf\":{\"@id\":\"https:\\\/\\\/blogs2.uef.fi\\\/biodiversityeducation-vanha\\\/#website\"},\"primaryImageOfPage\":{\"@id\":\"https:\\\/\\\/blogs2.uef.fi\\\/biodiversityeducation-vanha\\\/2022\\\/09\\\/22\\\/biodiversiteettikoulutusverkoston-syksykuulumisia-9-2022\\\/#primaryimage\"},\"image\":{\"@id\":\"https:\\\/\\\/blogs2.uef.fi\\\/biodiversityeducation-vanha\\\/2022\\\/09\\\/22\\\/biodiversiteettikoulutusverkoston-syksykuulumisia-9-2022\\\/#primaryimage\"},\"thumbnailUrl\":\"https:\\\/\\\/blogs2.uef.fi\\\/biodiversityeducation-vanha\\\/wp-content\\\/uploads\\\/sites\\\/110\\\/2023\\\/03\\\/Puolukka-768x1024-1.jpeg\",\"datePublished\":\"2022-09-22T09:21:00+00:00\",\"dateModified\":\"2023-03-15T13:39:12+00:00\",\"inLanguage\":\"fi\",\"potentialAction\":[{\"@type\":\"ReadAction\",\"target\":[\"https:\\\/\\\/blogs2.uef.fi\\\/biodiversityeducation-vanha\\\/2022\\\/09\\\/22\\\/biodiversiteettikoulutusverkoston-syksykuulumisia-9-2022\\\/\"]}]},{\"@type\":\"ImageObject\",\"inLanguage\":\"fi\",\"@id\":\"https:\\\/\\\/blogs2.uef.fi\\\/biodiversityeducation-vanha\\\/2022\\\/09\\\/22\\\/biodiversiteettikoulutusverkoston-syksykuulumisia-9-2022\\\/#primaryimage\",\"url\":\"https:\\\/\\\/blogs2.uef.fi\\\/biodiversityeducation-vanha\\\/wp-content\\\/uploads\\\/sites\\\/110\\\/2023\\\/03\\\/Puolukka-768x1024-1.jpeg\",\"contentUrl\":\"https:\\\/\\\/blogs2.uef.fi\\\/biodiversityeducation-vanha\\\/wp-content\\\/uploads\\\/sites\\\/110\\\/2023\\\/03\\\/Puolukka-768x1024-1.jpeg\",\"width\":768,\"height\":1024,\"caption\":\"Pakkasen puraisemat puolukat ovat herkullisia. Kuva: Elli H\u00e4mynen\"},{\"@type\":\"WebSite\",\"@id\":\"https:\\\/\\\/blogs2.uef.fi\\\/biodiversityeducation-vanha\\\/#website\",\"url\":\"https:\\\/\\\/blogs2.uef.fi\\\/biodiversityeducation-vanha\\\/\",\"name\":\"Biodiversiteettikoulutusverkosto\",\"description\":\"\",\"publisher\":{\"@id\":\"https:\\\/\\\/blogs2.uef.fi\\\/biodiversityeducation-vanha\\\/#organization\"},\"potentialAction\":[{\"@type\":\"SearchAction\",\"target\":{\"@type\":\"EntryPoint\",\"urlTemplate\":\"https:\\\/\\\/blogs2.uef.fi\\\/biodiversityeducation-vanha\\\/?s={search_term_string}\"},\"query-input\":{\"@type\":\"PropertyValueSpecification\",\"valueRequired\":true,\"valueName\":\"search_term_string\"}}],\"inLanguage\":\"fi\"},{\"@type\":\"Organization\",\"@id\":\"https:\\\/\\\/blogs2.uef.fi\\\/biodiversityeducation-vanha\\\/#organization\",\"name\":\"Biodiversiteettikoulutusverkosto\",\"url\":\"https:\\\/\\\/blogs2.uef.fi\\\/biodiversityeducation-vanha\\\/\",\"logo\":{\"@type\":\"ImageObject\",\"inLanguage\":\"fi\",\"@id\":\"https:\\\/\\\/blogs2.uef.fi\\\/biodiversityeducation-vanha\\\/#\\\/schema\\\/logo\\\/image\\\/\",\"url\":\"https:\\\/\\\/blogs2.uef.fi\\\/biodiversityeducation-vanha\\\/wp-content\\\/uploads\\\/sites\\\/110\\\/2023\\\/01\\\/Logo-ja-teksti.png\",\"contentUrl\":\"https:\\\/\\\/blogs2.uef.fi\\\/biodiversityeducation-vanha\\\/wp-content\\\/uploads\\\/sites\\\/110\\\/2023\\\/01\\\/Logo-ja-teksti.png\",\"width\":785,\"height\":247,\"caption\":\"Biodiversiteettikoulutusverkosto\"},\"image\":{\"@id\":\"https:\\\/\\\/blogs2.uef.fi\\\/biodiversityeducation-vanha\\\/#\\\/schema\\\/logo\\\/image\\\/\"}},{\"@type\":\"Person\",\"@id\":\"https:\\\/\\\/blogs2.uef.fi\\\/biodiversityeducation-vanha\\\/#\\\/schema\\\/person\\\/aafdd26c1ef4edf4a080b86c113b9fbb\",\"name\":\"kooders\",\"image\":{\"@type\":\"ImageObject\",\"inLanguage\":\"fi\",\"@id\":\"https:\\\/\\\/secure.gravatar.com\\\/avatar\\\/27c6f0d998226cd3aac69b7071a685c1c0427bcb2dcb1d313d098c47e7746fc9?s=96&d=mm&r=g\",\"url\":\"https:\\\/\\\/secure.gravatar.com\\\/avatar\\\/27c6f0d998226cd3aac69b7071a685c1c0427bcb2dcb1d313d098c47e7746fc9?s=96&d=mm&r=g\",\"contentUrl\":\"https:\\\/\\\/secure.gravatar.com\\\/avatar\\\/27c6f0d998226cd3aac69b7071a685c1c0427bcb2dcb1d313d098c47e7746fc9?s=96&d=mm&r=g\",\"caption\":\"kooders\"},\"sameAs\":[\"https:\\\/\\\/www.biodiversityeducation.fi\"],\"url\":\"https:\\\/\\\/blogs2.uef.fi\\\/biodiversityeducation-vanha\\\/author\\\/kooders\\\/\"}]}<\/script>\n<!-- \/ Yoast SEO plugin. -->","yoast_head_json":{"title":"Biodiversiteettikoulutusverkoston syksykuulumisia (9\/2022) - Biodiversiteettikoulutusverkosto","robots":{"index":"index","follow":"follow","max-snippet":"max-snippet:-1","max-image-preview":"max-image-preview:large","max-video-preview":"max-video-preview:-1"},"canonical":"https:\/\/blogs2.uef.fi\/biodiversityeducation-vanha\/2022\/09\/22\/biodiversiteettikoulutusverkoston-syksykuulumisia-9-2022\/","og_locale":"fi_FI","og_type":"article","og_title":"Biodiversiteettikoulutusverkoston syksykuulumisia (9\/2022) - Biodiversiteettikoulutusverkosto","og_description":"Syksyll\u00e4 tapahtuu paljon, niin luonnossa kuin hankkeessammekin. Verkoston toiminta on edennyt vauhdikkaasti ja onkin aika koota hankekuulumisiamme. Ristiinopiskelu avautui Biodiversiteettikoulutusverkoston ristiinopiskelu on alkanut, ja opinto-oikeutta verkoston yliopistojen kursseille on jo p\u00e4\u00e4ssyt hakemaan, ja haku kev\u00e4\u00e4n kursseille jatkuu 30.11. saakka. Verkoston kurssitarjonta mahdollistaa osaamisen laajentamisen It\u00e4-Suomen, Oulun, Jyv\u00e4skyl\u00e4n, Turun ja Helsingin yliopistojen sek\u00e4 \u00c5bo Akademin soveltuvien [&hellip;]","og_url":"https:\/\/blogs2.uef.fi\/biodiversityeducation-vanha\/2022\/09\/22\/biodiversiteettikoulutusverkoston-syksykuulumisia-9-2022\/","og_site_name":"Biodiversiteettikoulutusverkosto","article_published_time":"2022-09-22T09:21:00+00:00","article_modified_time":"2023-03-15T13:39:12+00:00","og_image":[{"width":768,"height":1024,"url":"https:\/\/blogs2.uef.fi\/biodiversityeducation-vanha\/wp-content\/uploads\/sites\/110\/2023\/03\/Puolukka-768x1024-1.jpeg","type":"image\/jpeg"}],"author":"kooders","twitter_card":"summary_large_image","twitter_misc":{"Kirjoittanut":"kooders","Arvioitu lukuaika":"3 minuuttia"},"schema":{"@context":"https:\/\/schema.org","@graph":[{"@type":"Article","@id":"https:\/\/blogs2.uef.fi\/biodiversityeducation-vanha\/2022\/09\/22\/biodiversiteettikoulutusverkoston-syksykuulumisia-9-2022\/#article","isPartOf":{"@id":"https:\/\/blogs2.uef.fi\/biodiversityeducation-vanha\/2022\/09\/22\/biodiversiteettikoulutusverkoston-syksykuulumisia-9-2022\/"},"author":{"name":"kooders","@id":"https:\/\/blogs2.uef.fi\/biodiversityeducation-vanha\/#\/schema\/person\/aafdd26c1ef4edf4a080b86c113b9fbb"},"headline":"Biodiversiteettikoulutusverkoston syksykuulumisia (9\/2022)","datePublished":"2022-09-22T09:21:00+00:00","dateModified":"2023-03-15T13:39:12+00:00","mainEntityOfPage":{"@id":"https:\/\/blogs2.uef.fi\/biodiversityeducation-vanha\/2022\/09\/22\/biodiversiteettikoulutusverkoston-syksykuulumisia-9-2022\/"},"wordCount":520,"publisher":{"@id":"https:\/\/blogs2.uef.fi\/biodiversityeducation-vanha\/#organization"},"image":{"@id":"https:\/\/blogs2.uef.fi\/biodiversityeducation-vanha\/2022\/09\/22\/biodiversiteettikoulutusverkoston-syksykuulumisia-9-2022\/#primaryimage"},"thumbnailUrl":"https:\/\/blogs2.uef.fi\/biodiversityeducation-vanha\/wp-content\/uploads\/sites\/110\/2023\/03\/Puolukka-768x1024-1.jpeg","keywords":["Hankekuulumiset","opetusverkosto","ristiinopiskelu"],"articleSection":["Hankekuulumiset"],"inLanguage":"fi"},{"@type":"WebPage","@id":"https:\/\/blogs2.uef.fi\/biodiversityeducation-vanha\/2022\/09\/22\/biodiversiteettikoulutusverkoston-syksykuulumisia-9-2022\/","url":"https:\/\/blogs2.uef.fi\/biodiversityeducation-vanha\/2022\/09\/22\/biodiversiteettikoulutusverkoston-syksykuulumisia-9-2022\/","name":"Biodiversiteettikoulutusverkoston syksykuulumisia (9\/2022) - Biodiversiteettikoulutusverkosto","isPartOf":{"@id":"https:\/\/blogs2.uef.fi\/biodiversityeducation-vanha\/#website"},"primaryImageOfPage":{"@id":"https:\/\/blogs2.uef.fi\/biodiversityeducation-vanha\/2022\/09\/22\/biodiversiteettikoulutusverkoston-syksykuulumisia-9-2022\/#primaryimage"},"image":{"@id":"https:\/\/blogs2.uef.fi\/biodiversityeducation-vanha\/2022\/09\/22\/biodiversiteettikoulutusverkoston-syksykuulumisia-9-2022\/#primaryimage"},"thumbnailUrl":"https:\/\/blogs2.uef.fi\/biodiversityeducation-vanha\/wp-content\/uploads\/sites\/110\/2023\/03\/Puolukka-768x1024-1.jpeg","datePublished":"2022-09-22T09:21:00+00:00","dateModified":"2023-03-15T13:39:12+00:00","inLanguage":"fi","potentialAction":[{"@type":"ReadAction","target":["https:\/\/blogs2.uef.fi\/biodiversityeducation-vanha\/2022\/09\/22\/biodiversiteettikoulutusverkoston-syksykuulumisia-9-2022\/"]}]},{"@type":"ImageObject","inLanguage":"fi","@id":"https:\/\/blogs2.uef.fi\/biodiversityeducation-vanha\/2022\/09\/22\/biodiversiteettikoulutusverkoston-syksykuulumisia-9-2022\/#primaryimage","url":"https:\/\/blogs2.uef.fi\/biodiversityeducation-vanha\/wp-content\/uploads\/sites\/110\/2023\/03\/Puolukka-768x1024-1.jpeg","contentUrl":"https:\/\/blogs2.uef.fi\/biodiversityeducation-vanha\/wp-content\/uploads\/sites\/110\/2023\/03\/Puolukka-768x1024-1.jpeg","width":768,"height":1024,"caption":"Pakkasen puraisemat puolukat ovat herkullisia. Kuva: Elli H\u00e4mynen"},{"@type":"WebSite","@id":"https:\/\/blogs2.uef.fi\/biodiversityeducation-vanha\/#website","url":"https:\/\/blogs2.uef.fi\/biodiversityeducation-vanha\/","name":"Biodiversiteettikoulutusverkosto","description":"","publisher":{"@id":"https:\/\/blogs2.uef.fi\/biodiversityeducation-vanha\/#organization"},"potentialAction":[{"@type":"SearchAction","target":{"@type":"EntryPoint","urlTemplate":"https:\/\/blogs2.uef.fi\/biodiversityeducation-vanha\/?s={search_term_string}"},"query-input":{"@type":"PropertyValueSpecification","valueRequired":true,"valueName":"search_term_string"}}],"inLanguage":"fi"},{"@type":"Organization","@id":"https:\/\/blogs2.uef.fi\/biodiversityeducation-vanha\/#organization","name":"Biodiversiteettikoulutusverkosto","url":"https:\/\/blogs2.uef.fi\/biodiversityeducation-vanha\/","logo":{"@type":"ImageObject","inLanguage":"fi","@id":"https:\/\/blogs2.uef.fi\/biodiversityeducation-vanha\/#\/schema\/logo\/image\/","url":"https:\/\/blogs2.uef.fi\/biodiversityeducation-vanha\/wp-content\/uploads\/sites\/110\/2023\/01\/Logo-ja-teksti.png","contentUrl":"https:\/\/blogs2.uef.fi\/biodiversityeducation-vanha\/wp-content\/uploads\/sites\/110\/2023\/01\/Logo-ja-teksti.png","width":785,"height":247,"caption":"Biodiversiteettikoulutusverkosto"},"image":{"@id":"https:\/\/blogs2.uef.fi\/biodiversityeducation-vanha\/#\/schema\/logo\/image\/"}},{"@type":"Person","@id":"https:\/\/blogs2.uef.fi\/biodiversityeducation-vanha\/#\/schema\/person\/aafdd26c1ef4edf4a080b86c113b9fbb","name":"kooders","image":{"@type":"ImageObject","inLanguage":"fi","@id":"https:\/\/secure.gravatar.com\/avatar\/27c6f0d998226cd3aac69b7071a685c1c0427bcb2dcb1d313d098c47e7746fc9?s=96&d=mm&r=g","url":"https:\/\/secure.gravatar.com\/avatar\/27c6f0d998226cd3aac69b7071a685c1c0427bcb2dcb1d313d098c47e7746fc9?s=96&d=mm&r=g","contentUrl":"https:\/\/secure.gravatar.com\/avatar\/27c6f0d998226cd3aac69b7071a685c1c0427bcb2dcb1d313d098c47e7746fc9?s=96&d=mm&r=g","caption":"kooders"},"sameAs":["https:\/\/www.biodiversityeducation.fi"],"url":"https:\/\/blogs2.uef.fi\/biodiversityeducation-vanha\/author\/kooders\/"}]}},"_links":{"self":[{"href":"https:\/\/blogs2.uef.fi\/biodiversityeducation-vanha\/wp-json\/wp\/v2\/posts\/1133","targetHints":{"allow":["GET"]}}],"collection":[{"href":"https:\/\/blogs2.uef.fi\/biodiversityeducation-vanha\/wp-json\/wp\/v2\/posts"}],"about":[{"href":"https:\/\/blogs2.uef.fi\/biodiversityeducation-vanha\/wp-json\/wp\/v2\/types\/post"}],"author":[{"embeddable":true,"href":"https:\/\/blogs2.uef.fi\/biodiversityeducation-vanha\/wp-json\/wp\/v2\/users\/611"}],"replies":[{"embeddable":true,"href":"https:\/\/blogs2.uef.fi\/biodiversityeducation-vanha\/wp-json\/wp\/v2\/comments?post=1133"}],"version-history":[{"count":2,"href":"https:\/\/blogs2.uef.fi\/biodiversityeducation-vanha\/wp-json\/wp\/v2\/posts\/1133\/revisions"}],"predecessor-version":[{"id":1206,"href":"https:\/\/blogs2.uef.fi\/biodiversityeducation-vanha\/wp-json\/wp\/v2\/posts\/1133\/revisions\/1206"}],"wp:featuredmedia":[{"embeddable":true,"href":"https:\/\/blogs2.uef.fi\/biodiversityeducation-vanha\/wp-json\/wp\/v2\/media\/1136"}],"wp:attachment":[{"href":"https:\/\/blogs2.uef.fi\/biodiversityeducation-vanha\/wp-json\/wp\/v2\/media?parent=1133"}],"wp:term":[{"taxonomy":"category","embeddable":true,"href":"https:\/\/blogs2.uef.fi\/biodiversityeducation-vanha\/wp-json\/wp\/v2\/categories?post=1133"},{"taxonomy":"post_tag","embeddable":true,"href":"https:\/\/blogs2.uef.fi\/biodiversityeducation-vanha\/wp-json\/wp\/v2\/tags?post=1133"}],"curies":[{"name":"wp","href":"https:\/\/api.w.org\/{rel}","templated":true}]}}