{"id":1146,"date":"2022-11-16T12:35:00","date_gmt":"2022-11-16T10:35:00","guid":{"rendered":"https:\/\/www.biodiversityeducation.fi\/?p=1146"},"modified":"2023-03-15T15:38:41","modified_gmt":"2023-03-15T13:38:41","slug":"biodiversity-now-kurssin-esittelya-climate-universityn-vuositapaamisessa-11-2022","status":"publish","type":"post","link":"https:\/\/blogs2.uef.fi\/biodiversityeducation-vanha\/2022\/11\/16\/biodiversity-now-kurssin-esittelya-climate-universityn-vuositapaamisessa-11-2022\/","title":{"rendered":"Biodiversity.now-kurssin esittely\u00e4 Climate Universityn vuositapaamisessa (11\/2022)"},"content":{"rendered":"\n<p>Climate University -verkoston vuositapaaminen j\u00e4rjestettiin Tampereella 2.-3.11.2022 ja Biodiversiteettikoulutusverkosto k\u00e4vi paikan p\u00e4\u00e4ll\u00e4 esittelem\u00e4ss\u00e4 Biodiversity.now -kurssia. Tapahtumassa oli mukana joitain kymmeni\u00e4 osallistujia Climate University -verkoston suomalaisista korkeakouluista. Tapahtuman tunnelma oli l\u00e4mmin ja oli hienoa p\u00e4\u00e4st\u00e4 tapaamaan kasvokkain kest\u00e4vyysasioista kiinnostuneiden opettajien ja tutkijoiden kanssa.<\/p>\n\n\n\n<p>Tapahtumassa kuultiin viimeisimpi\u00e4 uutisia ja kehityssuuntia Climate University -verkostossa. Koska Biodiversity.now on t\u00e4ysin uusi kurssi, yliopistonlehtori <strong>Irina Herzon<\/strong> sai kunnian esitell\u00e4 kurssia verkostolle. Kurssi sai l\u00e4mpim\u00e4n vastaanoton osallistujilta. On hienoa, ett\u00e4 vuosi sitten j\u00e4rjestetyss\u00e4 edellisess\u00e4 tapaamisessa esitelty suunnitelma biodiversiteettikurssista on nyt saatu viety\u00e4 loppuun, ja kurssi on t\u00e4ll\u00e4 hetkell\u00e4 k\u00e4ynniss\u00e4, Helsingin yliopiston tarjoamana. Biodiversiteetti ja sen katoamisesta johtuva kriisi on j\u00e4\u00e4nyt yhteiskunnallisessa keskustelussa aikaisemmin taka-alalle, joten koettiin eritt\u00e4in hyv\u00e4ksi asiaksi, ett\u00e4 siihen p\u00e4\u00e4see nyt keskittym\u00e4\u00e4n kokonaisen verkkokurssin (ja tulevaisuudessa my\u00f6s projektikurssin) verran.<\/p>\n\n\n\n<figure class=\"wp-block-image size-full\"><img loading=\"lazy\" decoding=\"async\" width=\"480\" height=\"270\" src=\"https:\/\/blogs2.uef.fi\/wp-content\/uploads\/sites\/110\/2023\/03\/climateuniversity.png\" alt=\"climateuniversity-blog\" class=\"wp-image-1147\" srcset=\"https:\/\/blogs2.uef.fi\/biodiversityeducation-vanha\/wp-content\/uploads\/sites\/110\/2023\/03\/climateuniversity.png 480w, https:\/\/blogs2.uef.fi\/biodiversityeducation-vanha\/wp-content\/uploads\/sites\/110\/2023\/03\/climateuniversity-300x169.png 300w\" sizes=\"auto, (max-width: 480px) 100vw, 480px\" \/><figcaption class=\"wp-element-caption\">P\u00e4\u00e4simme my\u00f6s esittelem\u00e4\u00e4n aivan uutta posteria tapaamiseen osallistujille.<\/figcaption><\/figure>\n\n\n\n<p>Lis\u00e4ksi p\u00e4\u00e4simme vet\u00e4m\u00e4\u00e4n ty\u00f6pajaa Biodiversity.now -kurssin B-osasta eli projektikurssiosuudesta. Ty\u00f6pajaan osallistuneiden henkil\u00f6iden erilaiset ty\u00f6- ja koulutustaustat antoivat mahdollisuuden hyvin monipuolisten ajatusten ja ideoiden vaihtoon. Projektikurssin on m\u00e4\u00e4r\u00e4 koostua erin\u00e4isist\u00e4 projektivaihtoehdoista, ja kurssia tarjoava opettaja valitsee, mink\u00e4\/mitk\u00e4 projektivaihtoehdot h\u00e4n oppilailleen tarjoaa. Haluamme projektikurssin toteutuvan monitieteisiss\u00e4 pienryhmiss\u00e4, joten tarvitsemme ideoita ja kommentteja my\u00f6s monipuolisesti eri alojen ihmisilt\u00e4. Ty\u00f6paja oli onnistunut ja saimme paljon mielenkiintoisia ideoita kurssin suunnitteluun ja toteutukseen. Ty\u00f6pajan seurauksena syntyi muun muassa uusi projekti-idea, ja keskustelu sek\u00e4 n\u00e4kemykset hyvist\u00e4 ryhm\u00e4ty\u00f6k\u00e4yt\u00e4nteist\u00e4 loivat hyv\u00e4\u00e4 pohjaa projektikurssin suunnittelulle, jotta kurssista saadaan mahdollisimman toimiva niin opettajalle kuin opiskelijoille.<\/p>\n\n\n\n<p>My\u00f6hemmin iltap\u00e4iv\u00e4ll\u00e4 j\u00e4rjestettiin Sanomisen paikka -yleis\u00f6tilaisuus Tampere-talon aulassa, p\u00e4iv\u00e4n tilaisuuden nimi oli Katoava luontomme. Tapahtumassa panelistit <strong>Kaisa Mustaj\u00e4rvi<\/strong> Tampereen kaupungilta, mets\u00e4ekologian lehtori <strong>Petri Keto-Tokoi<\/strong>, Villivy\u00f6hyke ry:n puheenjohtaja <strong>Jere Nieminen<\/strong> ja Tampereen luonnontieteellisen museon intendentti <strong>Tomi Kumpulainen<\/strong> keskustelivat biodiversiteettikysymyksist\u00e4, esimerkiksi koulutuksen roolista biodiversiteettikadon torjunnasta sek\u00e4 siit\u00e4, mit\u00e4 jokainen voi tehd\u00e4 biodiversiteetin suojelemiseksi. Tilaisuuden p\u00e4\u00e4tteeksi v\u00e4it\u00f6skirjatutkija <strong>Samuli Junttila<\/strong> alias <strong>Id\u00e4n Proffa<\/strong> esitti k\u00e4ytyyn keskusteluun liittyv\u00e4n ja ilmastonmuutoksen torjumisen t\u00e4rkeydest\u00e4 muistuttavan kappaleen. Tapahtuma striimattiin eteenp\u00e4in kaikille kiinnostuneille.<\/p>\n\n\n\n<p>Kirjoittanut Sini B\u00e4ckstr\u00f6m ja Iida-Sofia Holma<\/p>\n\n\n\n<div data-wp-interactive=\"core\/file\" class=\"wp-block-file\"><object data-wp-bind--hidden=\"!state.hasPdfPreview\" hidden class=\"wp-block-file__embed\" data=\"https:\/\/blogs2.uef.fi\/wp-content\/uploads\/sites\/110\/2023\/03\/Posteri_uef.pdf\" type=\"application\/pdf\" style=\"width:100%;height:600px\" aria-label=\"Tiedoston Biodiversity, Structure of the course-poster upotus.\"><\/object><a id=\"wp-block-file--media-15fe1860-5105-4836-8f0f-efc68f4b02d4\" href=\"https:\/\/blogs2.uef.fi\/wp-content\/uploads\/sites\/110\/2023\/03\/Posteri_uef.pdf\">Biodiversity, Structure of the course-poster<\/a><\/div>\n","protected":false},"excerpt":{"rendered":"<p>Climate University -verkoston vuositapaaminen j\u00e4rjestettiin Tampereella 2.-3.11.2022 ja Biodiversiteettikoulutusverkosto k\u00e4vi paikan p\u00e4\u00e4ll\u00e4 esittelem\u00e4ss\u00e4 Biodiversity.now -kurssia. Tapahtumassa oli mukana joitain kymmeni\u00e4 osallistujia Climate University -verkoston suomalaisista korkeakouluista. Tapahtuman tunnelma oli l\u00e4mmin ja oli hienoa p\u00e4\u00e4st\u00e4 tapaamaan kasvokkain kest\u00e4vyysasioista kiinnostuneiden opettajien ja tutkijoiden kanssa. Tapahtumassa kuultiin viimeisimpi\u00e4 uutisia ja kehityssuuntia Climate University -verkostossa. Koska Biodiversity.now on t\u00e4ysin [&hellip;]<\/p>\n","protected":false},"author":611,"featured_media":1147,"comment_status":"closed","ping_status":"open","sticky":false,"template":"","format":"standard","meta":{"_acf_changed":false,"footnotes":""},"categories":[15],"tags":[31,29,30,28],"class_list":["post-1146","post","type-post","status-publish","format-standard","has-post-thumbnail","hentry","category-tapahtumat","tag-climate-university","tag-kestavyysopinnot","tag-monimuotoisuusopinnot","tag-verkkokurssi"],"acf":[],"yoast_head":"<!-- This site is optimized with the Yoast SEO plugin v27.3 - https:\/\/yoast.com\/product\/yoast-seo-wordpress\/ -->\n<title>Biodiversity.now-kurssin esittely\u00e4 Climate Universityn vuositapaamisessa (11\/2022) - Biodiversiteettikoulutusverkosto<\/title>\n<meta name=\"robots\" content=\"index, follow, max-snippet:-1, max-image-preview:large, max-video-preview:-1\" \/>\n<link rel=\"canonical\" href=\"https:\/\/blogs2.uef.fi\/biodiversityeducation-vanha\/2022\/11\/16\/biodiversity-now-kurssin-esittelya-climate-universityn-vuositapaamisessa-11-2022\/\" \/>\n<meta property=\"og:locale\" content=\"fi_FI\" \/>\n<meta property=\"og:type\" content=\"article\" \/>\n<meta property=\"og:title\" content=\"Biodiversity.now-kurssin esittely\u00e4 Climate Universityn vuositapaamisessa (11\/2022) - Biodiversiteettikoulutusverkosto\" \/>\n<meta property=\"og:description\" content=\"Climate University -verkoston vuositapaaminen j\u00e4rjestettiin Tampereella 2.-3.11.2022 ja Biodiversiteettikoulutusverkosto k\u00e4vi paikan p\u00e4\u00e4ll\u00e4 esittelem\u00e4ss\u00e4 Biodiversity.now -kurssia. Tapahtumassa oli mukana joitain kymmeni\u00e4 osallistujia Climate University -verkoston suomalaisista korkeakouluista. Tapahtuman tunnelma oli l\u00e4mmin ja oli hienoa p\u00e4\u00e4st\u00e4 tapaamaan kasvokkain kest\u00e4vyysasioista kiinnostuneiden opettajien ja tutkijoiden kanssa. Tapahtumassa kuultiin viimeisimpi\u00e4 uutisia ja kehityssuuntia Climate University -verkostossa. Koska Biodiversity.now on t\u00e4ysin [&hellip;]\" \/>\n<meta property=\"og:url\" content=\"https:\/\/blogs2.uef.fi\/biodiversityeducation-vanha\/2022\/11\/16\/biodiversity-now-kurssin-esittelya-climate-universityn-vuositapaamisessa-11-2022\/\" \/>\n<meta property=\"og:site_name\" content=\"Biodiversiteettikoulutusverkosto\" \/>\n<meta property=\"article:published_time\" content=\"2022-11-16T10:35:00+00:00\" \/>\n<meta property=\"article:modified_time\" content=\"2023-03-15T13:38:41+00:00\" \/>\n<meta property=\"og:image\" content=\"https:\/\/blogs2.uef.fi\/biodiversityeducation-vanha\/wp-content\/uploads\/sites\/110\/2023\/03\/climateuniversity.png\" \/>\n\t<meta property=\"og:image:width\" content=\"480\" \/>\n\t<meta property=\"og:image:height\" content=\"270\" \/>\n\t<meta property=\"og:image:type\" content=\"image\/png\" \/>\n<meta name=\"author\" content=\"kooders\" \/>\n<meta name=\"twitter:card\" content=\"summary_large_image\" \/>\n<meta name=\"twitter:label1\" content=\"Kirjoittanut\" \/>\n\t<meta name=\"twitter:data1\" content=\"kooders\" \/>\n\t<meta name=\"twitter:label2\" content=\"Arvioitu lukuaika\" \/>\n\t<meta name=\"twitter:data2\" content=\"2 minuuttia\" \/>\n<script type=\"application\/ld+json\" class=\"yoast-schema-graph\">{\"@context\":\"https:\\\/\\\/schema.org\",\"@graph\":[{\"@type\":\"Article\",\"@id\":\"https:\\\/\\\/blogs2.uef.fi\\\/biodiversityeducation-vanha\\\/2022\\\/11\\\/16\\\/biodiversity-now-kurssin-esittelya-climate-universityn-vuositapaamisessa-11-2022\\\/#article\",\"isPartOf\":{\"@id\":\"https:\\\/\\\/blogs2.uef.fi\\\/biodiversityeducation-vanha\\\/2022\\\/11\\\/16\\\/biodiversity-now-kurssin-esittelya-climate-universityn-vuositapaamisessa-11-2022\\\/\"},\"author\":{\"name\":\"kooders\",\"@id\":\"https:\\\/\\\/blogs2.uef.fi\\\/biodiversityeducation-vanha\\\/#\\\/schema\\\/person\\\/aafdd26c1ef4edf4a080b86c113b9fbb\"},\"headline\":\"Biodiversity.now-kurssin esittely\u00e4 Climate Universityn vuositapaamisessa (11\\\/2022)\",\"datePublished\":\"2022-11-16T10:35:00+00:00\",\"dateModified\":\"2023-03-15T13:38:41+00:00\",\"mainEntityOfPage\":{\"@id\":\"https:\\\/\\\/blogs2.uef.fi\\\/biodiversityeducation-vanha\\\/2022\\\/11\\\/16\\\/biodiversity-now-kurssin-esittelya-climate-universityn-vuositapaamisessa-11-2022\\\/\"},\"wordCount\":383,\"publisher\":{\"@id\":\"https:\\\/\\\/blogs2.uef.fi\\\/biodiversityeducation-vanha\\\/#organization\"},\"image\":{\"@id\":\"https:\\\/\\\/blogs2.uef.fi\\\/biodiversityeducation-vanha\\\/2022\\\/11\\\/16\\\/biodiversity-now-kurssin-esittelya-climate-universityn-vuositapaamisessa-11-2022\\\/#primaryimage\"},\"thumbnailUrl\":\"https:\\\/\\\/blogs2.uef.fi\\\/biodiversityeducation-vanha\\\/wp-content\\\/uploads\\\/sites\\\/110\\\/2023\\\/03\\\/climateuniversity.png\",\"keywords\":[\"Climate University\",\"kest\u00e4vyysopinnot\",\"monimuotoisuusopinnot\",\"Verkkokurssi\"],\"articleSection\":[\"Tapahtumat\"],\"inLanguage\":\"fi\"},{\"@type\":\"WebPage\",\"@id\":\"https:\\\/\\\/blogs2.uef.fi\\\/biodiversityeducation-vanha\\\/2022\\\/11\\\/16\\\/biodiversity-now-kurssin-esittelya-climate-universityn-vuositapaamisessa-11-2022\\\/\",\"url\":\"https:\\\/\\\/blogs2.uef.fi\\\/biodiversityeducation-vanha\\\/2022\\\/11\\\/16\\\/biodiversity-now-kurssin-esittelya-climate-universityn-vuositapaamisessa-11-2022\\\/\",\"name\":\"Biodiversity.now-kurssin esittely\u00e4 Climate Universityn vuositapaamisessa (11\\\/2022) - Biodiversiteettikoulutusverkosto\",\"isPartOf\":{\"@id\":\"https:\\\/\\\/blogs2.uef.fi\\\/biodiversityeducation-vanha\\\/#website\"},\"primaryImageOfPage\":{\"@id\":\"https:\\\/\\\/blogs2.uef.fi\\\/biodiversityeducation-vanha\\\/2022\\\/11\\\/16\\\/biodiversity-now-kurssin-esittelya-climate-universityn-vuositapaamisessa-11-2022\\\/#primaryimage\"},\"image\":{\"@id\":\"https:\\\/\\\/blogs2.uef.fi\\\/biodiversityeducation-vanha\\\/2022\\\/11\\\/16\\\/biodiversity-now-kurssin-esittelya-climate-universityn-vuositapaamisessa-11-2022\\\/#primaryimage\"},\"thumbnailUrl\":\"https:\\\/\\\/blogs2.uef.fi\\\/biodiversityeducation-vanha\\\/wp-content\\\/uploads\\\/sites\\\/110\\\/2023\\\/03\\\/climateuniversity.png\",\"datePublished\":\"2022-11-16T10:35:00+00:00\",\"dateModified\":\"2023-03-15T13:38:41+00:00\",\"inLanguage\":\"fi\",\"potentialAction\":[{\"@type\":\"ReadAction\",\"target\":[\"https:\\\/\\\/blogs2.uef.fi\\\/biodiversityeducation-vanha\\\/2022\\\/11\\\/16\\\/biodiversity-now-kurssin-esittelya-climate-universityn-vuositapaamisessa-11-2022\\\/\"]}]},{\"@type\":\"ImageObject\",\"inLanguage\":\"fi\",\"@id\":\"https:\\\/\\\/blogs2.uef.fi\\\/biodiversityeducation-vanha\\\/2022\\\/11\\\/16\\\/biodiversity-now-kurssin-esittelya-climate-universityn-vuositapaamisessa-11-2022\\\/#primaryimage\",\"url\":\"https:\\\/\\\/blogs2.uef.fi\\\/biodiversityeducation-vanha\\\/wp-content\\\/uploads\\\/sites\\\/110\\\/2023\\\/03\\\/climateuniversity.png\",\"contentUrl\":\"https:\\\/\\\/blogs2.uef.fi\\\/biodiversityeducation-vanha\\\/wp-content\\\/uploads\\\/sites\\\/110\\\/2023\\\/03\\\/climateuniversity.png\",\"width\":480,\"height\":270,\"caption\":\"P\u00e4\u00e4simme my\u00f6s esittelem\u00e4\u00e4n aivan uutta posteria tapaamiseen osallistujille.\"},{\"@type\":\"WebSite\",\"@id\":\"https:\\\/\\\/blogs2.uef.fi\\\/biodiversityeducation-vanha\\\/#website\",\"url\":\"https:\\\/\\\/blogs2.uef.fi\\\/biodiversityeducation-vanha\\\/\",\"name\":\"Biodiversiteettikoulutusverkosto\",\"description\":\"\",\"publisher\":{\"@id\":\"https:\\\/\\\/blogs2.uef.fi\\\/biodiversityeducation-vanha\\\/#organization\"},\"potentialAction\":[{\"@type\":\"SearchAction\",\"target\":{\"@type\":\"EntryPoint\",\"urlTemplate\":\"https:\\\/\\\/blogs2.uef.fi\\\/biodiversityeducation-vanha\\\/?s={search_term_string}\"},\"query-input\":{\"@type\":\"PropertyValueSpecification\",\"valueRequired\":true,\"valueName\":\"search_term_string\"}}],\"inLanguage\":\"fi\"},{\"@type\":\"Organization\",\"@id\":\"https:\\\/\\\/blogs2.uef.fi\\\/biodiversityeducation-vanha\\\/#organization\",\"name\":\"Biodiversiteettikoulutusverkosto\",\"url\":\"https:\\\/\\\/blogs2.uef.fi\\\/biodiversityeducation-vanha\\\/\",\"logo\":{\"@type\":\"ImageObject\",\"inLanguage\":\"fi\",\"@id\":\"https:\\\/\\\/blogs2.uef.fi\\\/biodiversityeducation-vanha\\\/#\\\/schema\\\/logo\\\/image\\\/\",\"url\":\"https:\\\/\\\/blogs2.uef.fi\\\/biodiversityeducation-vanha\\\/wp-content\\\/uploads\\\/sites\\\/110\\\/2023\\\/01\\\/Logo-ja-teksti.png\",\"contentUrl\":\"https:\\\/\\\/blogs2.uef.fi\\\/biodiversityeducation-vanha\\\/wp-content\\\/uploads\\\/sites\\\/110\\\/2023\\\/01\\\/Logo-ja-teksti.png\",\"width\":785,\"height\":247,\"caption\":\"Biodiversiteettikoulutusverkosto\"},\"image\":{\"@id\":\"https:\\\/\\\/blogs2.uef.fi\\\/biodiversityeducation-vanha\\\/#\\\/schema\\\/logo\\\/image\\\/\"}},{\"@type\":\"Person\",\"@id\":\"https:\\\/\\\/blogs2.uef.fi\\\/biodiversityeducation-vanha\\\/#\\\/schema\\\/person\\\/aafdd26c1ef4edf4a080b86c113b9fbb\",\"name\":\"kooders\",\"image\":{\"@type\":\"ImageObject\",\"inLanguage\":\"fi\",\"@id\":\"https:\\\/\\\/secure.gravatar.com\\\/avatar\\\/27c6f0d998226cd3aac69b7071a685c1c0427bcb2dcb1d313d098c47e7746fc9?s=96&d=mm&r=g\",\"url\":\"https:\\\/\\\/secure.gravatar.com\\\/avatar\\\/27c6f0d998226cd3aac69b7071a685c1c0427bcb2dcb1d313d098c47e7746fc9?s=96&d=mm&r=g\",\"contentUrl\":\"https:\\\/\\\/secure.gravatar.com\\\/avatar\\\/27c6f0d998226cd3aac69b7071a685c1c0427bcb2dcb1d313d098c47e7746fc9?s=96&d=mm&r=g\",\"caption\":\"kooders\"},\"sameAs\":[\"https:\\\/\\\/www.biodiversityeducation.fi\"],\"url\":\"https:\\\/\\\/blogs2.uef.fi\\\/biodiversityeducation-vanha\\\/author\\\/kooders\\\/\"}]}<\/script>\n<!-- \/ Yoast SEO plugin. -->","yoast_head_json":{"title":"Biodiversity.now-kurssin esittely\u00e4 Climate Universityn vuositapaamisessa (11\/2022) - Biodiversiteettikoulutusverkosto","robots":{"index":"index","follow":"follow","max-snippet":"max-snippet:-1","max-image-preview":"max-image-preview:large","max-video-preview":"max-video-preview:-1"},"canonical":"https:\/\/blogs2.uef.fi\/biodiversityeducation-vanha\/2022\/11\/16\/biodiversity-now-kurssin-esittelya-climate-universityn-vuositapaamisessa-11-2022\/","og_locale":"fi_FI","og_type":"article","og_title":"Biodiversity.now-kurssin esittely\u00e4 Climate Universityn vuositapaamisessa (11\/2022) - Biodiversiteettikoulutusverkosto","og_description":"Climate University -verkoston vuositapaaminen j\u00e4rjestettiin Tampereella 2.-3.11.2022 ja Biodiversiteettikoulutusverkosto k\u00e4vi paikan p\u00e4\u00e4ll\u00e4 esittelem\u00e4ss\u00e4 Biodiversity.now -kurssia. Tapahtumassa oli mukana joitain kymmeni\u00e4 osallistujia Climate University -verkoston suomalaisista korkeakouluista. Tapahtuman tunnelma oli l\u00e4mmin ja oli hienoa p\u00e4\u00e4st\u00e4 tapaamaan kasvokkain kest\u00e4vyysasioista kiinnostuneiden opettajien ja tutkijoiden kanssa. Tapahtumassa kuultiin viimeisimpi\u00e4 uutisia ja kehityssuuntia Climate University -verkostossa. Koska Biodiversity.now on t\u00e4ysin [&hellip;]","og_url":"https:\/\/blogs2.uef.fi\/biodiversityeducation-vanha\/2022\/11\/16\/biodiversity-now-kurssin-esittelya-climate-universityn-vuositapaamisessa-11-2022\/","og_site_name":"Biodiversiteettikoulutusverkosto","article_published_time":"2022-11-16T10:35:00+00:00","article_modified_time":"2023-03-15T13:38:41+00:00","og_image":[{"width":480,"height":270,"url":"https:\/\/blogs2.uef.fi\/biodiversityeducation-vanha\/wp-content\/uploads\/sites\/110\/2023\/03\/climateuniversity.png","type":"image\/png"}],"author":"kooders","twitter_card":"summary_large_image","twitter_misc":{"Kirjoittanut":"kooders","Arvioitu lukuaika":"2 minuuttia"},"schema":{"@context":"https:\/\/schema.org","@graph":[{"@type":"Article","@id":"https:\/\/blogs2.uef.fi\/biodiversityeducation-vanha\/2022\/11\/16\/biodiversity-now-kurssin-esittelya-climate-universityn-vuositapaamisessa-11-2022\/#article","isPartOf":{"@id":"https:\/\/blogs2.uef.fi\/biodiversityeducation-vanha\/2022\/11\/16\/biodiversity-now-kurssin-esittelya-climate-universityn-vuositapaamisessa-11-2022\/"},"author":{"name":"kooders","@id":"https:\/\/blogs2.uef.fi\/biodiversityeducation-vanha\/#\/schema\/person\/aafdd26c1ef4edf4a080b86c113b9fbb"},"headline":"Biodiversity.now-kurssin esittely\u00e4 Climate Universityn vuositapaamisessa (11\/2022)","datePublished":"2022-11-16T10:35:00+00:00","dateModified":"2023-03-15T13:38:41+00:00","mainEntityOfPage":{"@id":"https:\/\/blogs2.uef.fi\/biodiversityeducation-vanha\/2022\/11\/16\/biodiversity-now-kurssin-esittelya-climate-universityn-vuositapaamisessa-11-2022\/"},"wordCount":383,"publisher":{"@id":"https:\/\/blogs2.uef.fi\/biodiversityeducation-vanha\/#organization"},"image":{"@id":"https:\/\/blogs2.uef.fi\/biodiversityeducation-vanha\/2022\/11\/16\/biodiversity-now-kurssin-esittelya-climate-universityn-vuositapaamisessa-11-2022\/#primaryimage"},"thumbnailUrl":"https:\/\/blogs2.uef.fi\/biodiversityeducation-vanha\/wp-content\/uploads\/sites\/110\/2023\/03\/climateuniversity.png","keywords":["Climate University","kest\u00e4vyysopinnot","monimuotoisuusopinnot","Verkkokurssi"],"articleSection":["Tapahtumat"],"inLanguage":"fi"},{"@type":"WebPage","@id":"https:\/\/blogs2.uef.fi\/biodiversityeducation-vanha\/2022\/11\/16\/biodiversity-now-kurssin-esittelya-climate-universityn-vuositapaamisessa-11-2022\/","url":"https:\/\/blogs2.uef.fi\/biodiversityeducation-vanha\/2022\/11\/16\/biodiversity-now-kurssin-esittelya-climate-universityn-vuositapaamisessa-11-2022\/","name":"Biodiversity.now-kurssin esittely\u00e4 Climate Universityn vuositapaamisessa (11\/2022) - Biodiversiteettikoulutusverkosto","isPartOf":{"@id":"https:\/\/blogs2.uef.fi\/biodiversityeducation-vanha\/#website"},"primaryImageOfPage":{"@id":"https:\/\/blogs2.uef.fi\/biodiversityeducation-vanha\/2022\/11\/16\/biodiversity-now-kurssin-esittelya-climate-universityn-vuositapaamisessa-11-2022\/#primaryimage"},"image":{"@id":"https:\/\/blogs2.uef.fi\/biodiversityeducation-vanha\/2022\/11\/16\/biodiversity-now-kurssin-esittelya-climate-universityn-vuositapaamisessa-11-2022\/#primaryimage"},"thumbnailUrl":"https:\/\/blogs2.uef.fi\/biodiversityeducation-vanha\/wp-content\/uploads\/sites\/110\/2023\/03\/climateuniversity.png","datePublished":"2022-11-16T10:35:00+00:00","dateModified":"2023-03-15T13:38:41+00:00","inLanguage":"fi","potentialAction":[{"@type":"ReadAction","target":["https:\/\/blogs2.uef.fi\/biodiversityeducation-vanha\/2022\/11\/16\/biodiversity-now-kurssin-esittelya-climate-universityn-vuositapaamisessa-11-2022\/"]}]},{"@type":"ImageObject","inLanguage":"fi","@id":"https:\/\/blogs2.uef.fi\/biodiversityeducation-vanha\/2022\/11\/16\/biodiversity-now-kurssin-esittelya-climate-universityn-vuositapaamisessa-11-2022\/#primaryimage","url":"https:\/\/blogs2.uef.fi\/biodiversityeducation-vanha\/wp-content\/uploads\/sites\/110\/2023\/03\/climateuniversity.png","contentUrl":"https:\/\/blogs2.uef.fi\/biodiversityeducation-vanha\/wp-content\/uploads\/sites\/110\/2023\/03\/climateuniversity.png","width":480,"height":270,"caption":"P\u00e4\u00e4simme my\u00f6s esittelem\u00e4\u00e4n aivan uutta posteria tapaamiseen osallistujille."},{"@type":"WebSite","@id":"https:\/\/blogs2.uef.fi\/biodiversityeducation-vanha\/#website","url":"https:\/\/blogs2.uef.fi\/biodiversityeducation-vanha\/","name":"Biodiversiteettikoulutusverkosto","description":"","publisher":{"@id":"https:\/\/blogs2.uef.fi\/biodiversityeducation-vanha\/#organization"},"potentialAction":[{"@type":"SearchAction","target":{"@type":"EntryPoint","urlTemplate":"https:\/\/blogs2.uef.fi\/biodiversityeducation-vanha\/?s={search_term_string}"},"query-input":{"@type":"PropertyValueSpecification","valueRequired":true,"valueName":"search_term_string"}}],"inLanguage":"fi"},{"@type":"Organization","@id":"https:\/\/blogs2.uef.fi\/biodiversityeducation-vanha\/#organization","name":"Biodiversiteettikoulutusverkosto","url":"https:\/\/blogs2.uef.fi\/biodiversityeducation-vanha\/","logo":{"@type":"ImageObject","inLanguage":"fi","@id":"https:\/\/blogs2.uef.fi\/biodiversityeducation-vanha\/#\/schema\/logo\/image\/","url":"https:\/\/blogs2.uef.fi\/biodiversityeducation-vanha\/wp-content\/uploads\/sites\/110\/2023\/01\/Logo-ja-teksti.png","contentUrl":"https:\/\/blogs2.uef.fi\/biodiversityeducation-vanha\/wp-content\/uploads\/sites\/110\/2023\/01\/Logo-ja-teksti.png","width":785,"height":247,"caption":"Biodiversiteettikoulutusverkosto"},"image":{"@id":"https:\/\/blogs2.uef.fi\/biodiversityeducation-vanha\/#\/schema\/logo\/image\/"}},{"@type":"Person","@id":"https:\/\/blogs2.uef.fi\/biodiversityeducation-vanha\/#\/schema\/person\/aafdd26c1ef4edf4a080b86c113b9fbb","name":"kooders","image":{"@type":"ImageObject","inLanguage":"fi","@id":"https:\/\/secure.gravatar.com\/avatar\/27c6f0d998226cd3aac69b7071a685c1c0427bcb2dcb1d313d098c47e7746fc9?s=96&d=mm&r=g","url":"https:\/\/secure.gravatar.com\/avatar\/27c6f0d998226cd3aac69b7071a685c1c0427bcb2dcb1d313d098c47e7746fc9?s=96&d=mm&r=g","contentUrl":"https:\/\/secure.gravatar.com\/avatar\/27c6f0d998226cd3aac69b7071a685c1c0427bcb2dcb1d313d098c47e7746fc9?s=96&d=mm&r=g","caption":"kooders"},"sameAs":["https:\/\/www.biodiversityeducation.fi"],"url":"https:\/\/blogs2.uef.fi\/biodiversityeducation-vanha\/author\/kooders\/"}]}},"_links":{"self":[{"href":"https:\/\/blogs2.uef.fi\/biodiversityeducation-vanha\/wp-json\/wp\/v2\/posts\/1146","targetHints":{"allow":["GET"]}}],"collection":[{"href":"https:\/\/blogs2.uef.fi\/biodiversityeducation-vanha\/wp-json\/wp\/v2\/posts"}],"about":[{"href":"https:\/\/blogs2.uef.fi\/biodiversityeducation-vanha\/wp-json\/wp\/v2\/types\/post"}],"author":[{"embeddable":true,"href":"https:\/\/blogs2.uef.fi\/biodiversityeducation-vanha\/wp-json\/wp\/v2\/users\/611"}],"replies":[{"embeddable":true,"href":"https:\/\/blogs2.uef.fi\/biodiversityeducation-vanha\/wp-json\/wp\/v2\/comments?post=1146"}],"version-history":[{"count":2,"href":"https:\/\/blogs2.uef.fi\/biodiversityeducation-vanha\/wp-json\/wp\/v2\/posts\/1146\/revisions"}],"predecessor-version":[{"id":1153,"href":"https:\/\/blogs2.uef.fi\/biodiversityeducation-vanha\/wp-json\/wp\/v2\/posts\/1146\/revisions\/1153"}],"wp:featuredmedia":[{"embeddable":true,"href":"https:\/\/blogs2.uef.fi\/biodiversityeducation-vanha\/wp-json\/wp\/v2\/media\/1147"}],"wp:attachment":[{"href":"https:\/\/blogs2.uef.fi\/biodiversityeducation-vanha\/wp-json\/wp\/v2\/media?parent=1146"}],"wp:term":[{"taxonomy":"category","embeddable":true,"href":"https:\/\/blogs2.uef.fi\/biodiversityeducation-vanha\/wp-json\/wp\/v2\/categories?post=1146"},{"taxonomy":"post_tag","embeddable":true,"href":"https:\/\/blogs2.uef.fi\/biodiversityeducation-vanha\/wp-json\/wp\/v2\/tags?post=1146"}],"curies":[{"name":"wp","href":"https:\/\/api.w.org\/{rel}","templated":true}]}}