{"id":1154,"date":"2022-11-25T12:44:00","date_gmt":"2022-11-25T10:44:00","guid":{"rendered":"https:\/\/www.biodiversityeducation.fi\/?p=1154"},"modified":"2023-03-15T16:09:40","modified_gmt":"2023-03-15T14:09:40","slug":"biodiversiteettikoulutusverkosto-kokoontui-konneveden-tutkimusasemalle-11-2022","status":"publish","type":"post","link":"https:\/\/blogs2.uef.fi\/biodiversityeducation-vanha\/2022\/11\/25\/biodiversiteettikoulutusverkosto-kokoontui-konneveden-tutkimusasemalle-11-2022\/","title":{"rendered":"Verkosto kokoontui Konneveden tutkimusasemalle (11\/2022)"},"content":{"rendered":"\n<figure class=\"wp-block-image size-full\"><img loading=\"lazy\" decoding=\"async\" width=\"768\" height=\"480\" src=\"https:\/\/blogs2.uef.fi\/wp-content\/uploads\/sites\/110\/2023\/03\/kuva-1-edited-768x480-1.jpg\" alt=\"konnevesikokous-blogi\" class=\"wp-image-1155\" srcset=\"https:\/\/blogs2.uef.fi\/biodiversityeducation-vanha\/wp-content\/uploads\/sites\/110\/2023\/03\/kuva-1-edited-768x480-1.jpg 768w, https:\/\/blogs2.uef.fi\/biodiversityeducation-vanha\/wp-content\/uploads\/sites\/110\/2023\/03\/kuva-1-edited-768x480-1-300x188.jpg 300w\" sizes=\"auto, (max-width: 768px) 100vw, 768px\" \/><\/figure>\n\n\n\n<p>Marraskuussa kokoonnuimme Konneveden tutkimusasemalle kuulemaan monitieteisi\u00e4 puheenvuoroja koulutus- ja biodiversiteettiteemaisista hankkeista ja projekteista, keskustelemaan kokemuksista, ideoista, haasteista biodiversiteettiopetuksen parissa sek\u00e4 pohtimaan mahdollisuuksia aihealueen kurssien opetusyhteisty\u00f6n jatkumisessa, vakiinnuttamisessa ja laajentamisessa.<\/p>\n\n\n\n<p>Oli eritt\u00e4in mukava kokoontua verkoston voimin ja p\u00e4\u00e4st\u00e4 n\u00e4kem\u00e4\u00e4n et\u00e4kokouksista tuttuja ihmisi\u00e4 vaihteeksi ihan kasvotusten. Mukana oli osallistujia eri yliopistoista ja yhteisty\u00f6halukkuus ja kiinnostus biodiversiteettiopetusyhteisty\u00f6t\u00e4 kohtaan oli ihailtavan suurta. Keskustelu oli vire\u00e4\u00e4 niin biodiversiteettiopetuksen teemoista kuin alan ajankohtaisista tutkimusaiheistakin. Oli mukava, ett\u00e4 p\u00e4\u00e4simme jakamaan kokemuksia, ajatuksia ja tuntemuksia biodiversiteettiteemojen parissa ty\u00f6skentelyyn liittyen, sek\u00e4 suunnittelemaan yhdess\u00e4 jatkoa.<\/p>\n\n\n\n<figure class=\"wp-block-gallery has-nested-images columns-3 is-cropped wp-block-gallery-1 is-layout-flex wp-block-gallery-is-layout-flex\">\n<figure class=\"wp-block-image size-large\"><img loading=\"lazy\" decoding=\"async\" width=\"768\" height=\"432\" data-id=\"1157\" src=\"https:\/\/blogs2.uef.fi\/wp-content\/uploads\/sites\/110\/2023\/03\/tyopaja-1-768x432-1.jpg\" alt=\"tyopaja3-blog\" class=\"wp-image-1157\" srcset=\"https:\/\/blogs2.uef.fi\/biodiversityeducation-vanha\/wp-content\/uploads\/sites\/110\/2023\/03\/tyopaja-1-768x432-1.jpg 768w, https:\/\/blogs2.uef.fi\/biodiversityeducation-vanha\/wp-content\/uploads\/sites\/110\/2023\/03\/tyopaja-1-768x432-1-300x169.jpg 300w\" sizes=\"auto, (max-width: 768px) 100vw, 768px\" \/><\/figure>\n\n\n\n<figure class=\"wp-block-image size-large\"><img loading=\"lazy\" decoding=\"async\" width=\"768\" height=\"432\" data-id=\"1159\" src=\"https:\/\/blogs2.uef.fi\/wp-content\/uploads\/sites\/110\/2023\/03\/tyopaja-2-768x432-1.jpg\" alt=\"tyopaja2-blog\" class=\"wp-image-1159\" srcset=\"https:\/\/blogs2.uef.fi\/biodiversityeducation-vanha\/wp-content\/uploads\/sites\/110\/2023\/03\/tyopaja-2-768x432-1.jpg 768w, https:\/\/blogs2.uef.fi\/biodiversityeducation-vanha\/wp-content\/uploads\/sites\/110\/2023\/03\/tyopaja-2-768x432-1-300x169.jpg 300w\" sizes=\"auto, (max-width: 768px) 100vw, 768px\" \/><\/figure>\n\n\n\n<figure class=\"wp-block-image size-large\"><img loading=\"lazy\" decoding=\"async\" width=\"768\" height=\"432\" data-id=\"1161\" src=\"https:\/\/blogs2.uef.fi\/wp-content\/uploads\/sites\/110\/2023\/03\/tyopaja-3-768x432-1.jpg\" alt=\"tyopaja1-blog\" class=\"wp-image-1161\" srcset=\"https:\/\/blogs2.uef.fi\/biodiversityeducation-vanha\/wp-content\/uploads\/sites\/110\/2023\/03\/tyopaja-3-768x432-1.jpg 768w, https:\/\/blogs2.uef.fi\/biodiversityeducation-vanha\/wp-content\/uploads\/sites\/110\/2023\/03\/tyopaja-3-768x432-1-300x169.jpg 300w\" sizes=\"auto, (max-width: 768px) 100vw, 768px\" \/><\/figure>\n<\/figure>\n\n\n\n<p>Ty\u00f6pajoissa pohdimme muun muassa biodiversiteettiopetusyhteisty\u00f6n jatkamista ja sit\u00e4, mit\u00e4 uusia kursseja opiskelijoille tarjotaan verkoston kautta jatkossa, sek\u00e4 millaiselle osaamiselle biodiversiteettiteemoissa on tulevaisuudessa tarvetta. Lis\u00e4ksi huomiota kiinnitettiin siihen, miten biodiversiteettiosaamista voitaisiin lis\u00e4t\u00e4 my\u00f6s korkeakoulumaailman ulkopuolella.<\/p>\n\n\n\n<p>Kohderyhmien laajentaminen koettiin t\u00e4rke\u00e4ksi ja todettiin, ett\u00e4 biodiversiteettiosaamista tarvitaan sek\u00e4 yleisell\u00e4 ett\u00e4 syvent\u00e4v\u00e4ll\u00e4 tasolla. N\u00e4in ollen my\u00f6s koulutusta tarvitaan monitieteisesti sek\u00e4 aihespesifisesti. Vahvoille laji- ja ekologiaosaajille, muun muassa ajankohtaisiin elinymp\u00e4rist\u00f6jen ennallistamiskysymyksiin liittyen, tulee olemaan tarvetta, ja verkoston yhteisen\u00e4 toiveena onkin, ett\u00e4 opinnot tukevat ty\u00f6el\u00e4m\u00e4ss\u00e4 tarvittavien tietojen ja taitojen oppimista. Maasto-opetuksella on t\u00e4ss\u00e4 erityisen t\u00e4rke\u00e4 teht\u00e4v\u00e4. Maasto-opetuksen tueksi voidaan rakentaa erilaisia virtuaalisia oppimisymp\u00e4rist\u00f6j\u00e4, jotka valmistavat teoriaopetuksen saaneita opiskelijoita maastokursseille.<\/p>\n\n\n\n<p>Yhteisty\u00f6n laajentamista ja biodiversiteettiosaamisen vahvistamista my\u00f6s yleisell\u00e4 tasolla ja monitieteisesti pidettiin t\u00e4rke\u00e4n\u00e4. Luonto- ja ymp\u00e4rist\u00f6asioiden osaamisen n\u00e4hd\u00e4\u00e4n olevan tulevaisuudessa entist\u00e4 t\u00e4rke\u00e4mp\u00e4\u00e4 eri alojen yritysten toiminnassa. Koulutuksen n\u00e4k\u00f6kulmasta t\u00e4m\u00e4 tarkoittaa biodiversiteettiteemojen l\u00e4pileikkaavuutta eri aloilla sek\u00e4 tarvetta opiskelijoiden monipuolisiin opinto- ja urapolkuihin sek\u00e4 niiden ohjaukseen. Biodiversiteettiopetuksen kehitt\u00e4misess\u00e4 onkin t\u00e4rke\u00e4\u00e4 huomioida erilaiset kohderyhm\u00e4t ja r\u00e4\u00e4t\u00e4l\u00f6id\u00e4 biodiversiteettiosaamista eri alojen oppisis\u00e4lt\u00f6j\u00e4 tukevaksi.<\/p>\n\n\n\n<p>My\u00f6sk\u00e4\u00e4n kansainv\u00e4list\u00e4 yhteisty\u00f6t\u00e4 ja markkinointia ei tule unohtaa, sill\u00e4 toimivilla kursseilla on kysynt\u00e4\u00e4 my\u00f6s kansainv\u00e4lisesti ja n\u00e4in voidaan vahvistaa Suomen roolia luontokadon hillitsemisess\u00e4 ja vihre\u00e4ss\u00e4 siirtym\u00e4ss\u00e4. Markkinoinnin ja tiedotuksen n\u00e4k\u00f6kulmasta on t\u00e4rke\u00e4\u00e4 muistaa, ett\u00e4 uusia kohderyhmi\u00e4 voidaan tavoittaa uusien kanavien kautta.<\/p>\n\n\n\n<figure class=\"wp-block-image size-full\"><img loading=\"lazy\" decoding=\"async\" width=\"768\" height=\"576\" src=\"https:\/\/blogs2.uef.fi\/wp-content\/uploads\/sites\/110\/2023\/03\/IMG_20221110_152033-768x576-1.jpg\" alt=\"konnevesiasema-blog\" class=\"wp-image-1163\" srcset=\"https:\/\/blogs2.uef.fi\/biodiversityeducation-vanha\/wp-content\/uploads\/sites\/110\/2023\/03\/IMG_20221110_152033-768x576-1.jpg 768w, https:\/\/blogs2.uef.fi\/biodiversityeducation-vanha\/wp-content\/uploads\/sites\/110\/2023\/03\/IMG_20221110_152033-768x576-1-300x225.jpg 300w\" sizes=\"auto, (max-width: 768px) 100vw, 768px\" \/><figcaption class=\"wp-element-caption\">Konneveden tutkimusasema sijaitsee Konneveden rannalla.<\/figcaption><\/figure>\n\n\n\n<p>L\u00e4hdemme suunnittelemaan verkoston toiminnan jatkuvuutta tapaamisessa saatujen ideoiden pohjalta, ja toivomme, ett\u00e4 verkoston toimintaan saadaan jatkossa lis\u00e4resursseja. Tapahtuman ja hankety\u00f6n pohjalta muodostetaan Biodiversiteettikoulutusverkoston ristiinopiskelun toimintamalli ja jatketaan verkoston kurssien ristiinopiskelumahdollisuuksien laajentamista. Toivottavasti jatkossa voidaan my\u00f6s j\u00e4rjest\u00e4\u00e4 uusia tapaamisia verkoston v\u00e4elle ja jatkaa verkostoitumista.<\/p>\n\n\n\n<p>Kaksivuotinen Opetus- ja kulttuuriministeri\u00f6n hanke biodiversiteettikoulutuksen opetusyhteisty\u00f6n alkaa olla loppusuoralla, mutta ty\u00f6 biodiversiteettiopetuksen parissa jatkuu. Hankkeen p\u00e4\u00e4t\u00f6skuulumisia sitten joulukuussa!<\/p>\n\n\n\n<figure class=\"wp-block-image size-full is-resized\"><img loading=\"lazy\" decoding=\"async\" src=\"https:\/\/blogs2.uef.fi\/wp-content\/uploads\/sites\/110\/2023\/03\/Tiimikuva-1024x722-1.jpg\" alt=\"tiimikuva-blog\" class=\"wp-image-1165\" width=\"236\" height=\"166\" srcset=\"https:\/\/blogs2.uef.fi\/biodiversityeducation-vanha\/wp-content\/uploads\/sites\/110\/2023\/03\/Tiimikuva-1024x722-1.jpg 1024w, https:\/\/blogs2.uef.fi\/biodiversityeducation-vanha\/wp-content\/uploads\/sites\/110\/2023\/03\/Tiimikuva-1024x722-1-300x212.jpg 300w, https:\/\/blogs2.uef.fi\/biodiversityeducation-vanha\/wp-content\/uploads\/sites\/110\/2023\/03\/Tiimikuva-1024x722-1-768x542.jpg 768w\" sizes=\"auto, (max-width: 236px) 100vw, 236px\" \/><\/figure>\n\n\n\n<p>Biodiversiteettiterveisin Elli, Emma ja Iida-Sofia<\/p>\n","protected":false},"excerpt":{"rendered":"<p>Marraskuussa kokoonnuimme Konneveden tutkimusasemalle kuulemaan monitieteisi\u00e4 puheenvuoroja koulutus- ja biodiversiteettiteemaisista hankkeista ja projekteista, keskustelemaan kokemuksista, ideoista, haasteista biodiversiteettiopetuksen parissa sek\u00e4 pohtimaan mahdollisuuksia aihealueen kurssien opetusyhteisty\u00f6n jatkumisessa, vakiinnuttamisessa ja laajentamisessa. Oli eritt\u00e4in mukava kokoontua verkoston voimin ja p\u00e4\u00e4st\u00e4 n\u00e4kem\u00e4\u00e4n et\u00e4kokouksista tuttuja ihmisi\u00e4 vaihteeksi ihan kasvotusten. Mukana oli osallistujia eri yliopistoista ja yhteisty\u00f6halukkuus ja kiinnostus biodiversiteettiopetusyhteisty\u00f6t\u00e4 kohtaan [&hellip;]<\/p>\n","protected":false},"author":611,"featured_media":1155,"comment_status":"closed","ping_status":"open","sticky":false,"template":"","format":"standard","meta":{"_acf_changed":false,"footnotes":""},"categories":[15],"tags":[63,62,25],"class_list":["post-1154","post","type-post","status-publish","format-standard","has-post-thumbnail","hentry","category-tapahtumat","tag-koulutuksen-kehittaminen","tag-oeptusyhteistyo","tag-verkostotoiminta"],"acf":[],"yoast_head":"<!-- This site is optimized with the Yoast SEO plugin v27.3 - https:\/\/yoast.com\/product\/yoast-seo-wordpress\/ -->\n<title>Verkosto kokoontui Konneveden tutkimusasemalle (11\/2022) - Biodiversiteettikoulutusverkosto<\/title>\n<meta name=\"robots\" content=\"index, follow, max-snippet:-1, max-image-preview:large, max-video-preview:-1\" \/>\n<link rel=\"canonical\" href=\"https:\/\/blogs2.uef.fi\/biodiversityeducation-vanha\/2022\/11\/25\/biodiversiteettikoulutusverkosto-kokoontui-konneveden-tutkimusasemalle-11-2022\/\" \/>\n<meta property=\"og:locale\" content=\"fi_FI\" \/>\n<meta property=\"og:type\" content=\"article\" \/>\n<meta property=\"og:title\" content=\"Verkosto kokoontui Konneveden tutkimusasemalle (11\/2022) - Biodiversiteettikoulutusverkosto\" \/>\n<meta property=\"og:description\" content=\"Marraskuussa kokoonnuimme Konneveden tutkimusasemalle kuulemaan monitieteisi\u00e4 puheenvuoroja koulutus- ja biodiversiteettiteemaisista hankkeista ja projekteista, keskustelemaan kokemuksista, ideoista, haasteista biodiversiteettiopetuksen parissa sek\u00e4 pohtimaan mahdollisuuksia aihealueen kurssien opetusyhteisty\u00f6n jatkumisessa, vakiinnuttamisessa ja laajentamisessa. Oli eritt\u00e4in mukava kokoontua verkoston voimin ja p\u00e4\u00e4st\u00e4 n\u00e4kem\u00e4\u00e4n et\u00e4kokouksista tuttuja ihmisi\u00e4 vaihteeksi ihan kasvotusten. Mukana oli osallistujia eri yliopistoista ja yhteisty\u00f6halukkuus ja kiinnostus biodiversiteettiopetusyhteisty\u00f6t\u00e4 kohtaan [&hellip;]\" \/>\n<meta property=\"og:url\" content=\"https:\/\/blogs2.uef.fi\/biodiversityeducation-vanha\/2022\/11\/25\/biodiversiteettikoulutusverkosto-kokoontui-konneveden-tutkimusasemalle-11-2022\/\" \/>\n<meta property=\"og:site_name\" content=\"Biodiversiteettikoulutusverkosto\" \/>\n<meta property=\"article:published_time\" content=\"2022-11-25T10:44:00+00:00\" \/>\n<meta property=\"article:modified_time\" content=\"2023-03-15T14:09:40+00:00\" \/>\n<meta property=\"og:image\" content=\"https:\/\/blogs2.uef.fi\/biodiversityeducation-vanha\/wp-content\/uploads\/sites\/110\/2023\/03\/kuva-1-edited-768x480-1.jpg\" \/>\n\t<meta property=\"og:image:width\" content=\"768\" \/>\n\t<meta property=\"og:image:height\" content=\"480\" \/>\n\t<meta property=\"og:image:type\" content=\"image\/jpeg\" \/>\n<meta name=\"author\" content=\"kooders\" \/>\n<meta name=\"twitter:card\" content=\"summary_large_image\" \/>\n<meta name=\"twitter:label1\" content=\"Kirjoittanut\" \/>\n\t<meta name=\"twitter:data1\" content=\"kooders\" \/>\n\t<meta name=\"twitter:label2\" content=\"Arvioitu lukuaika\" \/>\n\t<meta name=\"twitter:data2\" content=\"2 minuuttia\" \/>\n<script type=\"application\/ld+json\" class=\"yoast-schema-graph\">{\"@context\":\"https:\\\/\\\/schema.org\",\"@graph\":[{\"@type\":\"Article\",\"@id\":\"https:\\\/\\\/blogs2.uef.fi\\\/biodiversityeducation-vanha\\\/2022\\\/11\\\/25\\\/biodiversiteettikoulutusverkosto-kokoontui-konneveden-tutkimusasemalle-11-2022\\\/#article\",\"isPartOf\":{\"@id\":\"https:\\\/\\\/blogs2.uef.fi\\\/biodiversityeducation-vanha\\\/2022\\\/11\\\/25\\\/biodiversiteettikoulutusverkosto-kokoontui-konneveden-tutkimusasemalle-11-2022\\\/\"},\"author\":{\"name\":\"kooders\",\"@id\":\"https:\\\/\\\/blogs2.uef.fi\\\/biodiversityeducation-vanha\\\/#\\\/schema\\\/person\\\/aafdd26c1ef4edf4a080b86c113b9fbb\"},\"headline\":\"Verkosto kokoontui Konneveden tutkimusasemalle (11\\\/2022)\",\"datePublished\":\"2022-11-25T10:44:00+00:00\",\"dateModified\":\"2023-03-15T14:09:40+00:00\",\"mainEntityOfPage\":{\"@id\":\"https:\\\/\\\/blogs2.uef.fi\\\/biodiversityeducation-vanha\\\/2022\\\/11\\\/25\\\/biodiversiteettikoulutusverkosto-kokoontui-konneveden-tutkimusasemalle-11-2022\\\/\"},\"wordCount\":436,\"publisher\":{\"@id\":\"https:\\\/\\\/blogs2.uef.fi\\\/biodiversityeducation-vanha\\\/#organization\"},\"image\":{\"@id\":\"https:\\\/\\\/blogs2.uef.fi\\\/biodiversityeducation-vanha\\\/2022\\\/11\\\/25\\\/biodiversiteettikoulutusverkosto-kokoontui-konneveden-tutkimusasemalle-11-2022\\\/#primaryimage\"},\"thumbnailUrl\":\"https:\\\/\\\/blogs2.uef.fi\\\/biodiversityeducation-vanha\\\/wp-content\\\/uploads\\\/sites\\\/110\\\/2023\\\/03\\\/kuva-1-edited-768x480-1.jpg\",\"keywords\":[\"koulutuksen kehitt\u00e4minen\",\"oeptusyhteisty\u00f6\",\"Verkostotoiminta\"],\"articleSection\":[\"Tapahtumat\"],\"inLanguage\":\"fi\"},{\"@type\":\"WebPage\",\"@id\":\"https:\\\/\\\/blogs2.uef.fi\\\/biodiversityeducation-vanha\\\/2022\\\/11\\\/25\\\/biodiversiteettikoulutusverkosto-kokoontui-konneveden-tutkimusasemalle-11-2022\\\/\",\"url\":\"https:\\\/\\\/blogs2.uef.fi\\\/biodiversityeducation-vanha\\\/2022\\\/11\\\/25\\\/biodiversiteettikoulutusverkosto-kokoontui-konneveden-tutkimusasemalle-11-2022\\\/\",\"name\":\"Verkosto kokoontui Konneveden tutkimusasemalle (11\\\/2022) - Biodiversiteettikoulutusverkosto\",\"isPartOf\":{\"@id\":\"https:\\\/\\\/blogs2.uef.fi\\\/biodiversityeducation-vanha\\\/#website\"},\"primaryImageOfPage\":{\"@id\":\"https:\\\/\\\/blogs2.uef.fi\\\/biodiversityeducation-vanha\\\/2022\\\/11\\\/25\\\/biodiversiteettikoulutusverkosto-kokoontui-konneveden-tutkimusasemalle-11-2022\\\/#primaryimage\"},\"image\":{\"@id\":\"https:\\\/\\\/blogs2.uef.fi\\\/biodiversityeducation-vanha\\\/2022\\\/11\\\/25\\\/biodiversiteettikoulutusverkosto-kokoontui-konneveden-tutkimusasemalle-11-2022\\\/#primaryimage\"},\"thumbnailUrl\":\"https:\\\/\\\/blogs2.uef.fi\\\/biodiversityeducation-vanha\\\/wp-content\\\/uploads\\\/sites\\\/110\\\/2023\\\/03\\\/kuva-1-edited-768x480-1.jpg\",\"datePublished\":\"2022-11-25T10:44:00+00:00\",\"dateModified\":\"2023-03-15T14:09:40+00:00\",\"inLanguage\":\"fi\",\"potentialAction\":[{\"@type\":\"ReadAction\",\"target\":[\"https:\\\/\\\/blogs2.uef.fi\\\/biodiversityeducation-vanha\\\/2022\\\/11\\\/25\\\/biodiversiteettikoulutusverkosto-kokoontui-konneveden-tutkimusasemalle-11-2022\\\/\"]}]},{\"@type\":\"ImageObject\",\"inLanguage\":\"fi\",\"@id\":\"https:\\\/\\\/blogs2.uef.fi\\\/biodiversityeducation-vanha\\\/2022\\\/11\\\/25\\\/biodiversiteettikoulutusverkosto-kokoontui-konneveden-tutkimusasemalle-11-2022\\\/#primaryimage\",\"url\":\"https:\\\/\\\/blogs2.uef.fi\\\/biodiversityeducation-vanha\\\/wp-content\\\/uploads\\\/sites\\\/110\\\/2023\\\/03\\\/kuva-1-edited-768x480-1.jpg\",\"contentUrl\":\"https:\\\/\\\/blogs2.uef.fi\\\/biodiversityeducation-vanha\\\/wp-content\\\/uploads\\\/sites\\\/110\\\/2023\\\/03\\\/kuva-1-edited-768x480-1.jpg\",\"width\":768,\"height\":480,\"caption\":\"konnevesikokous-blogi\"},{\"@type\":\"WebSite\",\"@id\":\"https:\\\/\\\/blogs2.uef.fi\\\/biodiversityeducation-vanha\\\/#website\",\"url\":\"https:\\\/\\\/blogs2.uef.fi\\\/biodiversityeducation-vanha\\\/\",\"name\":\"Biodiversiteettikoulutusverkosto\",\"description\":\"\",\"publisher\":{\"@id\":\"https:\\\/\\\/blogs2.uef.fi\\\/biodiversityeducation-vanha\\\/#organization\"},\"potentialAction\":[{\"@type\":\"SearchAction\",\"target\":{\"@type\":\"EntryPoint\",\"urlTemplate\":\"https:\\\/\\\/blogs2.uef.fi\\\/biodiversityeducation-vanha\\\/?s={search_term_string}\"},\"query-input\":{\"@type\":\"PropertyValueSpecification\",\"valueRequired\":true,\"valueName\":\"search_term_string\"}}],\"inLanguage\":\"fi\"},{\"@type\":\"Organization\",\"@id\":\"https:\\\/\\\/blogs2.uef.fi\\\/biodiversityeducation-vanha\\\/#organization\",\"name\":\"Biodiversiteettikoulutusverkosto\",\"url\":\"https:\\\/\\\/blogs2.uef.fi\\\/biodiversityeducation-vanha\\\/\",\"logo\":{\"@type\":\"ImageObject\",\"inLanguage\":\"fi\",\"@id\":\"https:\\\/\\\/blogs2.uef.fi\\\/biodiversityeducation-vanha\\\/#\\\/schema\\\/logo\\\/image\\\/\",\"url\":\"https:\\\/\\\/blogs2.uef.fi\\\/biodiversityeducation-vanha\\\/wp-content\\\/uploads\\\/sites\\\/110\\\/2023\\\/01\\\/Logo-ja-teksti.png\",\"contentUrl\":\"https:\\\/\\\/blogs2.uef.fi\\\/biodiversityeducation-vanha\\\/wp-content\\\/uploads\\\/sites\\\/110\\\/2023\\\/01\\\/Logo-ja-teksti.png\",\"width\":785,\"height\":247,\"caption\":\"Biodiversiteettikoulutusverkosto\"},\"image\":{\"@id\":\"https:\\\/\\\/blogs2.uef.fi\\\/biodiversityeducation-vanha\\\/#\\\/schema\\\/logo\\\/image\\\/\"}},{\"@type\":\"Person\",\"@id\":\"https:\\\/\\\/blogs2.uef.fi\\\/biodiversityeducation-vanha\\\/#\\\/schema\\\/person\\\/aafdd26c1ef4edf4a080b86c113b9fbb\",\"name\":\"kooders\",\"image\":{\"@type\":\"ImageObject\",\"inLanguage\":\"fi\",\"@id\":\"https:\\\/\\\/secure.gravatar.com\\\/avatar\\\/27c6f0d998226cd3aac69b7071a685c1c0427bcb2dcb1d313d098c47e7746fc9?s=96&d=mm&r=g\",\"url\":\"https:\\\/\\\/secure.gravatar.com\\\/avatar\\\/27c6f0d998226cd3aac69b7071a685c1c0427bcb2dcb1d313d098c47e7746fc9?s=96&d=mm&r=g\",\"contentUrl\":\"https:\\\/\\\/secure.gravatar.com\\\/avatar\\\/27c6f0d998226cd3aac69b7071a685c1c0427bcb2dcb1d313d098c47e7746fc9?s=96&d=mm&r=g\",\"caption\":\"kooders\"},\"sameAs\":[\"https:\\\/\\\/www.biodiversityeducation.fi\"],\"url\":\"https:\\\/\\\/blogs2.uef.fi\\\/biodiversityeducation-vanha\\\/author\\\/kooders\\\/\"}]}<\/script>\n<!-- \/ Yoast SEO plugin. -->","yoast_head_json":{"title":"Verkosto kokoontui Konneveden tutkimusasemalle (11\/2022) - Biodiversiteettikoulutusverkosto","robots":{"index":"index","follow":"follow","max-snippet":"max-snippet:-1","max-image-preview":"max-image-preview:large","max-video-preview":"max-video-preview:-1"},"canonical":"https:\/\/blogs2.uef.fi\/biodiversityeducation-vanha\/2022\/11\/25\/biodiversiteettikoulutusverkosto-kokoontui-konneveden-tutkimusasemalle-11-2022\/","og_locale":"fi_FI","og_type":"article","og_title":"Verkosto kokoontui Konneveden tutkimusasemalle (11\/2022) - Biodiversiteettikoulutusverkosto","og_description":"Marraskuussa kokoonnuimme Konneveden tutkimusasemalle kuulemaan monitieteisi\u00e4 puheenvuoroja koulutus- ja biodiversiteettiteemaisista hankkeista ja projekteista, keskustelemaan kokemuksista, ideoista, haasteista biodiversiteettiopetuksen parissa sek\u00e4 pohtimaan mahdollisuuksia aihealueen kurssien opetusyhteisty\u00f6n jatkumisessa, vakiinnuttamisessa ja laajentamisessa. Oli eritt\u00e4in mukava kokoontua verkoston voimin ja p\u00e4\u00e4st\u00e4 n\u00e4kem\u00e4\u00e4n et\u00e4kokouksista tuttuja ihmisi\u00e4 vaihteeksi ihan kasvotusten. Mukana oli osallistujia eri yliopistoista ja yhteisty\u00f6halukkuus ja kiinnostus biodiversiteettiopetusyhteisty\u00f6t\u00e4 kohtaan [&hellip;]","og_url":"https:\/\/blogs2.uef.fi\/biodiversityeducation-vanha\/2022\/11\/25\/biodiversiteettikoulutusverkosto-kokoontui-konneveden-tutkimusasemalle-11-2022\/","og_site_name":"Biodiversiteettikoulutusverkosto","article_published_time":"2022-11-25T10:44:00+00:00","article_modified_time":"2023-03-15T14:09:40+00:00","og_image":[{"width":768,"height":480,"url":"https:\/\/blogs2.uef.fi\/biodiversityeducation-vanha\/wp-content\/uploads\/sites\/110\/2023\/03\/kuva-1-edited-768x480-1.jpg","type":"image\/jpeg"}],"author":"kooders","twitter_card":"summary_large_image","twitter_misc":{"Kirjoittanut":"kooders","Arvioitu lukuaika":"2 minuuttia"},"schema":{"@context":"https:\/\/schema.org","@graph":[{"@type":"Article","@id":"https:\/\/blogs2.uef.fi\/biodiversityeducation-vanha\/2022\/11\/25\/biodiversiteettikoulutusverkosto-kokoontui-konneveden-tutkimusasemalle-11-2022\/#article","isPartOf":{"@id":"https:\/\/blogs2.uef.fi\/biodiversityeducation-vanha\/2022\/11\/25\/biodiversiteettikoulutusverkosto-kokoontui-konneveden-tutkimusasemalle-11-2022\/"},"author":{"name":"kooders","@id":"https:\/\/blogs2.uef.fi\/biodiversityeducation-vanha\/#\/schema\/person\/aafdd26c1ef4edf4a080b86c113b9fbb"},"headline":"Verkosto kokoontui Konneveden tutkimusasemalle (11\/2022)","datePublished":"2022-11-25T10:44:00+00:00","dateModified":"2023-03-15T14:09:40+00:00","mainEntityOfPage":{"@id":"https:\/\/blogs2.uef.fi\/biodiversityeducation-vanha\/2022\/11\/25\/biodiversiteettikoulutusverkosto-kokoontui-konneveden-tutkimusasemalle-11-2022\/"},"wordCount":436,"publisher":{"@id":"https:\/\/blogs2.uef.fi\/biodiversityeducation-vanha\/#organization"},"image":{"@id":"https:\/\/blogs2.uef.fi\/biodiversityeducation-vanha\/2022\/11\/25\/biodiversiteettikoulutusverkosto-kokoontui-konneveden-tutkimusasemalle-11-2022\/#primaryimage"},"thumbnailUrl":"https:\/\/blogs2.uef.fi\/biodiversityeducation-vanha\/wp-content\/uploads\/sites\/110\/2023\/03\/kuva-1-edited-768x480-1.jpg","keywords":["koulutuksen kehitt\u00e4minen","oeptusyhteisty\u00f6","Verkostotoiminta"],"articleSection":["Tapahtumat"],"inLanguage":"fi"},{"@type":"WebPage","@id":"https:\/\/blogs2.uef.fi\/biodiversityeducation-vanha\/2022\/11\/25\/biodiversiteettikoulutusverkosto-kokoontui-konneveden-tutkimusasemalle-11-2022\/","url":"https:\/\/blogs2.uef.fi\/biodiversityeducation-vanha\/2022\/11\/25\/biodiversiteettikoulutusverkosto-kokoontui-konneveden-tutkimusasemalle-11-2022\/","name":"Verkosto kokoontui Konneveden tutkimusasemalle (11\/2022) - Biodiversiteettikoulutusverkosto","isPartOf":{"@id":"https:\/\/blogs2.uef.fi\/biodiversityeducation-vanha\/#website"},"primaryImageOfPage":{"@id":"https:\/\/blogs2.uef.fi\/biodiversityeducation-vanha\/2022\/11\/25\/biodiversiteettikoulutusverkosto-kokoontui-konneveden-tutkimusasemalle-11-2022\/#primaryimage"},"image":{"@id":"https:\/\/blogs2.uef.fi\/biodiversityeducation-vanha\/2022\/11\/25\/biodiversiteettikoulutusverkosto-kokoontui-konneveden-tutkimusasemalle-11-2022\/#primaryimage"},"thumbnailUrl":"https:\/\/blogs2.uef.fi\/biodiversityeducation-vanha\/wp-content\/uploads\/sites\/110\/2023\/03\/kuva-1-edited-768x480-1.jpg","datePublished":"2022-11-25T10:44:00+00:00","dateModified":"2023-03-15T14:09:40+00:00","inLanguage":"fi","potentialAction":[{"@type":"ReadAction","target":["https:\/\/blogs2.uef.fi\/biodiversityeducation-vanha\/2022\/11\/25\/biodiversiteettikoulutusverkosto-kokoontui-konneveden-tutkimusasemalle-11-2022\/"]}]},{"@type":"ImageObject","inLanguage":"fi","@id":"https:\/\/blogs2.uef.fi\/biodiversityeducation-vanha\/2022\/11\/25\/biodiversiteettikoulutusverkosto-kokoontui-konneveden-tutkimusasemalle-11-2022\/#primaryimage","url":"https:\/\/blogs2.uef.fi\/biodiversityeducation-vanha\/wp-content\/uploads\/sites\/110\/2023\/03\/kuva-1-edited-768x480-1.jpg","contentUrl":"https:\/\/blogs2.uef.fi\/biodiversityeducation-vanha\/wp-content\/uploads\/sites\/110\/2023\/03\/kuva-1-edited-768x480-1.jpg","width":768,"height":480,"caption":"konnevesikokous-blogi"},{"@type":"WebSite","@id":"https:\/\/blogs2.uef.fi\/biodiversityeducation-vanha\/#website","url":"https:\/\/blogs2.uef.fi\/biodiversityeducation-vanha\/","name":"Biodiversiteettikoulutusverkosto","description":"","publisher":{"@id":"https:\/\/blogs2.uef.fi\/biodiversityeducation-vanha\/#organization"},"potentialAction":[{"@type":"SearchAction","target":{"@type":"EntryPoint","urlTemplate":"https:\/\/blogs2.uef.fi\/biodiversityeducation-vanha\/?s={search_term_string}"},"query-input":{"@type":"PropertyValueSpecification","valueRequired":true,"valueName":"search_term_string"}}],"inLanguage":"fi"},{"@type":"Organization","@id":"https:\/\/blogs2.uef.fi\/biodiversityeducation-vanha\/#organization","name":"Biodiversiteettikoulutusverkosto","url":"https:\/\/blogs2.uef.fi\/biodiversityeducation-vanha\/","logo":{"@type":"ImageObject","inLanguage":"fi","@id":"https:\/\/blogs2.uef.fi\/biodiversityeducation-vanha\/#\/schema\/logo\/image\/","url":"https:\/\/blogs2.uef.fi\/biodiversityeducation-vanha\/wp-content\/uploads\/sites\/110\/2023\/01\/Logo-ja-teksti.png","contentUrl":"https:\/\/blogs2.uef.fi\/biodiversityeducation-vanha\/wp-content\/uploads\/sites\/110\/2023\/01\/Logo-ja-teksti.png","width":785,"height":247,"caption":"Biodiversiteettikoulutusverkosto"},"image":{"@id":"https:\/\/blogs2.uef.fi\/biodiversityeducation-vanha\/#\/schema\/logo\/image\/"}},{"@type":"Person","@id":"https:\/\/blogs2.uef.fi\/biodiversityeducation-vanha\/#\/schema\/person\/aafdd26c1ef4edf4a080b86c113b9fbb","name":"kooders","image":{"@type":"ImageObject","inLanguage":"fi","@id":"https:\/\/secure.gravatar.com\/avatar\/27c6f0d998226cd3aac69b7071a685c1c0427bcb2dcb1d313d098c47e7746fc9?s=96&d=mm&r=g","url":"https:\/\/secure.gravatar.com\/avatar\/27c6f0d998226cd3aac69b7071a685c1c0427bcb2dcb1d313d098c47e7746fc9?s=96&d=mm&r=g","contentUrl":"https:\/\/secure.gravatar.com\/avatar\/27c6f0d998226cd3aac69b7071a685c1c0427bcb2dcb1d313d098c47e7746fc9?s=96&d=mm&r=g","caption":"kooders"},"sameAs":["https:\/\/www.biodiversityeducation.fi"],"url":"https:\/\/blogs2.uef.fi\/biodiversityeducation-vanha\/author\/kooders\/"}]}},"_links":{"self":[{"href":"https:\/\/blogs2.uef.fi\/biodiversityeducation-vanha\/wp-json\/wp\/v2\/posts\/1154","targetHints":{"allow":["GET"]}}],"collection":[{"href":"https:\/\/blogs2.uef.fi\/biodiversityeducation-vanha\/wp-json\/wp\/v2\/posts"}],"about":[{"href":"https:\/\/blogs2.uef.fi\/biodiversityeducation-vanha\/wp-json\/wp\/v2\/types\/post"}],"author":[{"embeddable":true,"href":"https:\/\/blogs2.uef.fi\/biodiversityeducation-vanha\/wp-json\/wp\/v2\/users\/611"}],"replies":[{"embeddable":true,"href":"https:\/\/blogs2.uef.fi\/biodiversityeducation-vanha\/wp-json\/wp\/v2\/comments?post=1154"}],"version-history":[{"count":4,"href":"https:\/\/blogs2.uef.fi\/biodiversityeducation-vanha\/wp-json\/wp\/v2\/posts\/1154\/revisions"}],"predecessor-version":[{"id":1262,"href":"https:\/\/blogs2.uef.fi\/biodiversityeducation-vanha\/wp-json\/wp\/v2\/posts\/1154\/revisions\/1262"}],"wp:featuredmedia":[{"embeddable":true,"href":"https:\/\/blogs2.uef.fi\/biodiversityeducation-vanha\/wp-json\/wp\/v2\/media\/1155"}],"wp:attachment":[{"href":"https:\/\/blogs2.uef.fi\/biodiversityeducation-vanha\/wp-json\/wp\/v2\/media?parent=1154"}],"wp:term":[{"taxonomy":"category","embeddable":true,"href":"https:\/\/blogs2.uef.fi\/biodiversityeducation-vanha\/wp-json\/wp\/v2\/categories?post=1154"},{"taxonomy":"post_tag","embeddable":true,"href":"https:\/\/blogs2.uef.fi\/biodiversityeducation-vanha\/wp-json\/wp\/v2\/tags?post=1154"}],"curies":[{"name":"wp","href":"https:\/\/api.w.org\/{rel}","templated":true}]}}