{"id":1170,"date":"2022-11-28T12:46:00","date_gmt":"2022-11-28T10:46:00","guid":{"rendered":"https:\/\/www.biodiversityeducation.fi\/?p=1170"},"modified":"2023-03-15T16:09:17","modified_gmt":"2023-03-15T14:09:17","slug":"biodiversiteetti-nyt-hankkeessa-jatketaan-biodiversiteettikoulutuksen-kehittamista-ja-keskitytaan-luontokato-osaamisen-lisaamiseen-erityisesti-jatkuvan-oppimisen-kentalla","status":"publish","type":"post","link":"https:\/\/blogs2.uef.fi\/biodiversityeducation-vanha\/2022\/11\/28\/biodiversiteetti-nyt-hankkeessa-jatketaan-biodiversiteettikoulutuksen-kehittamista-ja-keskitytaan-luontokato-osaamisen-lisaamiseen-erityisesti-jatkuvan-oppimisen-kentalla\/","title":{"rendered":"Biodiversiteetti nyt -hankkeessa jatketaan biodiversiteettikoulutuksen kehitt\u00e4mist\u00e4 (11\/2022)"},"content":{"rendered":"\n<p>Biodiversiteetti nyt -hankkeessa jatketaan biodiversiteettikoulutuksen kehitt\u00e4mist\u00e4 ja keskityt\u00e4\u00e4n luontokato-osaamisen lis\u00e4\u00e4miseen erityisesti jatkuvan oppimisen kent\u00e4ll\u00e4<\/p>\n\n\n\n<p><\/p>\n\n\n\n<p><a href=\"https:\/\/blogs.uef.fi\/jatkuvaoppiminen\/2022\/11\/28\/luonnon-monimuotoisuus-on-haviamassa-hurjaa-vahtia\/\">Lue lis\u00e4\u00e4 uudesta hankkeesta Jatkuvan oppimisen nettisivuilta.<\/a><\/p>\n\n\n\n<figure class=\"wp-block-image size-full\"><img loading=\"lazy\" decoding=\"async\" width=\"295\" height=\"300\" src=\"https:\/\/blogs2.uef.fi\/wp-content\/uploads\/sites\/110\/2023\/03\/UEF_Biodiversiteetti_Nyt_Logo-02-295x300-1.png\" alt=\"biodiversiteettilogo-blog\" class=\"wp-image-1171\"\/><\/figure>\n","protected":false},"excerpt":{"rendered":"<p>Biodiversiteetti nyt -hankkeessa jatketaan biodiversiteettikoulutuksen kehitt\u00e4mist\u00e4 ja keskityt\u00e4\u00e4n luontokato-osaamisen lis\u00e4\u00e4miseen erityisesti jatkuvan oppimisen kent\u00e4ll\u00e4 Lue lis\u00e4\u00e4 uudesta hankkeesta Jatkuvan oppimisen nettisivuilta.<\/p>\n","protected":false},"author":611,"featured_media":1171,"comment_status":"closed","ping_status":"open","sticky":false,"template":"","format":"standard","meta":{"_acf_changed":false,"footnotes":""},"categories":[1],"tags":[22,23],"class_list":["post-1170","post","type-post","status-publish","format-standard","has-post-thumbnail","hentry","category-hankekuulumiset","tag-jatkuva-oppiminen","tag-osaamisen-kehittaminen"],"acf":[],"yoast_head":"<!-- This site is optimized with the Yoast SEO plugin v27.3 - https:\/\/yoast.com\/product\/yoast-seo-wordpress\/ -->\n<title>Biodiversiteetti nyt -hankkeessa jatketaan biodiversiteettikoulutuksen kehitt\u00e4mist\u00e4 (11\/2022) - Biodiversiteettikoulutusverkosto<\/title>\n<meta name=\"robots\" content=\"index, follow, max-snippet:-1, max-image-preview:large, max-video-preview:-1\" \/>\n<link rel=\"canonical\" href=\"https:\/\/blogs2.uef.fi\/biodiversityeducation-vanha\/2022\/11\/28\/biodiversiteetti-nyt-hankkeessa-jatketaan-biodiversiteettikoulutuksen-kehittamista-ja-keskitytaan-luontokato-osaamisen-lisaamiseen-erityisesti-jatkuvan-oppimisen-kentalla\/\" \/>\n<meta property=\"og:locale\" content=\"fi_FI\" \/>\n<meta property=\"og:type\" content=\"article\" \/>\n<meta property=\"og:title\" content=\"Biodiversiteetti nyt -hankkeessa jatketaan biodiversiteettikoulutuksen kehitt\u00e4mist\u00e4 (11\/2022) - Biodiversiteettikoulutusverkosto\" \/>\n<meta property=\"og:description\" content=\"Biodiversiteetti nyt -hankkeessa jatketaan biodiversiteettikoulutuksen kehitt\u00e4mist\u00e4 ja keskityt\u00e4\u00e4n luontokato-osaamisen lis\u00e4\u00e4miseen erityisesti jatkuvan oppimisen kent\u00e4ll\u00e4 Lue lis\u00e4\u00e4 uudesta hankkeesta Jatkuvan oppimisen nettisivuilta.\" \/>\n<meta property=\"og:url\" content=\"https:\/\/blogs2.uef.fi\/biodiversityeducation-vanha\/2022\/11\/28\/biodiversiteetti-nyt-hankkeessa-jatketaan-biodiversiteettikoulutuksen-kehittamista-ja-keskitytaan-luontokato-osaamisen-lisaamiseen-erityisesti-jatkuvan-oppimisen-kentalla\/\" \/>\n<meta property=\"og:site_name\" content=\"Biodiversiteettikoulutusverkosto\" \/>\n<meta property=\"article:published_time\" content=\"2022-11-28T10:46:00+00:00\" \/>\n<meta property=\"article:modified_time\" content=\"2023-03-15T14:09:17+00:00\" \/>\n<meta property=\"og:image\" content=\"https:\/\/blogs2.uef.fi\/biodiversityeducation-vanha\/wp-content\/uploads\/sites\/110\/2023\/03\/UEF_Biodiversiteetti_Nyt_Logo-02-295x300-1.png\" \/>\n\t<meta property=\"og:image:width\" content=\"295\" \/>\n\t<meta property=\"og:image:height\" content=\"300\" \/>\n\t<meta property=\"og:image:type\" content=\"image\/png\" \/>\n<meta name=\"author\" content=\"kooders\" \/>\n<meta name=\"twitter:card\" content=\"summary_large_image\" \/>\n<meta name=\"twitter:label1\" content=\"Kirjoittanut\" \/>\n\t<meta name=\"twitter:data1\" content=\"kooders\" \/>\n<script type=\"application\/ld+json\" class=\"yoast-schema-graph\">{\"@context\":\"https:\\\/\\\/schema.org\",\"@graph\":[{\"@type\":\"Article\",\"@id\":\"https:\\\/\\\/blogs2.uef.fi\\\/biodiversityeducation-vanha\\\/2022\\\/11\\\/28\\\/biodiversiteetti-nyt-hankkeessa-jatketaan-biodiversiteettikoulutuksen-kehittamista-ja-keskitytaan-luontokato-osaamisen-lisaamiseen-erityisesti-jatkuvan-oppimisen-kentalla\\\/#article\",\"isPartOf\":{\"@id\":\"https:\\\/\\\/blogs2.uef.fi\\\/biodiversityeducation-vanha\\\/2022\\\/11\\\/28\\\/biodiversiteetti-nyt-hankkeessa-jatketaan-biodiversiteettikoulutuksen-kehittamista-ja-keskitytaan-luontokato-osaamisen-lisaamiseen-erityisesti-jatkuvan-oppimisen-kentalla\\\/\"},\"author\":{\"name\":\"kooders\",\"@id\":\"https:\\\/\\\/blogs2.uef.fi\\\/biodiversityeducation-vanha\\\/#\\\/schema\\\/person\\\/aafdd26c1ef4edf4a080b86c113b9fbb\"},\"headline\":\"Biodiversiteetti nyt -hankkeessa jatketaan biodiversiteettikoulutuksen kehitt\u00e4mist\u00e4 (11\\\/2022)\",\"datePublished\":\"2022-11-28T10:46:00+00:00\",\"dateModified\":\"2023-03-15T14:09:17+00:00\",\"mainEntityOfPage\":{\"@id\":\"https:\\\/\\\/blogs2.uef.fi\\\/biodiversityeducation-vanha\\\/2022\\\/11\\\/28\\\/biodiversiteetti-nyt-hankkeessa-jatketaan-biodiversiteettikoulutuksen-kehittamista-ja-keskitytaan-luontokato-osaamisen-lisaamiseen-erityisesti-jatkuvan-oppimisen-kentalla\\\/\"},\"wordCount\":32,\"publisher\":{\"@id\":\"https:\\\/\\\/blogs2.uef.fi\\\/biodiversityeducation-vanha\\\/#organization\"},\"image\":{\"@id\":\"https:\\\/\\\/blogs2.uef.fi\\\/biodiversityeducation-vanha\\\/2022\\\/11\\\/28\\\/biodiversiteetti-nyt-hankkeessa-jatketaan-biodiversiteettikoulutuksen-kehittamista-ja-keskitytaan-luontokato-osaamisen-lisaamiseen-erityisesti-jatkuvan-oppimisen-kentalla\\\/#primaryimage\"},\"thumbnailUrl\":\"https:\\\/\\\/blogs2.uef.fi\\\/biodiversityeducation-vanha\\\/wp-content\\\/uploads\\\/sites\\\/110\\\/2023\\\/03\\\/UEF_Biodiversiteetti_Nyt_Logo-02-295x300-1.png\",\"keywords\":[\"Jatkuva oppiminen\",\"osaamisen kehitt\u00e4minen\"],\"articleSection\":[\"Hankekuulumiset\"],\"inLanguage\":\"fi\"},{\"@type\":\"WebPage\",\"@id\":\"https:\\\/\\\/blogs2.uef.fi\\\/biodiversityeducation-vanha\\\/2022\\\/11\\\/28\\\/biodiversiteetti-nyt-hankkeessa-jatketaan-biodiversiteettikoulutuksen-kehittamista-ja-keskitytaan-luontokato-osaamisen-lisaamiseen-erityisesti-jatkuvan-oppimisen-kentalla\\\/\",\"url\":\"https:\\\/\\\/blogs2.uef.fi\\\/biodiversityeducation-vanha\\\/2022\\\/11\\\/28\\\/biodiversiteetti-nyt-hankkeessa-jatketaan-biodiversiteettikoulutuksen-kehittamista-ja-keskitytaan-luontokato-osaamisen-lisaamiseen-erityisesti-jatkuvan-oppimisen-kentalla\\\/\",\"name\":\"Biodiversiteetti nyt -hankkeessa jatketaan biodiversiteettikoulutuksen kehitt\u00e4mist\u00e4 (11\\\/2022) - Biodiversiteettikoulutusverkosto\",\"isPartOf\":{\"@id\":\"https:\\\/\\\/blogs2.uef.fi\\\/biodiversityeducation-vanha\\\/#website\"},\"primaryImageOfPage\":{\"@id\":\"https:\\\/\\\/blogs2.uef.fi\\\/biodiversityeducation-vanha\\\/2022\\\/11\\\/28\\\/biodiversiteetti-nyt-hankkeessa-jatketaan-biodiversiteettikoulutuksen-kehittamista-ja-keskitytaan-luontokato-osaamisen-lisaamiseen-erityisesti-jatkuvan-oppimisen-kentalla\\\/#primaryimage\"},\"image\":{\"@id\":\"https:\\\/\\\/blogs2.uef.fi\\\/biodiversityeducation-vanha\\\/2022\\\/11\\\/28\\\/biodiversiteetti-nyt-hankkeessa-jatketaan-biodiversiteettikoulutuksen-kehittamista-ja-keskitytaan-luontokato-osaamisen-lisaamiseen-erityisesti-jatkuvan-oppimisen-kentalla\\\/#primaryimage\"},\"thumbnailUrl\":\"https:\\\/\\\/blogs2.uef.fi\\\/biodiversityeducation-vanha\\\/wp-content\\\/uploads\\\/sites\\\/110\\\/2023\\\/03\\\/UEF_Biodiversiteetti_Nyt_Logo-02-295x300-1.png\",\"datePublished\":\"2022-11-28T10:46:00+00:00\",\"dateModified\":\"2023-03-15T14:09:17+00:00\",\"inLanguage\":\"fi\",\"potentialAction\":[{\"@type\":\"ReadAction\",\"target\":[\"https:\\\/\\\/blogs2.uef.fi\\\/biodiversityeducation-vanha\\\/2022\\\/11\\\/28\\\/biodiversiteetti-nyt-hankkeessa-jatketaan-biodiversiteettikoulutuksen-kehittamista-ja-keskitytaan-luontokato-osaamisen-lisaamiseen-erityisesti-jatkuvan-oppimisen-kentalla\\\/\"]}]},{\"@type\":\"ImageObject\",\"inLanguage\":\"fi\",\"@id\":\"https:\\\/\\\/blogs2.uef.fi\\\/biodiversityeducation-vanha\\\/2022\\\/11\\\/28\\\/biodiversiteetti-nyt-hankkeessa-jatketaan-biodiversiteettikoulutuksen-kehittamista-ja-keskitytaan-luontokato-osaamisen-lisaamiseen-erityisesti-jatkuvan-oppimisen-kentalla\\\/#primaryimage\",\"url\":\"https:\\\/\\\/blogs2.uef.fi\\\/biodiversityeducation-vanha\\\/wp-content\\\/uploads\\\/sites\\\/110\\\/2023\\\/03\\\/UEF_Biodiversiteetti_Nyt_Logo-02-295x300-1.png\",\"contentUrl\":\"https:\\\/\\\/blogs2.uef.fi\\\/biodiversityeducation-vanha\\\/wp-content\\\/uploads\\\/sites\\\/110\\\/2023\\\/03\\\/UEF_Biodiversiteetti_Nyt_Logo-02-295x300-1.png\",\"width\":295,\"height\":300,\"caption\":\"biodiversiteettilogo-blog\"},{\"@type\":\"WebSite\",\"@id\":\"https:\\\/\\\/blogs2.uef.fi\\\/biodiversityeducation-vanha\\\/#website\",\"url\":\"https:\\\/\\\/blogs2.uef.fi\\\/biodiversityeducation-vanha\\\/\",\"name\":\"Biodiversiteettikoulutusverkosto\",\"description\":\"\",\"publisher\":{\"@id\":\"https:\\\/\\\/blogs2.uef.fi\\\/biodiversityeducation-vanha\\\/#organization\"},\"potentialAction\":[{\"@type\":\"SearchAction\",\"target\":{\"@type\":\"EntryPoint\",\"urlTemplate\":\"https:\\\/\\\/blogs2.uef.fi\\\/biodiversityeducation-vanha\\\/?s={search_term_string}\"},\"query-input\":{\"@type\":\"PropertyValueSpecification\",\"valueRequired\":true,\"valueName\":\"search_term_string\"}}],\"inLanguage\":\"fi\"},{\"@type\":\"Organization\",\"@id\":\"https:\\\/\\\/blogs2.uef.fi\\\/biodiversityeducation-vanha\\\/#organization\",\"name\":\"Biodiversiteettikoulutusverkosto\",\"url\":\"https:\\\/\\\/blogs2.uef.fi\\\/biodiversityeducation-vanha\\\/\",\"logo\":{\"@type\":\"ImageObject\",\"inLanguage\":\"fi\",\"@id\":\"https:\\\/\\\/blogs2.uef.fi\\\/biodiversityeducation-vanha\\\/#\\\/schema\\\/logo\\\/image\\\/\",\"url\":\"https:\\\/\\\/blogs2.uef.fi\\\/biodiversityeducation-vanha\\\/wp-content\\\/uploads\\\/sites\\\/110\\\/2023\\\/01\\\/Logo-ja-teksti.png\",\"contentUrl\":\"https:\\\/\\\/blogs2.uef.fi\\\/biodiversityeducation-vanha\\\/wp-content\\\/uploads\\\/sites\\\/110\\\/2023\\\/01\\\/Logo-ja-teksti.png\",\"width\":785,\"height\":247,\"caption\":\"Biodiversiteettikoulutusverkosto\"},\"image\":{\"@id\":\"https:\\\/\\\/blogs2.uef.fi\\\/biodiversityeducation-vanha\\\/#\\\/schema\\\/logo\\\/image\\\/\"}},{\"@type\":\"Person\",\"@id\":\"https:\\\/\\\/blogs2.uef.fi\\\/biodiversityeducation-vanha\\\/#\\\/schema\\\/person\\\/aafdd26c1ef4edf4a080b86c113b9fbb\",\"name\":\"kooders\",\"image\":{\"@type\":\"ImageObject\",\"inLanguage\":\"fi\",\"@id\":\"https:\\\/\\\/secure.gravatar.com\\\/avatar\\\/27c6f0d998226cd3aac69b7071a685c1c0427bcb2dcb1d313d098c47e7746fc9?s=96&d=mm&r=g\",\"url\":\"https:\\\/\\\/secure.gravatar.com\\\/avatar\\\/27c6f0d998226cd3aac69b7071a685c1c0427bcb2dcb1d313d098c47e7746fc9?s=96&d=mm&r=g\",\"contentUrl\":\"https:\\\/\\\/secure.gravatar.com\\\/avatar\\\/27c6f0d998226cd3aac69b7071a685c1c0427bcb2dcb1d313d098c47e7746fc9?s=96&d=mm&r=g\",\"caption\":\"kooders\"},\"sameAs\":[\"https:\\\/\\\/www.biodiversityeducation.fi\"],\"url\":\"https:\\\/\\\/blogs2.uef.fi\\\/biodiversityeducation-vanha\\\/author\\\/kooders\\\/\"}]}<\/script>\n<!-- \/ Yoast SEO plugin. -->","yoast_head_json":{"title":"Biodiversiteetti nyt -hankkeessa jatketaan biodiversiteettikoulutuksen kehitt\u00e4mist\u00e4 (11\/2022) - Biodiversiteettikoulutusverkosto","robots":{"index":"index","follow":"follow","max-snippet":"max-snippet:-1","max-image-preview":"max-image-preview:large","max-video-preview":"max-video-preview:-1"},"canonical":"https:\/\/blogs2.uef.fi\/biodiversityeducation-vanha\/2022\/11\/28\/biodiversiteetti-nyt-hankkeessa-jatketaan-biodiversiteettikoulutuksen-kehittamista-ja-keskitytaan-luontokato-osaamisen-lisaamiseen-erityisesti-jatkuvan-oppimisen-kentalla\/","og_locale":"fi_FI","og_type":"article","og_title":"Biodiversiteetti nyt -hankkeessa jatketaan biodiversiteettikoulutuksen kehitt\u00e4mist\u00e4 (11\/2022) - Biodiversiteettikoulutusverkosto","og_description":"Biodiversiteetti nyt -hankkeessa jatketaan biodiversiteettikoulutuksen kehitt\u00e4mist\u00e4 ja keskityt\u00e4\u00e4n luontokato-osaamisen lis\u00e4\u00e4miseen erityisesti jatkuvan oppimisen kent\u00e4ll\u00e4 Lue lis\u00e4\u00e4 uudesta hankkeesta Jatkuvan oppimisen nettisivuilta.","og_url":"https:\/\/blogs2.uef.fi\/biodiversityeducation-vanha\/2022\/11\/28\/biodiversiteetti-nyt-hankkeessa-jatketaan-biodiversiteettikoulutuksen-kehittamista-ja-keskitytaan-luontokato-osaamisen-lisaamiseen-erityisesti-jatkuvan-oppimisen-kentalla\/","og_site_name":"Biodiversiteettikoulutusverkosto","article_published_time":"2022-11-28T10:46:00+00:00","article_modified_time":"2023-03-15T14:09:17+00:00","og_image":[{"width":295,"height":300,"url":"https:\/\/blogs2.uef.fi\/biodiversityeducation-vanha\/wp-content\/uploads\/sites\/110\/2023\/03\/UEF_Biodiversiteetti_Nyt_Logo-02-295x300-1.png","type":"image\/png"}],"author":"kooders","twitter_card":"summary_large_image","twitter_misc":{"Kirjoittanut":"kooders"},"schema":{"@context":"https:\/\/schema.org","@graph":[{"@type":"Article","@id":"https:\/\/blogs2.uef.fi\/biodiversityeducation-vanha\/2022\/11\/28\/biodiversiteetti-nyt-hankkeessa-jatketaan-biodiversiteettikoulutuksen-kehittamista-ja-keskitytaan-luontokato-osaamisen-lisaamiseen-erityisesti-jatkuvan-oppimisen-kentalla\/#article","isPartOf":{"@id":"https:\/\/blogs2.uef.fi\/biodiversityeducation-vanha\/2022\/11\/28\/biodiversiteetti-nyt-hankkeessa-jatketaan-biodiversiteettikoulutuksen-kehittamista-ja-keskitytaan-luontokato-osaamisen-lisaamiseen-erityisesti-jatkuvan-oppimisen-kentalla\/"},"author":{"name":"kooders","@id":"https:\/\/blogs2.uef.fi\/biodiversityeducation-vanha\/#\/schema\/person\/aafdd26c1ef4edf4a080b86c113b9fbb"},"headline":"Biodiversiteetti nyt -hankkeessa jatketaan biodiversiteettikoulutuksen kehitt\u00e4mist\u00e4 (11\/2022)","datePublished":"2022-11-28T10:46:00+00:00","dateModified":"2023-03-15T14:09:17+00:00","mainEntityOfPage":{"@id":"https:\/\/blogs2.uef.fi\/biodiversityeducation-vanha\/2022\/11\/28\/biodiversiteetti-nyt-hankkeessa-jatketaan-biodiversiteettikoulutuksen-kehittamista-ja-keskitytaan-luontokato-osaamisen-lisaamiseen-erityisesti-jatkuvan-oppimisen-kentalla\/"},"wordCount":32,"publisher":{"@id":"https:\/\/blogs2.uef.fi\/biodiversityeducation-vanha\/#organization"},"image":{"@id":"https:\/\/blogs2.uef.fi\/biodiversityeducation-vanha\/2022\/11\/28\/biodiversiteetti-nyt-hankkeessa-jatketaan-biodiversiteettikoulutuksen-kehittamista-ja-keskitytaan-luontokato-osaamisen-lisaamiseen-erityisesti-jatkuvan-oppimisen-kentalla\/#primaryimage"},"thumbnailUrl":"https:\/\/blogs2.uef.fi\/biodiversityeducation-vanha\/wp-content\/uploads\/sites\/110\/2023\/03\/UEF_Biodiversiteetti_Nyt_Logo-02-295x300-1.png","keywords":["Jatkuva oppiminen","osaamisen kehitt\u00e4minen"],"articleSection":["Hankekuulumiset"],"inLanguage":"fi"},{"@type":"WebPage","@id":"https:\/\/blogs2.uef.fi\/biodiversityeducation-vanha\/2022\/11\/28\/biodiversiteetti-nyt-hankkeessa-jatketaan-biodiversiteettikoulutuksen-kehittamista-ja-keskitytaan-luontokato-osaamisen-lisaamiseen-erityisesti-jatkuvan-oppimisen-kentalla\/","url":"https:\/\/blogs2.uef.fi\/biodiversityeducation-vanha\/2022\/11\/28\/biodiversiteetti-nyt-hankkeessa-jatketaan-biodiversiteettikoulutuksen-kehittamista-ja-keskitytaan-luontokato-osaamisen-lisaamiseen-erityisesti-jatkuvan-oppimisen-kentalla\/","name":"Biodiversiteetti nyt -hankkeessa jatketaan biodiversiteettikoulutuksen kehitt\u00e4mist\u00e4 (11\/2022) - Biodiversiteettikoulutusverkosto","isPartOf":{"@id":"https:\/\/blogs2.uef.fi\/biodiversityeducation-vanha\/#website"},"primaryImageOfPage":{"@id":"https:\/\/blogs2.uef.fi\/biodiversityeducation-vanha\/2022\/11\/28\/biodiversiteetti-nyt-hankkeessa-jatketaan-biodiversiteettikoulutuksen-kehittamista-ja-keskitytaan-luontokato-osaamisen-lisaamiseen-erityisesti-jatkuvan-oppimisen-kentalla\/#primaryimage"},"image":{"@id":"https:\/\/blogs2.uef.fi\/biodiversityeducation-vanha\/2022\/11\/28\/biodiversiteetti-nyt-hankkeessa-jatketaan-biodiversiteettikoulutuksen-kehittamista-ja-keskitytaan-luontokato-osaamisen-lisaamiseen-erityisesti-jatkuvan-oppimisen-kentalla\/#primaryimage"},"thumbnailUrl":"https:\/\/blogs2.uef.fi\/biodiversityeducation-vanha\/wp-content\/uploads\/sites\/110\/2023\/03\/UEF_Biodiversiteetti_Nyt_Logo-02-295x300-1.png","datePublished":"2022-11-28T10:46:00+00:00","dateModified":"2023-03-15T14:09:17+00:00","inLanguage":"fi","potentialAction":[{"@type":"ReadAction","target":["https:\/\/blogs2.uef.fi\/biodiversityeducation-vanha\/2022\/11\/28\/biodiversiteetti-nyt-hankkeessa-jatketaan-biodiversiteettikoulutuksen-kehittamista-ja-keskitytaan-luontokato-osaamisen-lisaamiseen-erityisesti-jatkuvan-oppimisen-kentalla\/"]}]},{"@type":"ImageObject","inLanguage":"fi","@id":"https:\/\/blogs2.uef.fi\/biodiversityeducation-vanha\/2022\/11\/28\/biodiversiteetti-nyt-hankkeessa-jatketaan-biodiversiteettikoulutuksen-kehittamista-ja-keskitytaan-luontokato-osaamisen-lisaamiseen-erityisesti-jatkuvan-oppimisen-kentalla\/#primaryimage","url":"https:\/\/blogs2.uef.fi\/biodiversityeducation-vanha\/wp-content\/uploads\/sites\/110\/2023\/03\/UEF_Biodiversiteetti_Nyt_Logo-02-295x300-1.png","contentUrl":"https:\/\/blogs2.uef.fi\/biodiversityeducation-vanha\/wp-content\/uploads\/sites\/110\/2023\/03\/UEF_Biodiversiteetti_Nyt_Logo-02-295x300-1.png","width":295,"height":300,"caption":"biodiversiteettilogo-blog"},{"@type":"WebSite","@id":"https:\/\/blogs2.uef.fi\/biodiversityeducation-vanha\/#website","url":"https:\/\/blogs2.uef.fi\/biodiversityeducation-vanha\/","name":"Biodiversiteettikoulutusverkosto","description":"","publisher":{"@id":"https:\/\/blogs2.uef.fi\/biodiversityeducation-vanha\/#organization"},"potentialAction":[{"@type":"SearchAction","target":{"@type":"EntryPoint","urlTemplate":"https:\/\/blogs2.uef.fi\/biodiversityeducation-vanha\/?s={search_term_string}"},"query-input":{"@type":"PropertyValueSpecification","valueRequired":true,"valueName":"search_term_string"}}],"inLanguage":"fi"},{"@type":"Organization","@id":"https:\/\/blogs2.uef.fi\/biodiversityeducation-vanha\/#organization","name":"Biodiversiteettikoulutusverkosto","url":"https:\/\/blogs2.uef.fi\/biodiversityeducation-vanha\/","logo":{"@type":"ImageObject","inLanguage":"fi","@id":"https:\/\/blogs2.uef.fi\/biodiversityeducation-vanha\/#\/schema\/logo\/image\/","url":"https:\/\/blogs2.uef.fi\/biodiversityeducation-vanha\/wp-content\/uploads\/sites\/110\/2023\/01\/Logo-ja-teksti.png","contentUrl":"https:\/\/blogs2.uef.fi\/biodiversityeducation-vanha\/wp-content\/uploads\/sites\/110\/2023\/01\/Logo-ja-teksti.png","width":785,"height":247,"caption":"Biodiversiteettikoulutusverkosto"},"image":{"@id":"https:\/\/blogs2.uef.fi\/biodiversityeducation-vanha\/#\/schema\/logo\/image\/"}},{"@type":"Person","@id":"https:\/\/blogs2.uef.fi\/biodiversityeducation-vanha\/#\/schema\/person\/aafdd26c1ef4edf4a080b86c113b9fbb","name":"kooders","image":{"@type":"ImageObject","inLanguage":"fi","@id":"https:\/\/secure.gravatar.com\/avatar\/27c6f0d998226cd3aac69b7071a685c1c0427bcb2dcb1d313d098c47e7746fc9?s=96&d=mm&r=g","url":"https:\/\/secure.gravatar.com\/avatar\/27c6f0d998226cd3aac69b7071a685c1c0427bcb2dcb1d313d098c47e7746fc9?s=96&d=mm&r=g","contentUrl":"https:\/\/secure.gravatar.com\/avatar\/27c6f0d998226cd3aac69b7071a685c1c0427bcb2dcb1d313d098c47e7746fc9?s=96&d=mm&r=g","caption":"kooders"},"sameAs":["https:\/\/www.biodiversityeducation.fi"],"url":"https:\/\/blogs2.uef.fi\/biodiversityeducation-vanha\/author\/kooders\/"}]}},"_links":{"self":[{"href":"https:\/\/blogs2.uef.fi\/biodiversityeducation-vanha\/wp-json\/wp\/v2\/posts\/1170","targetHints":{"allow":["GET"]}}],"collection":[{"href":"https:\/\/blogs2.uef.fi\/biodiversityeducation-vanha\/wp-json\/wp\/v2\/posts"}],"about":[{"href":"https:\/\/blogs2.uef.fi\/biodiversityeducation-vanha\/wp-json\/wp\/v2\/types\/post"}],"author":[{"embeddable":true,"href":"https:\/\/blogs2.uef.fi\/biodiversityeducation-vanha\/wp-json\/wp\/v2\/users\/611"}],"replies":[{"embeddable":true,"href":"https:\/\/blogs2.uef.fi\/biodiversityeducation-vanha\/wp-json\/wp\/v2\/comments?post=1170"}],"version-history":[{"count":3,"href":"https:\/\/blogs2.uef.fi\/biodiversityeducation-vanha\/wp-json\/wp\/v2\/posts\/1170\/revisions"}],"predecessor-version":[{"id":1208,"href":"https:\/\/blogs2.uef.fi\/biodiversityeducation-vanha\/wp-json\/wp\/v2\/posts\/1170\/revisions\/1208"}],"wp:featuredmedia":[{"embeddable":true,"href":"https:\/\/blogs2.uef.fi\/biodiversityeducation-vanha\/wp-json\/wp\/v2\/media\/1171"}],"wp:attachment":[{"href":"https:\/\/blogs2.uef.fi\/biodiversityeducation-vanha\/wp-json\/wp\/v2\/media?parent=1170"}],"wp:term":[{"taxonomy":"category","embeddable":true,"href":"https:\/\/blogs2.uef.fi\/biodiversityeducation-vanha\/wp-json\/wp\/v2\/categories?post=1170"},{"taxonomy":"post_tag","embeddable":true,"href":"https:\/\/blogs2.uef.fi\/biodiversityeducation-vanha\/wp-json\/wp\/v2\/tags?post=1170"}],"curies":[{"name":"wp","href":"https:\/\/api.w.org\/{rel}","templated":true}]}}