{"id":1291,"date":"2023-04-12T14:41:00","date_gmt":"2023-04-12T11:41:00","guid":{"rendered":"https:\/\/www.biodiversityeducation.fi\/?p=1291"},"modified":"2023-04-17T15:16:27","modified_gmt":"2023-04-17T12:16:27","slug":"kohti-pysyvaa-biodiversiteettiopetusyhteistyota-4-2023","status":"publish","type":"post","link":"https:\/\/blogs2.uef.fi\/biodiversityeducation-vanha\/2023\/04\/12\/kohti-pysyvaa-biodiversiteettiopetusyhteistyota-4-2023\/","title":{"rendered":"Kohti pysyv\u00e4\u00e4 biodiversiteettiopetusyhteisty\u00f6t\u00e4 (4\/2023)"},"content":{"rendered":"\n<figure class=\"wp-block-image size-large is-resized\"><img loading=\"lazy\" decoding=\"async\" src=\"https:\/\/www.biodiversityeducation.fi\/wp-content\/uploads\/sites\/110\/2023\/04\/saaksi-1024x681.jpg\" alt=\"\" class=\"wp-image-1326\" width=\"469\" height=\"311\" srcset=\"https:\/\/blogs2.uef.fi\/biodiversityeducation-vanha\/wp-content\/uploads\/sites\/110\/2023\/04\/saaksi-1024x681.jpg 1024w, https:\/\/blogs2.uef.fi\/biodiversityeducation-vanha\/wp-content\/uploads\/sites\/110\/2023\/04\/saaksi-300x200.jpg 300w, https:\/\/blogs2.uef.fi\/biodiversityeducation-vanha\/wp-content\/uploads\/sites\/110\/2023\/04\/saaksi-768x511.jpg 768w, https:\/\/blogs2.uef.fi\/biodiversityeducation-vanha\/wp-content\/uploads\/sites\/110\/2023\/04\/saaksi-1536x1022.jpg 1536w, https:\/\/blogs2.uef.fi\/biodiversityeducation-vanha\/wp-content\/uploads\/sites\/110\/2023\/04\/saaksi-2048x1363.jpg 2048w\" sizes=\"auto, (max-width: 469px) 100vw, 469px\" \/><\/figure>\n\n\n\n<p>Aivan ensimm\u00e4iseksi haluan sanoa kiitos. Kiitos verkosto, kiitos toimiva tiimi, kiitos yhteisty\u00f6kumppanit, kiitos johtoryhm\u00e4, kiitos rahoittajat ja kiitos hankettamme seuranneet!<\/p>\n\n\n\n<p>Kuulostaa melkein alkuvuonna paljon kuulluilta gaalapuheilta. Mutta niin urheilussa, elokuvien teossa kuin biodiversiteettiopetuksen yhteisty\u00f6n k\u00e4ynnist\u00e4misess\u00e4kin kiitokset ovat tarpeen.<\/p>\n\n\n\n<p>T\u00e4h\u00e4n blogiin on koottu tilannekuvaa siit\u00e4, mit\u00e4 olemme verkostossa saaneet aikaiseksi ja miten verkoston toiminnan on suunniteltu jatkuvan.<\/p>\n\n\n\n<p><strong>Hankkeen p\u00e4\u00e4tytty\u00e4<\/strong><\/p>\n\n\n\n<p>Biodiversiteettikoulutusverkoston toiminta k\u00e4ynnistettiin Opetus- ja Kulttuuriministeri\u00f6n rahoituksella vuosina 2021\u20132022, ja olen eritt\u00e4in iloinen, ett\u00e4 sain toimia koordinaattorina verkoston perustamisessa.<\/p>\n\n\n\n<p>Verkostossa on paljon asiantuntemusta, jonka pohjalta voidaan jatkossa laajentaa kurssitarjontaa, suunnitella uudenlaista opetusyhteisty\u00f6t\u00e4, jatkaa verkostoitumista ja ideoiden jakamista sek\u00e4 tehd\u00e4 yhteisi\u00e4 tutkimusaloitteita. On ollut mukava huomata, ett\u00e4 verkosto on koettu alusta asti kiinnostavaksi ja tarpeelliseksi, ja suhtautuminen yhteistoiminnan kehitt\u00e4miseen on ollut positiivista. T\u00e4m\u00e4 on tehnyt my\u00f6s omasta ty\u00f6st\u00e4ni palkitsevaa ja innostavaa.<\/p>\n\n\n\n<p>Verkostossa on ollut motivaatiota toimia yhteisty\u00f6ss\u00e4 muiden yliopistojen asiantuntijoiden kanssa ja tarjota kursseja yhteiseen koulutustarjontaan. Keskeist\u00e4 toiminnassa tulee jatkossakin olemaan kiinnostus ja halukkuus toimia yhteisty\u00f6ss\u00e4 ja kehitt\u00e4\u00e4 biodiversiteettiaiheiden opetusta ja oppimismahdollisuuksia. Johtoryhm\u00e4 on sitoutunut jatkamaan toiminnan vakiinnuttamista ja tiedottamista omissa yliopistoissaan sek\u00e4 laajentamaan verkoston tunnettavuutta niin kansallisesti kuin kansainv\u00e4lisestikin.<\/p>\n\n\n\n<div class=\"wp-block-columns is-layout-flex wp-container-core-columns-is-layout-9d6595d7 wp-block-columns-is-layout-flex\">\n<div class=\"wp-block-column is-layout-flow wp-block-column-is-layout-flow\"><div class=\"wp-block-image\">\n<figure class=\"aligncenter size-large is-resized\"><img loading=\"lazy\" decoding=\"async\" src=\"https:\/\/blogs2.uef.fi\/wp-content\/uploads\/sites\/110\/2023\/04\/kolokelo_EH-768x1024.jpg\" alt=\"\" class=\"wp-image-1298\" width=\"300\" height=\"400\" srcset=\"https:\/\/blogs2.uef.fi\/biodiversityeducation-vanha\/wp-content\/uploads\/sites\/110\/2023\/04\/kolokelo_EH-768x1024.jpg 768w, https:\/\/blogs2.uef.fi\/biodiversityeducation-vanha\/wp-content\/uploads\/sites\/110\/2023\/04\/kolokelo_EH-225x300.jpg 225w, https:\/\/blogs2.uef.fi\/biodiversityeducation-vanha\/wp-content\/uploads\/sites\/110\/2023\/04\/kolokelo_EH-1152x1536.jpg 1152w, https:\/\/blogs2.uef.fi\/biodiversityeducation-vanha\/wp-content\/uploads\/sites\/110\/2023\/04\/kolokelo_EH-1536x2048.jpg 1536w, https:\/\/blogs2.uef.fi\/biodiversityeducation-vanha\/wp-content\/uploads\/sites\/110\/2023\/04\/kolokelo_EH-scaled.jpg 1920w\" sizes=\"auto, (max-width: 300px) 100vw, 300px\" \/><\/figure>\n<\/div><\/div>\n\n\n\n<div class=\"wp-block-column is-layout-flow wp-block-column-is-layout-flow\"><div class=\"wp-block-image\">\n<figure class=\"aligncenter size-large is-resized\"><img loading=\"lazy\" decoding=\"async\" src=\"https:\/\/blogs2.uef.fi\/wp-content\/uploads\/sites\/110\/2023\/04\/kirjanpainajapuu_EH-1-768x1024.jpg\" alt=\"\" class=\"wp-image-1296\" width=\"300\" height=\"400\" srcset=\"https:\/\/blogs2.uef.fi\/biodiversityeducation-vanha\/wp-content\/uploads\/sites\/110\/2023\/04\/kirjanpainajapuu_EH-1-768x1024.jpg 768w, https:\/\/blogs2.uef.fi\/biodiversityeducation-vanha\/wp-content\/uploads\/sites\/110\/2023\/04\/kirjanpainajapuu_EH-1-225x300.jpg 225w, https:\/\/blogs2.uef.fi\/biodiversityeducation-vanha\/wp-content\/uploads\/sites\/110\/2023\/04\/kirjanpainajapuu_EH-1-1152x1536.jpg 1152w, https:\/\/blogs2.uef.fi\/biodiversityeducation-vanha\/wp-content\/uploads\/sites\/110\/2023\/04\/kirjanpainajapuu_EH-1-1536x2048.jpg 1536w, https:\/\/blogs2.uef.fi\/biodiversityeducation-vanha\/wp-content\/uploads\/sites\/110\/2023\/04\/kirjanpainajapuu_EH-1-scaled.jpg 1920w\" sizes=\"auto, (max-width: 300px) 100vw, 300px\" \/><\/figure>\n<\/div><\/div>\n<\/div>\n\n\n\n<p><strong>Opintotarjonta<\/strong><\/p>\n\n\n\n<p>Verkoston ristiinopiskelu k\u00e4ynnistettiin syksyll\u00e4 2022 eli meneill\u00e4\u00e4n on ensimm\u00e4inen lukuvuosi opetusyhteisty\u00f6n parissa. Ristiinopiskelun k\u00e4yt\u00e4nn\u00f6ist\u00e4 on opittu paljon, opiskelijat ovat l\u00f6yt\u00e4neet kursseille mukavasti ja tietoisuus kurssitarjonnasta on kasvanut. Kursseista suosituimpia vaikuttavat olleen kentt\u00e4kurssit sek\u00e4 omaan tahtiin opiskeltavat verkkokurssit.<\/p>\n\n\n\n<p>Tarjonnassa on t\u00e4ll\u00e4 hetkell\u00e4 mukana 20 eri kohderyhmille suunnattua kurssia. Mukana on kursseja kaikista verkoston yliopistoista kattaen muun muassa ekosysteemien ekologiaa, lajintuntemusta, tutkimusmenetelmi\u00e4 sek\u00e4 yleist\u00e4 biodiversiteettiymm\u00e4rryst\u00e4.<\/p>\n\n\n\n<p>Kursseista monet ovat parhaillaan k\u00e4ynniss\u00e4. Ensi lukuvuonna opintotarjonta laajenee ja my\u00f6s opiskelijam\u00e4\u00e4r\u00e4t toivottavasti kasvavat.<\/p>\n\n\n\n<p>Verkoston toiminnassa kohdatut haasteet liittyv\u00e4t pitk\u00e4n aikav\u00e4lin resursseihin ja aikatauluihin. Kentt\u00e4kurssien toteuttaminen useammassa paikassa yht\u00e4aikaisesti todettiin haastavaksi, sill\u00e4 ajankohdat ja kentt\u00e4asemien varaustilanne ovat erilaisia, pitk\u00e4aikaisista vastuuopettajista on puutetta ja ristiinopiskelun rahoitusmalli tukee yhden j\u00e4rjest\u00e4j\u00e4n toteutusta. Lis\u00e4ksi paine kulujen karsimiselle heikent\u00e4\u00e4 mahdollisuuksia sitoutua opetusyhteisty\u00f6h\u00f6n pidemm\u00e4ksi aikaa.<\/p>\n\n\n\n<p>Toinen haaste yhteisty\u00f6ss\u00e4 aiheutui erilaisista opintotietoj\u00e4rjestelmist\u00e4 sek\u00e4 opetussuunnitelmien eritahtisuudesta. Yliopistoilla on vaihtelevia k\u00e4yt\u00e4nt\u00f6j\u00e4 opintojen suunnittelun aikataulutuksessa, kursseille ilmoittautumisessa ja suorituskirjauksissa. Ristiinopiskelun k\u00e4yt\u00e4nt\u00f6j\u00e4 on tarkennettu t\u00e4m\u00e4n ensimm\u00e4isen lukuvuoden aikana ja opintohallinnoille aiheutuvan k\u00e4sity\u00f6n m\u00e4\u00e4r\u00e4n odotetaan v\u00e4henev\u00e4n valtakunnallisen Ristiinopiskelupalvelun k\u00e4ytt\u00f6\u00f6noton my\u00f6t\u00e4.<\/p>\n\n\n\n<p>Laajassa asiantuntijayhteisty\u00f6ss\u00e4 Climate Universityn ja Una Europan kanssa ty\u00f6stetty ja my\u00f6s Sitran ja Nordplussan tukema Biodiversity.now-kurssi on her\u00e4tt\u00e4nyt runsaasti kiinnostusta. Ensi syksyn\u00e4 opiskeltavaksi avautuu my\u00f6s kolmen opintopisteen Biodiversity.now-projektity\u00f6kurssi, jolla syvennyt\u00e4\u00e4n luontokatoon ja sen seurauksiin ja ratkaisuihin k\u00e4yt\u00e4nn\u00f6nl\u00e4heisemmin ja paikallisemmin.<\/p>\n\n\n\n<p><a href=\"https:\/\/www.jyu.fi\/fi\/ajankohtaista\/arkisto\/2023\/02\/uhanalaistuminen-on-ekologinen-tosiasia-uudet-maksuttomat-opinnot-monimuotoisuuskadosta\">Luonto uhan alla 1 -kurssi<\/a> on avautunut ja tarjoaa tietoa luontokadosta, uhanalaisuudesta ja luonnonsuojelun keinoista kaikille kiinnostuneille. Kurssille on jo l\u00f6yt\u00e4nyt mukaan yli 300 opiskelijaa. Luonto uhan 2 -kurssi avautuu huhtikuun lopulla.<\/p>\n\n\n\n<p>Hankkeessa tuotettuja materiaaleja, kuten 360-kuvia erilaisista luontokohteista sek\u00e4 Biodiversity.now-videot, on jaettu <a href=\"https:\/\/aoe.fi\/#\/kokoelma\/208\">Avointen oppimateriaalien kirjastossa<\/a>, jossa ne ovat laajasti eri toimijoiden hy\u00f6dynnett\u00e4viss\u00e4. Lis\u00e4ksi nettisivuille on koottu opetusvinkkej\u00e4 BioPeda-hankkeen pohjalta.<\/p>\n\n\n<div class=\"wp-block-image\">\n<figure class=\"aligncenter size-large is-resized\"><img loading=\"lazy\" decoding=\"async\" src=\"https:\/\/blogs2.uef.fi\/wp-content\/uploads\/sites\/110\/2023\/04\/jaljet_EH-768x1024.jpg\" alt=\"\" class=\"wp-image-1300\" width=\"463\" height=\"617\" srcset=\"https:\/\/blogs2.uef.fi\/biodiversityeducation-vanha\/wp-content\/uploads\/sites\/110\/2023\/04\/jaljet_EH-768x1024.jpg 768w, https:\/\/blogs2.uef.fi\/biodiversityeducation-vanha\/wp-content\/uploads\/sites\/110\/2023\/04\/jaljet_EH-225x300.jpg 225w, https:\/\/blogs2.uef.fi\/biodiversityeducation-vanha\/wp-content\/uploads\/sites\/110\/2023\/04\/jaljet_EH-1152x1536.jpg 1152w, https:\/\/blogs2.uef.fi\/biodiversityeducation-vanha\/wp-content\/uploads\/sites\/110\/2023\/04\/jaljet_EH-1536x2048.jpg 1536w, https:\/\/blogs2.uef.fi\/biodiversityeducation-vanha\/wp-content\/uploads\/sites\/110\/2023\/04\/jaljet_EH-scaled.jpg 1920w\" sizes=\"auto, (max-width: 463px) 100vw, 463px\" \/><\/figure>\n<\/div>\n\n\n<p><strong>N\u00e4kyvyys ja jatkuvuus<\/strong><\/p>\n\n\n\n<p>Verkoston toiminta on saanut n\u00e4kyvyytt\u00e4 yliopistojen tiedotteissa ja Twitter-viestinn\u00e4ss\u00e4, ja hankkeen tuloksia on esitelty monissa tilaisuuksissa sek\u00e4 Suomessa ett\u00e4 kansainv\u00e4lisesti. Oli my\u00f6s mukava tavata verkostoa kasvotusten syksyll\u00e4 Konneveden tutkimusasemalla j\u00e4rjestetyss\u00e4 verkostotapaamisessa.<\/p>\n\n\n\n<p>Biodiversiteettikoulutusverkostolla on yhteisty\u00f6t\u00e4 useiden monitieteisten hankkeiden ja opetusverkostojen kanssa, mik\u00e4 osaltaan vahvistaa verkoston toiminnan jatkuvuutta. On ollut hienoa huomata, ett\u00e4 tieto verkostosta on levinnyt, ja verkoston j\u00e4senet ovat aktiivisesti edist\u00e4neet yhteisty\u00f6t\u00e4 omissa verkostoissaan.<\/p>\n\n\n\n<p>Hankkeessa k\u00e4ynnistetty\u00e4 ty\u00f6t\u00e4 jatketaan It\u00e4-Suomen yliopistossa Jatkuvan oppimisen ja ty\u00f6llisyyden palvelukeskukselta saadun projektirahoituksen avulla. Tavoitteena on Avoimen yliopiston biodiversiteettiopetuksen kehitt\u00e4minen ja jatkuvan oppimisen osaamistarpeisiin vastaaminen. Verkostossa rakennettuja kursseja kehitet\u00e4\u00e4n jatkossa entist\u00e4 paremmin laajenevaa yleis\u00f6\u00e4 palveleviksi, ja luvassa on muun muassa Biodiversity.now-kurssin k\u00e4\u00e4nt\u00e4minen suomeksi sek\u00e4 mets\u00e4nomistajille suunnattujen opintosis\u00e4lt\u00f6jen ty\u00f6st\u00e4minen. Lis\u00e4ksi ty\u00f6n alla on poikkitieteellinen luontokatoon kytkeytyv\u00e4 opintokokonaisuus It\u00e4-Suomen yliopiston kest\u00e4v\u00e4n tulevaisuuden opintojen osaksi.<\/p>\n\n\n\n<p>Hankkeen pohjalta muodostettiin toimintamalli biodiversiteettikoulutuksen opetusyhteisty\u00f6lle. Toimintamalliin on tiivistetty verkostomaisen yhteisty\u00f6n rakentaminen sek\u00e4 ristiinopiskelun k\u00e4yt\u00e4nn\u00f6n toiminta. Toimintamalliin p\u00e4\u00e4see tutustumaan nettisivuillamme, jotka ovat muuten uudistuneet. Sivuilta l\u00f6ytyy my\u00f6s johtoryhm\u00e4n yleinen kannanotto biodiversiteettiosaamisen ja -opetuksen merkityksest\u00e4.<\/p>\n\n\n<div class=\"wp-block-image\">\n<figure class=\"aligncenter size-large is-resized\"><img loading=\"lazy\" decoding=\"async\" src=\"https:\/\/blogs2.uef.fi\/wp-content\/uploads\/sites\/110\/2023\/04\/Kaavat_EH-768x1024.jpg\" alt=\"\" class=\"wp-image-1302\" width=\"333\" height=\"444\" srcset=\"https:\/\/blogs2.uef.fi\/biodiversityeducation-vanha\/wp-content\/uploads\/sites\/110\/2023\/04\/Kaavat_EH-768x1024.jpg 768w, https:\/\/blogs2.uef.fi\/biodiversityeducation-vanha\/wp-content\/uploads\/sites\/110\/2023\/04\/Kaavat_EH-225x300.jpg 225w, https:\/\/blogs2.uef.fi\/biodiversityeducation-vanha\/wp-content\/uploads\/sites\/110\/2023\/04\/Kaavat_EH-1152x1536.jpg 1152w, https:\/\/blogs2.uef.fi\/biodiversityeducation-vanha\/wp-content\/uploads\/sites\/110\/2023\/04\/Kaavat_EH-1536x2048.jpg 1536w, https:\/\/blogs2.uef.fi\/biodiversityeducation-vanha\/wp-content\/uploads\/sites\/110\/2023\/04\/Kaavat_EH-scaled.jpg 1920w\" sizes=\"auto, (max-width: 333px) 100vw, 333px\" \/><\/figure>\n<\/div>\n\n\n<p><strong>Koordinaattorin kuulumiset<\/strong><\/p>\n\n\n\n<p>Luontokadon pys\u00e4ytt\u00e4miseen tarvitaan toimia yhteiskunnan kaikilla tasoilla ja eri toimijoiden keskuudessa. Verkoston rakentamisen motivaattorina on alusta asti toiminut ajatus siit\u00e4, ett\u00e4 t\u00e4m\u00e4n saavuttamisessa monipuolisella, monitieteisell\u00e4 ja ajankohtaisella biodiversiteettiosaamisella ja -opetuksella on suuri merkitys. Verkostossamme tiivistyy asiantuntemus ja halu toimia luontokadon hillitsemiseksi. &nbsp;<\/p>\n\n\n\n<p>Itselleni Biodiversiteettikoulutusverkoston koordinaattorina toimiminen on ollut hyvin antoisaa ja olen oppinut paljon niin asiasis\u00e4ll\u00f6ist\u00e4 kuin yhteisty\u00f6n rakentamisestakin. On ollut hienoa saada tutustua laajaan joukkoon biodiversiteettiasiantuntijoita ja oppia uutta ajankohtaisesta tutkimuksesta luontokadon ratkaisemiseksi. Eri yliopistojen opetusty\u00f6h\u00f6n ja k\u00e4yt\u00e4nt\u00f6ihin perehtyminen on tarjonnut aitiopaikan oman pedagogisen ymm\u00e4rrykseni syvent\u00e4miseen, ja koordinaattorina olen saanut vaikuttaa ja kantaa vastuuta sek\u00e4 suunnitella, pohtia ja toteuttaa yhteisty\u00f6ss\u00e4 hienon projektitiimimme kanssa. Verkoston kurssitarjonnassa on paljon mielenkiintoisia kursseja (ja ensi lukuvuonna viel\u00e4 enemm\u00e4n), ja toivon, ett\u00e4 jatkossa yh\u00e4 useampi oppija l\u00f6yt\u00e4\u00e4 kursseille.<\/p>\n\n\n\n<p>N\u00e4ill\u00e4 ajatuksilla haluan kiitt\u00e4\u00e4 kaikkia verkoston kehitt\u00e4miseen osallistuneita ja suunnata kohti uusia tuulia kest\u00e4v\u00e4mm\u00e4n tulevaisuuden parissa.<\/p>\n\n\n\n<figure class=\"wp-block-image size-large is-resized\"><img loading=\"lazy\" decoding=\"async\" src=\"https:\/\/blogs2.uef.fi\/wp-content\/uploads\/sites\/110\/2023\/04\/elli2-576x1024.jpg\" alt=\"\" class=\"wp-image-1304\" width=\"151\" height=\"269\" srcset=\"https:\/\/blogs2.uef.fi\/biodiversityeducation-vanha\/wp-content\/uploads\/sites\/110\/2023\/04\/elli2-576x1024.jpg 576w, https:\/\/blogs2.uef.fi\/biodiversityeducation-vanha\/wp-content\/uploads\/sites\/110\/2023\/04\/elli2-169x300.jpg 169w, https:\/\/blogs2.uef.fi\/biodiversityeducation-vanha\/wp-content\/uploads\/sites\/110\/2023\/04\/elli2-768x1365.jpg 768w, https:\/\/blogs2.uef.fi\/biodiversityeducation-vanha\/wp-content\/uploads\/sites\/110\/2023\/04\/elli2-864x1536.jpg 864w, https:\/\/blogs2.uef.fi\/biodiversityeducation-vanha\/wp-content\/uploads\/sites\/110\/2023\/04\/elli2-1152x2048.jpg 1152w, https:\/\/blogs2.uef.fi\/biodiversityeducation-vanha\/wp-content\/uploads\/sites\/110\/2023\/04\/elli2-scaled.jpg 1440w\" sizes=\"auto, (max-width: 151px) 100vw, 151px\" \/><\/figure>\n\n\n\n<p>Aurinkoista kev\u00e4tt\u00e4 toivottaen Elli<\/p>\n\n\n\n<p><\/p>\n\n\n\n<p>Kuvat: Elli H\u00e4mynen<\/p>\n","protected":false},"excerpt":{"rendered":"<p>Aivan ensimm\u00e4iseksi haluan sanoa kiitos. Kiitos verkosto, kiitos toimiva tiimi, kiitos yhteisty\u00f6kumppanit, kiitos johtoryhm\u00e4, kiitos rahoittajat ja kiitos hankettamme seuranneet! Kuulostaa melkein alkuvuonna paljon kuulluilta gaalapuheilta. Mutta niin urheilussa, elokuvien teossa kuin biodiversiteettiopetuksen yhteisty\u00f6n k\u00e4ynnist\u00e4misess\u00e4kin kiitokset ovat tarpeen. T\u00e4h\u00e4n blogiin on koottu tilannekuvaa siit\u00e4, mit\u00e4 olemme verkostossa saaneet aikaiseksi ja miten verkoston toiminnan on suunniteltu [&hellip;]<\/p>\n","protected":false},"author":614,"featured_media":1326,"comment_status":"closed","ping_status":"open","sticky":false,"template":"","format":"standard","meta":{"_acf_changed":false,"footnotes":""},"categories":[1],"tags":[18,69,26],"class_list":["post-1291","post","type-post","status-publish","format-standard","has-post-thumbnail","hentry","category-hankekuulumiset","tag-biodiversiteetti","tag-koordinaattorin-kuulumiset","tag-opetusyhteistyo"],"acf":[],"yoast_head":"<!-- This site is optimized with the Yoast SEO plugin v27.3 - https:\/\/yoast.com\/product\/yoast-seo-wordpress\/ -->\n<title>Kohti pysyv\u00e4\u00e4 biodiversiteettiopetusyhteisty\u00f6t\u00e4 (4\/2023) - Biodiversiteettikoulutusverkosto<\/title>\n<meta name=\"robots\" content=\"index, follow, max-snippet:-1, max-image-preview:large, max-video-preview:-1\" \/>\n<link rel=\"canonical\" href=\"https:\/\/blogs2.uef.fi\/biodiversityeducation-vanha\/2023\/04\/12\/kohti-pysyvaa-biodiversiteettiopetusyhteistyota-4-2023\/\" \/>\n<meta property=\"og:locale\" content=\"fi_FI\" \/>\n<meta property=\"og:type\" content=\"article\" \/>\n<meta property=\"og:title\" content=\"Kohti pysyv\u00e4\u00e4 biodiversiteettiopetusyhteisty\u00f6t\u00e4 (4\/2023) - Biodiversiteettikoulutusverkosto\" \/>\n<meta property=\"og:description\" content=\"Aivan ensimm\u00e4iseksi haluan sanoa kiitos. Kiitos verkosto, kiitos toimiva tiimi, kiitos yhteisty\u00f6kumppanit, kiitos johtoryhm\u00e4, kiitos rahoittajat ja kiitos hankettamme seuranneet! Kuulostaa melkein alkuvuonna paljon kuulluilta gaalapuheilta. Mutta niin urheilussa, elokuvien teossa kuin biodiversiteettiopetuksen yhteisty\u00f6n k\u00e4ynnist\u00e4misess\u00e4kin kiitokset ovat tarpeen. T\u00e4h\u00e4n blogiin on koottu tilannekuvaa siit\u00e4, mit\u00e4 olemme verkostossa saaneet aikaiseksi ja miten verkoston toiminnan on suunniteltu [&hellip;]\" \/>\n<meta property=\"og:url\" content=\"https:\/\/blogs2.uef.fi\/biodiversityeducation-vanha\/2023\/04\/12\/kohti-pysyvaa-biodiversiteettiopetusyhteistyota-4-2023\/\" \/>\n<meta property=\"og:site_name\" content=\"Biodiversiteettikoulutusverkosto\" \/>\n<meta property=\"article:published_time\" content=\"2023-04-12T11:41:00+00:00\" \/>\n<meta property=\"article:modified_time\" content=\"2023-04-17T12:16:27+00:00\" \/>\n<meta property=\"og:image\" content=\"https:\/\/blogs2.uef.fi\/biodiversityeducation-vanha\/wp-content\/uploads\/sites\/110\/2023\/04\/saaksi-scaled.jpg\" \/>\n\t<meta property=\"og:image:width\" content=\"2560\" \/>\n\t<meta property=\"og:image:height\" content=\"1703\" \/>\n\t<meta property=\"og:image:type\" content=\"image\/jpeg\" \/>\n<meta name=\"author\" content=\"Elli H\u00e4mynen\" \/>\n<meta name=\"twitter:card\" content=\"summary_large_image\" \/>\n<meta name=\"twitter:label1\" content=\"Kirjoittanut\" \/>\n\t<meta name=\"twitter:data1\" content=\"Elli H\u00e4mynen\" \/>\n\t<meta name=\"twitter:label2\" content=\"Arvioitu lukuaika\" \/>\n\t<meta name=\"twitter:data2\" content=\"6 minuuttia\" \/>\n<script type=\"application\/ld+json\" class=\"yoast-schema-graph\">{\"@context\":\"https:\\\/\\\/schema.org\",\"@graph\":[{\"@type\":\"Article\",\"@id\":\"https:\\\/\\\/blogs2.uef.fi\\\/biodiversityeducation-vanha\\\/2023\\\/04\\\/12\\\/kohti-pysyvaa-biodiversiteettiopetusyhteistyota-4-2023\\\/#article\",\"isPartOf\":{\"@id\":\"https:\\\/\\\/blogs2.uef.fi\\\/biodiversityeducation-vanha\\\/2023\\\/04\\\/12\\\/kohti-pysyvaa-biodiversiteettiopetusyhteistyota-4-2023\\\/\"},\"author\":{\"name\":\"Elli H\u00e4mynen\",\"@id\":\"https:\\\/\\\/blogs2.uef.fi\\\/biodiversityeducation-vanha\\\/#\\\/schema\\\/person\\\/824271998b4015a783ec142b72409936\"},\"headline\":\"Kohti pysyv\u00e4\u00e4 biodiversiteettiopetusyhteisty\u00f6t\u00e4 (4\\\/2023)\",\"datePublished\":\"2023-04-12T11:41:00+00:00\",\"dateModified\":\"2023-04-17T12:16:27+00:00\",\"mainEntityOfPage\":{\"@id\":\"https:\\\/\\\/blogs2.uef.fi\\\/biodiversityeducation-vanha\\\/2023\\\/04\\\/12\\\/kohti-pysyvaa-biodiversiteettiopetusyhteistyota-4-2023\\\/\"},\"wordCount\":901,\"publisher\":{\"@id\":\"https:\\\/\\\/blogs2.uef.fi\\\/biodiversityeducation-vanha\\\/#organization\"},\"image\":{\"@id\":\"https:\\\/\\\/blogs2.uef.fi\\\/biodiversityeducation-vanha\\\/2023\\\/04\\\/12\\\/kohti-pysyvaa-biodiversiteettiopetusyhteistyota-4-2023\\\/#primaryimage\"},\"thumbnailUrl\":\"https:\\\/\\\/blogs2.uef.fi\\\/biodiversityeducation-vanha\\\/wp-content\\\/uploads\\\/sites\\\/110\\\/2023\\\/04\\\/saaksi-scaled.jpg\",\"keywords\":[\"biodiversiteetti\",\"koordinaattorin kuulumiset\",\"opetusyhteisty\u00f6\"],\"articleSection\":[\"Hankekuulumiset\"],\"inLanguage\":\"fi\"},{\"@type\":\"WebPage\",\"@id\":\"https:\\\/\\\/blogs2.uef.fi\\\/biodiversityeducation-vanha\\\/2023\\\/04\\\/12\\\/kohti-pysyvaa-biodiversiteettiopetusyhteistyota-4-2023\\\/\",\"url\":\"https:\\\/\\\/blogs2.uef.fi\\\/biodiversityeducation-vanha\\\/2023\\\/04\\\/12\\\/kohti-pysyvaa-biodiversiteettiopetusyhteistyota-4-2023\\\/\",\"name\":\"Kohti pysyv\u00e4\u00e4 biodiversiteettiopetusyhteisty\u00f6t\u00e4 (4\\\/2023) - Biodiversiteettikoulutusverkosto\",\"isPartOf\":{\"@id\":\"https:\\\/\\\/blogs2.uef.fi\\\/biodiversityeducation-vanha\\\/#website\"},\"primaryImageOfPage\":{\"@id\":\"https:\\\/\\\/blogs2.uef.fi\\\/biodiversityeducation-vanha\\\/2023\\\/04\\\/12\\\/kohti-pysyvaa-biodiversiteettiopetusyhteistyota-4-2023\\\/#primaryimage\"},\"image\":{\"@id\":\"https:\\\/\\\/blogs2.uef.fi\\\/biodiversityeducation-vanha\\\/2023\\\/04\\\/12\\\/kohti-pysyvaa-biodiversiteettiopetusyhteistyota-4-2023\\\/#primaryimage\"},\"thumbnailUrl\":\"https:\\\/\\\/blogs2.uef.fi\\\/biodiversityeducation-vanha\\\/wp-content\\\/uploads\\\/sites\\\/110\\\/2023\\\/04\\\/saaksi-scaled.jpg\",\"datePublished\":\"2023-04-12T11:41:00+00:00\",\"dateModified\":\"2023-04-17T12:16:27+00:00\",\"inLanguage\":\"fi\",\"potentialAction\":[{\"@type\":\"ReadAction\",\"target\":[\"https:\\\/\\\/blogs2.uef.fi\\\/biodiversityeducation-vanha\\\/2023\\\/04\\\/12\\\/kohti-pysyvaa-biodiversiteettiopetusyhteistyota-4-2023\\\/\"]}]},{\"@type\":\"ImageObject\",\"inLanguage\":\"fi\",\"@id\":\"https:\\\/\\\/blogs2.uef.fi\\\/biodiversityeducation-vanha\\\/2023\\\/04\\\/12\\\/kohti-pysyvaa-biodiversiteettiopetusyhteistyota-4-2023\\\/#primaryimage\",\"url\":\"https:\\\/\\\/blogs2.uef.fi\\\/biodiversityeducation-vanha\\\/wp-content\\\/uploads\\\/sites\\\/110\\\/2023\\\/04\\\/saaksi-scaled.jpg\",\"contentUrl\":\"https:\\\/\\\/blogs2.uef.fi\\\/biodiversityeducation-vanha\\\/wp-content\\\/uploads\\\/sites\\\/110\\\/2023\\\/04\\\/saaksi-scaled.jpg\",\"width\":2560,\"height\":1703},{\"@type\":\"WebSite\",\"@id\":\"https:\\\/\\\/blogs2.uef.fi\\\/biodiversityeducation-vanha\\\/#website\",\"url\":\"https:\\\/\\\/blogs2.uef.fi\\\/biodiversityeducation-vanha\\\/\",\"name\":\"Biodiversiteettikoulutusverkosto\",\"description\":\"\",\"publisher\":{\"@id\":\"https:\\\/\\\/blogs2.uef.fi\\\/biodiversityeducation-vanha\\\/#organization\"},\"potentialAction\":[{\"@type\":\"SearchAction\",\"target\":{\"@type\":\"EntryPoint\",\"urlTemplate\":\"https:\\\/\\\/blogs2.uef.fi\\\/biodiversityeducation-vanha\\\/?s={search_term_string}\"},\"query-input\":{\"@type\":\"PropertyValueSpecification\",\"valueRequired\":true,\"valueName\":\"search_term_string\"}}],\"inLanguage\":\"fi\"},{\"@type\":\"Organization\",\"@id\":\"https:\\\/\\\/blogs2.uef.fi\\\/biodiversityeducation-vanha\\\/#organization\",\"name\":\"Biodiversiteettikoulutusverkosto\",\"url\":\"https:\\\/\\\/blogs2.uef.fi\\\/biodiversityeducation-vanha\\\/\",\"logo\":{\"@type\":\"ImageObject\",\"inLanguage\":\"fi\",\"@id\":\"https:\\\/\\\/blogs2.uef.fi\\\/biodiversityeducation-vanha\\\/#\\\/schema\\\/logo\\\/image\\\/\",\"url\":\"https:\\\/\\\/blogs2.uef.fi\\\/biodiversityeducation-vanha\\\/wp-content\\\/uploads\\\/sites\\\/110\\\/2023\\\/01\\\/Logo-ja-teksti.png\",\"contentUrl\":\"https:\\\/\\\/blogs2.uef.fi\\\/biodiversityeducation-vanha\\\/wp-content\\\/uploads\\\/sites\\\/110\\\/2023\\\/01\\\/Logo-ja-teksti.png\",\"width\":785,\"height\":247,\"caption\":\"Biodiversiteettikoulutusverkosto\"},\"image\":{\"@id\":\"https:\\\/\\\/blogs2.uef.fi\\\/biodiversityeducation-vanha\\\/#\\\/schema\\\/logo\\\/image\\\/\"}},{\"@type\":\"Person\",\"@id\":\"https:\\\/\\\/blogs2.uef.fi\\\/biodiversityeducation-vanha\\\/#\\\/schema\\\/person\\\/824271998b4015a783ec142b72409936\",\"name\":\"Elli H\u00e4mynen\",\"image\":{\"@type\":\"ImageObject\",\"inLanguage\":\"fi\",\"@id\":\"https:\\\/\\\/secure.gravatar.com\\\/avatar\\\/0c60212226e2a483cb61c6583b7b9f4abce55fc195f7c1aeb3e9b2a2828ec87c?s=96&d=mm&r=g\",\"url\":\"https:\\\/\\\/secure.gravatar.com\\\/avatar\\\/0c60212226e2a483cb61c6583b7b9f4abce55fc195f7c1aeb3e9b2a2828ec87c?s=96&d=mm&r=g\",\"contentUrl\":\"https:\\\/\\\/secure.gravatar.com\\\/avatar\\\/0c60212226e2a483cb61c6583b7b9f4abce55fc195f7c1aeb3e9b2a2828ec87c?s=96&d=mm&r=g\",\"caption\":\"Elli H\u00e4mynen\"},\"url\":\"https:\\\/\\\/blogs2.uef.fi\\\/biodiversityeducation-vanha\\\/author\\\/ellihamynen\\\/\"}]}<\/script>\n<!-- \/ Yoast SEO plugin. -->","yoast_head_json":{"title":"Kohti pysyv\u00e4\u00e4 biodiversiteettiopetusyhteisty\u00f6t\u00e4 (4\/2023) - Biodiversiteettikoulutusverkosto","robots":{"index":"index","follow":"follow","max-snippet":"max-snippet:-1","max-image-preview":"max-image-preview:large","max-video-preview":"max-video-preview:-1"},"canonical":"https:\/\/blogs2.uef.fi\/biodiversityeducation-vanha\/2023\/04\/12\/kohti-pysyvaa-biodiversiteettiopetusyhteistyota-4-2023\/","og_locale":"fi_FI","og_type":"article","og_title":"Kohti pysyv\u00e4\u00e4 biodiversiteettiopetusyhteisty\u00f6t\u00e4 (4\/2023) - Biodiversiteettikoulutusverkosto","og_description":"Aivan ensimm\u00e4iseksi haluan sanoa kiitos. Kiitos verkosto, kiitos toimiva tiimi, kiitos yhteisty\u00f6kumppanit, kiitos johtoryhm\u00e4, kiitos rahoittajat ja kiitos hankettamme seuranneet! Kuulostaa melkein alkuvuonna paljon kuulluilta gaalapuheilta. Mutta niin urheilussa, elokuvien teossa kuin biodiversiteettiopetuksen yhteisty\u00f6n k\u00e4ynnist\u00e4misess\u00e4kin kiitokset ovat tarpeen. T\u00e4h\u00e4n blogiin on koottu tilannekuvaa siit\u00e4, mit\u00e4 olemme verkostossa saaneet aikaiseksi ja miten verkoston toiminnan on suunniteltu [&hellip;]","og_url":"https:\/\/blogs2.uef.fi\/biodiversityeducation-vanha\/2023\/04\/12\/kohti-pysyvaa-biodiversiteettiopetusyhteistyota-4-2023\/","og_site_name":"Biodiversiteettikoulutusverkosto","article_published_time":"2023-04-12T11:41:00+00:00","article_modified_time":"2023-04-17T12:16:27+00:00","og_image":[{"width":2560,"height":1703,"url":"https:\/\/blogs2.uef.fi\/biodiversityeducation-vanha\/wp-content\/uploads\/sites\/110\/2023\/04\/saaksi-scaled.jpg","type":"image\/jpeg"}],"author":"Elli H\u00e4mynen","twitter_card":"summary_large_image","twitter_misc":{"Kirjoittanut":"Elli H\u00e4mynen","Arvioitu lukuaika":"6 minuuttia"},"schema":{"@context":"https:\/\/schema.org","@graph":[{"@type":"Article","@id":"https:\/\/blogs2.uef.fi\/biodiversityeducation-vanha\/2023\/04\/12\/kohti-pysyvaa-biodiversiteettiopetusyhteistyota-4-2023\/#article","isPartOf":{"@id":"https:\/\/blogs2.uef.fi\/biodiversityeducation-vanha\/2023\/04\/12\/kohti-pysyvaa-biodiversiteettiopetusyhteistyota-4-2023\/"},"author":{"name":"Elli H\u00e4mynen","@id":"https:\/\/blogs2.uef.fi\/biodiversityeducation-vanha\/#\/schema\/person\/824271998b4015a783ec142b72409936"},"headline":"Kohti pysyv\u00e4\u00e4 biodiversiteettiopetusyhteisty\u00f6t\u00e4 (4\/2023)","datePublished":"2023-04-12T11:41:00+00:00","dateModified":"2023-04-17T12:16:27+00:00","mainEntityOfPage":{"@id":"https:\/\/blogs2.uef.fi\/biodiversityeducation-vanha\/2023\/04\/12\/kohti-pysyvaa-biodiversiteettiopetusyhteistyota-4-2023\/"},"wordCount":901,"publisher":{"@id":"https:\/\/blogs2.uef.fi\/biodiversityeducation-vanha\/#organization"},"image":{"@id":"https:\/\/blogs2.uef.fi\/biodiversityeducation-vanha\/2023\/04\/12\/kohti-pysyvaa-biodiversiteettiopetusyhteistyota-4-2023\/#primaryimage"},"thumbnailUrl":"https:\/\/blogs2.uef.fi\/biodiversityeducation-vanha\/wp-content\/uploads\/sites\/110\/2023\/04\/saaksi-scaled.jpg","keywords":["biodiversiteetti","koordinaattorin kuulumiset","opetusyhteisty\u00f6"],"articleSection":["Hankekuulumiset"],"inLanguage":"fi"},{"@type":"WebPage","@id":"https:\/\/blogs2.uef.fi\/biodiversityeducation-vanha\/2023\/04\/12\/kohti-pysyvaa-biodiversiteettiopetusyhteistyota-4-2023\/","url":"https:\/\/blogs2.uef.fi\/biodiversityeducation-vanha\/2023\/04\/12\/kohti-pysyvaa-biodiversiteettiopetusyhteistyota-4-2023\/","name":"Kohti pysyv\u00e4\u00e4 biodiversiteettiopetusyhteisty\u00f6t\u00e4 (4\/2023) - Biodiversiteettikoulutusverkosto","isPartOf":{"@id":"https:\/\/blogs2.uef.fi\/biodiversityeducation-vanha\/#website"},"primaryImageOfPage":{"@id":"https:\/\/blogs2.uef.fi\/biodiversityeducation-vanha\/2023\/04\/12\/kohti-pysyvaa-biodiversiteettiopetusyhteistyota-4-2023\/#primaryimage"},"image":{"@id":"https:\/\/blogs2.uef.fi\/biodiversityeducation-vanha\/2023\/04\/12\/kohti-pysyvaa-biodiversiteettiopetusyhteistyota-4-2023\/#primaryimage"},"thumbnailUrl":"https:\/\/blogs2.uef.fi\/biodiversityeducation-vanha\/wp-content\/uploads\/sites\/110\/2023\/04\/saaksi-scaled.jpg","datePublished":"2023-04-12T11:41:00+00:00","dateModified":"2023-04-17T12:16:27+00:00","inLanguage":"fi","potentialAction":[{"@type":"ReadAction","target":["https:\/\/blogs2.uef.fi\/biodiversityeducation-vanha\/2023\/04\/12\/kohti-pysyvaa-biodiversiteettiopetusyhteistyota-4-2023\/"]}]},{"@type":"ImageObject","inLanguage":"fi","@id":"https:\/\/blogs2.uef.fi\/biodiversityeducation-vanha\/2023\/04\/12\/kohti-pysyvaa-biodiversiteettiopetusyhteistyota-4-2023\/#primaryimage","url":"https:\/\/blogs2.uef.fi\/biodiversityeducation-vanha\/wp-content\/uploads\/sites\/110\/2023\/04\/saaksi-scaled.jpg","contentUrl":"https:\/\/blogs2.uef.fi\/biodiversityeducation-vanha\/wp-content\/uploads\/sites\/110\/2023\/04\/saaksi-scaled.jpg","width":2560,"height":1703},{"@type":"WebSite","@id":"https:\/\/blogs2.uef.fi\/biodiversityeducation-vanha\/#website","url":"https:\/\/blogs2.uef.fi\/biodiversityeducation-vanha\/","name":"Biodiversiteettikoulutusverkosto","description":"","publisher":{"@id":"https:\/\/blogs2.uef.fi\/biodiversityeducation-vanha\/#organization"},"potentialAction":[{"@type":"SearchAction","target":{"@type":"EntryPoint","urlTemplate":"https:\/\/blogs2.uef.fi\/biodiversityeducation-vanha\/?s={search_term_string}"},"query-input":{"@type":"PropertyValueSpecification","valueRequired":true,"valueName":"search_term_string"}}],"inLanguage":"fi"},{"@type":"Organization","@id":"https:\/\/blogs2.uef.fi\/biodiversityeducation-vanha\/#organization","name":"Biodiversiteettikoulutusverkosto","url":"https:\/\/blogs2.uef.fi\/biodiversityeducation-vanha\/","logo":{"@type":"ImageObject","inLanguage":"fi","@id":"https:\/\/blogs2.uef.fi\/biodiversityeducation-vanha\/#\/schema\/logo\/image\/","url":"https:\/\/blogs2.uef.fi\/biodiversityeducation-vanha\/wp-content\/uploads\/sites\/110\/2023\/01\/Logo-ja-teksti.png","contentUrl":"https:\/\/blogs2.uef.fi\/biodiversityeducation-vanha\/wp-content\/uploads\/sites\/110\/2023\/01\/Logo-ja-teksti.png","width":785,"height":247,"caption":"Biodiversiteettikoulutusverkosto"},"image":{"@id":"https:\/\/blogs2.uef.fi\/biodiversityeducation-vanha\/#\/schema\/logo\/image\/"}},{"@type":"Person","@id":"https:\/\/blogs2.uef.fi\/biodiversityeducation-vanha\/#\/schema\/person\/824271998b4015a783ec142b72409936","name":"Elli H\u00e4mynen","image":{"@type":"ImageObject","inLanguage":"fi","@id":"https:\/\/secure.gravatar.com\/avatar\/0c60212226e2a483cb61c6583b7b9f4abce55fc195f7c1aeb3e9b2a2828ec87c?s=96&d=mm&r=g","url":"https:\/\/secure.gravatar.com\/avatar\/0c60212226e2a483cb61c6583b7b9f4abce55fc195f7c1aeb3e9b2a2828ec87c?s=96&d=mm&r=g","contentUrl":"https:\/\/secure.gravatar.com\/avatar\/0c60212226e2a483cb61c6583b7b9f4abce55fc195f7c1aeb3e9b2a2828ec87c?s=96&d=mm&r=g","caption":"Elli H\u00e4mynen"},"url":"https:\/\/blogs2.uef.fi\/biodiversityeducation-vanha\/author\/ellihamynen\/"}]}},"_links":{"self":[{"href":"https:\/\/blogs2.uef.fi\/biodiversityeducation-vanha\/wp-json\/wp\/v2\/posts\/1291","targetHints":{"allow":["GET"]}}],"collection":[{"href":"https:\/\/blogs2.uef.fi\/biodiversityeducation-vanha\/wp-json\/wp\/v2\/posts"}],"about":[{"href":"https:\/\/blogs2.uef.fi\/biodiversityeducation-vanha\/wp-json\/wp\/v2\/types\/post"}],"author":[{"embeddable":true,"href":"https:\/\/blogs2.uef.fi\/biodiversityeducation-vanha\/wp-json\/wp\/v2\/users\/614"}],"replies":[{"embeddable":true,"href":"https:\/\/blogs2.uef.fi\/biodiversityeducation-vanha\/wp-json\/wp\/v2\/comments?post=1291"}],"version-history":[{"count":2,"href":"https:\/\/blogs2.uef.fi\/biodiversityeducation-vanha\/wp-json\/wp\/v2\/posts\/1291\/revisions"}],"predecessor-version":[{"id":1332,"href":"https:\/\/blogs2.uef.fi\/biodiversityeducation-vanha\/wp-json\/wp\/v2\/posts\/1291\/revisions\/1332"}],"wp:featuredmedia":[{"embeddable":true,"href":"https:\/\/blogs2.uef.fi\/biodiversityeducation-vanha\/wp-json\/wp\/v2\/media\/1326"}],"wp:attachment":[{"href":"https:\/\/blogs2.uef.fi\/biodiversityeducation-vanha\/wp-json\/wp\/v2\/media?parent=1291"}],"wp:term":[{"taxonomy":"category","embeddable":true,"href":"https:\/\/blogs2.uef.fi\/biodiversityeducation-vanha\/wp-json\/wp\/v2\/categories?post=1291"},{"taxonomy":"post_tag","embeddable":true,"href":"https:\/\/blogs2.uef.fi\/biodiversityeducation-vanha\/wp-json\/wp\/v2\/tags?post=1291"}],"curies":[{"name":"wp","href":"https:\/\/api.w.org\/{rel}","templated":true}]}}