{"id":963,"date":"2017-09-19T13:42:00","date_gmt":"2017-09-19T10:42:00","guid":{"rendered":"https:\/\/www.biodiversityeducation.fi\/?p=963"},"modified":"2023-03-15T15:55:31","modified_gmt":"2023-03-15T13:55:31","slug":"biopeda-hankkeen-blogi-2017-yliopisto-opettajat-rakentamassa-maasto-opetuksen-valtakunnallista-yhteistyota","status":"publish","type":"post","link":"https:\/\/blogs2.uef.fi\/biodiversityeducation-vanha\/2017\/09\/19\/biopeda-hankkeen-blogi-2017-yliopisto-opettajat-rakentamassa-maasto-opetuksen-valtakunnallista-yhteistyota\/","title":{"rendered":"Biopeda-hankkeen blogi (2017): Yliopisto-opettajat rakentamassa maasto-opetuksen valtakunnallista yhteisty\u00f6t\u00e4"},"content":{"rendered":"\n<p>Yliopistojen biologian kentt\u00e4kurssien opettajat kokoontuivat Konneveden tutkimusasemalle Biopeda-hankkeen kolmep\u00e4iv\u00e4iseen seminaariin. Koneen s\u00e4\u00e4ti\u00f6n rahoittaman hankkeen keskeinen tavoite on eri yliopistojen ja tutkimusasemien v\u00e4lisen yhteisty\u00f6n kehitt\u00e4minen maasto-opetuksessa.<\/p>\n\n\n\n<p>Yliopistot vastaavat antamansa koulutuksen ja tutkintojen laadusta. Esimerkiksi Suomen yliopistot UNIFI ry on kannattanut korkeakoulujen nykyist\u00e4 laajempaa opetusyhteisty\u00f6t\u00e4. Tarkoituksena on parantaa ja tehostaa opetusresurssien yhteisk\u00e4ytt\u00f6\u00e4, joustavoittaa opintopolkuja ja tuoda opetustarjontaa entist\u00e4 sujuvammin opiskelijoiden k\u00e4ytt\u00f6\u00f6n. Maasto-opettajien hanke ideoi n\u00e4iden tavoitteiden saavuttamista.<\/p>\n\n\n\n<p>\u2013 Hankkeen avulla edistet\u00e4\u00e4n opiskelijoiden laadukasta ja ripe\u00e4\u00e4 opiskelua parantamalla valmiiden, kattavien, ty\u00f6el\u00e4m\u00e4relevanttien kurssisis\u00e4lt\u00f6jen saatavuutta, kertoo hankkeen <strong>johtaja Teemu Tahvanainen<\/strong> It\u00e4-Suomen yliopistosta.<\/p>\n\n\n\n<p>Yliopisto-opettajat n\u00e4kev\u00e4t kentt\u00e4opetusyhteisty\u00f6n syvent\u00e4misen ennen kaikkea mahdollisuutena koulutuksen laadun parantamiseen, palvellen koko akateemisen yhteis\u00f6n yhteisi\u00e4 tavoitteita. Maasto-opetusta vahvistetaan sit\u00e4 tukevien digitaalisten aineistojen ja laitteistojen k\u00e4yt\u00f6ll\u00e4. Yhteisty\u00f6 nopeuttaa ja tehostaa uuden teknologian omaksumista ja k\u00e4ytt\u00f6\u00f6nottoa.<\/p>\n\n\n\n<p>\u2013 Jo ensi kes\u00e4n kentt\u00e4kursseilla aiomme ker\u00e4t\u00e4 eri puolilla Suomea kurssiaineistoja yhteiseen datapankkiin, joka p\u00e4ivittyy v\u00e4litt\u00f6m\u00e4sti \u00e4lylaitteilta verkkoon kaikkien yhteisk\u00e4ytt\u00f6\u00f6n, kertoo Tahvanainen.<\/p>\n\n\n\n<p>Suomessa on maantieteellisesti kattava yliopistojen kentt\u00e4asemien verkosto, jonka vahvuuksia t\u00e4ytyy hy\u00f6dynt\u00e4\u00e4 maasto-opetuksessa nykyist\u00e4 paremmin. Erilaisiin luonnonymp\u00e4rist\u00f6ihin sijoittuvat kentt\u00e4asemat mahdollistavat tutkimukseen perustuvan opetuksen liittyen esimerkiksi ilmastonmuutoksen vaikutuksiin.<\/p>\n\n\n\n<p>Maasto-opetuksen kehitt\u00e4misen ideointi jatkuu Biopeda-hankkeessa ja tuloksia esitell\u00e4\u00e4n syksyll\u00e4 seminaarissa, johon kutsutaan ty\u00f6el\u00e4m\u00e4n sidosryhmi\u00e4 ja yliopistojen hallintoa.<\/p>\n\n\n\n<p>Teemu Tahvanainen, Dosentti, yliopistonlehtori, Ymp\u00e4rist\u00f6- ja biotieteiden laitos, It\u00e4-Suomen yliopist,\u00a0<a href=\"mailto:teemu.tahvanainen@uef.fi\">teemu.tahvanainen@uef.fi<\/a><\/p>\n","protected":false},"excerpt":{"rendered":"<p>Yliopistojen biologian kentt\u00e4kurssien opettajat kokoontuivat Konneveden tutkimusasemalle Biopeda-hankkeen kolmep\u00e4iv\u00e4iseen seminaariin. Koneen s\u00e4\u00e4ti\u00f6n rahoittaman hankkeen keskeinen tavoite on eri yliopistojen ja tutkimusasemien v\u00e4lisen yhteisty\u00f6n kehitt\u00e4minen maasto-opetuksessa. Yliopistot vastaavat antamansa koulutuksen ja tutkintojen laadusta. Esimerkiksi Suomen yliopistot UNIFI ry on kannattanut korkeakoulujen nykyist\u00e4 laajempaa opetusyhteisty\u00f6t\u00e4. Tarkoituksena on parantaa ja tehostaa opetusresurssien yhteisk\u00e4ytt\u00f6\u00e4, joustavoittaa opintopolkuja ja tuoda opetustarjontaa [&hellip;]<\/p>\n","protected":false},"author":611,"featured_media":0,"comment_status":"closed","ping_status":"open","sticky":false,"template":"","format":"standard","meta":{"_acf_changed":false,"footnotes":""},"categories":[1],"tags":[60],"class_list":["post-963","post","type-post","status-publish","format-standard","hentry","category-hankekuulumiset","tag-biopeda"],"acf":[],"yoast_head":"<!-- This site is optimized with the Yoast SEO plugin v27.3 - https:\/\/yoast.com\/product\/yoast-seo-wordpress\/ -->\n<title>Biopeda-hankkeen blogi (2017): Yliopisto-opettajat rakentamassa maasto-opetuksen valtakunnallista yhteisty\u00f6t\u00e4 - Biodiversiteettikoulutusverkosto<\/title>\n<meta name=\"robots\" content=\"index, follow, max-snippet:-1, max-image-preview:large, max-video-preview:-1\" \/>\n<link rel=\"canonical\" href=\"https:\/\/blogs2.uef.fi\/biodiversityeducation-vanha\/2017\/09\/19\/biopeda-hankkeen-blogi-2017-yliopisto-opettajat-rakentamassa-maasto-opetuksen-valtakunnallista-yhteistyota\/\" \/>\n<meta property=\"og:locale\" content=\"fi_FI\" \/>\n<meta property=\"og:type\" content=\"article\" \/>\n<meta property=\"og:title\" content=\"Biopeda-hankkeen blogi (2017): Yliopisto-opettajat rakentamassa maasto-opetuksen valtakunnallista yhteisty\u00f6t\u00e4 - Biodiversiteettikoulutusverkosto\" \/>\n<meta property=\"og:description\" content=\"Yliopistojen biologian kentt\u00e4kurssien opettajat kokoontuivat Konneveden tutkimusasemalle Biopeda-hankkeen kolmep\u00e4iv\u00e4iseen seminaariin. Koneen s\u00e4\u00e4ti\u00f6n rahoittaman hankkeen keskeinen tavoite on eri yliopistojen ja tutkimusasemien v\u00e4lisen yhteisty\u00f6n kehitt\u00e4minen maasto-opetuksessa. Yliopistot vastaavat antamansa koulutuksen ja tutkintojen laadusta. Esimerkiksi Suomen yliopistot UNIFI ry on kannattanut korkeakoulujen nykyist\u00e4 laajempaa opetusyhteisty\u00f6t\u00e4. Tarkoituksena on parantaa ja tehostaa opetusresurssien yhteisk\u00e4ytt\u00f6\u00e4, joustavoittaa opintopolkuja ja tuoda opetustarjontaa [&hellip;]\" \/>\n<meta property=\"og:url\" content=\"https:\/\/blogs2.uef.fi\/biodiversityeducation-vanha\/2017\/09\/19\/biopeda-hankkeen-blogi-2017-yliopisto-opettajat-rakentamassa-maasto-opetuksen-valtakunnallista-yhteistyota\/\" \/>\n<meta property=\"og:site_name\" content=\"Biodiversiteettikoulutusverkosto\" \/>\n<meta property=\"article:published_time\" content=\"2017-09-19T10:42:00+00:00\" \/>\n<meta property=\"article:modified_time\" content=\"2023-03-15T13:55:31+00:00\" \/>\n<meta name=\"author\" content=\"kooders\" \/>\n<meta name=\"twitter:card\" content=\"summary_large_image\" \/>\n<meta name=\"twitter:label1\" content=\"Kirjoittanut\" \/>\n\t<meta name=\"twitter:data1\" content=\"kooders\" \/>\n\t<meta name=\"twitter:label2\" content=\"Arvioitu lukuaika\" \/>\n\t<meta name=\"twitter:data2\" content=\"1 minuutti\" \/>\n<script type=\"application\/ld+json\" class=\"yoast-schema-graph\">{\"@context\":\"https:\\\/\\\/schema.org\",\"@graph\":[{\"@type\":\"Article\",\"@id\":\"https:\\\/\\\/blogs2.uef.fi\\\/biodiversityeducation-vanha\\\/2017\\\/09\\\/19\\\/biopeda-hankkeen-blogi-2017-yliopisto-opettajat-rakentamassa-maasto-opetuksen-valtakunnallista-yhteistyota\\\/#article\",\"isPartOf\":{\"@id\":\"https:\\\/\\\/blogs2.uef.fi\\\/biodiversityeducation-vanha\\\/2017\\\/09\\\/19\\\/biopeda-hankkeen-blogi-2017-yliopisto-opettajat-rakentamassa-maasto-opetuksen-valtakunnallista-yhteistyota\\\/\"},\"author\":{\"name\":\"kooders\",\"@id\":\"https:\\\/\\\/blogs2.uef.fi\\\/biodiversityeducation-vanha\\\/#\\\/schema\\\/person\\\/aafdd26c1ef4edf4a080b86c113b9fbb\"},\"headline\":\"Biopeda-hankkeen blogi (2017): Yliopisto-opettajat rakentamassa maasto-opetuksen valtakunnallista yhteisty\u00f6t\u00e4\",\"datePublished\":\"2017-09-19T10:42:00+00:00\",\"dateModified\":\"2023-03-15T13:55:31+00:00\",\"mainEntityOfPage\":{\"@id\":\"https:\\\/\\\/blogs2.uef.fi\\\/biodiversityeducation-vanha\\\/2017\\\/09\\\/19\\\/biopeda-hankkeen-blogi-2017-yliopisto-opettajat-rakentamassa-maasto-opetuksen-valtakunnallista-yhteistyota\\\/\"},\"wordCount\":259,\"publisher\":{\"@id\":\"https:\\\/\\\/blogs2.uef.fi\\\/biodiversityeducation-vanha\\\/#organization\"},\"keywords\":[\"Biopeda\"],\"articleSection\":[\"Hankekuulumiset\"],\"inLanguage\":\"fi\"},{\"@type\":\"WebPage\",\"@id\":\"https:\\\/\\\/blogs2.uef.fi\\\/biodiversityeducation-vanha\\\/2017\\\/09\\\/19\\\/biopeda-hankkeen-blogi-2017-yliopisto-opettajat-rakentamassa-maasto-opetuksen-valtakunnallista-yhteistyota\\\/\",\"url\":\"https:\\\/\\\/blogs2.uef.fi\\\/biodiversityeducation-vanha\\\/2017\\\/09\\\/19\\\/biopeda-hankkeen-blogi-2017-yliopisto-opettajat-rakentamassa-maasto-opetuksen-valtakunnallista-yhteistyota\\\/\",\"name\":\"Biopeda-hankkeen blogi (2017): Yliopisto-opettajat rakentamassa maasto-opetuksen valtakunnallista yhteisty\u00f6t\u00e4 - Biodiversiteettikoulutusverkosto\",\"isPartOf\":{\"@id\":\"https:\\\/\\\/blogs2.uef.fi\\\/biodiversityeducation-vanha\\\/#website\"},\"datePublished\":\"2017-09-19T10:42:00+00:00\",\"dateModified\":\"2023-03-15T13:55:31+00:00\",\"inLanguage\":\"fi\",\"potentialAction\":[{\"@type\":\"ReadAction\",\"target\":[\"https:\\\/\\\/blogs2.uef.fi\\\/biodiversityeducation-vanha\\\/2017\\\/09\\\/19\\\/biopeda-hankkeen-blogi-2017-yliopisto-opettajat-rakentamassa-maasto-opetuksen-valtakunnallista-yhteistyota\\\/\"]}]},{\"@type\":\"WebSite\",\"@id\":\"https:\\\/\\\/blogs2.uef.fi\\\/biodiversityeducation-vanha\\\/#website\",\"url\":\"https:\\\/\\\/blogs2.uef.fi\\\/biodiversityeducation-vanha\\\/\",\"name\":\"Biodiversiteettikoulutusverkosto\",\"description\":\"\",\"publisher\":{\"@id\":\"https:\\\/\\\/blogs2.uef.fi\\\/biodiversityeducation-vanha\\\/#organization\"},\"potentialAction\":[{\"@type\":\"SearchAction\",\"target\":{\"@type\":\"EntryPoint\",\"urlTemplate\":\"https:\\\/\\\/blogs2.uef.fi\\\/biodiversityeducation-vanha\\\/?s={search_term_string}\"},\"query-input\":{\"@type\":\"PropertyValueSpecification\",\"valueRequired\":true,\"valueName\":\"search_term_string\"}}],\"inLanguage\":\"fi\"},{\"@type\":\"Organization\",\"@id\":\"https:\\\/\\\/blogs2.uef.fi\\\/biodiversityeducation-vanha\\\/#organization\",\"name\":\"Biodiversiteettikoulutusverkosto\",\"url\":\"https:\\\/\\\/blogs2.uef.fi\\\/biodiversityeducation-vanha\\\/\",\"logo\":{\"@type\":\"ImageObject\",\"inLanguage\":\"fi\",\"@id\":\"https:\\\/\\\/blogs2.uef.fi\\\/biodiversityeducation-vanha\\\/#\\\/schema\\\/logo\\\/image\\\/\",\"url\":\"https:\\\/\\\/blogs2.uef.fi\\\/biodiversityeducation-vanha\\\/wp-content\\\/uploads\\\/sites\\\/110\\\/2023\\\/01\\\/Logo-ja-teksti.png\",\"contentUrl\":\"https:\\\/\\\/blogs2.uef.fi\\\/biodiversityeducation-vanha\\\/wp-content\\\/uploads\\\/sites\\\/110\\\/2023\\\/01\\\/Logo-ja-teksti.png\",\"width\":785,\"height\":247,\"caption\":\"Biodiversiteettikoulutusverkosto\"},\"image\":{\"@id\":\"https:\\\/\\\/blogs2.uef.fi\\\/biodiversityeducation-vanha\\\/#\\\/schema\\\/logo\\\/image\\\/\"}},{\"@type\":\"Person\",\"@id\":\"https:\\\/\\\/blogs2.uef.fi\\\/biodiversityeducation-vanha\\\/#\\\/schema\\\/person\\\/aafdd26c1ef4edf4a080b86c113b9fbb\",\"name\":\"kooders\",\"image\":{\"@type\":\"ImageObject\",\"inLanguage\":\"fi\",\"@id\":\"https:\\\/\\\/secure.gravatar.com\\\/avatar\\\/27c6f0d998226cd3aac69b7071a685c1c0427bcb2dcb1d313d098c47e7746fc9?s=96&d=mm&r=g\",\"url\":\"https:\\\/\\\/secure.gravatar.com\\\/avatar\\\/27c6f0d998226cd3aac69b7071a685c1c0427bcb2dcb1d313d098c47e7746fc9?s=96&d=mm&r=g\",\"contentUrl\":\"https:\\\/\\\/secure.gravatar.com\\\/avatar\\\/27c6f0d998226cd3aac69b7071a685c1c0427bcb2dcb1d313d098c47e7746fc9?s=96&d=mm&r=g\",\"caption\":\"kooders\"},\"sameAs\":[\"https:\\\/\\\/www.biodiversityeducation.fi\"],\"url\":\"https:\\\/\\\/blogs2.uef.fi\\\/biodiversityeducation-vanha\\\/author\\\/kooders\\\/\"}]}<\/script>\n<!-- \/ Yoast SEO plugin. -->","yoast_head_json":{"title":"Biopeda-hankkeen blogi (2017): Yliopisto-opettajat rakentamassa maasto-opetuksen valtakunnallista yhteisty\u00f6t\u00e4 - Biodiversiteettikoulutusverkosto","robots":{"index":"index","follow":"follow","max-snippet":"max-snippet:-1","max-image-preview":"max-image-preview:large","max-video-preview":"max-video-preview:-1"},"canonical":"https:\/\/blogs2.uef.fi\/biodiversityeducation-vanha\/2017\/09\/19\/biopeda-hankkeen-blogi-2017-yliopisto-opettajat-rakentamassa-maasto-opetuksen-valtakunnallista-yhteistyota\/","og_locale":"fi_FI","og_type":"article","og_title":"Biopeda-hankkeen blogi (2017): Yliopisto-opettajat rakentamassa maasto-opetuksen valtakunnallista yhteisty\u00f6t\u00e4 - Biodiversiteettikoulutusverkosto","og_description":"Yliopistojen biologian kentt\u00e4kurssien opettajat kokoontuivat Konneveden tutkimusasemalle Biopeda-hankkeen kolmep\u00e4iv\u00e4iseen seminaariin. Koneen s\u00e4\u00e4ti\u00f6n rahoittaman hankkeen keskeinen tavoite on eri yliopistojen ja tutkimusasemien v\u00e4lisen yhteisty\u00f6n kehitt\u00e4minen maasto-opetuksessa. Yliopistot vastaavat antamansa koulutuksen ja tutkintojen laadusta. Esimerkiksi Suomen yliopistot UNIFI ry on kannattanut korkeakoulujen nykyist\u00e4 laajempaa opetusyhteisty\u00f6t\u00e4. Tarkoituksena on parantaa ja tehostaa opetusresurssien yhteisk\u00e4ytt\u00f6\u00e4, joustavoittaa opintopolkuja ja tuoda opetustarjontaa [&hellip;]","og_url":"https:\/\/blogs2.uef.fi\/biodiversityeducation-vanha\/2017\/09\/19\/biopeda-hankkeen-blogi-2017-yliopisto-opettajat-rakentamassa-maasto-opetuksen-valtakunnallista-yhteistyota\/","og_site_name":"Biodiversiteettikoulutusverkosto","article_published_time":"2017-09-19T10:42:00+00:00","article_modified_time":"2023-03-15T13:55:31+00:00","author":"kooders","twitter_card":"summary_large_image","twitter_misc":{"Kirjoittanut":"kooders","Arvioitu lukuaika":"1 minuutti"},"schema":{"@context":"https:\/\/schema.org","@graph":[{"@type":"Article","@id":"https:\/\/blogs2.uef.fi\/biodiversityeducation-vanha\/2017\/09\/19\/biopeda-hankkeen-blogi-2017-yliopisto-opettajat-rakentamassa-maasto-opetuksen-valtakunnallista-yhteistyota\/#article","isPartOf":{"@id":"https:\/\/blogs2.uef.fi\/biodiversityeducation-vanha\/2017\/09\/19\/biopeda-hankkeen-blogi-2017-yliopisto-opettajat-rakentamassa-maasto-opetuksen-valtakunnallista-yhteistyota\/"},"author":{"name":"kooders","@id":"https:\/\/blogs2.uef.fi\/biodiversityeducation-vanha\/#\/schema\/person\/aafdd26c1ef4edf4a080b86c113b9fbb"},"headline":"Biopeda-hankkeen blogi (2017): Yliopisto-opettajat rakentamassa maasto-opetuksen valtakunnallista yhteisty\u00f6t\u00e4","datePublished":"2017-09-19T10:42:00+00:00","dateModified":"2023-03-15T13:55:31+00:00","mainEntityOfPage":{"@id":"https:\/\/blogs2.uef.fi\/biodiversityeducation-vanha\/2017\/09\/19\/biopeda-hankkeen-blogi-2017-yliopisto-opettajat-rakentamassa-maasto-opetuksen-valtakunnallista-yhteistyota\/"},"wordCount":259,"publisher":{"@id":"https:\/\/blogs2.uef.fi\/biodiversityeducation-vanha\/#organization"},"keywords":["Biopeda"],"articleSection":["Hankekuulumiset"],"inLanguage":"fi"},{"@type":"WebPage","@id":"https:\/\/blogs2.uef.fi\/biodiversityeducation-vanha\/2017\/09\/19\/biopeda-hankkeen-blogi-2017-yliopisto-opettajat-rakentamassa-maasto-opetuksen-valtakunnallista-yhteistyota\/","url":"https:\/\/blogs2.uef.fi\/biodiversityeducation-vanha\/2017\/09\/19\/biopeda-hankkeen-blogi-2017-yliopisto-opettajat-rakentamassa-maasto-opetuksen-valtakunnallista-yhteistyota\/","name":"Biopeda-hankkeen blogi (2017): Yliopisto-opettajat rakentamassa maasto-opetuksen valtakunnallista yhteisty\u00f6t\u00e4 - Biodiversiteettikoulutusverkosto","isPartOf":{"@id":"https:\/\/blogs2.uef.fi\/biodiversityeducation-vanha\/#website"},"datePublished":"2017-09-19T10:42:00+00:00","dateModified":"2023-03-15T13:55:31+00:00","inLanguage":"fi","potentialAction":[{"@type":"ReadAction","target":["https:\/\/blogs2.uef.fi\/biodiversityeducation-vanha\/2017\/09\/19\/biopeda-hankkeen-blogi-2017-yliopisto-opettajat-rakentamassa-maasto-opetuksen-valtakunnallista-yhteistyota\/"]}]},{"@type":"WebSite","@id":"https:\/\/blogs2.uef.fi\/biodiversityeducation-vanha\/#website","url":"https:\/\/blogs2.uef.fi\/biodiversityeducation-vanha\/","name":"Biodiversiteettikoulutusverkosto","description":"","publisher":{"@id":"https:\/\/blogs2.uef.fi\/biodiversityeducation-vanha\/#organization"},"potentialAction":[{"@type":"SearchAction","target":{"@type":"EntryPoint","urlTemplate":"https:\/\/blogs2.uef.fi\/biodiversityeducation-vanha\/?s={search_term_string}"},"query-input":{"@type":"PropertyValueSpecification","valueRequired":true,"valueName":"search_term_string"}}],"inLanguage":"fi"},{"@type":"Organization","@id":"https:\/\/blogs2.uef.fi\/biodiversityeducation-vanha\/#organization","name":"Biodiversiteettikoulutusverkosto","url":"https:\/\/blogs2.uef.fi\/biodiversityeducation-vanha\/","logo":{"@type":"ImageObject","inLanguage":"fi","@id":"https:\/\/blogs2.uef.fi\/biodiversityeducation-vanha\/#\/schema\/logo\/image\/","url":"https:\/\/blogs2.uef.fi\/biodiversityeducation-vanha\/wp-content\/uploads\/sites\/110\/2023\/01\/Logo-ja-teksti.png","contentUrl":"https:\/\/blogs2.uef.fi\/biodiversityeducation-vanha\/wp-content\/uploads\/sites\/110\/2023\/01\/Logo-ja-teksti.png","width":785,"height":247,"caption":"Biodiversiteettikoulutusverkosto"},"image":{"@id":"https:\/\/blogs2.uef.fi\/biodiversityeducation-vanha\/#\/schema\/logo\/image\/"}},{"@type":"Person","@id":"https:\/\/blogs2.uef.fi\/biodiversityeducation-vanha\/#\/schema\/person\/aafdd26c1ef4edf4a080b86c113b9fbb","name":"kooders","image":{"@type":"ImageObject","inLanguage":"fi","@id":"https:\/\/secure.gravatar.com\/avatar\/27c6f0d998226cd3aac69b7071a685c1c0427bcb2dcb1d313d098c47e7746fc9?s=96&d=mm&r=g","url":"https:\/\/secure.gravatar.com\/avatar\/27c6f0d998226cd3aac69b7071a685c1c0427bcb2dcb1d313d098c47e7746fc9?s=96&d=mm&r=g","contentUrl":"https:\/\/secure.gravatar.com\/avatar\/27c6f0d998226cd3aac69b7071a685c1c0427bcb2dcb1d313d098c47e7746fc9?s=96&d=mm&r=g","caption":"kooders"},"sameAs":["https:\/\/www.biodiversityeducation.fi"],"url":"https:\/\/blogs2.uef.fi\/biodiversityeducation-vanha\/author\/kooders\/"}]}},"_links":{"self":[{"href":"https:\/\/blogs2.uef.fi\/biodiversityeducation-vanha\/wp-json\/wp\/v2\/posts\/963","targetHints":{"allow":["GET"]}}],"collection":[{"href":"https:\/\/blogs2.uef.fi\/biodiversityeducation-vanha\/wp-json\/wp\/v2\/posts"}],"about":[{"href":"https:\/\/blogs2.uef.fi\/biodiversityeducation-vanha\/wp-json\/wp\/v2\/types\/post"}],"author":[{"embeddable":true,"href":"https:\/\/blogs2.uef.fi\/biodiversityeducation-vanha\/wp-json\/wp\/v2\/users\/611"}],"replies":[{"embeddable":true,"href":"https:\/\/blogs2.uef.fi\/biodiversityeducation-vanha\/wp-json\/wp\/v2\/comments?post=963"}],"version-history":[{"count":1,"href":"https:\/\/blogs2.uef.fi\/biodiversityeducation-vanha\/wp-json\/wp\/v2\/posts\/963\/revisions"}],"predecessor-version":[{"id":964,"href":"https:\/\/blogs2.uef.fi\/biodiversityeducation-vanha\/wp-json\/wp\/v2\/posts\/963\/revisions\/964"}],"wp:attachment":[{"href":"https:\/\/blogs2.uef.fi\/biodiversityeducation-vanha\/wp-json\/wp\/v2\/media?parent=963"}],"wp:term":[{"taxonomy":"category","embeddable":true,"href":"https:\/\/blogs2.uef.fi\/biodiversityeducation-vanha\/wp-json\/wp\/v2\/categories?post=963"},{"taxonomy":"post_tag","embeddable":true,"href":"https:\/\/blogs2.uef.fi\/biodiversityeducation-vanha\/wp-json\/wp\/v2\/tags?post=963"}],"curies":[{"name":"wp","href":"https:\/\/api.w.org\/{rel}","templated":true}]}}