{"id":991,"date":"2021-09-28T13:49:00","date_gmt":"2021-09-28T10:49:00","guid":{"rendered":"https:\/\/www.biodiversityeducation.fi\/?p=991"},"modified":"2023-03-15T15:49:25","modified_gmt":"2023-03-15T13:49:25","slug":"yhteistyoverkoston-rakentamista-ja-kurssikartoitusta-9-2021","status":"publish","type":"post","link":"https:\/\/blogs2.uef.fi\/biodiversityeducation-vanha\/2021\/09\/28\/yhteistyoverkoston-rakentamista-ja-kurssikartoitusta-9-2021\/","title":{"rendered":"Yhteisty\u00f6verkoston rakentamista ja kurssikartoitusta (9\/2021)"},"content":{"rendered":"\n<figure class=\"wp-block-image size-full\"><img loading=\"lazy\" decoding=\"async\" width=\"1024\" height=\"753\" src=\"https:\/\/blogs2.uef.fi\/wp-content\/uploads\/sites\/110\/2023\/03\/Shirley-Hirst-lehdet.jpg\" alt=\"syyslehdet-blogikuva\" class=\"wp-image-992\" srcset=\"https:\/\/blogs2.uef.fi\/biodiversityeducation-vanha\/wp-content\/uploads\/sites\/110\/2023\/03\/Shirley-Hirst-lehdet.jpg 1024w, https:\/\/blogs2.uef.fi\/biodiversityeducation-vanha\/wp-content\/uploads\/sites\/110\/2023\/03\/Shirley-Hirst-lehdet-300x221.jpg 300w, https:\/\/blogs2.uef.fi\/biodiversityeducation-vanha\/wp-content\/uploads\/sites\/110\/2023\/03\/Shirley-Hirst-lehdet-768x565.jpg 768w\" sizes=\"auto, (max-width: 1024px) 100vw, 1024px\" \/><\/figure>\n\n\n\n<p>Hienoa, ett\u00e4 olet l\u00f6yt\u00e4nyt t\u00e4nne. Aivan upouusille nettisivuillemme ja blogiarkistoomme! Nettisivut t\u00e4ydentyv\u00e4t hankkeen edetess\u00e4.<\/p>\n\n\n\n<p>Yliopistojen verkostomaisen yhteisty\u00f6n kehitt\u00e4minen biodiversiteettikoulutuksen tiimoilta on k\u00e4ynnistynyt.<\/p>\n\n\n\n<p>Opetus- ja kulttuuriministeri\u00f6 my\u00f6nsi hankkeellemme tuen ja p\u00e4\u00e4simmekin aloittamaan hankety\u00f6n kev\u00e4\u00e4n 2021 aikana. Kyseess\u00e4 on It\u00e4-Suomen, Helsingin, Jyv\u00e4skyl\u00e4n, Turun ja Oulun yliopistojen yhteinen hanke, joka pyrkii vastaamaan monimuotoisuuskysymyksiin koulutuksen keinoin.<\/p>\n\n\n\n<p>Iloksemme hanke on otettu vastaan kiinnostuksella. Hankkeen alkutoimiin on kuulunut hallinnollisia asioita aina puitesopimuksista johtoryhm\u00e4n kokoamiseen ja budjetointiin. Keskeisess\u00e4 osassa ovat olleet hankkeen esittely ja suunnitteluryhm\u00e4n kokoaminen. Ja olemmekin saaneet mukaan laajan joukon asiantuntijoita kaikista viidest\u00e4 yliopistosta. Mukana on biodiversiteettiasioiden substanssiosaamista ja vahvaa pedagogista n\u00e4kemyst\u00e4, mik\u00e4 mahdollistaa monitieteisen ja tutkimusperustaisen opintojen kehitt\u00e4misen suunnittelun. Lis\u00e4ksi olemme perustaneet hankkeelle n\u00e4m\u00e4 nettisivut ja tehneet yhteisty\u00f6t\u00e4 muiden koulutusverkostohankkeiden kanssa. Koulutusyhteisty\u00f6 on nyt hyvin ajankohtaista muillakin aloilla.<\/p>\n\n\n\n<p>Hanke on siis saatu potkaistua k\u00e4yntiin ja nyt syksyn my\u00f6t\u00e4 vauhtimme vain kiihtyy! Luvassa on monimuotoisuusaiheisten kurssien kartoituksen jatkamista, osaamistarpeiden tunnistamista ja monien k\u00e4yt\u00e4nn\u00f6n kysymysten pohdintaa aina ristiinopiskelun periaatteista opintopisteisiin ja kurssien tasoista vastuunjakoihin. T\u00e4lt\u00e4 pohjalta saadaan syksyn aikana valittua ne kurssit, joita l\u00e4hdet\u00e4\u00e4n kehitt\u00e4m\u00e4\u00e4n biodiversiteettikoulutusverkoston voimin.<\/p>\n\n\n\n<p>Verkoston toimivuuden edellytyksen\u00e4 n\u00e4emme tiiviin yhteisty\u00f6n ja keskustelun, yhteisen p\u00e4\u00e4m\u00e4\u00e4r\u00e4n sek\u00e4 selke\u00e4t tavoitteet ja suunnitelmat. Asiantuntijuuden kokoaminen porukalla edist\u00e4\u00e4 sek\u00e4 asiasis\u00e4lt\u00f6jen kehitt\u00e4mist\u00e4 ett\u00e4 verkoston keskin\u00e4ist\u00e4 kommunikaatiota.<\/p>\n\n\n\n<p>Ps. Jatkamme BioPeda-hankkeessa tehty\u00e4 ty\u00f6t\u00e4 maasto-opetuksen kehitt\u00e4miseksi.<\/p>\n\n\n\n<p>Monimuotoista syksy\u00e4!<\/p>\n\n\n\n<p>Seuraathan meit\u00e4 my\u00f6s Twitterin puolella.<\/p>\n\n\n\n<p>Elli H\u00e4mynen, koordinaattori<\/p>\n","protected":false},"excerpt":{"rendered":"<p>Hienoa, ett\u00e4 olet l\u00f6yt\u00e4nyt t\u00e4nne. Aivan upouusille nettisivuillemme ja blogiarkistoomme! Nettisivut t\u00e4ydentyv\u00e4t hankkeen edetess\u00e4. Yliopistojen verkostomaisen yhteisty\u00f6n kehitt\u00e4minen biodiversiteettikoulutuksen tiimoilta on k\u00e4ynnistynyt. Opetus- ja kulttuuriministeri\u00f6 my\u00f6nsi hankkeellemme tuen ja p\u00e4\u00e4simmekin aloittamaan hankety\u00f6n kev\u00e4\u00e4n 2021 aikana. Kyseess\u00e4 on It\u00e4-Suomen, Helsingin, Jyv\u00e4skyl\u00e4n, Turun ja Oulun yliopistojen yhteinen hanke, joka pyrkii vastaamaan monimuotoisuuskysymyksiin koulutuksen keinoin. Iloksemme hanke on [&hellip;]<\/p>\n","protected":false},"author":611,"featured_media":992,"comment_status":"closed","ping_status":"open","sticky":false,"template":"","format":"standard","meta":{"_acf_changed":false,"footnotes":""},"categories":[1],"tags":[26,59],"class_list":["post-991","post","type-post","status-publish","format-standard","has-post-thumbnail","hentry","category-hankekuulumiset","tag-opetusyhteistyo","tag-verkoston-rakentaminen"],"acf":[],"yoast_head":"<!-- This site is optimized with the Yoast SEO plugin v27.3 - https:\/\/yoast.com\/product\/yoast-seo-wordpress\/ -->\n<title>Yhteisty\u00f6verkoston rakentamista ja kurssikartoitusta (9\/2021) - Biodiversiteettikoulutusverkosto<\/title>\n<meta name=\"robots\" content=\"index, follow, max-snippet:-1, max-image-preview:large, max-video-preview:-1\" \/>\n<link rel=\"canonical\" href=\"https:\/\/blogs2.uef.fi\/biodiversityeducation-vanha\/2021\/09\/28\/yhteistyoverkoston-rakentamista-ja-kurssikartoitusta-9-2021\/\" \/>\n<meta property=\"og:locale\" content=\"fi_FI\" \/>\n<meta property=\"og:type\" content=\"article\" \/>\n<meta property=\"og:title\" content=\"Yhteisty\u00f6verkoston rakentamista ja kurssikartoitusta (9\/2021) - Biodiversiteettikoulutusverkosto\" \/>\n<meta property=\"og:description\" content=\"Hienoa, ett\u00e4 olet l\u00f6yt\u00e4nyt t\u00e4nne. Aivan upouusille nettisivuillemme ja blogiarkistoomme! Nettisivut t\u00e4ydentyv\u00e4t hankkeen edetess\u00e4. Yliopistojen verkostomaisen yhteisty\u00f6n kehitt\u00e4minen biodiversiteettikoulutuksen tiimoilta on k\u00e4ynnistynyt. Opetus- ja kulttuuriministeri\u00f6 my\u00f6nsi hankkeellemme tuen ja p\u00e4\u00e4simmekin aloittamaan hankety\u00f6n kev\u00e4\u00e4n 2021 aikana. Kyseess\u00e4 on It\u00e4-Suomen, Helsingin, Jyv\u00e4skyl\u00e4n, Turun ja Oulun yliopistojen yhteinen hanke, joka pyrkii vastaamaan monimuotoisuuskysymyksiin koulutuksen keinoin. Iloksemme hanke on [&hellip;]\" \/>\n<meta property=\"og:url\" content=\"https:\/\/blogs2.uef.fi\/biodiversityeducation-vanha\/2021\/09\/28\/yhteistyoverkoston-rakentamista-ja-kurssikartoitusta-9-2021\/\" \/>\n<meta property=\"og:site_name\" content=\"Biodiversiteettikoulutusverkosto\" \/>\n<meta property=\"article:published_time\" content=\"2021-09-28T10:49:00+00:00\" \/>\n<meta property=\"article:modified_time\" content=\"2023-03-15T13:49:25+00:00\" \/>\n<meta property=\"og:image\" content=\"https:\/\/blogs2.uef.fi\/biodiversityeducation-vanha\/wp-content\/uploads\/sites\/110\/2023\/03\/Shirley-Hirst-lehdet.jpg\" \/>\n\t<meta property=\"og:image:width\" content=\"1024\" \/>\n\t<meta property=\"og:image:height\" content=\"753\" \/>\n\t<meta property=\"og:image:type\" content=\"image\/jpeg\" \/>\n<meta name=\"author\" content=\"kooders\" \/>\n<meta name=\"twitter:card\" content=\"summary_large_image\" \/>\n<meta name=\"twitter:label1\" content=\"Kirjoittanut\" \/>\n\t<meta name=\"twitter:data1\" content=\"kooders\" \/>\n\t<meta name=\"twitter:label2\" content=\"Arvioitu lukuaika\" \/>\n\t<meta name=\"twitter:data2\" content=\"1 minuutti\" \/>\n<script type=\"application\/ld+json\" class=\"yoast-schema-graph\">{\"@context\":\"https:\\\/\\\/schema.org\",\"@graph\":[{\"@type\":\"Article\",\"@id\":\"https:\\\/\\\/blogs2.uef.fi\\\/biodiversityeducation-vanha\\\/2021\\\/09\\\/28\\\/yhteistyoverkoston-rakentamista-ja-kurssikartoitusta-9-2021\\\/#article\",\"isPartOf\":{\"@id\":\"https:\\\/\\\/blogs2.uef.fi\\\/biodiversityeducation-vanha\\\/2021\\\/09\\\/28\\\/yhteistyoverkoston-rakentamista-ja-kurssikartoitusta-9-2021\\\/\"},\"author\":{\"name\":\"kooders\",\"@id\":\"https:\\\/\\\/blogs2.uef.fi\\\/biodiversityeducation-vanha\\\/#\\\/schema\\\/person\\\/aafdd26c1ef4edf4a080b86c113b9fbb\"},\"headline\":\"Yhteisty\u00f6verkoston rakentamista ja kurssikartoitusta (9\\\/2021)\",\"datePublished\":\"2021-09-28T10:49:00+00:00\",\"dateModified\":\"2023-03-15T13:49:25+00:00\",\"mainEntityOfPage\":{\"@id\":\"https:\\\/\\\/blogs2.uef.fi\\\/biodiversityeducation-vanha\\\/2021\\\/09\\\/28\\\/yhteistyoverkoston-rakentamista-ja-kurssikartoitusta-9-2021\\\/\"},\"wordCount\":264,\"publisher\":{\"@id\":\"https:\\\/\\\/blogs2.uef.fi\\\/biodiversityeducation-vanha\\\/#organization\"},\"image\":{\"@id\":\"https:\\\/\\\/blogs2.uef.fi\\\/biodiversityeducation-vanha\\\/2021\\\/09\\\/28\\\/yhteistyoverkoston-rakentamista-ja-kurssikartoitusta-9-2021\\\/#primaryimage\"},\"thumbnailUrl\":\"https:\\\/\\\/blogs2.uef.fi\\\/biodiversityeducation-vanha\\\/wp-content\\\/uploads\\\/sites\\\/110\\\/2023\\\/03\\\/Shirley-Hirst-lehdet.jpg\",\"keywords\":[\"opetusyhteisty\u00f6\",\"Verkoston rakentaminen\"],\"articleSection\":[\"Hankekuulumiset\"],\"inLanguage\":\"fi\"},{\"@type\":\"WebPage\",\"@id\":\"https:\\\/\\\/blogs2.uef.fi\\\/biodiversityeducation-vanha\\\/2021\\\/09\\\/28\\\/yhteistyoverkoston-rakentamista-ja-kurssikartoitusta-9-2021\\\/\",\"url\":\"https:\\\/\\\/blogs2.uef.fi\\\/biodiversityeducation-vanha\\\/2021\\\/09\\\/28\\\/yhteistyoverkoston-rakentamista-ja-kurssikartoitusta-9-2021\\\/\",\"name\":\"Yhteisty\u00f6verkoston rakentamista ja kurssikartoitusta (9\\\/2021) - Biodiversiteettikoulutusverkosto\",\"isPartOf\":{\"@id\":\"https:\\\/\\\/blogs2.uef.fi\\\/biodiversityeducation-vanha\\\/#website\"},\"primaryImageOfPage\":{\"@id\":\"https:\\\/\\\/blogs2.uef.fi\\\/biodiversityeducation-vanha\\\/2021\\\/09\\\/28\\\/yhteistyoverkoston-rakentamista-ja-kurssikartoitusta-9-2021\\\/#primaryimage\"},\"image\":{\"@id\":\"https:\\\/\\\/blogs2.uef.fi\\\/biodiversityeducation-vanha\\\/2021\\\/09\\\/28\\\/yhteistyoverkoston-rakentamista-ja-kurssikartoitusta-9-2021\\\/#primaryimage\"},\"thumbnailUrl\":\"https:\\\/\\\/blogs2.uef.fi\\\/biodiversityeducation-vanha\\\/wp-content\\\/uploads\\\/sites\\\/110\\\/2023\\\/03\\\/Shirley-Hirst-lehdet.jpg\",\"datePublished\":\"2021-09-28T10:49:00+00:00\",\"dateModified\":\"2023-03-15T13:49:25+00:00\",\"inLanguage\":\"fi\",\"potentialAction\":[{\"@type\":\"ReadAction\",\"target\":[\"https:\\\/\\\/blogs2.uef.fi\\\/biodiversityeducation-vanha\\\/2021\\\/09\\\/28\\\/yhteistyoverkoston-rakentamista-ja-kurssikartoitusta-9-2021\\\/\"]}]},{\"@type\":\"ImageObject\",\"inLanguage\":\"fi\",\"@id\":\"https:\\\/\\\/blogs2.uef.fi\\\/biodiversityeducation-vanha\\\/2021\\\/09\\\/28\\\/yhteistyoverkoston-rakentamista-ja-kurssikartoitusta-9-2021\\\/#primaryimage\",\"url\":\"https:\\\/\\\/blogs2.uef.fi\\\/biodiversityeducation-vanha\\\/wp-content\\\/uploads\\\/sites\\\/110\\\/2023\\\/03\\\/Shirley-Hirst-lehdet.jpg\",\"contentUrl\":\"https:\\\/\\\/blogs2.uef.fi\\\/biodiversityeducation-vanha\\\/wp-content\\\/uploads\\\/sites\\\/110\\\/2023\\\/03\\\/Shirley-Hirst-lehdet.jpg\",\"width\":1024,\"height\":753,\"caption\":\"syyslehdet-blogikuva\"},{\"@type\":\"WebSite\",\"@id\":\"https:\\\/\\\/blogs2.uef.fi\\\/biodiversityeducation-vanha\\\/#website\",\"url\":\"https:\\\/\\\/blogs2.uef.fi\\\/biodiversityeducation-vanha\\\/\",\"name\":\"Biodiversiteettikoulutusverkosto\",\"description\":\"\",\"publisher\":{\"@id\":\"https:\\\/\\\/blogs2.uef.fi\\\/biodiversityeducation-vanha\\\/#organization\"},\"potentialAction\":[{\"@type\":\"SearchAction\",\"target\":{\"@type\":\"EntryPoint\",\"urlTemplate\":\"https:\\\/\\\/blogs2.uef.fi\\\/biodiversityeducation-vanha\\\/?s={search_term_string}\"},\"query-input\":{\"@type\":\"PropertyValueSpecification\",\"valueRequired\":true,\"valueName\":\"search_term_string\"}}],\"inLanguage\":\"fi\"},{\"@type\":\"Organization\",\"@id\":\"https:\\\/\\\/blogs2.uef.fi\\\/biodiversityeducation-vanha\\\/#organization\",\"name\":\"Biodiversiteettikoulutusverkosto\",\"url\":\"https:\\\/\\\/blogs2.uef.fi\\\/biodiversityeducation-vanha\\\/\",\"logo\":{\"@type\":\"ImageObject\",\"inLanguage\":\"fi\",\"@id\":\"https:\\\/\\\/blogs2.uef.fi\\\/biodiversityeducation-vanha\\\/#\\\/schema\\\/logo\\\/image\\\/\",\"url\":\"https:\\\/\\\/blogs2.uef.fi\\\/biodiversityeducation-vanha\\\/wp-content\\\/uploads\\\/sites\\\/110\\\/2023\\\/01\\\/Logo-ja-teksti.png\",\"contentUrl\":\"https:\\\/\\\/blogs2.uef.fi\\\/biodiversityeducation-vanha\\\/wp-content\\\/uploads\\\/sites\\\/110\\\/2023\\\/01\\\/Logo-ja-teksti.png\",\"width\":785,\"height\":247,\"caption\":\"Biodiversiteettikoulutusverkosto\"},\"image\":{\"@id\":\"https:\\\/\\\/blogs2.uef.fi\\\/biodiversityeducation-vanha\\\/#\\\/schema\\\/logo\\\/image\\\/\"}},{\"@type\":\"Person\",\"@id\":\"https:\\\/\\\/blogs2.uef.fi\\\/biodiversityeducation-vanha\\\/#\\\/schema\\\/person\\\/aafdd26c1ef4edf4a080b86c113b9fbb\",\"name\":\"kooders\",\"image\":{\"@type\":\"ImageObject\",\"inLanguage\":\"fi\",\"@id\":\"https:\\\/\\\/secure.gravatar.com\\\/avatar\\\/27c6f0d998226cd3aac69b7071a685c1c0427bcb2dcb1d313d098c47e7746fc9?s=96&d=mm&r=g\",\"url\":\"https:\\\/\\\/secure.gravatar.com\\\/avatar\\\/27c6f0d998226cd3aac69b7071a685c1c0427bcb2dcb1d313d098c47e7746fc9?s=96&d=mm&r=g\",\"contentUrl\":\"https:\\\/\\\/secure.gravatar.com\\\/avatar\\\/27c6f0d998226cd3aac69b7071a685c1c0427bcb2dcb1d313d098c47e7746fc9?s=96&d=mm&r=g\",\"caption\":\"kooders\"},\"sameAs\":[\"https:\\\/\\\/www.biodiversityeducation.fi\"],\"url\":\"https:\\\/\\\/blogs2.uef.fi\\\/biodiversityeducation-vanha\\\/author\\\/kooders\\\/\"}]}<\/script>\n<!-- \/ Yoast SEO plugin. -->","yoast_head_json":{"title":"Yhteisty\u00f6verkoston rakentamista ja kurssikartoitusta (9\/2021) - Biodiversiteettikoulutusverkosto","robots":{"index":"index","follow":"follow","max-snippet":"max-snippet:-1","max-image-preview":"max-image-preview:large","max-video-preview":"max-video-preview:-1"},"canonical":"https:\/\/blogs2.uef.fi\/biodiversityeducation-vanha\/2021\/09\/28\/yhteistyoverkoston-rakentamista-ja-kurssikartoitusta-9-2021\/","og_locale":"fi_FI","og_type":"article","og_title":"Yhteisty\u00f6verkoston rakentamista ja kurssikartoitusta (9\/2021) - Biodiversiteettikoulutusverkosto","og_description":"Hienoa, ett\u00e4 olet l\u00f6yt\u00e4nyt t\u00e4nne. Aivan upouusille nettisivuillemme ja blogiarkistoomme! Nettisivut t\u00e4ydentyv\u00e4t hankkeen edetess\u00e4. Yliopistojen verkostomaisen yhteisty\u00f6n kehitt\u00e4minen biodiversiteettikoulutuksen tiimoilta on k\u00e4ynnistynyt. Opetus- ja kulttuuriministeri\u00f6 my\u00f6nsi hankkeellemme tuen ja p\u00e4\u00e4simmekin aloittamaan hankety\u00f6n kev\u00e4\u00e4n 2021 aikana. Kyseess\u00e4 on It\u00e4-Suomen, Helsingin, Jyv\u00e4skyl\u00e4n, Turun ja Oulun yliopistojen yhteinen hanke, joka pyrkii vastaamaan monimuotoisuuskysymyksiin koulutuksen keinoin. Iloksemme hanke on [&hellip;]","og_url":"https:\/\/blogs2.uef.fi\/biodiversityeducation-vanha\/2021\/09\/28\/yhteistyoverkoston-rakentamista-ja-kurssikartoitusta-9-2021\/","og_site_name":"Biodiversiteettikoulutusverkosto","article_published_time":"2021-09-28T10:49:00+00:00","article_modified_time":"2023-03-15T13:49:25+00:00","og_image":[{"width":1024,"height":753,"url":"https:\/\/blogs2.uef.fi\/biodiversityeducation-vanha\/wp-content\/uploads\/sites\/110\/2023\/03\/Shirley-Hirst-lehdet.jpg","type":"image\/jpeg"}],"author":"kooders","twitter_card":"summary_large_image","twitter_misc":{"Kirjoittanut":"kooders","Arvioitu lukuaika":"1 minuutti"},"schema":{"@context":"https:\/\/schema.org","@graph":[{"@type":"Article","@id":"https:\/\/blogs2.uef.fi\/biodiversityeducation-vanha\/2021\/09\/28\/yhteistyoverkoston-rakentamista-ja-kurssikartoitusta-9-2021\/#article","isPartOf":{"@id":"https:\/\/blogs2.uef.fi\/biodiversityeducation-vanha\/2021\/09\/28\/yhteistyoverkoston-rakentamista-ja-kurssikartoitusta-9-2021\/"},"author":{"name":"kooders","@id":"https:\/\/blogs2.uef.fi\/biodiversityeducation-vanha\/#\/schema\/person\/aafdd26c1ef4edf4a080b86c113b9fbb"},"headline":"Yhteisty\u00f6verkoston rakentamista ja kurssikartoitusta (9\/2021)","datePublished":"2021-09-28T10:49:00+00:00","dateModified":"2023-03-15T13:49:25+00:00","mainEntityOfPage":{"@id":"https:\/\/blogs2.uef.fi\/biodiversityeducation-vanha\/2021\/09\/28\/yhteistyoverkoston-rakentamista-ja-kurssikartoitusta-9-2021\/"},"wordCount":264,"publisher":{"@id":"https:\/\/blogs2.uef.fi\/biodiversityeducation-vanha\/#organization"},"image":{"@id":"https:\/\/blogs2.uef.fi\/biodiversityeducation-vanha\/2021\/09\/28\/yhteistyoverkoston-rakentamista-ja-kurssikartoitusta-9-2021\/#primaryimage"},"thumbnailUrl":"https:\/\/blogs2.uef.fi\/biodiversityeducation-vanha\/wp-content\/uploads\/sites\/110\/2023\/03\/Shirley-Hirst-lehdet.jpg","keywords":["opetusyhteisty\u00f6","Verkoston rakentaminen"],"articleSection":["Hankekuulumiset"],"inLanguage":"fi"},{"@type":"WebPage","@id":"https:\/\/blogs2.uef.fi\/biodiversityeducation-vanha\/2021\/09\/28\/yhteistyoverkoston-rakentamista-ja-kurssikartoitusta-9-2021\/","url":"https:\/\/blogs2.uef.fi\/biodiversityeducation-vanha\/2021\/09\/28\/yhteistyoverkoston-rakentamista-ja-kurssikartoitusta-9-2021\/","name":"Yhteisty\u00f6verkoston rakentamista ja kurssikartoitusta (9\/2021) - Biodiversiteettikoulutusverkosto","isPartOf":{"@id":"https:\/\/blogs2.uef.fi\/biodiversityeducation-vanha\/#website"},"primaryImageOfPage":{"@id":"https:\/\/blogs2.uef.fi\/biodiversityeducation-vanha\/2021\/09\/28\/yhteistyoverkoston-rakentamista-ja-kurssikartoitusta-9-2021\/#primaryimage"},"image":{"@id":"https:\/\/blogs2.uef.fi\/biodiversityeducation-vanha\/2021\/09\/28\/yhteistyoverkoston-rakentamista-ja-kurssikartoitusta-9-2021\/#primaryimage"},"thumbnailUrl":"https:\/\/blogs2.uef.fi\/biodiversityeducation-vanha\/wp-content\/uploads\/sites\/110\/2023\/03\/Shirley-Hirst-lehdet.jpg","datePublished":"2021-09-28T10:49:00+00:00","dateModified":"2023-03-15T13:49:25+00:00","inLanguage":"fi","potentialAction":[{"@type":"ReadAction","target":["https:\/\/blogs2.uef.fi\/biodiversityeducation-vanha\/2021\/09\/28\/yhteistyoverkoston-rakentamista-ja-kurssikartoitusta-9-2021\/"]}]},{"@type":"ImageObject","inLanguage":"fi","@id":"https:\/\/blogs2.uef.fi\/biodiversityeducation-vanha\/2021\/09\/28\/yhteistyoverkoston-rakentamista-ja-kurssikartoitusta-9-2021\/#primaryimage","url":"https:\/\/blogs2.uef.fi\/biodiversityeducation-vanha\/wp-content\/uploads\/sites\/110\/2023\/03\/Shirley-Hirst-lehdet.jpg","contentUrl":"https:\/\/blogs2.uef.fi\/biodiversityeducation-vanha\/wp-content\/uploads\/sites\/110\/2023\/03\/Shirley-Hirst-lehdet.jpg","width":1024,"height":753,"caption":"syyslehdet-blogikuva"},{"@type":"WebSite","@id":"https:\/\/blogs2.uef.fi\/biodiversityeducation-vanha\/#website","url":"https:\/\/blogs2.uef.fi\/biodiversityeducation-vanha\/","name":"Biodiversiteettikoulutusverkosto","description":"","publisher":{"@id":"https:\/\/blogs2.uef.fi\/biodiversityeducation-vanha\/#organization"},"potentialAction":[{"@type":"SearchAction","target":{"@type":"EntryPoint","urlTemplate":"https:\/\/blogs2.uef.fi\/biodiversityeducation-vanha\/?s={search_term_string}"},"query-input":{"@type":"PropertyValueSpecification","valueRequired":true,"valueName":"search_term_string"}}],"inLanguage":"fi"},{"@type":"Organization","@id":"https:\/\/blogs2.uef.fi\/biodiversityeducation-vanha\/#organization","name":"Biodiversiteettikoulutusverkosto","url":"https:\/\/blogs2.uef.fi\/biodiversityeducation-vanha\/","logo":{"@type":"ImageObject","inLanguage":"fi","@id":"https:\/\/blogs2.uef.fi\/biodiversityeducation-vanha\/#\/schema\/logo\/image\/","url":"https:\/\/blogs2.uef.fi\/biodiversityeducation-vanha\/wp-content\/uploads\/sites\/110\/2023\/01\/Logo-ja-teksti.png","contentUrl":"https:\/\/blogs2.uef.fi\/biodiversityeducation-vanha\/wp-content\/uploads\/sites\/110\/2023\/01\/Logo-ja-teksti.png","width":785,"height":247,"caption":"Biodiversiteettikoulutusverkosto"},"image":{"@id":"https:\/\/blogs2.uef.fi\/biodiversityeducation-vanha\/#\/schema\/logo\/image\/"}},{"@type":"Person","@id":"https:\/\/blogs2.uef.fi\/biodiversityeducation-vanha\/#\/schema\/person\/aafdd26c1ef4edf4a080b86c113b9fbb","name":"kooders","image":{"@type":"ImageObject","inLanguage":"fi","@id":"https:\/\/secure.gravatar.com\/avatar\/27c6f0d998226cd3aac69b7071a685c1c0427bcb2dcb1d313d098c47e7746fc9?s=96&d=mm&r=g","url":"https:\/\/secure.gravatar.com\/avatar\/27c6f0d998226cd3aac69b7071a685c1c0427bcb2dcb1d313d098c47e7746fc9?s=96&d=mm&r=g","contentUrl":"https:\/\/secure.gravatar.com\/avatar\/27c6f0d998226cd3aac69b7071a685c1c0427bcb2dcb1d313d098c47e7746fc9?s=96&d=mm&r=g","caption":"kooders"},"sameAs":["https:\/\/www.biodiversityeducation.fi"],"url":"https:\/\/blogs2.uef.fi\/biodiversityeducation-vanha\/author\/kooders\/"}]}},"_links":{"self":[{"href":"https:\/\/blogs2.uef.fi\/biodiversityeducation-vanha\/wp-json\/wp\/v2\/posts\/991","targetHints":{"allow":["GET"]}}],"collection":[{"href":"https:\/\/blogs2.uef.fi\/biodiversityeducation-vanha\/wp-json\/wp\/v2\/posts"}],"about":[{"href":"https:\/\/blogs2.uef.fi\/biodiversityeducation-vanha\/wp-json\/wp\/v2\/types\/post"}],"author":[{"embeddable":true,"href":"https:\/\/blogs2.uef.fi\/biodiversityeducation-vanha\/wp-json\/wp\/v2\/users\/611"}],"replies":[{"embeddable":true,"href":"https:\/\/blogs2.uef.fi\/biodiversityeducation-vanha\/wp-json\/wp\/v2\/comments?post=991"}],"version-history":[{"count":1,"href":"https:\/\/blogs2.uef.fi\/biodiversityeducation-vanha\/wp-json\/wp\/v2\/posts\/991\/revisions"}],"predecessor-version":[{"id":994,"href":"https:\/\/blogs2.uef.fi\/biodiversityeducation-vanha\/wp-json\/wp\/v2\/posts\/991\/revisions\/994"}],"wp:featuredmedia":[{"embeddable":true,"href":"https:\/\/blogs2.uef.fi\/biodiversityeducation-vanha\/wp-json\/wp\/v2\/media\/992"}],"wp:attachment":[{"href":"https:\/\/blogs2.uef.fi\/biodiversityeducation-vanha\/wp-json\/wp\/v2\/media?parent=991"}],"wp:term":[{"taxonomy":"category","embeddable":true,"href":"https:\/\/blogs2.uef.fi\/biodiversityeducation-vanha\/wp-json\/wp\/v2\/categories?post=991"},{"taxonomy":"post_tag","embeddable":true,"href":"https:\/\/blogs2.uef.fi\/biodiversityeducation-vanha\/wp-json\/wp\/v2\/tags?post=991"}],"curies":[{"name":"wp","href":"https:\/\/api.w.org\/{rel}","templated":true}]}}