{"id":1014,"date":"2020-06-16T09:04:01","date_gmt":"2020-06-16T06:04:01","guid":{"rendered":"https:\/\/www.biotalouskoulutusitasuomi.fi\/?p=1014"},"modified":"2020-06-16T09:12:07","modified_gmt":"2020-06-16T06:12:07","slug":"erikoistumiskoulutus-yritysten-ja-korkeakoulujen-yhteistyon-foorumina-mita-opimme","status":"publish","type":"post","link":"https:\/\/blogs2.uef.fi\/biotalouskoulutus\/erikoistumiskoulutus-yritysten-ja-korkeakoulujen-yhteistyon-foorumina-mita-opimme\/","title":{"rendered":"Erikoistumiskoulutus yritysten ja korkeakoulujen yhteisty\u00f6n foorumina \u2013 Mit\u00e4 opimme?"},"content":{"rendered":"<div>\n<p><img loading=\"lazy\" decoding=\"async\" class=\"aligncenter wp-image-1017\" src=\"https:\/\/www.biotalouskoulutusitasuomi.fi\/wp-content\/uploads\/sites\/71\/2020\/06\/Image-by-moritz320-from-Pixabay-300x225.jpg\" alt=\"\" width=\"600\" height=\"450\" srcset=\"https:\/\/blogs2.uef.fi\/biotalouskoulutus\/wp-content\/uploads\/sites\/71\/2020\/06\/Image-by-moritz320-from-Pixabay-300x225.jpg 300w, https:\/\/blogs2.uef.fi\/biotalouskoulutus\/wp-content\/uploads\/sites\/71\/2020\/06\/Image-by-moritz320-from-Pixabay-1024x768.jpg 1024w, https:\/\/blogs2.uef.fi\/biotalouskoulutus\/wp-content\/uploads\/sites\/71\/2020\/06\/Image-by-moritz320-from-Pixabay-768x576.jpg 768w, https:\/\/blogs2.uef.fi\/biotalouskoulutus\/wp-content\/uploads\/sites\/71\/2020\/06\/Image-by-moritz320-from-Pixabay-1536x1152.jpg 1536w, https:\/\/blogs2.uef.fi\/biotalouskoulutus\/wp-content\/uploads\/sites\/71\/2020\/06\/Image-by-moritz320-from-Pixabay.jpg 1920w\" sizes=\"auto, (max-width: 600px) 100vw, 600px\" \/><\/p>\n<\/div>\n<div><\/div>\n<div><\/div>\n<div>\n<p><P> <\/P><br \/>\nKokoonnuimme pohtimaan otsikon kysymyst\u00e4 It\u00e4-Suomen biotalouden erikoistumiskoulutuksen p\u00e4\u00e4t\u00f6sseminaariin kes\u00e4kuun alussa. Alun perin perinteiseksi ja kokop\u00e4iv\u00e4n mittaiseksi kontaktitapaamiseksi suunniteltu tapahtuma muuttui poikkeuksellisen kev\u00e4\u00e4n aikana et\u00e4toteutukseksi, joka j\u00e4rjestettiin Zoom-alustan ja Howspace-ymp\u00e4rist\u00f6n yhdistelm\u00e4n\u00e4 tiiviin\u00e4 kahden tunnin verkkoseminaarina. Ty\u00f6pajaty\u00f6skentelyn toteutukseen ja ohjaamiseen saimme vetoapua Mukamakselta.<\/p>\n<\/div>\n<div>Seminaarin avauspuheenvuorossa hankkeen ohjausryhm\u00e4n puheenjohtaja Anssi Niskanen (Suomen mets\u00e4keskus) johdatteli jatkuvan oppimisen pariin ja totesi, ett\u00e4 jatkuva oppiminen haastaa ty\u00f6paikat, ihmiset ja oppilaitokset. Aivosolut alkoivat raksuttaa hurjasti ja pohdinta k\u00e4ynnistyi. Hankehenkil\u00f6st\u00f6n alustuspuheenvuoroissa avattiin hankkeessa saavutettuja tuloksia. Jarmo M\u00e4kel\u00e4 k\u00e4sitteli biotalouden erikoistumiskoulutuksen rakentumista ja jatkuvaa oppimista biotaloudessa, Sini Kontkanen pedagogisia n\u00e4k\u00f6kulmia ja Tanja Pentinsaari erilaisia mahdollisuuksia erikoistumiskoulutuksen ja ty\u00f6el\u00e4m\u00e4n yhdist\u00e4miseen. N\u00e4iden her\u00e4ttelemin\u00e4 l\u00e4hdimme keskustelemaan erikoistumiskoulutusten ja ty\u00f6el\u00e4m\u00e4n yhteisty\u00f6n kehitt\u00e4misest\u00e4.<\/div>\n<div style=\"text-align: center\">\n<P> <\/P><br \/>\nMik\u00e4 toimii hyvin?<br \/>\nMit\u00e4 tulisi lis\u00e4t\u00e4?<br \/>\nMit\u00e4 voisi v\u00e4hent\u00e4\u00e4?<br \/>\nMit\u00e4 uutta kannattaisi kokeilla?<\/div>\n<div><\/div>\n<p><P> <\/P><\/p>\n<div>Ty\u00f6pajakeskusteluissa pohdittiin ja ideoitiin niin laajasti ja monipuolisesti, ett\u00e4 keskustelua olisi varmasti riitt\u00e4nyt pidemm\u00e4ksikin aikaa. Keskeisesti keskusteluissa nousi esiin yhteydenpidon merkitys yritysten ja korkeakoulujen v\u00e4lill\u00e4. Yhteydenpidon tulisi olla molemminpuolista, s\u00e4\u00e4nn\u00f6llist\u00e4 ja sopivan sitovaa, jotta ty\u00f6el\u00e4m\u00e4verkosto tukisi koulutusta ja koulutussis\u00e4ll\u00f6t yritysten toimintaa. Pienempien opintokokonaisuuksien tarjoaminen n\u00e4htiin hyv\u00e4n\u00e4 keinona sopeuttaa koulutusta ty\u00f6el\u00e4m\u00e4n k\u00e4yt\u00e4nt\u00f6ihin sopivaksi ja toteutustapoihin toivottiin vaihtelua.<\/div>\n<div><\/div>\n<p><P> <\/P><\/p>\n<div>Ty\u00f6pajakeskusteluissa mietittiin paljon sit\u00e4, miten koulutuksen keskeinen osa, kehitt\u00e4misteht\u00e4v\u00e4, vastaisi sek\u00e4 koulutuksen tavoitteita ett\u00e4 yritysten kehitt\u00e4mistarpeita. Aihepankit, tiivis yhteydenpito sek\u00e4 selkeys tietotekniikassa voisivat tukea opiskelijoiden mahdollisuuksia vastata kehitt\u00e4misteht\u00e4viss\u00e4 yritysten kokemiin haasteisiin ja lis\u00e4t\u00e4 yritysten koulutuksesta saamia hy\u00f6tyj\u00e4. Mentorointi ja sen kehitt\u00e4minen voisi puolestaan auttaa opiskelijaa projektity\u00f6ss\u00e4 ja vahvistaa laaja-alaista yhteisty\u00f6t\u00e4 ty\u00f6el\u00e4m\u00e4n, korkeakoulun, asiantuntijaverkoston ja opiskelijayhteis\u00f6n v\u00e4lill\u00e4. Biotalouden erikoistumiskoulutuksen k\u00e4sikirjassa mentorointi on jaettu n\u00e4ihin nelj\u00e4\u00e4n eri osa-alueeseen, joiden pohjalta mentorointia l\u00e4hdet\u00e4\u00e4n seuraavassa koulutuksessa toteuttamaan. <a href=\"https:\/\/www.biotalouskoulutusitasuomi.fi\/wp-content\/uploads\/sites\/71\/2020\/06\/Kooste_webinaarista_12.6.2020.pdf\" target=\"_blank\" rel=\"noopener noreferrer\">Ty\u00f6pajasta tehtiin kooste, jossa on k\u00e4sitelty tarkemmin keskustelujen antia ja ideoita.<\/a><\/div>\n<div><\/div>\n<p><P> <\/P><\/p>\n<div>Ty\u00f6pajan j\u00e4lkeen kysyimme osallistujilta oivalluksia. Er\u00e4s niist\u00e4 tiivist\u00e4\u00e4 mainiosti tavoitteemme ty\u00f6pajalle ja koko erikoistumiskoulutukselle: \u201dOivalsin, ett\u00e4 korkeakouluilla on aito halu toimia yhdess\u00e4 ja ty\u00f6el\u00e4m\u00e4l\u00e4ht\u00f6isyytt\u00e4 kehitt\u00e4en.\u201d N\u00e4in on ja t\u00e4h\u00e4n liittyen voimme my\u00f6s iloksemme kertoa, ett\u00e4 olemme saaneet positiivisen rahoitusp\u00e4\u00e4t\u00f6ksen It\u00e4-Suomen Yliopiston, Karelia-ammattikorkeakoulun ja Savonia-ammattikorkeakoulun yhteiselle ESR-hankkeelle, joten It\u00e4-Suomen kansainv\u00e4lisen biotalousosaamisen kehitt\u00e4minen ty\u00f6el\u00e4m\u00e4l\u00e4ht\u00f6isen jatkuvan oppimisen keinoin jatkuu.<\/div>\n<div><\/div>\n<p><P> <\/P><\/p>\n<div>Tuskin olisimme ilman t\u00e4m\u00e4n kev\u00e4\u00e4n poikkeuksellista tilannetta ja pakkoa ryhtyneet j\u00e4rjest\u00e4m\u00e4\u00e4n p\u00e4\u00e4t\u00f6sseminaaria et\u00e4n\u00e4, mutta olemme oikein tyytyv\u00e4isi\u00e4 lopputulokseen ja siihen, ett\u00e4 saimme mukaan laajan asiantuntijaporukan ymp\u00e4ri Suomea. Hyvin sujui toteutus n\u00e4inkin, kotitoimistoilta ja kes\u00e4m\u00f6keilt\u00e4 yhteisty\u00f6t\u00e4 tehden.<\/div>\n<div><\/div>\n<p><P> <\/P><\/p>\n<div>Kiitos kaikille osallistumisesta ja aurinkoista kes\u00e4\u00e4!<\/div>\n<div><\/div>\n<p><P> <\/P><\/p>\n<div><em>Kirjoittanut Elli H\u00e4mynen, hankesuunnittelija, It\u00e4-Suomen yliopisto, Biotalouden erikoistumiskoulutus<\/em><\/div>\n","protected":false},"excerpt":{"rendered":"<p>Kokoonnuimme pohtimaan otsikon kysymyst\u00e4 It\u00e4-Suomen biotalouden erikoistumiskoulutuksen p\u00e4\u00e4t\u00f6sseminaariin kes\u00e4kuun alussa. Alun perin perinteiseksi ja kokop\u00e4iv\u00e4n mittaiseksi kontaktitapaamiseksi suunniteltu tapahtuma muuttui poikkeuksellisen kev\u00e4\u00e4n aikana et\u00e4toteutukseksi, joka j\u00e4rjestettiin Zoom-alustan ja Howspace-ymp\u00e4rist\u00f6n yhdistelm\u00e4n\u00e4 tiiviin\u00e4 kahden tunnin verkkoseminaarina. Ty\u00f6pajaty\u00f6skentelyn toteutukseen ja ohjaamiseen saimme vetoapua Mukamakselta. Seminaarin avauspuheenvuorossa hankkeen ohjausryhm\u00e4n puheenjohtaja Anssi Niskanen (Suomen mets\u00e4keskus) johdatteli jatkuvan oppimisen pariin ja [&hellip;]<\/p>\n","protected":false},"author":1,"featured_media":0,"comment_status":"closed","ping_status":"closed","sticky":false,"template":"","format":"standard","meta":{"_acf_changed":false,"_relevanssi_hide_post":"","_relevanssi_hide_content":"","_relevanssi_pin_for_all":"","_relevanssi_pin_keywords":"","_relevanssi_unpin_keywords":"","_relevanssi_related_keywords":"","_relevanssi_related_include_ids":"","_relevanssi_related_exclude_ids":"","_relevanssi_related_no_append":"","_relevanssi_related_not_related":"","_relevanssi_related_posts":"","_relevanssi_noindex_reason":"","footnotes":""},"categories":[1,16],"tags":[17,54,99,105],"class_list":["post-1014","post","type-post","status-publish","format-standard","hentry","category-kaikki","category-kehittaminen","tag-korkeakoulut","tag-tyoelamayhteistyo","tag-tyopaja","tag-yhteistyon-kehittaminen"],"acf":[],"yoast_head":"<!-- This site is optimized with the Yoast SEO plugin v27.3 - https:\/\/yoast.com\/product\/yoast-seo-wordpress\/ -->\n<title>Erikoistumiskoulutus yritysten ja korkeakoulujen yhteisty\u00f6n foorumina \u2013 Mit\u00e4 opimme? - Biotalouden erikoistumiskoulutus It\u00e4-Suomi<\/title>\n<meta name=\"robots\" content=\"index, follow, max-snippet:-1, max-image-preview:large, max-video-preview:-1\" \/>\n<link rel=\"canonical\" href=\"https:\/\/blogs2.uef.fi\/biotalouskoulutus\/erikoistumiskoulutus-yritysten-ja-korkeakoulujen-yhteistyon-foorumina-mita-opimme\/\" \/>\n<meta property=\"og:locale\" content=\"fi_FI\" \/>\n<meta property=\"og:type\" content=\"article\" \/>\n<meta property=\"og:title\" content=\"Erikoistumiskoulutus yritysten ja korkeakoulujen yhteisty\u00f6n foorumina \u2013 Mit\u00e4 opimme? - Biotalouden erikoistumiskoulutus It\u00e4-Suomi\" \/>\n<meta property=\"og:description\" content=\"Kokoonnuimme pohtimaan otsikon kysymyst\u00e4 It\u00e4-Suomen biotalouden erikoistumiskoulutuksen p\u00e4\u00e4t\u00f6sseminaariin kes\u00e4kuun alussa. Alun perin perinteiseksi ja kokop\u00e4iv\u00e4n mittaiseksi kontaktitapaamiseksi suunniteltu tapahtuma muuttui poikkeuksellisen kev\u00e4\u00e4n aikana et\u00e4toteutukseksi, joka j\u00e4rjestettiin Zoom-alustan ja Howspace-ymp\u00e4rist\u00f6n yhdistelm\u00e4n\u00e4 tiiviin\u00e4 kahden tunnin verkkoseminaarina. Ty\u00f6pajaty\u00f6skentelyn toteutukseen ja ohjaamiseen saimme vetoapua Mukamakselta. Seminaarin avauspuheenvuorossa hankkeen ohjausryhm\u00e4n puheenjohtaja Anssi Niskanen (Suomen mets\u00e4keskus) johdatteli jatkuvan oppimisen pariin ja [&hellip;]\" \/>\n<meta property=\"og:url\" content=\"https:\/\/blogs2.uef.fi\/biotalouskoulutus\/erikoistumiskoulutus-yritysten-ja-korkeakoulujen-yhteistyon-foorumina-mita-opimme\/\" \/>\n<meta property=\"og:site_name\" content=\"Biotalouden erikoistumiskoulutus It\u00e4-Suomi\" \/>\n<meta property=\"article:published_time\" content=\"2020-06-16T06:04:01+00:00\" \/>\n<meta property=\"article:modified_time\" content=\"2020-06-16T06:12:07+00:00\" \/>\n<meta property=\"og:image\" content=\"https:\/\/www.biotalouskoulutusitasuomi.fi\/wp-content\/uploads\/sites\/71\/2020\/06\/Image-by-moritz320-from-Pixabay-300x225.jpg\" \/>\n<meta name=\"author\" content=\"uef-admin\" \/>\n<meta name=\"twitter:card\" content=\"summary_large_image\" \/>\n<meta name=\"twitter:label1\" content=\"Kirjoittanut\" \/>\n\t<meta name=\"twitter:data1\" content=\"uef-admin\" \/>\n\t<meta name=\"twitter:label2\" content=\"Arvioitu lukuaika\" \/>\n\t<meta name=\"twitter:data2\" content=\"2 minuuttia\" \/>\n<script type=\"application\/ld+json\" class=\"yoast-schema-graph\">{\"@context\":\"https:\\\/\\\/schema.org\",\"@graph\":[{\"@type\":\"Article\",\"@id\":\"https:\\\/\\\/blogs2.uef.fi\\\/biotalouskoulutus\\\/erikoistumiskoulutus-yritysten-ja-korkeakoulujen-yhteistyon-foorumina-mita-opimme\\\/#article\",\"isPartOf\":{\"@id\":\"https:\\\/\\\/blogs2.uef.fi\\\/biotalouskoulutus\\\/erikoistumiskoulutus-yritysten-ja-korkeakoulujen-yhteistyon-foorumina-mita-opimme\\\/\"},\"author\":{\"name\":\"uef-admin\",\"@id\":\"https:\\\/\\\/www.biotalouskoulutus.fi\\\/#\\\/schema\\\/person\\\/c36c0ef8987442464f305d2a698e5538\"},\"headline\":\"Erikoistumiskoulutus yritysten ja korkeakoulujen yhteisty\u00f6n foorumina \u2013 Mit\u00e4 opimme?\",\"datePublished\":\"2020-06-16T06:04:01+00:00\",\"dateModified\":\"2020-06-16T06:12:07+00:00\",\"mainEntityOfPage\":{\"@id\":\"https:\\\/\\\/blogs2.uef.fi\\\/biotalouskoulutus\\\/erikoistumiskoulutus-yritysten-ja-korkeakoulujen-yhteistyon-foorumina-mita-opimme\\\/\"},\"wordCount\":499,\"image\":{\"@id\":\"https:\\\/\\\/blogs2.uef.fi\\\/biotalouskoulutus\\\/erikoistumiskoulutus-yritysten-ja-korkeakoulujen-yhteistyon-foorumina-mita-opimme\\\/#primaryimage\"},\"thumbnailUrl\":\"https:\\\/\\\/www.biotalouskoulutusitasuomi.fi\\\/wp-content\\\/uploads\\\/sites\\\/71\\\/2020\\\/06\\\/Image-by-moritz320-from-Pixabay-300x225.jpg\",\"keywords\":[\"korkeakoulut\",\"ty\u00f6el\u00e4m\u00e4yhteisty\u00f6\",\"ty\u00f6paja\",\"yhteisty\u00f6n kehitt\u00e4minen\"],\"articleSection\":[\"Kaikki blogit\",\"Koulutuksen kehitt\u00e4minen\"],\"inLanguage\":\"fi\"},{\"@type\":\"WebPage\",\"@id\":\"https:\\\/\\\/blogs2.uef.fi\\\/biotalouskoulutus\\\/erikoistumiskoulutus-yritysten-ja-korkeakoulujen-yhteistyon-foorumina-mita-opimme\\\/\",\"url\":\"https:\\\/\\\/blogs2.uef.fi\\\/biotalouskoulutus\\\/erikoistumiskoulutus-yritysten-ja-korkeakoulujen-yhteistyon-foorumina-mita-opimme\\\/\",\"name\":\"Erikoistumiskoulutus yritysten ja korkeakoulujen yhteisty\u00f6n foorumina \u2013 Mit\u00e4 opimme? - Biotalouden erikoistumiskoulutus It\u00e4-Suomi\",\"isPartOf\":{\"@id\":\"https:\\\/\\\/www.biotalouskoulutus.fi\\\/#website\"},\"primaryImageOfPage\":{\"@id\":\"https:\\\/\\\/blogs2.uef.fi\\\/biotalouskoulutus\\\/erikoistumiskoulutus-yritysten-ja-korkeakoulujen-yhteistyon-foorumina-mita-opimme\\\/#primaryimage\"},\"image\":{\"@id\":\"https:\\\/\\\/blogs2.uef.fi\\\/biotalouskoulutus\\\/erikoistumiskoulutus-yritysten-ja-korkeakoulujen-yhteistyon-foorumina-mita-opimme\\\/#primaryimage\"},\"thumbnailUrl\":\"https:\\\/\\\/www.biotalouskoulutusitasuomi.fi\\\/wp-content\\\/uploads\\\/sites\\\/71\\\/2020\\\/06\\\/Image-by-moritz320-from-Pixabay-300x225.jpg\",\"datePublished\":\"2020-06-16T06:04:01+00:00\",\"dateModified\":\"2020-06-16T06:12:07+00:00\",\"author\":{\"@id\":\"https:\\\/\\\/www.biotalouskoulutus.fi\\\/#\\\/schema\\\/person\\\/c36c0ef8987442464f305d2a698e5538\"},\"breadcrumb\":{\"@id\":\"https:\\\/\\\/blogs2.uef.fi\\\/biotalouskoulutus\\\/erikoistumiskoulutus-yritysten-ja-korkeakoulujen-yhteistyon-foorumina-mita-opimme\\\/#breadcrumb\"},\"inLanguage\":\"fi\",\"potentialAction\":[{\"@type\":\"ReadAction\",\"target\":[\"https:\\\/\\\/blogs2.uef.fi\\\/biotalouskoulutus\\\/erikoistumiskoulutus-yritysten-ja-korkeakoulujen-yhteistyon-foorumina-mita-opimme\\\/\"]}]},{\"@type\":\"ImageObject\",\"inLanguage\":\"fi\",\"@id\":\"https:\\\/\\\/blogs2.uef.fi\\\/biotalouskoulutus\\\/erikoistumiskoulutus-yritysten-ja-korkeakoulujen-yhteistyon-foorumina-mita-opimme\\\/#primaryimage\",\"url\":\"https:\\\/\\\/www.biotalouskoulutusitasuomi.fi\\\/wp-content\\\/uploads\\\/sites\\\/71\\\/2020\\\/06\\\/Image-by-moritz320-from-Pixabay-300x225.jpg\",\"contentUrl\":\"https:\\\/\\\/www.biotalouskoulutusitasuomi.fi\\\/wp-content\\\/uploads\\\/sites\\\/71\\\/2020\\\/06\\\/Image-by-moritz320-from-Pixabay-300x225.jpg\"},{\"@type\":\"BreadcrumbList\",\"@id\":\"https:\\\/\\\/blogs2.uef.fi\\\/biotalouskoulutus\\\/erikoistumiskoulutus-yritysten-ja-korkeakoulujen-yhteistyon-foorumina-mita-opimme\\\/#breadcrumb\",\"itemListElement\":[{\"@type\":\"ListItem\",\"position\":1,\"name\":\"Home\",\"item\":\"https:\\\/\\\/www.biotalouskoulutus.fi\\\/\"},{\"@type\":\"ListItem\",\"position\":2,\"name\":\"Erikoistumiskoulutus yritysten ja korkeakoulujen yhteisty\u00f6n foorumina \u2013 Mit\u00e4 opimme?\"}]},{\"@type\":\"WebSite\",\"@id\":\"https:\\\/\\\/www.biotalouskoulutus.fi\\\/#website\",\"url\":\"https:\\\/\\\/www.biotalouskoulutus.fi\\\/\",\"name\":\"Biotalouden erikoistumiskoulutus It\u00e4-Suomi\",\"description\":\"Biotalouden erikoistumiskoulutus It\u00e4-Suomessa - innovaatioita ja osaamista korkeakoulujen ja yritysen yhteisty\u00f6n\u00e4. Koulutuksen painotukset: mets\u00e4biotalous, biotalouden sivuvirrat, biojalostus ja energiabiotalous.\",\"potentialAction\":[{\"@type\":\"SearchAction\",\"target\":{\"@type\":\"EntryPoint\",\"urlTemplate\":\"https:\\\/\\\/www.biotalouskoulutus.fi\\\/?s={search_term_string}\"},\"query-input\":{\"@type\":\"PropertyValueSpecification\",\"valueRequired\":true,\"valueName\":\"search_term_string\"}}],\"inLanguage\":\"fi\"},{\"@type\":\"Person\",\"@id\":\"https:\\\/\\\/www.biotalouskoulutus.fi\\\/#\\\/schema\\\/person\\\/c36c0ef8987442464f305d2a698e5538\",\"name\":\"uef-admin\",\"image\":{\"@type\":\"ImageObject\",\"inLanguage\":\"fi\",\"@id\":\"https:\\\/\\\/secure.gravatar.com\\\/avatar\\\/6c9f5016c320b72333096361e494f2c004505657367d2847a11e96de0655f758?s=96&d=mm&r=g\",\"url\":\"https:\\\/\\\/secure.gravatar.com\\\/avatar\\\/6c9f5016c320b72333096361e494f2c004505657367d2847a11e96de0655f758?s=96&d=mm&r=g\",\"contentUrl\":\"https:\\\/\\\/secure.gravatar.com\\\/avatar\\\/6c9f5016c320b72333096361e494f2c004505657367d2847a11e96de0655f758?s=96&d=mm&r=g\",\"caption\":\"uef-admin\"},\"url\":\"https:\\\/\\\/blogs2.uef.fi\\\/biotalouskoulutus\\\/author\\\/uef-admin\\\/\"}]}<\/script>\n<!-- \/ Yoast SEO plugin. -->","yoast_head_json":{"title":"Erikoistumiskoulutus yritysten ja korkeakoulujen yhteisty\u00f6n foorumina \u2013 Mit\u00e4 opimme? - Biotalouden erikoistumiskoulutus It\u00e4-Suomi","robots":{"index":"index","follow":"follow","max-snippet":"max-snippet:-1","max-image-preview":"max-image-preview:large","max-video-preview":"max-video-preview:-1"},"canonical":"https:\/\/blogs2.uef.fi\/biotalouskoulutus\/erikoistumiskoulutus-yritysten-ja-korkeakoulujen-yhteistyon-foorumina-mita-opimme\/","og_locale":"fi_FI","og_type":"article","og_title":"Erikoistumiskoulutus yritysten ja korkeakoulujen yhteisty\u00f6n foorumina \u2013 Mit\u00e4 opimme? - Biotalouden erikoistumiskoulutus It\u00e4-Suomi","og_description":"Kokoonnuimme pohtimaan otsikon kysymyst\u00e4 It\u00e4-Suomen biotalouden erikoistumiskoulutuksen p\u00e4\u00e4t\u00f6sseminaariin kes\u00e4kuun alussa. Alun perin perinteiseksi ja kokop\u00e4iv\u00e4n mittaiseksi kontaktitapaamiseksi suunniteltu tapahtuma muuttui poikkeuksellisen kev\u00e4\u00e4n aikana et\u00e4toteutukseksi, joka j\u00e4rjestettiin Zoom-alustan ja Howspace-ymp\u00e4rist\u00f6n yhdistelm\u00e4n\u00e4 tiiviin\u00e4 kahden tunnin verkkoseminaarina. Ty\u00f6pajaty\u00f6skentelyn toteutukseen ja ohjaamiseen saimme vetoapua Mukamakselta. Seminaarin avauspuheenvuorossa hankkeen ohjausryhm\u00e4n puheenjohtaja Anssi Niskanen (Suomen mets\u00e4keskus) johdatteli jatkuvan oppimisen pariin ja [&hellip;]","og_url":"https:\/\/blogs2.uef.fi\/biotalouskoulutus\/erikoistumiskoulutus-yritysten-ja-korkeakoulujen-yhteistyon-foorumina-mita-opimme\/","og_site_name":"Biotalouden erikoistumiskoulutus It\u00e4-Suomi","article_published_time":"2020-06-16T06:04:01+00:00","article_modified_time":"2020-06-16T06:12:07+00:00","og_image":[{"url":"https:\/\/www.biotalouskoulutusitasuomi.fi\/wp-content\/uploads\/sites\/71\/2020\/06\/Image-by-moritz320-from-Pixabay-300x225.jpg","type":"","width":"","height":""}],"author":"uef-admin","twitter_card":"summary_large_image","twitter_misc":{"Kirjoittanut":"uef-admin","Arvioitu lukuaika":"2 minuuttia"},"schema":{"@context":"https:\/\/schema.org","@graph":[{"@type":"Article","@id":"https:\/\/blogs2.uef.fi\/biotalouskoulutus\/erikoistumiskoulutus-yritysten-ja-korkeakoulujen-yhteistyon-foorumina-mita-opimme\/#article","isPartOf":{"@id":"https:\/\/blogs2.uef.fi\/biotalouskoulutus\/erikoistumiskoulutus-yritysten-ja-korkeakoulujen-yhteistyon-foorumina-mita-opimme\/"},"author":{"name":"uef-admin","@id":"https:\/\/www.biotalouskoulutus.fi\/#\/schema\/person\/c36c0ef8987442464f305d2a698e5538"},"headline":"Erikoistumiskoulutus yritysten ja korkeakoulujen yhteisty\u00f6n foorumina \u2013 Mit\u00e4 opimme?","datePublished":"2020-06-16T06:04:01+00:00","dateModified":"2020-06-16T06:12:07+00:00","mainEntityOfPage":{"@id":"https:\/\/blogs2.uef.fi\/biotalouskoulutus\/erikoistumiskoulutus-yritysten-ja-korkeakoulujen-yhteistyon-foorumina-mita-opimme\/"},"wordCount":499,"image":{"@id":"https:\/\/blogs2.uef.fi\/biotalouskoulutus\/erikoistumiskoulutus-yritysten-ja-korkeakoulujen-yhteistyon-foorumina-mita-opimme\/#primaryimage"},"thumbnailUrl":"https:\/\/www.biotalouskoulutusitasuomi.fi\/wp-content\/uploads\/sites\/71\/2020\/06\/Image-by-moritz320-from-Pixabay-300x225.jpg","keywords":["korkeakoulut","ty\u00f6el\u00e4m\u00e4yhteisty\u00f6","ty\u00f6paja","yhteisty\u00f6n kehitt\u00e4minen"],"articleSection":["Kaikki blogit","Koulutuksen kehitt\u00e4minen"],"inLanguage":"fi"},{"@type":"WebPage","@id":"https:\/\/blogs2.uef.fi\/biotalouskoulutus\/erikoistumiskoulutus-yritysten-ja-korkeakoulujen-yhteistyon-foorumina-mita-opimme\/","url":"https:\/\/blogs2.uef.fi\/biotalouskoulutus\/erikoistumiskoulutus-yritysten-ja-korkeakoulujen-yhteistyon-foorumina-mita-opimme\/","name":"Erikoistumiskoulutus yritysten ja korkeakoulujen yhteisty\u00f6n foorumina \u2013 Mit\u00e4 opimme? - Biotalouden erikoistumiskoulutus It\u00e4-Suomi","isPartOf":{"@id":"https:\/\/www.biotalouskoulutus.fi\/#website"},"primaryImageOfPage":{"@id":"https:\/\/blogs2.uef.fi\/biotalouskoulutus\/erikoistumiskoulutus-yritysten-ja-korkeakoulujen-yhteistyon-foorumina-mita-opimme\/#primaryimage"},"image":{"@id":"https:\/\/blogs2.uef.fi\/biotalouskoulutus\/erikoistumiskoulutus-yritysten-ja-korkeakoulujen-yhteistyon-foorumina-mita-opimme\/#primaryimage"},"thumbnailUrl":"https:\/\/www.biotalouskoulutusitasuomi.fi\/wp-content\/uploads\/sites\/71\/2020\/06\/Image-by-moritz320-from-Pixabay-300x225.jpg","datePublished":"2020-06-16T06:04:01+00:00","dateModified":"2020-06-16T06:12:07+00:00","author":{"@id":"https:\/\/www.biotalouskoulutus.fi\/#\/schema\/person\/c36c0ef8987442464f305d2a698e5538"},"breadcrumb":{"@id":"https:\/\/blogs2.uef.fi\/biotalouskoulutus\/erikoistumiskoulutus-yritysten-ja-korkeakoulujen-yhteistyon-foorumina-mita-opimme\/#breadcrumb"},"inLanguage":"fi","potentialAction":[{"@type":"ReadAction","target":["https:\/\/blogs2.uef.fi\/biotalouskoulutus\/erikoistumiskoulutus-yritysten-ja-korkeakoulujen-yhteistyon-foorumina-mita-opimme\/"]}]},{"@type":"ImageObject","inLanguage":"fi","@id":"https:\/\/blogs2.uef.fi\/biotalouskoulutus\/erikoistumiskoulutus-yritysten-ja-korkeakoulujen-yhteistyon-foorumina-mita-opimme\/#primaryimage","url":"https:\/\/www.biotalouskoulutusitasuomi.fi\/wp-content\/uploads\/sites\/71\/2020\/06\/Image-by-moritz320-from-Pixabay-300x225.jpg","contentUrl":"https:\/\/www.biotalouskoulutusitasuomi.fi\/wp-content\/uploads\/sites\/71\/2020\/06\/Image-by-moritz320-from-Pixabay-300x225.jpg"},{"@type":"BreadcrumbList","@id":"https:\/\/blogs2.uef.fi\/biotalouskoulutus\/erikoistumiskoulutus-yritysten-ja-korkeakoulujen-yhteistyon-foorumina-mita-opimme\/#breadcrumb","itemListElement":[{"@type":"ListItem","position":1,"name":"Home","item":"https:\/\/www.biotalouskoulutus.fi\/"},{"@type":"ListItem","position":2,"name":"Erikoistumiskoulutus yritysten ja korkeakoulujen yhteisty\u00f6n foorumina \u2013 Mit\u00e4 opimme?"}]},{"@type":"WebSite","@id":"https:\/\/www.biotalouskoulutus.fi\/#website","url":"https:\/\/www.biotalouskoulutus.fi\/","name":"Biotalouden erikoistumiskoulutus It\u00e4-Suomi","description":"Biotalouden erikoistumiskoulutus It\u00e4-Suomessa - innovaatioita ja osaamista korkeakoulujen ja yritysen yhteisty\u00f6n\u00e4. Koulutuksen painotukset: mets\u00e4biotalous, biotalouden sivuvirrat, biojalostus ja energiabiotalous.","potentialAction":[{"@type":"SearchAction","target":{"@type":"EntryPoint","urlTemplate":"https:\/\/www.biotalouskoulutus.fi\/?s={search_term_string}"},"query-input":{"@type":"PropertyValueSpecification","valueRequired":true,"valueName":"search_term_string"}}],"inLanguage":"fi"},{"@type":"Person","@id":"https:\/\/www.biotalouskoulutus.fi\/#\/schema\/person\/c36c0ef8987442464f305d2a698e5538","name":"uef-admin","image":{"@type":"ImageObject","inLanguage":"fi","@id":"https:\/\/secure.gravatar.com\/avatar\/6c9f5016c320b72333096361e494f2c004505657367d2847a11e96de0655f758?s=96&d=mm&r=g","url":"https:\/\/secure.gravatar.com\/avatar\/6c9f5016c320b72333096361e494f2c004505657367d2847a11e96de0655f758?s=96&d=mm&r=g","contentUrl":"https:\/\/secure.gravatar.com\/avatar\/6c9f5016c320b72333096361e494f2c004505657367d2847a11e96de0655f758?s=96&d=mm&r=g","caption":"uef-admin"},"url":"https:\/\/blogs2.uef.fi\/biotalouskoulutus\/author\/uef-admin\/"}]}},"_links":{"self":[{"href":"https:\/\/blogs2.uef.fi\/biotalouskoulutus\/wp-json\/wp\/v2\/posts\/1014","targetHints":{"allow":["GET"]}}],"collection":[{"href":"https:\/\/blogs2.uef.fi\/biotalouskoulutus\/wp-json\/wp\/v2\/posts"}],"about":[{"href":"https:\/\/blogs2.uef.fi\/biotalouskoulutus\/wp-json\/wp\/v2\/types\/post"}],"author":[{"embeddable":true,"href":"https:\/\/blogs2.uef.fi\/biotalouskoulutus\/wp-json\/wp\/v2\/users\/1"}],"replies":[{"embeddable":true,"href":"https:\/\/blogs2.uef.fi\/biotalouskoulutus\/wp-json\/wp\/v2\/comments?post=1014"}],"version-history":[{"count":2,"href":"https:\/\/blogs2.uef.fi\/biotalouskoulutus\/wp-json\/wp\/v2\/posts\/1014\/revisions"}],"predecessor-version":[{"id":1077,"href":"https:\/\/blogs2.uef.fi\/biotalouskoulutus\/wp-json\/wp\/v2\/posts\/1014\/revisions\/1077"}],"wp:attachment":[{"href":"https:\/\/blogs2.uef.fi\/biotalouskoulutus\/wp-json\/wp\/v2\/media?parent=1014"}],"wp:term":[{"taxonomy":"category","embeddable":true,"href":"https:\/\/blogs2.uef.fi\/biotalouskoulutus\/wp-json\/wp\/v2\/categories?post=1014"},{"taxonomy":"post_tag","embeddable":true,"href":"https:\/\/blogs2.uef.fi\/biotalouskoulutus\/wp-json\/wp\/v2\/tags?post=1014"}],"curies":[{"name":"wp","href":"https:\/\/api.w.org\/{rel}","templated":true}]}}