{"id":115,"date":"2018-06-11T10:56:58","date_gmt":"2018-06-11T07:56:58","guid":{"rendered":"https:\/\/www.biotalouskoulutusitasuomi.fi\/?p=115"},"modified":"2020-03-24T13:14:55","modified_gmt":"2020-03-24T11:14:55","slug":"kehittamistyopajat-kuopiossa-ja-joensuussa","status":"publish","type":"post","link":"https:\/\/blogs2.uef.fi\/biotalouskoulutus\/kehittamistyopajat-kuopiossa-ja-joensuussa\/","title":{"rendered":"Kehitt\u00e4misty\u00f6pajat Kuopiossa ja Joensuussa"},"content":{"rendered":"\n<h1 class=\"wp-block-heading\">Korkeakoulut ja ty\u00f6el\u00e4m\u00e4 yhteisty\u00f6ss\u00e4 kehitt\u00e4m\u00e4ss\u00e4 Biotalouden erikoistumiskoulutusta<\/h1>\n\n\n\n<p>Ty\u00f6el\u00e4m\u00e4 ja korkeakoulut ovat toimineet poikkeuksellisen tiiviisti yhteisty\u00f6ss\u00e4 Biotalouden erikoistumiskoulutuksen suunnittelussa ja kehitt\u00e4misess\u00e4. T\u00e4m\u00e4 yhteisty\u00f6 jatkui kehitt\u00e4misty\u00f6pajoissa Kuopiossa (23.4.) ja Joensuussa (2.5.).&nbsp;<\/p>\n\n\n\n<p>Ty\u00f6pajojen tavoitteena oli keskustella ja ideoida koulutuksen sis\u00e4lt\u00f6j\u00e4 ja toteutusta sek\u00e4 l\u00f6yt\u00e4\u00e4 laajemminkin toimintatapoja ty\u00f6el\u00e4m\u00e4n ja korkeakoulujen yhteisty\u00f6lle koulutuksen kehitt\u00e4misess\u00e4. Ty\u00f6pajoihin osallistui yhteens\u00e4 noin 50 korkeakoulujen ja ty\u00f6el\u00e4m\u00e4n edustajaa. Keskustelu oli vilkasta ja ty\u00f6pajoissa syntyi runsaasti uusia ideoita sek\u00e4 sis\u00e4lt\u00f6ihin ett\u00e4 toteutukseen. Esimerkkein\u00e4 n\u00e4ist\u00e4 mainittakoon tuhkan hy\u00f6dynt\u00e4mismahdollisuudet, maatiloilla syntyvien sivuvirtojen energian hy\u00f6dynt\u00e4minen ja mets\u00e4arvomittarin laatiminen.&nbsp; N\u00e4it\u00e4 ideoita hy\u00f6dynnet\u00e4\u00e4n jatkossa opintojen toteutuksen suunnittelussa viel\u00e4 t\u00e4n\u00e4 kev\u00e4\u00e4n\u00e4.<\/p>\n\n\n\n<p>Biotalouden erikoistumiskoulutus on uusi koulutusmuoto korkeakoulututkinnon suorittaneille ammattilaisille. Koulutusta on suunniteltu valtakunnallisena yhteisty\u00f6n\u00e4, johon ovat osallistuneet kaikki Suomen luonnonvara-alan koulutusta toteuttavat yliopistot ja ammattikorkeakoulut (<a href=\"http:\/\/www.biotalouskoulutus.fi\/\">www.biotalouskoulutus.fi<\/a>). &nbsp;<\/p>\n\n\n\n<p>Ty\u00f6pajat toteutettiin hankkeen\u201d It\u00e4suomalainen biotalouden erikoistumiskoulutus (Is-bioerko)\u201d rahoituksella. Hankkeen tavoitteena on kehitt\u00e4\u00e4 uudenlainen yhteisty\u00f6n malli korkeakoulutuksen kehitt\u00e4miselle It\u00e4-Suomessa. Biotalouden erikoistumiskoulutus toimii pilottina mallin kehitt\u00e4misess\u00e4.&nbsp; Hankkeessa ovat toimijoina It\u00e4-Suomen yliopisto koordinaattorin roolissa sek\u00e4 Savonia- ja Karelia-ammattikorkeakoulut hankepartnereina.&nbsp; Biotalouden erikoistumiskoulutus toimii pilottina mallin kehitt\u00e4misess\u00e4.&nbsp; Hankkeessa ovat toimijoina It\u00e4-Suomen yliopisto koordinaattorin roolissa sek\u00e4 Savonia- ja Karelia-ammattikorkeakoulut hankepartnereina.&nbsp;<\/p>\n\n\n\n<figure class=\"wp-block-image size-large\"><img loading=\"lazy\" decoding=\"async\" width=\"768\" height=\"1024\" src=\"https:\/\/www.biotalouskoulutusitasuomi.fi\/wp-content\/uploads\/sites\/71\/2020\/03\/Karelia-tyopaja-kuva-768x1024.jpg\" alt=\"\" class=\"wp-image-284\" srcset=\"https:\/\/blogs2.uef.fi\/biotalouskoulutus\/wp-content\/uploads\/sites\/71\/2020\/03\/Karelia-tyopaja-kuva-768x1024.jpg 768w, https:\/\/blogs2.uef.fi\/biotalouskoulutus\/wp-content\/uploads\/sites\/71\/2020\/03\/Karelia-tyopaja-kuva-225x300.jpg 225w, https:\/\/blogs2.uef.fi\/biotalouskoulutus\/wp-content\/uploads\/sites\/71\/2020\/03\/Karelia-tyopaja-kuva-1152x1536.jpg 1152w, https:\/\/blogs2.uef.fi\/biotalouskoulutus\/wp-content\/uploads\/sites\/71\/2020\/03\/Karelia-tyopaja-kuva-1536x2048.jpg 1536w, https:\/\/blogs2.uef.fi\/biotalouskoulutus\/wp-content\/uploads\/sites\/71\/2020\/03\/Karelia-tyopaja-kuva-scaled.jpg 1920w\" sizes=\"auto, (max-width: 768px) 100vw, 768px\" \/><\/figure>\n\n\n\n<figure class=\"wp-block-image size-large\"><img loading=\"lazy\" decoding=\"async\" width=\"1024\" height=\"683\" src=\"https:\/\/www.biotalouskoulutusitasuomi.fi\/wp-content\/uploads\/sites\/71\/2020\/03\/Savonia-tyopaja-1024x683.jpg\" alt=\"\" class=\"wp-image-286\" srcset=\"https:\/\/blogs2.uef.fi\/biotalouskoulutus\/wp-content\/uploads\/sites\/71\/2020\/03\/Savonia-tyopaja-1024x683.jpg 1024w, https:\/\/blogs2.uef.fi\/biotalouskoulutus\/wp-content\/uploads\/sites\/71\/2020\/03\/Savonia-tyopaja-300x200.jpg 300w, https:\/\/blogs2.uef.fi\/biotalouskoulutus\/wp-content\/uploads\/sites\/71\/2020\/03\/Savonia-tyopaja-768x512.jpg 768w, https:\/\/blogs2.uef.fi\/biotalouskoulutus\/wp-content\/uploads\/sites\/71\/2020\/03\/Savonia-tyopaja-1536x1024.jpg 1536w, https:\/\/blogs2.uef.fi\/biotalouskoulutus\/wp-content\/uploads\/sites\/71\/2020\/03\/Savonia-tyopaja-2048x1365.jpg 2048w\" sizes=\"auto, (max-width: 1024px) 100vw, 1024px\" \/><\/figure>\n\n\n\n<h2 class=\"wp-block-heading\">Biotalouden erikoistumiskoulutuksen kehitt\u00e4misty\u00f6pajat Kuopiossa ja Joensuussa!<\/h2>\n\n\n\n<p>Biotalouden erikoistumiskoulutus on uusi korkeakoulutuksen muoto, jota on alusta l\u00e4htien kehitetty ty\u00f6el\u00e4m\u00e4n ja korkeakoulujen yhteisty\u00f6n\u00e4. Koulutus alkaa ensi syksyn\u00e4 ja n\u00e4iden ty\u00f6pajojen tavoitteena on kehitt\u00e4\u00e4 korkeakoulujen ja ty\u00f6el\u00e4m\u00e4n yhteisty\u00f6t\u00e4 koulutuksen toteutuksessa.<\/p>\n\n\n\n<h3 class=\"wp-block-heading\">Kuopio 23.4.2018<\/h3>\n\n\n\n<p><strong>Osoite:<\/strong>&nbsp;Savonia-ammattikorkeakoulu, Microkatu 1, tila Giga<\/p>\n\n\n\n<p><strong>Ty\u00f6pajan ohjelma:<\/strong><br>9.00 &nbsp;&nbsp; &nbsp;&nbsp;&nbsp; &nbsp;Aamukahvit<br>&nbsp;&nbsp; &nbsp;&nbsp;&nbsp; &nbsp;&nbsp;&nbsp;&nbsp;&nbsp;&nbsp;&nbsp;&nbsp;&nbsp; Tilaisuuden avaus, TKI-asiantuntija Harri Auvinen, Savonia-amk<br>9.15 &nbsp;&nbsp; &nbsp;&nbsp;&nbsp;&nbsp; Biotalouden tulevaisuus, kehitt\u00e4misjohtaja Mika Repo, ProAgria Pohjois-Savo<br>9.30&nbsp;&nbsp; &nbsp;&nbsp;&nbsp;&nbsp;&nbsp; Biotalouden erikoistumiskoulutus, tutkimusjohtaja Jukka Tikkanen UEF<br>9.45&nbsp;&nbsp; &nbsp;&nbsp;&nbsp;&nbsp;&nbsp; Biotalouden prosessit -opintokokonaisuuden esittely, vastuuopettajat<br>10.30&nbsp;&nbsp; &nbsp;&nbsp; Ryhm\u00e4ty\u00f6skentely: tavoitteena yhteisty\u00f6n kehitt\u00e4minen koulutuksen toteutuksessa<br>Kevyt lounas ty\u00f6skentelyn yhteydess\u00e4<br>12.15&nbsp;&nbsp; &nbsp;&nbsp; Ty\u00f6pajan tulosten yhteenveto<br>Kommenttipuheenvuorot: ymp\u00e4rist\u00f6asiantuntija Mimma J\u00e4ntti, Savon Voima ja toimitusjohtaja Tuija Valta, Tuusniemen Teollisuus Oy<br>12.50 &nbsp;&nbsp; &nbsp;&nbsp;&nbsp; &nbsp;P\u00e4\u00e4t\u00f6ssanat: TKI-asiantuntija Harri Auvinen, Savonia-ammattikorkeakoulu<\/p>\n\n\n\n<h3 class=\"wp-block-heading\">Joensuu 2.5.2018<\/h3>\n\n\n\n<p><strong>Osoite:&nbsp;<\/strong>Karelia-ammattikorkeakoulu, Karjalankatu 3, tila Dynamo Lounge<\/p>\n\n\n\n<p><strong>Ty\u00f6pajan ohjelma:<\/strong><br>9.00 &nbsp;&nbsp; &nbsp;&nbsp;&nbsp; &nbsp;Aamukahvit<br>&nbsp;&nbsp; &nbsp;&nbsp;&nbsp; &nbsp;&nbsp;&nbsp;&nbsp;&nbsp;&nbsp;&nbsp;&nbsp;&nbsp; Tilaisuuden avaus, Koulutusp\u00e4\u00e4llikk\u00f6 Jarmo M\u00e4kel\u00e4, Karelia-amk<br>9.15 &nbsp;&nbsp; &nbsp;&nbsp;&nbsp;&nbsp; Biotalouden tulevaisuus, Professori Jyrki Kangas, UEF<br>9.30&nbsp;&nbsp; &nbsp;&nbsp;&nbsp;&nbsp;&nbsp; Biotalouden erikoistumiskoulutus, tutkimusjohtaja Jukka Tikkanen UEF<br>9.45&nbsp;&nbsp; &nbsp;&nbsp;&nbsp;&nbsp;&nbsp; Biotalouden prosessit -opintokokonaisuuden esittely, vastuuopettajat<br>10.30&nbsp;&nbsp; &nbsp;&nbsp; Ryhm\u00e4ty\u00f6skentely: tavoitteena yhteisty\u00f6n kehitt\u00e4minen koulutuksen toteutuksessa<br>Kevyt lounas ty\u00f6skentelyn yhteydess\u00e4<br>12.15&nbsp;&nbsp; &nbsp;&nbsp; Ty\u00f6pajan tulosten yhteenveto<br>Kommenttipuheenvuoro: Hallintojohtaja Marja Kauhanen, Puhas Oy<br>12.50 &nbsp;&nbsp; &nbsp;&nbsp; P\u00e4\u00e4t\u00f6ssanat: Koulutusp\u00e4\u00e4llikk\u00f6 Jarmo M\u00e4kel\u00e4, Karelia-amk<\/p>\n","protected":false},"excerpt":{"rendered":"<p>Korkeakoulut ja ty\u00f6el\u00e4m\u00e4 yhteisty\u00f6ss\u00e4 kehitt\u00e4m\u00e4ss\u00e4 Biotalouden erikoistumiskoulutusta Ty\u00f6el\u00e4m\u00e4 ja korkeakoulut ovat toimineet poikkeuksellisen tiiviisti yhteisty\u00f6ss\u00e4 Biotalouden erikoistumiskoulutuksen suunnittelussa ja kehitt\u00e4misess\u00e4. T\u00e4m\u00e4 yhteisty\u00f6 jatkui kehitt\u00e4misty\u00f6pajoissa Kuopiossa (23.4.) ja Joensuussa (2.5.).&nbsp; Ty\u00f6pajojen tavoitteena oli keskustella ja ideoida koulutuksen sis\u00e4lt\u00f6j\u00e4 ja toteutusta sek\u00e4 l\u00f6yt\u00e4\u00e4 laajemminkin toimintatapoja ty\u00f6el\u00e4m\u00e4n ja korkeakoulujen yhteisty\u00f6lle koulutuksen kehitt\u00e4misess\u00e4. Ty\u00f6pajoihin osallistui yhteens\u00e4 noin 50 korkeakoulujen [&hellip;]<\/p>\n","protected":false},"author":1,"featured_media":0,"comment_status":"open","ping_status":"open","sticky":false,"template":"","format":"standard","meta":{"_acf_changed":false,"_relevanssi_hide_post":"","_relevanssi_hide_content":"","_relevanssi_pin_for_all":"","_relevanssi_pin_keywords":"","_relevanssi_unpin_keywords":"","_relevanssi_related_keywords":"","_relevanssi_related_include_ids":"","_relevanssi_related_exclude_ids":"","_relevanssi_related_no_append":"","_relevanssi_related_not_related":"","_relevanssi_related_posts":"","_relevanssi_noindex_reason":"","footnotes":""},"categories":[1,16],"tags":[17,18],"class_list":["post-115","post","type-post","status-publish","format-standard","hentry","category-kaikki","category-kehittaminen","tag-korkeakoulut","tag-tyoelama"],"acf":[],"yoast_head":"<!-- This site is optimized with the Yoast SEO plugin v27.3 - https:\/\/yoast.com\/product\/yoast-seo-wordpress\/ -->\n<title>Kehitt\u00e4misty\u00f6pajat Kuopiossa ja Joensuussa - Biotalouden erikoistumiskoulutus It\u00e4-Suomi<\/title>\n<meta name=\"robots\" content=\"index, follow, max-snippet:-1, max-image-preview:large, max-video-preview:-1\" \/>\n<link rel=\"canonical\" href=\"https:\/\/blogs2.uef.fi\/biotalouskoulutus\/kehittamistyopajat-kuopiossa-ja-joensuussa\/\" \/>\n<meta property=\"og:locale\" content=\"fi_FI\" \/>\n<meta property=\"og:type\" content=\"article\" \/>\n<meta property=\"og:title\" content=\"Kehitt\u00e4misty\u00f6pajat Kuopiossa ja Joensuussa - Biotalouden erikoistumiskoulutus It\u00e4-Suomi\" \/>\n<meta property=\"og:description\" content=\"Korkeakoulut ja ty\u00f6el\u00e4m\u00e4 yhteisty\u00f6ss\u00e4 kehitt\u00e4m\u00e4ss\u00e4 Biotalouden erikoistumiskoulutusta Ty\u00f6el\u00e4m\u00e4 ja korkeakoulut ovat toimineet poikkeuksellisen tiiviisti yhteisty\u00f6ss\u00e4 Biotalouden erikoistumiskoulutuksen suunnittelussa ja kehitt\u00e4misess\u00e4. T\u00e4m\u00e4 yhteisty\u00f6 jatkui kehitt\u00e4misty\u00f6pajoissa Kuopiossa (23.4.) ja Joensuussa (2.5.).&nbsp; Ty\u00f6pajojen tavoitteena oli keskustella ja ideoida koulutuksen sis\u00e4lt\u00f6j\u00e4 ja toteutusta sek\u00e4 l\u00f6yt\u00e4\u00e4 laajemminkin toimintatapoja ty\u00f6el\u00e4m\u00e4n ja korkeakoulujen yhteisty\u00f6lle koulutuksen kehitt\u00e4misess\u00e4. Ty\u00f6pajoihin osallistui yhteens\u00e4 noin 50 korkeakoulujen [&hellip;]\" \/>\n<meta property=\"og:url\" content=\"https:\/\/blogs2.uef.fi\/biotalouskoulutus\/kehittamistyopajat-kuopiossa-ja-joensuussa\/\" \/>\n<meta property=\"og:site_name\" content=\"Biotalouden erikoistumiskoulutus It\u00e4-Suomi\" \/>\n<meta property=\"article:published_time\" content=\"2018-06-11T07:56:58+00:00\" \/>\n<meta property=\"article:modified_time\" content=\"2020-03-24T11:14:55+00:00\" \/>\n<meta property=\"og:image\" content=\"https:\/\/www.biotalouskoulutusitasuomi.fi\/wp-content\/uploads\/sites\/71\/2020\/03\/Karelia-tyopaja-kuva-768x1024.jpg\" \/>\n<meta name=\"author\" content=\"uef-admin\" \/>\n<meta name=\"twitter:card\" content=\"summary_large_image\" \/>\n<meta name=\"twitter:label1\" content=\"Kirjoittanut\" \/>\n\t<meta name=\"twitter:data1\" content=\"uef-admin\" \/>\n\t<meta name=\"twitter:label2\" content=\"Arvioitu lukuaika\" \/>\n\t<meta name=\"twitter:data2\" content=\"3 minuuttia\" \/>\n<script type=\"application\/ld+json\" class=\"yoast-schema-graph\">{\"@context\":\"https:\\\/\\\/schema.org\",\"@graph\":[{\"@type\":\"Article\",\"@id\":\"https:\\\/\\\/blogs2.uef.fi\\\/biotalouskoulutus\\\/kehittamistyopajat-kuopiossa-ja-joensuussa\\\/#article\",\"isPartOf\":{\"@id\":\"https:\\\/\\\/blogs2.uef.fi\\\/biotalouskoulutus\\\/kehittamistyopajat-kuopiossa-ja-joensuussa\\\/\"},\"author\":{\"name\":\"uef-admin\",\"@id\":\"https:\\\/\\\/www.biotalouskoulutus.fi\\\/#\\\/schema\\\/person\\\/c36c0ef8987442464f305d2a698e5538\"},\"headline\":\"Kehitt\u00e4misty\u00f6pajat Kuopiossa ja Joensuussa\",\"datePublished\":\"2018-06-11T07:56:58+00:00\",\"dateModified\":\"2020-03-24T11:14:55+00:00\",\"mainEntityOfPage\":{\"@id\":\"https:\\\/\\\/blogs2.uef.fi\\\/biotalouskoulutus\\\/kehittamistyopajat-kuopiossa-ja-joensuussa\\\/\"},\"wordCount\":535,\"commentCount\":0,\"image\":{\"@id\":\"https:\\\/\\\/blogs2.uef.fi\\\/biotalouskoulutus\\\/kehittamistyopajat-kuopiossa-ja-joensuussa\\\/#primaryimage\"},\"thumbnailUrl\":\"https:\\\/\\\/www.biotalouskoulutusitasuomi.fi\\\/wp-content\\\/uploads\\\/sites\\\/71\\\/2020\\\/03\\\/Karelia-tyopaja-kuva-768x1024.jpg\",\"keywords\":[\"korkeakoulut\",\"ty\u00f6el\u00e4m\u00e4\"],\"articleSection\":[\"Kaikki blogit\",\"Koulutuksen kehitt\u00e4minen\"],\"inLanguage\":\"fi\",\"potentialAction\":[{\"@type\":\"CommentAction\",\"name\":\"Comment\",\"target\":[\"https:\\\/\\\/blogs2.uef.fi\\\/biotalouskoulutus\\\/kehittamistyopajat-kuopiossa-ja-joensuussa\\\/#respond\"]}]},{\"@type\":\"WebPage\",\"@id\":\"https:\\\/\\\/blogs2.uef.fi\\\/biotalouskoulutus\\\/kehittamistyopajat-kuopiossa-ja-joensuussa\\\/\",\"url\":\"https:\\\/\\\/blogs2.uef.fi\\\/biotalouskoulutus\\\/kehittamistyopajat-kuopiossa-ja-joensuussa\\\/\",\"name\":\"Kehitt\u00e4misty\u00f6pajat Kuopiossa ja Joensuussa - Biotalouden erikoistumiskoulutus It\u00e4-Suomi\",\"isPartOf\":{\"@id\":\"https:\\\/\\\/www.biotalouskoulutus.fi\\\/#website\"},\"primaryImageOfPage\":{\"@id\":\"https:\\\/\\\/blogs2.uef.fi\\\/biotalouskoulutus\\\/kehittamistyopajat-kuopiossa-ja-joensuussa\\\/#primaryimage\"},\"image\":{\"@id\":\"https:\\\/\\\/blogs2.uef.fi\\\/biotalouskoulutus\\\/kehittamistyopajat-kuopiossa-ja-joensuussa\\\/#primaryimage\"},\"thumbnailUrl\":\"https:\\\/\\\/www.biotalouskoulutusitasuomi.fi\\\/wp-content\\\/uploads\\\/sites\\\/71\\\/2020\\\/03\\\/Karelia-tyopaja-kuva-768x1024.jpg\",\"datePublished\":\"2018-06-11T07:56:58+00:00\",\"dateModified\":\"2020-03-24T11:14:55+00:00\",\"author\":{\"@id\":\"https:\\\/\\\/www.biotalouskoulutus.fi\\\/#\\\/schema\\\/person\\\/c36c0ef8987442464f305d2a698e5538\"},\"breadcrumb\":{\"@id\":\"https:\\\/\\\/blogs2.uef.fi\\\/biotalouskoulutus\\\/kehittamistyopajat-kuopiossa-ja-joensuussa\\\/#breadcrumb\"},\"inLanguage\":\"fi\",\"potentialAction\":[{\"@type\":\"ReadAction\",\"target\":[\"https:\\\/\\\/blogs2.uef.fi\\\/biotalouskoulutus\\\/kehittamistyopajat-kuopiossa-ja-joensuussa\\\/\"]}]},{\"@type\":\"ImageObject\",\"inLanguage\":\"fi\",\"@id\":\"https:\\\/\\\/blogs2.uef.fi\\\/biotalouskoulutus\\\/kehittamistyopajat-kuopiossa-ja-joensuussa\\\/#primaryimage\",\"url\":\"https:\\\/\\\/www.biotalouskoulutusitasuomi.fi\\\/wp-content\\\/uploads\\\/sites\\\/71\\\/2020\\\/03\\\/Karelia-tyopaja-kuva-768x1024.jpg\",\"contentUrl\":\"https:\\\/\\\/www.biotalouskoulutusitasuomi.fi\\\/wp-content\\\/uploads\\\/sites\\\/71\\\/2020\\\/03\\\/Karelia-tyopaja-kuva-768x1024.jpg\"},{\"@type\":\"BreadcrumbList\",\"@id\":\"https:\\\/\\\/blogs2.uef.fi\\\/biotalouskoulutus\\\/kehittamistyopajat-kuopiossa-ja-joensuussa\\\/#breadcrumb\",\"itemListElement\":[{\"@type\":\"ListItem\",\"position\":1,\"name\":\"Home\",\"item\":\"https:\\\/\\\/www.biotalouskoulutus.fi\\\/\"},{\"@type\":\"ListItem\",\"position\":2,\"name\":\"Kehitt\u00e4misty\u00f6pajat Kuopiossa ja Joensuussa\"}]},{\"@type\":\"WebSite\",\"@id\":\"https:\\\/\\\/www.biotalouskoulutus.fi\\\/#website\",\"url\":\"https:\\\/\\\/www.biotalouskoulutus.fi\\\/\",\"name\":\"Biotalouden erikoistumiskoulutus It\u00e4-Suomi\",\"description\":\"Biotalouden erikoistumiskoulutus It\u00e4-Suomessa - innovaatioita ja osaamista korkeakoulujen ja yritysen yhteisty\u00f6n\u00e4. Koulutuksen painotukset: mets\u00e4biotalous, biotalouden sivuvirrat, biojalostus ja energiabiotalous.\",\"potentialAction\":[{\"@type\":\"SearchAction\",\"target\":{\"@type\":\"EntryPoint\",\"urlTemplate\":\"https:\\\/\\\/www.biotalouskoulutus.fi\\\/?s={search_term_string}\"},\"query-input\":{\"@type\":\"PropertyValueSpecification\",\"valueRequired\":true,\"valueName\":\"search_term_string\"}}],\"inLanguage\":\"fi\"},{\"@type\":\"Person\",\"@id\":\"https:\\\/\\\/www.biotalouskoulutus.fi\\\/#\\\/schema\\\/person\\\/c36c0ef8987442464f305d2a698e5538\",\"name\":\"uef-admin\",\"image\":{\"@type\":\"ImageObject\",\"inLanguage\":\"fi\",\"@id\":\"https:\\\/\\\/secure.gravatar.com\\\/avatar\\\/6c9f5016c320b72333096361e494f2c004505657367d2847a11e96de0655f758?s=96&d=mm&r=g\",\"url\":\"https:\\\/\\\/secure.gravatar.com\\\/avatar\\\/6c9f5016c320b72333096361e494f2c004505657367d2847a11e96de0655f758?s=96&d=mm&r=g\",\"contentUrl\":\"https:\\\/\\\/secure.gravatar.com\\\/avatar\\\/6c9f5016c320b72333096361e494f2c004505657367d2847a11e96de0655f758?s=96&d=mm&r=g\",\"caption\":\"uef-admin\"},\"url\":\"https:\\\/\\\/blogs2.uef.fi\\\/biotalouskoulutus\\\/author\\\/uef-admin\\\/\"}]}<\/script>\n<!-- \/ Yoast SEO plugin. -->","yoast_head_json":{"title":"Kehitt\u00e4misty\u00f6pajat Kuopiossa ja Joensuussa - Biotalouden erikoistumiskoulutus It\u00e4-Suomi","robots":{"index":"index","follow":"follow","max-snippet":"max-snippet:-1","max-image-preview":"max-image-preview:large","max-video-preview":"max-video-preview:-1"},"canonical":"https:\/\/blogs2.uef.fi\/biotalouskoulutus\/kehittamistyopajat-kuopiossa-ja-joensuussa\/","og_locale":"fi_FI","og_type":"article","og_title":"Kehitt\u00e4misty\u00f6pajat Kuopiossa ja Joensuussa - Biotalouden erikoistumiskoulutus It\u00e4-Suomi","og_description":"Korkeakoulut ja ty\u00f6el\u00e4m\u00e4 yhteisty\u00f6ss\u00e4 kehitt\u00e4m\u00e4ss\u00e4 Biotalouden erikoistumiskoulutusta Ty\u00f6el\u00e4m\u00e4 ja korkeakoulut ovat toimineet poikkeuksellisen tiiviisti yhteisty\u00f6ss\u00e4 Biotalouden erikoistumiskoulutuksen suunnittelussa ja kehitt\u00e4misess\u00e4. T\u00e4m\u00e4 yhteisty\u00f6 jatkui kehitt\u00e4misty\u00f6pajoissa Kuopiossa (23.4.) ja Joensuussa (2.5.).&nbsp; Ty\u00f6pajojen tavoitteena oli keskustella ja ideoida koulutuksen sis\u00e4lt\u00f6j\u00e4 ja toteutusta sek\u00e4 l\u00f6yt\u00e4\u00e4 laajemminkin toimintatapoja ty\u00f6el\u00e4m\u00e4n ja korkeakoulujen yhteisty\u00f6lle koulutuksen kehitt\u00e4misess\u00e4. Ty\u00f6pajoihin osallistui yhteens\u00e4 noin 50 korkeakoulujen [&hellip;]","og_url":"https:\/\/blogs2.uef.fi\/biotalouskoulutus\/kehittamistyopajat-kuopiossa-ja-joensuussa\/","og_site_name":"Biotalouden erikoistumiskoulutus It\u00e4-Suomi","article_published_time":"2018-06-11T07:56:58+00:00","article_modified_time":"2020-03-24T11:14:55+00:00","og_image":[{"url":"https:\/\/www.biotalouskoulutusitasuomi.fi\/wp-content\/uploads\/sites\/71\/2020\/03\/Karelia-tyopaja-kuva-768x1024.jpg","type":"","width":"","height":""}],"author":"uef-admin","twitter_card":"summary_large_image","twitter_misc":{"Kirjoittanut":"uef-admin","Arvioitu lukuaika":"3 minuuttia"},"schema":{"@context":"https:\/\/schema.org","@graph":[{"@type":"Article","@id":"https:\/\/blogs2.uef.fi\/biotalouskoulutus\/kehittamistyopajat-kuopiossa-ja-joensuussa\/#article","isPartOf":{"@id":"https:\/\/blogs2.uef.fi\/biotalouskoulutus\/kehittamistyopajat-kuopiossa-ja-joensuussa\/"},"author":{"name":"uef-admin","@id":"https:\/\/www.biotalouskoulutus.fi\/#\/schema\/person\/c36c0ef8987442464f305d2a698e5538"},"headline":"Kehitt\u00e4misty\u00f6pajat Kuopiossa ja Joensuussa","datePublished":"2018-06-11T07:56:58+00:00","dateModified":"2020-03-24T11:14:55+00:00","mainEntityOfPage":{"@id":"https:\/\/blogs2.uef.fi\/biotalouskoulutus\/kehittamistyopajat-kuopiossa-ja-joensuussa\/"},"wordCount":535,"commentCount":0,"image":{"@id":"https:\/\/blogs2.uef.fi\/biotalouskoulutus\/kehittamistyopajat-kuopiossa-ja-joensuussa\/#primaryimage"},"thumbnailUrl":"https:\/\/www.biotalouskoulutusitasuomi.fi\/wp-content\/uploads\/sites\/71\/2020\/03\/Karelia-tyopaja-kuva-768x1024.jpg","keywords":["korkeakoulut","ty\u00f6el\u00e4m\u00e4"],"articleSection":["Kaikki blogit","Koulutuksen kehitt\u00e4minen"],"inLanguage":"fi","potentialAction":[{"@type":"CommentAction","name":"Comment","target":["https:\/\/blogs2.uef.fi\/biotalouskoulutus\/kehittamistyopajat-kuopiossa-ja-joensuussa\/#respond"]}]},{"@type":"WebPage","@id":"https:\/\/blogs2.uef.fi\/biotalouskoulutus\/kehittamistyopajat-kuopiossa-ja-joensuussa\/","url":"https:\/\/blogs2.uef.fi\/biotalouskoulutus\/kehittamistyopajat-kuopiossa-ja-joensuussa\/","name":"Kehitt\u00e4misty\u00f6pajat Kuopiossa ja Joensuussa - Biotalouden erikoistumiskoulutus It\u00e4-Suomi","isPartOf":{"@id":"https:\/\/www.biotalouskoulutus.fi\/#website"},"primaryImageOfPage":{"@id":"https:\/\/blogs2.uef.fi\/biotalouskoulutus\/kehittamistyopajat-kuopiossa-ja-joensuussa\/#primaryimage"},"image":{"@id":"https:\/\/blogs2.uef.fi\/biotalouskoulutus\/kehittamistyopajat-kuopiossa-ja-joensuussa\/#primaryimage"},"thumbnailUrl":"https:\/\/www.biotalouskoulutusitasuomi.fi\/wp-content\/uploads\/sites\/71\/2020\/03\/Karelia-tyopaja-kuva-768x1024.jpg","datePublished":"2018-06-11T07:56:58+00:00","dateModified":"2020-03-24T11:14:55+00:00","author":{"@id":"https:\/\/www.biotalouskoulutus.fi\/#\/schema\/person\/c36c0ef8987442464f305d2a698e5538"},"breadcrumb":{"@id":"https:\/\/blogs2.uef.fi\/biotalouskoulutus\/kehittamistyopajat-kuopiossa-ja-joensuussa\/#breadcrumb"},"inLanguage":"fi","potentialAction":[{"@type":"ReadAction","target":["https:\/\/blogs2.uef.fi\/biotalouskoulutus\/kehittamistyopajat-kuopiossa-ja-joensuussa\/"]}]},{"@type":"ImageObject","inLanguage":"fi","@id":"https:\/\/blogs2.uef.fi\/biotalouskoulutus\/kehittamistyopajat-kuopiossa-ja-joensuussa\/#primaryimage","url":"https:\/\/www.biotalouskoulutusitasuomi.fi\/wp-content\/uploads\/sites\/71\/2020\/03\/Karelia-tyopaja-kuva-768x1024.jpg","contentUrl":"https:\/\/www.biotalouskoulutusitasuomi.fi\/wp-content\/uploads\/sites\/71\/2020\/03\/Karelia-tyopaja-kuva-768x1024.jpg"},{"@type":"BreadcrumbList","@id":"https:\/\/blogs2.uef.fi\/biotalouskoulutus\/kehittamistyopajat-kuopiossa-ja-joensuussa\/#breadcrumb","itemListElement":[{"@type":"ListItem","position":1,"name":"Home","item":"https:\/\/www.biotalouskoulutus.fi\/"},{"@type":"ListItem","position":2,"name":"Kehitt\u00e4misty\u00f6pajat Kuopiossa ja Joensuussa"}]},{"@type":"WebSite","@id":"https:\/\/www.biotalouskoulutus.fi\/#website","url":"https:\/\/www.biotalouskoulutus.fi\/","name":"Biotalouden erikoistumiskoulutus It\u00e4-Suomi","description":"Biotalouden erikoistumiskoulutus It\u00e4-Suomessa - innovaatioita ja osaamista korkeakoulujen ja yritysen yhteisty\u00f6n\u00e4. Koulutuksen painotukset: mets\u00e4biotalous, biotalouden sivuvirrat, biojalostus ja energiabiotalous.","potentialAction":[{"@type":"SearchAction","target":{"@type":"EntryPoint","urlTemplate":"https:\/\/www.biotalouskoulutus.fi\/?s={search_term_string}"},"query-input":{"@type":"PropertyValueSpecification","valueRequired":true,"valueName":"search_term_string"}}],"inLanguage":"fi"},{"@type":"Person","@id":"https:\/\/www.biotalouskoulutus.fi\/#\/schema\/person\/c36c0ef8987442464f305d2a698e5538","name":"uef-admin","image":{"@type":"ImageObject","inLanguage":"fi","@id":"https:\/\/secure.gravatar.com\/avatar\/6c9f5016c320b72333096361e494f2c004505657367d2847a11e96de0655f758?s=96&d=mm&r=g","url":"https:\/\/secure.gravatar.com\/avatar\/6c9f5016c320b72333096361e494f2c004505657367d2847a11e96de0655f758?s=96&d=mm&r=g","contentUrl":"https:\/\/secure.gravatar.com\/avatar\/6c9f5016c320b72333096361e494f2c004505657367d2847a11e96de0655f758?s=96&d=mm&r=g","caption":"uef-admin"},"url":"https:\/\/blogs2.uef.fi\/biotalouskoulutus\/author\/uef-admin\/"}]}},"_links":{"self":[{"href":"https:\/\/blogs2.uef.fi\/biotalouskoulutus\/wp-json\/wp\/v2\/posts\/115","targetHints":{"allow":["GET"]}}],"collection":[{"href":"https:\/\/blogs2.uef.fi\/biotalouskoulutus\/wp-json\/wp\/v2\/posts"}],"about":[{"href":"https:\/\/blogs2.uef.fi\/biotalouskoulutus\/wp-json\/wp\/v2\/types\/post"}],"author":[{"embeddable":true,"href":"https:\/\/blogs2.uef.fi\/biotalouskoulutus\/wp-json\/wp\/v2\/users\/1"}],"replies":[{"embeddable":true,"href":"https:\/\/blogs2.uef.fi\/biotalouskoulutus\/wp-json\/wp\/v2\/comments?post=115"}],"version-history":[{"count":2,"href":"https:\/\/blogs2.uef.fi\/biotalouskoulutus\/wp-json\/wp\/v2\/posts\/115\/revisions"}],"predecessor-version":[{"id":453,"href":"https:\/\/blogs2.uef.fi\/biotalouskoulutus\/wp-json\/wp\/v2\/posts\/115\/revisions\/453"}],"wp:attachment":[{"href":"https:\/\/blogs2.uef.fi\/biotalouskoulutus\/wp-json\/wp\/v2\/media?parent=115"}],"wp:term":[{"taxonomy":"category","embeddable":true,"href":"https:\/\/blogs2.uef.fi\/biotalouskoulutus\/wp-json\/wp\/v2\/categories?post=115"},{"taxonomy":"post_tag","embeddable":true,"href":"https:\/\/blogs2.uef.fi\/biotalouskoulutus\/wp-json\/wp\/v2\/tags?post=115"}],"curies":[{"name":"wp","href":"https:\/\/api.w.org\/{rel}","templated":true}]}}