{"id":1493,"date":"2020-09-09T12:06:55","date_gmt":"2020-09-09T09:06:55","guid":{"rendered":"https:\/\/www.biotalouskoulutusitasuomi.fi\/?p=1493"},"modified":"2020-09-09T12:12:41","modified_gmt":"2020-09-09T09:12:41","slug":"parempaa-biotalouskoulutusta-yhdessa","status":"publish","type":"post","link":"https:\/\/blogs2.uef.fi\/biotalouskoulutus\/parempaa-biotalouskoulutusta-yhdessa\/","title":{"rendered":"Parempaa biotalouskoulutusta yhdess\u00e4"},"content":{"rendered":"<p>It\u00e4suomalainen biotalouden erikoistumiskoulutus, Is-bioerko-hanke p\u00e4\u00e4ttyi 30.6.2020. Reilun kahden vuoden matka biotalouden koulutusta yhdess\u00e4 kehitt\u00e4en on ollut antoisa ja opettavainen toteuttajille ja muille mukana olleille.<\/p>\n<p>Hankkeen viimeisess\u00e4 ohjausryhm\u00e4ss\u00e4 keskustelimme laajasti hankkeen merkityksest\u00e4 ja vaikuttavuudesta. Biotalous poikkeaa jonkin verran perinteisist\u00e4 oppialoista poikkitieteellisen luonteensa vuoksi. Is-bioerko -hankkeen kautta on tunnistettu monia korkeakoulujen tekemisi\u00e4, jotka kytkeytyv\u00e4t biotalouteen ja It\u00e4-Suomessa on nyt selke\u00e4sti biotalouden koulutuskokonaisuus, jota ei ennen t\u00e4t\u00e4 hanketta ollut. Kokonaisuus on siten yhten\u00e4isempi ja helpommin esitelt\u00e4viss\u00e4 kuin ennen t\u00e4t\u00e4 hanketta. Yleisesti ottaen koulutuksessa kilpailu opiskelijoista kasvaa koko ajan ja It\u00e4-Suomen korkeakoulujen keskin\u00e4ist\u00e4 tuttuutta pit\u00e4\u00e4 osata hy\u00f6dynt\u00e4\u00e4 t\u00e4ss\u00e4 kilpailutilanteessa. Is-bioerko osoitti, ett\u00e4 ammattikorkeakoulujen ja yliopiston erilaiset profiilit t\u00e4ydent\u00e4v\u00e4t oivallisesti toisiaan. Parhaimmillaan Biotalouden erikoistumiskoulutus voi toimia my\u00f6s tiedonv\u00e4lityskanavana tutkijayhteis\u00f6n, kouluttajien ja ty\u00f6el\u00e4m\u00e4n v\u00e4lill\u00e4. T\u00e4ll\u00f6in tutkimustieto olisi viel\u00e4 aiempaa paremmin kytk\u00f6ksiss\u00e4 koulutuksiin sek\u00e4 ty\u00f6el\u00e4m\u00e4n tarpeisiin. It\u00e4-Suomen alueella hiilineutraalius, jatkuva oppiminen, kansainv\u00e4listyminen ja yhteisty\u00f6 ovat t\u00e4rkeit\u00e4 tavoitteita jatkossakin. Keskeist\u00e4 on my\u00f6s alueellisen osaamisen eteenp\u00e4in vieminen. Is-bioerkon ja erityisesti pandemian mukanaan tuoman uuden normaalin my\u00f6t\u00e4 uskomme, ett\u00e4 avainasemassa ovat jatkossakin et\u00e4opetuksen, koulutussis\u00e4lt\u00f6jen monipuolisuuden ja modulaarisuuden kehitt\u00e4minen.<\/p>\n<p><img loading=\"lazy\" decoding=\"async\" class=\"alignnone wp-image-1496\" src=\"https:\/\/www.biotalouskoulutusitasuomi.fi\/wp-content\/uploads\/sites\/71\/2020\/09\/Bioerko_yhdesa-300x150.png\" alt=\"Bioerkon logo, jossa kolmion k\u00e4rkin\u00e4 koulutus, ty\u00f6el\u00e4m\u00e4 sek\u00e4 tutkimus ja kehitt\u00e4minen\" width=\"600\" height=\"300\" srcset=\"https:\/\/blogs2.uef.fi\/biotalouskoulutus\/wp-content\/uploads\/sites\/71\/2020\/09\/Bioerko_yhdesa-300x150.png 300w, https:\/\/blogs2.uef.fi\/biotalouskoulutus\/wp-content\/uploads\/sites\/71\/2020\/09\/Bioerko_yhdesa-768x384.png 768w, https:\/\/blogs2.uef.fi\/biotalouskoulutus\/wp-content\/uploads\/sites\/71\/2020\/09\/Bioerko_yhdesa.png 1024w\" sizes=\"auto, (max-width: 600px) 100vw, 600px\" \/><\/p>\n<p>Kun olemme vauhtiin p\u00e4\u00e4sseet, jatkamme biotalouden koulutuksen kehitt\u00e4mist\u00e4 hankkeessa, jonka pitk\u00e4 otsikko on \u201dIt\u00e4-Suomen kansainv\u00e4lisen biotalousosaamisen kehitt\u00e4minen ty\u00f6el\u00e4m\u00e4l\u00e4ht\u00f6isen jatkuvan oppimisen keinoin\u201d, tuttavallisemmin Joinbioerko. Uusi hanke on saanut ESR-rahoituksen ja kehit\u00e4mme siin\u00e4 biotalouskoulutuksen tarjontaa laajemmaksi mm. tarjoamalla MOOC-kursseja, parantamalla verkostoitumista ja mentorointia sek\u00e4 toteuttamalla koulutusvientipilotointeja. Luonnollisesti jatkamme my\u00f6s tiivist\u00e4 ty\u00f6el\u00e4m\u00e4yhteisty\u00f6t\u00e4. Syyskuun alussa starttasi my\u00f6s Biotalouden erikoistumiskoulutuksen toinen toteutus, jossa ensimm\u00e4isen pilotointikoulutuksen palautetta ja kehitt\u00e4misideoita p\u00e4\u00e4st\u00e4\u00e4n testaamaan k\u00e4yt\u00e4nn\u00f6ss\u00e4.<\/p>\n<p style=\"padding-left: 40px\">&#8211; It\u00e4-Suomen korkeakoulujen ainutlaatuiset biotalouden erikoistumisopinnot on erinomainen mahdollisuus yrityksille ja muille organisaatioille lis\u00e4t\u00e4 henkil\u00f6st\u00f6n osaamista tulevaisuuden osaamisalueella. Kokemukset erikoistumisopinnoista ovat erinomaiset, toteaa Is-bioerko -hankkeen ohjausryhm\u00e4n puheenjohtaja Anssi Niskanen.<\/p>\n<p>T\u00e4ss\u00e4 vaiheessa kiit\u00e4mme biotalouden koulutuskokonaisuuden kehitt\u00e4miseen osallistuneita, erityisesti rahoittajaa ja ohjausryhm\u00e4\u00e4. Jatkamme kuitenkin Joinbioerko-hankkeessa viestint\u00e4\u00e4 t\u00e4ss\u00e4 blogissa ja tutuissa somekanavissa, joten pysyh\u00e4n kuulolla!<\/p>\n<p><em>Kirjoittanut <\/em><em>Laura Tomppo, yliopistotutkija, Is-bioerkon projektip\u00e4\u00e4llikk\u00f6, UEF ja <\/em><em>Jukka Tikkanen, tutkimusjohtaja, Is-bioerkon vastuullinen johtaja, UEF<\/em><\/p>\n","protected":false},"excerpt":{"rendered":"<p>It\u00e4suomalainen biotalouden erikoistumiskoulutus, Is-bioerko-hanke p\u00e4\u00e4ttyi 30.6.2020. Reilun kahden vuoden matka biotalouden koulutusta yhdess\u00e4 kehitt\u00e4en on ollut antoisa ja opettavainen toteuttajille ja muille mukana olleille. Hankkeen viimeisess\u00e4 ohjausryhm\u00e4ss\u00e4 keskustelimme laajasti hankkeen merkityksest\u00e4 ja vaikuttavuudesta. Biotalous poikkeaa jonkin verran perinteisist\u00e4 oppialoista poikkitieteellisen luonteensa vuoksi. Is-bioerko -hankkeen kautta on tunnistettu monia korkeakoulujen tekemisi\u00e4, jotka kytkeytyv\u00e4t biotalouteen ja It\u00e4-Suomessa [&hellip;]<\/p>\n","protected":false},"author":265,"featured_media":0,"comment_status":"closed","ping_status":"closed","sticky":false,"template":"","format":"standard","meta":{"_acf_changed":false,"_relevanssi_hide_post":"","_relevanssi_hide_content":"","_relevanssi_pin_for_all":"","_relevanssi_pin_keywords":"","_relevanssi_unpin_keywords":"","_relevanssi_related_keywords":"","_relevanssi_related_include_ids":"","_relevanssi_related_exclude_ids":"","_relevanssi_related_no_append":"","_relevanssi_related_not_related":"","_relevanssi_related_posts":"","_relevanssi_noindex_reason":"","footnotes":""},"categories":[1],"tags":[],"class_list":["post-1493","post","type-post","status-publish","format-standard","hentry","category-kaikki"],"acf":[],"yoast_head":"<!-- This site is optimized with the Yoast SEO plugin v27.3 - https:\/\/yoast.com\/product\/yoast-seo-wordpress\/ -->\n<title>Parempaa biotalouskoulutusta yhdess\u00e4 - Biotalouden erikoistumiskoulutus It\u00e4-Suomi<\/title>\n<meta name=\"robots\" content=\"index, follow, max-snippet:-1, max-image-preview:large, max-video-preview:-1\" \/>\n<link rel=\"canonical\" href=\"https:\/\/blogs2.uef.fi\/biotalouskoulutus\/parempaa-biotalouskoulutusta-yhdessa\/\" \/>\n<meta property=\"og:locale\" content=\"fi_FI\" \/>\n<meta property=\"og:type\" content=\"article\" \/>\n<meta property=\"og:title\" content=\"Parempaa biotalouskoulutusta yhdess\u00e4 - Biotalouden erikoistumiskoulutus It\u00e4-Suomi\" \/>\n<meta property=\"og:description\" content=\"It\u00e4suomalainen biotalouden erikoistumiskoulutus, Is-bioerko-hanke p\u00e4\u00e4ttyi 30.6.2020. Reilun kahden vuoden matka biotalouden koulutusta yhdess\u00e4 kehitt\u00e4en on ollut antoisa ja opettavainen toteuttajille ja muille mukana olleille. Hankkeen viimeisess\u00e4 ohjausryhm\u00e4ss\u00e4 keskustelimme laajasti hankkeen merkityksest\u00e4 ja vaikuttavuudesta. Biotalous poikkeaa jonkin verran perinteisist\u00e4 oppialoista poikkitieteellisen luonteensa vuoksi. Is-bioerko -hankkeen kautta on tunnistettu monia korkeakoulujen tekemisi\u00e4, jotka kytkeytyv\u00e4t biotalouteen ja It\u00e4-Suomessa [&hellip;]\" \/>\n<meta property=\"og:url\" content=\"https:\/\/blogs2.uef.fi\/biotalouskoulutus\/parempaa-biotalouskoulutusta-yhdessa\/\" \/>\n<meta property=\"og:site_name\" content=\"Biotalouden erikoistumiskoulutus It\u00e4-Suomi\" \/>\n<meta property=\"article:published_time\" content=\"2020-09-09T09:06:55+00:00\" \/>\n<meta property=\"article:modified_time\" content=\"2020-09-09T09:12:41+00:00\" \/>\n<meta property=\"og:image\" content=\"https:\/\/www.biotalouskoulutusitasuomi.fi\/wp-content\/uploads\/sites\/71\/2020\/09\/Bioerko_yhdesa-300x150.png\" \/>\n<meta name=\"author\" content=\"lekokkon\" \/>\n<meta name=\"twitter:card\" content=\"summary_large_image\" \/>\n<meta name=\"twitter:label1\" content=\"Kirjoittanut\" \/>\n\t<meta name=\"twitter:data1\" content=\"lekokkon\" \/>\n\t<meta name=\"twitter:label2\" content=\"Arvioitu lukuaika\" \/>\n\t<meta name=\"twitter:data2\" content=\"2 minuuttia\" \/>\n<script type=\"application\/ld+json\" class=\"yoast-schema-graph\">{\"@context\":\"https:\\\/\\\/schema.org\",\"@graph\":[{\"@type\":\"Article\",\"@id\":\"https:\\\/\\\/blogs2.uef.fi\\\/biotalouskoulutus\\\/parempaa-biotalouskoulutusta-yhdessa\\\/#article\",\"isPartOf\":{\"@id\":\"https:\\\/\\\/blogs2.uef.fi\\\/biotalouskoulutus\\\/parempaa-biotalouskoulutusta-yhdessa\\\/\"},\"author\":{\"name\":\"lekokkon\",\"@id\":\"https:\\\/\\\/www.biotalouskoulutus.fi\\\/#\\\/schema\\\/person\\\/e9c1516e752dc1d9b3bd607c8ac81441\"},\"headline\":\"Parempaa biotalouskoulutusta yhdess\u00e4\",\"datePublished\":\"2020-09-09T09:06:55+00:00\",\"dateModified\":\"2020-09-09T09:12:41+00:00\",\"mainEntityOfPage\":{\"@id\":\"https:\\\/\\\/blogs2.uef.fi\\\/biotalouskoulutus\\\/parempaa-biotalouskoulutusta-yhdessa\\\/\"},\"wordCount\":379,\"image\":{\"@id\":\"https:\\\/\\\/blogs2.uef.fi\\\/biotalouskoulutus\\\/parempaa-biotalouskoulutusta-yhdessa\\\/#primaryimage\"},\"thumbnailUrl\":\"https:\\\/\\\/www.biotalouskoulutusitasuomi.fi\\\/wp-content\\\/uploads\\\/sites\\\/71\\\/2020\\\/09\\\/Bioerko_yhdesa-300x150.png\",\"articleSection\":[\"Kaikki blogit\"],\"inLanguage\":\"fi\"},{\"@type\":\"WebPage\",\"@id\":\"https:\\\/\\\/blogs2.uef.fi\\\/biotalouskoulutus\\\/parempaa-biotalouskoulutusta-yhdessa\\\/\",\"url\":\"https:\\\/\\\/blogs2.uef.fi\\\/biotalouskoulutus\\\/parempaa-biotalouskoulutusta-yhdessa\\\/\",\"name\":\"Parempaa biotalouskoulutusta yhdess\u00e4 - Biotalouden erikoistumiskoulutus It\u00e4-Suomi\",\"isPartOf\":{\"@id\":\"https:\\\/\\\/www.biotalouskoulutus.fi\\\/#website\"},\"primaryImageOfPage\":{\"@id\":\"https:\\\/\\\/blogs2.uef.fi\\\/biotalouskoulutus\\\/parempaa-biotalouskoulutusta-yhdessa\\\/#primaryimage\"},\"image\":{\"@id\":\"https:\\\/\\\/blogs2.uef.fi\\\/biotalouskoulutus\\\/parempaa-biotalouskoulutusta-yhdessa\\\/#primaryimage\"},\"thumbnailUrl\":\"https:\\\/\\\/www.biotalouskoulutusitasuomi.fi\\\/wp-content\\\/uploads\\\/sites\\\/71\\\/2020\\\/09\\\/Bioerko_yhdesa-300x150.png\",\"datePublished\":\"2020-09-09T09:06:55+00:00\",\"dateModified\":\"2020-09-09T09:12:41+00:00\",\"author\":{\"@id\":\"https:\\\/\\\/www.biotalouskoulutus.fi\\\/#\\\/schema\\\/person\\\/e9c1516e752dc1d9b3bd607c8ac81441\"},\"breadcrumb\":{\"@id\":\"https:\\\/\\\/blogs2.uef.fi\\\/biotalouskoulutus\\\/parempaa-biotalouskoulutusta-yhdessa\\\/#breadcrumb\"},\"inLanguage\":\"fi\",\"potentialAction\":[{\"@type\":\"ReadAction\",\"target\":[\"https:\\\/\\\/blogs2.uef.fi\\\/biotalouskoulutus\\\/parempaa-biotalouskoulutusta-yhdessa\\\/\"]}]},{\"@type\":\"ImageObject\",\"inLanguage\":\"fi\",\"@id\":\"https:\\\/\\\/blogs2.uef.fi\\\/biotalouskoulutus\\\/parempaa-biotalouskoulutusta-yhdessa\\\/#primaryimage\",\"url\":\"https:\\\/\\\/www.biotalouskoulutusitasuomi.fi\\\/wp-content\\\/uploads\\\/sites\\\/71\\\/2020\\\/09\\\/Bioerko_yhdesa-300x150.png\",\"contentUrl\":\"https:\\\/\\\/www.biotalouskoulutusitasuomi.fi\\\/wp-content\\\/uploads\\\/sites\\\/71\\\/2020\\\/09\\\/Bioerko_yhdesa-300x150.png\"},{\"@type\":\"BreadcrumbList\",\"@id\":\"https:\\\/\\\/blogs2.uef.fi\\\/biotalouskoulutus\\\/parempaa-biotalouskoulutusta-yhdessa\\\/#breadcrumb\",\"itemListElement\":[{\"@type\":\"ListItem\",\"position\":1,\"name\":\"Home\",\"item\":\"https:\\\/\\\/www.biotalouskoulutus.fi\\\/\"},{\"@type\":\"ListItem\",\"position\":2,\"name\":\"Parempaa biotalouskoulutusta yhdess\u00e4\"}]},{\"@type\":\"WebSite\",\"@id\":\"https:\\\/\\\/www.biotalouskoulutus.fi\\\/#website\",\"url\":\"https:\\\/\\\/www.biotalouskoulutus.fi\\\/\",\"name\":\"Biotalouden erikoistumiskoulutus It\u00e4-Suomi\",\"description\":\"Biotalouden erikoistumiskoulutus It\u00e4-Suomessa - innovaatioita ja osaamista korkeakoulujen ja yritysen yhteisty\u00f6n\u00e4. Koulutuksen painotukset: mets\u00e4biotalous, biotalouden sivuvirrat, biojalostus ja energiabiotalous.\",\"potentialAction\":[{\"@type\":\"SearchAction\",\"target\":{\"@type\":\"EntryPoint\",\"urlTemplate\":\"https:\\\/\\\/www.biotalouskoulutus.fi\\\/?s={search_term_string}\"},\"query-input\":{\"@type\":\"PropertyValueSpecification\",\"valueRequired\":true,\"valueName\":\"search_term_string\"}}],\"inLanguage\":\"fi\"},{\"@type\":\"Person\",\"@id\":\"https:\\\/\\\/www.biotalouskoulutus.fi\\\/#\\\/schema\\\/person\\\/e9c1516e752dc1d9b3bd607c8ac81441\",\"name\":\"lekokkon\",\"image\":{\"@type\":\"ImageObject\",\"inLanguage\":\"fi\",\"@id\":\"https:\\\/\\\/secure.gravatar.com\\\/avatar\\\/cb1e4cc51a855fcfde21fd1168150b6f98c5c0d8827b772b462b7648e990731d?s=96&d=mm&r=g\",\"url\":\"https:\\\/\\\/secure.gravatar.com\\\/avatar\\\/cb1e4cc51a855fcfde21fd1168150b6f98c5c0d8827b772b462b7648e990731d?s=96&d=mm&r=g\",\"contentUrl\":\"https:\\\/\\\/secure.gravatar.com\\\/avatar\\\/cb1e4cc51a855fcfde21fd1168150b6f98c5c0d8827b772b462b7648e990731d?s=96&d=mm&r=g\",\"caption\":\"lekokkon\"},\"url\":\"https:\\\/\\\/blogs2.uef.fi\\\/biotalouskoulutus\\\/author\\\/lekokkon\\\/\"}]}<\/script>\n<!-- \/ Yoast SEO plugin. -->","yoast_head_json":{"title":"Parempaa biotalouskoulutusta yhdess\u00e4 - Biotalouden erikoistumiskoulutus It\u00e4-Suomi","robots":{"index":"index","follow":"follow","max-snippet":"max-snippet:-1","max-image-preview":"max-image-preview:large","max-video-preview":"max-video-preview:-1"},"canonical":"https:\/\/blogs2.uef.fi\/biotalouskoulutus\/parempaa-biotalouskoulutusta-yhdessa\/","og_locale":"fi_FI","og_type":"article","og_title":"Parempaa biotalouskoulutusta yhdess\u00e4 - Biotalouden erikoistumiskoulutus It\u00e4-Suomi","og_description":"It\u00e4suomalainen biotalouden erikoistumiskoulutus, Is-bioerko-hanke p\u00e4\u00e4ttyi 30.6.2020. Reilun kahden vuoden matka biotalouden koulutusta yhdess\u00e4 kehitt\u00e4en on ollut antoisa ja opettavainen toteuttajille ja muille mukana olleille. Hankkeen viimeisess\u00e4 ohjausryhm\u00e4ss\u00e4 keskustelimme laajasti hankkeen merkityksest\u00e4 ja vaikuttavuudesta. Biotalous poikkeaa jonkin verran perinteisist\u00e4 oppialoista poikkitieteellisen luonteensa vuoksi. Is-bioerko -hankkeen kautta on tunnistettu monia korkeakoulujen tekemisi\u00e4, jotka kytkeytyv\u00e4t biotalouteen ja It\u00e4-Suomessa [&hellip;]","og_url":"https:\/\/blogs2.uef.fi\/biotalouskoulutus\/parempaa-biotalouskoulutusta-yhdessa\/","og_site_name":"Biotalouden erikoistumiskoulutus It\u00e4-Suomi","article_published_time":"2020-09-09T09:06:55+00:00","article_modified_time":"2020-09-09T09:12:41+00:00","og_image":[{"url":"https:\/\/www.biotalouskoulutusitasuomi.fi\/wp-content\/uploads\/sites\/71\/2020\/09\/Bioerko_yhdesa-300x150.png","type":"","width":"","height":""}],"author":"lekokkon","twitter_card":"summary_large_image","twitter_misc":{"Kirjoittanut":"lekokkon","Arvioitu lukuaika":"2 minuuttia"},"schema":{"@context":"https:\/\/schema.org","@graph":[{"@type":"Article","@id":"https:\/\/blogs2.uef.fi\/biotalouskoulutus\/parempaa-biotalouskoulutusta-yhdessa\/#article","isPartOf":{"@id":"https:\/\/blogs2.uef.fi\/biotalouskoulutus\/parempaa-biotalouskoulutusta-yhdessa\/"},"author":{"name":"lekokkon","@id":"https:\/\/www.biotalouskoulutus.fi\/#\/schema\/person\/e9c1516e752dc1d9b3bd607c8ac81441"},"headline":"Parempaa biotalouskoulutusta yhdess\u00e4","datePublished":"2020-09-09T09:06:55+00:00","dateModified":"2020-09-09T09:12:41+00:00","mainEntityOfPage":{"@id":"https:\/\/blogs2.uef.fi\/biotalouskoulutus\/parempaa-biotalouskoulutusta-yhdessa\/"},"wordCount":379,"image":{"@id":"https:\/\/blogs2.uef.fi\/biotalouskoulutus\/parempaa-biotalouskoulutusta-yhdessa\/#primaryimage"},"thumbnailUrl":"https:\/\/www.biotalouskoulutusitasuomi.fi\/wp-content\/uploads\/sites\/71\/2020\/09\/Bioerko_yhdesa-300x150.png","articleSection":["Kaikki blogit"],"inLanguage":"fi"},{"@type":"WebPage","@id":"https:\/\/blogs2.uef.fi\/biotalouskoulutus\/parempaa-biotalouskoulutusta-yhdessa\/","url":"https:\/\/blogs2.uef.fi\/biotalouskoulutus\/parempaa-biotalouskoulutusta-yhdessa\/","name":"Parempaa biotalouskoulutusta yhdess\u00e4 - Biotalouden erikoistumiskoulutus It\u00e4-Suomi","isPartOf":{"@id":"https:\/\/www.biotalouskoulutus.fi\/#website"},"primaryImageOfPage":{"@id":"https:\/\/blogs2.uef.fi\/biotalouskoulutus\/parempaa-biotalouskoulutusta-yhdessa\/#primaryimage"},"image":{"@id":"https:\/\/blogs2.uef.fi\/biotalouskoulutus\/parempaa-biotalouskoulutusta-yhdessa\/#primaryimage"},"thumbnailUrl":"https:\/\/www.biotalouskoulutusitasuomi.fi\/wp-content\/uploads\/sites\/71\/2020\/09\/Bioerko_yhdesa-300x150.png","datePublished":"2020-09-09T09:06:55+00:00","dateModified":"2020-09-09T09:12:41+00:00","author":{"@id":"https:\/\/www.biotalouskoulutus.fi\/#\/schema\/person\/e9c1516e752dc1d9b3bd607c8ac81441"},"breadcrumb":{"@id":"https:\/\/blogs2.uef.fi\/biotalouskoulutus\/parempaa-biotalouskoulutusta-yhdessa\/#breadcrumb"},"inLanguage":"fi","potentialAction":[{"@type":"ReadAction","target":["https:\/\/blogs2.uef.fi\/biotalouskoulutus\/parempaa-biotalouskoulutusta-yhdessa\/"]}]},{"@type":"ImageObject","inLanguage":"fi","@id":"https:\/\/blogs2.uef.fi\/biotalouskoulutus\/parempaa-biotalouskoulutusta-yhdessa\/#primaryimage","url":"https:\/\/www.biotalouskoulutusitasuomi.fi\/wp-content\/uploads\/sites\/71\/2020\/09\/Bioerko_yhdesa-300x150.png","contentUrl":"https:\/\/www.biotalouskoulutusitasuomi.fi\/wp-content\/uploads\/sites\/71\/2020\/09\/Bioerko_yhdesa-300x150.png"},{"@type":"BreadcrumbList","@id":"https:\/\/blogs2.uef.fi\/biotalouskoulutus\/parempaa-biotalouskoulutusta-yhdessa\/#breadcrumb","itemListElement":[{"@type":"ListItem","position":1,"name":"Home","item":"https:\/\/www.biotalouskoulutus.fi\/"},{"@type":"ListItem","position":2,"name":"Parempaa biotalouskoulutusta yhdess\u00e4"}]},{"@type":"WebSite","@id":"https:\/\/www.biotalouskoulutus.fi\/#website","url":"https:\/\/www.biotalouskoulutus.fi\/","name":"Biotalouden erikoistumiskoulutus It\u00e4-Suomi","description":"Biotalouden erikoistumiskoulutus It\u00e4-Suomessa - innovaatioita ja osaamista korkeakoulujen ja yritysen yhteisty\u00f6n\u00e4. Koulutuksen painotukset: mets\u00e4biotalous, biotalouden sivuvirrat, biojalostus ja energiabiotalous.","potentialAction":[{"@type":"SearchAction","target":{"@type":"EntryPoint","urlTemplate":"https:\/\/www.biotalouskoulutus.fi\/?s={search_term_string}"},"query-input":{"@type":"PropertyValueSpecification","valueRequired":true,"valueName":"search_term_string"}}],"inLanguage":"fi"},{"@type":"Person","@id":"https:\/\/www.biotalouskoulutus.fi\/#\/schema\/person\/e9c1516e752dc1d9b3bd607c8ac81441","name":"lekokkon","image":{"@type":"ImageObject","inLanguage":"fi","@id":"https:\/\/secure.gravatar.com\/avatar\/cb1e4cc51a855fcfde21fd1168150b6f98c5c0d8827b772b462b7648e990731d?s=96&d=mm&r=g","url":"https:\/\/secure.gravatar.com\/avatar\/cb1e4cc51a855fcfde21fd1168150b6f98c5c0d8827b772b462b7648e990731d?s=96&d=mm&r=g","contentUrl":"https:\/\/secure.gravatar.com\/avatar\/cb1e4cc51a855fcfde21fd1168150b6f98c5c0d8827b772b462b7648e990731d?s=96&d=mm&r=g","caption":"lekokkon"},"url":"https:\/\/blogs2.uef.fi\/biotalouskoulutus\/author\/lekokkon\/"}]}},"_links":{"self":[{"href":"https:\/\/blogs2.uef.fi\/biotalouskoulutus\/wp-json\/wp\/v2\/posts\/1493","targetHints":{"allow":["GET"]}}],"collection":[{"href":"https:\/\/blogs2.uef.fi\/biotalouskoulutus\/wp-json\/wp\/v2\/posts"}],"about":[{"href":"https:\/\/blogs2.uef.fi\/biotalouskoulutus\/wp-json\/wp\/v2\/types\/post"}],"author":[{"embeddable":true,"href":"https:\/\/blogs2.uef.fi\/biotalouskoulutus\/wp-json\/wp\/v2\/users\/265"}],"replies":[{"embeddable":true,"href":"https:\/\/blogs2.uef.fi\/biotalouskoulutus\/wp-json\/wp\/v2\/comments?post=1493"}],"version-history":[{"count":2,"href":"https:\/\/blogs2.uef.fi\/biotalouskoulutus\/wp-json\/wp\/v2\/posts\/1493\/revisions"}],"predecessor-version":[{"id":1508,"href":"https:\/\/blogs2.uef.fi\/biotalouskoulutus\/wp-json\/wp\/v2\/posts\/1493\/revisions\/1508"}],"wp:attachment":[{"href":"https:\/\/blogs2.uef.fi\/biotalouskoulutus\/wp-json\/wp\/v2\/media?parent=1493"}],"wp:term":[{"taxonomy":"category","embeddable":true,"href":"https:\/\/blogs2.uef.fi\/biotalouskoulutus\/wp-json\/wp\/v2\/categories?post=1493"},{"taxonomy":"post_tag","embeddable":true,"href":"https:\/\/blogs2.uef.fi\/biotalouskoulutus\/wp-json\/wp\/v2\/tags?post=1493"}],"curies":[{"name":"wp","href":"https:\/\/api.w.org\/{rel}","templated":true}]}}