{"id":1667,"date":"2020-11-13T13:18:14","date_gmt":"2020-11-13T11:18:14","guid":{"rendered":"https:\/\/www.biotalouskoulutusitasuomi.fi\/?p=1667"},"modified":"2022-12-28T14:05:13","modified_gmt":"2022-12-28T12:05:13","slug":"biotalouden-osaaminen-ita-suomessa-vahvistuu-biotalouden-erikoistumiskoulutus-ii-kaynnissa","status":"publish","type":"post","link":"https:\/\/blogs2.uef.fi\/biotalouskoulutus\/biotalouden-osaaminen-ita-suomessa-vahvistuu-biotalouden-erikoistumiskoulutus-ii-kaynnissa\/","title":{"rendered":"Biotalouden osaaminen It\u00e4-Suomessa vahvistuu &#8211; Biotalouden erikoistumiskoulutus II k\u00e4ynniss\u00e4"},"content":{"rendered":"<p>Biotalouden erikoistumiskoulutus It\u00e4-Suomessa on jatkunut toisen toteutuksen k\u00e4ynnistytty\u00e4 4.-5.9.2020 et\u00e4yhteyksin. Koulutuksen on aloittanut 14 biotalouden n\u00e4lk\u00e4ist\u00e4 opiskelijaa ja t\u00e4h\u00e4n n\u00e4lk\u00e4\u00e4n on vastattu tarjoamalla opintoja mm. biotalouden perusteista (hiilitaloudesta biotalouteen opintojakso) sek\u00e4 biotalouden ennakoinnista ja innovaatioista. Erikoistumiskoulutuksen tavoitteena on vahvistaa opiskelijan asiantuntijuutta biotaloudessa ja sit\u00e4 varten jokaiselle opiskelijalle on tehty henkil\u00f6kohtainen kehittymis- ja opintosuunnitelma (HEKOPS). HEKOPSin tarkoituksena on varmistaa opiskelijan oppimispolun mielekkyys ja kytkent\u00e4 mahdollisen ty\u00f6yhteis\u00f6n tarpeisiin. Opintoihin kuuluu my\u00f6s ty\u00f6el\u00e4m\u00e4l\u00e4ht\u00f6isen kehitt\u00e4misprojektin tekeminen, jonka suunnittelu aloitetaan heti opintojen alussa. Ensimm\u00e4isen Bioerko-toteutuksen opiskelijoiden kehitt\u00e4misprojektin aiheisiin voit tutustua koulutuksen verkkosivuilla kohdassa Kehitt\u00e4minen ja <a href=\"https:\/\/www.biotalouskoulutusitasuomi.fi\/biotalouskoulutuksen-kehittaminen\/kehittamistehtavia\/\">Biotalouden erikoistumiskoulutus 2018-2020<\/a>. Biotalous on monialainen ja eri toimialojen verkostoja yhdist\u00e4v\u00e4. My\u00f6s Bioerkon opiskelijoiden taustat vaihtelevat ja se on yksi antoisimpia elementtej\u00e4 koulutuksessa. Opiskelijoina on mets\u00e4- ja maatalousammattilaisia sek\u00e4 yritt\u00e4ji\u00e4 monilta eri aloilta kuten kiertotaloudesta, palvelumuotoilusta ja luonnontuotteiden parista. Bioerkon opintojaksojen teht\u00e4vien ja kontaktijaksojen aikana opiskelijat p\u00e4\u00e4sev\u00e4t verkostoitumaan ja vaihtamaan ajatuksia ja kokemuksia.<\/p>\n<p>Ensimm\u00e4isen lukukauden aikana on pidetty kaksi kontaktijaksoa, koulutuksen aloitus syyskuussa ja toinen tapaaminen marraskuussa 5.-6.11. Kontaktijaksot olemme pit\u00e4neet et\u00e4n\u00e4 Zoomin kautta. Kontaktijaksoilla opiskelijat ty\u00f6skentelev\u00e4t p\u00e4\u00e4s\u00e4\u00e4nt\u00f6isesti \u201dMuutoksen asiantuntijuus ja johtaminen biotaloudessa\u201d-opintojakson ty\u00f6pajojen parissa. N\u00e4iden ty\u00f6pajojen kautta opiskelijat oppivat tunnistamaan esim. organisaationsa toimintaymp\u00e4rist\u00f6n yhteiskunnallisia ja teknologisia muutoshaasteita sek\u00e4 soveltamaan erilaisia l\u00e4hestymistapoja kohtaamiinsa kehitt\u00e4mistarpeisiin. \u201cKoulutuksessamme biotalous m\u00e4\u00e4ritell\u00e4\u00e4n laajana, se tarkoittaa yhteiskunnan rakenteiden siirtym\u00e4\u00e4 hiilitaloudesta kiertobiotalouteen\u201d sanoo It\u00e4-Suomen yliopiston Tutkimusjohtaja Jukka Tikkanen, joka on yksi Bioerko opettajista. \u201cYritysten vastuullinen toiminta on t\u00e4ss\u00e4 keskeist\u00e4\u201d, siksi heti koulutuksen aloituksessa k\u00e4siteltiinkin osallistavaa johtamista ja yhteiskuntavastuuta, jossa vierailevana asiantuntijana oli prof. Katja L\u00e4htinen Luonnonvarakeskukselta.<\/p>\n<p>Marraskuun et\u00e4p\u00e4ivien ty\u00f6pajan teemana oli biotalouden liiketoiminnan ennakointi, jonka teemoihin professori Anne Toppinen Helsingin yliopistolta ja johtava asiantuntija Eeva Hellstr\u00f6m Sitrasta aktivoivat opiskelijoita alustuksillaan. Anne Toppinen nosti esityksess\u00e4\u00e4n esille biotalouden kest\u00e4vyysmuutoksen n\u00e4k\u00f6kulmia. Eeva Hellstr\u00f6m kertoi mm., ett\u00e4 kest\u00e4vyysajattelussa tulisi pyrki\u00e4 my\u00f6nteisten vaikutuksien aikaan saamiseen eli puhutaan positiivisesta k\u00e4denj\u00e4ljen j\u00e4tt\u00e4misest\u00e4 eik\u00e4 niink\u00e4\u00e4n jalanj\u00e4ljest\u00e4, joka perustuu haittojen v\u00e4hent\u00e4miseen. Ty\u00f6pajojen tavoitteena oli syvent\u00e4\u00e4 opiskelijoiden ymm\u00e4rryst\u00e4 biotalouden liiketoimintaymp\u00e4rist\u00f6n muutosn\u00e4k\u00f6aloista ja niiden vaikutuksesta tulevaisuuden biotalousliiketoiminnan menestystekij\u00f6ihin sek\u00e4 tuottaa oivalluksia oman biotalousasiantuntemuksen kehitt\u00e4miseen. Et\u00e4p\u00e4ivien p\u00e4\u00e4tteeksi tutustuttiin yhteen biotalousalan yritykseen, kun viestint\u00e4p\u00e4\u00e4llikk\u00f6 Emmi Berlin kertoi Spinnovan toiminnasta ja heid\u00e4n valmistamastaan tekstiilikuidusta. Spinnovan kaltaisille tekstiilikuiduille on kasvava tarve tulevaisuudessa.<\/p>\n<p>Syksyn mittaan olemme jatkaneet It\u00e4-Suomessa biotalousosaamisen kehitt\u00e4mist\u00e4 yhdess\u00e4 tuumin It\u00e4-Suomen yliopiston, Karelia-amk ja Savonia-amk kanssa <a href=\"https:\/\/www.biotalouskoulutusitasuomi.fi\/biotalouskoulutuksen-kehittaminen\/join-bioerko-hankkeen-tiivistelma\/\">Join-Bioerko -hankkeessa<\/a>. Join-Bioerkossa tulemme my\u00f6s pilotoimaan erillisi\u00e4 opintokokonaisuuksia ty\u00f6el\u00e4m\u00e4n tarpeisiin. Biotalouden toimija: jos siis mietit lukiessasi t\u00e4t\u00e4 blogia, ett\u00e4 nyt olisi tarvetta kehitt\u00e4\u00e4 osaamista vaikka ilmastoviisaassa mets\u00e4hoidossa, biojalostuksessa, kiertotaloudessa tms. niin ota ihmeess\u00e4 yhteytt\u00e4, koska Join-Bioerkossa tulemme hakemaan sit\u00e4 varten yhteisty\u00f6kumppaneita.<\/p>\n<p><em>Kirjoittanut Piritta Torssonen, Join-Bioerko-hankkeen projektip\u00e4\u00e4llikk\u00f6, UEF, piritta.torssonen(at)uef.fi<\/em><\/p>\n","protected":false},"excerpt":{"rendered":"<p>Biotalouden erikoistumiskoulutus It\u00e4-Suomessa on jatkunut toisen toteutuksen k\u00e4ynnistytty\u00e4 4.-5.9.2020 et\u00e4yhteyksin. Koulutuksen on aloittanut 14 biotalouden n\u00e4lk\u00e4ist\u00e4 opiskelijaa ja t\u00e4h\u00e4n n\u00e4lk\u00e4\u00e4n on vastattu tarjoamalla opintoja mm. biotalouden perusteista (hiilitaloudesta biotalouteen opintojakso) sek\u00e4 biotalouden ennakoinnista ja innovaatioista. Erikoistumiskoulutuksen tavoitteena on vahvistaa opiskelijan asiantuntijuutta biotaloudessa ja sit\u00e4 varten jokaiselle opiskelijalle on tehty henkil\u00f6kohtainen kehittymis- ja opintosuunnitelma (HEKOPS). HEKOPSin [&hellip;]<\/p>\n","protected":false},"author":95,"featured_media":1673,"comment_status":"closed","ping_status":"closed","sticky":false,"template":"","format":"standard","meta":{"_acf_changed":false,"_relevanssi_hide_post":"","_relevanssi_hide_content":"","_relevanssi_pin_for_all":"","_relevanssi_pin_keywords":"","_relevanssi_unpin_keywords":"","_relevanssi_related_keywords":"","_relevanssi_related_include_ids":"","_relevanssi_related_exclude_ids":"","_relevanssi_related_no_append":"","_relevanssi_related_not_related":"","_relevanssi_related_posts":"","_relevanssi_noindex_reason":"","footnotes":""},"categories":[159,1],"tags":[],"class_list":["post-1667","post","type-post","status-publish","format-standard","has-post-thumbnail","hentry","category-biotalouden-erikoistumiskoulutus","category-kaikki"],"acf":[],"yoast_head":"<!-- This site is optimized with the Yoast SEO plugin v27.3 - https:\/\/yoast.com\/product\/yoast-seo-wordpress\/ -->\n<title>Biotalouden osaaminen It\u00e4-Suomessa vahvistuu - Biotalouden erikoistumiskoulutus II k\u00e4ynniss\u00e4 - Biotalouden erikoistumiskoulutus It\u00e4-Suomi<\/title>\n<meta name=\"robots\" content=\"index, follow, max-snippet:-1, max-image-preview:large, max-video-preview:-1\" \/>\n<link rel=\"canonical\" href=\"https:\/\/blogs2.uef.fi\/biotalouskoulutus\/biotalouden-osaaminen-ita-suomessa-vahvistuu-biotalouden-erikoistumiskoulutus-ii-kaynnissa\/\" \/>\n<meta property=\"og:locale\" content=\"fi_FI\" \/>\n<meta property=\"og:type\" content=\"article\" \/>\n<meta property=\"og:title\" content=\"Biotalouden osaaminen It\u00e4-Suomessa vahvistuu - Biotalouden erikoistumiskoulutus II k\u00e4ynniss\u00e4 - Biotalouden erikoistumiskoulutus It\u00e4-Suomi\" \/>\n<meta property=\"og:description\" content=\"Biotalouden erikoistumiskoulutus It\u00e4-Suomessa on jatkunut toisen toteutuksen k\u00e4ynnistytty\u00e4 4.-5.9.2020 et\u00e4yhteyksin. Koulutuksen on aloittanut 14 biotalouden n\u00e4lk\u00e4ist\u00e4 opiskelijaa ja t\u00e4h\u00e4n n\u00e4lk\u00e4\u00e4n on vastattu tarjoamalla opintoja mm. biotalouden perusteista (hiilitaloudesta biotalouteen opintojakso) sek\u00e4 biotalouden ennakoinnista ja innovaatioista. Erikoistumiskoulutuksen tavoitteena on vahvistaa opiskelijan asiantuntijuutta biotaloudessa ja sit\u00e4 varten jokaiselle opiskelijalle on tehty henkil\u00f6kohtainen kehittymis- ja opintosuunnitelma (HEKOPS). HEKOPSin [&hellip;]\" \/>\n<meta property=\"og:url\" content=\"https:\/\/blogs2.uef.fi\/biotalouskoulutus\/biotalouden-osaaminen-ita-suomessa-vahvistuu-biotalouden-erikoistumiskoulutus-ii-kaynnissa\/\" \/>\n<meta property=\"og:site_name\" content=\"Biotalouden erikoistumiskoulutus It\u00e4-Suomi\" \/>\n<meta property=\"article:published_time\" content=\"2020-11-13T11:18:14+00:00\" \/>\n<meta property=\"article:modified_time\" content=\"2022-12-28T12:05:13+00:00\" \/>\n<meta property=\"og:image\" content=\"https:\/\/blogs2.uef.fi\/biotalouskoulutus\/wp-content\/uploads\/sites\/71\/2020\/11\/markus-spiske-QVVXPNbjLrI-unsplash-scaled-e1605266490206.jpg\" \/>\n\t<meta property=\"og:image:width\" content=\"1708\" \/>\n\t<meta property=\"og:image:height\" content=\"1062\" \/>\n\t<meta property=\"og:image:type\" content=\"image\/jpeg\" \/>\n<meta name=\"author\" content=\"pirittat\" \/>\n<meta name=\"twitter:card\" content=\"summary_large_image\" \/>\n<meta name=\"twitter:label1\" content=\"Kirjoittanut\" \/>\n\t<meta name=\"twitter:data1\" content=\"pirittat\" \/>\n\t<meta name=\"twitter:label2\" content=\"Arvioitu lukuaika\" \/>\n\t<meta name=\"twitter:data2\" content=\"3 minuuttia\" \/>\n<script type=\"application\/ld+json\" class=\"yoast-schema-graph\">{\"@context\":\"https:\\\/\\\/schema.org\",\"@graph\":[{\"@type\":\"Article\",\"@id\":\"https:\\\/\\\/blogs2.uef.fi\\\/biotalouskoulutus\\\/biotalouden-osaaminen-ita-suomessa-vahvistuu-biotalouden-erikoistumiskoulutus-ii-kaynnissa\\\/#article\",\"isPartOf\":{\"@id\":\"https:\\\/\\\/blogs2.uef.fi\\\/biotalouskoulutus\\\/biotalouden-osaaminen-ita-suomessa-vahvistuu-biotalouden-erikoistumiskoulutus-ii-kaynnissa\\\/\"},\"author\":{\"name\":\"pirittat\",\"@id\":\"https:\\\/\\\/www.biotalouskoulutus.fi\\\/#\\\/schema\\\/person\\\/a91a0d6cfc809a46ad405d2792b06188\"},\"headline\":\"Biotalouden osaaminen It\u00e4-Suomessa vahvistuu &#8211; Biotalouden erikoistumiskoulutus II k\u00e4ynniss\u00e4\",\"datePublished\":\"2020-11-13T11:18:14+00:00\",\"dateModified\":\"2022-12-28T12:05:13+00:00\",\"mainEntityOfPage\":{\"@id\":\"https:\\\/\\\/blogs2.uef.fi\\\/biotalouskoulutus\\\/biotalouden-osaaminen-ita-suomessa-vahvistuu-biotalouden-erikoistumiskoulutus-ii-kaynnissa\\\/\"},\"wordCount\":512,\"image\":{\"@id\":\"https:\\\/\\\/blogs2.uef.fi\\\/biotalouskoulutus\\\/biotalouden-osaaminen-ita-suomessa-vahvistuu-biotalouden-erikoistumiskoulutus-ii-kaynnissa\\\/#primaryimage\"},\"thumbnailUrl\":\"https:\\\/\\\/blogs2.uef.fi\\\/biotalouskoulutus\\\/wp-content\\\/uploads\\\/sites\\\/71\\\/2020\\\/11\\\/markus-spiske-QVVXPNbjLrI-unsplash-scaled-e1605266490206.jpg\",\"articleSection\":[\"Biotalouden erikoistumiskoulutus\",\"Kaikki blogit\"],\"inLanguage\":\"fi\"},{\"@type\":\"WebPage\",\"@id\":\"https:\\\/\\\/blogs2.uef.fi\\\/biotalouskoulutus\\\/biotalouden-osaaminen-ita-suomessa-vahvistuu-biotalouden-erikoistumiskoulutus-ii-kaynnissa\\\/\",\"url\":\"https:\\\/\\\/blogs2.uef.fi\\\/biotalouskoulutus\\\/biotalouden-osaaminen-ita-suomessa-vahvistuu-biotalouden-erikoistumiskoulutus-ii-kaynnissa\\\/\",\"name\":\"Biotalouden osaaminen It\u00e4-Suomessa vahvistuu - Biotalouden erikoistumiskoulutus II k\u00e4ynniss\u00e4 - Biotalouden erikoistumiskoulutus It\u00e4-Suomi\",\"isPartOf\":{\"@id\":\"https:\\\/\\\/www.biotalouskoulutus.fi\\\/#website\"},\"primaryImageOfPage\":{\"@id\":\"https:\\\/\\\/blogs2.uef.fi\\\/biotalouskoulutus\\\/biotalouden-osaaminen-ita-suomessa-vahvistuu-biotalouden-erikoistumiskoulutus-ii-kaynnissa\\\/#primaryimage\"},\"image\":{\"@id\":\"https:\\\/\\\/blogs2.uef.fi\\\/biotalouskoulutus\\\/biotalouden-osaaminen-ita-suomessa-vahvistuu-biotalouden-erikoistumiskoulutus-ii-kaynnissa\\\/#primaryimage\"},\"thumbnailUrl\":\"https:\\\/\\\/blogs2.uef.fi\\\/biotalouskoulutus\\\/wp-content\\\/uploads\\\/sites\\\/71\\\/2020\\\/11\\\/markus-spiske-QVVXPNbjLrI-unsplash-scaled-e1605266490206.jpg\",\"datePublished\":\"2020-11-13T11:18:14+00:00\",\"dateModified\":\"2022-12-28T12:05:13+00:00\",\"author\":{\"@id\":\"https:\\\/\\\/www.biotalouskoulutus.fi\\\/#\\\/schema\\\/person\\\/a91a0d6cfc809a46ad405d2792b06188\"},\"breadcrumb\":{\"@id\":\"https:\\\/\\\/blogs2.uef.fi\\\/biotalouskoulutus\\\/biotalouden-osaaminen-ita-suomessa-vahvistuu-biotalouden-erikoistumiskoulutus-ii-kaynnissa\\\/#breadcrumb\"},\"inLanguage\":\"fi\",\"potentialAction\":[{\"@type\":\"ReadAction\",\"target\":[\"https:\\\/\\\/blogs2.uef.fi\\\/biotalouskoulutus\\\/biotalouden-osaaminen-ita-suomessa-vahvistuu-biotalouden-erikoistumiskoulutus-ii-kaynnissa\\\/\"]}]},{\"@type\":\"ImageObject\",\"inLanguage\":\"fi\",\"@id\":\"https:\\\/\\\/blogs2.uef.fi\\\/biotalouskoulutus\\\/biotalouden-osaaminen-ita-suomessa-vahvistuu-biotalouden-erikoistumiskoulutus-ii-kaynnissa\\\/#primaryimage\",\"url\":\"https:\\\/\\\/blogs2.uef.fi\\\/biotalouskoulutus\\\/wp-content\\\/uploads\\\/sites\\\/71\\\/2020\\\/11\\\/markus-spiske-QVVXPNbjLrI-unsplash-scaled-e1605266490206.jpg\",\"contentUrl\":\"https:\\\/\\\/blogs2.uef.fi\\\/biotalouskoulutus\\\/wp-content\\\/uploads\\\/sites\\\/71\\\/2020\\\/11\\\/markus-spiske-QVVXPNbjLrI-unsplash-scaled-e1605266490206.jpg\",\"width\":1708,\"height\":1062},{\"@type\":\"BreadcrumbList\",\"@id\":\"https:\\\/\\\/blogs2.uef.fi\\\/biotalouskoulutus\\\/biotalouden-osaaminen-ita-suomessa-vahvistuu-biotalouden-erikoistumiskoulutus-ii-kaynnissa\\\/#breadcrumb\",\"itemListElement\":[{\"@type\":\"ListItem\",\"position\":1,\"name\":\"Home\",\"item\":\"https:\\\/\\\/www.biotalouskoulutus.fi\\\/\"},{\"@type\":\"ListItem\",\"position\":2,\"name\":\"Biotalouden osaaminen It\u00e4-Suomessa vahvistuu &#8211; Biotalouden erikoistumiskoulutus II k\u00e4ynniss\u00e4\"}]},{\"@type\":\"WebSite\",\"@id\":\"https:\\\/\\\/www.biotalouskoulutus.fi\\\/#website\",\"url\":\"https:\\\/\\\/www.biotalouskoulutus.fi\\\/\",\"name\":\"Biotalouden erikoistumiskoulutus It\u00e4-Suomi\",\"description\":\"Biotalouden erikoistumiskoulutus It\u00e4-Suomessa - innovaatioita ja osaamista korkeakoulujen ja yritysen yhteisty\u00f6n\u00e4. Koulutuksen painotukset: mets\u00e4biotalous, biotalouden sivuvirrat, biojalostus ja energiabiotalous.\",\"potentialAction\":[{\"@type\":\"SearchAction\",\"target\":{\"@type\":\"EntryPoint\",\"urlTemplate\":\"https:\\\/\\\/www.biotalouskoulutus.fi\\\/?s={search_term_string}\"},\"query-input\":{\"@type\":\"PropertyValueSpecification\",\"valueRequired\":true,\"valueName\":\"search_term_string\"}}],\"inLanguage\":\"fi\"},{\"@type\":\"Person\",\"@id\":\"https:\\\/\\\/www.biotalouskoulutus.fi\\\/#\\\/schema\\\/person\\\/a91a0d6cfc809a46ad405d2792b06188\",\"name\":\"pirittat\",\"image\":{\"@type\":\"ImageObject\",\"inLanguage\":\"fi\",\"@id\":\"https:\\\/\\\/secure.gravatar.com\\\/avatar\\\/4a266507e0f5fadda56c47446a78ce82fe72bebf9d96e0b05c738843d5f27aa5?s=96&d=mm&r=g\",\"url\":\"https:\\\/\\\/secure.gravatar.com\\\/avatar\\\/4a266507e0f5fadda56c47446a78ce82fe72bebf9d96e0b05c738843d5f27aa5?s=96&d=mm&r=g\",\"contentUrl\":\"https:\\\/\\\/secure.gravatar.com\\\/avatar\\\/4a266507e0f5fadda56c47446a78ce82fe72bebf9d96e0b05c738843d5f27aa5?s=96&d=mm&r=g\",\"caption\":\"pirittat\"},\"url\":\"https:\\\/\\\/blogs2.uef.fi\\\/biotalouskoulutus\\\/author\\\/pirittat\\\/\"}]}<\/script>\n<!-- \/ Yoast SEO plugin. -->","yoast_head_json":{"title":"Biotalouden osaaminen It\u00e4-Suomessa vahvistuu - Biotalouden erikoistumiskoulutus II k\u00e4ynniss\u00e4 - Biotalouden erikoistumiskoulutus It\u00e4-Suomi","robots":{"index":"index","follow":"follow","max-snippet":"max-snippet:-1","max-image-preview":"max-image-preview:large","max-video-preview":"max-video-preview:-1"},"canonical":"https:\/\/blogs2.uef.fi\/biotalouskoulutus\/biotalouden-osaaminen-ita-suomessa-vahvistuu-biotalouden-erikoistumiskoulutus-ii-kaynnissa\/","og_locale":"fi_FI","og_type":"article","og_title":"Biotalouden osaaminen It\u00e4-Suomessa vahvistuu - Biotalouden erikoistumiskoulutus II k\u00e4ynniss\u00e4 - Biotalouden erikoistumiskoulutus It\u00e4-Suomi","og_description":"Biotalouden erikoistumiskoulutus It\u00e4-Suomessa on jatkunut toisen toteutuksen k\u00e4ynnistytty\u00e4 4.-5.9.2020 et\u00e4yhteyksin. Koulutuksen on aloittanut 14 biotalouden n\u00e4lk\u00e4ist\u00e4 opiskelijaa ja t\u00e4h\u00e4n n\u00e4lk\u00e4\u00e4n on vastattu tarjoamalla opintoja mm. biotalouden perusteista (hiilitaloudesta biotalouteen opintojakso) sek\u00e4 biotalouden ennakoinnista ja innovaatioista. Erikoistumiskoulutuksen tavoitteena on vahvistaa opiskelijan asiantuntijuutta biotaloudessa ja sit\u00e4 varten jokaiselle opiskelijalle on tehty henkil\u00f6kohtainen kehittymis- ja opintosuunnitelma (HEKOPS). HEKOPSin [&hellip;]","og_url":"https:\/\/blogs2.uef.fi\/biotalouskoulutus\/biotalouden-osaaminen-ita-suomessa-vahvistuu-biotalouden-erikoistumiskoulutus-ii-kaynnissa\/","og_site_name":"Biotalouden erikoistumiskoulutus It\u00e4-Suomi","article_published_time":"2020-11-13T11:18:14+00:00","article_modified_time":"2022-12-28T12:05:13+00:00","og_image":[{"width":1708,"height":1062,"url":"https:\/\/blogs2.uef.fi\/biotalouskoulutus\/wp-content\/uploads\/sites\/71\/2020\/11\/markus-spiske-QVVXPNbjLrI-unsplash-scaled-e1605266490206.jpg","type":"image\/jpeg"}],"author":"pirittat","twitter_card":"summary_large_image","twitter_misc":{"Kirjoittanut":"pirittat","Arvioitu lukuaika":"3 minuuttia"},"schema":{"@context":"https:\/\/schema.org","@graph":[{"@type":"Article","@id":"https:\/\/blogs2.uef.fi\/biotalouskoulutus\/biotalouden-osaaminen-ita-suomessa-vahvistuu-biotalouden-erikoistumiskoulutus-ii-kaynnissa\/#article","isPartOf":{"@id":"https:\/\/blogs2.uef.fi\/biotalouskoulutus\/biotalouden-osaaminen-ita-suomessa-vahvistuu-biotalouden-erikoistumiskoulutus-ii-kaynnissa\/"},"author":{"name":"pirittat","@id":"https:\/\/www.biotalouskoulutus.fi\/#\/schema\/person\/a91a0d6cfc809a46ad405d2792b06188"},"headline":"Biotalouden osaaminen It\u00e4-Suomessa vahvistuu &#8211; Biotalouden erikoistumiskoulutus II k\u00e4ynniss\u00e4","datePublished":"2020-11-13T11:18:14+00:00","dateModified":"2022-12-28T12:05:13+00:00","mainEntityOfPage":{"@id":"https:\/\/blogs2.uef.fi\/biotalouskoulutus\/biotalouden-osaaminen-ita-suomessa-vahvistuu-biotalouden-erikoistumiskoulutus-ii-kaynnissa\/"},"wordCount":512,"image":{"@id":"https:\/\/blogs2.uef.fi\/biotalouskoulutus\/biotalouden-osaaminen-ita-suomessa-vahvistuu-biotalouden-erikoistumiskoulutus-ii-kaynnissa\/#primaryimage"},"thumbnailUrl":"https:\/\/blogs2.uef.fi\/biotalouskoulutus\/wp-content\/uploads\/sites\/71\/2020\/11\/markus-spiske-QVVXPNbjLrI-unsplash-scaled-e1605266490206.jpg","articleSection":["Biotalouden erikoistumiskoulutus","Kaikki blogit"],"inLanguage":"fi"},{"@type":"WebPage","@id":"https:\/\/blogs2.uef.fi\/biotalouskoulutus\/biotalouden-osaaminen-ita-suomessa-vahvistuu-biotalouden-erikoistumiskoulutus-ii-kaynnissa\/","url":"https:\/\/blogs2.uef.fi\/biotalouskoulutus\/biotalouden-osaaminen-ita-suomessa-vahvistuu-biotalouden-erikoistumiskoulutus-ii-kaynnissa\/","name":"Biotalouden osaaminen It\u00e4-Suomessa vahvistuu - Biotalouden erikoistumiskoulutus II k\u00e4ynniss\u00e4 - Biotalouden erikoistumiskoulutus It\u00e4-Suomi","isPartOf":{"@id":"https:\/\/www.biotalouskoulutus.fi\/#website"},"primaryImageOfPage":{"@id":"https:\/\/blogs2.uef.fi\/biotalouskoulutus\/biotalouden-osaaminen-ita-suomessa-vahvistuu-biotalouden-erikoistumiskoulutus-ii-kaynnissa\/#primaryimage"},"image":{"@id":"https:\/\/blogs2.uef.fi\/biotalouskoulutus\/biotalouden-osaaminen-ita-suomessa-vahvistuu-biotalouden-erikoistumiskoulutus-ii-kaynnissa\/#primaryimage"},"thumbnailUrl":"https:\/\/blogs2.uef.fi\/biotalouskoulutus\/wp-content\/uploads\/sites\/71\/2020\/11\/markus-spiske-QVVXPNbjLrI-unsplash-scaled-e1605266490206.jpg","datePublished":"2020-11-13T11:18:14+00:00","dateModified":"2022-12-28T12:05:13+00:00","author":{"@id":"https:\/\/www.biotalouskoulutus.fi\/#\/schema\/person\/a91a0d6cfc809a46ad405d2792b06188"},"breadcrumb":{"@id":"https:\/\/blogs2.uef.fi\/biotalouskoulutus\/biotalouden-osaaminen-ita-suomessa-vahvistuu-biotalouden-erikoistumiskoulutus-ii-kaynnissa\/#breadcrumb"},"inLanguage":"fi","potentialAction":[{"@type":"ReadAction","target":["https:\/\/blogs2.uef.fi\/biotalouskoulutus\/biotalouden-osaaminen-ita-suomessa-vahvistuu-biotalouden-erikoistumiskoulutus-ii-kaynnissa\/"]}]},{"@type":"ImageObject","inLanguage":"fi","@id":"https:\/\/blogs2.uef.fi\/biotalouskoulutus\/biotalouden-osaaminen-ita-suomessa-vahvistuu-biotalouden-erikoistumiskoulutus-ii-kaynnissa\/#primaryimage","url":"https:\/\/blogs2.uef.fi\/biotalouskoulutus\/wp-content\/uploads\/sites\/71\/2020\/11\/markus-spiske-QVVXPNbjLrI-unsplash-scaled-e1605266490206.jpg","contentUrl":"https:\/\/blogs2.uef.fi\/biotalouskoulutus\/wp-content\/uploads\/sites\/71\/2020\/11\/markus-spiske-QVVXPNbjLrI-unsplash-scaled-e1605266490206.jpg","width":1708,"height":1062},{"@type":"BreadcrumbList","@id":"https:\/\/blogs2.uef.fi\/biotalouskoulutus\/biotalouden-osaaminen-ita-suomessa-vahvistuu-biotalouden-erikoistumiskoulutus-ii-kaynnissa\/#breadcrumb","itemListElement":[{"@type":"ListItem","position":1,"name":"Home","item":"https:\/\/www.biotalouskoulutus.fi\/"},{"@type":"ListItem","position":2,"name":"Biotalouden osaaminen It\u00e4-Suomessa vahvistuu &#8211; Biotalouden erikoistumiskoulutus II k\u00e4ynniss\u00e4"}]},{"@type":"WebSite","@id":"https:\/\/www.biotalouskoulutus.fi\/#website","url":"https:\/\/www.biotalouskoulutus.fi\/","name":"Biotalouden erikoistumiskoulutus It\u00e4-Suomi","description":"Biotalouden erikoistumiskoulutus It\u00e4-Suomessa - innovaatioita ja osaamista korkeakoulujen ja yritysen yhteisty\u00f6n\u00e4. Koulutuksen painotukset: mets\u00e4biotalous, biotalouden sivuvirrat, biojalostus ja energiabiotalous.","potentialAction":[{"@type":"SearchAction","target":{"@type":"EntryPoint","urlTemplate":"https:\/\/www.biotalouskoulutus.fi\/?s={search_term_string}"},"query-input":{"@type":"PropertyValueSpecification","valueRequired":true,"valueName":"search_term_string"}}],"inLanguage":"fi"},{"@type":"Person","@id":"https:\/\/www.biotalouskoulutus.fi\/#\/schema\/person\/a91a0d6cfc809a46ad405d2792b06188","name":"pirittat","image":{"@type":"ImageObject","inLanguage":"fi","@id":"https:\/\/secure.gravatar.com\/avatar\/4a266507e0f5fadda56c47446a78ce82fe72bebf9d96e0b05c738843d5f27aa5?s=96&d=mm&r=g","url":"https:\/\/secure.gravatar.com\/avatar\/4a266507e0f5fadda56c47446a78ce82fe72bebf9d96e0b05c738843d5f27aa5?s=96&d=mm&r=g","contentUrl":"https:\/\/secure.gravatar.com\/avatar\/4a266507e0f5fadda56c47446a78ce82fe72bebf9d96e0b05c738843d5f27aa5?s=96&d=mm&r=g","caption":"pirittat"},"url":"https:\/\/blogs2.uef.fi\/biotalouskoulutus\/author\/pirittat\/"}]}},"_links":{"self":[{"href":"https:\/\/blogs2.uef.fi\/biotalouskoulutus\/wp-json\/wp\/v2\/posts\/1667","targetHints":{"allow":["GET"]}}],"collection":[{"href":"https:\/\/blogs2.uef.fi\/biotalouskoulutus\/wp-json\/wp\/v2\/posts"}],"about":[{"href":"https:\/\/blogs2.uef.fi\/biotalouskoulutus\/wp-json\/wp\/v2\/types\/post"}],"author":[{"embeddable":true,"href":"https:\/\/blogs2.uef.fi\/biotalouskoulutus\/wp-json\/wp\/v2\/users\/95"}],"replies":[{"embeddable":true,"href":"https:\/\/blogs2.uef.fi\/biotalouskoulutus\/wp-json\/wp\/v2\/comments?post=1667"}],"version-history":[{"count":1,"href":"https:\/\/blogs2.uef.fi\/biotalouskoulutus\/wp-json\/wp\/v2\/posts\/1667\/revisions"}],"predecessor-version":[{"id":1670,"href":"https:\/\/blogs2.uef.fi\/biotalouskoulutus\/wp-json\/wp\/v2\/posts\/1667\/revisions\/1670"}],"wp:featuredmedia":[{"embeddable":true,"href":"https:\/\/blogs2.uef.fi\/biotalouskoulutus\/wp-json\/wp\/v2\/media\/1673"}],"wp:attachment":[{"href":"https:\/\/blogs2.uef.fi\/biotalouskoulutus\/wp-json\/wp\/v2\/media?parent=1667"}],"wp:term":[{"taxonomy":"category","embeddable":true,"href":"https:\/\/blogs2.uef.fi\/biotalouskoulutus\/wp-json\/wp\/v2\/categories?post=1667"},{"taxonomy":"post_tag","embeddable":true,"href":"https:\/\/blogs2.uef.fi\/biotalouskoulutus\/wp-json\/wp\/v2\/tags?post=1667"}],"curies":[{"name":"wp","href":"https:\/\/api.w.org\/{rel}","templated":true}]}}