{"id":1739,"date":"2020-12-22T07:29:51","date_gmt":"2020-12-22T05:29:51","guid":{"rendered":"https:\/\/www.biotalouskoulutusitasuomi.fi\/?p=1739"},"modified":"2020-12-22T07:29:51","modified_gmt":"2020-12-22T05:29:51","slug":"vuoden-vaihtuessa","status":"publish","type":"post","link":"https:\/\/blogs2.uef.fi\/biotalouskoulutus\/vuoden-vaihtuessa\/","title":{"rendered":"Vuoden vaihtuessa"},"content":{"rendered":"<p>Vuoden p\u00e4\u00e4ttyess\u00e4 voi pys\u00e4hty\u00e4 hetkeksi ja katsahtaa niin menneeseen kuin tulevaan. Kuluneen vuoden aikana p\u00e4\u00e4ttyi ensimm\u00e4inen it\u00e4suomalaisen biotalouden erikoistumiskoulutuksen kehitt\u00e4mishanke. Elokuussa biotalousosaamisen vahvistamiseksi k\u00e4ynnistettiin uusi hanke, jonka turvin jatketaan kehitt\u00e4mist\u00e4, jotta voidaan vastata entist\u00e4 paremmin ty\u00f6el\u00e4m\u00e4n tarpeisiin. Ensimm\u00e4isen biotalouden erikoistumiskoulutuksen opiskelijoista kaksi kolmasosaa on valmistunut. Toinen biotalouden erikoistumiskoulutus, joka toteutetaan uudella ja parannellulla opetussuunnitelmalla, k\u00e4ynnistettiin 14 opiskelijan kanssa. Poikkeusolosuhteiden vuoksi koulutus on j\u00e4rjestetty t\u00e4ysin et\u00e4n\u00e4 verkkoyhteyksien avulla, niin kuin moni muukin asia t\u00e4n\u00e4 vuonna. Toivottavasti vuosi 2021 mahdollistaa l\u00e4hitapaamiset, koska aidot kontaktit kasvattavat merkityksellisyytt\u00e4. Sosiaalinen kanssak\u00e4yminen on t\u00e4rke\u00e4\u00e4 my\u00f6s asiantuntijuuden kehittymisess\u00e4. Biotalouden erikoistumiskoulutuksessakin kehitet\u00e4\u00e4n asiantuntijuutta biotaloudessa, mutta luodaan my\u00f6s uusia verkostoja, joissa vaihdetaan osaamista ja tietoa. Paljon arvokasta osaamisen siirtymist\u00e4 tapahtuu spontaanisti kahvikupin \u00e4\u00e4ress\u00e4.<\/p>\n<p>Syksyn aikana olemme my\u00f6s valmistelleet yhteisty\u00f6t\u00e4 Chileen biotalouskoulutuksen merkeiss\u00e4, mist\u00e4 kerromme lis\u00e4\u00e4 l\u00e4hitulevaisuudessa. Er\u00e4s t\u00e4rke\u00e4 kehitt\u00e4misteema tulevalle vuodelle on biotalouskoulutuksen r\u00e4\u00e4t\u00e4l\u00f6iminen yritysten tarpeisiin. Biotalouden erikoistumiskoulutuksen lis\u00e4ksi tulemme tarjoamaan lyhyempi\u00e4 koulutuksia, joita on toivottu. N\u00e4iden koulutusten laajuus voidaan sovittaa tarpeen mukaan, ja se voi olla esim. nelj\u00e4 tuntia, pari p\u00e4iv\u00e4\u00e4 tai sarja koulutustilaisuuksia. Bioerko II:n opiskelijat jatkavat opintojaan vuoden vaihteen j\u00e4lkeen keskittyen biotalouden prosessit -opintoihin sek\u00e4 ty\u00f6el\u00e4m\u00e4l\u00e4ht\u00f6iseen kehitt\u00e4misprojektiinsa.<\/p>\n<p>Kiitos kuluneesta vuodesta ja onnea uuteen vuoteen!<\/p>\n<p><img loading=\"lazy\" decoding=\"async\" class=\"alignnone wp-image-1742\" src=\"https:\/\/www.biotalouskoulutusitasuomi.fi\/wp-content\/uploads\/sites\/71\/2020\/12\/Joulu2020-300x213.png\" alt=\"Lumiukko tonttulakissa, toivotus: Rauhallista joulunaikaa, kiitokset kuluneesta vuodesta ja onnea uuteen vuoteen!\" width=\"600\" height=\"426\" srcset=\"https:\/\/blogs2.uef.fi\/biotalouskoulutus\/wp-content\/uploads\/sites\/71\/2020\/12\/Joulu2020-300x213.png 300w, https:\/\/blogs2.uef.fi\/biotalouskoulutus\/wp-content\/uploads\/sites\/71\/2020\/12\/Joulu2020-1024x727.png 1024w, https:\/\/blogs2.uef.fi\/biotalouskoulutus\/wp-content\/uploads\/sites\/71\/2020\/12\/Joulu2020-768x545.png 768w, https:\/\/blogs2.uef.fi\/biotalouskoulutus\/wp-content\/uploads\/sites\/71\/2020\/12\/Joulu2020-1536x1090.png 1536w, https:\/\/blogs2.uef.fi\/biotalouskoulutus\/wp-content\/uploads\/sites\/71\/2020\/12\/Joulu2020.png 1747w\" sizes=\"auto, (max-width: 600px) 100vw, 600px\" \/><\/p>\n<p><em>Kirjoittanut Piritta Torssonen, Join-Bioerko-hankkeen projektip\u00e4\u00e4llikk\u00f6, UEF <\/em><em>ja Laura Tomppo, yliopistotutkija, UEF<\/em><\/p>\n","protected":false},"excerpt":{"rendered":"<p>Vuoden p\u00e4\u00e4ttyess\u00e4 voi pys\u00e4hty\u00e4 hetkeksi ja katsahtaa niin menneeseen kuin tulevaan. Kuluneen vuoden aikana p\u00e4\u00e4ttyi ensimm\u00e4inen it\u00e4suomalaisen biotalouden erikoistumiskoulutuksen kehitt\u00e4mishanke. Elokuussa biotalousosaamisen vahvistamiseksi k\u00e4ynnistettiin uusi hanke, jonka turvin jatketaan kehitt\u00e4mist\u00e4, jotta voidaan vastata entist\u00e4 paremmin ty\u00f6el\u00e4m\u00e4n tarpeisiin. Ensimm\u00e4isen biotalouden erikoistumiskoulutuksen opiskelijoista kaksi kolmasosaa on valmistunut. Toinen biotalouden erikoistumiskoulutus, joka toteutetaan uudella ja parannellulla opetussuunnitelmalla, k\u00e4ynnistettiin [&hellip;]<\/p>\n","protected":false},"author":265,"featured_media":0,"comment_status":"closed","ping_status":"closed","sticky":false,"template":"","format":"standard","meta":{"_acf_changed":false,"_relevanssi_hide_post":"","_relevanssi_hide_content":"","_relevanssi_pin_for_all":"","_relevanssi_pin_keywords":"","_relevanssi_unpin_keywords":"","_relevanssi_related_keywords":"","_relevanssi_related_include_ids":"","_relevanssi_related_exclude_ids":"","_relevanssi_related_no_append":"","_relevanssi_related_not_related":"","_relevanssi_related_posts":"","_relevanssi_noindex_reason":"","footnotes":""},"categories":[1],"tags":[],"class_list":["post-1739","post","type-post","status-publish","format-standard","hentry","category-kaikki"],"acf":[],"yoast_head":"<!-- This site is optimized with the Yoast SEO plugin v27.3 - https:\/\/yoast.com\/product\/yoast-seo-wordpress\/ -->\n<title>Vuoden vaihtuessa - Biotalouden erikoistumiskoulutus It\u00e4-Suomi<\/title>\n<meta name=\"robots\" content=\"index, follow, max-snippet:-1, max-image-preview:large, max-video-preview:-1\" \/>\n<link rel=\"canonical\" href=\"https:\/\/blogs2.uef.fi\/biotalouskoulutus\/vuoden-vaihtuessa\/\" \/>\n<meta property=\"og:locale\" content=\"fi_FI\" \/>\n<meta property=\"og:type\" content=\"article\" \/>\n<meta property=\"og:title\" content=\"Vuoden vaihtuessa - Biotalouden erikoistumiskoulutus It\u00e4-Suomi\" \/>\n<meta property=\"og:description\" content=\"Vuoden p\u00e4\u00e4ttyess\u00e4 voi pys\u00e4hty\u00e4 hetkeksi ja katsahtaa niin menneeseen kuin tulevaan. Kuluneen vuoden aikana p\u00e4\u00e4ttyi ensimm\u00e4inen it\u00e4suomalaisen biotalouden erikoistumiskoulutuksen kehitt\u00e4mishanke. Elokuussa biotalousosaamisen vahvistamiseksi k\u00e4ynnistettiin uusi hanke, jonka turvin jatketaan kehitt\u00e4mist\u00e4, jotta voidaan vastata entist\u00e4 paremmin ty\u00f6el\u00e4m\u00e4n tarpeisiin. Ensimm\u00e4isen biotalouden erikoistumiskoulutuksen opiskelijoista kaksi kolmasosaa on valmistunut. Toinen biotalouden erikoistumiskoulutus, joka toteutetaan uudella ja parannellulla opetussuunnitelmalla, k\u00e4ynnistettiin [&hellip;]\" \/>\n<meta property=\"og:url\" content=\"https:\/\/blogs2.uef.fi\/biotalouskoulutus\/vuoden-vaihtuessa\/\" \/>\n<meta property=\"og:site_name\" content=\"Biotalouden erikoistumiskoulutus It\u00e4-Suomi\" \/>\n<meta property=\"article:published_time\" content=\"2020-12-22T05:29:51+00:00\" \/>\n<meta property=\"og:image\" content=\"https:\/\/www.biotalouskoulutusitasuomi.fi\/wp-content\/uploads\/sites\/71\/2020\/12\/Joulu2020-300x213.png\" \/>\n<meta name=\"author\" content=\"lekokkon\" \/>\n<meta name=\"twitter:card\" content=\"summary_large_image\" \/>\n<meta name=\"twitter:label1\" content=\"Kirjoittanut\" \/>\n\t<meta name=\"twitter:data1\" content=\"lekokkon\" \/>\n\t<meta name=\"twitter:label2\" content=\"Arvioitu lukuaika\" \/>\n\t<meta name=\"twitter:data2\" content=\"1 minuutti\" \/>\n<script type=\"application\/ld+json\" class=\"yoast-schema-graph\">{\"@context\":\"https:\\\/\\\/schema.org\",\"@graph\":[{\"@type\":\"Article\",\"@id\":\"https:\\\/\\\/blogs2.uef.fi\\\/biotalouskoulutus\\\/vuoden-vaihtuessa\\\/#article\",\"isPartOf\":{\"@id\":\"https:\\\/\\\/blogs2.uef.fi\\\/biotalouskoulutus\\\/vuoden-vaihtuessa\\\/\"},\"author\":{\"name\":\"lekokkon\",\"@id\":\"https:\\\/\\\/www.biotalouskoulutus.fi\\\/#\\\/schema\\\/person\\\/e9c1516e752dc1d9b3bd607c8ac81441\"},\"headline\":\"Vuoden vaihtuessa\",\"datePublished\":\"2020-12-22T05:29:51+00:00\",\"mainEntityOfPage\":{\"@id\":\"https:\\\/\\\/blogs2.uef.fi\\\/biotalouskoulutus\\\/vuoden-vaihtuessa\\\/\"},\"wordCount\":243,\"image\":{\"@id\":\"https:\\\/\\\/blogs2.uef.fi\\\/biotalouskoulutus\\\/vuoden-vaihtuessa\\\/#primaryimage\"},\"thumbnailUrl\":\"https:\\\/\\\/www.biotalouskoulutusitasuomi.fi\\\/wp-content\\\/uploads\\\/sites\\\/71\\\/2020\\\/12\\\/Joulu2020-300x213.png\",\"articleSection\":[\"Kaikki blogit\"],\"inLanguage\":\"fi\"},{\"@type\":\"WebPage\",\"@id\":\"https:\\\/\\\/blogs2.uef.fi\\\/biotalouskoulutus\\\/vuoden-vaihtuessa\\\/\",\"url\":\"https:\\\/\\\/blogs2.uef.fi\\\/biotalouskoulutus\\\/vuoden-vaihtuessa\\\/\",\"name\":\"Vuoden vaihtuessa - Biotalouden erikoistumiskoulutus It\u00e4-Suomi\",\"isPartOf\":{\"@id\":\"https:\\\/\\\/www.biotalouskoulutus.fi\\\/#website\"},\"primaryImageOfPage\":{\"@id\":\"https:\\\/\\\/blogs2.uef.fi\\\/biotalouskoulutus\\\/vuoden-vaihtuessa\\\/#primaryimage\"},\"image\":{\"@id\":\"https:\\\/\\\/blogs2.uef.fi\\\/biotalouskoulutus\\\/vuoden-vaihtuessa\\\/#primaryimage\"},\"thumbnailUrl\":\"https:\\\/\\\/www.biotalouskoulutusitasuomi.fi\\\/wp-content\\\/uploads\\\/sites\\\/71\\\/2020\\\/12\\\/Joulu2020-300x213.png\",\"datePublished\":\"2020-12-22T05:29:51+00:00\",\"author\":{\"@id\":\"https:\\\/\\\/www.biotalouskoulutus.fi\\\/#\\\/schema\\\/person\\\/e9c1516e752dc1d9b3bd607c8ac81441\"},\"breadcrumb\":{\"@id\":\"https:\\\/\\\/blogs2.uef.fi\\\/biotalouskoulutus\\\/vuoden-vaihtuessa\\\/#breadcrumb\"},\"inLanguage\":\"fi\",\"potentialAction\":[{\"@type\":\"ReadAction\",\"target\":[\"https:\\\/\\\/blogs2.uef.fi\\\/biotalouskoulutus\\\/vuoden-vaihtuessa\\\/\"]}]},{\"@type\":\"ImageObject\",\"inLanguage\":\"fi\",\"@id\":\"https:\\\/\\\/blogs2.uef.fi\\\/biotalouskoulutus\\\/vuoden-vaihtuessa\\\/#primaryimage\",\"url\":\"https:\\\/\\\/www.biotalouskoulutusitasuomi.fi\\\/wp-content\\\/uploads\\\/sites\\\/71\\\/2020\\\/12\\\/Joulu2020-300x213.png\",\"contentUrl\":\"https:\\\/\\\/www.biotalouskoulutusitasuomi.fi\\\/wp-content\\\/uploads\\\/sites\\\/71\\\/2020\\\/12\\\/Joulu2020-300x213.png\"},{\"@type\":\"BreadcrumbList\",\"@id\":\"https:\\\/\\\/blogs2.uef.fi\\\/biotalouskoulutus\\\/vuoden-vaihtuessa\\\/#breadcrumb\",\"itemListElement\":[{\"@type\":\"ListItem\",\"position\":1,\"name\":\"Home\",\"item\":\"https:\\\/\\\/www.biotalouskoulutus.fi\\\/\"},{\"@type\":\"ListItem\",\"position\":2,\"name\":\"Vuoden vaihtuessa\"}]},{\"@type\":\"WebSite\",\"@id\":\"https:\\\/\\\/www.biotalouskoulutus.fi\\\/#website\",\"url\":\"https:\\\/\\\/www.biotalouskoulutus.fi\\\/\",\"name\":\"Biotalouden erikoistumiskoulutus It\u00e4-Suomi\",\"description\":\"Biotalouden erikoistumiskoulutus It\u00e4-Suomessa - innovaatioita ja osaamista korkeakoulujen ja yritysen yhteisty\u00f6n\u00e4. Koulutuksen painotukset: mets\u00e4biotalous, biotalouden sivuvirrat, biojalostus ja energiabiotalous.\",\"potentialAction\":[{\"@type\":\"SearchAction\",\"target\":{\"@type\":\"EntryPoint\",\"urlTemplate\":\"https:\\\/\\\/www.biotalouskoulutus.fi\\\/?s={search_term_string}\"},\"query-input\":{\"@type\":\"PropertyValueSpecification\",\"valueRequired\":true,\"valueName\":\"search_term_string\"}}],\"inLanguage\":\"fi\"},{\"@type\":\"Person\",\"@id\":\"https:\\\/\\\/www.biotalouskoulutus.fi\\\/#\\\/schema\\\/person\\\/e9c1516e752dc1d9b3bd607c8ac81441\",\"name\":\"lekokkon\",\"image\":{\"@type\":\"ImageObject\",\"inLanguage\":\"fi\",\"@id\":\"https:\\\/\\\/secure.gravatar.com\\\/avatar\\\/cb1e4cc51a855fcfde21fd1168150b6f98c5c0d8827b772b462b7648e990731d?s=96&d=mm&r=g\",\"url\":\"https:\\\/\\\/secure.gravatar.com\\\/avatar\\\/cb1e4cc51a855fcfde21fd1168150b6f98c5c0d8827b772b462b7648e990731d?s=96&d=mm&r=g\",\"contentUrl\":\"https:\\\/\\\/secure.gravatar.com\\\/avatar\\\/cb1e4cc51a855fcfde21fd1168150b6f98c5c0d8827b772b462b7648e990731d?s=96&d=mm&r=g\",\"caption\":\"lekokkon\"},\"url\":\"https:\\\/\\\/blogs2.uef.fi\\\/biotalouskoulutus\\\/author\\\/lekokkon\\\/\"}]}<\/script>\n<!-- \/ Yoast SEO plugin. -->","yoast_head_json":{"title":"Vuoden vaihtuessa - Biotalouden erikoistumiskoulutus It\u00e4-Suomi","robots":{"index":"index","follow":"follow","max-snippet":"max-snippet:-1","max-image-preview":"max-image-preview:large","max-video-preview":"max-video-preview:-1"},"canonical":"https:\/\/blogs2.uef.fi\/biotalouskoulutus\/vuoden-vaihtuessa\/","og_locale":"fi_FI","og_type":"article","og_title":"Vuoden vaihtuessa - Biotalouden erikoistumiskoulutus It\u00e4-Suomi","og_description":"Vuoden p\u00e4\u00e4ttyess\u00e4 voi pys\u00e4hty\u00e4 hetkeksi ja katsahtaa niin menneeseen kuin tulevaan. Kuluneen vuoden aikana p\u00e4\u00e4ttyi ensimm\u00e4inen it\u00e4suomalaisen biotalouden erikoistumiskoulutuksen kehitt\u00e4mishanke. Elokuussa biotalousosaamisen vahvistamiseksi k\u00e4ynnistettiin uusi hanke, jonka turvin jatketaan kehitt\u00e4mist\u00e4, jotta voidaan vastata entist\u00e4 paremmin ty\u00f6el\u00e4m\u00e4n tarpeisiin. Ensimm\u00e4isen biotalouden erikoistumiskoulutuksen opiskelijoista kaksi kolmasosaa on valmistunut. Toinen biotalouden erikoistumiskoulutus, joka toteutetaan uudella ja parannellulla opetussuunnitelmalla, k\u00e4ynnistettiin [&hellip;]","og_url":"https:\/\/blogs2.uef.fi\/biotalouskoulutus\/vuoden-vaihtuessa\/","og_site_name":"Biotalouden erikoistumiskoulutus It\u00e4-Suomi","article_published_time":"2020-12-22T05:29:51+00:00","og_image":[{"url":"https:\/\/www.biotalouskoulutusitasuomi.fi\/wp-content\/uploads\/sites\/71\/2020\/12\/Joulu2020-300x213.png","type":"","width":"","height":""}],"author":"lekokkon","twitter_card":"summary_large_image","twitter_misc":{"Kirjoittanut":"lekokkon","Arvioitu lukuaika":"1 minuutti"},"schema":{"@context":"https:\/\/schema.org","@graph":[{"@type":"Article","@id":"https:\/\/blogs2.uef.fi\/biotalouskoulutus\/vuoden-vaihtuessa\/#article","isPartOf":{"@id":"https:\/\/blogs2.uef.fi\/biotalouskoulutus\/vuoden-vaihtuessa\/"},"author":{"name":"lekokkon","@id":"https:\/\/www.biotalouskoulutus.fi\/#\/schema\/person\/e9c1516e752dc1d9b3bd607c8ac81441"},"headline":"Vuoden vaihtuessa","datePublished":"2020-12-22T05:29:51+00:00","mainEntityOfPage":{"@id":"https:\/\/blogs2.uef.fi\/biotalouskoulutus\/vuoden-vaihtuessa\/"},"wordCount":243,"image":{"@id":"https:\/\/blogs2.uef.fi\/biotalouskoulutus\/vuoden-vaihtuessa\/#primaryimage"},"thumbnailUrl":"https:\/\/www.biotalouskoulutusitasuomi.fi\/wp-content\/uploads\/sites\/71\/2020\/12\/Joulu2020-300x213.png","articleSection":["Kaikki blogit"],"inLanguage":"fi"},{"@type":"WebPage","@id":"https:\/\/blogs2.uef.fi\/biotalouskoulutus\/vuoden-vaihtuessa\/","url":"https:\/\/blogs2.uef.fi\/biotalouskoulutus\/vuoden-vaihtuessa\/","name":"Vuoden vaihtuessa - Biotalouden erikoistumiskoulutus It\u00e4-Suomi","isPartOf":{"@id":"https:\/\/www.biotalouskoulutus.fi\/#website"},"primaryImageOfPage":{"@id":"https:\/\/blogs2.uef.fi\/biotalouskoulutus\/vuoden-vaihtuessa\/#primaryimage"},"image":{"@id":"https:\/\/blogs2.uef.fi\/biotalouskoulutus\/vuoden-vaihtuessa\/#primaryimage"},"thumbnailUrl":"https:\/\/www.biotalouskoulutusitasuomi.fi\/wp-content\/uploads\/sites\/71\/2020\/12\/Joulu2020-300x213.png","datePublished":"2020-12-22T05:29:51+00:00","author":{"@id":"https:\/\/www.biotalouskoulutus.fi\/#\/schema\/person\/e9c1516e752dc1d9b3bd607c8ac81441"},"breadcrumb":{"@id":"https:\/\/blogs2.uef.fi\/biotalouskoulutus\/vuoden-vaihtuessa\/#breadcrumb"},"inLanguage":"fi","potentialAction":[{"@type":"ReadAction","target":["https:\/\/blogs2.uef.fi\/biotalouskoulutus\/vuoden-vaihtuessa\/"]}]},{"@type":"ImageObject","inLanguage":"fi","@id":"https:\/\/blogs2.uef.fi\/biotalouskoulutus\/vuoden-vaihtuessa\/#primaryimage","url":"https:\/\/www.biotalouskoulutusitasuomi.fi\/wp-content\/uploads\/sites\/71\/2020\/12\/Joulu2020-300x213.png","contentUrl":"https:\/\/www.biotalouskoulutusitasuomi.fi\/wp-content\/uploads\/sites\/71\/2020\/12\/Joulu2020-300x213.png"},{"@type":"BreadcrumbList","@id":"https:\/\/blogs2.uef.fi\/biotalouskoulutus\/vuoden-vaihtuessa\/#breadcrumb","itemListElement":[{"@type":"ListItem","position":1,"name":"Home","item":"https:\/\/www.biotalouskoulutus.fi\/"},{"@type":"ListItem","position":2,"name":"Vuoden vaihtuessa"}]},{"@type":"WebSite","@id":"https:\/\/www.biotalouskoulutus.fi\/#website","url":"https:\/\/www.biotalouskoulutus.fi\/","name":"Biotalouden erikoistumiskoulutus It\u00e4-Suomi","description":"Biotalouden erikoistumiskoulutus It\u00e4-Suomessa - innovaatioita ja osaamista korkeakoulujen ja yritysen yhteisty\u00f6n\u00e4. Koulutuksen painotukset: mets\u00e4biotalous, biotalouden sivuvirrat, biojalostus ja energiabiotalous.","potentialAction":[{"@type":"SearchAction","target":{"@type":"EntryPoint","urlTemplate":"https:\/\/www.biotalouskoulutus.fi\/?s={search_term_string}"},"query-input":{"@type":"PropertyValueSpecification","valueRequired":true,"valueName":"search_term_string"}}],"inLanguage":"fi"},{"@type":"Person","@id":"https:\/\/www.biotalouskoulutus.fi\/#\/schema\/person\/e9c1516e752dc1d9b3bd607c8ac81441","name":"lekokkon","image":{"@type":"ImageObject","inLanguage":"fi","@id":"https:\/\/secure.gravatar.com\/avatar\/cb1e4cc51a855fcfde21fd1168150b6f98c5c0d8827b772b462b7648e990731d?s=96&d=mm&r=g","url":"https:\/\/secure.gravatar.com\/avatar\/cb1e4cc51a855fcfde21fd1168150b6f98c5c0d8827b772b462b7648e990731d?s=96&d=mm&r=g","contentUrl":"https:\/\/secure.gravatar.com\/avatar\/cb1e4cc51a855fcfde21fd1168150b6f98c5c0d8827b772b462b7648e990731d?s=96&d=mm&r=g","caption":"lekokkon"},"url":"https:\/\/blogs2.uef.fi\/biotalouskoulutus\/author\/lekokkon\/"}]}},"_links":{"self":[{"href":"https:\/\/blogs2.uef.fi\/biotalouskoulutus\/wp-json\/wp\/v2\/posts\/1739","targetHints":{"allow":["GET"]}}],"collection":[{"href":"https:\/\/blogs2.uef.fi\/biotalouskoulutus\/wp-json\/wp\/v2\/posts"}],"about":[{"href":"https:\/\/blogs2.uef.fi\/biotalouskoulutus\/wp-json\/wp\/v2\/types\/post"}],"author":[{"embeddable":true,"href":"https:\/\/blogs2.uef.fi\/biotalouskoulutus\/wp-json\/wp\/v2\/users\/265"}],"replies":[{"embeddable":true,"href":"https:\/\/blogs2.uef.fi\/biotalouskoulutus\/wp-json\/wp\/v2\/comments?post=1739"}],"version-history":[{"count":2,"href":"https:\/\/blogs2.uef.fi\/biotalouskoulutus\/wp-json\/wp\/v2\/posts\/1739\/revisions"}],"predecessor-version":[{"id":1757,"href":"https:\/\/blogs2.uef.fi\/biotalouskoulutus\/wp-json\/wp\/v2\/posts\/1739\/revisions\/1757"}],"wp:attachment":[{"href":"https:\/\/blogs2.uef.fi\/biotalouskoulutus\/wp-json\/wp\/v2\/media?parent=1739"}],"wp:term":[{"taxonomy":"category","embeddable":true,"href":"https:\/\/blogs2.uef.fi\/biotalouskoulutus\/wp-json\/wp\/v2\/categories?post=1739"},{"taxonomy":"post_tag","embeddable":true,"href":"https:\/\/blogs2.uef.fi\/biotalouskoulutus\/wp-json\/wp\/v2\/tags?post=1739"}],"curies":[{"name":"wp","href":"https:\/\/api.w.org\/{rel}","templated":true}]}}