{"id":1843,"date":"2021-02-19T14:43:54","date_gmt":"2021-02-19T12:43:54","guid":{"rendered":"https:\/\/www.biotalouskoulutusitasuomi.fi\/?p=1843"},"modified":"2022-12-28T14:05:13","modified_gmt":"2022-12-28T12:05:13","slug":"biotalouden-erikoistumiskoulutus-vuoden-2021-avaus-opintojen-parissa","status":"publish","type":"post","link":"https:\/\/blogs2.uef.fi\/biotalouskoulutus\/biotalouden-erikoistumiskoulutus-vuoden-2021-avaus-opintojen-parissa\/","title":{"rendered":"Biotalouden erikoistumiskoulutus \u2013 Vuoden 2021 avaus opintojen parissa"},"content":{"rendered":"<p>Vuoden 2021 ensimm\u00e4inen kontaktijakso pidettiin 4. \u2013 5.2. et\u00e4yhteyden avulla Zoomin kautta. Kontaktijakson p\u00e4\u00e4teemana jatkoimme Muutoksen asiantuntijuus ja johtaminen biotaloudessa \u2013 opintojakson parissa. T\u00e4ll\u00e4 kertaa ty\u00f6pajan teemana oli palvelumuotoilu. Ty\u00f6pajan vet\u00e4j\u00e4n\u00e4 toimi Savonia-ammattikorkeakoulun asiantuntija Jari Niemel\u00e4. Palvelumuotoilun teemaa l\u00e4hestyttiin Join-bioerko hankkeen kautta pohtimalla biotalouden asiantuntijuuden verkostorakennetta sek\u00e4 sen muotoilua hy\u00f6dynt\u00e4en Blue print \u2013 menetelm\u00e4\u00e4. Bioerko-opiskelijat jaettiin kolmeen ryhm\u00e4\u00e4n, ja jokaisella ryhm\u00e4ll\u00e4 oli sama teht\u00e4v\u00e4nanto; Miten biotalousalan verkosto rakentuu ja miten se saadaan toimivaksi konseptiksi, jolla on jatkotoiminnan edellytykset? Opiskelijamme olivatkin varsin haastavan teht\u00e4v\u00e4n edess\u00e4 pohtiessaan Blue Print \u2013 mallin avulla vastausta t\u00e4h\u00e4n kysymykseen.<\/p>\n<p>Lyhyen alustuksen ja k\u00e4yt\u00e4nn\u00f6n ohjeistuksen j\u00e4lkeen opiskelijat p\u00e4\u00e4siv\u00e4t ty\u00f6st\u00e4m\u00e4\u00e4n ryhmiss\u00e4 ratkaisuaan t\u00e4h\u00e4n varsin visaiseen kysymykseen. Apua, ohjausta ja sparrausta he saivat ty\u00f6pajan vet\u00e4j\u00e4lt\u00e4 Jari Niemel\u00e4lt\u00e4. Ty\u00f6pajassa ideat lensiv\u00e4t ja opiskelijat ty\u00f6skenteliv\u00e4t hyvin intensiivisesti koko torstai iltap\u00e4iv\u00e4n ajan. Koulutustiimi odotti varsin j\u00e4nnittynein\u00e4, millaisiin ratkaisuihin ryhm\u00e4t olivat p\u00e4\u00e4tyneet.<\/p>\n<p>Perjantaiaamuna lyhyen valmistautumisen j\u00e4lkeen ryhm\u00e4t p\u00e4\u00e4siv\u00e4t esittelem\u00e4\u00e4n omat tuotoksensa. Saimme kuulla kolme hyvin erityyppist\u00e4 ja mielenkiintoista esityst\u00e4. Keskustelu aiheen parissa k\u00e4vi hyvin innokkaasti eik\u00e4 lounastauolle meinattu malttaa siirty\u00e4 ollenkaan! Ryhmien laatimiin ratkaisuihin olimme hyvin tyytyv\u00e4isi\u00e4 \u2013 n\u00e4ist\u00e4 on hyv\u00e4 jatkaa Join- bierko hankkeen verkostorakentamisen edist\u00e4mist\u00e4.<\/p>\n<p>Perjantai-iltap\u00e4iv\u00e4n\u00e4 lounaan j\u00e4lkeen saimme kuulla UEF:n ja Savonia-ammattikorkeakoulun asiantuntijoiden puheenvuoroissa n\u00e4kemyksi\u00e4 biotalouden edist\u00e4miseen liittyvist\u00e4 toimista ja hankkeista Pohjois-Savossa. Asiantuntijapuheenvuoroissa esiintyiv\u00e4t UEF:n Reijo Lappalainen ja Savonia-ammattikorkeakoulusta Harri Auvinen sek\u00e4 Ulla Santti. Iltap\u00e4iv\u00e4n osuus jatkui videoesityksen muodossa, jossa p\u00e4\u00e4simme tutustumaan Kuopiossa sijaitsevan Iso-Kallan Panimon tuotantoprosessiin sek\u00e4 my\u00f6s tuotteisiin. Yrityksen toimintaa esitteli Sami Rissanen. Iltap\u00e4iv\u00e4n p\u00e4\u00e4tteeksi saimme viel\u00e4 yritysesittelyn\u00e4 kuulla Envitecpolisin toimintaa ja kasvutarinaa toimitusjohtaja Mika Arffmanin esittelem\u00e4n\u00e4.<br \/>\nKokonaisuutena helmikuun kontaktijakso onnistui erinomaisesti. T\u00e4st\u00e4 on hyv\u00e4 jatkaa opintoja ja kohti huhtikuun kontaktijaksoa.<\/p>\n<p><em>Kirjoittanut Tanja Pentinsaari, Savonia-ammattikorkeakoulu<\/em><\/p>\n","protected":false},"excerpt":{"rendered":"<p>Vuoden 2021 ensimm\u00e4inen kontaktijakso pidettiin 4. \u2013 5.2. et\u00e4yhteyden avulla Zoomin kautta. Kontaktijakson p\u00e4\u00e4teemana jatkoimme Muutoksen asiantuntijuus ja johtaminen biotaloudessa \u2013 opintojakson parissa. T\u00e4ll\u00e4 kertaa ty\u00f6pajan teemana oli palvelumuotoilu. Ty\u00f6pajan vet\u00e4j\u00e4n\u00e4 toimi Savonia-ammattikorkeakoulun asiantuntija Jari Niemel\u00e4. Palvelumuotoilun teemaa l\u00e4hestyttiin Join-bioerko hankkeen kautta pohtimalla biotalouden asiantuntijuuden verkostorakennetta sek\u00e4 sen muotoilua hy\u00f6dynt\u00e4en Blue print \u2013 menetelm\u00e4\u00e4. Bioerko-opiskelijat [&hellip;]<\/p>\n","protected":false},"author":95,"featured_media":1867,"comment_status":"closed","ping_status":"closed","sticky":false,"template":"","format":"standard","meta":{"_acf_changed":false,"_relevanssi_hide_post":"","_relevanssi_hide_content":"","_relevanssi_pin_for_all":"","_relevanssi_pin_keywords":"","_relevanssi_unpin_keywords":"","_relevanssi_related_keywords":"","_relevanssi_related_include_ids":"","_relevanssi_related_exclude_ids":"","_relevanssi_related_no_append":"","_relevanssi_related_not_related":"","_relevanssi_related_posts":"","_relevanssi_noindex_reason":"","footnotes":""},"categories":[159,1],"tags":[],"class_list":["post-1843","post","type-post","status-publish","format-standard","has-post-thumbnail","hentry","category-biotalouden-erikoistumiskoulutus","category-kaikki"],"acf":[],"yoast_head":"<!-- This site is optimized with the Yoast SEO plugin v27.3 - https:\/\/yoast.com\/product\/yoast-seo-wordpress\/ -->\n<title>Biotalouden erikoistumiskoulutus \u2013 Vuoden 2021 avaus opintojen parissa - Biotalouden erikoistumiskoulutus It\u00e4-Suomi<\/title>\n<meta name=\"robots\" content=\"index, follow, max-snippet:-1, max-image-preview:large, max-video-preview:-1\" \/>\n<link rel=\"canonical\" href=\"https:\/\/blogs2.uef.fi\/biotalouskoulutus\/biotalouden-erikoistumiskoulutus-vuoden-2021-avaus-opintojen-parissa\/\" \/>\n<meta property=\"og:locale\" content=\"fi_FI\" \/>\n<meta property=\"og:type\" content=\"article\" \/>\n<meta property=\"og:title\" content=\"Biotalouden erikoistumiskoulutus \u2013 Vuoden 2021 avaus opintojen parissa - Biotalouden erikoistumiskoulutus It\u00e4-Suomi\" \/>\n<meta property=\"og:description\" content=\"Vuoden 2021 ensimm\u00e4inen kontaktijakso pidettiin 4. \u2013 5.2. et\u00e4yhteyden avulla Zoomin kautta. Kontaktijakson p\u00e4\u00e4teemana jatkoimme Muutoksen asiantuntijuus ja johtaminen biotaloudessa \u2013 opintojakson parissa. T\u00e4ll\u00e4 kertaa ty\u00f6pajan teemana oli palvelumuotoilu. Ty\u00f6pajan vet\u00e4j\u00e4n\u00e4 toimi Savonia-ammattikorkeakoulun asiantuntija Jari Niemel\u00e4. Palvelumuotoilun teemaa l\u00e4hestyttiin Join-bioerko hankkeen kautta pohtimalla biotalouden asiantuntijuuden verkostorakennetta sek\u00e4 sen muotoilua hy\u00f6dynt\u00e4en Blue print \u2013 menetelm\u00e4\u00e4. Bioerko-opiskelijat [&hellip;]\" \/>\n<meta property=\"og:url\" content=\"https:\/\/blogs2.uef.fi\/biotalouskoulutus\/biotalouden-erikoistumiskoulutus-vuoden-2021-avaus-opintojen-parissa\/\" \/>\n<meta property=\"og:site_name\" content=\"Biotalouden erikoistumiskoulutus It\u00e4-Suomi\" \/>\n<meta property=\"article:published_time\" content=\"2021-02-19T12:43:54+00:00\" \/>\n<meta property=\"article:modified_time\" content=\"2022-12-28T12:05:13+00:00\" \/>\n<meta property=\"og:image\" content=\"https:\/\/blogs2.uef.fi\/biotalouskoulutus\/wp-content\/uploads\/sites\/71\/2021\/02\/vincent-guth-MAxHEAaAukI-unsplash-scaled.jpg\" \/>\n\t<meta property=\"og:image:width\" content=\"2560\" \/>\n\t<meta property=\"og:image:height\" content=\"1708\" \/>\n\t<meta property=\"og:image:type\" content=\"image\/jpeg\" \/>\n<meta name=\"author\" content=\"pirittat\" \/>\n<meta name=\"twitter:card\" content=\"summary_large_image\" \/>\n<meta name=\"twitter:label1\" content=\"Kirjoittanut\" \/>\n\t<meta name=\"twitter:data1\" content=\"pirittat\" \/>\n\t<meta name=\"twitter:label2\" content=\"Arvioitu lukuaika\" \/>\n\t<meta name=\"twitter:data2\" content=\"2 minuuttia\" \/>\n<script type=\"application\/ld+json\" class=\"yoast-schema-graph\">{\"@context\":\"https:\\\/\\\/schema.org\",\"@graph\":[{\"@type\":\"Article\",\"@id\":\"https:\\\/\\\/blogs2.uef.fi\\\/biotalouskoulutus\\\/biotalouden-erikoistumiskoulutus-vuoden-2021-avaus-opintojen-parissa\\\/#article\",\"isPartOf\":{\"@id\":\"https:\\\/\\\/blogs2.uef.fi\\\/biotalouskoulutus\\\/biotalouden-erikoistumiskoulutus-vuoden-2021-avaus-opintojen-parissa\\\/\"},\"author\":{\"name\":\"pirittat\",\"@id\":\"https:\\\/\\\/www.biotalouskoulutus.fi\\\/#\\\/schema\\\/person\\\/a91a0d6cfc809a46ad405d2792b06188\"},\"headline\":\"Biotalouden erikoistumiskoulutus \u2013 Vuoden 2021 avaus opintojen parissa\",\"datePublished\":\"2021-02-19T12:43:54+00:00\",\"dateModified\":\"2022-12-28T12:05:13+00:00\",\"mainEntityOfPage\":{\"@id\":\"https:\\\/\\\/blogs2.uef.fi\\\/biotalouskoulutus\\\/biotalouden-erikoistumiskoulutus-vuoden-2021-avaus-opintojen-parissa\\\/\"},\"wordCount\":334,\"image\":{\"@id\":\"https:\\\/\\\/blogs2.uef.fi\\\/biotalouskoulutus\\\/biotalouden-erikoistumiskoulutus-vuoden-2021-avaus-opintojen-parissa\\\/#primaryimage\"},\"thumbnailUrl\":\"https:\\\/\\\/blogs2.uef.fi\\\/biotalouskoulutus\\\/wp-content\\\/uploads\\\/sites\\\/71\\\/2021\\\/02\\\/vincent-guth-MAxHEAaAukI-unsplash-scaled.jpg\",\"articleSection\":[\"Biotalouden erikoistumiskoulutus\",\"Kaikki blogit\"],\"inLanguage\":\"fi\"},{\"@type\":\"WebPage\",\"@id\":\"https:\\\/\\\/blogs2.uef.fi\\\/biotalouskoulutus\\\/biotalouden-erikoistumiskoulutus-vuoden-2021-avaus-opintojen-parissa\\\/\",\"url\":\"https:\\\/\\\/blogs2.uef.fi\\\/biotalouskoulutus\\\/biotalouden-erikoistumiskoulutus-vuoden-2021-avaus-opintojen-parissa\\\/\",\"name\":\"Biotalouden erikoistumiskoulutus \u2013 Vuoden 2021 avaus opintojen parissa - Biotalouden erikoistumiskoulutus It\u00e4-Suomi\",\"isPartOf\":{\"@id\":\"https:\\\/\\\/www.biotalouskoulutus.fi\\\/#website\"},\"primaryImageOfPage\":{\"@id\":\"https:\\\/\\\/blogs2.uef.fi\\\/biotalouskoulutus\\\/biotalouden-erikoistumiskoulutus-vuoden-2021-avaus-opintojen-parissa\\\/#primaryimage\"},\"image\":{\"@id\":\"https:\\\/\\\/blogs2.uef.fi\\\/biotalouskoulutus\\\/biotalouden-erikoistumiskoulutus-vuoden-2021-avaus-opintojen-parissa\\\/#primaryimage\"},\"thumbnailUrl\":\"https:\\\/\\\/blogs2.uef.fi\\\/biotalouskoulutus\\\/wp-content\\\/uploads\\\/sites\\\/71\\\/2021\\\/02\\\/vincent-guth-MAxHEAaAukI-unsplash-scaled.jpg\",\"datePublished\":\"2021-02-19T12:43:54+00:00\",\"dateModified\":\"2022-12-28T12:05:13+00:00\",\"author\":{\"@id\":\"https:\\\/\\\/www.biotalouskoulutus.fi\\\/#\\\/schema\\\/person\\\/a91a0d6cfc809a46ad405d2792b06188\"},\"breadcrumb\":{\"@id\":\"https:\\\/\\\/blogs2.uef.fi\\\/biotalouskoulutus\\\/biotalouden-erikoistumiskoulutus-vuoden-2021-avaus-opintojen-parissa\\\/#breadcrumb\"},\"inLanguage\":\"fi\",\"potentialAction\":[{\"@type\":\"ReadAction\",\"target\":[\"https:\\\/\\\/blogs2.uef.fi\\\/biotalouskoulutus\\\/biotalouden-erikoistumiskoulutus-vuoden-2021-avaus-opintojen-parissa\\\/\"]}]},{\"@type\":\"ImageObject\",\"inLanguage\":\"fi\",\"@id\":\"https:\\\/\\\/blogs2.uef.fi\\\/biotalouskoulutus\\\/biotalouden-erikoistumiskoulutus-vuoden-2021-avaus-opintojen-parissa\\\/#primaryimage\",\"url\":\"https:\\\/\\\/blogs2.uef.fi\\\/biotalouskoulutus\\\/wp-content\\\/uploads\\\/sites\\\/71\\\/2021\\\/02\\\/vincent-guth-MAxHEAaAukI-unsplash-scaled.jpg\",\"contentUrl\":\"https:\\\/\\\/blogs2.uef.fi\\\/biotalouskoulutus\\\/wp-content\\\/uploads\\\/sites\\\/71\\\/2021\\\/02\\\/vincent-guth-MAxHEAaAukI-unsplash-scaled.jpg\",\"width\":2560,\"height\":1708},{\"@type\":\"BreadcrumbList\",\"@id\":\"https:\\\/\\\/blogs2.uef.fi\\\/biotalouskoulutus\\\/biotalouden-erikoistumiskoulutus-vuoden-2021-avaus-opintojen-parissa\\\/#breadcrumb\",\"itemListElement\":[{\"@type\":\"ListItem\",\"position\":1,\"name\":\"Home\",\"item\":\"https:\\\/\\\/www.biotalouskoulutus.fi\\\/\"},{\"@type\":\"ListItem\",\"position\":2,\"name\":\"Biotalouden erikoistumiskoulutus \u2013 Vuoden 2021 avaus opintojen parissa\"}]},{\"@type\":\"WebSite\",\"@id\":\"https:\\\/\\\/www.biotalouskoulutus.fi\\\/#website\",\"url\":\"https:\\\/\\\/www.biotalouskoulutus.fi\\\/\",\"name\":\"Biotalouden erikoistumiskoulutus It\u00e4-Suomi\",\"description\":\"Biotalouden erikoistumiskoulutus It\u00e4-Suomessa - innovaatioita ja osaamista korkeakoulujen ja yritysen yhteisty\u00f6n\u00e4. Koulutuksen painotukset: mets\u00e4biotalous, biotalouden sivuvirrat, biojalostus ja energiabiotalous.\",\"potentialAction\":[{\"@type\":\"SearchAction\",\"target\":{\"@type\":\"EntryPoint\",\"urlTemplate\":\"https:\\\/\\\/www.biotalouskoulutus.fi\\\/?s={search_term_string}\"},\"query-input\":{\"@type\":\"PropertyValueSpecification\",\"valueRequired\":true,\"valueName\":\"search_term_string\"}}],\"inLanguage\":\"fi\"},{\"@type\":\"Person\",\"@id\":\"https:\\\/\\\/www.biotalouskoulutus.fi\\\/#\\\/schema\\\/person\\\/a91a0d6cfc809a46ad405d2792b06188\",\"name\":\"pirittat\",\"image\":{\"@type\":\"ImageObject\",\"inLanguage\":\"fi\",\"@id\":\"https:\\\/\\\/secure.gravatar.com\\\/avatar\\\/4a266507e0f5fadda56c47446a78ce82fe72bebf9d96e0b05c738843d5f27aa5?s=96&d=mm&r=g\",\"url\":\"https:\\\/\\\/secure.gravatar.com\\\/avatar\\\/4a266507e0f5fadda56c47446a78ce82fe72bebf9d96e0b05c738843d5f27aa5?s=96&d=mm&r=g\",\"contentUrl\":\"https:\\\/\\\/secure.gravatar.com\\\/avatar\\\/4a266507e0f5fadda56c47446a78ce82fe72bebf9d96e0b05c738843d5f27aa5?s=96&d=mm&r=g\",\"caption\":\"pirittat\"},\"url\":\"https:\\\/\\\/blogs2.uef.fi\\\/biotalouskoulutus\\\/author\\\/pirittat\\\/\"}]}<\/script>\n<!-- \/ Yoast SEO plugin. -->","yoast_head_json":{"title":"Biotalouden erikoistumiskoulutus \u2013 Vuoden 2021 avaus opintojen parissa - Biotalouden erikoistumiskoulutus It\u00e4-Suomi","robots":{"index":"index","follow":"follow","max-snippet":"max-snippet:-1","max-image-preview":"max-image-preview:large","max-video-preview":"max-video-preview:-1"},"canonical":"https:\/\/blogs2.uef.fi\/biotalouskoulutus\/biotalouden-erikoistumiskoulutus-vuoden-2021-avaus-opintojen-parissa\/","og_locale":"fi_FI","og_type":"article","og_title":"Biotalouden erikoistumiskoulutus \u2013 Vuoden 2021 avaus opintojen parissa - Biotalouden erikoistumiskoulutus It\u00e4-Suomi","og_description":"Vuoden 2021 ensimm\u00e4inen kontaktijakso pidettiin 4. \u2013 5.2. et\u00e4yhteyden avulla Zoomin kautta. Kontaktijakson p\u00e4\u00e4teemana jatkoimme Muutoksen asiantuntijuus ja johtaminen biotaloudessa \u2013 opintojakson parissa. T\u00e4ll\u00e4 kertaa ty\u00f6pajan teemana oli palvelumuotoilu. Ty\u00f6pajan vet\u00e4j\u00e4n\u00e4 toimi Savonia-ammattikorkeakoulun asiantuntija Jari Niemel\u00e4. Palvelumuotoilun teemaa l\u00e4hestyttiin Join-bioerko hankkeen kautta pohtimalla biotalouden asiantuntijuuden verkostorakennetta sek\u00e4 sen muotoilua hy\u00f6dynt\u00e4en Blue print \u2013 menetelm\u00e4\u00e4. Bioerko-opiskelijat [&hellip;]","og_url":"https:\/\/blogs2.uef.fi\/biotalouskoulutus\/biotalouden-erikoistumiskoulutus-vuoden-2021-avaus-opintojen-parissa\/","og_site_name":"Biotalouden erikoistumiskoulutus It\u00e4-Suomi","article_published_time":"2021-02-19T12:43:54+00:00","article_modified_time":"2022-12-28T12:05:13+00:00","og_image":[{"width":2560,"height":1708,"url":"https:\/\/blogs2.uef.fi\/biotalouskoulutus\/wp-content\/uploads\/sites\/71\/2021\/02\/vincent-guth-MAxHEAaAukI-unsplash-scaled.jpg","type":"image\/jpeg"}],"author":"pirittat","twitter_card":"summary_large_image","twitter_misc":{"Kirjoittanut":"pirittat","Arvioitu lukuaika":"2 minuuttia"},"schema":{"@context":"https:\/\/schema.org","@graph":[{"@type":"Article","@id":"https:\/\/blogs2.uef.fi\/biotalouskoulutus\/biotalouden-erikoistumiskoulutus-vuoden-2021-avaus-opintojen-parissa\/#article","isPartOf":{"@id":"https:\/\/blogs2.uef.fi\/biotalouskoulutus\/biotalouden-erikoistumiskoulutus-vuoden-2021-avaus-opintojen-parissa\/"},"author":{"name":"pirittat","@id":"https:\/\/www.biotalouskoulutus.fi\/#\/schema\/person\/a91a0d6cfc809a46ad405d2792b06188"},"headline":"Biotalouden erikoistumiskoulutus \u2013 Vuoden 2021 avaus opintojen parissa","datePublished":"2021-02-19T12:43:54+00:00","dateModified":"2022-12-28T12:05:13+00:00","mainEntityOfPage":{"@id":"https:\/\/blogs2.uef.fi\/biotalouskoulutus\/biotalouden-erikoistumiskoulutus-vuoden-2021-avaus-opintojen-parissa\/"},"wordCount":334,"image":{"@id":"https:\/\/blogs2.uef.fi\/biotalouskoulutus\/biotalouden-erikoistumiskoulutus-vuoden-2021-avaus-opintojen-parissa\/#primaryimage"},"thumbnailUrl":"https:\/\/blogs2.uef.fi\/biotalouskoulutus\/wp-content\/uploads\/sites\/71\/2021\/02\/vincent-guth-MAxHEAaAukI-unsplash-scaled.jpg","articleSection":["Biotalouden erikoistumiskoulutus","Kaikki blogit"],"inLanguage":"fi"},{"@type":"WebPage","@id":"https:\/\/blogs2.uef.fi\/biotalouskoulutus\/biotalouden-erikoistumiskoulutus-vuoden-2021-avaus-opintojen-parissa\/","url":"https:\/\/blogs2.uef.fi\/biotalouskoulutus\/biotalouden-erikoistumiskoulutus-vuoden-2021-avaus-opintojen-parissa\/","name":"Biotalouden erikoistumiskoulutus \u2013 Vuoden 2021 avaus opintojen parissa - Biotalouden erikoistumiskoulutus It\u00e4-Suomi","isPartOf":{"@id":"https:\/\/www.biotalouskoulutus.fi\/#website"},"primaryImageOfPage":{"@id":"https:\/\/blogs2.uef.fi\/biotalouskoulutus\/biotalouden-erikoistumiskoulutus-vuoden-2021-avaus-opintojen-parissa\/#primaryimage"},"image":{"@id":"https:\/\/blogs2.uef.fi\/biotalouskoulutus\/biotalouden-erikoistumiskoulutus-vuoden-2021-avaus-opintojen-parissa\/#primaryimage"},"thumbnailUrl":"https:\/\/blogs2.uef.fi\/biotalouskoulutus\/wp-content\/uploads\/sites\/71\/2021\/02\/vincent-guth-MAxHEAaAukI-unsplash-scaled.jpg","datePublished":"2021-02-19T12:43:54+00:00","dateModified":"2022-12-28T12:05:13+00:00","author":{"@id":"https:\/\/www.biotalouskoulutus.fi\/#\/schema\/person\/a91a0d6cfc809a46ad405d2792b06188"},"breadcrumb":{"@id":"https:\/\/blogs2.uef.fi\/biotalouskoulutus\/biotalouden-erikoistumiskoulutus-vuoden-2021-avaus-opintojen-parissa\/#breadcrumb"},"inLanguage":"fi","potentialAction":[{"@type":"ReadAction","target":["https:\/\/blogs2.uef.fi\/biotalouskoulutus\/biotalouden-erikoistumiskoulutus-vuoden-2021-avaus-opintojen-parissa\/"]}]},{"@type":"ImageObject","inLanguage":"fi","@id":"https:\/\/blogs2.uef.fi\/biotalouskoulutus\/biotalouden-erikoistumiskoulutus-vuoden-2021-avaus-opintojen-parissa\/#primaryimage","url":"https:\/\/blogs2.uef.fi\/biotalouskoulutus\/wp-content\/uploads\/sites\/71\/2021\/02\/vincent-guth-MAxHEAaAukI-unsplash-scaled.jpg","contentUrl":"https:\/\/blogs2.uef.fi\/biotalouskoulutus\/wp-content\/uploads\/sites\/71\/2021\/02\/vincent-guth-MAxHEAaAukI-unsplash-scaled.jpg","width":2560,"height":1708},{"@type":"BreadcrumbList","@id":"https:\/\/blogs2.uef.fi\/biotalouskoulutus\/biotalouden-erikoistumiskoulutus-vuoden-2021-avaus-opintojen-parissa\/#breadcrumb","itemListElement":[{"@type":"ListItem","position":1,"name":"Home","item":"https:\/\/www.biotalouskoulutus.fi\/"},{"@type":"ListItem","position":2,"name":"Biotalouden erikoistumiskoulutus \u2013 Vuoden 2021 avaus opintojen parissa"}]},{"@type":"WebSite","@id":"https:\/\/www.biotalouskoulutus.fi\/#website","url":"https:\/\/www.biotalouskoulutus.fi\/","name":"Biotalouden erikoistumiskoulutus It\u00e4-Suomi","description":"Biotalouden erikoistumiskoulutus It\u00e4-Suomessa - innovaatioita ja osaamista korkeakoulujen ja yritysen yhteisty\u00f6n\u00e4. Koulutuksen painotukset: mets\u00e4biotalous, biotalouden sivuvirrat, biojalostus ja energiabiotalous.","potentialAction":[{"@type":"SearchAction","target":{"@type":"EntryPoint","urlTemplate":"https:\/\/www.biotalouskoulutus.fi\/?s={search_term_string}"},"query-input":{"@type":"PropertyValueSpecification","valueRequired":true,"valueName":"search_term_string"}}],"inLanguage":"fi"},{"@type":"Person","@id":"https:\/\/www.biotalouskoulutus.fi\/#\/schema\/person\/a91a0d6cfc809a46ad405d2792b06188","name":"pirittat","image":{"@type":"ImageObject","inLanguage":"fi","@id":"https:\/\/secure.gravatar.com\/avatar\/4a266507e0f5fadda56c47446a78ce82fe72bebf9d96e0b05c738843d5f27aa5?s=96&d=mm&r=g","url":"https:\/\/secure.gravatar.com\/avatar\/4a266507e0f5fadda56c47446a78ce82fe72bebf9d96e0b05c738843d5f27aa5?s=96&d=mm&r=g","contentUrl":"https:\/\/secure.gravatar.com\/avatar\/4a266507e0f5fadda56c47446a78ce82fe72bebf9d96e0b05c738843d5f27aa5?s=96&d=mm&r=g","caption":"pirittat"},"url":"https:\/\/blogs2.uef.fi\/biotalouskoulutus\/author\/pirittat\/"}]}},"_links":{"self":[{"href":"https:\/\/blogs2.uef.fi\/biotalouskoulutus\/wp-json\/wp\/v2\/posts\/1843","targetHints":{"allow":["GET"]}}],"collection":[{"href":"https:\/\/blogs2.uef.fi\/biotalouskoulutus\/wp-json\/wp\/v2\/posts"}],"about":[{"href":"https:\/\/blogs2.uef.fi\/biotalouskoulutus\/wp-json\/wp\/v2\/types\/post"}],"author":[{"embeddable":true,"href":"https:\/\/blogs2.uef.fi\/biotalouskoulutus\/wp-json\/wp\/v2\/users\/95"}],"replies":[{"embeddable":true,"href":"https:\/\/blogs2.uef.fi\/biotalouskoulutus\/wp-json\/wp\/v2\/comments?post=1843"}],"version-history":[{"count":2,"href":"https:\/\/blogs2.uef.fi\/biotalouskoulutus\/wp-json\/wp\/v2\/posts\/1843\/revisions"}],"predecessor-version":[{"id":1864,"href":"https:\/\/blogs2.uef.fi\/biotalouskoulutus\/wp-json\/wp\/v2\/posts\/1843\/revisions\/1864"}],"wp:featuredmedia":[{"embeddable":true,"href":"https:\/\/blogs2.uef.fi\/biotalouskoulutus\/wp-json\/wp\/v2\/media\/1867"}],"wp:attachment":[{"href":"https:\/\/blogs2.uef.fi\/biotalouskoulutus\/wp-json\/wp\/v2\/media?parent=1843"}],"wp:term":[{"taxonomy":"category","embeddable":true,"href":"https:\/\/blogs2.uef.fi\/biotalouskoulutus\/wp-json\/wp\/v2\/categories?post=1843"},{"taxonomy":"post_tag","embeddable":true,"href":"https:\/\/blogs2.uef.fi\/biotalouskoulutus\/wp-json\/wp\/v2\/tags?post=1843"}],"curies":[{"name":"wp","href":"https:\/\/api.w.org\/{rel}","templated":true}]}}