{"id":2017,"date":"2021-04-19T15:12:30","date_gmt":"2021-04-19T12:12:30","guid":{"rendered":"https:\/\/www.biotalouskoulutusitasuomi.fi\/?p=2017"},"modified":"2022-12-28T14:05:12","modified_gmt":"2022-12-28T12:05:12","slug":"leania-puurakentamista-ja-yritysyhteistyota-huhtikuun-etapaivilta-potkua-kohti-paatosseminaaria","status":"publish","type":"post","link":"https:\/\/blogs2.uef.fi\/biotalouskoulutus\/leania-puurakentamista-ja-yritysyhteistyota-huhtikuun-etapaivilta-potkua-kohti-paatosseminaaria\/","title":{"rendered":"Leani\u00e4, puurakentamista ja yritysyhteisty\u00f6t\u00e4 &#8211; huhtikuun et\u00e4p\u00e4ivilt\u00e4 potkua kohti p\u00e4\u00e4t\u00f6sseminaaria"},"content":{"rendered":"<p>Biotalouden erikoistumiskoulutuksen k\u00e4ynniss\u00e4 olevan toteutuksen toiseksi viimeinen kontaktijakso j\u00e4rjestettiin 8.-9.4.2021 Karelia-ammattikorkeakouluvetoisesti. Vallitsevan Covid-19 -tilanteen vuoksi suunnitellut l\u00e4hip\u00e4iv\u00e4t pidettiin et\u00e4n\u00e4 verkon v\u00e4lityksell\u00e4, aivan kuten aiemmatkin l\u00e4hip\u00e4iv\u00e4t t\u00e4m\u00e4n koulutuksen osalta. Kaksi p\u00e4iv\u00e4\u00e4 vietettiin siis tiiviisti niin sanotusti luurit korvilla, mutta se ei tunnelmaa himment\u00e4nyt, sill\u00e4 p\u00e4ivien aikana saatiin kuunnella eritt\u00e4in mielenkiintoisia esityksi\u00e4 ja puheenvuoroja vierailijoiden ja opetushenkil\u00f6st\u00f6n osalta sek\u00e4 ennen kaikkea aktiivista keskustelua opiskelijoiden puolelta. T\u00e4st\u00e4 onkin mit\u00e4 parhain jatkaa kohti kes\u00e4kuun p\u00e4\u00e4t\u00f6sseminaaria!<\/p>\n<p>Muutoksen asiantuntijuus ja johtaminen biotaloudessa -opintojakso sai viimeisen silauksensa, kun torstain 8.4. aikana k\u00e4siteltiin Karelia-ammattikorkeakoulun Jari Uimosen johdolla Lean-johtamisen saloja. Aamup\u00e4iv\u00e4n aikana Jari tutustutti opiskelijat aiheeseen ja lounastauon j\u00e4lkeen Matti Salmi Valio Oy:lt\u00e4 valaisi Leanin k\u00e4ytt\u00f6\u00e4 yritysmaailman, ja erityisesti my\u00f6s biotalousyrityksen, n\u00e4k\u00f6kulmasta. Iltap\u00e4iv\u00e4n aikana keskustelu teeman ymp\u00e4rill\u00e4 jatkui innostuneena, kun Jari johdatteli porukan yh\u00e4 vain syvemm\u00e4lle Leanin sy\u00f6vereihin. Tehostamisen paikkoja alettiin yll\u00e4tt\u00e4en l\u00f6yt\u00e4\u00e4 melkein jokaisesta ymp\u00e4rill\u00e4 olevasta asiasta ja yksinkertaistamisen ajatus j\u00e4i vahvasti ainakin allekirjoittaneen ajatuksiin py\u00f6rim\u00e4\u00e4n.<\/p>\n<p>Perjantaina vuorossa oli puolestaan hyvin toisen sis\u00e4lt\u00f6ist\u00e4 ohjelmaa. Aamu aloitettiin some-jumpalla, jossa luotiin verkostoja koulutuksessa mukana olevien kesken. Ajatuksena t\u00e4ss\u00e4 tietenkin oli, ett\u00e4 hyvin alkanut yhteisty\u00f6 jatkuisi viel\u00e4 pitk\u00e4\u00e4n t\u00e4m\u00e4n pian p\u00e4\u00e4t\u00f6ksens\u00e4 saavan biotalouden erikoistumiskoulutuksen j\u00e4lkeenkin. Verkostoista hyp\u00e4ttiin sitten seuraavaksi puurakentamisen maailmaan, jota meille tuli esittelem\u00e4\u00e4n Mikko Matveinen Karelia-ammattikorkeakoululta. Mikko johdatteli meid\u00e4t ensin yleisell\u00e4 tasolla puurakentamiseen Suomessa ja t\u00e4m\u00e4n per\u00e4\u00e4n Ville Mertanen Karelia-ammattikorkeakoululta vei meid\u00e4t virtuaalimatkalle Joensuun seudun puurakentamisen kohteisiin. Esittelyn aikana p\u00e4\u00e4simme tutustumaan mm. Metla-taloon, Joensuu-areenaan ja erilaisiin asuinrakennuksiin, joista mielenkiintoisin oli kenties Suomen korkein puukerrostalo Lighthouse. Lighthousen erikoisuutena sen korkean ulkomuodon lis\u00e4ksi on, ett\u00e4 sit\u00e4 asuttavat opiskelijat ja yksi sen asunnoista on valjastettu tutkimus- ja esittelyk\u00e4ytt\u00f6\u00f6n. Tuo tutkimusk\u00e4yt\u00f6ss\u00e4 oleva asunto on t\u00e4ysi kopio muista talon asunnoista, mutta sinne on j\u00e4tetty tarkoituksella rakenteisiin pieni\u00e4 kurkisteluaukkoja, jotta vaikkapa sein\u00e4n rakenteen sis\u00e4\u00e4n pystyy katsomaan. Taloon liittyen tehd\u00e4\u00e4n jatkuvasti mittauksia puurakentamisen kehitt\u00e4misty\u00f6h\u00f6n liittyen ja meille selvisi muun muassa, ett\u00e4 t\u00e4llaisessa uudenaikaisessa puurakennuksessa rakenteiden painumisesta ei tarvitse olla huolissaan, sill\u00e4 mittausten mukaan t\u00e4m\u00e4kin koko rakennus on valmistumisensa j\u00e4lkeen painunut vain vaivaiset 15 mm.<\/p>\n<p>Puurakentamisen j\u00e4lkeen vuorossa oli lounas ja siit\u00e4 jatkoimme sitten Karelia-ammattikorkeakoulun Kim Blomqvistin ja It\u00e4-Suomen yliopiston Jukka Tikkasen ohjaamina Pohjois-Karjalan biotaloushankkeiden pariin. Hanke-esittelyjen j\u00e4lkeen p\u00e4\u00e4simme tutustumaan viel\u00e4 erikseen my\u00f6s pariin biotalouden alan yritykseen ja heid\u00e4n toimintaansa. Pohjois-Karjalaista Apila Groupia meille esitteli Mervi Matilainen ja heti per\u00e4\u00e4n Pohjois-Pohjanmaalaisen Demeca Oy:n Johannes Linna vei meid\u00e4t biokaasulaitoksien maailmaan. Vaikka et\u00e4p\u00e4iv\u00e4t olivat aikataulullisesti tiiviit ja asiaa oli paljon, oli mahtavaa huomata, kuinka viel\u00e4 perjantai-iltap\u00e4iv\u00e4st\u00e4kin keskustelua biotalousasioiden ymp\u00e4rill\u00e4 riitti ja ennen kaikkea kuinka mahdollisia tulevia yhteisty\u00f6kuvioita alettiin pohtia ja rakennella opiskelijoiden ja esittelyj\u00e4 pit\u00e4neiden yritysten v\u00e4lill\u00e4. Voidaan siis selke\u00e4stikin hyvill\u00e4 mielin todeta, ett\u00e4 koulutuksen tavoite l\u00e4heisest\u00e4 yritysyhteisty\u00f6st\u00e4 on toteutunut!<\/p>\n<p><em>Kirjoittanut Sini Rantanen, Karelia-ammattikorkeakoulu<\/em><\/p>\n","protected":false},"excerpt":{"rendered":"<p>Biotalouden erikoistumiskoulutuksen k\u00e4ynniss\u00e4 olevan toteutuksen toiseksi viimeinen kontaktijakso j\u00e4rjestettiin 8.-9.4.2021 Karelia-ammattikorkeakouluvetoisesti. Vallitsevan Covid-19 -tilanteen vuoksi suunnitellut l\u00e4hip\u00e4iv\u00e4t pidettiin et\u00e4n\u00e4 verkon v\u00e4lityksell\u00e4, aivan kuten aiemmatkin l\u00e4hip\u00e4iv\u00e4t t\u00e4m\u00e4n koulutuksen osalta. Kaksi p\u00e4iv\u00e4\u00e4 vietettiin siis tiiviisti niin sanotusti luurit korvilla, mutta se ei tunnelmaa himment\u00e4nyt, sill\u00e4 p\u00e4ivien aikana saatiin kuunnella eritt\u00e4in mielenkiintoisia esityksi\u00e4 ja puheenvuoroja vierailijoiden ja opetushenkil\u00f6st\u00f6n [&hellip;]<\/p>\n","protected":false},"author":95,"featured_media":2026,"comment_status":"closed","ping_status":"closed","sticky":false,"template":"","format":"standard","meta":{"_acf_changed":false,"_relevanssi_hide_post":"","_relevanssi_hide_content":"","_relevanssi_pin_for_all":"","_relevanssi_pin_keywords":"","_relevanssi_unpin_keywords":"","_relevanssi_related_keywords":"","_relevanssi_related_include_ids":"","_relevanssi_related_exclude_ids":"","_relevanssi_related_no_append":"","_relevanssi_related_not_related":"","_relevanssi_related_posts":"","_relevanssi_noindex_reason":"","footnotes":""},"categories":[159,1],"tags":[],"class_list":["post-2017","post","type-post","status-publish","format-standard","has-post-thumbnail","hentry","category-biotalouden-erikoistumiskoulutus","category-kaikki"],"acf":[],"yoast_head":"<!-- This site is optimized with the Yoast SEO plugin v27.3 - https:\/\/yoast.com\/product\/yoast-seo-wordpress\/ -->\n<title>Leani\u00e4, puurakentamista ja yritysyhteisty\u00f6t\u00e4 - huhtikuun et\u00e4p\u00e4ivilt\u00e4 potkua kohti p\u00e4\u00e4t\u00f6sseminaaria - Biotalouden erikoistumiskoulutus It\u00e4-Suomi<\/title>\n<meta name=\"robots\" content=\"index, follow, max-snippet:-1, max-image-preview:large, max-video-preview:-1\" \/>\n<link rel=\"canonical\" href=\"https:\/\/blogs2.uef.fi\/biotalouskoulutus\/leania-puurakentamista-ja-yritysyhteistyota-huhtikuun-etapaivilta-potkua-kohti-paatosseminaaria\/\" \/>\n<meta property=\"og:locale\" content=\"fi_FI\" \/>\n<meta property=\"og:type\" content=\"article\" \/>\n<meta property=\"og:title\" content=\"Leani\u00e4, puurakentamista ja yritysyhteisty\u00f6t\u00e4 - huhtikuun et\u00e4p\u00e4ivilt\u00e4 potkua kohti p\u00e4\u00e4t\u00f6sseminaaria - Biotalouden erikoistumiskoulutus It\u00e4-Suomi\" \/>\n<meta property=\"og:description\" content=\"Biotalouden erikoistumiskoulutuksen k\u00e4ynniss\u00e4 olevan toteutuksen toiseksi viimeinen kontaktijakso j\u00e4rjestettiin 8.-9.4.2021 Karelia-ammattikorkeakouluvetoisesti. Vallitsevan Covid-19 -tilanteen vuoksi suunnitellut l\u00e4hip\u00e4iv\u00e4t pidettiin et\u00e4n\u00e4 verkon v\u00e4lityksell\u00e4, aivan kuten aiemmatkin l\u00e4hip\u00e4iv\u00e4t t\u00e4m\u00e4n koulutuksen osalta. Kaksi p\u00e4iv\u00e4\u00e4 vietettiin siis tiiviisti niin sanotusti luurit korvilla, mutta se ei tunnelmaa himment\u00e4nyt, sill\u00e4 p\u00e4ivien aikana saatiin kuunnella eritt\u00e4in mielenkiintoisia esityksi\u00e4 ja puheenvuoroja vierailijoiden ja opetushenkil\u00f6st\u00f6n [&hellip;]\" \/>\n<meta property=\"og:url\" content=\"https:\/\/blogs2.uef.fi\/biotalouskoulutus\/leania-puurakentamista-ja-yritysyhteistyota-huhtikuun-etapaivilta-potkua-kohti-paatosseminaaria\/\" \/>\n<meta property=\"og:site_name\" content=\"Biotalouden erikoistumiskoulutus It\u00e4-Suomi\" \/>\n<meta property=\"article:published_time\" content=\"2021-04-19T12:12:30+00:00\" \/>\n<meta property=\"article:modified_time\" content=\"2022-12-28T12:05:12+00:00\" \/>\n<meta property=\"og:image\" content=\"https:\/\/blogs2.uef.fi\/biotalouskoulutus\/wp-content\/uploads\/sites\/71\/2021\/04\/annie-spratt-gXQCELcnI2U-unsplash-scaled.jpg\" \/>\n\t<meta property=\"og:image:width\" content=\"2560\" \/>\n\t<meta property=\"og:image:height\" content=\"1939\" \/>\n\t<meta property=\"og:image:type\" content=\"image\/jpeg\" \/>\n<meta name=\"author\" content=\"pirittat\" \/>\n<meta name=\"twitter:card\" content=\"summary_large_image\" \/>\n<meta name=\"twitter:label1\" content=\"Kirjoittanut\" \/>\n\t<meta name=\"twitter:data1\" content=\"pirittat\" \/>\n\t<meta name=\"twitter:label2\" content=\"Arvioitu lukuaika\" \/>\n\t<meta name=\"twitter:data2\" content=\"3 minuuttia\" \/>\n<script type=\"application\/ld+json\" class=\"yoast-schema-graph\">{\"@context\":\"https:\\\/\\\/schema.org\",\"@graph\":[{\"@type\":\"Article\",\"@id\":\"https:\\\/\\\/blogs2.uef.fi\\\/biotalouskoulutus\\\/leania-puurakentamista-ja-yritysyhteistyota-huhtikuun-etapaivilta-potkua-kohti-paatosseminaaria\\\/#article\",\"isPartOf\":{\"@id\":\"https:\\\/\\\/blogs2.uef.fi\\\/biotalouskoulutus\\\/leania-puurakentamista-ja-yritysyhteistyota-huhtikuun-etapaivilta-potkua-kohti-paatosseminaaria\\\/\"},\"author\":{\"name\":\"pirittat\",\"@id\":\"https:\\\/\\\/www.biotalouskoulutus.fi\\\/#\\\/schema\\\/person\\\/a91a0d6cfc809a46ad405d2792b06188\"},\"headline\":\"Leani\u00e4, puurakentamista ja yritysyhteisty\u00f6t\u00e4 &#8211; huhtikuun et\u00e4p\u00e4ivilt\u00e4 potkua kohti p\u00e4\u00e4t\u00f6sseminaaria\",\"datePublished\":\"2021-04-19T12:12:30+00:00\",\"dateModified\":\"2022-12-28T12:05:12+00:00\",\"mainEntityOfPage\":{\"@id\":\"https:\\\/\\\/blogs2.uef.fi\\\/biotalouskoulutus\\\/leania-puurakentamista-ja-yritysyhteistyota-huhtikuun-etapaivilta-potkua-kohti-paatosseminaaria\\\/\"},\"wordCount\":537,\"image\":{\"@id\":\"https:\\\/\\\/blogs2.uef.fi\\\/biotalouskoulutus\\\/leania-puurakentamista-ja-yritysyhteistyota-huhtikuun-etapaivilta-potkua-kohti-paatosseminaaria\\\/#primaryimage\"},\"thumbnailUrl\":\"https:\\\/\\\/blogs2.uef.fi\\\/biotalouskoulutus\\\/wp-content\\\/uploads\\\/sites\\\/71\\\/2021\\\/04\\\/annie-spratt-gXQCELcnI2U-unsplash-scaled.jpg\",\"articleSection\":[\"Biotalouden erikoistumiskoulutus\",\"Kaikki blogit\"],\"inLanguage\":\"fi\"},{\"@type\":\"WebPage\",\"@id\":\"https:\\\/\\\/blogs2.uef.fi\\\/biotalouskoulutus\\\/leania-puurakentamista-ja-yritysyhteistyota-huhtikuun-etapaivilta-potkua-kohti-paatosseminaaria\\\/\",\"url\":\"https:\\\/\\\/blogs2.uef.fi\\\/biotalouskoulutus\\\/leania-puurakentamista-ja-yritysyhteistyota-huhtikuun-etapaivilta-potkua-kohti-paatosseminaaria\\\/\",\"name\":\"Leani\u00e4, puurakentamista ja yritysyhteisty\u00f6t\u00e4 - huhtikuun et\u00e4p\u00e4ivilt\u00e4 potkua kohti p\u00e4\u00e4t\u00f6sseminaaria - Biotalouden erikoistumiskoulutus It\u00e4-Suomi\",\"isPartOf\":{\"@id\":\"https:\\\/\\\/www.biotalouskoulutus.fi\\\/#website\"},\"primaryImageOfPage\":{\"@id\":\"https:\\\/\\\/blogs2.uef.fi\\\/biotalouskoulutus\\\/leania-puurakentamista-ja-yritysyhteistyota-huhtikuun-etapaivilta-potkua-kohti-paatosseminaaria\\\/#primaryimage\"},\"image\":{\"@id\":\"https:\\\/\\\/blogs2.uef.fi\\\/biotalouskoulutus\\\/leania-puurakentamista-ja-yritysyhteistyota-huhtikuun-etapaivilta-potkua-kohti-paatosseminaaria\\\/#primaryimage\"},\"thumbnailUrl\":\"https:\\\/\\\/blogs2.uef.fi\\\/biotalouskoulutus\\\/wp-content\\\/uploads\\\/sites\\\/71\\\/2021\\\/04\\\/annie-spratt-gXQCELcnI2U-unsplash-scaled.jpg\",\"datePublished\":\"2021-04-19T12:12:30+00:00\",\"dateModified\":\"2022-12-28T12:05:12+00:00\",\"author\":{\"@id\":\"https:\\\/\\\/www.biotalouskoulutus.fi\\\/#\\\/schema\\\/person\\\/a91a0d6cfc809a46ad405d2792b06188\"},\"breadcrumb\":{\"@id\":\"https:\\\/\\\/blogs2.uef.fi\\\/biotalouskoulutus\\\/leania-puurakentamista-ja-yritysyhteistyota-huhtikuun-etapaivilta-potkua-kohti-paatosseminaaria\\\/#breadcrumb\"},\"inLanguage\":\"fi\",\"potentialAction\":[{\"@type\":\"ReadAction\",\"target\":[\"https:\\\/\\\/blogs2.uef.fi\\\/biotalouskoulutus\\\/leania-puurakentamista-ja-yritysyhteistyota-huhtikuun-etapaivilta-potkua-kohti-paatosseminaaria\\\/\"]}]},{\"@type\":\"ImageObject\",\"inLanguage\":\"fi\",\"@id\":\"https:\\\/\\\/blogs2.uef.fi\\\/biotalouskoulutus\\\/leania-puurakentamista-ja-yritysyhteistyota-huhtikuun-etapaivilta-potkua-kohti-paatosseminaaria\\\/#primaryimage\",\"url\":\"https:\\\/\\\/blogs2.uef.fi\\\/biotalouskoulutus\\\/wp-content\\\/uploads\\\/sites\\\/71\\\/2021\\\/04\\\/annie-spratt-gXQCELcnI2U-unsplash-scaled.jpg\",\"contentUrl\":\"https:\\\/\\\/blogs2.uef.fi\\\/biotalouskoulutus\\\/wp-content\\\/uploads\\\/sites\\\/71\\\/2021\\\/04\\\/annie-spratt-gXQCELcnI2U-unsplash-scaled.jpg\",\"width\":2560,\"height\":1939},{\"@type\":\"BreadcrumbList\",\"@id\":\"https:\\\/\\\/blogs2.uef.fi\\\/biotalouskoulutus\\\/leania-puurakentamista-ja-yritysyhteistyota-huhtikuun-etapaivilta-potkua-kohti-paatosseminaaria\\\/#breadcrumb\",\"itemListElement\":[{\"@type\":\"ListItem\",\"position\":1,\"name\":\"Home\",\"item\":\"https:\\\/\\\/www.biotalouskoulutus.fi\\\/\"},{\"@type\":\"ListItem\",\"position\":2,\"name\":\"Leani\u00e4, puurakentamista ja yritysyhteisty\u00f6t\u00e4 &#8211; huhtikuun et\u00e4p\u00e4ivilt\u00e4 potkua kohti p\u00e4\u00e4t\u00f6sseminaaria\"}]},{\"@type\":\"WebSite\",\"@id\":\"https:\\\/\\\/www.biotalouskoulutus.fi\\\/#website\",\"url\":\"https:\\\/\\\/www.biotalouskoulutus.fi\\\/\",\"name\":\"Biotalouden erikoistumiskoulutus It\u00e4-Suomi\",\"description\":\"Biotalouden erikoistumiskoulutus It\u00e4-Suomessa - innovaatioita ja osaamista korkeakoulujen ja yritysen yhteisty\u00f6n\u00e4. Koulutuksen painotukset: mets\u00e4biotalous, biotalouden sivuvirrat, biojalostus ja energiabiotalous.\",\"potentialAction\":[{\"@type\":\"SearchAction\",\"target\":{\"@type\":\"EntryPoint\",\"urlTemplate\":\"https:\\\/\\\/www.biotalouskoulutus.fi\\\/?s={search_term_string}\"},\"query-input\":{\"@type\":\"PropertyValueSpecification\",\"valueRequired\":true,\"valueName\":\"search_term_string\"}}],\"inLanguage\":\"fi\"},{\"@type\":\"Person\",\"@id\":\"https:\\\/\\\/www.biotalouskoulutus.fi\\\/#\\\/schema\\\/person\\\/a91a0d6cfc809a46ad405d2792b06188\",\"name\":\"pirittat\",\"image\":{\"@type\":\"ImageObject\",\"inLanguage\":\"fi\",\"@id\":\"https:\\\/\\\/secure.gravatar.com\\\/avatar\\\/4a266507e0f5fadda56c47446a78ce82fe72bebf9d96e0b05c738843d5f27aa5?s=96&d=mm&r=g\",\"url\":\"https:\\\/\\\/secure.gravatar.com\\\/avatar\\\/4a266507e0f5fadda56c47446a78ce82fe72bebf9d96e0b05c738843d5f27aa5?s=96&d=mm&r=g\",\"contentUrl\":\"https:\\\/\\\/secure.gravatar.com\\\/avatar\\\/4a266507e0f5fadda56c47446a78ce82fe72bebf9d96e0b05c738843d5f27aa5?s=96&d=mm&r=g\",\"caption\":\"pirittat\"},\"url\":\"https:\\\/\\\/blogs2.uef.fi\\\/biotalouskoulutus\\\/author\\\/pirittat\\\/\"}]}<\/script>\n<!-- \/ Yoast SEO plugin. -->","yoast_head_json":{"title":"Leani\u00e4, puurakentamista ja yritysyhteisty\u00f6t\u00e4 - huhtikuun et\u00e4p\u00e4ivilt\u00e4 potkua kohti p\u00e4\u00e4t\u00f6sseminaaria - Biotalouden erikoistumiskoulutus It\u00e4-Suomi","robots":{"index":"index","follow":"follow","max-snippet":"max-snippet:-1","max-image-preview":"max-image-preview:large","max-video-preview":"max-video-preview:-1"},"canonical":"https:\/\/blogs2.uef.fi\/biotalouskoulutus\/leania-puurakentamista-ja-yritysyhteistyota-huhtikuun-etapaivilta-potkua-kohti-paatosseminaaria\/","og_locale":"fi_FI","og_type":"article","og_title":"Leani\u00e4, puurakentamista ja yritysyhteisty\u00f6t\u00e4 - huhtikuun et\u00e4p\u00e4ivilt\u00e4 potkua kohti p\u00e4\u00e4t\u00f6sseminaaria - Biotalouden erikoistumiskoulutus It\u00e4-Suomi","og_description":"Biotalouden erikoistumiskoulutuksen k\u00e4ynniss\u00e4 olevan toteutuksen toiseksi viimeinen kontaktijakso j\u00e4rjestettiin 8.-9.4.2021 Karelia-ammattikorkeakouluvetoisesti. Vallitsevan Covid-19 -tilanteen vuoksi suunnitellut l\u00e4hip\u00e4iv\u00e4t pidettiin et\u00e4n\u00e4 verkon v\u00e4lityksell\u00e4, aivan kuten aiemmatkin l\u00e4hip\u00e4iv\u00e4t t\u00e4m\u00e4n koulutuksen osalta. Kaksi p\u00e4iv\u00e4\u00e4 vietettiin siis tiiviisti niin sanotusti luurit korvilla, mutta se ei tunnelmaa himment\u00e4nyt, sill\u00e4 p\u00e4ivien aikana saatiin kuunnella eritt\u00e4in mielenkiintoisia esityksi\u00e4 ja puheenvuoroja vierailijoiden ja opetushenkil\u00f6st\u00f6n [&hellip;]","og_url":"https:\/\/blogs2.uef.fi\/biotalouskoulutus\/leania-puurakentamista-ja-yritysyhteistyota-huhtikuun-etapaivilta-potkua-kohti-paatosseminaaria\/","og_site_name":"Biotalouden erikoistumiskoulutus It\u00e4-Suomi","article_published_time":"2021-04-19T12:12:30+00:00","article_modified_time":"2022-12-28T12:05:12+00:00","og_image":[{"width":2560,"height":1939,"url":"https:\/\/blogs2.uef.fi\/biotalouskoulutus\/wp-content\/uploads\/sites\/71\/2021\/04\/annie-spratt-gXQCELcnI2U-unsplash-scaled.jpg","type":"image\/jpeg"}],"author":"pirittat","twitter_card":"summary_large_image","twitter_misc":{"Kirjoittanut":"pirittat","Arvioitu lukuaika":"3 minuuttia"},"schema":{"@context":"https:\/\/schema.org","@graph":[{"@type":"Article","@id":"https:\/\/blogs2.uef.fi\/biotalouskoulutus\/leania-puurakentamista-ja-yritysyhteistyota-huhtikuun-etapaivilta-potkua-kohti-paatosseminaaria\/#article","isPartOf":{"@id":"https:\/\/blogs2.uef.fi\/biotalouskoulutus\/leania-puurakentamista-ja-yritysyhteistyota-huhtikuun-etapaivilta-potkua-kohti-paatosseminaaria\/"},"author":{"name":"pirittat","@id":"https:\/\/www.biotalouskoulutus.fi\/#\/schema\/person\/a91a0d6cfc809a46ad405d2792b06188"},"headline":"Leani\u00e4, puurakentamista ja yritysyhteisty\u00f6t\u00e4 &#8211; huhtikuun et\u00e4p\u00e4ivilt\u00e4 potkua kohti p\u00e4\u00e4t\u00f6sseminaaria","datePublished":"2021-04-19T12:12:30+00:00","dateModified":"2022-12-28T12:05:12+00:00","mainEntityOfPage":{"@id":"https:\/\/blogs2.uef.fi\/biotalouskoulutus\/leania-puurakentamista-ja-yritysyhteistyota-huhtikuun-etapaivilta-potkua-kohti-paatosseminaaria\/"},"wordCount":537,"image":{"@id":"https:\/\/blogs2.uef.fi\/biotalouskoulutus\/leania-puurakentamista-ja-yritysyhteistyota-huhtikuun-etapaivilta-potkua-kohti-paatosseminaaria\/#primaryimage"},"thumbnailUrl":"https:\/\/blogs2.uef.fi\/biotalouskoulutus\/wp-content\/uploads\/sites\/71\/2021\/04\/annie-spratt-gXQCELcnI2U-unsplash-scaled.jpg","articleSection":["Biotalouden erikoistumiskoulutus","Kaikki blogit"],"inLanguage":"fi"},{"@type":"WebPage","@id":"https:\/\/blogs2.uef.fi\/biotalouskoulutus\/leania-puurakentamista-ja-yritysyhteistyota-huhtikuun-etapaivilta-potkua-kohti-paatosseminaaria\/","url":"https:\/\/blogs2.uef.fi\/biotalouskoulutus\/leania-puurakentamista-ja-yritysyhteistyota-huhtikuun-etapaivilta-potkua-kohti-paatosseminaaria\/","name":"Leani\u00e4, puurakentamista ja yritysyhteisty\u00f6t\u00e4 - huhtikuun et\u00e4p\u00e4ivilt\u00e4 potkua kohti p\u00e4\u00e4t\u00f6sseminaaria - Biotalouden erikoistumiskoulutus It\u00e4-Suomi","isPartOf":{"@id":"https:\/\/www.biotalouskoulutus.fi\/#website"},"primaryImageOfPage":{"@id":"https:\/\/blogs2.uef.fi\/biotalouskoulutus\/leania-puurakentamista-ja-yritysyhteistyota-huhtikuun-etapaivilta-potkua-kohti-paatosseminaaria\/#primaryimage"},"image":{"@id":"https:\/\/blogs2.uef.fi\/biotalouskoulutus\/leania-puurakentamista-ja-yritysyhteistyota-huhtikuun-etapaivilta-potkua-kohti-paatosseminaaria\/#primaryimage"},"thumbnailUrl":"https:\/\/blogs2.uef.fi\/biotalouskoulutus\/wp-content\/uploads\/sites\/71\/2021\/04\/annie-spratt-gXQCELcnI2U-unsplash-scaled.jpg","datePublished":"2021-04-19T12:12:30+00:00","dateModified":"2022-12-28T12:05:12+00:00","author":{"@id":"https:\/\/www.biotalouskoulutus.fi\/#\/schema\/person\/a91a0d6cfc809a46ad405d2792b06188"},"breadcrumb":{"@id":"https:\/\/blogs2.uef.fi\/biotalouskoulutus\/leania-puurakentamista-ja-yritysyhteistyota-huhtikuun-etapaivilta-potkua-kohti-paatosseminaaria\/#breadcrumb"},"inLanguage":"fi","potentialAction":[{"@type":"ReadAction","target":["https:\/\/blogs2.uef.fi\/biotalouskoulutus\/leania-puurakentamista-ja-yritysyhteistyota-huhtikuun-etapaivilta-potkua-kohti-paatosseminaaria\/"]}]},{"@type":"ImageObject","inLanguage":"fi","@id":"https:\/\/blogs2.uef.fi\/biotalouskoulutus\/leania-puurakentamista-ja-yritysyhteistyota-huhtikuun-etapaivilta-potkua-kohti-paatosseminaaria\/#primaryimage","url":"https:\/\/blogs2.uef.fi\/biotalouskoulutus\/wp-content\/uploads\/sites\/71\/2021\/04\/annie-spratt-gXQCELcnI2U-unsplash-scaled.jpg","contentUrl":"https:\/\/blogs2.uef.fi\/biotalouskoulutus\/wp-content\/uploads\/sites\/71\/2021\/04\/annie-spratt-gXQCELcnI2U-unsplash-scaled.jpg","width":2560,"height":1939},{"@type":"BreadcrumbList","@id":"https:\/\/blogs2.uef.fi\/biotalouskoulutus\/leania-puurakentamista-ja-yritysyhteistyota-huhtikuun-etapaivilta-potkua-kohti-paatosseminaaria\/#breadcrumb","itemListElement":[{"@type":"ListItem","position":1,"name":"Home","item":"https:\/\/www.biotalouskoulutus.fi\/"},{"@type":"ListItem","position":2,"name":"Leani\u00e4, puurakentamista ja yritysyhteisty\u00f6t\u00e4 &#8211; huhtikuun et\u00e4p\u00e4ivilt\u00e4 potkua kohti p\u00e4\u00e4t\u00f6sseminaaria"}]},{"@type":"WebSite","@id":"https:\/\/www.biotalouskoulutus.fi\/#website","url":"https:\/\/www.biotalouskoulutus.fi\/","name":"Biotalouden erikoistumiskoulutus It\u00e4-Suomi","description":"Biotalouden erikoistumiskoulutus It\u00e4-Suomessa - innovaatioita ja osaamista korkeakoulujen ja yritysen yhteisty\u00f6n\u00e4. Koulutuksen painotukset: mets\u00e4biotalous, biotalouden sivuvirrat, biojalostus ja energiabiotalous.","potentialAction":[{"@type":"SearchAction","target":{"@type":"EntryPoint","urlTemplate":"https:\/\/www.biotalouskoulutus.fi\/?s={search_term_string}"},"query-input":{"@type":"PropertyValueSpecification","valueRequired":true,"valueName":"search_term_string"}}],"inLanguage":"fi"},{"@type":"Person","@id":"https:\/\/www.biotalouskoulutus.fi\/#\/schema\/person\/a91a0d6cfc809a46ad405d2792b06188","name":"pirittat","image":{"@type":"ImageObject","inLanguage":"fi","@id":"https:\/\/secure.gravatar.com\/avatar\/4a266507e0f5fadda56c47446a78ce82fe72bebf9d96e0b05c738843d5f27aa5?s=96&d=mm&r=g","url":"https:\/\/secure.gravatar.com\/avatar\/4a266507e0f5fadda56c47446a78ce82fe72bebf9d96e0b05c738843d5f27aa5?s=96&d=mm&r=g","contentUrl":"https:\/\/secure.gravatar.com\/avatar\/4a266507e0f5fadda56c47446a78ce82fe72bebf9d96e0b05c738843d5f27aa5?s=96&d=mm&r=g","caption":"pirittat"},"url":"https:\/\/blogs2.uef.fi\/biotalouskoulutus\/author\/pirittat\/"}]}},"_links":{"self":[{"href":"https:\/\/blogs2.uef.fi\/biotalouskoulutus\/wp-json\/wp\/v2\/posts\/2017","targetHints":{"allow":["GET"]}}],"collection":[{"href":"https:\/\/blogs2.uef.fi\/biotalouskoulutus\/wp-json\/wp\/v2\/posts"}],"about":[{"href":"https:\/\/blogs2.uef.fi\/biotalouskoulutus\/wp-json\/wp\/v2\/types\/post"}],"author":[{"embeddable":true,"href":"https:\/\/blogs2.uef.fi\/biotalouskoulutus\/wp-json\/wp\/v2\/users\/95"}],"replies":[{"embeddable":true,"href":"https:\/\/blogs2.uef.fi\/biotalouskoulutus\/wp-json\/wp\/v2\/comments?post=2017"}],"version-history":[{"count":2,"href":"https:\/\/blogs2.uef.fi\/biotalouskoulutus\/wp-json\/wp\/v2\/posts\/2017\/revisions"}],"predecessor-version":[{"id":2032,"href":"https:\/\/blogs2.uef.fi\/biotalouskoulutus\/wp-json\/wp\/v2\/posts\/2017\/revisions\/2032"}],"wp:featuredmedia":[{"embeddable":true,"href":"https:\/\/blogs2.uef.fi\/biotalouskoulutus\/wp-json\/wp\/v2\/media\/2026"}],"wp:attachment":[{"href":"https:\/\/blogs2.uef.fi\/biotalouskoulutus\/wp-json\/wp\/v2\/media?parent=2017"}],"wp:term":[{"taxonomy":"category","embeddable":true,"href":"https:\/\/blogs2.uef.fi\/biotalouskoulutus\/wp-json\/wp\/v2\/categories?post=2017"},{"taxonomy":"post_tag","embeddable":true,"href":"https:\/\/blogs2.uef.fi\/biotalouskoulutus\/wp-json\/wp\/v2\/tags?post=2017"}],"curies":[{"name":"wp","href":"https:\/\/api.w.org\/{rel}","templated":true}]}}