{"id":2235,"date":"2021-05-28T15:08:38","date_gmt":"2021-05-28T12:08:38","guid":{"rendered":"https:\/\/www.biotalouskoulutusitasuomi.fi\/?p=2235"},"modified":"2021-05-28T15:11:28","modified_gmt":"2021-05-28T12:11:28","slug":"lehti-on-puhjennut-myos-join-bioerkossa","status":"publish","type":"post","link":"https:\/\/blogs2.uef.fi\/biotalouskoulutus\/lehti-on-puhjennut-myos-join-bioerkossa\/","title":{"rendered":"Lehti on puhjennut my\u00f6s Join-Bioerkossa"},"content":{"rendered":"<p>Rauta on nyt kuumana Join-Bioerkossa ja silloinhan sit\u00e4 pit\u00e4\u00e4 takoa. Ajankohtaisimpana asiana nostan biotalouden erikoistumiskoulutuksen <a href=\"https:\/\/www.biotalouskoulutusitasuomi.fi\/koulutus1\/biotalouskoulutus-ita-suomessa\/opetusaikataulu\/paatoswebinaari\/\">p\u00e4\u00e4t\u00f6swebinaarin<\/a> 11.6. klo 9-12. P\u00e4\u00e4t\u00f6swebinaarin teemana on \u201dOsaa, viesti ja vaikuta \u2013 meill\u00e4 luodaan huomisen biotaloutta\u201d. P\u00e4\u00e4t\u00f6swebinaarissa kuulet asiantuntijapuheenvuoroja, miten voit vaikuttaa kansainv\u00e4lisesti ja kansallisesti. T\u00e4rke\u00e4ss\u00e4 roolissa ovat my\u00f6s opiskelijoiden posteriesitykset, joiden avulla he kertovat koulutuksen aikana tekemist\u00e4\u00e4n ty\u00f6el\u00e4m\u00e4\u00e4n kytkeytyneist\u00e4 kehitt\u00e4misprojekteista. Ilmoittautuminen p\u00e4\u00e4t\u00f6swebinaariin on auki 9.6. asti. Tervetuloa mukaan!<\/p>\n<p>J\u00e4rjestimme 26.5. biotalous + vesi -teemaisen et\u00e4aamukahvitilaisuuden, jossa osallistujia oli 25. Alustajina olivat Kuopio Water Cluster (Eero Antikainen) ja BioSO4 (Lasse Moilanen). Lis\u00e4ksi kysyimme Join-Bioerko hankkeen n\u00e4k\u00f6kulmasta, millaista koulutusta olisi tarpeen j\u00e4rjest\u00e4\u00e4 biotalous + vesi -teemassa. T\u00e4h\u00e4n saimmekin hyv\u00e4\u00e4 pohjustusta, sill\u00e4 esim. biohiilen hy\u00f6dynt\u00e4minen suodatuksessa on hyv\u00e4ksi todettu. Erilaiset suodatusmenetelm\u00e4t ja niiden taloudellisuus olisi yksi mahdollinen koulutusteema, johon meill\u00e4 It\u00e4-Suomessa on taitavaa osaamista niin korkeakouluissa kuin yrityksiss\u00e4kin. Seuraavat aamukahvit j\u00e4rjest\u00e4mme elo-, syys- ja lokakuussa.<\/p>\n<p>Maaliskuussa ilmoitimme <a href=\"https:\/\/www.biotalouskoulutusitasuomi.fi\/co-operation-in-bioeconomy-education-development-between-chile-and-finland\/\">yhteisty\u00f6n aloituksesta nelj\u00e4n chilel\u00e4isen yliopiston<\/a> kanssa. Ensimm\u00e4iset yhteisty\u00f6mme hedelm\u00e4t ovat 23.9. klo 16-19 j\u00e4rjestett\u00e4v\u00e4 avoin webinaari \u201dFuture Forest Bioeconomy: joint learning from Finnish and Chilean experience\u201d sek\u00e4 verkkokurssi 27.9.-8.10.2021 \u201dSustainable Solutions for Circular Bio-based World, 5 ECTS\u201d. Keskitymme webinaarissa ja kurssilla ymm\u00e4rt\u00e4m\u00e4\u00e4n mets\u00e4biotalouden tilannetta, tarpeita ja tulevaisuutta niin Chiless\u00e4 kuin Suomessa. N\u00e4ist\u00e4 tulemme laittamaan lis\u00e4tietoa verkkosivuillemme.<\/p>\n<p>L\u00f6yd\u00e4t meid\u00e4t nyt my\u00f6s <a href=\"https:\/\/www.linkedin.com\/company\/bioerko-it%C3%A4-suomi\">LinkedIn:st\u00e4<\/a>, joten tervetuloa seuraamaan!<\/p>\n<p>&nbsp;<\/p>\n<p><em>Kirjoittanut Piritta Torssonen, Join-Bioerkon projektip\u00e4\u00e4llikk\u00f6, It\u00e4-Suomen yliopisto<\/em><\/p>\n","protected":false},"excerpt":{"rendered":"<p>Rauta on nyt kuumana Join-Bioerkossa ja silloinhan sit\u00e4 pit\u00e4\u00e4 takoa. Ajankohtaisimpana asiana nostan biotalouden erikoistumiskoulutuksen p\u00e4\u00e4t\u00f6swebinaarin 11.6. klo 9-12. P\u00e4\u00e4t\u00f6swebinaarin teemana on \u201dOsaa, viesti ja vaikuta \u2013 meill\u00e4 luodaan huomisen biotaloutta\u201d. P\u00e4\u00e4t\u00f6swebinaarissa kuulet asiantuntijapuheenvuoroja, miten voit vaikuttaa kansainv\u00e4lisesti ja kansallisesti. T\u00e4rke\u00e4ss\u00e4 roolissa ovat my\u00f6s opiskelijoiden posteriesitykset, joiden avulla he kertovat koulutuksen aikana tekemist\u00e4\u00e4n ty\u00f6el\u00e4m\u00e4\u00e4n kytkeytyneist\u00e4 [&hellip;]<\/p>\n","protected":false},"author":95,"featured_media":2244,"comment_status":"closed","ping_status":"closed","sticky":false,"template":"","format":"standard","meta":{"_acf_changed":false,"_relevanssi_hide_post":"","_relevanssi_hide_content":"","_relevanssi_pin_for_all":"","_relevanssi_pin_keywords":"","_relevanssi_unpin_keywords":"","_relevanssi_related_keywords":"","_relevanssi_related_include_ids":"","_relevanssi_related_exclude_ids":"","_relevanssi_related_no_append":"","_relevanssi_related_not_related":"","_relevanssi_related_posts":"","_relevanssi_noindex_reason":"","footnotes":""},"categories":[1],"tags":[57,144],"class_list":["post-2235","post","type-post","status-publish","format-standard","has-post-thumbnail","hentry","category-kaikki","tag-biotalouskoulutus","tag-kansainvalinen"],"acf":[],"yoast_head":"<!-- This site is optimized with the Yoast SEO plugin v27.3 - https:\/\/yoast.com\/product\/yoast-seo-wordpress\/ -->\n<title>Lehti on puhjennut my\u00f6s Join-Bioerkossa - Biotalouden erikoistumiskoulutus It\u00e4-Suomi<\/title>\n<meta name=\"robots\" content=\"index, follow, max-snippet:-1, max-image-preview:large, max-video-preview:-1\" \/>\n<link rel=\"canonical\" href=\"https:\/\/blogs2.uef.fi\/biotalouskoulutus\/lehti-on-puhjennut-myos-join-bioerkossa\/\" \/>\n<meta property=\"og:locale\" content=\"fi_FI\" \/>\n<meta property=\"og:type\" content=\"article\" \/>\n<meta property=\"og:title\" content=\"Lehti on puhjennut my\u00f6s Join-Bioerkossa - Biotalouden erikoistumiskoulutus It\u00e4-Suomi\" \/>\n<meta property=\"og:description\" content=\"Rauta on nyt kuumana Join-Bioerkossa ja silloinhan sit\u00e4 pit\u00e4\u00e4 takoa. Ajankohtaisimpana asiana nostan biotalouden erikoistumiskoulutuksen p\u00e4\u00e4t\u00f6swebinaarin 11.6. klo 9-12. P\u00e4\u00e4t\u00f6swebinaarin teemana on \u201dOsaa, viesti ja vaikuta \u2013 meill\u00e4 luodaan huomisen biotaloutta\u201d. P\u00e4\u00e4t\u00f6swebinaarissa kuulet asiantuntijapuheenvuoroja, miten voit vaikuttaa kansainv\u00e4lisesti ja kansallisesti. T\u00e4rke\u00e4ss\u00e4 roolissa ovat my\u00f6s opiskelijoiden posteriesitykset, joiden avulla he kertovat koulutuksen aikana tekemist\u00e4\u00e4n ty\u00f6el\u00e4m\u00e4\u00e4n kytkeytyneist\u00e4 [&hellip;]\" \/>\n<meta property=\"og:url\" content=\"https:\/\/blogs2.uef.fi\/biotalouskoulutus\/lehti-on-puhjennut-myos-join-bioerkossa\/\" \/>\n<meta property=\"og:site_name\" content=\"Biotalouden erikoistumiskoulutus It\u00e4-Suomi\" \/>\n<meta property=\"article:published_time\" content=\"2021-05-28T12:08:38+00:00\" \/>\n<meta property=\"article:modified_time\" content=\"2021-05-28T12:11:28+00:00\" \/>\n<meta property=\"og:image\" content=\"https:\/\/blogs2.uef.fi\/biotalouskoulutus\/wp-content\/uploads\/sites\/71\/2021\/05\/Pawel-Franke-unsplash-scaled.jpg\" \/>\n\t<meta property=\"og:image:width\" content=\"2560\" \/>\n\t<meta property=\"og:image:height\" content=\"1709\" \/>\n\t<meta property=\"og:image:type\" content=\"image\/jpeg\" \/>\n<meta name=\"author\" content=\"pirittat\" \/>\n<meta name=\"twitter:card\" content=\"summary_large_image\" \/>\n<meta name=\"twitter:label1\" content=\"Kirjoittanut\" \/>\n\t<meta name=\"twitter:data1\" content=\"pirittat\" \/>\n\t<meta name=\"twitter:label2\" content=\"Arvioitu lukuaika\" \/>\n\t<meta name=\"twitter:data2\" content=\"1 minuutti\" \/>\n<script type=\"application\/ld+json\" class=\"yoast-schema-graph\">{\"@context\":\"https:\\\/\\\/schema.org\",\"@graph\":[{\"@type\":\"Article\",\"@id\":\"https:\\\/\\\/blogs2.uef.fi\\\/biotalouskoulutus\\\/lehti-on-puhjennut-myos-join-bioerkossa\\\/#article\",\"isPartOf\":{\"@id\":\"https:\\\/\\\/blogs2.uef.fi\\\/biotalouskoulutus\\\/lehti-on-puhjennut-myos-join-bioerkossa\\\/\"},\"author\":{\"name\":\"pirittat\",\"@id\":\"https:\\\/\\\/www.biotalouskoulutus.fi\\\/#\\\/schema\\\/person\\\/a91a0d6cfc809a46ad405d2792b06188\"},\"headline\":\"Lehti on puhjennut my\u00f6s Join-Bioerkossa\",\"datePublished\":\"2021-05-28T12:08:38+00:00\",\"dateModified\":\"2021-05-28T12:11:28+00:00\",\"mainEntityOfPage\":{\"@id\":\"https:\\\/\\\/blogs2.uef.fi\\\/biotalouskoulutus\\\/lehti-on-puhjennut-myos-join-bioerkossa\\\/\"},\"wordCount\":263,\"image\":{\"@id\":\"https:\\\/\\\/blogs2.uef.fi\\\/biotalouskoulutus\\\/lehti-on-puhjennut-myos-join-bioerkossa\\\/#primaryimage\"},\"thumbnailUrl\":\"https:\\\/\\\/blogs2.uef.fi\\\/biotalouskoulutus\\\/wp-content\\\/uploads\\\/sites\\\/71\\\/2021\\\/05\\\/Pawel-Franke-unsplash-scaled.jpg\",\"keywords\":[\"biotalouskoulutus\",\"kansainv\u00e4linen\"],\"articleSection\":[\"Kaikki blogit\"],\"inLanguage\":\"fi\"},{\"@type\":\"WebPage\",\"@id\":\"https:\\\/\\\/blogs2.uef.fi\\\/biotalouskoulutus\\\/lehti-on-puhjennut-myos-join-bioerkossa\\\/\",\"url\":\"https:\\\/\\\/blogs2.uef.fi\\\/biotalouskoulutus\\\/lehti-on-puhjennut-myos-join-bioerkossa\\\/\",\"name\":\"Lehti on puhjennut my\u00f6s Join-Bioerkossa - Biotalouden erikoistumiskoulutus It\u00e4-Suomi\",\"isPartOf\":{\"@id\":\"https:\\\/\\\/www.biotalouskoulutus.fi\\\/#website\"},\"primaryImageOfPage\":{\"@id\":\"https:\\\/\\\/blogs2.uef.fi\\\/biotalouskoulutus\\\/lehti-on-puhjennut-myos-join-bioerkossa\\\/#primaryimage\"},\"image\":{\"@id\":\"https:\\\/\\\/blogs2.uef.fi\\\/biotalouskoulutus\\\/lehti-on-puhjennut-myos-join-bioerkossa\\\/#primaryimage\"},\"thumbnailUrl\":\"https:\\\/\\\/blogs2.uef.fi\\\/biotalouskoulutus\\\/wp-content\\\/uploads\\\/sites\\\/71\\\/2021\\\/05\\\/Pawel-Franke-unsplash-scaled.jpg\",\"datePublished\":\"2021-05-28T12:08:38+00:00\",\"dateModified\":\"2021-05-28T12:11:28+00:00\",\"author\":{\"@id\":\"https:\\\/\\\/www.biotalouskoulutus.fi\\\/#\\\/schema\\\/person\\\/a91a0d6cfc809a46ad405d2792b06188\"},\"breadcrumb\":{\"@id\":\"https:\\\/\\\/blogs2.uef.fi\\\/biotalouskoulutus\\\/lehti-on-puhjennut-myos-join-bioerkossa\\\/#breadcrumb\"},\"inLanguage\":\"fi\",\"potentialAction\":[{\"@type\":\"ReadAction\",\"target\":[\"https:\\\/\\\/blogs2.uef.fi\\\/biotalouskoulutus\\\/lehti-on-puhjennut-myos-join-bioerkossa\\\/\"]}]},{\"@type\":\"ImageObject\",\"inLanguage\":\"fi\",\"@id\":\"https:\\\/\\\/blogs2.uef.fi\\\/biotalouskoulutus\\\/lehti-on-puhjennut-myos-join-bioerkossa\\\/#primaryimage\",\"url\":\"https:\\\/\\\/blogs2.uef.fi\\\/biotalouskoulutus\\\/wp-content\\\/uploads\\\/sites\\\/71\\\/2021\\\/05\\\/Pawel-Franke-unsplash-scaled.jpg\",\"contentUrl\":\"https:\\\/\\\/blogs2.uef.fi\\\/biotalouskoulutus\\\/wp-content\\\/uploads\\\/sites\\\/71\\\/2021\\\/05\\\/Pawel-Franke-unsplash-scaled.jpg\",\"width\":2560,\"height\":1709,\"caption\":\"Koivumets\u00e4\"},{\"@type\":\"BreadcrumbList\",\"@id\":\"https:\\\/\\\/blogs2.uef.fi\\\/biotalouskoulutus\\\/lehti-on-puhjennut-myos-join-bioerkossa\\\/#breadcrumb\",\"itemListElement\":[{\"@type\":\"ListItem\",\"position\":1,\"name\":\"Home\",\"item\":\"https:\\\/\\\/www.biotalouskoulutus.fi\\\/\"},{\"@type\":\"ListItem\",\"position\":2,\"name\":\"Lehti on puhjennut my\u00f6s Join-Bioerkossa\"}]},{\"@type\":\"WebSite\",\"@id\":\"https:\\\/\\\/www.biotalouskoulutus.fi\\\/#website\",\"url\":\"https:\\\/\\\/www.biotalouskoulutus.fi\\\/\",\"name\":\"Biotalouden erikoistumiskoulutus It\u00e4-Suomi\",\"description\":\"Biotalouden erikoistumiskoulutus It\u00e4-Suomessa - innovaatioita ja osaamista korkeakoulujen ja yritysen yhteisty\u00f6n\u00e4. Koulutuksen painotukset: mets\u00e4biotalous, biotalouden sivuvirrat, biojalostus ja energiabiotalous.\",\"potentialAction\":[{\"@type\":\"SearchAction\",\"target\":{\"@type\":\"EntryPoint\",\"urlTemplate\":\"https:\\\/\\\/www.biotalouskoulutus.fi\\\/?s={search_term_string}\"},\"query-input\":{\"@type\":\"PropertyValueSpecification\",\"valueRequired\":true,\"valueName\":\"search_term_string\"}}],\"inLanguage\":\"fi\"},{\"@type\":\"Person\",\"@id\":\"https:\\\/\\\/www.biotalouskoulutus.fi\\\/#\\\/schema\\\/person\\\/a91a0d6cfc809a46ad405d2792b06188\",\"name\":\"pirittat\",\"image\":{\"@type\":\"ImageObject\",\"inLanguage\":\"fi\",\"@id\":\"https:\\\/\\\/secure.gravatar.com\\\/avatar\\\/4a266507e0f5fadda56c47446a78ce82fe72bebf9d96e0b05c738843d5f27aa5?s=96&d=mm&r=g\",\"url\":\"https:\\\/\\\/secure.gravatar.com\\\/avatar\\\/4a266507e0f5fadda56c47446a78ce82fe72bebf9d96e0b05c738843d5f27aa5?s=96&d=mm&r=g\",\"contentUrl\":\"https:\\\/\\\/secure.gravatar.com\\\/avatar\\\/4a266507e0f5fadda56c47446a78ce82fe72bebf9d96e0b05c738843d5f27aa5?s=96&d=mm&r=g\",\"caption\":\"pirittat\"},\"url\":\"https:\\\/\\\/blogs2.uef.fi\\\/biotalouskoulutus\\\/author\\\/pirittat\\\/\"}]}<\/script>\n<!-- \/ Yoast SEO plugin. -->","yoast_head_json":{"title":"Lehti on puhjennut my\u00f6s Join-Bioerkossa - Biotalouden erikoistumiskoulutus It\u00e4-Suomi","robots":{"index":"index","follow":"follow","max-snippet":"max-snippet:-1","max-image-preview":"max-image-preview:large","max-video-preview":"max-video-preview:-1"},"canonical":"https:\/\/blogs2.uef.fi\/biotalouskoulutus\/lehti-on-puhjennut-myos-join-bioerkossa\/","og_locale":"fi_FI","og_type":"article","og_title":"Lehti on puhjennut my\u00f6s Join-Bioerkossa - Biotalouden erikoistumiskoulutus It\u00e4-Suomi","og_description":"Rauta on nyt kuumana Join-Bioerkossa ja silloinhan sit\u00e4 pit\u00e4\u00e4 takoa. Ajankohtaisimpana asiana nostan biotalouden erikoistumiskoulutuksen p\u00e4\u00e4t\u00f6swebinaarin 11.6. klo 9-12. P\u00e4\u00e4t\u00f6swebinaarin teemana on \u201dOsaa, viesti ja vaikuta \u2013 meill\u00e4 luodaan huomisen biotaloutta\u201d. P\u00e4\u00e4t\u00f6swebinaarissa kuulet asiantuntijapuheenvuoroja, miten voit vaikuttaa kansainv\u00e4lisesti ja kansallisesti. T\u00e4rke\u00e4ss\u00e4 roolissa ovat my\u00f6s opiskelijoiden posteriesitykset, joiden avulla he kertovat koulutuksen aikana tekemist\u00e4\u00e4n ty\u00f6el\u00e4m\u00e4\u00e4n kytkeytyneist\u00e4 [&hellip;]","og_url":"https:\/\/blogs2.uef.fi\/biotalouskoulutus\/lehti-on-puhjennut-myos-join-bioerkossa\/","og_site_name":"Biotalouden erikoistumiskoulutus It\u00e4-Suomi","article_published_time":"2021-05-28T12:08:38+00:00","article_modified_time":"2021-05-28T12:11:28+00:00","og_image":[{"width":2560,"height":1709,"url":"https:\/\/blogs2.uef.fi\/biotalouskoulutus\/wp-content\/uploads\/sites\/71\/2021\/05\/Pawel-Franke-unsplash-scaled.jpg","type":"image\/jpeg"}],"author":"pirittat","twitter_card":"summary_large_image","twitter_misc":{"Kirjoittanut":"pirittat","Arvioitu lukuaika":"1 minuutti"},"schema":{"@context":"https:\/\/schema.org","@graph":[{"@type":"Article","@id":"https:\/\/blogs2.uef.fi\/biotalouskoulutus\/lehti-on-puhjennut-myos-join-bioerkossa\/#article","isPartOf":{"@id":"https:\/\/blogs2.uef.fi\/biotalouskoulutus\/lehti-on-puhjennut-myos-join-bioerkossa\/"},"author":{"name":"pirittat","@id":"https:\/\/www.biotalouskoulutus.fi\/#\/schema\/person\/a91a0d6cfc809a46ad405d2792b06188"},"headline":"Lehti on puhjennut my\u00f6s Join-Bioerkossa","datePublished":"2021-05-28T12:08:38+00:00","dateModified":"2021-05-28T12:11:28+00:00","mainEntityOfPage":{"@id":"https:\/\/blogs2.uef.fi\/biotalouskoulutus\/lehti-on-puhjennut-myos-join-bioerkossa\/"},"wordCount":263,"image":{"@id":"https:\/\/blogs2.uef.fi\/biotalouskoulutus\/lehti-on-puhjennut-myos-join-bioerkossa\/#primaryimage"},"thumbnailUrl":"https:\/\/blogs2.uef.fi\/biotalouskoulutus\/wp-content\/uploads\/sites\/71\/2021\/05\/Pawel-Franke-unsplash-scaled.jpg","keywords":["biotalouskoulutus","kansainv\u00e4linen"],"articleSection":["Kaikki blogit"],"inLanguage":"fi"},{"@type":"WebPage","@id":"https:\/\/blogs2.uef.fi\/biotalouskoulutus\/lehti-on-puhjennut-myos-join-bioerkossa\/","url":"https:\/\/blogs2.uef.fi\/biotalouskoulutus\/lehti-on-puhjennut-myos-join-bioerkossa\/","name":"Lehti on puhjennut my\u00f6s Join-Bioerkossa - Biotalouden erikoistumiskoulutus It\u00e4-Suomi","isPartOf":{"@id":"https:\/\/www.biotalouskoulutus.fi\/#website"},"primaryImageOfPage":{"@id":"https:\/\/blogs2.uef.fi\/biotalouskoulutus\/lehti-on-puhjennut-myos-join-bioerkossa\/#primaryimage"},"image":{"@id":"https:\/\/blogs2.uef.fi\/biotalouskoulutus\/lehti-on-puhjennut-myos-join-bioerkossa\/#primaryimage"},"thumbnailUrl":"https:\/\/blogs2.uef.fi\/biotalouskoulutus\/wp-content\/uploads\/sites\/71\/2021\/05\/Pawel-Franke-unsplash-scaled.jpg","datePublished":"2021-05-28T12:08:38+00:00","dateModified":"2021-05-28T12:11:28+00:00","author":{"@id":"https:\/\/www.biotalouskoulutus.fi\/#\/schema\/person\/a91a0d6cfc809a46ad405d2792b06188"},"breadcrumb":{"@id":"https:\/\/blogs2.uef.fi\/biotalouskoulutus\/lehti-on-puhjennut-myos-join-bioerkossa\/#breadcrumb"},"inLanguage":"fi","potentialAction":[{"@type":"ReadAction","target":["https:\/\/blogs2.uef.fi\/biotalouskoulutus\/lehti-on-puhjennut-myos-join-bioerkossa\/"]}]},{"@type":"ImageObject","inLanguage":"fi","@id":"https:\/\/blogs2.uef.fi\/biotalouskoulutus\/lehti-on-puhjennut-myos-join-bioerkossa\/#primaryimage","url":"https:\/\/blogs2.uef.fi\/biotalouskoulutus\/wp-content\/uploads\/sites\/71\/2021\/05\/Pawel-Franke-unsplash-scaled.jpg","contentUrl":"https:\/\/blogs2.uef.fi\/biotalouskoulutus\/wp-content\/uploads\/sites\/71\/2021\/05\/Pawel-Franke-unsplash-scaled.jpg","width":2560,"height":1709,"caption":"Koivumets\u00e4"},{"@type":"BreadcrumbList","@id":"https:\/\/blogs2.uef.fi\/biotalouskoulutus\/lehti-on-puhjennut-myos-join-bioerkossa\/#breadcrumb","itemListElement":[{"@type":"ListItem","position":1,"name":"Home","item":"https:\/\/www.biotalouskoulutus.fi\/"},{"@type":"ListItem","position":2,"name":"Lehti on puhjennut my\u00f6s Join-Bioerkossa"}]},{"@type":"WebSite","@id":"https:\/\/www.biotalouskoulutus.fi\/#website","url":"https:\/\/www.biotalouskoulutus.fi\/","name":"Biotalouden erikoistumiskoulutus It\u00e4-Suomi","description":"Biotalouden erikoistumiskoulutus It\u00e4-Suomessa - innovaatioita ja osaamista korkeakoulujen ja yritysen yhteisty\u00f6n\u00e4. Koulutuksen painotukset: mets\u00e4biotalous, biotalouden sivuvirrat, biojalostus ja energiabiotalous.","potentialAction":[{"@type":"SearchAction","target":{"@type":"EntryPoint","urlTemplate":"https:\/\/www.biotalouskoulutus.fi\/?s={search_term_string}"},"query-input":{"@type":"PropertyValueSpecification","valueRequired":true,"valueName":"search_term_string"}}],"inLanguage":"fi"},{"@type":"Person","@id":"https:\/\/www.biotalouskoulutus.fi\/#\/schema\/person\/a91a0d6cfc809a46ad405d2792b06188","name":"pirittat","image":{"@type":"ImageObject","inLanguage":"fi","@id":"https:\/\/secure.gravatar.com\/avatar\/4a266507e0f5fadda56c47446a78ce82fe72bebf9d96e0b05c738843d5f27aa5?s=96&d=mm&r=g","url":"https:\/\/secure.gravatar.com\/avatar\/4a266507e0f5fadda56c47446a78ce82fe72bebf9d96e0b05c738843d5f27aa5?s=96&d=mm&r=g","contentUrl":"https:\/\/secure.gravatar.com\/avatar\/4a266507e0f5fadda56c47446a78ce82fe72bebf9d96e0b05c738843d5f27aa5?s=96&d=mm&r=g","caption":"pirittat"},"url":"https:\/\/blogs2.uef.fi\/biotalouskoulutus\/author\/pirittat\/"}]}},"_links":{"self":[{"href":"https:\/\/blogs2.uef.fi\/biotalouskoulutus\/wp-json\/wp\/v2\/posts\/2235","targetHints":{"allow":["GET"]}}],"collection":[{"href":"https:\/\/blogs2.uef.fi\/biotalouskoulutus\/wp-json\/wp\/v2\/posts"}],"about":[{"href":"https:\/\/blogs2.uef.fi\/biotalouskoulutus\/wp-json\/wp\/v2\/types\/post"}],"author":[{"embeddable":true,"href":"https:\/\/blogs2.uef.fi\/biotalouskoulutus\/wp-json\/wp\/v2\/users\/95"}],"replies":[{"embeddable":true,"href":"https:\/\/blogs2.uef.fi\/biotalouskoulutus\/wp-json\/wp\/v2\/comments?post=2235"}],"version-history":[{"count":3,"href":"https:\/\/blogs2.uef.fi\/biotalouskoulutus\/wp-json\/wp\/v2\/posts\/2235\/revisions"}],"predecessor-version":[{"id":2262,"href":"https:\/\/blogs2.uef.fi\/biotalouskoulutus\/wp-json\/wp\/v2\/posts\/2235\/revisions\/2262"}],"wp:featuredmedia":[{"embeddable":true,"href":"https:\/\/blogs2.uef.fi\/biotalouskoulutus\/wp-json\/wp\/v2\/media\/2244"}],"wp:attachment":[{"href":"https:\/\/blogs2.uef.fi\/biotalouskoulutus\/wp-json\/wp\/v2\/media?parent=2235"}],"wp:term":[{"taxonomy":"category","embeddable":true,"href":"https:\/\/blogs2.uef.fi\/biotalouskoulutus\/wp-json\/wp\/v2\/categories?post=2235"},{"taxonomy":"post_tag","embeddable":true,"href":"https:\/\/blogs2.uef.fi\/biotalouskoulutus\/wp-json\/wp\/v2\/tags?post=2235"}],"curies":[{"name":"wp","href":"https:\/\/api.w.org\/{rel}","templated":true}]}}