{"id":2515,"date":"2021-06-29T07:27:29","date_gmt":"2021-06-29T04:27:29","guid":{"rendered":"https:\/\/www.biotalouskoulutusitasuomi.fi\/?p=2515"},"modified":"2022-12-28T14:05:11","modified_gmt":"2022-12-28T12:05:11","slug":"paatoswebinaarin-satoa","status":"publish","type":"post","link":"https:\/\/blogs2.uef.fi\/biotalouskoulutus\/paatoswebinaarin-satoa\/","title":{"rendered":"P\u00e4\u00e4t\u00f6swebinaarin satoa"},"content":{"rendered":"<p>Biotalouden erikoistumiskoulutuksen p\u00e4\u00e4t\u00f6stilaisuus j\u00e4rjestettiin kes\u00e4kuussa toista kertaa. T\u00e4ll\u00e4 kertaa tilaisuus toteutettiin puolip\u00e4iv\u00e4isen\u00e4 webinaarina, jonka teemana oli \u201dOsaa, viesti ja vaikuta \u2013 meill\u00e4 luodaan huomisen biotaloutta\u201d. Moni opiskelija on kertonut saaneensa biotalouden erikoistumiskoulutuksesta ev\u00e4it\u00e4 sek\u00e4 yrityksen sis\u00e4iseen ett\u00e4 ulkoiseen viestint\u00e4\u00e4n. T\u00e4m\u00e4n vuoksi halusimme kytke\u00e4 osaamisen kehittymisen viestint\u00e4\u00e4n ja vaikuttamiseen.<\/p>\n<p>Webinaarissa kuultiin kolme asiantuntijapuheenvuoroa, joiden v\u00e4liss\u00e4 opiskelijat p\u00e4\u00e4siv\u00e4t esittelem\u00e4\u00e4n biotalouden kehitt\u00e4misprojekteja. It\u00e4-Suomen yliopiston professori Irmeli Mustalahti k\u00e4sitteli puheenvuorossaan \u201dLocally responsive, globally responsible: Ylh\u00e4\u00e4lt\u00e4 ohjatusta vastuuttamisesta kohti vuorovaikutteista kest\u00e4vyysmurrosta\u201d kansalaisten vastuullisuuden tukemista tien\u00e4 kest\u00e4vyyssiirtym\u00e4\u00e4n. Bioenergia ry:n toimitusjohtaja Harri Laurikka kertoi omasta n\u00e4k\u00f6kulmastaan vaikuttamisesta otsikolla \u201dSukellus ilmastopolitiikasta biotalouteen\u201d. Harrin puheenvuorosta t\u00e4lle kuulijalle j\u00e4i yhten\u00e4 t\u00e4rkeimmist\u00e4 viesteist\u00e4 mieleen se, ett\u00e4 vaikuttavien p\u00e4\u00e4t\u00f6sten aikaansaamiseksi tarvitaan yhteisty\u00f6t\u00e4 enemm\u00e4n kuin vastakkainasettelua. Kolmannessa puheenvuorossa \u201dVaikuttamisen ABC ja D\u201d Joensuun kaupungin strategiajohtaja Sami Laakkonen k\u00e4vi k\u00e4yt\u00e4nn\u00f6n asioita, joita on hyv\u00e4 huomioida vaikuttamisessa, mm. tavoitteiden kirkastaminen, p\u00e4\u00e4t\u00f6ksentekij\u00e4t ja aikataulut.<\/p>\n<p>Opiskelijoiden kehitt\u00e4misprojektit olivat eritt\u00e4in monipuolinen kattaus bio- ja kiertotalouden n\u00e4k\u00f6kulmia ja kehitt\u00e4mistarpeita. Osaan teht\u00e4vist\u00e4 voit tutustua <a href=\"https:\/\/www.biotalouskoulutusitasuomi.fi\/koulutus1\/biotalouden-erikoistumiskoulutus-2020-2022\/\">t\u00e4\u00e4ll\u00e4<\/a>. Kaikki projektiteht\u00e4v\u00e4t eiv\u00e4t ole viel\u00e4 valmiita, sill\u00e4 t\u00e4lle koulutukselle ominaisesti opiskelijat tekev\u00e4t projektejaan omaan tahtiin. T\u00e4ll\u00e4 kertaa esiteltyihin aiheisiin mahtui mm. puurakentamista, mets\u00e4nhoitoa, p\u00e4\u00e4st\u00f6kompensaatioita, ajovoima-akkujen kierr\u00e4tyst\u00e4, Green Care -toimintaa sek\u00e4 luonnontuotteita. N\u00e4idenkin kehitt\u00e4misprojektien perusteella on melko turvallista todeta, ett\u00e4 biotalous on eritt\u00e4in monialaista ja monella tapaa l\u00e4sn\u00e4 arjessamme.<\/p>\n<p><em>Kirjoittanut\u00a0<\/em><em>Laura Tomppo, yliopistotutkija, UEF<\/em><\/p>\n","protected":false},"excerpt":{"rendered":"<p>Biotalouden erikoistumiskoulutuksen p\u00e4\u00e4t\u00f6stilaisuus j\u00e4rjestettiin kes\u00e4kuussa toista kertaa. T\u00e4ll\u00e4 kertaa tilaisuus toteutettiin puolip\u00e4iv\u00e4isen\u00e4 webinaarina, jonka teemana oli \u201dOsaa, viesti ja vaikuta \u2013 meill\u00e4 luodaan huomisen biotaloutta\u201d. Moni opiskelija on kertonut saaneensa biotalouden erikoistumiskoulutuksesta ev\u00e4it\u00e4 sek\u00e4 yrityksen sis\u00e4iseen ett\u00e4 ulkoiseen viestint\u00e4\u00e4n. T\u00e4m\u00e4n vuoksi halusimme kytke\u00e4 osaamisen kehittymisen viestint\u00e4\u00e4n ja vaikuttamiseen. Webinaarissa kuultiin kolme asiantuntijapuheenvuoroa, joiden v\u00e4liss\u00e4 opiskelijat [&hellip;]<\/p>\n","protected":false},"author":265,"featured_media":2518,"comment_status":"closed","ping_status":"closed","sticky":false,"template":"","format":"standard","meta":{"_acf_changed":false,"_relevanssi_hide_post":"","_relevanssi_hide_content":"","_relevanssi_pin_for_all":"","_relevanssi_pin_keywords":"","_relevanssi_unpin_keywords":"","_relevanssi_related_keywords":"","_relevanssi_related_include_ids":"","_relevanssi_related_exclude_ids":"","_relevanssi_related_no_append":"","_relevanssi_related_not_related":"","_relevanssi_related_posts":"","_relevanssi_noindex_reason":"","footnotes":""},"categories":[159,1],"tags":[],"class_list":["post-2515","post","type-post","status-publish","format-standard","has-post-thumbnail","hentry","category-biotalouden-erikoistumiskoulutus","category-kaikki"],"acf":[],"yoast_head":"<!-- This site is optimized with the Yoast SEO plugin v27.3 - https:\/\/yoast.com\/product\/yoast-seo-wordpress\/ -->\n<title>P\u00e4\u00e4t\u00f6swebinaarin satoa - Biotalouden erikoistumiskoulutus It\u00e4-Suomi<\/title>\n<meta name=\"robots\" content=\"index, follow, max-snippet:-1, max-image-preview:large, max-video-preview:-1\" \/>\n<link rel=\"canonical\" href=\"https:\/\/blogs2.uef.fi\/biotalouskoulutus\/paatoswebinaarin-satoa\/\" \/>\n<meta property=\"og:locale\" content=\"fi_FI\" \/>\n<meta property=\"og:type\" content=\"article\" \/>\n<meta property=\"og:title\" content=\"P\u00e4\u00e4t\u00f6swebinaarin satoa - Biotalouden erikoistumiskoulutus It\u00e4-Suomi\" \/>\n<meta property=\"og:description\" content=\"Biotalouden erikoistumiskoulutuksen p\u00e4\u00e4t\u00f6stilaisuus j\u00e4rjestettiin kes\u00e4kuussa toista kertaa. T\u00e4ll\u00e4 kertaa tilaisuus toteutettiin puolip\u00e4iv\u00e4isen\u00e4 webinaarina, jonka teemana oli \u201dOsaa, viesti ja vaikuta \u2013 meill\u00e4 luodaan huomisen biotaloutta\u201d. Moni opiskelija on kertonut saaneensa biotalouden erikoistumiskoulutuksesta ev\u00e4it\u00e4 sek\u00e4 yrityksen sis\u00e4iseen ett\u00e4 ulkoiseen viestint\u00e4\u00e4n. T\u00e4m\u00e4n vuoksi halusimme kytke\u00e4 osaamisen kehittymisen viestint\u00e4\u00e4n ja vaikuttamiseen. Webinaarissa kuultiin kolme asiantuntijapuheenvuoroa, joiden v\u00e4liss\u00e4 opiskelijat [&hellip;]\" \/>\n<meta property=\"og:url\" content=\"https:\/\/blogs2.uef.fi\/biotalouskoulutus\/paatoswebinaarin-satoa\/\" \/>\n<meta property=\"og:site_name\" content=\"Biotalouden erikoistumiskoulutus It\u00e4-Suomi\" \/>\n<meta property=\"article:published_time\" content=\"2021-06-29T04:27:29+00:00\" \/>\n<meta property=\"article:modified_time\" content=\"2022-12-28T12:05:11+00:00\" \/>\n<meta property=\"og:image\" content=\"https:\/\/blogs2.uef.fi\/biotalouskoulutus\/wp-content\/uploads\/sites\/71\/2021\/06\/crystal-jo-6tWIIjG8VhY-unsplash-scaled.jpg\" \/>\n\t<meta property=\"og:image:width\" content=\"1707\" \/>\n\t<meta property=\"og:image:height\" content=\"2560\" \/>\n\t<meta property=\"og:image:type\" content=\"image\/jpeg\" \/>\n<meta name=\"author\" content=\"lekokkon\" \/>\n<meta name=\"twitter:card\" content=\"summary_large_image\" \/>\n<meta name=\"twitter:label1\" content=\"Kirjoittanut\" \/>\n\t<meta name=\"twitter:data1\" content=\"lekokkon\" \/>\n\t<meta name=\"twitter:label2\" content=\"Arvioitu lukuaika\" \/>\n\t<meta name=\"twitter:data2\" content=\"1 minuutti\" \/>\n<script type=\"application\/ld+json\" class=\"yoast-schema-graph\">{\"@context\":\"https:\\\/\\\/schema.org\",\"@graph\":[{\"@type\":\"Article\",\"@id\":\"https:\\\/\\\/blogs2.uef.fi\\\/biotalouskoulutus\\\/paatoswebinaarin-satoa\\\/#article\",\"isPartOf\":{\"@id\":\"https:\\\/\\\/blogs2.uef.fi\\\/biotalouskoulutus\\\/paatoswebinaarin-satoa\\\/\"},\"author\":{\"name\":\"lekokkon\",\"@id\":\"https:\\\/\\\/www.biotalouskoulutus.fi\\\/#\\\/schema\\\/person\\\/e9c1516e752dc1d9b3bd607c8ac81441\"},\"headline\":\"P\u00e4\u00e4t\u00f6swebinaarin satoa\",\"datePublished\":\"2021-06-29T04:27:29+00:00\",\"dateModified\":\"2022-12-28T12:05:11+00:00\",\"mainEntityOfPage\":{\"@id\":\"https:\\\/\\\/blogs2.uef.fi\\\/biotalouskoulutus\\\/paatoswebinaarin-satoa\\\/\"},\"wordCount\":273,\"image\":{\"@id\":\"https:\\\/\\\/blogs2.uef.fi\\\/biotalouskoulutus\\\/paatoswebinaarin-satoa\\\/#primaryimage\"},\"thumbnailUrl\":\"https:\\\/\\\/blogs2.uef.fi\\\/biotalouskoulutus\\\/wp-content\\\/uploads\\\/sites\\\/71\\\/2021\\\/06\\\/crystal-jo-6tWIIjG8VhY-unsplash-scaled.jpg\",\"articleSection\":[\"Biotalouden erikoistumiskoulutus\",\"Kaikki blogit\"],\"inLanguage\":\"fi\"},{\"@type\":\"WebPage\",\"@id\":\"https:\\\/\\\/blogs2.uef.fi\\\/biotalouskoulutus\\\/paatoswebinaarin-satoa\\\/\",\"url\":\"https:\\\/\\\/blogs2.uef.fi\\\/biotalouskoulutus\\\/paatoswebinaarin-satoa\\\/\",\"name\":\"P\u00e4\u00e4t\u00f6swebinaarin satoa - Biotalouden erikoistumiskoulutus It\u00e4-Suomi\",\"isPartOf\":{\"@id\":\"https:\\\/\\\/www.biotalouskoulutus.fi\\\/#website\"},\"primaryImageOfPage\":{\"@id\":\"https:\\\/\\\/blogs2.uef.fi\\\/biotalouskoulutus\\\/paatoswebinaarin-satoa\\\/#primaryimage\"},\"image\":{\"@id\":\"https:\\\/\\\/blogs2.uef.fi\\\/biotalouskoulutus\\\/paatoswebinaarin-satoa\\\/#primaryimage\"},\"thumbnailUrl\":\"https:\\\/\\\/blogs2.uef.fi\\\/biotalouskoulutus\\\/wp-content\\\/uploads\\\/sites\\\/71\\\/2021\\\/06\\\/crystal-jo-6tWIIjG8VhY-unsplash-scaled.jpg\",\"datePublished\":\"2021-06-29T04:27:29+00:00\",\"dateModified\":\"2022-12-28T12:05:11+00:00\",\"author\":{\"@id\":\"https:\\\/\\\/www.biotalouskoulutus.fi\\\/#\\\/schema\\\/person\\\/e9c1516e752dc1d9b3bd607c8ac81441\"},\"breadcrumb\":{\"@id\":\"https:\\\/\\\/blogs2.uef.fi\\\/biotalouskoulutus\\\/paatoswebinaarin-satoa\\\/#breadcrumb\"},\"inLanguage\":\"fi\",\"potentialAction\":[{\"@type\":\"ReadAction\",\"target\":[\"https:\\\/\\\/blogs2.uef.fi\\\/biotalouskoulutus\\\/paatoswebinaarin-satoa\\\/\"]}]},{\"@type\":\"ImageObject\",\"inLanguage\":\"fi\",\"@id\":\"https:\\\/\\\/blogs2.uef.fi\\\/biotalouskoulutus\\\/paatoswebinaarin-satoa\\\/#primaryimage\",\"url\":\"https:\\\/\\\/blogs2.uef.fi\\\/biotalouskoulutus\\\/wp-content\\\/uploads\\\/sites\\\/71\\\/2021\\\/06\\\/crystal-jo-6tWIIjG8VhY-unsplash-scaled.jpg\",\"contentUrl\":\"https:\\\/\\\/blogs2.uef.fi\\\/biotalouskoulutus\\\/wp-content\\\/uploads\\\/sites\\\/71\\\/2021\\\/06\\\/crystal-jo-6tWIIjG8VhY-unsplash-scaled.jpg\",\"width\":1707,\"height\":2560},{\"@type\":\"BreadcrumbList\",\"@id\":\"https:\\\/\\\/blogs2.uef.fi\\\/biotalouskoulutus\\\/paatoswebinaarin-satoa\\\/#breadcrumb\",\"itemListElement\":[{\"@type\":\"ListItem\",\"position\":1,\"name\":\"Home\",\"item\":\"https:\\\/\\\/www.biotalouskoulutus.fi\\\/\"},{\"@type\":\"ListItem\",\"position\":2,\"name\":\"P\u00e4\u00e4t\u00f6swebinaarin satoa\"}]},{\"@type\":\"WebSite\",\"@id\":\"https:\\\/\\\/www.biotalouskoulutus.fi\\\/#website\",\"url\":\"https:\\\/\\\/www.biotalouskoulutus.fi\\\/\",\"name\":\"Biotalouden erikoistumiskoulutus It\u00e4-Suomi\",\"description\":\"Biotalouden erikoistumiskoulutus It\u00e4-Suomessa - innovaatioita ja osaamista korkeakoulujen ja yritysen yhteisty\u00f6n\u00e4. Koulutuksen painotukset: mets\u00e4biotalous, biotalouden sivuvirrat, biojalostus ja energiabiotalous.\",\"potentialAction\":[{\"@type\":\"SearchAction\",\"target\":{\"@type\":\"EntryPoint\",\"urlTemplate\":\"https:\\\/\\\/www.biotalouskoulutus.fi\\\/?s={search_term_string}\"},\"query-input\":{\"@type\":\"PropertyValueSpecification\",\"valueRequired\":true,\"valueName\":\"search_term_string\"}}],\"inLanguage\":\"fi\"},{\"@type\":\"Person\",\"@id\":\"https:\\\/\\\/www.biotalouskoulutus.fi\\\/#\\\/schema\\\/person\\\/e9c1516e752dc1d9b3bd607c8ac81441\",\"name\":\"lekokkon\",\"image\":{\"@type\":\"ImageObject\",\"inLanguage\":\"fi\",\"@id\":\"https:\\\/\\\/secure.gravatar.com\\\/avatar\\\/cb1e4cc51a855fcfde21fd1168150b6f98c5c0d8827b772b462b7648e990731d?s=96&d=mm&r=g\",\"url\":\"https:\\\/\\\/secure.gravatar.com\\\/avatar\\\/cb1e4cc51a855fcfde21fd1168150b6f98c5c0d8827b772b462b7648e990731d?s=96&d=mm&r=g\",\"contentUrl\":\"https:\\\/\\\/secure.gravatar.com\\\/avatar\\\/cb1e4cc51a855fcfde21fd1168150b6f98c5c0d8827b772b462b7648e990731d?s=96&d=mm&r=g\",\"caption\":\"lekokkon\"},\"url\":\"https:\\\/\\\/blogs2.uef.fi\\\/biotalouskoulutus\\\/author\\\/lekokkon\\\/\"}]}<\/script>\n<!-- \/ Yoast SEO plugin. -->","yoast_head_json":{"title":"P\u00e4\u00e4t\u00f6swebinaarin satoa - Biotalouden erikoistumiskoulutus It\u00e4-Suomi","robots":{"index":"index","follow":"follow","max-snippet":"max-snippet:-1","max-image-preview":"max-image-preview:large","max-video-preview":"max-video-preview:-1"},"canonical":"https:\/\/blogs2.uef.fi\/biotalouskoulutus\/paatoswebinaarin-satoa\/","og_locale":"fi_FI","og_type":"article","og_title":"P\u00e4\u00e4t\u00f6swebinaarin satoa - Biotalouden erikoistumiskoulutus It\u00e4-Suomi","og_description":"Biotalouden erikoistumiskoulutuksen p\u00e4\u00e4t\u00f6stilaisuus j\u00e4rjestettiin kes\u00e4kuussa toista kertaa. T\u00e4ll\u00e4 kertaa tilaisuus toteutettiin puolip\u00e4iv\u00e4isen\u00e4 webinaarina, jonka teemana oli \u201dOsaa, viesti ja vaikuta \u2013 meill\u00e4 luodaan huomisen biotaloutta\u201d. Moni opiskelija on kertonut saaneensa biotalouden erikoistumiskoulutuksesta ev\u00e4it\u00e4 sek\u00e4 yrityksen sis\u00e4iseen ett\u00e4 ulkoiseen viestint\u00e4\u00e4n. T\u00e4m\u00e4n vuoksi halusimme kytke\u00e4 osaamisen kehittymisen viestint\u00e4\u00e4n ja vaikuttamiseen. Webinaarissa kuultiin kolme asiantuntijapuheenvuoroa, joiden v\u00e4liss\u00e4 opiskelijat [&hellip;]","og_url":"https:\/\/blogs2.uef.fi\/biotalouskoulutus\/paatoswebinaarin-satoa\/","og_site_name":"Biotalouden erikoistumiskoulutus It\u00e4-Suomi","article_published_time":"2021-06-29T04:27:29+00:00","article_modified_time":"2022-12-28T12:05:11+00:00","og_image":[{"width":1707,"height":2560,"url":"https:\/\/blogs2.uef.fi\/biotalouskoulutus\/wp-content\/uploads\/sites\/71\/2021\/06\/crystal-jo-6tWIIjG8VhY-unsplash-scaled.jpg","type":"image\/jpeg"}],"author":"lekokkon","twitter_card":"summary_large_image","twitter_misc":{"Kirjoittanut":"lekokkon","Arvioitu lukuaika":"1 minuutti"},"schema":{"@context":"https:\/\/schema.org","@graph":[{"@type":"Article","@id":"https:\/\/blogs2.uef.fi\/biotalouskoulutus\/paatoswebinaarin-satoa\/#article","isPartOf":{"@id":"https:\/\/blogs2.uef.fi\/biotalouskoulutus\/paatoswebinaarin-satoa\/"},"author":{"name":"lekokkon","@id":"https:\/\/www.biotalouskoulutus.fi\/#\/schema\/person\/e9c1516e752dc1d9b3bd607c8ac81441"},"headline":"P\u00e4\u00e4t\u00f6swebinaarin satoa","datePublished":"2021-06-29T04:27:29+00:00","dateModified":"2022-12-28T12:05:11+00:00","mainEntityOfPage":{"@id":"https:\/\/blogs2.uef.fi\/biotalouskoulutus\/paatoswebinaarin-satoa\/"},"wordCount":273,"image":{"@id":"https:\/\/blogs2.uef.fi\/biotalouskoulutus\/paatoswebinaarin-satoa\/#primaryimage"},"thumbnailUrl":"https:\/\/blogs2.uef.fi\/biotalouskoulutus\/wp-content\/uploads\/sites\/71\/2021\/06\/crystal-jo-6tWIIjG8VhY-unsplash-scaled.jpg","articleSection":["Biotalouden erikoistumiskoulutus","Kaikki blogit"],"inLanguage":"fi"},{"@type":"WebPage","@id":"https:\/\/blogs2.uef.fi\/biotalouskoulutus\/paatoswebinaarin-satoa\/","url":"https:\/\/blogs2.uef.fi\/biotalouskoulutus\/paatoswebinaarin-satoa\/","name":"P\u00e4\u00e4t\u00f6swebinaarin satoa - Biotalouden erikoistumiskoulutus It\u00e4-Suomi","isPartOf":{"@id":"https:\/\/www.biotalouskoulutus.fi\/#website"},"primaryImageOfPage":{"@id":"https:\/\/blogs2.uef.fi\/biotalouskoulutus\/paatoswebinaarin-satoa\/#primaryimage"},"image":{"@id":"https:\/\/blogs2.uef.fi\/biotalouskoulutus\/paatoswebinaarin-satoa\/#primaryimage"},"thumbnailUrl":"https:\/\/blogs2.uef.fi\/biotalouskoulutus\/wp-content\/uploads\/sites\/71\/2021\/06\/crystal-jo-6tWIIjG8VhY-unsplash-scaled.jpg","datePublished":"2021-06-29T04:27:29+00:00","dateModified":"2022-12-28T12:05:11+00:00","author":{"@id":"https:\/\/www.biotalouskoulutus.fi\/#\/schema\/person\/e9c1516e752dc1d9b3bd607c8ac81441"},"breadcrumb":{"@id":"https:\/\/blogs2.uef.fi\/biotalouskoulutus\/paatoswebinaarin-satoa\/#breadcrumb"},"inLanguage":"fi","potentialAction":[{"@type":"ReadAction","target":["https:\/\/blogs2.uef.fi\/biotalouskoulutus\/paatoswebinaarin-satoa\/"]}]},{"@type":"ImageObject","inLanguage":"fi","@id":"https:\/\/blogs2.uef.fi\/biotalouskoulutus\/paatoswebinaarin-satoa\/#primaryimage","url":"https:\/\/blogs2.uef.fi\/biotalouskoulutus\/wp-content\/uploads\/sites\/71\/2021\/06\/crystal-jo-6tWIIjG8VhY-unsplash-scaled.jpg","contentUrl":"https:\/\/blogs2.uef.fi\/biotalouskoulutus\/wp-content\/uploads\/sites\/71\/2021\/06\/crystal-jo-6tWIIjG8VhY-unsplash-scaled.jpg","width":1707,"height":2560},{"@type":"BreadcrumbList","@id":"https:\/\/blogs2.uef.fi\/biotalouskoulutus\/paatoswebinaarin-satoa\/#breadcrumb","itemListElement":[{"@type":"ListItem","position":1,"name":"Home","item":"https:\/\/www.biotalouskoulutus.fi\/"},{"@type":"ListItem","position":2,"name":"P\u00e4\u00e4t\u00f6swebinaarin satoa"}]},{"@type":"WebSite","@id":"https:\/\/www.biotalouskoulutus.fi\/#website","url":"https:\/\/www.biotalouskoulutus.fi\/","name":"Biotalouden erikoistumiskoulutus It\u00e4-Suomi","description":"Biotalouden erikoistumiskoulutus It\u00e4-Suomessa - innovaatioita ja osaamista korkeakoulujen ja yritysen yhteisty\u00f6n\u00e4. Koulutuksen painotukset: mets\u00e4biotalous, biotalouden sivuvirrat, biojalostus ja energiabiotalous.","potentialAction":[{"@type":"SearchAction","target":{"@type":"EntryPoint","urlTemplate":"https:\/\/www.biotalouskoulutus.fi\/?s={search_term_string}"},"query-input":{"@type":"PropertyValueSpecification","valueRequired":true,"valueName":"search_term_string"}}],"inLanguage":"fi"},{"@type":"Person","@id":"https:\/\/www.biotalouskoulutus.fi\/#\/schema\/person\/e9c1516e752dc1d9b3bd607c8ac81441","name":"lekokkon","image":{"@type":"ImageObject","inLanguage":"fi","@id":"https:\/\/secure.gravatar.com\/avatar\/cb1e4cc51a855fcfde21fd1168150b6f98c5c0d8827b772b462b7648e990731d?s=96&d=mm&r=g","url":"https:\/\/secure.gravatar.com\/avatar\/cb1e4cc51a855fcfde21fd1168150b6f98c5c0d8827b772b462b7648e990731d?s=96&d=mm&r=g","contentUrl":"https:\/\/secure.gravatar.com\/avatar\/cb1e4cc51a855fcfde21fd1168150b6f98c5c0d8827b772b462b7648e990731d?s=96&d=mm&r=g","caption":"lekokkon"},"url":"https:\/\/blogs2.uef.fi\/biotalouskoulutus\/author\/lekokkon\/"}]}},"_links":{"self":[{"href":"https:\/\/blogs2.uef.fi\/biotalouskoulutus\/wp-json\/wp\/v2\/posts\/2515","targetHints":{"allow":["GET"]}}],"collection":[{"href":"https:\/\/blogs2.uef.fi\/biotalouskoulutus\/wp-json\/wp\/v2\/posts"}],"about":[{"href":"https:\/\/blogs2.uef.fi\/biotalouskoulutus\/wp-json\/wp\/v2\/types\/post"}],"author":[{"embeddable":true,"href":"https:\/\/blogs2.uef.fi\/biotalouskoulutus\/wp-json\/wp\/v2\/users\/265"}],"replies":[{"embeddable":true,"href":"https:\/\/blogs2.uef.fi\/biotalouskoulutus\/wp-json\/wp\/v2\/comments?post=2515"}],"version-history":[{"count":2,"href":"https:\/\/blogs2.uef.fi\/biotalouskoulutus\/wp-json\/wp\/v2\/posts\/2515\/revisions"}],"predecessor-version":[{"id":2527,"href":"https:\/\/blogs2.uef.fi\/biotalouskoulutus\/wp-json\/wp\/v2\/posts\/2515\/revisions\/2527"}],"wp:featuredmedia":[{"embeddable":true,"href":"https:\/\/blogs2.uef.fi\/biotalouskoulutus\/wp-json\/wp\/v2\/media\/2518"}],"wp:attachment":[{"href":"https:\/\/blogs2.uef.fi\/biotalouskoulutus\/wp-json\/wp\/v2\/media?parent=2515"}],"wp:term":[{"taxonomy":"category","embeddable":true,"href":"https:\/\/blogs2.uef.fi\/biotalouskoulutus\/wp-json\/wp\/v2\/categories?post=2515"},{"taxonomy":"post_tag","embeddable":true,"href":"https:\/\/blogs2.uef.fi\/biotalouskoulutus\/wp-json\/wp\/v2\/tags?post=2515"}],"curies":[{"name":"wp","href":"https:\/\/api.w.org\/{rel}","templated":true}]}}