{"id":2693,"date":"2021-08-31T13:43:46","date_gmt":"2021-08-31T10:43:46","guid":{"rendered":"https:\/\/www.biotalouskoulutusitasuomi.fi\/?p=2693"},"modified":"2021-08-31T13:51:59","modified_gmt":"2021-08-31T10:51:59","slug":"hiilitaloudesta-biotalouteen-biotalousstrategia","status":"publish","type":"post","link":"https:\/\/blogs2.uef.fi\/biotalouskoulutus\/hiilitaloudesta-biotalouteen-biotalousstrategia\/","title":{"rendered":"Hiilitaloudesta biotalouteen &#8211; biotalousstrategia"},"content":{"rendered":"<p>Hiilitaloudesta biotalouteen -aamukahvit j\u00e4rjestettiin 19.8.2021 liittyen valmisteilla olevaan Suomen biotalousstrategiaan. Aamukahvien puhujina toimivat Sari Tasa Ty\u00f6- ja elinkeinoministeri\u00f6st\u00e4, Anne Poutiainen Karelia-ammattikorkeakoulusta sek\u00e4 Piritta Torssonen It\u00e4-Suomen yliopistosta.<\/p>\n<p>Sari Tasa nosti esille Suomen biotalousstrategian p\u00e4\u00e4tavoitteen, joka on biotalouden arvonlis\u00e4n nostaminen nykyisest\u00e4 kolmesta prosentista nelj\u00e4\u00e4n prosenttiin. Luken tuottaman 2019 vuoden tutkimuksen mukaan biotalouden osuus kansantaloudesta jakaantui seuraavasti; tuotos 16 %, investoinnit 10 %, tavaravienti 31 % ja ty\u00f6lliset 11 %. Biotalouden osuus kansantalouden arvonlis\u00e4yksest\u00e4 oli 13 % 208,0 miljardista eurosta. (Luonnonvarakeskus, 2019) Biotalous kytkeytyy moneen eri strategiaan ja ohjelmaan, joita ovat mm. ilmasto ja energiastrategia, biodiversiteettistrategia, kiertotalouden strateginen ohjelma, muovitiekartta, ilmastoruokaohjelma ja Kansallinen mets\u00e4strategia 2025. Tasan puheessa korostui laaja-alaisen yhteisty\u00f6n t\u00e4rkeys niin alueellisesti kuin kansainv\u00e4lisestikin.<\/p>\n<p><strong>Biotalouden m\u00e4\u00e4ritelm\u00e4luonnos:<\/strong><\/p>\n<ul>\n<li>Talous, joka k\u00e4ytt\u00e4\u00e4 uusiutuvia biologisia luonnonvaroja resurssiviisaasti ravinnon, energian, tuotteiden ja palvelujen tuottamiseen.<\/li>\n<li>T\u00e4rkeimpi\u00e4 uusiutuvia biologisia luonnonvaroja Suomessa ovat metsien, peltojen, maaper\u00e4n, vesist\u00f6jen ja meren biomassa eli eloper\u00e4inen aines sek\u00e4 makea vesi. Niit\u00e4 hy\u00f6dynnet\u00e4\u00e4n raaka-aineina ja jalosteina.<\/li>\n<li>Tuulivoimaloita ei lasketa biotalouteen.<\/li>\n<li>Ekosysteemipalvelut ovat osa biotaloutta.<\/li>\n<li>Biotalous voi sis\u00e4lt\u00e4\u00e4 my\u00f6s luonnonvarojen kest\u00e4v\u00e4\u00e4n hy\u00f6dynt\u00e4miseen pohjautuvien teknologioiden, sovellusten ja palvelujen kehitt\u00e4mist\u00e4 ja tuotantoa.<\/li>\n<\/ul>\n<div id=\"attachment_2696\" style=\"width: 688px\" class=\"wp-caption alignleft\"><a href=\"https:\/\/www.biotalouskoulutusitasuomi.fi\/hiilitaloudesta-biotalouteen-biotalousstrategia\/biotalous-blogi\/\" rel=\"attachment wp-att-2696\"><img loading=\"lazy\" decoding=\"async\" aria-describedby=\"caption-attachment-2696\" class=\"wp-image-2696\" src=\"https:\/\/www.biotalouskoulutusitasuomi.fi\/wp-content\/uploads\/sites\/71\/2021\/08\/Biotalous-blogi-1024x680.png\" alt=\"\" width=\"678\" height=\"450\" srcset=\"https:\/\/blogs2.uef.fi\/biotalouskoulutus\/wp-content\/uploads\/sites\/71\/2021\/08\/Biotalous-blogi-1024x680.png 1024w, https:\/\/blogs2.uef.fi\/biotalouskoulutus\/wp-content\/uploads\/sites\/71\/2021\/08\/Biotalous-blogi-300x199.png 300w, https:\/\/blogs2.uef.fi\/biotalouskoulutus\/wp-content\/uploads\/sites\/71\/2021\/08\/Biotalous-blogi-768x510.png 768w, https:\/\/blogs2.uef.fi\/biotalouskoulutus\/wp-content\/uploads\/sites\/71\/2021\/08\/Biotalous-blogi.png 1144w\" sizes=\"auto, (max-width: 678px) 100vw, 678px\" \/><\/a><p id=\"caption-attachment-2696\" class=\"wp-caption-text\">Kuvateksti: <a href=\"https:\/\/www.biotalous.fi\/wp-content\/uploads\/2014\/07\/Julkaisu_Biotalous-web_080514.pdf\">Biotalousstrategia, 2014<\/a>. Graafinensuunnittelu: Jasmin Raitala<\/p><\/div>\n<p><strong>Biotalous syntyy tarpeesta<\/strong><br \/>\nAnne Poutiaisen puheessa k\u00e4siteltiin luonnonvarojen rajallisuutta korostaen tarvetta l\u00f6yt\u00e4\u00e4 vaihtoehtoja uusiutumattomille raaka-aineille. Poutiainen kertoi biotalouden tarpeen nousevan v\u00e4est\u00f6n kasvusta, ilmastonmuutoksesta, materiaalien tehottomasta k\u00e4yt\u00f6st\u00e4, sek\u00e4 uusiutumattomien raaka-aineiden niukkuudesta. V\u00e4est\u00f6n kasvun vuoksi 2030 maailmassa tarvitaan 50 % enemm\u00e4n ruokaa, 45 % enemm\u00e4n energiaa ja 30 % enemm\u00e4n vett\u00e4. (<a href=\"https:\/\/www.biotalous.fi\/wp-content\/uploads\/2014\/07\/Julkaisu_Biotalous-web_080514.pdf\">Biotalousstrategia, 2014<\/a>)<\/p>\n<p>Poutiainen jakoi tietoa kahden opintopisteen laajuisesta koulutuksesta, jossa keskityt\u00e4\u00e4n keskeisiin m\u00e4\u00e4ritelmiin ja toimialoihin, Suomen biotalousstrategiaan, biotalouden s\u00e4\u00e4ntelyyn, tulevaisuuteen ja uusiin mahdollisuuksiin, sek\u00e4 oman biotalousosaamisen pohdintaan. Poutiaisen mainitsema verkkokurssi on osa biotalouden erikoistumiskoulutuksen kokonaisuutta. Opintojakson suoritettuaan opiskelija ymm\u00e4rt\u00e4\u00e4 biotalouden monialaisuuden. Koulutuksessa opiskelija oppii uutta biotalouden mm. kehitt\u00e4misest\u00e4, innovoinnista ja viestinn\u00e4st\u00e4.<\/p>\n<ul>\n<li>Jos koulutus her\u00e4tti mielenkiintosi, voit hakea mukaan seuraavaan toteutukseen Biotalouden erikoistumiskoulutukseen 1.10.-1.11.2021. Lue lis\u00e4\u00e4 koulutuksesta ja opiskelijoiden kokemuksista \u201d<a href=\"https:\/\/www.biotalouskoulutusitasuomi.fi\/hakisinko-biotalouden-erikostumiskoulutukseen\/\">Hakisinko koulutukseen<\/a>\u201d-blogikirjoituksesta.<\/li>\n<\/ul>\n<p><strong>Tuleeko mieleesi jokin ajankohtainen ja sinulle t\u00e4rke\u00e4 aihe, josta haluaisit kuulla lis\u00e4\u00e4? Ota yhteytt\u00e4 ja kerro se meille!<\/strong><\/p>\n<ul>\n<li><a href=\"https:\/\/www.biotalouskoulutusitasuomi.fi\/biotalouskoulutuksen-kehittaminen\/join-bioerko-hankkeen-tiivistelma\/aamukahvit\/\">Seuraava aamukahvi pidet\u00e4\u00e4n 14.9.2021 klo 9\u201310, aiheena biojalostus<\/a>.<\/li>\n<\/ul>\n<p><em>Kirjoittanut Jasmin Raitala, projektity\u00f6ntekij\u00e4, Savonia-ammattikorkeakoulu<\/em><\/p>\n","protected":false},"excerpt":{"rendered":"<p>Hiilitaloudesta biotalouteen -aamukahvit j\u00e4rjestettiin 19.8.2021 liittyen valmisteilla olevaan Suomen biotalousstrategiaan. Aamukahvien puhujina toimivat Sari Tasa Ty\u00f6- ja elinkeinoministeri\u00f6st\u00e4, Anne Poutiainen Karelia-ammattikorkeakoulusta sek\u00e4 Piritta Torssonen It\u00e4-Suomen yliopistosta. Sari Tasa nosti esille Suomen biotalousstrategian p\u00e4\u00e4tavoitteen, joka on biotalouden arvonlis\u00e4n nostaminen nykyisest\u00e4 kolmesta prosentista nelj\u00e4\u00e4n prosenttiin. Luken tuottaman 2019 vuoden tutkimuksen mukaan biotalouden osuus kansantaloudesta jakaantui seuraavasti; tuotos [&hellip;]<\/p>\n","protected":false},"author":95,"featured_media":0,"comment_status":"closed","ping_status":"closed","sticky":false,"template":"","format":"standard","meta":{"_acf_changed":false,"_relevanssi_hide_post":"","_relevanssi_hide_content":"","_relevanssi_pin_for_all":"","_relevanssi_pin_keywords":"","_relevanssi_unpin_keywords":"","_relevanssi_related_keywords":"","_relevanssi_related_include_ids":"","_relevanssi_related_exclude_ids":"","_relevanssi_related_no_append":"","_relevanssi_related_not_related":"","_relevanssi_related_posts":"","_relevanssi_noindex_reason":"","footnotes":""},"categories":[1],"tags":[19,15],"class_list":["post-2693","post","type-post","status-publish","format-standard","hentry","category-kaikki","tag-biotalous","tag-koulutus"],"acf":[],"yoast_head":"<!-- This site is optimized with the Yoast SEO plugin v27.3 - https:\/\/yoast.com\/product\/yoast-seo-wordpress\/ -->\n<title>Hiilitaloudesta biotalouteen - biotalousstrategia - Biotalouden erikoistumiskoulutus It\u00e4-Suomi<\/title>\n<meta name=\"robots\" content=\"index, follow, max-snippet:-1, max-image-preview:large, max-video-preview:-1\" \/>\n<link rel=\"canonical\" href=\"https:\/\/blogs2.uef.fi\/biotalouskoulutus\/hiilitaloudesta-biotalouteen-biotalousstrategia\/\" \/>\n<meta property=\"og:locale\" content=\"fi_FI\" \/>\n<meta property=\"og:type\" content=\"article\" \/>\n<meta property=\"og:title\" content=\"Hiilitaloudesta biotalouteen - biotalousstrategia - Biotalouden erikoistumiskoulutus It\u00e4-Suomi\" \/>\n<meta property=\"og:description\" content=\"Hiilitaloudesta biotalouteen -aamukahvit j\u00e4rjestettiin 19.8.2021 liittyen valmisteilla olevaan Suomen biotalousstrategiaan. Aamukahvien puhujina toimivat Sari Tasa Ty\u00f6- ja elinkeinoministeri\u00f6st\u00e4, Anne Poutiainen Karelia-ammattikorkeakoulusta sek\u00e4 Piritta Torssonen It\u00e4-Suomen yliopistosta. Sari Tasa nosti esille Suomen biotalousstrategian p\u00e4\u00e4tavoitteen, joka on biotalouden arvonlis\u00e4n nostaminen nykyisest\u00e4 kolmesta prosentista nelj\u00e4\u00e4n prosenttiin. Luken tuottaman 2019 vuoden tutkimuksen mukaan biotalouden osuus kansantaloudesta jakaantui seuraavasti; tuotos [&hellip;]\" \/>\n<meta property=\"og:url\" content=\"https:\/\/blogs2.uef.fi\/biotalouskoulutus\/hiilitaloudesta-biotalouteen-biotalousstrategia\/\" \/>\n<meta property=\"og:site_name\" content=\"Biotalouden erikoistumiskoulutus It\u00e4-Suomi\" \/>\n<meta property=\"article:published_time\" content=\"2021-08-31T10:43:46+00:00\" \/>\n<meta property=\"article:modified_time\" content=\"2021-08-31T10:51:59+00:00\" \/>\n<meta property=\"og:image\" content=\"https:\/\/www.biotalouskoulutusitasuomi.fi\/wp-content\/uploads\/sites\/71\/2021\/08\/Biotalous-blogi-1024x680.png\" \/>\n<meta name=\"author\" content=\"pirittat\" \/>\n<meta name=\"twitter:card\" content=\"summary_large_image\" \/>\n<meta name=\"twitter:label1\" content=\"Kirjoittanut\" \/>\n\t<meta name=\"twitter:data1\" content=\"pirittat\" \/>\n\t<meta name=\"twitter:label2\" content=\"Arvioitu lukuaika\" \/>\n\t<meta name=\"twitter:data2\" content=\"2 minuuttia\" \/>\n<script type=\"application\/ld+json\" class=\"yoast-schema-graph\">{\"@context\":\"https:\\\/\\\/schema.org\",\"@graph\":[{\"@type\":\"Article\",\"@id\":\"https:\\\/\\\/blogs2.uef.fi\\\/biotalouskoulutus\\\/hiilitaloudesta-biotalouteen-biotalousstrategia\\\/#article\",\"isPartOf\":{\"@id\":\"https:\\\/\\\/blogs2.uef.fi\\\/biotalouskoulutus\\\/hiilitaloudesta-biotalouteen-biotalousstrategia\\\/\"},\"author\":{\"name\":\"pirittat\",\"@id\":\"https:\\\/\\\/www.biotalouskoulutus.fi\\\/#\\\/schema\\\/person\\\/a91a0d6cfc809a46ad405d2792b06188\"},\"headline\":\"Hiilitaloudesta biotalouteen &#8211; biotalousstrategia\",\"datePublished\":\"2021-08-31T10:43:46+00:00\",\"dateModified\":\"2021-08-31T10:51:59+00:00\",\"mainEntityOfPage\":{\"@id\":\"https:\\\/\\\/blogs2.uef.fi\\\/biotalouskoulutus\\\/hiilitaloudesta-biotalouteen-biotalousstrategia\\\/\"},\"wordCount\":367,\"image\":{\"@id\":\"https:\\\/\\\/blogs2.uef.fi\\\/biotalouskoulutus\\\/hiilitaloudesta-biotalouteen-biotalousstrategia\\\/#primaryimage\"},\"thumbnailUrl\":\"https:\\\/\\\/www.biotalouskoulutusitasuomi.fi\\\/wp-content\\\/uploads\\\/sites\\\/71\\\/2021\\\/08\\\/Biotalous-blogi-1024x680.png\",\"keywords\":[\"biotalous\",\"Koulutus\"],\"articleSection\":[\"Kaikki blogit\"],\"inLanguage\":\"fi\"},{\"@type\":\"WebPage\",\"@id\":\"https:\\\/\\\/blogs2.uef.fi\\\/biotalouskoulutus\\\/hiilitaloudesta-biotalouteen-biotalousstrategia\\\/\",\"url\":\"https:\\\/\\\/blogs2.uef.fi\\\/biotalouskoulutus\\\/hiilitaloudesta-biotalouteen-biotalousstrategia\\\/\",\"name\":\"Hiilitaloudesta biotalouteen - biotalousstrategia - Biotalouden erikoistumiskoulutus It\u00e4-Suomi\",\"isPartOf\":{\"@id\":\"https:\\\/\\\/www.biotalouskoulutus.fi\\\/#website\"},\"primaryImageOfPage\":{\"@id\":\"https:\\\/\\\/blogs2.uef.fi\\\/biotalouskoulutus\\\/hiilitaloudesta-biotalouteen-biotalousstrategia\\\/#primaryimage\"},\"image\":{\"@id\":\"https:\\\/\\\/blogs2.uef.fi\\\/biotalouskoulutus\\\/hiilitaloudesta-biotalouteen-biotalousstrategia\\\/#primaryimage\"},\"thumbnailUrl\":\"https:\\\/\\\/www.biotalouskoulutusitasuomi.fi\\\/wp-content\\\/uploads\\\/sites\\\/71\\\/2021\\\/08\\\/Biotalous-blogi-1024x680.png\",\"datePublished\":\"2021-08-31T10:43:46+00:00\",\"dateModified\":\"2021-08-31T10:51:59+00:00\",\"author\":{\"@id\":\"https:\\\/\\\/www.biotalouskoulutus.fi\\\/#\\\/schema\\\/person\\\/a91a0d6cfc809a46ad405d2792b06188\"},\"breadcrumb\":{\"@id\":\"https:\\\/\\\/blogs2.uef.fi\\\/biotalouskoulutus\\\/hiilitaloudesta-biotalouteen-biotalousstrategia\\\/#breadcrumb\"},\"inLanguage\":\"fi\",\"potentialAction\":[{\"@type\":\"ReadAction\",\"target\":[\"https:\\\/\\\/blogs2.uef.fi\\\/biotalouskoulutus\\\/hiilitaloudesta-biotalouteen-biotalousstrategia\\\/\"]}]},{\"@type\":\"ImageObject\",\"inLanguage\":\"fi\",\"@id\":\"https:\\\/\\\/blogs2.uef.fi\\\/biotalouskoulutus\\\/hiilitaloudesta-biotalouteen-biotalousstrategia\\\/#primaryimage\",\"url\":\"https:\\\/\\\/www.biotalouskoulutusitasuomi.fi\\\/wp-content\\\/uploads\\\/sites\\\/71\\\/2021\\\/08\\\/Biotalous-blogi-1024x680.png\",\"contentUrl\":\"https:\\\/\\\/www.biotalouskoulutusitasuomi.fi\\\/wp-content\\\/uploads\\\/sites\\\/71\\\/2021\\\/08\\\/Biotalous-blogi-1024x680.png\"},{\"@type\":\"BreadcrumbList\",\"@id\":\"https:\\\/\\\/blogs2.uef.fi\\\/biotalouskoulutus\\\/hiilitaloudesta-biotalouteen-biotalousstrategia\\\/#breadcrumb\",\"itemListElement\":[{\"@type\":\"ListItem\",\"position\":1,\"name\":\"Home\",\"item\":\"https:\\\/\\\/www.biotalouskoulutus.fi\\\/\"},{\"@type\":\"ListItem\",\"position\":2,\"name\":\"Hiilitaloudesta biotalouteen &#8211; biotalousstrategia\"}]},{\"@type\":\"WebSite\",\"@id\":\"https:\\\/\\\/www.biotalouskoulutus.fi\\\/#website\",\"url\":\"https:\\\/\\\/www.biotalouskoulutus.fi\\\/\",\"name\":\"Biotalouden erikoistumiskoulutus It\u00e4-Suomi\",\"description\":\"Biotalouden erikoistumiskoulutus It\u00e4-Suomessa - innovaatioita ja osaamista korkeakoulujen ja yritysen yhteisty\u00f6n\u00e4. Koulutuksen painotukset: mets\u00e4biotalous, biotalouden sivuvirrat, biojalostus ja energiabiotalous.\",\"potentialAction\":[{\"@type\":\"SearchAction\",\"target\":{\"@type\":\"EntryPoint\",\"urlTemplate\":\"https:\\\/\\\/www.biotalouskoulutus.fi\\\/?s={search_term_string}\"},\"query-input\":{\"@type\":\"PropertyValueSpecification\",\"valueRequired\":true,\"valueName\":\"search_term_string\"}}],\"inLanguage\":\"fi\"},{\"@type\":\"Person\",\"@id\":\"https:\\\/\\\/www.biotalouskoulutus.fi\\\/#\\\/schema\\\/person\\\/a91a0d6cfc809a46ad405d2792b06188\",\"name\":\"pirittat\",\"image\":{\"@type\":\"ImageObject\",\"inLanguage\":\"fi\",\"@id\":\"https:\\\/\\\/secure.gravatar.com\\\/avatar\\\/4a266507e0f5fadda56c47446a78ce82fe72bebf9d96e0b05c738843d5f27aa5?s=96&d=mm&r=g\",\"url\":\"https:\\\/\\\/secure.gravatar.com\\\/avatar\\\/4a266507e0f5fadda56c47446a78ce82fe72bebf9d96e0b05c738843d5f27aa5?s=96&d=mm&r=g\",\"contentUrl\":\"https:\\\/\\\/secure.gravatar.com\\\/avatar\\\/4a266507e0f5fadda56c47446a78ce82fe72bebf9d96e0b05c738843d5f27aa5?s=96&d=mm&r=g\",\"caption\":\"pirittat\"},\"url\":\"https:\\\/\\\/blogs2.uef.fi\\\/biotalouskoulutus\\\/author\\\/pirittat\\\/\"}]}<\/script>\n<!-- \/ Yoast SEO plugin. -->","yoast_head_json":{"title":"Hiilitaloudesta biotalouteen - biotalousstrategia - Biotalouden erikoistumiskoulutus It\u00e4-Suomi","robots":{"index":"index","follow":"follow","max-snippet":"max-snippet:-1","max-image-preview":"max-image-preview:large","max-video-preview":"max-video-preview:-1"},"canonical":"https:\/\/blogs2.uef.fi\/biotalouskoulutus\/hiilitaloudesta-biotalouteen-biotalousstrategia\/","og_locale":"fi_FI","og_type":"article","og_title":"Hiilitaloudesta biotalouteen - biotalousstrategia - Biotalouden erikoistumiskoulutus It\u00e4-Suomi","og_description":"Hiilitaloudesta biotalouteen -aamukahvit j\u00e4rjestettiin 19.8.2021 liittyen valmisteilla olevaan Suomen biotalousstrategiaan. Aamukahvien puhujina toimivat Sari Tasa Ty\u00f6- ja elinkeinoministeri\u00f6st\u00e4, Anne Poutiainen Karelia-ammattikorkeakoulusta sek\u00e4 Piritta Torssonen It\u00e4-Suomen yliopistosta. Sari Tasa nosti esille Suomen biotalousstrategian p\u00e4\u00e4tavoitteen, joka on biotalouden arvonlis\u00e4n nostaminen nykyisest\u00e4 kolmesta prosentista nelj\u00e4\u00e4n prosenttiin. Luken tuottaman 2019 vuoden tutkimuksen mukaan biotalouden osuus kansantaloudesta jakaantui seuraavasti; tuotos [&hellip;]","og_url":"https:\/\/blogs2.uef.fi\/biotalouskoulutus\/hiilitaloudesta-biotalouteen-biotalousstrategia\/","og_site_name":"Biotalouden erikoistumiskoulutus It\u00e4-Suomi","article_published_time":"2021-08-31T10:43:46+00:00","article_modified_time":"2021-08-31T10:51:59+00:00","og_image":[{"url":"https:\/\/www.biotalouskoulutusitasuomi.fi\/wp-content\/uploads\/sites\/71\/2021\/08\/Biotalous-blogi-1024x680.png","type":"","width":"","height":""}],"author":"pirittat","twitter_card":"summary_large_image","twitter_misc":{"Kirjoittanut":"pirittat","Arvioitu lukuaika":"2 minuuttia"},"schema":{"@context":"https:\/\/schema.org","@graph":[{"@type":"Article","@id":"https:\/\/blogs2.uef.fi\/biotalouskoulutus\/hiilitaloudesta-biotalouteen-biotalousstrategia\/#article","isPartOf":{"@id":"https:\/\/blogs2.uef.fi\/biotalouskoulutus\/hiilitaloudesta-biotalouteen-biotalousstrategia\/"},"author":{"name":"pirittat","@id":"https:\/\/www.biotalouskoulutus.fi\/#\/schema\/person\/a91a0d6cfc809a46ad405d2792b06188"},"headline":"Hiilitaloudesta biotalouteen &#8211; biotalousstrategia","datePublished":"2021-08-31T10:43:46+00:00","dateModified":"2021-08-31T10:51:59+00:00","mainEntityOfPage":{"@id":"https:\/\/blogs2.uef.fi\/biotalouskoulutus\/hiilitaloudesta-biotalouteen-biotalousstrategia\/"},"wordCount":367,"image":{"@id":"https:\/\/blogs2.uef.fi\/biotalouskoulutus\/hiilitaloudesta-biotalouteen-biotalousstrategia\/#primaryimage"},"thumbnailUrl":"https:\/\/www.biotalouskoulutusitasuomi.fi\/wp-content\/uploads\/sites\/71\/2021\/08\/Biotalous-blogi-1024x680.png","keywords":["biotalous","Koulutus"],"articleSection":["Kaikki blogit"],"inLanguage":"fi"},{"@type":"WebPage","@id":"https:\/\/blogs2.uef.fi\/biotalouskoulutus\/hiilitaloudesta-biotalouteen-biotalousstrategia\/","url":"https:\/\/blogs2.uef.fi\/biotalouskoulutus\/hiilitaloudesta-biotalouteen-biotalousstrategia\/","name":"Hiilitaloudesta biotalouteen - biotalousstrategia - Biotalouden erikoistumiskoulutus It\u00e4-Suomi","isPartOf":{"@id":"https:\/\/www.biotalouskoulutus.fi\/#website"},"primaryImageOfPage":{"@id":"https:\/\/blogs2.uef.fi\/biotalouskoulutus\/hiilitaloudesta-biotalouteen-biotalousstrategia\/#primaryimage"},"image":{"@id":"https:\/\/blogs2.uef.fi\/biotalouskoulutus\/hiilitaloudesta-biotalouteen-biotalousstrategia\/#primaryimage"},"thumbnailUrl":"https:\/\/www.biotalouskoulutusitasuomi.fi\/wp-content\/uploads\/sites\/71\/2021\/08\/Biotalous-blogi-1024x680.png","datePublished":"2021-08-31T10:43:46+00:00","dateModified":"2021-08-31T10:51:59+00:00","author":{"@id":"https:\/\/www.biotalouskoulutus.fi\/#\/schema\/person\/a91a0d6cfc809a46ad405d2792b06188"},"breadcrumb":{"@id":"https:\/\/blogs2.uef.fi\/biotalouskoulutus\/hiilitaloudesta-biotalouteen-biotalousstrategia\/#breadcrumb"},"inLanguage":"fi","potentialAction":[{"@type":"ReadAction","target":["https:\/\/blogs2.uef.fi\/biotalouskoulutus\/hiilitaloudesta-biotalouteen-biotalousstrategia\/"]}]},{"@type":"ImageObject","inLanguage":"fi","@id":"https:\/\/blogs2.uef.fi\/biotalouskoulutus\/hiilitaloudesta-biotalouteen-biotalousstrategia\/#primaryimage","url":"https:\/\/www.biotalouskoulutusitasuomi.fi\/wp-content\/uploads\/sites\/71\/2021\/08\/Biotalous-blogi-1024x680.png","contentUrl":"https:\/\/www.biotalouskoulutusitasuomi.fi\/wp-content\/uploads\/sites\/71\/2021\/08\/Biotalous-blogi-1024x680.png"},{"@type":"BreadcrumbList","@id":"https:\/\/blogs2.uef.fi\/biotalouskoulutus\/hiilitaloudesta-biotalouteen-biotalousstrategia\/#breadcrumb","itemListElement":[{"@type":"ListItem","position":1,"name":"Home","item":"https:\/\/www.biotalouskoulutus.fi\/"},{"@type":"ListItem","position":2,"name":"Hiilitaloudesta biotalouteen &#8211; biotalousstrategia"}]},{"@type":"WebSite","@id":"https:\/\/www.biotalouskoulutus.fi\/#website","url":"https:\/\/www.biotalouskoulutus.fi\/","name":"Biotalouden erikoistumiskoulutus It\u00e4-Suomi","description":"Biotalouden erikoistumiskoulutus It\u00e4-Suomessa - innovaatioita ja osaamista korkeakoulujen ja yritysen yhteisty\u00f6n\u00e4. Koulutuksen painotukset: mets\u00e4biotalous, biotalouden sivuvirrat, biojalostus ja energiabiotalous.","potentialAction":[{"@type":"SearchAction","target":{"@type":"EntryPoint","urlTemplate":"https:\/\/www.biotalouskoulutus.fi\/?s={search_term_string}"},"query-input":{"@type":"PropertyValueSpecification","valueRequired":true,"valueName":"search_term_string"}}],"inLanguage":"fi"},{"@type":"Person","@id":"https:\/\/www.biotalouskoulutus.fi\/#\/schema\/person\/a91a0d6cfc809a46ad405d2792b06188","name":"pirittat","image":{"@type":"ImageObject","inLanguage":"fi","@id":"https:\/\/secure.gravatar.com\/avatar\/4a266507e0f5fadda56c47446a78ce82fe72bebf9d96e0b05c738843d5f27aa5?s=96&d=mm&r=g","url":"https:\/\/secure.gravatar.com\/avatar\/4a266507e0f5fadda56c47446a78ce82fe72bebf9d96e0b05c738843d5f27aa5?s=96&d=mm&r=g","contentUrl":"https:\/\/secure.gravatar.com\/avatar\/4a266507e0f5fadda56c47446a78ce82fe72bebf9d96e0b05c738843d5f27aa5?s=96&d=mm&r=g","caption":"pirittat"},"url":"https:\/\/blogs2.uef.fi\/biotalouskoulutus\/author\/pirittat\/"}]}},"_links":{"self":[{"href":"https:\/\/blogs2.uef.fi\/biotalouskoulutus\/wp-json\/wp\/v2\/posts\/2693","targetHints":{"allow":["GET"]}}],"collection":[{"href":"https:\/\/blogs2.uef.fi\/biotalouskoulutus\/wp-json\/wp\/v2\/posts"}],"about":[{"href":"https:\/\/blogs2.uef.fi\/biotalouskoulutus\/wp-json\/wp\/v2\/types\/post"}],"author":[{"embeddable":true,"href":"https:\/\/blogs2.uef.fi\/biotalouskoulutus\/wp-json\/wp\/v2\/users\/95"}],"replies":[{"embeddable":true,"href":"https:\/\/blogs2.uef.fi\/biotalouskoulutus\/wp-json\/wp\/v2\/comments?post=2693"}],"version-history":[{"count":3,"href":"https:\/\/blogs2.uef.fi\/biotalouskoulutus\/wp-json\/wp\/v2\/posts\/2693\/revisions"}],"predecessor-version":[{"id":2726,"href":"https:\/\/blogs2.uef.fi\/biotalouskoulutus\/wp-json\/wp\/v2\/posts\/2693\/revisions\/2726"}],"wp:attachment":[{"href":"https:\/\/blogs2.uef.fi\/biotalouskoulutus\/wp-json\/wp\/v2\/media?parent=2693"}],"wp:term":[{"taxonomy":"category","embeddable":true,"href":"https:\/\/blogs2.uef.fi\/biotalouskoulutus\/wp-json\/wp\/v2\/categories?post=2693"},{"taxonomy":"post_tag","embeddable":true,"href":"https:\/\/blogs2.uef.fi\/biotalouskoulutus\/wp-json\/wp\/v2\/tags?post=2693"}],"curies":[{"name":"wp","href":"https:\/\/api.w.org\/{rel}","templated":true}]}}