{"id":289,"date":"2018-11-21T10:20:11","date_gmt":"2018-11-21T08:20:11","guid":{"rendered":"https:\/\/www.biotalouskoulutusitasuomi.fi\/?p=289"},"modified":"2020-03-23T10:40:36","modified_gmt":"2020-03-23T08:40:36","slug":"opintomatka-itavaltaan","status":"publish","type":"post","link":"https:\/\/blogs2.uef.fi\/biotalouskoulutus\/opintomatka-itavaltaan\/","title":{"rendered":"Opintomatka It\u00e4valtaan"},"content":{"rendered":"\n<h2 class=\"wp-block-heading\">Oppia It\u00e4vallasta<\/h2>\n\n\n\n<h3 class=\"wp-block-heading\">Opintomatka It\u00e4valtaan 17.-21.6.2018<\/h3>\n\n\n\n<p>Biotalouden erikoistumiskoulutuksen ESR-hankkeessa \u2013 innovaatioita ja osaamista korkeakoulujen ja yritysten yhteisty\u00f6n\u00e4 It\u00e4-Suomen kasvu- ja rakennemuutosalalle (Is-bioerko) on tavoitteena kehitt\u00e4\u00e4 It\u00e4-Suomen yliopiston sek\u00e4 Savonia- ja Karelia-ammattikorkeakoulujen sek\u00e4 biotalouden yritysten ja muiden organisaation kanssa uusi ty\u00f6el\u00e4m\u00e4l\u00e4ht\u00f6isen oppimisen ja opettamisen malli.&nbsp; Mallin kehitt\u00e4miseksi ker\u00e4t\u00e4\u00e4n kokemuksia tutustumalla hyviin yritysten ja korkeakoulujen v\u00e4lisiin yhteisty\u00f6malleihin. Ensimm\u00e4inen t\u00e4t\u00e4 tavoitetta palveleva opintomatka tehtiin It\u00e4valtaan kes\u00e4kuussa 2018.&nbsp;<\/p>\n\n\n\n<h3 class=\"wp-block-heading\">Matkaohjelma<\/h3>\n\n\n\n<p>17.6. Lento Suomesta It\u00e4valtaan<br>18.6. Tutustumiskohteet: Burgerland UAS ja ESEIA<br>19.6. Tutustumiskohteet: TU Graz ja Green Tech Cluster<br>20.6. Tutustumiskohteet: Bioenergy 2020+, BDI BioEnergy Int. sek\u00e4 KWB (Kraft und W\u00e4rme aus Biomass)<br>21.6. Lento It\u00e4vallasta Suomeen<\/p>\n\n\n\n<h3 class=\"wp-block-heading\">Poimintoja vierailuista<\/h3>\n\n\n\n<h4 class=\"wp-block-heading\">ESEIA (European Sustainable Innovation Alliance)<\/h4>\n\n\n\n<p>ESEIA on perustettu vuonna 2009 nimenomaan yliopistojen v\u00e4lisen erityisesti kansainv\u00e4lisen yhteisty\u00f6n kehitt\u00e4miseen. Eseia edist\u00e4\u00e4 kansainv\u00e4list\u00e4 yhteisty\u00f6t\u00e4, hallinnoi energia-innovaatio -projekteja, j\u00e4rjest\u00e4\u00e4 asiantuntijapaneeleita ja suunnittelee energia-alan yritt\u00e4jyyskoulutusohjelmia. T\u00e4ll\u00e4 hetkell\u00e4 Eseialla on 29 j\u00e4sent\u00e4 12 eri EU:n maassa.&nbsp; Eseialla on my\u00f6s omaa koulutustoimintaa. Tavoitteena on antaa opiskelijoille, tutkijoille, ammattilaisille mahdollisuus korkeatasoiseen koulutukseen Euroopan laajuisesti. Koulutusmuotoja ovat mm. konferenssit, kansainv\u00e4liset kes\u00e4koulut, pilot plant ja laboratoriokurssit, henkil\u00f6vaihdot jne. J\u00e4senille t\u00e4rke\u00e4 osa ESEIAN toimintaa edellisen lis\u00e4ksi on kansainv\u00e4listen hankkeiden valmistelu ja hallinnointi. Eseia hallinnoi H2020 rahoituksella toteutettua BET (Bio Energy Train) \u2013 hanketta, jonka tavoitteena on ollut tuottaa koulutusmateriaalia ja j\u00e4rjest\u00e4\u00e4 koulutusta sek\u00e4 yliopistojen peruskoulutuksessa (MSc) ett\u00e4 yritysten olemassa olevan ty\u00f6voiman t\u00e4ydennyskoulutuksessa.<\/p>\n\n\n\n<figure class=\"wp-block-image size-large\"><img loading=\"lazy\" decoding=\"async\" width=\"1024\" height=\"683\" src=\"https:\/\/www.biotalouskoulutusitasuomi.fi\/wp-content\/uploads\/sites\/71\/2020\/03\/Eseia-1024x683.jpg\" alt=\"\" class=\"wp-image-291\" srcset=\"https:\/\/blogs2.uef.fi\/biotalouskoulutus\/wp-content\/uploads\/sites\/71\/2020\/03\/Eseia-1024x683.jpg 1024w, https:\/\/blogs2.uef.fi\/biotalouskoulutus\/wp-content\/uploads\/sites\/71\/2020\/03\/Eseia-300x200.jpg 300w, https:\/\/blogs2.uef.fi\/biotalouskoulutus\/wp-content\/uploads\/sites\/71\/2020\/03\/Eseia-768x512.jpg 768w, https:\/\/blogs2.uef.fi\/biotalouskoulutus\/wp-content\/uploads\/sites\/71\/2020\/03\/Eseia.jpg 1473w\" sizes=\"auto, (max-width: 1024px) 100vw, 1024px\" \/><figcaption> Yll\u00e4 olevassa kuvassa olemme ESEIAN toimiston pihalla TU Grazin alueella. Kuvan henkil\u00f6t vasemmalta oikealle: Harri Auvinen (TKI-asiantuntija Savonia-amk), Anna Gabbert (Projektip\u00e4\u00e4llikk\u00f6, BET-project, ESEIA), Jarmo M\u00e4kel\u00e4\u00a0\u00a0 \u00a0(projektip\u00e4\u00e4llikk\u00f6, Karelia-amk), Laura Tomppo (Tutkijatohtori, UEF), Brigitte Hasewend (Johtaja, ESEIA), Piritta Torssonen (Tutkijatohtori, UEF), Reijo Lappalainen (Professori, UEF), Markku Huhtinen (Lehtori, Savonia-amk) ja Tuomo Turunen (Toimitusjohtaja, Mets\u00e4palvelu Turunen Oy) <\/figcaption><\/figure>\n\n\n\n<p><\/p>\n\n\n\n<h4 class=\"wp-block-heading\">TU Graz<\/h4>\n\n\n\n<p>TU Graz on ollut mukana ESEIAN hallinnoimassa BioEnergyTrain (BET) hankkeessa, jossa tavoitteena on ollut tuottaa koulutus materiaalia ja j\u00e4rjest\u00e4\u00e4 koulutusta bioenergia-alan uusiin koulutus tarpeisiin. TU Grazin vastuulla on ollut Biorefinery MSc koulutuksen suunnittelu ja toteutus. Koulutusohjelman materiaali koostuu pienist\u00e4 erillisist\u00e4 osista \u201dnugeteista\u201d joista on helppo j\u00e4rjest\u00e4\u00e4 koulutusta my\u00f6s yritysten lyhytkestoisiin koulutustapahtumiin.<\/p>\n\n\n\n<figure class=\"wp-block-image size-large\"><img loading=\"lazy\" decoding=\"async\" width=\"1024\" height=\"576\" src=\"https:\/\/www.biotalouskoulutusitasuomi.fi\/wp-content\/uploads\/sites\/71\/2020\/03\/IMG_20180619_090846-1024x576.jpg\" alt=\"\" class=\"wp-image-293\" srcset=\"https:\/\/blogs2.uef.fi\/biotalouskoulutus\/wp-content\/uploads\/sites\/71\/2020\/03\/IMG_20180619_090846-1024x576.jpg 1024w, https:\/\/blogs2.uef.fi\/biotalouskoulutus\/wp-content\/uploads\/sites\/71\/2020\/03\/IMG_20180619_090846-300x169.jpg 300w, https:\/\/blogs2.uef.fi\/biotalouskoulutus\/wp-content\/uploads\/sites\/71\/2020\/03\/IMG_20180619_090846-768x432.jpg 768w, https:\/\/blogs2.uef.fi\/biotalouskoulutus\/wp-content\/uploads\/sites\/71\/2020\/03\/IMG_20180619_090846-1536x864.jpg 1536w, https:\/\/blogs2.uef.fi\/biotalouskoulutus\/wp-content\/uploads\/sites\/71\/2020\/03\/IMG_20180619_090846-2048x1152.jpg 2048w\" sizes=\"auto, (max-width: 1024px) 100vw, 1024px\" \/><figcaption> Vierailukohteissa ohjelma aloitettiin esittelem\u00e4ll\u00e4 is\u00e4nnille meid\u00e4n Is-bioerko -hanke ja sen tavoitteet. Kuvassa UEF:n Piritta Torssonen hankkeemme projektip\u00e4\u00e4llikk\u00f6 esittelee hankettamme TU Grazin is\u00e4nnille (prof. Wolfgang Baur (vas) ja apul.prof Marlene Kienberger (oik.)). <\/figcaption><\/figure>\n\n\n\n<h4 class=\"wp-block-heading\">Green Tech Cluster Styria<\/h4>\n\n\n\n<p>Green Tech Cluster Styria on julkisten organisaatioiden ja yritysten PPP-yhteenliittym\u00e4 ja sen tavoitteena on tukea yritysten innovaatiotoimintaa ymp\u00e4rist\u00f6yst\u00e4v\u00e4llisen tekniikan kehitt\u00e4misen alueella. GreenTechClusterin toimisto sijaitsee n\u00e4ytt\u00e4v\u00e4ss\u00e4 60 m korkeassa Science Towerissa Grazissa. Rakennus on toiminut uusien energiaratkaisuiden pilotoinnin platformina, se on esim. p\u00e4\u00e4llystetty l\u00e4pin\u00e4kyvill\u00e4 laseilla, jotka muuttavat valon s\u00e4hk\u00f6energiaksi.<\/p>\n\n\n\n<figure class=\"wp-block-image size-large\"><img loading=\"lazy\" decoding=\"async\" width=\"576\" height=\"1024\" src=\"https:\/\/www.biotalouskoulutusitasuomi.fi\/wp-content\/uploads\/sites\/71\/2020\/03\/IMG_20180619_141554-576x1024.jpg\" alt=\"\" class=\"wp-image-298\" srcset=\"https:\/\/blogs2.uef.fi\/biotalouskoulutus\/wp-content\/uploads\/sites\/71\/2020\/03\/IMG_20180619_141554-576x1024.jpg 576w, https:\/\/blogs2.uef.fi\/biotalouskoulutus\/wp-content\/uploads\/sites\/71\/2020\/03\/IMG_20180619_141554-169x300.jpg 169w, https:\/\/blogs2.uef.fi\/biotalouskoulutus\/wp-content\/uploads\/sites\/71\/2020\/03\/IMG_20180619_141554-768x1365.jpg 768w, https:\/\/blogs2.uef.fi\/biotalouskoulutus\/wp-content\/uploads\/sites\/71\/2020\/03\/IMG_20180619_141554-864x1536.jpg 864w, https:\/\/blogs2.uef.fi\/biotalouskoulutus\/wp-content\/uploads\/sites\/71\/2020\/03\/IMG_20180619_141554-1152x2048.jpg 1152w, https:\/\/blogs2.uef.fi\/biotalouskoulutus\/wp-content\/uploads\/sites\/71\/2020\/03\/IMG_20180619_141554-scaled.jpg 1440w\" sizes=\"auto, (max-width: 576px) 100vw, 576px\" \/><\/figure>\n\n\n\n<figure class=\"wp-block-image size-large\"><img loading=\"lazy\" decoding=\"async\" width=\"829\" height=\"403\" src=\"https:\/\/www.biotalouskoulutusitasuomi.fi\/wp-content\/uploads\/sites\/71\/2020\/03\/greentech-ihmiset.jpg\" alt=\"\" class=\"wp-image-300\" srcset=\"https:\/\/blogs2.uef.fi\/biotalouskoulutus\/wp-content\/uploads\/sites\/71\/2020\/03\/greentech-ihmiset.jpg 829w, https:\/\/blogs2.uef.fi\/biotalouskoulutus\/wp-content\/uploads\/sites\/71\/2020\/03\/greentech-ihmiset-300x146.jpg 300w, https:\/\/blogs2.uef.fi\/biotalouskoulutus\/wp-content\/uploads\/sites\/71\/2020\/03\/greentech-ihmiset-768x373.jpg 768w\" sizes=\"auto, (max-width: 829px) 100vw, 829px\" \/><figcaption> Kuvassa oikealla keskell\u00e4 Suomen lippua pidellen meille GreenTechClusterin toimintaa esitellyt organisaation tutkimusyhteisty\u00f6st\u00e4 vastaava projektip\u00e4\u00e4llikk\u00f6 Dr Maria Ortner.\u00a0 <\/figcaption><\/figure>\n\n\n\n<p>Green Tech Cluster Styria on arvioitu menestyksekk\u00e4imm\u00e4ksi Green Tech Clusteriksi maailmassa (ICN International Cleantech Network) ja Clusteri on saanut vuonna 2017 EU:n RegioStar palkinnon, jolla halutaan tuoda esille EU-tasolla parhaita aluekehitysk\u00e4yt\u00e4nt\u00f6j\u00e4. Green Tech Cluster Styria on my\u00f6s ESEIAN j\u00e4sen.&nbsp; Clusterissa on n. 10 ty\u00f6ntekij\u00e4\u00e4. GreenTech Clusterin palveluihin kuuluvat<\/p>\n\n\n\n<ul class=\"wp-block-list\"><li>avustaminen TKI-projektien valmistelussa ja kehittelyss\u00e4<\/li><li>tiedon tuottaminen tulevasta kehityksest\u00e4 ja mahdollisuuksista (Tech Radar)<\/li><li>avustaminen projektin eri vaiheissa aina asiakkaiden saavuttamiseen ja markkinoille p\u00e4\u00e4syyn saakka<\/li><li>edell\u00e4 olevan lis\u00e4ksi palveluita r\u00e4\u00e4t\u00e4l\u00f6id\u00e4\u00e4n asiakkaiden tarpeiden mukaan.<\/li><\/ul>\n\n\n\n<p>Clusteri pyrkii my\u00f6s edist\u00e4m\u00e4\u00e4n yliopistojen ja yrityksien yhteisty\u00f6t\u00e4 ja tarjoaa alustan yrityksien ja yliopistojen v\u00e4liselle keskustelulle ja kanssa k\u00e4ymiselle.&nbsp; BET (Bio Energy Train) \u2013 hankkeessa GreenTechClusterin vastuulla on ollut yritysten henkil\u00f6st\u00f6n t\u00e4ydennyskoulutus. Hankkeessa on yritysten tarpeista l\u00e4htien hy\u00f6dynt\u00e4en yliopistojen maisteriohjelmia varten tuotettua materiaaleja j\u00e4rjestetty<\/p>\n\n\n\n<ul class=\"wp-block-list\"><li>workshop-tyyppisist\u00e4 koulutuksista yritysten keskijohdolle (0,5- 2 pv)<\/li><li>sek\u00e4 laajempia r\u00e4\u00e4t\u00e4l\u00f6idyist\u00e4 koulutuksia<\/li><\/ul>\n\n\n\n<h4 class=\"wp-block-heading\">Matkan tuliaiset<\/h4>\n\n\n\n<p>Matkan aikana l\u00f6ydettiin lukuisia tapoja, miten it\u00e4suomalainen biotalouden osaamiskeskittym\u00e4 voi saada synergiaetua yhteisty\u00f6st\u00e4 it\u00e4valtalaisten verkostojen ja yliopistojen kanssa.<\/p>\n\n\n\n<ul class=\"wp-block-list\"><li>BET (Bio Energy Train hankkeen) materiaali saadaan k\u00e4ytt\u00f6\u00f6n Is-bioerko hankkeeseen<\/li><li>Saimme kutsun mukaan ESEIAN (Horizon 2020 LC-SC3-CC-5-2018) hankevalmisteluun. Haun aiheena Research, innovation and educational capacities building for energy transition (hakemus j\u00e4tetty ja siin\u00e4 ovat mukana Savonia ja UEF)<\/li><li>Opiskelijamme ja tutkimushenkil\u00f6st\u00f6mme voivat osallistua ESEIAN intensiivikoulutusjaksoille (esim. Organic waste utilization lab course (Lokakuu 2018 Saksa))<\/li><\/ul>\n\n\n\n<p>Muitakin mahdollisuuksia yhteisty\u00f6h\u00f6n esitettiin ESEIA:n taholta. Tulevat yhteisty\u00f6muodot on tarkoitus kirjata l\u00e4hiaikoina ESEIA:n kanssa laadittavaan yhteisty\u00f6sopimukseen.<br>Samoin saimme ajatuksia miten Is-bioerkon toimintamallia voidaan kehitt\u00e4\u00e4 ottamalla esimerkki\u00e4 erityisesti GreenTechClusterin ja ESEIAN verkostoissa toteutettavasta yhteisty\u00f6st\u00e4 yritysten, yliopistojen ja ammattikorkeakoulujen kesken.<\/p>\n\n\n\n<h4 class=\"wp-block-heading\">Muut muistot<\/h4>\n\n\n\n<p>Onneksi meille j\u00e4i hieman aikaa ty\u00f6p\u00e4iv\u00e4n p\u00e4\u00e4tteeksi nousta Grazin keskell\u00e4 olevalle Schlossbergin kukkulalle ihailemaan Grazia ymp\u00e4r\u00f6iv\u00e4n Styrian maakunnan vihre\u00e4n laakson kauniita maisemia.<\/p>\n\n\n\n<figure class=\"wp-block-image size-large\"><img loading=\"lazy\" decoding=\"async\" width=\"576\" height=\"1024\" src=\"https:\/\/www.biotalouskoulutusitasuomi.fi\/wp-content\/uploads\/sites\/71\/2020\/03\/IMG_20180618_165358-576x1024.jpg\" alt=\"\" class=\"wp-image-303\" srcset=\"https:\/\/blogs2.uef.fi\/biotalouskoulutus\/wp-content\/uploads\/sites\/71\/2020\/03\/IMG_20180618_165358-576x1024.jpg 576w, https:\/\/blogs2.uef.fi\/biotalouskoulutus\/wp-content\/uploads\/sites\/71\/2020\/03\/IMG_20180618_165358-169x300.jpg 169w, https:\/\/blogs2.uef.fi\/biotalouskoulutus\/wp-content\/uploads\/sites\/71\/2020\/03\/IMG_20180618_165358-768x1365.jpg 768w, https:\/\/blogs2.uef.fi\/biotalouskoulutus\/wp-content\/uploads\/sites\/71\/2020\/03\/IMG_20180618_165358-864x1536.jpg 864w, https:\/\/blogs2.uef.fi\/biotalouskoulutus\/wp-content\/uploads\/sites\/71\/2020\/03\/IMG_20180618_165358-1152x2048.jpg 1152w, https:\/\/blogs2.uef.fi\/biotalouskoulutus\/wp-content\/uploads\/sites\/71\/2020\/03\/IMG_20180618_165358-scaled.jpg 1440w\" sizes=\"auto, (max-width: 576px) 100vw, 576px\" \/><\/figure>\n\n\n\n<figure class=\"wp-block-image size-large\"><img loading=\"lazy\" decoding=\"async\" width=\"1024\" height=\"576\" src=\"https:\/\/www.biotalouskoulutusitasuomi.fi\/wp-content\/uploads\/sites\/71\/2020\/03\/IMG_20180618_170041-1024x576.jpg\" alt=\"\" class=\"wp-image-305\" srcset=\"https:\/\/blogs2.uef.fi\/biotalouskoulutus\/wp-content\/uploads\/sites\/71\/2020\/03\/IMG_20180618_170041-1024x576.jpg 1024w, https:\/\/blogs2.uef.fi\/biotalouskoulutus\/wp-content\/uploads\/sites\/71\/2020\/03\/IMG_20180618_170041-300x169.jpg 300w, https:\/\/blogs2.uef.fi\/biotalouskoulutus\/wp-content\/uploads\/sites\/71\/2020\/03\/IMG_20180618_170041-768x432.jpg 768w, https:\/\/blogs2.uef.fi\/biotalouskoulutus\/wp-content\/uploads\/sites\/71\/2020\/03\/IMG_20180618_170041-1536x864.jpg 1536w, https:\/\/blogs2.uef.fi\/biotalouskoulutus\/wp-content\/uploads\/sites\/71\/2020\/03\/IMG_20180618_170041-2048x1152.jpg 2048w\" sizes=\"auto, (max-width: 1024px) 100vw, 1024px\" \/><\/figure>\n\n\n\n<p> <em>Kirjoittanut: Markku Huhtinen, lehtori, Savonia-ammatikorkeakoulu<\/em> <\/p>\n","protected":false},"excerpt":{"rendered":"<p>Oppia It\u00e4vallasta Opintomatka It\u00e4valtaan 17.-21.6.2018 Biotalouden erikoistumiskoulutuksen ESR-hankkeessa \u2013 innovaatioita ja osaamista korkeakoulujen ja yritysten yhteisty\u00f6n\u00e4 It\u00e4-Suomen kasvu- ja rakennemuutosalalle (Is-bioerko) on tavoitteena kehitt\u00e4\u00e4 It\u00e4-Suomen yliopiston sek\u00e4 Savonia- ja Karelia-ammattikorkeakoulujen sek\u00e4 biotalouden yritysten ja muiden organisaation kanssa uusi ty\u00f6el\u00e4m\u00e4l\u00e4ht\u00f6isen oppimisen ja opettamisen malli.&nbsp; Mallin kehitt\u00e4miseksi ker\u00e4t\u00e4\u00e4n kokemuksia tutustumalla hyviin yritysten ja korkeakoulujen v\u00e4lisiin yhteisty\u00f6malleihin. Ensimm\u00e4inen [&hellip;]<\/p>\n","protected":false},"author":1,"featured_media":0,"comment_status":"open","ping_status":"open","sticky":false,"template":"","format":"standard","meta":{"_acf_changed":false,"_relevanssi_hide_post":"","_relevanssi_hide_content":"","_relevanssi_pin_for_all":"","_relevanssi_pin_keywords":"","_relevanssi_unpin_keywords":"","_relevanssi_related_keywords":"","_relevanssi_related_include_ids":"","_relevanssi_related_exclude_ids":"","_relevanssi_related_no_append":"","_relevanssi_related_not_related":"","_relevanssi_related_posts":"","_relevanssi_noindex_reason":"","footnotes":""},"categories":[1,16],"tags":[75],"class_list":["post-289","post","type-post","status-publish","format-standard","hentry","category-kaikki","category-kehittaminen","tag-koulutuksen-kehittaminen"],"acf":[],"yoast_head":"<!-- This site is optimized with the Yoast SEO plugin v27.3 - https:\/\/yoast.com\/product\/yoast-seo-wordpress\/ -->\n<title>Opintomatka It\u00e4valtaan - Biotalouden erikoistumiskoulutus It\u00e4-Suomi<\/title>\n<meta name=\"robots\" content=\"index, follow, max-snippet:-1, max-image-preview:large, max-video-preview:-1\" \/>\n<link rel=\"canonical\" href=\"https:\/\/blogs2.uef.fi\/biotalouskoulutus\/opintomatka-itavaltaan\/\" \/>\n<meta property=\"og:locale\" content=\"fi_FI\" \/>\n<meta property=\"og:type\" content=\"article\" \/>\n<meta property=\"og:title\" content=\"Opintomatka It\u00e4valtaan - Biotalouden erikoistumiskoulutus It\u00e4-Suomi\" \/>\n<meta property=\"og:description\" content=\"Oppia It\u00e4vallasta Opintomatka It\u00e4valtaan 17.-21.6.2018 Biotalouden erikoistumiskoulutuksen ESR-hankkeessa \u2013 innovaatioita ja osaamista korkeakoulujen ja yritysten yhteisty\u00f6n\u00e4 It\u00e4-Suomen kasvu- ja rakennemuutosalalle (Is-bioerko) on tavoitteena kehitt\u00e4\u00e4 It\u00e4-Suomen yliopiston sek\u00e4 Savonia- ja Karelia-ammattikorkeakoulujen sek\u00e4 biotalouden yritysten ja muiden organisaation kanssa uusi ty\u00f6el\u00e4m\u00e4l\u00e4ht\u00f6isen oppimisen ja opettamisen malli.&nbsp; Mallin kehitt\u00e4miseksi ker\u00e4t\u00e4\u00e4n kokemuksia tutustumalla hyviin yritysten ja korkeakoulujen v\u00e4lisiin yhteisty\u00f6malleihin. Ensimm\u00e4inen [&hellip;]\" \/>\n<meta property=\"og:url\" content=\"https:\/\/blogs2.uef.fi\/biotalouskoulutus\/opintomatka-itavaltaan\/\" \/>\n<meta property=\"og:site_name\" content=\"Biotalouden erikoistumiskoulutus It\u00e4-Suomi\" \/>\n<meta property=\"article:published_time\" content=\"2018-11-21T08:20:11+00:00\" \/>\n<meta property=\"article:modified_time\" content=\"2020-03-23T08:40:36+00:00\" \/>\n<meta property=\"og:image\" content=\"https:\/\/www.biotalouskoulutusitasuomi.fi\/wp-content\/uploads\/sites\/71\/2020\/03\/Eseia-1024x683.jpg\" \/>\n<meta name=\"author\" content=\"uef-admin\" \/>\n<meta name=\"twitter:card\" content=\"summary_large_image\" \/>\n<meta name=\"twitter:label1\" content=\"Kirjoittanut\" \/>\n\t<meta name=\"twitter:data1\" content=\"uef-admin\" \/>\n\t<meta name=\"twitter:label2\" content=\"Arvioitu lukuaika\" \/>\n\t<meta name=\"twitter:data2\" content=\"4 minuuttia\" \/>\n<script type=\"application\/ld+json\" class=\"yoast-schema-graph\">{\"@context\":\"https:\\\/\\\/schema.org\",\"@graph\":[{\"@type\":\"Article\",\"@id\":\"https:\\\/\\\/blogs2.uef.fi\\\/biotalouskoulutus\\\/opintomatka-itavaltaan\\\/#article\",\"isPartOf\":{\"@id\":\"https:\\\/\\\/blogs2.uef.fi\\\/biotalouskoulutus\\\/opintomatka-itavaltaan\\\/\"},\"author\":{\"name\":\"uef-admin\",\"@id\":\"https:\\\/\\\/www.biotalouskoulutus.fi\\\/#\\\/schema\\\/person\\\/c36c0ef8987442464f305d2a698e5538\"},\"headline\":\"Opintomatka It\u00e4valtaan\",\"datePublished\":\"2018-11-21T08:20:11+00:00\",\"dateModified\":\"2020-03-23T08:40:36+00:00\",\"mainEntityOfPage\":{\"@id\":\"https:\\\/\\\/blogs2.uef.fi\\\/biotalouskoulutus\\\/opintomatka-itavaltaan\\\/\"},\"wordCount\":818,\"commentCount\":0,\"image\":{\"@id\":\"https:\\\/\\\/blogs2.uef.fi\\\/biotalouskoulutus\\\/opintomatka-itavaltaan\\\/#primaryimage\"},\"thumbnailUrl\":\"https:\\\/\\\/www.biotalouskoulutusitasuomi.fi\\\/wp-content\\\/uploads\\\/sites\\\/71\\\/2020\\\/03\\\/Eseia-1024x683.jpg\",\"keywords\":[\"koulutuksen kehitt\u00e4minen\"],\"articleSection\":[\"Kaikki blogit\",\"Koulutuksen kehitt\u00e4minen\"],\"inLanguage\":\"fi\",\"potentialAction\":[{\"@type\":\"CommentAction\",\"name\":\"Comment\",\"target\":[\"https:\\\/\\\/blogs2.uef.fi\\\/biotalouskoulutus\\\/opintomatka-itavaltaan\\\/#respond\"]}]},{\"@type\":\"WebPage\",\"@id\":\"https:\\\/\\\/blogs2.uef.fi\\\/biotalouskoulutus\\\/opintomatka-itavaltaan\\\/\",\"url\":\"https:\\\/\\\/blogs2.uef.fi\\\/biotalouskoulutus\\\/opintomatka-itavaltaan\\\/\",\"name\":\"Opintomatka It\u00e4valtaan - Biotalouden erikoistumiskoulutus It\u00e4-Suomi\",\"isPartOf\":{\"@id\":\"https:\\\/\\\/www.biotalouskoulutus.fi\\\/#website\"},\"primaryImageOfPage\":{\"@id\":\"https:\\\/\\\/blogs2.uef.fi\\\/biotalouskoulutus\\\/opintomatka-itavaltaan\\\/#primaryimage\"},\"image\":{\"@id\":\"https:\\\/\\\/blogs2.uef.fi\\\/biotalouskoulutus\\\/opintomatka-itavaltaan\\\/#primaryimage\"},\"thumbnailUrl\":\"https:\\\/\\\/www.biotalouskoulutusitasuomi.fi\\\/wp-content\\\/uploads\\\/sites\\\/71\\\/2020\\\/03\\\/Eseia-1024x683.jpg\",\"datePublished\":\"2018-11-21T08:20:11+00:00\",\"dateModified\":\"2020-03-23T08:40:36+00:00\",\"author\":{\"@id\":\"https:\\\/\\\/www.biotalouskoulutus.fi\\\/#\\\/schema\\\/person\\\/c36c0ef8987442464f305d2a698e5538\"},\"breadcrumb\":{\"@id\":\"https:\\\/\\\/blogs2.uef.fi\\\/biotalouskoulutus\\\/opintomatka-itavaltaan\\\/#breadcrumb\"},\"inLanguage\":\"fi\",\"potentialAction\":[{\"@type\":\"ReadAction\",\"target\":[\"https:\\\/\\\/blogs2.uef.fi\\\/biotalouskoulutus\\\/opintomatka-itavaltaan\\\/\"]}]},{\"@type\":\"ImageObject\",\"inLanguage\":\"fi\",\"@id\":\"https:\\\/\\\/blogs2.uef.fi\\\/biotalouskoulutus\\\/opintomatka-itavaltaan\\\/#primaryimage\",\"url\":\"https:\\\/\\\/www.biotalouskoulutusitasuomi.fi\\\/wp-content\\\/uploads\\\/sites\\\/71\\\/2020\\\/03\\\/Eseia-1024x683.jpg\",\"contentUrl\":\"https:\\\/\\\/www.biotalouskoulutusitasuomi.fi\\\/wp-content\\\/uploads\\\/sites\\\/71\\\/2020\\\/03\\\/Eseia-1024x683.jpg\"},{\"@type\":\"BreadcrumbList\",\"@id\":\"https:\\\/\\\/blogs2.uef.fi\\\/biotalouskoulutus\\\/opintomatka-itavaltaan\\\/#breadcrumb\",\"itemListElement\":[{\"@type\":\"ListItem\",\"position\":1,\"name\":\"Home\",\"item\":\"https:\\\/\\\/www.biotalouskoulutus.fi\\\/\"},{\"@type\":\"ListItem\",\"position\":2,\"name\":\"Opintomatka It\u00e4valtaan\"}]},{\"@type\":\"WebSite\",\"@id\":\"https:\\\/\\\/www.biotalouskoulutus.fi\\\/#website\",\"url\":\"https:\\\/\\\/www.biotalouskoulutus.fi\\\/\",\"name\":\"Biotalouden erikoistumiskoulutus It\u00e4-Suomi\",\"description\":\"Biotalouden erikoistumiskoulutus It\u00e4-Suomessa - innovaatioita ja osaamista korkeakoulujen ja yritysen yhteisty\u00f6n\u00e4. Koulutuksen painotukset: mets\u00e4biotalous, biotalouden sivuvirrat, biojalostus ja energiabiotalous.\",\"potentialAction\":[{\"@type\":\"SearchAction\",\"target\":{\"@type\":\"EntryPoint\",\"urlTemplate\":\"https:\\\/\\\/www.biotalouskoulutus.fi\\\/?s={search_term_string}\"},\"query-input\":{\"@type\":\"PropertyValueSpecification\",\"valueRequired\":true,\"valueName\":\"search_term_string\"}}],\"inLanguage\":\"fi\"},{\"@type\":\"Person\",\"@id\":\"https:\\\/\\\/www.biotalouskoulutus.fi\\\/#\\\/schema\\\/person\\\/c36c0ef8987442464f305d2a698e5538\",\"name\":\"uef-admin\",\"image\":{\"@type\":\"ImageObject\",\"inLanguage\":\"fi\",\"@id\":\"https:\\\/\\\/secure.gravatar.com\\\/avatar\\\/6c9f5016c320b72333096361e494f2c004505657367d2847a11e96de0655f758?s=96&d=mm&r=g\",\"url\":\"https:\\\/\\\/secure.gravatar.com\\\/avatar\\\/6c9f5016c320b72333096361e494f2c004505657367d2847a11e96de0655f758?s=96&d=mm&r=g\",\"contentUrl\":\"https:\\\/\\\/secure.gravatar.com\\\/avatar\\\/6c9f5016c320b72333096361e494f2c004505657367d2847a11e96de0655f758?s=96&d=mm&r=g\",\"caption\":\"uef-admin\"},\"url\":\"https:\\\/\\\/blogs2.uef.fi\\\/biotalouskoulutus\\\/author\\\/uef-admin\\\/\"}]}<\/script>\n<!-- \/ Yoast SEO plugin. -->","yoast_head_json":{"title":"Opintomatka It\u00e4valtaan - Biotalouden erikoistumiskoulutus It\u00e4-Suomi","robots":{"index":"index","follow":"follow","max-snippet":"max-snippet:-1","max-image-preview":"max-image-preview:large","max-video-preview":"max-video-preview:-1"},"canonical":"https:\/\/blogs2.uef.fi\/biotalouskoulutus\/opintomatka-itavaltaan\/","og_locale":"fi_FI","og_type":"article","og_title":"Opintomatka It\u00e4valtaan - Biotalouden erikoistumiskoulutus It\u00e4-Suomi","og_description":"Oppia It\u00e4vallasta Opintomatka It\u00e4valtaan 17.-21.6.2018 Biotalouden erikoistumiskoulutuksen ESR-hankkeessa \u2013 innovaatioita ja osaamista korkeakoulujen ja yritysten yhteisty\u00f6n\u00e4 It\u00e4-Suomen kasvu- ja rakennemuutosalalle (Is-bioerko) on tavoitteena kehitt\u00e4\u00e4 It\u00e4-Suomen yliopiston sek\u00e4 Savonia- ja Karelia-ammattikorkeakoulujen sek\u00e4 biotalouden yritysten ja muiden organisaation kanssa uusi ty\u00f6el\u00e4m\u00e4l\u00e4ht\u00f6isen oppimisen ja opettamisen malli.&nbsp; Mallin kehitt\u00e4miseksi ker\u00e4t\u00e4\u00e4n kokemuksia tutustumalla hyviin yritysten ja korkeakoulujen v\u00e4lisiin yhteisty\u00f6malleihin. Ensimm\u00e4inen [&hellip;]","og_url":"https:\/\/blogs2.uef.fi\/biotalouskoulutus\/opintomatka-itavaltaan\/","og_site_name":"Biotalouden erikoistumiskoulutus It\u00e4-Suomi","article_published_time":"2018-11-21T08:20:11+00:00","article_modified_time":"2020-03-23T08:40:36+00:00","og_image":[{"url":"https:\/\/www.biotalouskoulutusitasuomi.fi\/wp-content\/uploads\/sites\/71\/2020\/03\/Eseia-1024x683.jpg","type":"","width":"","height":""}],"author":"uef-admin","twitter_card":"summary_large_image","twitter_misc":{"Kirjoittanut":"uef-admin","Arvioitu lukuaika":"4 minuuttia"},"schema":{"@context":"https:\/\/schema.org","@graph":[{"@type":"Article","@id":"https:\/\/blogs2.uef.fi\/biotalouskoulutus\/opintomatka-itavaltaan\/#article","isPartOf":{"@id":"https:\/\/blogs2.uef.fi\/biotalouskoulutus\/opintomatka-itavaltaan\/"},"author":{"name":"uef-admin","@id":"https:\/\/www.biotalouskoulutus.fi\/#\/schema\/person\/c36c0ef8987442464f305d2a698e5538"},"headline":"Opintomatka It\u00e4valtaan","datePublished":"2018-11-21T08:20:11+00:00","dateModified":"2020-03-23T08:40:36+00:00","mainEntityOfPage":{"@id":"https:\/\/blogs2.uef.fi\/biotalouskoulutus\/opintomatka-itavaltaan\/"},"wordCount":818,"commentCount":0,"image":{"@id":"https:\/\/blogs2.uef.fi\/biotalouskoulutus\/opintomatka-itavaltaan\/#primaryimage"},"thumbnailUrl":"https:\/\/www.biotalouskoulutusitasuomi.fi\/wp-content\/uploads\/sites\/71\/2020\/03\/Eseia-1024x683.jpg","keywords":["koulutuksen kehitt\u00e4minen"],"articleSection":["Kaikki blogit","Koulutuksen kehitt\u00e4minen"],"inLanguage":"fi","potentialAction":[{"@type":"CommentAction","name":"Comment","target":["https:\/\/blogs2.uef.fi\/biotalouskoulutus\/opintomatka-itavaltaan\/#respond"]}]},{"@type":"WebPage","@id":"https:\/\/blogs2.uef.fi\/biotalouskoulutus\/opintomatka-itavaltaan\/","url":"https:\/\/blogs2.uef.fi\/biotalouskoulutus\/opintomatka-itavaltaan\/","name":"Opintomatka It\u00e4valtaan - Biotalouden erikoistumiskoulutus It\u00e4-Suomi","isPartOf":{"@id":"https:\/\/www.biotalouskoulutus.fi\/#website"},"primaryImageOfPage":{"@id":"https:\/\/blogs2.uef.fi\/biotalouskoulutus\/opintomatka-itavaltaan\/#primaryimage"},"image":{"@id":"https:\/\/blogs2.uef.fi\/biotalouskoulutus\/opintomatka-itavaltaan\/#primaryimage"},"thumbnailUrl":"https:\/\/www.biotalouskoulutusitasuomi.fi\/wp-content\/uploads\/sites\/71\/2020\/03\/Eseia-1024x683.jpg","datePublished":"2018-11-21T08:20:11+00:00","dateModified":"2020-03-23T08:40:36+00:00","author":{"@id":"https:\/\/www.biotalouskoulutus.fi\/#\/schema\/person\/c36c0ef8987442464f305d2a698e5538"},"breadcrumb":{"@id":"https:\/\/blogs2.uef.fi\/biotalouskoulutus\/opintomatka-itavaltaan\/#breadcrumb"},"inLanguage":"fi","potentialAction":[{"@type":"ReadAction","target":["https:\/\/blogs2.uef.fi\/biotalouskoulutus\/opintomatka-itavaltaan\/"]}]},{"@type":"ImageObject","inLanguage":"fi","@id":"https:\/\/blogs2.uef.fi\/biotalouskoulutus\/opintomatka-itavaltaan\/#primaryimage","url":"https:\/\/www.biotalouskoulutusitasuomi.fi\/wp-content\/uploads\/sites\/71\/2020\/03\/Eseia-1024x683.jpg","contentUrl":"https:\/\/www.biotalouskoulutusitasuomi.fi\/wp-content\/uploads\/sites\/71\/2020\/03\/Eseia-1024x683.jpg"},{"@type":"BreadcrumbList","@id":"https:\/\/blogs2.uef.fi\/biotalouskoulutus\/opintomatka-itavaltaan\/#breadcrumb","itemListElement":[{"@type":"ListItem","position":1,"name":"Home","item":"https:\/\/www.biotalouskoulutus.fi\/"},{"@type":"ListItem","position":2,"name":"Opintomatka It\u00e4valtaan"}]},{"@type":"WebSite","@id":"https:\/\/www.biotalouskoulutus.fi\/#website","url":"https:\/\/www.biotalouskoulutus.fi\/","name":"Biotalouden erikoistumiskoulutus It\u00e4-Suomi","description":"Biotalouden erikoistumiskoulutus It\u00e4-Suomessa - innovaatioita ja osaamista korkeakoulujen ja yritysen yhteisty\u00f6n\u00e4. Koulutuksen painotukset: mets\u00e4biotalous, biotalouden sivuvirrat, biojalostus ja energiabiotalous.","potentialAction":[{"@type":"SearchAction","target":{"@type":"EntryPoint","urlTemplate":"https:\/\/www.biotalouskoulutus.fi\/?s={search_term_string}"},"query-input":{"@type":"PropertyValueSpecification","valueRequired":true,"valueName":"search_term_string"}}],"inLanguage":"fi"},{"@type":"Person","@id":"https:\/\/www.biotalouskoulutus.fi\/#\/schema\/person\/c36c0ef8987442464f305d2a698e5538","name":"uef-admin","image":{"@type":"ImageObject","inLanguage":"fi","@id":"https:\/\/secure.gravatar.com\/avatar\/6c9f5016c320b72333096361e494f2c004505657367d2847a11e96de0655f758?s=96&d=mm&r=g","url":"https:\/\/secure.gravatar.com\/avatar\/6c9f5016c320b72333096361e494f2c004505657367d2847a11e96de0655f758?s=96&d=mm&r=g","contentUrl":"https:\/\/secure.gravatar.com\/avatar\/6c9f5016c320b72333096361e494f2c004505657367d2847a11e96de0655f758?s=96&d=mm&r=g","caption":"uef-admin"},"url":"https:\/\/blogs2.uef.fi\/biotalouskoulutus\/author\/uef-admin\/"}]}},"_links":{"self":[{"href":"https:\/\/blogs2.uef.fi\/biotalouskoulutus\/wp-json\/wp\/v2\/posts\/289","targetHints":{"allow":["GET"]}}],"collection":[{"href":"https:\/\/blogs2.uef.fi\/biotalouskoulutus\/wp-json\/wp\/v2\/posts"}],"about":[{"href":"https:\/\/blogs2.uef.fi\/biotalouskoulutus\/wp-json\/wp\/v2\/types\/post"}],"author":[{"embeddable":true,"href":"https:\/\/blogs2.uef.fi\/biotalouskoulutus\/wp-json\/wp\/v2\/users\/1"}],"replies":[{"embeddable":true,"href":"https:\/\/blogs2.uef.fi\/biotalouskoulutus\/wp-json\/wp\/v2\/comments?post=289"}],"version-history":[{"count":2,"href":"https:\/\/blogs2.uef.fi\/biotalouskoulutus\/wp-json\/wp\/v2\/posts\/289\/revisions"}],"predecessor-version":[{"id":426,"href":"https:\/\/blogs2.uef.fi\/biotalouskoulutus\/wp-json\/wp\/v2\/posts\/289\/revisions\/426"}],"wp:attachment":[{"href":"https:\/\/blogs2.uef.fi\/biotalouskoulutus\/wp-json\/wp\/v2\/media?parent=289"}],"wp:term":[{"taxonomy":"category","embeddable":true,"href":"https:\/\/blogs2.uef.fi\/biotalouskoulutus\/wp-json\/wp\/v2\/categories?post=289"},{"taxonomy":"post_tag","embeddable":true,"href":"https:\/\/blogs2.uef.fi\/biotalouskoulutus\/wp-json\/wp\/v2\/tags?post=289"}],"curies":[{"name":"wp","href":"https:\/\/api.w.org\/{rel}","templated":true}]}}