{"id":3016,"date":"2022-01-25T08:06:49","date_gmt":"2022-01-25T06:06:49","guid":{"rendered":"https:\/\/www.biotalouskoulutusitasuomi.fi\/?p=3016"},"modified":"2022-12-28T14:00:21","modified_gmt":"2022-12-28T12:00:21","slug":"biotalous-ja-elinikaisen-oppimisen-suositukset-osa-2","status":"publish","type":"post","link":"https:\/\/blogs2.uef.fi\/biotalouskoulutus\/biotalous-ja-elinikaisen-oppimisen-suositukset-osa-2\/","title":{"rendered":"Biotalous ja elinik\u00e4isen oppimisen suositukset \u2013 osa 2"},"content":{"rendered":"<p>Paukkuvat pakkaset ovat siivitt\u00e4neet meit\u00e4 It\u00e4-Suomessa kohti vuoden ensimm\u00e4isi\u00e4 biotalouden tekoja. Join-bioerko -hankkeessa on ehditty jo vuoden vaihteen j\u00e4lkeen paneutua niin paikallisiin kuin kansainv\u00e4lisiinkin biotaloushaasteisiin ja lis\u00e4ksi uusi biotalouden erikoistumiskoulutuksen ryhm\u00e4 odottaa jo k\u00e4rsim\u00e4tt\u00f6m\u00e4sti ensimm\u00e4isi\u00e4 et\u00e4p\u00e4ivi\u00e4 ja koulutuksen alkua. Nyt uuden koulutuksen alkaessa onkin hyv\u00e4 palata vuoden 2021 viimeisimp\u00e4\u00e4n blogikirjoitukseemme, jossa porauduimme Sitran \u201d<a href=\"https:\/\/media.sitra.fi\/2021\/12\/12140526\/sitra-milla-suosituksilla.pdf\">Mill\u00e4 suosituksilla? \u2013 Kohti elinik\u00e4isen oppimisen Suomea<\/a>\u201d -selvityksen suosituksiin 1,2 ja 4. T\u00e4ss\u00e4 kirjoituksessa syvennymmekin luvatusti selvityksen loppuosan kohtiin 5-7.<\/p>\n<p><strong>5. \u201dToimijat kehitt\u00e4v\u00e4t tavoitteellisia osaamisen uudistumisen ekosysteemej\u00e4.\u201d<\/strong><\/p>\n<p>Sek\u00e4 Join-bioerko -hankkeen ett\u00e4 biotalouden erikoistumiskoulutuksen yksi t\u00e4rkeimpi\u00e4 tavoitteita on luoda osaamista jakavaa ja uutta luovaa verkostoa biotalouden alalle ja sen eri toimijoiden v\u00e4lille. Biotalouden erikoistumiskoulutuksen osalta t\u00e4m\u00e4 toteutuu jo itsess\u00e4\u00e4n opiskelijoiden v\u00e4lill\u00e4, kun eri taustaiset biotalouden osaajat kohtaavat, mutta lis\u00e4ksi my\u00f6s siin\u00e4, ett\u00e4 koulutuksen aikana tutustutaan useisiin biotalouden alan toimijoihin ja yrityksiin, tehd\u00e4\u00e4n yritysyhteisty\u00f6ss\u00e4 kehitt\u00e4misteht\u00e4vi\u00e4 sek\u00e4 tietysti verkostoidutaan my\u00f6s it\u00e4suomalaisten korkeakoulujen biotalousalan opettajien ja TKI-henkil\u00f6st\u00f6n kanssa.<\/p>\n<p>Join-bioerko-hankkeessa puolestaan yhten\u00e4 suurena tavoitteena on kehitt\u00e4\u00e4 todellinen verkostopohja biotalouden toimijoille yhteisty\u00f6n mahdollistamiseksi. Verkosto on t\u00e4ll\u00e4 hetkell\u00e4 viel\u00e4 kehityksen alla, mutta tarkoituksena on, ett\u00e4 se tukisi sek\u00e4 paikallisten toimijoiden, biotalouden erikoistumiskoulutuksen entisten ja nykyisten opiskelijoiden, korkeakoulujen sek\u00e4 kaikkien muidenkin biotaloudesta kiinnostuneiden verkostoitumista ja tiedonjakoa ja olisi yhteyksiss\u00e4 my\u00f6s jo olemassa oleviin alan verkostoihin.<\/p>\n<p>Jatkuvan oppimisen n\u00e4k\u00f6kulmasta oppijan osaaminen kehittyy vahvasti my\u00f6s muilla el\u00e4m\u00e4n osa-alueilla kuin oppilaitosten j\u00e4rjest\u00e4miss\u00e4 opinnoissa, esimerkiksi ty\u00f6paikoilla ja harrastuksissa. T\u00e4h\u00e4n kuuluvat my\u00f6s koulutuspalveluja tarjoavat yritykset. Osa t\u00e4t\u00e4 osaamisen uudistumisen ekosysteemi\u00e4 ovatkin oppilaitosten oppimisymp\u00e4rist\u00f6t, joiden avaaminen yritysten ja muiden toimijoiden k\u00e4ytt\u00f6\u00f6n, tukee my\u00f6s jatkuvan oppimisen periaatetta. Esimerkiksi Karelia-ammattikorkeakoulun Sirkkalan energiapuisto on oppimis- ja tki-ymp\u00e4rist\u00f6, jonka hy\u00f6dynt\u00e4minen biotalousyritysten tutkimus-, kehitt\u00e4mis- ja innovaatiotoiminnassa on mahdollista. Join-bioerko-hankkeessa toteuttajakorkeakoulujen oppimis- ja tki-ymp\u00e4rist\u00f6jen laajempi hy\u00f6dynt\u00e4minen mahdollistuu kehitteill\u00e4 olevan biotalouden alan verkoston kautta.<\/p>\n<p><strong>6. \u201dElinik\u00e4isen oppimisen toimijat tuottavat ja hy\u00f6dynt\u00e4v\u00e4t laadukasta tietoa.\u201d<\/strong><\/p>\n<p>Yhteisty\u00f6n rakentaminen ja luominen eri toimijoiden v\u00e4lille on ensimm\u00e4inen ja t\u00e4rkein askel kohti toimivaa tiedonv\u00e4litysj\u00e4rjestelm\u00e4\u00e4. Karelia- ja Savonia-ammattikorkeakoulut sek\u00e4 It\u00e4-Suomen yliopisto toimivat Join-bioerko-hankkeessa ja biotalouden erikoistumiskoulutuksessa keskeisess\u00e4 asiantuntijaroolissa edist\u00e4en tutkimustiedon hy\u00f6dynt\u00e4mist\u00e4 biotalousalalla. Join-bioerko-hankkeeseen liittyv\u00e4n verkoston luomisen yksi t\u00e4rkeimmist\u00e4 ajatuksista on saada jaettua niin korkeakoulujen kuin muidenkin luotettavien l\u00e4hteiden tuottamaa tietoa helpommin ja tehokkaammin alan yritysten ja toimijoiden tietoisuuteen. Biotalouden erikoistumiskoulutuksessa syvennyt\u00e4\u00e4n puolestaan esimerkiksi tiedon kriittiseen arviointiin kehitt\u00e4misteht\u00e4vien toteutuksessa. Kehitt\u00e4misteht\u00e4viss\u00e4 korostuvat tiedon ker\u00e4\u00e4miseen ja sen analysointiin liittyv\u00e4t menetelm\u00e4t, joiden avulla vahvistetaan toimijoiden laadukasta tiedon tuotantoa. Lis\u00e4ksi Join-bioerko-hankkeessa on my\u00f6s muun muassa viime syksyn\u00e4 toteutettu Sustainable Solutions for Circular Bio-based World -opintojakso yhteisty\u00f6ss\u00e4 chilel\u00e4isten kumppanikorkeakoulujen kanssa. Se mahdollisti suomalaisen osaamisen ja tietotaidon viemisen ja levitt\u00e4misen my\u00f6s Suomen rajojen ulkopuolelle.<\/p>\n<p><strong>7. \u201dRakennetaan laaja-alainen ja eri toimijat mukaan ottava tiedolla johtamisen toimintamalli.\u201d<\/strong><\/p>\n<p>Kest\u00e4vyys- ja laatuajattelussa johdon sitoutuminen on hyvin keskeisess\u00e4 roolissa. Vain johdon sitoutumisen ja johdon asettamien strategisten tavoitteiden kautta, voi organisaation toiminta kehitty\u00e4. Jatkuvan parantamisen n\u00e4k\u00f6kulmasta tarvitaan laadukasta indikaattoritietoa, jonka perusteella toimintaa voidaan edelleen kehitt\u00e4\u00e4 ja tehostaa. Biotalouden erikoistumiskoulutus antaa opiskelijoille ev\u00e4it\u00e4 biotalousalan yritysten toiminnan kehitt\u00e4miselle ja strategisten tavoitteiden edist\u00e4miselle sek\u00e4 antaa suuntaviivoja mahdollisesti tarvittavalle suunnanmuutokselle. Biotalouden erikoistumiskoulutuksessa yhten\u00e4 keskeisimmist\u00e4 opintojaksoista toimiikin juuri \u201dMuutoksen asiantuntijuus ja johtaminen biotaloudessa\u201d -opintojakso, jonka aikana opiskelijat perehdytet\u00e4\u00e4n toimimaan biotalousalalla asiantuntija- ja johtajaroolissa ja heid\u00e4t koulutetaan viestim\u00e4\u00e4n biotalousalasta ja -alalla.<\/p>\n<p>Kaiken kaikkiaan elinik\u00e4isen oppimisen suositukset tulevat hyvin huomioiduksi sek\u00e4 Join-bioerko-hankkeessa ett\u00e4 biotalouden erikoistumiskoulutuksessa. Join-bioerko-hankkeessa t\u00e4m\u00e4n vuoden tavoitteena on panostaa erityisesti mm. pienempien opintokokonaisuuksien kehitt\u00e4miseen sek\u00e4 it\u00e4suomalaisen biotalouden verkoston rakentamiseen. Biotalouden erikoistumiskoulutuksen osalta aloitellaan puolestaan uuden ryhm\u00e4n kanssa ihan n\u00e4in\u00e4 p\u00e4ivin\u00e4.<\/p>\n<p><em>Kirjoittajat: Anniina Kontiokorpi ja Sini Rantanen, Karelia-ammattikorkeakoulu<\/em><\/p>\n<p>Lue my\u00f6s: <a href=\"https:\/\/www.biotalouskoulutusitasuomi.fi\/biotalous-ja-elinikaisen-oppimisen-suositukset\/\">Biotalous ja elinik\u00e4isen oppimisen suositukset &#8211; osa 1<\/a><\/p>\n","protected":false},"excerpt":{"rendered":"<p>Paukkuvat pakkaset ovat siivitt\u00e4neet meit\u00e4 It\u00e4-Suomessa kohti vuoden ensimm\u00e4isi\u00e4 biotalouden tekoja. Join-bioerko -hankkeessa on ehditty jo vuoden vaihteen j\u00e4lkeen paneutua niin paikallisiin kuin kansainv\u00e4lisiinkin biotaloushaasteisiin ja lis\u00e4ksi uusi biotalouden erikoistumiskoulutuksen ryhm\u00e4 odottaa jo k\u00e4rsim\u00e4tt\u00f6m\u00e4sti ensimm\u00e4isi\u00e4 et\u00e4p\u00e4ivi\u00e4 ja koulutuksen alkua. Nyt uuden koulutuksen alkaessa onkin hyv\u00e4 palata vuoden 2021 viimeisimp\u00e4\u00e4n blogikirjoitukseemme, jossa porauduimme Sitran \u201dMill\u00e4 suosituksilla? [&hellip;]<\/p>\n","protected":false},"author":265,"featured_media":3022,"comment_status":"closed","ping_status":"closed","sticky":false,"template":"","format":"standard","meta":{"_acf_changed":false,"_relevanssi_hide_post":"","_relevanssi_hide_content":"","_relevanssi_pin_for_all":"","_relevanssi_pin_keywords":"","_relevanssi_unpin_keywords":"","_relevanssi_related_keywords":"","_relevanssi_related_include_ids":"","_relevanssi_related_exclude_ids":"","_relevanssi_related_no_append":"","_relevanssi_related_not_related":"","_relevanssi_related_posts":"","_relevanssi_noindex_reason":"","footnotes":""},"categories":[1,16],"tags":[],"class_list":["post-3016","post","type-post","status-publish","format-standard","has-post-thumbnail","hentry","category-kaikki","category-kehittaminen"],"acf":[],"yoast_head":"<!-- This site is optimized with the Yoast SEO plugin v27.3 - https:\/\/yoast.com\/product\/yoast-seo-wordpress\/ -->\n<title>Biotalous ja elinik\u00e4isen oppimisen suositukset \u2013 osa 2 - Biotalouden erikoistumiskoulutus It\u00e4-Suomi<\/title>\n<meta name=\"robots\" content=\"index, follow, max-snippet:-1, max-image-preview:large, max-video-preview:-1\" \/>\n<link rel=\"canonical\" href=\"https:\/\/blogs2.uef.fi\/biotalouskoulutus\/biotalous-ja-elinikaisen-oppimisen-suositukset-osa-2\/\" \/>\n<meta property=\"og:locale\" content=\"fi_FI\" \/>\n<meta property=\"og:type\" content=\"article\" \/>\n<meta property=\"og:title\" content=\"Biotalous ja elinik\u00e4isen oppimisen suositukset \u2013 osa 2 - Biotalouden erikoistumiskoulutus It\u00e4-Suomi\" \/>\n<meta property=\"og:description\" content=\"Paukkuvat pakkaset ovat siivitt\u00e4neet meit\u00e4 It\u00e4-Suomessa kohti vuoden ensimm\u00e4isi\u00e4 biotalouden tekoja. Join-bioerko -hankkeessa on ehditty jo vuoden vaihteen j\u00e4lkeen paneutua niin paikallisiin kuin kansainv\u00e4lisiinkin biotaloushaasteisiin ja lis\u00e4ksi uusi biotalouden erikoistumiskoulutuksen ryhm\u00e4 odottaa jo k\u00e4rsim\u00e4tt\u00f6m\u00e4sti ensimm\u00e4isi\u00e4 et\u00e4p\u00e4ivi\u00e4 ja koulutuksen alkua. Nyt uuden koulutuksen alkaessa onkin hyv\u00e4 palata vuoden 2021 viimeisimp\u00e4\u00e4n blogikirjoitukseemme, jossa porauduimme Sitran \u201dMill\u00e4 suosituksilla? [&hellip;]\" \/>\n<meta property=\"og:url\" content=\"https:\/\/blogs2.uef.fi\/biotalouskoulutus\/biotalous-ja-elinikaisen-oppimisen-suositukset-osa-2\/\" \/>\n<meta property=\"og:site_name\" content=\"Biotalouden erikoistumiskoulutus It\u00e4-Suomi\" \/>\n<meta property=\"article:published_time\" content=\"2022-01-25T06:06:49+00:00\" \/>\n<meta property=\"article:modified_time\" content=\"2022-12-28T12:00:21+00:00\" \/>\n<meta property=\"og:image\" content=\"https:\/\/blogs2.uef.fi\/biotalouskoulutus\/wp-content\/uploads\/sites\/71\/2022\/01\/isabella-and-zsa-fischer-uSPjZzYwXO4-unsplash-e1643090775637.jpg\" \/>\n\t<meta property=\"og:image:width\" content=\"2279\" \/>\n\t<meta property=\"og:image:height\" content=\"803\" \/>\n\t<meta property=\"og:image:type\" content=\"image\/jpeg\" \/>\n<meta name=\"author\" content=\"lekokkon\" \/>\n<meta name=\"twitter:card\" content=\"summary_large_image\" \/>\n<meta name=\"twitter:label1\" content=\"Kirjoittanut\" \/>\n\t<meta name=\"twitter:data1\" content=\"lekokkon\" \/>\n\t<meta name=\"twitter:label2\" content=\"Arvioitu lukuaika\" \/>\n\t<meta name=\"twitter:data2\" content=\"3 minuuttia\" \/>\n<script type=\"application\/ld+json\" class=\"yoast-schema-graph\">{\"@context\":\"https:\\\/\\\/schema.org\",\"@graph\":[{\"@type\":\"Article\",\"@id\":\"https:\\\/\\\/blogs2.uef.fi\\\/biotalouskoulutus\\\/biotalous-ja-elinikaisen-oppimisen-suositukset-osa-2\\\/#article\",\"isPartOf\":{\"@id\":\"https:\\\/\\\/blogs2.uef.fi\\\/biotalouskoulutus\\\/biotalous-ja-elinikaisen-oppimisen-suositukset-osa-2\\\/\"},\"author\":{\"name\":\"lekokkon\",\"@id\":\"https:\\\/\\\/www.biotalouskoulutus.fi\\\/#\\\/schema\\\/person\\\/e9c1516e752dc1d9b3bd607c8ac81441\"},\"headline\":\"Biotalous ja elinik\u00e4isen oppimisen suositukset \u2013 osa 2\",\"datePublished\":\"2022-01-25T06:06:49+00:00\",\"dateModified\":\"2022-12-28T12:00:21+00:00\",\"mainEntityOfPage\":{\"@id\":\"https:\\\/\\\/blogs2.uef.fi\\\/biotalouskoulutus\\\/biotalous-ja-elinikaisen-oppimisen-suositukset-osa-2\\\/\"},\"wordCount\":664,\"image\":{\"@id\":\"https:\\\/\\\/blogs2.uef.fi\\\/biotalouskoulutus\\\/biotalous-ja-elinikaisen-oppimisen-suositukset-osa-2\\\/#primaryimage\"},\"thumbnailUrl\":\"https:\\\/\\\/blogs2.uef.fi\\\/biotalouskoulutus\\\/wp-content\\\/uploads\\\/sites\\\/71\\\/2022\\\/01\\\/isabella-and-zsa-fischer-uSPjZzYwXO4-unsplash-e1643090775637.jpg\",\"articleSection\":[\"Kaikki blogit\",\"Koulutuksen kehitt\u00e4minen\"],\"inLanguage\":\"fi\"},{\"@type\":\"WebPage\",\"@id\":\"https:\\\/\\\/blogs2.uef.fi\\\/biotalouskoulutus\\\/biotalous-ja-elinikaisen-oppimisen-suositukset-osa-2\\\/\",\"url\":\"https:\\\/\\\/blogs2.uef.fi\\\/biotalouskoulutus\\\/biotalous-ja-elinikaisen-oppimisen-suositukset-osa-2\\\/\",\"name\":\"Biotalous ja elinik\u00e4isen oppimisen suositukset \u2013 osa 2 - Biotalouden erikoistumiskoulutus It\u00e4-Suomi\",\"isPartOf\":{\"@id\":\"https:\\\/\\\/www.biotalouskoulutus.fi\\\/#website\"},\"primaryImageOfPage\":{\"@id\":\"https:\\\/\\\/blogs2.uef.fi\\\/biotalouskoulutus\\\/biotalous-ja-elinikaisen-oppimisen-suositukset-osa-2\\\/#primaryimage\"},\"image\":{\"@id\":\"https:\\\/\\\/blogs2.uef.fi\\\/biotalouskoulutus\\\/biotalous-ja-elinikaisen-oppimisen-suositukset-osa-2\\\/#primaryimage\"},\"thumbnailUrl\":\"https:\\\/\\\/blogs2.uef.fi\\\/biotalouskoulutus\\\/wp-content\\\/uploads\\\/sites\\\/71\\\/2022\\\/01\\\/isabella-and-zsa-fischer-uSPjZzYwXO4-unsplash-e1643090775637.jpg\",\"datePublished\":\"2022-01-25T06:06:49+00:00\",\"dateModified\":\"2022-12-28T12:00:21+00:00\",\"author\":{\"@id\":\"https:\\\/\\\/www.biotalouskoulutus.fi\\\/#\\\/schema\\\/person\\\/e9c1516e752dc1d9b3bd607c8ac81441\"},\"breadcrumb\":{\"@id\":\"https:\\\/\\\/blogs2.uef.fi\\\/biotalouskoulutus\\\/biotalous-ja-elinikaisen-oppimisen-suositukset-osa-2\\\/#breadcrumb\"},\"inLanguage\":\"fi\",\"potentialAction\":[{\"@type\":\"ReadAction\",\"target\":[\"https:\\\/\\\/blogs2.uef.fi\\\/biotalouskoulutus\\\/biotalous-ja-elinikaisen-oppimisen-suositukset-osa-2\\\/\"]}]},{\"@type\":\"ImageObject\",\"inLanguage\":\"fi\",\"@id\":\"https:\\\/\\\/blogs2.uef.fi\\\/biotalouskoulutus\\\/biotalous-ja-elinikaisen-oppimisen-suositukset-osa-2\\\/#primaryimage\",\"url\":\"https:\\\/\\\/blogs2.uef.fi\\\/biotalouskoulutus\\\/wp-content\\\/uploads\\\/sites\\\/71\\\/2022\\\/01\\\/isabella-and-zsa-fischer-uSPjZzYwXO4-unsplash-e1643090775637.jpg\",\"contentUrl\":\"https:\\\/\\\/blogs2.uef.fi\\\/biotalouskoulutus\\\/wp-content\\\/uploads\\\/sites\\\/71\\\/2022\\\/01\\\/isabella-and-zsa-fischer-uSPjZzYwXO4-unsplash-e1643090775637.jpg\",\"width\":2279,\"height\":803},{\"@type\":\"BreadcrumbList\",\"@id\":\"https:\\\/\\\/blogs2.uef.fi\\\/biotalouskoulutus\\\/biotalous-ja-elinikaisen-oppimisen-suositukset-osa-2\\\/#breadcrumb\",\"itemListElement\":[{\"@type\":\"ListItem\",\"position\":1,\"name\":\"Home\",\"item\":\"https:\\\/\\\/www.biotalouskoulutus.fi\\\/\"},{\"@type\":\"ListItem\",\"position\":2,\"name\":\"Biotalous ja elinik\u00e4isen oppimisen suositukset \u2013 osa 2\"}]},{\"@type\":\"WebSite\",\"@id\":\"https:\\\/\\\/www.biotalouskoulutus.fi\\\/#website\",\"url\":\"https:\\\/\\\/www.biotalouskoulutus.fi\\\/\",\"name\":\"Biotalouden erikoistumiskoulutus It\u00e4-Suomi\",\"description\":\"Biotalouden erikoistumiskoulutus It\u00e4-Suomessa - innovaatioita ja osaamista korkeakoulujen ja yritysen yhteisty\u00f6n\u00e4. Koulutuksen painotukset: mets\u00e4biotalous, biotalouden sivuvirrat, biojalostus ja energiabiotalous.\",\"potentialAction\":[{\"@type\":\"SearchAction\",\"target\":{\"@type\":\"EntryPoint\",\"urlTemplate\":\"https:\\\/\\\/www.biotalouskoulutus.fi\\\/?s={search_term_string}\"},\"query-input\":{\"@type\":\"PropertyValueSpecification\",\"valueRequired\":true,\"valueName\":\"search_term_string\"}}],\"inLanguage\":\"fi\"},{\"@type\":\"Person\",\"@id\":\"https:\\\/\\\/www.biotalouskoulutus.fi\\\/#\\\/schema\\\/person\\\/e9c1516e752dc1d9b3bd607c8ac81441\",\"name\":\"lekokkon\",\"image\":{\"@type\":\"ImageObject\",\"inLanguage\":\"fi\",\"@id\":\"https:\\\/\\\/secure.gravatar.com\\\/avatar\\\/cb1e4cc51a855fcfde21fd1168150b6f98c5c0d8827b772b462b7648e990731d?s=96&d=mm&r=g\",\"url\":\"https:\\\/\\\/secure.gravatar.com\\\/avatar\\\/cb1e4cc51a855fcfde21fd1168150b6f98c5c0d8827b772b462b7648e990731d?s=96&d=mm&r=g\",\"contentUrl\":\"https:\\\/\\\/secure.gravatar.com\\\/avatar\\\/cb1e4cc51a855fcfde21fd1168150b6f98c5c0d8827b772b462b7648e990731d?s=96&d=mm&r=g\",\"caption\":\"lekokkon\"},\"url\":\"https:\\\/\\\/blogs2.uef.fi\\\/biotalouskoulutus\\\/author\\\/lekokkon\\\/\"}]}<\/script>\n<!-- \/ Yoast SEO plugin. -->","yoast_head_json":{"title":"Biotalous ja elinik\u00e4isen oppimisen suositukset \u2013 osa 2 - Biotalouden erikoistumiskoulutus It\u00e4-Suomi","robots":{"index":"index","follow":"follow","max-snippet":"max-snippet:-1","max-image-preview":"max-image-preview:large","max-video-preview":"max-video-preview:-1"},"canonical":"https:\/\/blogs2.uef.fi\/biotalouskoulutus\/biotalous-ja-elinikaisen-oppimisen-suositukset-osa-2\/","og_locale":"fi_FI","og_type":"article","og_title":"Biotalous ja elinik\u00e4isen oppimisen suositukset \u2013 osa 2 - Biotalouden erikoistumiskoulutus It\u00e4-Suomi","og_description":"Paukkuvat pakkaset ovat siivitt\u00e4neet meit\u00e4 It\u00e4-Suomessa kohti vuoden ensimm\u00e4isi\u00e4 biotalouden tekoja. Join-bioerko -hankkeessa on ehditty jo vuoden vaihteen j\u00e4lkeen paneutua niin paikallisiin kuin kansainv\u00e4lisiinkin biotaloushaasteisiin ja lis\u00e4ksi uusi biotalouden erikoistumiskoulutuksen ryhm\u00e4 odottaa jo k\u00e4rsim\u00e4tt\u00f6m\u00e4sti ensimm\u00e4isi\u00e4 et\u00e4p\u00e4ivi\u00e4 ja koulutuksen alkua. Nyt uuden koulutuksen alkaessa onkin hyv\u00e4 palata vuoden 2021 viimeisimp\u00e4\u00e4n blogikirjoitukseemme, jossa porauduimme Sitran \u201dMill\u00e4 suosituksilla? [&hellip;]","og_url":"https:\/\/blogs2.uef.fi\/biotalouskoulutus\/biotalous-ja-elinikaisen-oppimisen-suositukset-osa-2\/","og_site_name":"Biotalouden erikoistumiskoulutus It\u00e4-Suomi","article_published_time":"2022-01-25T06:06:49+00:00","article_modified_time":"2022-12-28T12:00:21+00:00","og_image":[{"width":2279,"height":803,"url":"https:\/\/blogs2.uef.fi\/biotalouskoulutus\/wp-content\/uploads\/sites\/71\/2022\/01\/isabella-and-zsa-fischer-uSPjZzYwXO4-unsplash-e1643090775637.jpg","type":"image\/jpeg"}],"author":"lekokkon","twitter_card":"summary_large_image","twitter_misc":{"Kirjoittanut":"lekokkon","Arvioitu lukuaika":"3 minuuttia"},"schema":{"@context":"https:\/\/schema.org","@graph":[{"@type":"Article","@id":"https:\/\/blogs2.uef.fi\/biotalouskoulutus\/biotalous-ja-elinikaisen-oppimisen-suositukset-osa-2\/#article","isPartOf":{"@id":"https:\/\/blogs2.uef.fi\/biotalouskoulutus\/biotalous-ja-elinikaisen-oppimisen-suositukset-osa-2\/"},"author":{"name":"lekokkon","@id":"https:\/\/www.biotalouskoulutus.fi\/#\/schema\/person\/e9c1516e752dc1d9b3bd607c8ac81441"},"headline":"Biotalous ja elinik\u00e4isen oppimisen suositukset \u2013 osa 2","datePublished":"2022-01-25T06:06:49+00:00","dateModified":"2022-12-28T12:00:21+00:00","mainEntityOfPage":{"@id":"https:\/\/blogs2.uef.fi\/biotalouskoulutus\/biotalous-ja-elinikaisen-oppimisen-suositukset-osa-2\/"},"wordCount":664,"image":{"@id":"https:\/\/blogs2.uef.fi\/biotalouskoulutus\/biotalous-ja-elinikaisen-oppimisen-suositukset-osa-2\/#primaryimage"},"thumbnailUrl":"https:\/\/blogs2.uef.fi\/biotalouskoulutus\/wp-content\/uploads\/sites\/71\/2022\/01\/isabella-and-zsa-fischer-uSPjZzYwXO4-unsplash-e1643090775637.jpg","articleSection":["Kaikki blogit","Koulutuksen kehitt\u00e4minen"],"inLanguage":"fi"},{"@type":"WebPage","@id":"https:\/\/blogs2.uef.fi\/biotalouskoulutus\/biotalous-ja-elinikaisen-oppimisen-suositukset-osa-2\/","url":"https:\/\/blogs2.uef.fi\/biotalouskoulutus\/biotalous-ja-elinikaisen-oppimisen-suositukset-osa-2\/","name":"Biotalous ja elinik\u00e4isen oppimisen suositukset \u2013 osa 2 - Biotalouden erikoistumiskoulutus It\u00e4-Suomi","isPartOf":{"@id":"https:\/\/www.biotalouskoulutus.fi\/#website"},"primaryImageOfPage":{"@id":"https:\/\/blogs2.uef.fi\/biotalouskoulutus\/biotalous-ja-elinikaisen-oppimisen-suositukset-osa-2\/#primaryimage"},"image":{"@id":"https:\/\/blogs2.uef.fi\/biotalouskoulutus\/biotalous-ja-elinikaisen-oppimisen-suositukset-osa-2\/#primaryimage"},"thumbnailUrl":"https:\/\/blogs2.uef.fi\/biotalouskoulutus\/wp-content\/uploads\/sites\/71\/2022\/01\/isabella-and-zsa-fischer-uSPjZzYwXO4-unsplash-e1643090775637.jpg","datePublished":"2022-01-25T06:06:49+00:00","dateModified":"2022-12-28T12:00:21+00:00","author":{"@id":"https:\/\/www.biotalouskoulutus.fi\/#\/schema\/person\/e9c1516e752dc1d9b3bd607c8ac81441"},"breadcrumb":{"@id":"https:\/\/blogs2.uef.fi\/biotalouskoulutus\/biotalous-ja-elinikaisen-oppimisen-suositukset-osa-2\/#breadcrumb"},"inLanguage":"fi","potentialAction":[{"@type":"ReadAction","target":["https:\/\/blogs2.uef.fi\/biotalouskoulutus\/biotalous-ja-elinikaisen-oppimisen-suositukset-osa-2\/"]}]},{"@type":"ImageObject","inLanguage":"fi","@id":"https:\/\/blogs2.uef.fi\/biotalouskoulutus\/biotalous-ja-elinikaisen-oppimisen-suositukset-osa-2\/#primaryimage","url":"https:\/\/blogs2.uef.fi\/biotalouskoulutus\/wp-content\/uploads\/sites\/71\/2022\/01\/isabella-and-zsa-fischer-uSPjZzYwXO4-unsplash-e1643090775637.jpg","contentUrl":"https:\/\/blogs2.uef.fi\/biotalouskoulutus\/wp-content\/uploads\/sites\/71\/2022\/01\/isabella-and-zsa-fischer-uSPjZzYwXO4-unsplash-e1643090775637.jpg","width":2279,"height":803},{"@type":"BreadcrumbList","@id":"https:\/\/blogs2.uef.fi\/biotalouskoulutus\/biotalous-ja-elinikaisen-oppimisen-suositukset-osa-2\/#breadcrumb","itemListElement":[{"@type":"ListItem","position":1,"name":"Home","item":"https:\/\/www.biotalouskoulutus.fi\/"},{"@type":"ListItem","position":2,"name":"Biotalous ja elinik\u00e4isen oppimisen suositukset \u2013 osa 2"}]},{"@type":"WebSite","@id":"https:\/\/www.biotalouskoulutus.fi\/#website","url":"https:\/\/www.biotalouskoulutus.fi\/","name":"Biotalouden erikoistumiskoulutus It\u00e4-Suomi","description":"Biotalouden erikoistumiskoulutus It\u00e4-Suomessa - innovaatioita ja osaamista korkeakoulujen ja yritysen yhteisty\u00f6n\u00e4. Koulutuksen painotukset: mets\u00e4biotalous, biotalouden sivuvirrat, biojalostus ja energiabiotalous.","potentialAction":[{"@type":"SearchAction","target":{"@type":"EntryPoint","urlTemplate":"https:\/\/www.biotalouskoulutus.fi\/?s={search_term_string}"},"query-input":{"@type":"PropertyValueSpecification","valueRequired":true,"valueName":"search_term_string"}}],"inLanguage":"fi"},{"@type":"Person","@id":"https:\/\/www.biotalouskoulutus.fi\/#\/schema\/person\/e9c1516e752dc1d9b3bd607c8ac81441","name":"lekokkon","image":{"@type":"ImageObject","inLanguage":"fi","@id":"https:\/\/secure.gravatar.com\/avatar\/cb1e4cc51a855fcfde21fd1168150b6f98c5c0d8827b772b462b7648e990731d?s=96&d=mm&r=g","url":"https:\/\/secure.gravatar.com\/avatar\/cb1e4cc51a855fcfde21fd1168150b6f98c5c0d8827b772b462b7648e990731d?s=96&d=mm&r=g","contentUrl":"https:\/\/secure.gravatar.com\/avatar\/cb1e4cc51a855fcfde21fd1168150b6f98c5c0d8827b772b462b7648e990731d?s=96&d=mm&r=g","caption":"lekokkon"},"url":"https:\/\/blogs2.uef.fi\/biotalouskoulutus\/author\/lekokkon\/"}]}},"_links":{"self":[{"href":"https:\/\/blogs2.uef.fi\/biotalouskoulutus\/wp-json\/wp\/v2\/posts\/3016","targetHints":{"allow":["GET"]}}],"collection":[{"href":"https:\/\/blogs2.uef.fi\/biotalouskoulutus\/wp-json\/wp\/v2\/posts"}],"about":[{"href":"https:\/\/blogs2.uef.fi\/biotalouskoulutus\/wp-json\/wp\/v2\/types\/post"}],"author":[{"embeddable":true,"href":"https:\/\/blogs2.uef.fi\/biotalouskoulutus\/wp-json\/wp\/v2\/users\/265"}],"replies":[{"embeddable":true,"href":"https:\/\/blogs2.uef.fi\/biotalouskoulutus\/wp-json\/wp\/v2\/comments?post=3016"}],"version-history":[{"count":2,"href":"https:\/\/blogs2.uef.fi\/biotalouskoulutus\/wp-json\/wp\/v2\/posts\/3016\/revisions"}],"predecessor-version":[{"id":3034,"href":"https:\/\/blogs2.uef.fi\/biotalouskoulutus\/wp-json\/wp\/v2\/posts\/3016\/revisions\/3034"}],"wp:featuredmedia":[{"embeddable":true,"href":"https:\/\/blogs2.uef.fi\/biotalouskoulutus\/wp-json\/wp\/v2\/media\/3022"}],"wp:attachment":[{"href":"https:\/\/blogs2.uef.fi\/biotalouskoulutus\/wp-json\/wp\/v2\/media?parent=3016"}],"wp:term":[{"taxonomy":"category","embeddable":true,"href":"https:\/\/blogs2.uef.fi\/biotalouskoulutus\/wp-json\/wp\/v2\/categories?post=3016"},{"taxonomy":"post_tag","embeddable":true,"href":"https:\/\/blogs2.uef.fi\/biotalouskoulutus\/wp-json\/wp\/v2\/tags?post=3016"}],"curies":[{"name":"wp","href":"https:\/\/api.w.org\/{rel}","templated":true}]}}