{"id":308,"date":"2018-12-10T10:25:33","date_gmt":"2018-12-10T08:25:33","guid":{"rendered":"https:\/\/www.biotalouskoulutusitasuomi.fi\/?p=308"},"modified":"2022-12-28T14:05:16","modified_gmt":"2022-12-28T12:05:16","slug":"bioerko-opiskelijan-bioretriitti","status":"publish","type":"post","link":"https:\/\/blogs2.uef.fi\/biotalouskoulutus\/bioerko-opiskelijan-bioretriitti\/","title":{"rendered":"Bioerko opiskelijan bioretriitti"},"content":{"rendered":"\r\n<h2 class=\"wp-block-heading\">Bioretriittini eli mit\u00e4 opintovapaa on opettanut?<\/h2>\r\n\r\n\r\n\r\n<p>Bioretriittini on ylitt\u00e4nyt puoliv\u00e4lin. Aika monta kertaa olen n\u00e4hnyt edess\u00e4ni kohoilevia kulmakarvoja ja otsaryppyj\u00e4, kun olen kertonut opiskelevani biotaloutta. Mit\u00e4 kummaa se on? Syyskuusta joulukuun loppuun p\u00e4ntt\u00e4\u00e4n resurssiviisauksia ja uppoudun bioihmeitten maailmaan t\u00e4ysip\u00e4iv\u00e4isesti (melkein). Voinen tunnustaa teille, ett\u00e4 olen l\u00f6yt\u00e4nyt itsest\u00e4ni salamaailmanparantajan. Tai ehk\u00e4 se ominaisuus ei ole ollut ihan piilossakaan, mutta t\u00e4ll\u00e4 matkalla maailmanparantaja minussa on v\u00e4kisinkin vain vahvistunut.<\/p>\r\n\r\n\r\n\r\n<p>Biotalous tulee kyynikoiden ysk\u00e4htelyst\u00e4 huolimatta. Se ei ole viherh\u00f6rh\u00f6ily\u00e4, eik\u00e4 pipertely\u00e4. Ei sen v\u00e4hemp\u00e4\u00e4 kuin \u201dtalouden uusi suunta\u201d ja ilmastonmuutoksen ratkaisija. Mantra kuuluu; \u201dhiilitaloudesta biotalouteen\u201d. Hiili- ja \u00f6ljytaloudesta pois hypp\u00e4\u00e4minen vaatii uutta tapaa ajatella. Aika monta perinteist\u00e4 tavaraa, kuten esimerkiksi ilmapallo tai hammasharja, t\u00e4ytyy korvata ymp\u00e4rist\u00f6lle kest\u00e4v\u00e4mmill\u00e4 materiaaleilla. Sellaisilla, jotka eiv\u00e4t j\u00e4\u00e4 haitallisena j\u00e4tteen\u00e4 maapallolle py\u00f6rim\u00e4\u00e4n. Fossiiliset polttoaineet korvataan uusiutuvilla ratkaisuilla. Kaikessa mit\u00e4 teemme ja kulutamme, otetaan jatkossa huomioon ymp\u00e4rist\u00f6vaikutus. On pakko, koska entiseen tapaan ei ole mahdollista matkaa jatkaa. Tarvitaan uusia keksint\u00f6j\u00e4, elinkeinoja, kehityst\u00e4. Luonnonvarat ovat rajallisia. Siksi niist\u00e4 t\u00e4ytyy pyrki\u00e4 ottamaan kaikki hy\u00f6ty irti ja pist\u00e4\u00e4 materiaalit kiertoon aina kuin mahdollista. Voi siis sanoa, ett\u00e4 t\u00e4m\u00e4 koulutus on ollut jonkinlainen \u201dbioher\u00e4tys\u201d.<\/p>\r\n\r\n\r\n\r\n<p>Vanha kansa tiet\u00e4\u00e4, ett\u00e4 puusta voi tehd\u00e4 mit\u00e4 vaan. Puusta on hyv\u00e4 sahata lautaa, l\u00e4mmitt\u00e4\u00e4 taloja, vuoleksia puulusikoita, keitell\u00e4 tervaa ja tikkuviinaa l\u00e4\u00e4kkeeksi ja tehd\u00e4 paperia. Kun puuta nakerrellaan viel\u00e4 pienempiin osiin; nanoselluloosan osasiin, siit\u00e4 alkaa synty\u00e4 my\u00f6s aineyhdisteit\u00e4 kemikaali-, l\u00e4\u00e4ke-, elintarvike- ja tekstiiliteollisuuteen. T\u00e4ll\u00e4kin hetkell\u00e4 popsimme mm. jogurttia sy\u00f6dess\u00e4mme \u201dpuolet pet\u00e4j\u00e4ist\u00e4\u201d. Me katajainen kansa olemme kyll\u00e4 aika edistyksellisi\u00e4 n\u00e4iss\u00e4 puuasioissa. Ja viel\u00e4 pidemm\u00e4lle pystymme menem\u00e4\u00e4n.<\/p>\r\n\r\n\r\n\r\n<p>Vaikka biotaloudessa puhutaan paljolti puusta, on biotalous viel\u00e4 valtavan paljon laajempi aihealue kuin pelkk\u00e4\u00e4 sellunkeittoa tai sen sivuvirtoja. Siihen kuuluu kaikki luonnon antimet; kasvit, el\u00e4imet, lev\u00e4t, vesi, energia ja el\u00e4mykset. Biotalous muuttaa maatalouden roolia ja merkityst\u00e4, kun esimerkiksi pelloilla ryhdyt\u00e4\u00e4n tuottamaan muutakin kuin elintarviketeollisuuden raaka-aineita.<br \/>Uusiin asioihin liittyy aina ep\u00e4varmuutta, ep\u00e4ily\u00e4 ja ep\u00e4onnistumisia. Esimerkiksi Kanadassa ongelmaksi koituivat rotat ja oravat, joiden mielest\u00e4 puupohjaisia komponentteja sis\u00e4lt\u00e4v\u00e4t autot ovat liian hyv\u00e4n makuisia. Muovi- ja metalliosien korvaaminen ei ole ihan helppo juttu.<\/p>\r\n\r\n\r\n\r\n<p>Vastoink\u00e4ymisist\u00e4 huolimatta kannattaa yritt\u00e4\u00e4. Suuret linjat ja koneistot puskevat alalle my\u00f6t\u00e4tuulta, mm. Euroopan unioni tukee enenev\u00e4ss\u00e4 m\u00e4\u00e4rin biotalouden kehityst\u00e4 ja siit\u00e4 povataan erityisesti maaseutu- ja rannikkoalueilla kukoistavia menestystarinoita. Ja miksip\u00e4 niin ei olisi: biotalouden resurssil\u00e4hteet ovat maaseudulla.<\/p>\r\n\r\n\r\n\r\n<p>Kun ajatuksen vie viel\u00e4 v\u00e4h\u00e4n pidemm\u00e4lle, on ihminenkin osa biotaloutta. Ihminen on valmistettu uusiutuvista materiaaleista (ja my\u00f6s aika helppo kierr\u00e4tt\u00e4\u00e4). Meid\u00e4n tuotoksiamme voisi ja pit\u00e4isi jalostaa enemm\u00e4n hy\u00f6dyksi. Ja nyt en tarkoita ainoastaan per\u00e4p\u00e4\u00e4st\u00e4 tulevaa tuotosta, vaan my\u00f6s yl\u00e4p\u00e4\u00e4n hengentuotoksia. Ihmisen resursseja viisaasti jalostamalla voivat ihmiset ja yhteis\u00f6t tuottaa paljon hyv\u00e4\u00e4 ymp\u00e4rilleen, -tai sitten pilata ilman, veden ja ilmapiirin.<\/p>\r\n\r\n\r\n\r\n<p><em>Kirjoittanut:<\/em><\/p>\r\n\r\n\r\n\r\n<p>Sari Tulila<\/p>\r\n\r\n\r\n\r\n<p>Hiukan biohurahtanut elinkeinoasiamies ja Bioerko-opiskelija<\/p>\r\n\r\n\r\n\r\n<p><br \/>Julkaistu Suonenjoki -lehdess\u00e4 22.11.2018<\/p>\r\n","protected":false},"excerpt":{"rendered":"<p>Bioretriittini eli mit\u00e4 opintovapaa on opettanut? Bioretriittini on ylitt\u00e4nyt puoliv\u00e4lin. Aika monta kertaa olen n\u00e4hnyt edess\u00e4ni kohoilevia kulmakarvoja ja otsaryppyj\u00e4, kun olen kertonut opiskelevani biotaloutta. Mit\u00e4 kummaa se on? Syyskuusta joulukuun loppuun p\u00e4ntt\u00e4\u00e4n resurssiviisauksia ja uppoudun bioihmeitten maailmaan t\u00e4ysip\u00e4iv\u00e4isesti (melkein). Voinen tunnustaa teille, ett\u00e4 olen l\u00f6yt\u00e4nyt itsest\u00e4ni salamaailmanparantajan. Tai ehk\u00e4 se ominaisuus ei ole ollut [&hellip;]<\/p>\n","protected":false},"author":1,"featured_media":0,"comment_status":"open","ping_status":"open","sticky":false,"template":"","format":"standard","meta":{"_acf_changed":false,"_relevanssi_hide_post":"","_relevanssi_hide_content":"","_relevanssi_pin_for_all":"","_relevanssi_pin_keywords":"","_relevanssi_unpin_keywords":"","_relevanssi_related_keywords":"","_relevanssi_related_include_ids":"","_relevanssi_related_exclude_ids":"","_relevanssi_related_no_append":"","_relevanssi_related_not_related":"","_relevanssi_related_posts":"","_relevanssi_noindex_reason":"","footnotes":""},"categories":[159,1,11],"tags":[93,66,48],"class_list":["post-308","post","type-post","status-publish","format-standard","hentry","category-biotalouden-erikoistumiskoulutus","category-kaikki","category-koulutus","tag-biotalouden-opiskelua","tag-opiskelijan-nakemyksia","tag-opiskelu"],"acf":[],"yoast_head":"<!-- This site is optimized with the Yoast SEO plugin v27.3 - https:\/\/yoast.com\/product\/yoast-seo-wordpress\/ -->\n<title>Bioerko opiskelijan bioretriitti - Biotalouden erikoistumiskoulutus It\u00e4-Suomi<\/title>\n<meta name=\"robots\" content=\"index, follow, max-snippet:-1, max-image-preview:large, max-video-preview:-1\" \/>\n<link rel=\"canonical\" href=\"https:\/\/blogs2.uef.fi\/biotalouskoulutus\/bioerko-opiskelijan-bioretriitti\/\" \/>\n<meta property=\"og:locale\" content=\"fi_FI\" \/>\n<meta property=\"og:type\" content=\"article\" \/>\n<meta property=\"og:title\" content=\"Bioerko opiskelijan bioretriitti - Biotalouden erikoistumiskoulutus It\u00e4-Suomi\" \/>\n<meta property=\"og:description\" content=\"Bioretriittini eli mit\u00e4 opintovapaa on opettanut? Bioretriittini on ylitt\u00e4nyt puoliv\u00e4lin. Aika monta kertaa olen n\u00e4hnyt edess\u00e4ni kohoilevia kulmakarvoja ja otsaryppyj\u00e4, kun olen kertonut opiskelevani biotaloutta. Mit\u00e4 kummaa se on? Syyskuusta joulukuun loppuun p\u00e4ntt\u00e4\u00e4n resurssiviisauksia ja uppoudun bioihmeitten maailmaan t\u00e4ysip\u00e4iv\u00e4isesti (melkein). Voinen tunnustaa teille, ett\u00e4 olen l\u00f6yt\u00e4nyt itsest\u00e4ni salamaailmanparantajan. Tai ehk\u00e4 se ominaisuus ei ole ollut [&hellip;]\" \/>\n<meta property=\"og:url\" content=\"https:\/\/blogs2.uef.fi\/biotalouskoulutus\/bioerko-opiskelijan-bioretriitti\/\" \/>\n<meta property=\"og:site_name\" content=\"Biotalouden erikoistumiskoulutus It\u00e4-Suomi\" \/>\n<meta property=\"article:published_time\" content=\"2018-12-10T08:25:33+00:00\" \/>\n<meta property=\"article:modified_time\" content=\"2022-12-28T12:05:16+00:00\" \/>\n<meta name=\"author\" content=\"uef-admin\" \/>\n<meta name=\"twitter:card\" content=\"summary_large_image\" \/>\n<meta name=\"twitter:label1\" content=\"Kirjoittanut\" \/>\n\t<meta name=\"twitter:data1\" content=\"uef-admin\" \/>\n\t<meta name=\"twitter:label2\" content=\"Arvioitu lukuaika\" \/>\n\t<meta name=\"twitter:data2\" content=\"3 minuuttia\" \/>\n<script type=\"application\/ld+json\" class=\"yoast-schema-graph\">{\"@context\":\"https:\\\/\\\/schema.org\",\"@graph\":[{\"@type\":\"Article\",\"@id\":\"https:\\\/\\\/blogs2.uef.fi\\\/biotalouskoulutus\\\/bioerko-opiskelijan-bioretriitti\\\/#article\",\"isPartOf\":{\"@id\":\"https:\\\/\\\/blogs2.uef.fi\\\/biotalouskoulutus\\\/bioerko-opiskelijan-bioretriitti\\\/\"},\"author\":{\"name\":\"uef-admin\",\"@id\":\"https:\\\/\\\/www.biotalouskoulutus.fi\\\/#\\\/schema\\\/person\\\/c36c0ef8987442464f305d2a698e5538\"},\"headline\":\"Bioerko opiskelijan bioretriitti\",\"datePublished\":\"2018-12-10T08:25:33+00:00\",\"dateModified\":\"2022-12-28T12:05:16+00:00\",\"mainEntityOfPage\":{\"@id\":\"https:\\\/\\\/blogs2.uef.fi\\\/biotalouskoulutus\\\/bioerko-opiskelijan-bioretriitti\\\/\"},\"wordCount\":515,\"commentCount\":0,\"keywords\":[\"biotalouden opiskelua\",\"opiskelijan n\u00e4kemyksi\u00e4\",\"opiskelu\"],\"articleSection\":[\"Biotalouden erikoistumiskoulutus\",\"Kaikki blogit\",\"Koulutus 2018-2020\"],\"inLanguage\":\"fi\",\"potentialAction\":[{\"@type\":\"CommentAction\",\"name\":\"Comment\",\"target\":[\"https:\\\/\\\/blogs2.uef.fi\\\/biotalouskoulutus\\\/bioerko-opiskelijan-bioretriitti\\\/#respond\"]}]},{\"@type\":\"WebPage\",\"@id\":\"https:\\\/\\\/blogs2.uef.fi\\\/biotalouskoulutus\\\/bioerko-opiskelijan-bioretriitti\\\/\",\"url\":\"https:\\\/\\\/blogs2.uef.fi\\\/biotalouskoulutus\\\/bioerko-opiskelijan-bioretriitti\\\/\",\"name\":\"Bioerko opiskelijan bioretriitti - Biotalouden erikoistumiskoulutus It\u00e4-Suomi\",\"isPartOf\":{\"@id\":\"https:\\\/\\\/www.biotalouskoulutus.fi\\\/#website\"},\"datePublished\":\"2018-12-10T08:25:33+00:00\",\"dateModified\":\"2022-12-28T12:05:16+00:00\",\"author\":{\"@id\":\"https:\\\/\\\/www.biotalouskoulutus.fi\\\/#\\\/schema\\\/person\\\/c36c0ef8987442464f305d2a698e5538\"},\"breadcrumb\":{\"@id\":\"https:\\\/\\\/blogs2.uef.fi\\\/biotalouskoulutus\\\/bioerko-opiskelijan-bioretriitti\\\/#breadcrumb\"},\"inLanguage\":\"fi\",\"potentialAction\":[{\"@type\":\"ReadAction\",\"target\":[\"https:\\\/\\\/blogs2.uef.fi\\\/biotalouskoulutus\\\/bioerko-opiskelijan-bioretriitti\\\/\"]}]},{\"@type\":\"BreadcrumbList\",\"@id\":\"https:\\\/\\\/blogs2.uef.fi\\\/biotalouskoulutus\\\/bioerko-opiskelijan-bioretriitti\\\/#breadcrumb\",\"itemListElement\":[{\"@type\":\"ListItem\",\"position\":1,\"name\":\"Home\",\"item\":\"https:\\\/\\\/www.biotalouskoulutus.fi\\\/\"},{\"@type\":\"ListItem\",\"position\":2,\"name\":\"Bioerko opiskelijan bioretriitti\"}]},{\"@type\":\"WebSite\",\"@id\":\"https:\\\/\\\/www.biotalouskoulutus.fi\\\/#website\",\"url\":\"https:\\\/\\\/www.biotalouskoulutus.fi\\\/\",\"name\":\"Biotalouden erikoistumiskoulutus It\u00e4-Suomi\",\"description\":\"Biotalouden erikoistumiskoulutus It\u00e4-Suomessa - innovaatioita ja osaamista korkeakoulujen ja yritysen yhteisty\u00f6n\u00e4. Koulutuksen painotukset: mets\u00e4biotalous, biotalouden sivuvirrat, biojalostus ja energiabiotalous.\",\"potentialAction\":[{\"@type\":\"SearchAction\",\"target\":{\"@type\":\"EntryPoint\",\"urlTemplate\":\"https:\\\/\\\/www.biotalouskoulutus.fi\\\/?s={search_term_string}\"},\"query-input\":{\"@type\":\"PropertyValueSpecification\",\"valueRequired\":true,\"valueName\":\"search_term_string\"}}],\"inLanguage\":\"fi\"},{\"@type\":\"Person\",\"@id\":\"https:\\\/\\\/www.biotalouskoulutus.fi\\\/#\\\/schema\\\/person\\\/c36c0ef8987442464f305d2a698e5538\",\"name\":\"uef-admin\",\"image\":{\"@type\":\"ImageObject\",\"inLanguage\":\"fi\",\"@id\":\"https:\\\/\\\/secure.gravatar.com\\\/avatar\\\/6c9f5016c320b72333096361e494f2c004505657367d2847a11e96de0655f758?s=96&d=mm&r=g\",\"url\":\"https:\\\/\\\/secure.gravatar.com\\\/avatar\\\/6c9f5016c320b72333096361e494f2c004505657367d2847a11e96de0655f758?s=96&d=mm&r=g\",\"contentUrl\":\"https:\\\/\\\/secure.gravatar.com\\\/avatar\\\/6c9f5016c320b72333096361e494f2c004505657367d2847a11e96de0655f758?s=96&d=mm&r=g\",\"caption\":\"uef-admin\"},\"url\":\"https:\\\/\\\/blogs2.uef.fi\\\/biotalouskoulutus\\\/author\\\/uef-admin\\\/\"}]}<\/script>\n<!-- \/ Yoast SEO plugin. -->","yoast_head_json":{"title":"Bioerko opiskelijan bioretriitti - Biotalouden erikoistumiskoulutus It\u00e4-Suomi","robots":{"index":"index","follow":"follow","max-snippet":"max-snippet:-1","max-image-preview":"max-image-preview:large","max-video-preview":"max-video-preview:-1"},"canonical":"https:\/\/blogs2.uef.fi\/biotalouskoulutus\/bioerko-opiskelijan-bioretriitti\/","og_locale":"fi_FI","og_type":"article","og_title":"Bioerko opiskelijan bioretriitti - Biotalouden erikoistumiskoulutus It\u00e4-Suomi","og_description":"Bioretriittini eli mit\u00e4 opintovapaa on opettanut? Bioretriittini on ylitt\u00e4nyt puoliv\u00e4lin. Aika monta kertaa olen n\u00e4hnyt edess\u00e4ni kohoilevia kulmakarvoja ja otsaryppyj\u00e4, kun olen kertonut opiskelevani biotaloutta. Mit\u00e4 kummaa se on? Syyskuusta joulukuun loppuun p\u00e4ntt\u00e4\u00e4n resurssiviisauksia ja uppoudun bioihmeitten maailmaan t\u00e4ysip\u00e4iv\u00e4isesti (melkein). Voinen tunnustaa teille, ett\u00e4 olen l\u00f6yt\u00e4nyt itsest\u00e4ni salamaailmanparantajan. Tai ehk\u00e4 se ominaisuus ei ole ollut [&hellip;]","og_url":"https:\/\/blogs2.uef.fi\/biotalouskoulutus\/bioerko-opiskelijan-bioretriitti\/","og_site_name":"Biotalouden erikoistumiskoulutus It\u00e4-Suomi","article_published_time":"2018-12-10T08:25:33+00:00","article_modified_time":"2022-12-28T12:05:16+00:00","author":"uef-admin","twitter_card":"summary_large_image","twitter_misc":{"Kirjoittanut":"uef-admin","Arvioitu lukuaika":"3 minuuttia"},"schema":{"@context":"https:\/\/schema.org","@graph":[{"@type":"Article","@id":"https:\/\/blogs2.uef.fi\/biotalouskoulutus\/bioerko-opiskelijan-bioretriitti\/#article","isPartOf":{"@id":"https:\/\/blogs2.uef.fi\/biotalouskoulutus\/bioerko-opiskelijan-bioretriitti\/"},"author":{"name":"uef-admin","@id":"https:\/\/www.biotalouskoulutus.fi\/#\/schema\/person\/c36c0ef8987442464f305d2a698e5538"},"headline":"Bioerko opiskelijan bioretriitti","datePublished":"2018-12-10T08:25:33+00:00","dateModified":"2022-12-28T12:05:16+00:00","mainEntityOfPage":{"@id":"https:\/\/blogs2.uef.fi\/biotalouskoulutus\/bioerko-opiskelijan-bioretriitti\/"},"wordCount":515,"commentCount":0,"keywords":["biotalouden opiskelua","opiskelijan n\u00e4kemyksi\u00e4","opiskelu"],"articleSection":["Biotalouden erikoistumiskoulutus","Kaikki blogit","Koulutus 2018-2020"],"inLanguage":"fi","potentialAction":[{"@type":"CommentAction","name":"Comment","target":["https:\/\/blogs2.uef.fi\/biotalouskoulutus\/bioerko-opiskelijan-bioretriitti\/#respond"]}]},{"@type":"WebPage","@id":"https:\/\/blogs2.uef.fi\/biotalouskoulutus\/bioerko-opiskelijan-bioretriitti\/","url":"https:\/\/blogs2.uef.fi\/biotalouskoulutus\/bioerko-opiskelijan-bioretriitti\/","name":"Bioerko opiskelijan bioretriitti - Biotalouden erikoistumiskoulutus It\u00e4-Suomi","isPartOf":{"@id":"https:\/\/www.biotalouskoulutus.fi\/#website"},"datePublished":"2018-12-10T08:25:33+00:00","dateModified":"2022-12-28T12:05:16+00:00","author":{"@id":"https:\/\/www.biotalouskoulutus.fi\/#\/schema\/person\/c36c0ef8987442464f305d2a698e5538"},"breadcrumb":{"@id":"https:\/\/blogs2.uef.fi\/biotalouskoulutus\/bioerko-opiskelijan-bioretriitti\/#breadcrumb"},"inLanguage":"fi","potentialAction":[{"@type":"ReadAction","target":["https:\/\/blogs2.uef.fi\/biotalouskoulutus\/bioerko-opiskelijan-bioretriitti\/"]}]},{"@type":"BreadcrumbList","@id":"https:\/\/blogs2.uef.fi\/biotalouskoulutus\/bioerko-opiskelijan-bioretriitti\/#breadcrumb","itemListElement":[{"@type":"ListItem","position":1,"name":"Home","item":"https:\/\/www.biotalouskoulutus.fi\/"},{"@type":"ListItem","position":2,"name":"Bioerko opiskelijan bioretriitti"}]},{"@type":"WebSite","@id":"https:\/\/www.biotalouskoulutus.fi\/#website","url":"https:\/\/www.biotalouskoulutus.fi\/","name":"Biotalouden erikoistumiskoulutus It\u00e4-Suomi","description":"Biotalouden erikoistumiskoulutus It\u00e4-Suomessa - innovaatioita ja osaamista korkeakoulujen ja yritysen yhteisty\u00f6n\u00e4. Koulutuksen painotukset: mets\u00e4biotalous, biotalouden sivuvirrat, biojalostus ja energiabiotalous.","potentialAction":[{"@type":"SearchAction","target":{"@type":"EntryPoint","urlTemplate":"https:\/\/www.biotalouskoulutus.fi\/?s={search_term_string}"},"query-input":{"@type":"PropertyValueSpecification","valueRequired":true,"valueName":"search_term_string"}}],"inLanguage":"fi"},{"@type":"Person","@id":"https:\/\/www.biotalouskoulutus.fi\/#\/schema\/person\/c36c0ef8987442464f305d2a698e5538","name":"uef-admin","image":{"@type":"ImageObject","inLanguage":"fi","@id":"https:\/\/secure.gravatar.com\/avatar\/6c9f5016c320b72333096361e494f2c004505657367d2847a11e96de0655f758?s=96&d=mm&r=g","url":"https:\/\/secure.gravatar.com\/avatar\/6c9f5016c320b72333096361e494f2c004505657367d2847a11e96de0655f758?s=96&d=mm&r=g","contentUrl":"https:\/\/secure.gravatar.com\/avatar\/6c9f5016c320b72333096361e494f2c004505657367d2847a11e96de0655f758?s=96&d=mm&r=g","caption":"uef-admin"},"url":"https:\/\/blogs2.uef.fi\/biotalouskoulutus\/author\/uef-admin\/"}]}},"_links":{"self":[{"href":"https:\/\/blogs2.uef.fi\/biotalouskoulutus\/wp-json\/wp\/v2\/posts\/308","targetHints":{"allow":["GET"]}}],"collection":[{"href":"https:\/\/blogs2.uef.fi\/biotalouskoulutus\/wp-json\/wp\/v2\/posts"}],"about":[{"href":"https:\/\/blogs2.uef.fi\/biotalouskoulutus\/wp-json\/wp\/v2\/types\/post"}],"author":[{"embeddable":true,"href":"https:\/\/blogs2.uef.fi\/biotalouskoulutus\/wp-json\/wp\/v2\/users\/1"}],"replies":[{"embeddable":true,"href":"https:\/\/blogs2.uef.fi\/biotalouskoulutus\/wp-json\/wp\/v2\/comments?post=308"}],"version-history":[{"count":2,"href":"https:\/\/blogs2.uef.fi\/biotalouskoulutus\/wp-json\/wp\/v2\/posts\/308\/revisions"}],"predecessor-version":[{"id":423,"href":"https:\/\/blogs2.uef.fi\/biotalouskoulutus\/wp-json\/wp\/v2\/posts\/308\/revisions\/423"}],"wp:attachment":[{"href":"https:\/\/blogs2.uef.fi\/biotalouskoulutus\/wp-json\/wp\/v2\/media?parent=308"}],"wp:term":[{"taxonomy":"category","embeddable":true,"href":"https:\/\/blogs2.uef.fi\/biotalouskoulutus\/wp-json\/wp\/v2\/categories?post=308"},{"taxonomy":"post_tag","embeddable":true,"href":"https:\/\/blogs2.uef.fi\/biotalouskoulutus\/wp-json\/wp\/v2\/tags?post=308"}],"curies":[{"name":"wp","href":"https:\/\/api.w.org\/{rel}","templated":true}]}}