{"id":310,"date":"2019-01-31T10:28:14","date_gmt":"2019-01-31T08:28:14","guid":{"rendered":"https:\/\/www.biotalouskoulutusitasuomi.fi\/?p=310"},"modified":"2020-03-23T10:39:36","modified_gmt":"2020-03-23T08:39:36","slug":"vuosi-2019-startti","status":"publish","type":"post","link":"https:\/\/blogs2.uef.fi\/biotalouskoulutus\/vuosi-2019-startti\/","title":{"rendered":"Vuosi 2019 startti"},"content":{"rendered":"\n<h2 class=\"wp-block-heading\">Bioerkon 2019 startti<\/h2>\n\n\n\n<p>Vuoden 2019 ensimm\u00e4ist\u00e4 Bioerkon l\u00e4hip\u00e4iv\u00e4\u00e4 vietettiin Joensuussa 18.1. It\u00e4-Suomen yliopistolla. Kaiken kaikkiaan l\u00e4hip\u00e4iv\u00e4\u00e4n osallistui 22 opiskelijaa ja 8 opettajaa. L\u00e4hip\u00e4iv\u00e4n ohjelmaan kuului Biotalous verkostotaloutena -opintojakson aloitus, Biotalouden prosessit -opintojaksojen osio sek\u00e4 verkostoitumisharjoitus.<\/p>\n\n\n\n<p>P\u00e4iv\u00e4n aloitukseksi kysyimme Mentimeterin sanapilvisovelluksen avulla opiskelijoiden kokemuksia ja fiiliksi\u00e4 Bioerkosta ja sen toteutuksesta. Saimme risuja ja ruusuja, mutta tarkemmin voitte lukea toteutuksen kokemuksista seuraavasta blogista (julkaistaan helmikuussa 2019), joka k\u00e4sittelee erityisesti Bioerkon kokemuksia ja tuloksia t\u00e4h\u00e4n menness\u00e4.<\/p>\n\n\n\n<p>Aamup\u00e4iv\u00e4n varsinaiseen ohjelmaan kuului Biotalous verkostotaloutena -opintojakson aloitus. Opintojakson vastuuopettajana toimii Ari J\u00e4\u00e4skel\u00e4inen Savonia-ammattikorkeakoululta. Opintojaksolla k\u00e4sitell\u00e4\u00e4n mm.&nbsp; verkostotalouden vaatimuksia ja miten se muuttaa perinteisten yrityksien toimintaymp\u00e4rist\u00f6\u00e4, verkostotalouden hy\u00f6tyj\u00e4 ja haittoja sek\u00e4 verkostotalouden ilmentymi\u00e4 biotalouden alalla. Biotalous verkostotaloutena on yhteinen opintojakso kaikille Bioerkon opiskelijoille. L\u00e4hip\u00e4iv\u00e4ss\u00e4 vierailevana luennoitsijana Elias Hakalehto (Finnoflag Oy, It\u00e4-Suomen yliopisto, Helsingin yliopisto) kertoi havainnollisella tavalla luonnon, erityisesti mikrobien, tehokkaista verkostomaisista toimintatavoista sek\u00e4 esimerkkej\u00e4 siit\u00e4, kuinka voimme ottaa niist\u00e4 oppia biotalouteen.<\/p>\n\n\n\n<p>Lounaan j\u00e4lkeen jatkoimme Biotalouden prosessit -opintojaksojen parissa. T\u00e4m\u00e4n kertaisen l\u00e4hip\u00e4iv\u00e4n teemana oli opiskelijoiden kehitt\u00e4misteht\u00e4vi\u00e4 alustavien suunnitelmien esittely ja kommentointi. Jokainen opiskelija tekee kehitt\u00e4misteht\u00e4v\u00e4lleen toteutussuunnitelman yhdess\u00e4 akateemisen ja ty\u00f6el\u00e4m\u00e4mentorin kanssa. Toteutussuunnitelmassa m\u00e4\u00e4ritell\u00e4\u00e4n tavoitteet, menetelm\u00e4t ja toteutusaikataulu kehitt\u00e4misteht\u00e4v\u00e4lle. Kehitt\u00e4misteht\u00e4vien aiheet tulevat opiskelijoiden ty\u00f6nantajaorganisaatiolta tai ulkopuoliselta organisaatiolta. Keskusteluissa huomattiin, ett\u00e4 kehitt\u00e4misteht\u00e4v\u00e4t r\u00f6nsyilev\u00e4t helposti varsin laajoiksi kokonaisuuksiksi, koska aihepiiri kiinnostaa kovasti. Yhten\u00e4 haasteena onkin rajata kehitt\u00e4misteht\u00e4v\u00e4 sopivasti.<\/p>\n\n\n\n<p>Iltap\u00e4iv\u00e4n p\u00e4\u00e4tteeksi pidimme verkostoitumisharjoituksen. Opiskelijoille oli annettu ennakkoteht\u00e4v\u00e4n\u00e4 suunnitella minuutin mittainen hissipuhe kehitt\u00e4misteht\u00e4v\u00e4n aiheestaan. Harjoituksen tarkoituksena oli saattaa kanssaopiskelijat ja opettajat tietoisiksi kehitt\u00e4misteht\u00e4vien aiheista ja siten lis\u00e4t\u00e4 motivaatioita opiskelijoiden v\u00e4liseen verkostoitumiseen. Harjoitukseen oli k\u00e4ytett\u00e4viss\u00e4 kuution mallinen pehme\u00e4 mikrofoni, jota heitt\u00e4m\u00e4ll\u00e4 opiskelija siirsi vuoron toiselle opiskelijalle. Harjoitus oli riitt\u00e4v\u00e4n kevyt ja rento p\u00e4iv\u00e4n p\u00e4\u00e4tteeksi.<\/p>\n\n\n\n<p>L\u00e4hip\u00e4iv\u00e4ll\u00e4 saatiin vuosi 2019 reippaasti polkaistua k\u00e4yntiin!<\/p>\n\n\n\n<p>Seuraava yhteinen l\u00e4hip\u00e4iv\u00e4 pidet\u00e4\u00e4n 22.3. Kuopiossa It\u00e4-Suomen yliopistolla.<\/p>\n\n\n\n<figure class=\"wp-block-image size-large\"><img loading=\"lazy\" decoding=\"async\" width=\"1024\" height=\"683\" src=\"https:\/\/www.biotalouskoulutusitasuomi.fi\/wp-content\/uploads\/sites\/71\/2020\/03\/nordwood-themes-1066398-unsplash-1024x683.jpg\" alt=\"\" class=\"wp-image-311\" srcset=\"https:\/\/blogs2.uef.fi\/biotalouskoulutus\/wp-content\/uploads\/sites\/71\/2020\/03\/nordwood-themes-1066398-unsplash-1024x683.jpg 1024w, https:\/\/blogs2.uef.fi\/biotalouskoulutus\/wp-content\/uploads\/sites\/71\/2020\/03\/nordwood-themes-1066398-unsplash-300x200.jpg 300w, https:\/\/blogs2.uef.fi\/biotalouskoulutus\/wp-content\/uploads\/sites\/71\/2020\/03\/nordwood-themes-1066398-unsplash-768x512.jpg 768w, https:\/\/blogs2.uef.fi\/biotalouskoulutus\/wp-content\/uploads\/sites\/71\/2020\/03\/nordwood-themes-1066398-unsplash-1536x1024.jpg 1536w, https:\/\/blogs2.uef.fi\/biotalouskoulutus\/wp-content\/uploads\/sites\/71\/2020\/03\/nordwood-themes-1066398-unsplash-2048x1365.jpg 2048w\" sizes=\"auto, (max-width: 1024px) 100vw, 1024px\" \/><\/figure>\n\n\n\n<p> <em>Kirjoittanut: Piritta Torssonen, projektip\u00e4\u00e4llikk\u00f6, It\u00e4-Suomen yliopisto<\/em> <\/p>\n","protected":false},"excerpt":{"rendered":"<p>Bioerkon 2019 startti Vuoden 2019 ensimm\u00e4ist\u00e4 Bioerkon l\u00e4hip\u00e4iv\u00e4\u00e4 vietettiin Joensuussa 18.1. It\u00e4-Suomen yliopistolla. Kaiken kaikkiaan l\u00e4hip\u00e4iv\u00e4\u00e4n osallistui 22 opiskelijaa ja 8 opettajaa. L\u00e4hip\u00e4iv\u00e4n ohjelmaan kuului Biotalous verkostotaloutena -opintojakson aloitus, Biotalouden prosessit -opintojaksojen osio sek\u00e4 verkostoitumisharjoitus. P\u00e4iv\u00e4n aloitukseksi kysyimme Mentimeterin sanapilvisovelluksen avulla opiskelijoiden kokemuksia ja fiiliksi\u00e4 Bioerkosta ja sen toteutuksesta. Saimme risuja ja ruusuja, mutta tarkemmin [&hellip;]<\/p>\n","protected":false},"author":1,"featured_media":0,"comment_status":"open","ping_status":"open","sticky":false,"template":"","format":"standard","meta":{"_acf_changed":false,"_relevanssi_hide_post":"","_relevanssi_hide_content":"","_relevanssi_pin_for_all":"","_relevanssi_pin_keywords":"","_relevanssi_unpin_keywords":"","_relevanssi_related_keywords":"","_relevanssi_related_include_ids":"","_relevanssi_related_exclude_ids":"","_relevanssi_related_no_append":"","_relevanssi_related_not_related":"","_relevanssi_related_posts":"","_relevanssi_noindex_reason":"","footnotes":""},"categories":[1],"tags":[57],"class_list":["post-310","post","type-post","status-publish","format-standard","hentry","category-kaikki","tag-biotalouskoulutus"],"acf":[],"yoast_head":"<!-- This site is optimized with the Yoast SEO plugin v27.3 - https:\/\/yoast.com\/product\/yoast-seo-wordpress\/ -->\n<title>Vuosi 2019 startti - Biotalouden erikoistumiskoulutus It\u00e4-Suomi<\/title>\n<meta name=\"robots\" content=\"index, follow, max-snippet:-1, max-image-preview:large, max-video-preview:-1\" \/>\n<link rel=\"canonical\" href=\"https:\/\/blogs2.uef.fi\/biotalouskoulutus\/vuosi-2019-startti\/\" \/>\n<meta property=\"og:locale\" content=\"fi_FI\" \/>\n<meta property=\"og:type\" content=\"article\" \/>\n<meta property=\"og:title\" content=\"Vuosi 2019 startti - Biotalouden erikoistumiskoulutus It\u00e4-Suomi\" \/>\n<meta property=\"og:description\" content=\"Bioerkon 2019 startti Vuoden 2019 ensimm\u00e4ist\u00e4 Bioerkon l\u00e4hip\u00e4iv\u00e4\u00e4 vietettiin Joensuussa 18.1. It\u00e4-Suomen yliopistolla. Kaiken kaikkiaan l\u00e4hip\u00e4iv\u00e4\u00e4n osallistui 22 opiskelijaa ja 8 opettajaa. L\u00e4hip\u00e4iv\u00e4n ohjelmaan kuului Biotalous verkostotaloutena -opintojakson aloitus, Biotalouden prosessit -opintojaksojen osio sek\u00e4 verkostoitumisharjoitus. P\u00e4iv\u00e4n aloitukseksi kysyimme Mentimeterin sanapilvisovelluksen avulla opiskelijoiden kokemuksia ja fiiliksi\u00e4 Bioerkosta ja sen toteutuksesta. Saimme risuja ja ruusuja, mutta tarkemmin [&hellip;]\" \/>\n<meta property=\"og:url\" content=\"https:\/\/blogs2.uef.fi\/biotalouskoulutus\/vuosi-2019-startti\/\" \/>\n<meta property=\"og:site_name\" content=\"Biotalouden erikoistumiskoulutus It\u00e4-Suomi\" \/>\n<meta property=\"article:published_time\" content=\"2019-01-31T08:28:14+00:00\" \/>\n<meta property=\"article:modified_time\" content=\"2020-03-23T08:39:36+00:00\" \/>\n<meta property=\"og:image\" content=\"https:\/\/www.biotalouskoulutusitasuomi.fi\/wp-content\/uploads\/sites\/71\/2020\/03\/nordwood-themes-1066398-unsplash-1024x683.jpg\" \/>\n<meta name=\"author\" content=\"uef-admin\" \/>\n<meta name=\"twitter:card\" content=\"summary_large_image\" \/>\n<meta name=\"twitter:label1\" content=\"Kirjoittanut\" \/>\n\t<meta name=\"twitter:data1\" content=\"uef-admin\" \/>\n\t<meta name=\"twitter:label2\" content=\"Arvioitu lukuaika\" \/>\n\t<meta name=\"twitter:data2\" content=\"2 minuuttia\" \/>\n<script type=\"application\/ld+json\" class=\"yoast-schema-graph\">{\"@context\":\"https:\\\/\\\/schema.org\",\"@graph\":[{\"@type\":\"Article\",\"@id\":\"https:\\\/\\\/blogs2.uef.fi\\\/biotalouskoulutus\\\/vuosi-2019-startti\\\/#article\",\"isPartOf\":{\"@id\":\"https:\\\/\\\/blogs2.uef.fi\\\/biotalouskoulutus\\\/vuosi-2019-startti\\\/\"},\"author\":{\"name\":\"uef-admin\",\"@id\":\"https:\\\/\\\/www.biotalouskoulutus.fi\\\/#\\\/schema\\\/person\\\/c36c0ef8987442464f305d2a698e5538\"},\"headline\":\"Vuosi 2019 startti\",\"datePublished\":\"2019-01-31T08:28:14+00:00\",\"dateModified\":\"2020-03-23T08:39:36+00:00\",\"mainEntityOfPage\":{\"@id\":\"https:\\\/\\\/blogs2.uef.fi\\\/biotalouskoulutus\\\/vuosi-2019-startti\\\/\"},\"wordCount\":365,\"commentCount\":0,\"image\":{\"@id\":\"https:\\\/\\\/blogs2.uef.fi\\\/biotalouskoulutus\\\/vuosi-2019-startti\\\/#primaryimage\"},\"thumbnailUrl\":\"https:\\\/\\\/www.biotalouskoulutusitasuomi.fi\\\/wp-content\\\/uploads\\\/sites\\\/71\\\/2020\\\/03\\\/nordwood-themes-1066398-unsplash-1024x683.jpg\",\"keywords\":[\"biotalouskoulutus\"],\"articleSection\":[\"Kaikki blogit\"],\"inLanguage\":\"fi\",\"potentialAction\":[{\"@type\":\"CommentAction\",\"name\":\"Comment\",\"target\":[\"https:\\\/\\\/blogs2.uef.fi\\\/biotalouskoulutus\\\/vuosi-2019-startti\\\/#respond\"]}]},{\"@type\":\"WebPage\",\"@id\":\"https:\\\/\\\/blogs2.uef.fi\\\/biotalouskoulutus\\\/vuosi-2019-startti\\\/\",\"url\":\"https:\\\/\\\/blogs2.uef.fi\\\/biotalouskoulutus\\\/vuosi-2019-startti\\\/\",\"name\":\"Vuosi 2019 startti - Biotalouden erikoistumiskoulutus It\u00e4-Suomi\",\"isPartOf\":{\"@id\":\"https:\\\/\\\/www.biotalouskoulutus.fi\\\/#website\"},\"primaryImageOfPage\":{\"@id\":\"https:\\\/\\\/blogs2.uef.fi\\\/biotalouskoulutus\\\/vuosi-2019-startti\\\/#primaryimage\"},\"image\":{\"@id\":\"https:\\\/\\\/blogs2.uef.fi\\\/biotalouskoulutus\\\/vuosi-2019-startti\\\/#primaryimage\"},\"thumbnailUrl\":\"https:\\\/\\\/www.biotalouskoulutusitasuomi.fi\\\/wp-content\\\/uploads\\\/sites\\\/71\\\/2020\\\/03\\\/nordwood-themes-1066398-unsplash-1024x683.jpg\",\"datePublished\":\"2019-01-31T08:28:14+00:00\",\"dateModified\":\"2020-03-23T08:39:36+00:00\",\"author\":{\"@id\":\"https:\\\/\\\/www.biotalouskoulutus.fi\\\/#\\\/schema\\\/person\\\/c36c0ef8987442464f305d2a698e5538\"},\"breadcrumb\":{\"@id\":\"https:\\\/\\\/blogs2.uef.fi\\\/biotalouskoulutus\\\/vuosi-2019-startti\\\/#breadcrumb\"},\"inLanguage\":\"fi\",\"potentialAction\":[{\"@type\":\"ReadAction\",\"target\":[\"https:\\\/\\\/blogs2.uef.fi\\\/biotalouskoulutus\\\/vuosi-2019-startti\\\/\"]}]},{\"@type\":\"ImageObject\",\"inLanguage\":\"fi\",\"@id\":\"https:\\\/\\\/blogs2.uef.fi\\\/biotalouskoulutus\\\/vuosi-2019-startti\\\/#primaryimage\",\"url\":\"https:\\\/\\\/www.biotalouskoulutusitasuomi.fi\\\/wp-content\\\/uploads\\\/sites\\\/71\\\/2020\\\/03\\\/nordwood-themes-1066398-unsplash-1024x683.jpg\",\"contentUrl\":\"https:\\\/\\\/www.biotalouskoulutusitasuomi.fi\\\/wp-content\\\/uploads\\\/sites\\\/71\\\/2020\\\/03\\\/nordwood-themes-1066398-unsplash-1024x683.jpg\"},{\"@type\":\"BreadcrumbList\",\"@id\":\"https:\\\/\\\/blogs2.uef.fi\\\/biotalouskoulutus\\\/vuosi-2019-startti\\\/#breadcrumb\",\"itemListElement\":[{\"@type\":\"ListItem\",\"position\":1,\"name\":\"Home\",\"item\":\"https:\\\/\\\/www.biotalouskoulutus.fi\\\/\"},{\"@type\":\"ListItem\",\"position\":2,\"name\":\"Vuosi 2019 startti\"}]},{\"@type\":\"WebSite\",\"@id\":\"https:\\\/\\\/www.biotalouskoulutus.fi\\\/#website\",\"url\":\"https:\\\/\\\/www.biotalouskoulutus.fi\\\/\",\"name\":\"Biotalouden erikoistumiskoulutus It\u00e4-Suomi\",\"description\":\"Biotalouden erikoistumiskoulutus It\u00e4-Suomessa - innovaatioita ja osaamista korkeakoulujen ja yritysen yhteisty\u00f6n\u00e4. Koulutuksen painotukset: mets\u00e4biotalous, biotalouden sivuvirrat, biojalostus ja energiabiotalous.\",\"potentialAction\":[{\"@type\":\"SearchAction\",\"target\":{\"@type\":\"EntryPoint\",\"urlTemplate\":\"https:\\\/\\\/www.biotalouskoulutus.fi\\\/?s={search_term_string}\"},\"query-input\":{\"@type\":\"PropertyValueSpecification\",\"valueRequired\":true,\"valueName\":\"search_term_string\"}}],\"inLanguage\":\"fi\"},{\"@type\":\"Person\",\"@id\":\"https:\\\/\\\/www.biotalouskoulutus.fi\\\/#\\\/schema\\\/person\\\/c36c0ef8987442464f305d2a698e5538\",\"name\":\"uef-admin\",\"image\":{\"@type\":\"ImageObject\",\"inLanguage\":\"fi\",\"@id\":\"https:\\\/\\\/secure.gravatar.com\\\/avatar\\\/6c9f5016c320b72333096361e494f2c004505657367d2847a11e96de0655f758?s=96&d=mm&r=g\",\"url\":\"https:\\\/\\\/secure.gravatar.com\\\/avatar\\\/6c9f5016c320b72333096361e494f2c004505657367d2847a11e96de0655f758?s=96&d=mm&r=g\",\"contentUrl\":\"https:\\\/\\\/secure.gravatar.com\\\/avatar\\\/6c9f5016c320b72333096361e494f2c004505657367d2847a11e96de0655f758?s=96&d=mm&r=g\",\"caption\":\"uef-admin\"},\"url\":\"https:\\\/\\\/blogs2.uef.fi\\\/biotalouskoulutus\\\/author\\\/uef-admin\\\/\"}]}<\/script>\n<!-- \/ Yoast SEO plugin. -->","yoast_head_json":{"title":"Vuosi 2019 startti - Biotalouden erikoistumiskoulutus It\u00e4-Suomi","robots":{"index":"index","follow":"follow","max-snippet":"max-snippet:-1","max-image-preview":"max-image-preview:large","max-video-preview":"max-video-preview:-1"},"canonical":"https:\/\/blogs2.uef.fi\/biotalouskoulutus\/vuosi-2019-startti\/","og_locale":"fi_FI","og_type":"article","og_title":"Vuosi 2019 startti - Biotalouden erikoistumiskoulutus It\u00e4-Suomi","og_description":"Bioerkon 2019 startti Vuoden 2019 ensimm\u00e4ist\u00e4 Bioerkon l\u00e4hip\u00e4iv\u00e4\u00e4 vietettiin Joensuussa 18.1. It\u00e4-Suomen yliopistolla. Kaiken kaikkiaan l\u00e4hip\u00e4iv\u00e4\u00e4n osallistui 22 opiskelijaa ja 8 opettajaa. L\u00e4hip\u00e4iv\u00e4n ohjelmaan kuului Biotalous verkostotaloutena -opintojakson aloitus, Biotalouden prosessit -opintojaksojen osio sek\u00e4 verkostoitumisharjoitus. P\u00e4iv\u00e4n aloitukseksi kysyimme Mentimeterin sanapilvisovelluksen avulla opiskelijoiden kokemuksia ja fiiliksi\u00e4 Bioerkosta ja sen toteutuksesta. Saimme risuja ja ruusuja, mutta tarkemmin [&hellip;]","og_url":"https:\/\/blogs2.uef.fi\/biotalouskoulutus\/vuosi-2019-startti\/","og_site_name":"Biotalouden erikoistumiskoulutus It\u00e4-Suomi","article_published_time":"2019-01-31T08:28:14+00:00","article_modified_time":"2020-03-23T08:39:36+00:00","og_image":[{"url":"https:\/\/www.biotalouskoulutusitasuomi.fi\/wp-content\/uploads\/sites\/71\/2020\/03\/nordwood-themes-1066398-unsplash-1024x683.jpg","type":"","width":"","height":""}],"author":"uef-admin","twitter_card":"summary_large_image","twitter_misc":{"Kirjoittanut":"uef-admin","Arvioitu lukuaika":"2 minuuttia"},"schema":{"@context":"https:\/\/schema.org","@graph":[{"@type":"Article","@id":"https:\/\/blogs2.uef.fi\/biotalouskoulutus\/vuosi-2019-startti\/#article","isPartOf":{"@id":"https:\/\/blogs2.uef.fi\/biotalouskoulutus\/vuosi-2019-startti\/"},"author":{"name":"uef-admin","@id":"https:\/\/www.biotalouskoulutus.fi\/#\/schema\/person\/c36c0ef8987442464f305d2a698e5538"},"headline":"Vuosi 2019 startti","datePublished":"2019-01-31T08:28:14+00:00","dateModified":"2020-03-23T08:39:36+00:00","mainEntityOfPage":{"@id":"https:\/\/blogs2.uef.fi\/biotalouskoulutus\/vuosi-2019-startti\/"},"wordCount":365,"commentCount":0,"image":{"@id":"https:\/\/blogs2.uef.fi\/biotalouskoulutus\/vuosi-2019-startti\/#primaryimage"},"thumbnailUrl":"https:\/\/www.biotalouskoulutusitasuomi.fi\/wp-content\/uploads\/sites\/71\/2020\/03\/nordwood-themes-1066398-unsplash-1024x683.jpg","keywords":["biotalouskoulutus"],"articleSection":["Kaikki blogit"],"inLanguage":"fi","potentialAction":[{"@type":"CommentAction","name":"Comment","target":["https:\/\/blogs2.uef.fi\/biotalouskoulutus\/vuosi-2019-startti\/#respond"]}]},{"@type":"WebPage","@id":"https:\/\/blogs2.uef.fi\/biotalouskoulutus\/vuosi-2019-startti\/","url":"https:\/\/blogs2.uef.fi\/biotalouskoulutus\/vuosi-2019-startti\/","name":"Vuosi 2019 startti - Biotalouden erikoistumiskoulutus It\u00e4-Suomi","isPartOf":{"@id":"https:\/\/www.biotalouskoulutus.fi\/#website"},"primaryImageOfPage":{"@id":"https:\/\/blogs2.uef.fi\/biotalouskoulutus\/vuosi-2019-startti\/#primaryimage"},"image":{"@id":"https:\/\/blogs2.uef.fi\/biotalouskoulutus\/vuosi-2019-startti\/#primaryimage"},"thumbnailUrl":"https:\/\/www.biotalouskoulutusitasuomi.fi\/wp-content\/uploads\/sites\/71\/2020\/03\/nordwood-themes-1066398-unsplash-1024x683.jpg","datePublished":"2019-01-31T08:28:14+00:00","dateModified":"2020-03-23T08:39:36+00:00","author":{"@id":"https:\/\/www.biotalouskoulutus.fi\/#\/schema\/person\/c36c0ef8987442464f305d2a698e5538"},"breadcrumb":{"@id":"https:\/\/blogs2.uef.fi\/biotalouskoulutus\/vuosi-2019-startti\/#breadcrumb"},"inLanguage":"fi","potentialAction":[{"@type":"ReadAction","target":["https:\/\/blogs2.uef.fi\/biotalouskoulutus\/vuosi-2019-startti\/"]}]},{"@type":"ImageObject","inLanguage":"fi","@id":"https:\/\/blogs2.uef.fi\/biotalouskoulutus\/vuosi-2019-startti\/#primaryimage","url":"https:\/\/www.biotalouskoulutusitasuomi.fi\/wp-content\/uploads\/sites\/71\/2020\/03\/nordwood-themes-1066398-unsplash-1024x683.jpg","contentUrl":"https:\/\/www.biotalouskoulutusitasuomi.fi\/wp-content\/uploads\/sites\/71\/2020\/03\/nordwood-themes-1066398-unsplash-1024x683.jpg"},{"@type":"BreadcrumbList","@id":"https:\/\/blogs2.uef.fi\/biotalouskoulutus\/vuosi-2019-startti\/#breadcrumb","itemListElement":[{"@type":"ListItem","position":1,"name":"Home","item":"https:\/\/www.biotalouskoulutus.fi\/"},{"@type":"ListItem","position":2,"name":"Vuosi 2019 startti"}]},{"@type":"WebSite","@id":"https:\/\/www.biotalouskoulutus.fi\/#website","url":"https:\/\/www.biotalouskoulutus.fi\/","name":"Biotalouden erikoistumiskoulutus It\u00e4-Suomi","description":"Biotalouden erikoistumiskoulutus It\u00e4-Suomessa - innovaatioita ja osaamista korkeakoulujen ja yritysen yhteisty\u00f6n\u00e4. Koulutuksen painotukset: mets\u00e4biotalous, biotalouden sivuvirrat, biojalostus ja energiabiotalous.","potentialAction":[{"@type":"SearchAction","target":{"@type":"EntryPoint","urlTemplate":"https:\/\/www.biotalouskoulutus.fi\/?s={search_term_string}"},"query-input":{"@type":"PropertyValueSpecification","valueRequired":true,"valueName":"search_term_string"}}],"inLanguage":"fi"},{"@type":"Person","@id":"https:\/\/www.biotalouskoulutus.fi\/#\/schema\/person\/c36c0ef8987442464f305d2a698e5538","name":"uef-admin","image":{"@type":"ImageObject","inLanguage":"fi","@id":"https:\/\/secure.gravatar.com\/avatar\/6c9f5016c320b72333096361e494f2c004505657367d2847a11e96de0655f758?s=96&d=mm&r=g","url":"https:\/\/secure.gravatar.com\/avatar\/6c9f5016c320b72333096361e494f2c004505657367d2847a11e96de0655f758?s=96&d=mm&r=g","contentUrl":"https:\/\/secure.gravatar.com\/avatar\/6c9f5016c320b72333096361e494f2c004505657367d2847a11e96de0655f758?s=96&d=mm&r=g","caption":"uef-admin"},"url":"https:\/\/blogs2.uef.fi\/biotalouskoulutus\/author\/uef-admin\/"}]}},"_links":{"self":[{"href":"https:\/\/blogs2.uef.fi\/biotalouskoulutus\/wp-json\/wp\/v2\/posts\/310","targetHints":{"allow":["GET"]}}],"collection":[{"href":"https:\/\/blogs2.uef.fi\/biotalouskoulutus\/wp-json\/wp\/v2\/posts"}],"about":[{"href":"https:\/\/blogs2.uef.fi\/biotalouskoulutus\/wp-json\/wp\/v2\/types\/post"}],"author":[{"embeddable":true,"href":"https:\/\/blogs2.uef.fi\/biotalouskoulutus\/wp-json\/wp\/v2\/users\/1"}],"replies":[{"embeddable":true,"href":"https:\/\/blogs2.uef.fi\/biotalouskoulutus\/wp-json\/wp\/v2\/comments?post=310"}],"version-history":[{"count":2,"href":"https:\/\/blogs2.uef.fi\/biotalouskoulutus\/wp-json\/wp\/v2\/posts\/310\/revisions"}],"predecessor-version":[{"id":420,"href":"https:\/\/blogs2.uef.fi\/biotalouskoulutus\/wp-json\/wp\/v2\/posts\/310\/revisions\/420"}],"wp:attachment":[{"href":"https:\/\/blogs2.uef.fi\/biotalouskoulutus\/wp-json\/wp\/v2\/media?parent=310"}],"wp:term":[{"taxonomy":"category","embeddable":true,"href":"https:\/\/blogs2.uef.fi\/biotalouskoulutus\/wp-json\/wp\/v2\/categories?post=310"},{"taxonomy":"post_tag","embeddable":true,"href":"https:\/\/blogs2.uef.fi\/biotalouskoulutus\/wp-json\/wp\/v2\/tags?post=310"}],"curies":[{"name":"wp","href":"https:\/\/api.w.org\/{rel}","templated":true}]}}