{"id":314,"date":"2019-02-08T10:35:31","date_gmt":"2019-02-08T08:35:31","guid":{"rendered":"https:\/\/www.biotalouskoulutusitasuomi.fi\/?p=314"},"modified":"2020-03-23T10:38:23","modified_gmt":"2020-03-23T08:38:23","slug":"bioerko-kehittamista-ja-kokeilua","status":"publish","type":"post","link":"https:\/\/blogs2.uef.fi\/biotalouskoulutus\/bioerko-kehittamista-ja-kokeilua\/","title":{"rendered":"Bioerko kehitt\u00e4mist\u00e4 ja kokeilua"},"content":{"rendered":"\n<h2 class=\"wp-block-heading\">Bioerko &#8211; kehitt\u00e4mist\u00e4 ja kokeilua<\/h2>\n\n\n\n<p>Syksyll\u00e4 alkaneen Biotalouden erikoistumiskoulutuksen lis\u00e4ksi It\u00e4-Suomessa on k\u00e4ynniss\u00e4 kehitt\u00e4mishanke, jonka tavoitteena on mm. korkeakoulujen opetuksen ty\u00f6el\u00e4m\u00e4relevanssin parantaminen ja korkeakoulujen yhteisty\u00f6n tiivist\u00e4minen biotalouden alalla. Olemme mm. j\u00e4rjest\u00e4neet koulutuksen kehitt\u00e4misty\u00f6pajoja ja vierailleet It\u00e4vallassa ja Hollannissa tutustumassa paikallisiin toimintamalleihin. Tulevissa tapahtumissa jatketaan koulutuksen muotoilua yhdess\u00e4 opiskelijoiden ja ty\u00f6el\u00e4m\u00e4n kanssa.<\/p>\n\n\n\n<p>Bioerko-opiskelijoilta on ker\u00e4tty palautetta pitkin toteutusta &#8211; kuvassa l\u00e4hip\u00e4iv\u00e4\u00e4n osallistuneiden tiivis n\u00e4kemys. Moni n\u00e4kee koulutuksen kiinnostavana, ajankohtaisena ja monipuolisena. Samalla kolmen korkeakoulun yhteinen toteutus saa moitteita mm. sekavuudesta. Ainakin yksi osasyy t\u00e4h\u00e4n on kolme eri Moodle-alustaa, joita opiskelijat k\u00e4ytt\u00e4v\u00e4t &#8211; onneksi kirjautumiset sent\u00e4\u00e4n hoituvat yksill\u00e4 tunnuksilla. Toivottavasti esimerkiksi Digikampus-hankkeella voidaan parantaa yhteisi\u00e4 digitaalisia oppimisymp\u00e4rist\u00f6j\u00e4, t\u00e4lt\u00e4 osin etsimme aktiivisesti parempia ratkaisuja. Pilotointikoulutukselle ominaisesti koulutusta kehitet\u00e4\u00e4n ja muotoillaan matkan varrella, mik\u00e4 n\u00e4kyy opiskelijalle mm. siten, ett\u00e4 tulevien kurssien ohjelmaa ja aikataulua ei ole tiedossa tarkasti viel\u00e4 koulutuksen alkaessa. T\u00e4m\u00e4n suhteen pyrimme parantamaan tilannetta koko ajan ja asia huomioidaan erityisesti tulevissa toteutuksissa.<\/p>\n\n\n\n<p>Kaiken kaikkiaan opiskelijat ovat olleet teemoista kiinnostuneita ja innostuneita ja koulutuksen asiasis\u00e4lt\u00f6 ja kouluttajat ovat saanet p\u00e4\u00e4asiassa positiivista palautetta. Koulutukselle on siis kysynt\u00e4\u00e4, mutta ty\u00f6sarkaa riitt\u00e4\u00e4 koulutuksen muotoilun ja k\u00e4yt\u00e4nn\u00f6nj\u00e4rjestelyjen suhteen. My\u00f6s sopivan motivoivasta ja joustavasta ty\u00f6tahdista on keskusteltu paljon; opiskelujen rytmitt\u00e4minen muuhun el\u00e4m\u00e4\u00e4n on haastavaa mutta eritt\u00e4in t\u00e4rke\u00e4\u00e4. L\u00e4hip\u00e4ivilt\u00e4 ja tapaamisilta toivotaan erityisesti aikaa keskustelulle ja ryhm\u00e4ytymiselle; onhan silloin koolla mittava joukko osaavia ja kokeneita biotalouden toimijoita yhteiskunnan eri aloilta. T\u00e4llainen verkosto on voimavara kaikille j\u00e4senilleen ja voimme oppia toisiltamme paljon. Olemmekin todenneet, ett\u00e4 t\u00e4ss\u00e4 koulutuksessa meill\u00e4 kaikilla on kaksoisrooli sek\u00e4 opettajina ett\u00e4 oppilaina.<\/p>\n\n\n\n<p>Biotalouden 30 opintopisteen suorittaminen ty\u00f6n ohella tai ty\u00f6ajalla on iso satsaus, vastaahan se noin puolen vuoden ty\u00f6aikaa. Olemmekin keskustelleet esimerkiksi pienempien koulutuskokonaisuuksien tarjoamisesta eri tahoille &#8211; mik\u00e4li t\u00e4llainen kiinnostaa, <a href=\"https:\/\/www.biotalouskoulutusitasuomi.fi\/yhteyshenkilot\/\">otapa yhteytt\u00e4<\/a>! <\/p>\n\n\n\n<p><em>Kirjoittanut: Laura Tomppo, projektikoordinaattori, It\u00e4-Suomen yliopisto<\/em><\/p>\n\n\n\n<figure class=\"wp-block-image size-large\"><img loading=\"lazy\" decoding=\"async\" width=\"1024\" height=\"512\" src=\"https:\/\/www.biotalouskoulutusitasuomi.fi\/wp-content\/uploads\/sites\/71\/2020\/03\/Mit\u00e4-mielt\u00e4-Bioerkosta-t\u00e4h\u00e4n-menness\u00e4_.png\" alt=\"\" class=\"wp-image-315\" srcset=\"https:\/\/blogs2.uef.fi\/biotalouskoulutus\/wp-content\/uploads\/sites\/71\/2020\/03\/Mit\u00e4-mielt\u00e4-Bioerkosta-t\u00e4h\u00e4n-menness\u00e4_.png 1024w, https:\/\/blogs2.uef.fi\/biotalouskoulutus\/wp-content\/uploads\/sites\/71\/2020\/03\/Mit\u00e4-mielt\u00e4-Bioerkosta-t\u00e4h\u00e4n-menness\u00e4_-300x150.png 300w, https:\/\/blogs2.uef.fi\/biotalouskoulutus\/wp-content\/uploads\/sites\/71\/2020\/03\/Mit\u00e4-mielt\u00e4-Bioerkosta-t\u00e4h\u00e4n-menness\u00e4_-768x384.png 768w\" sizes=\"auto, (max-width: 1024px) 100vw, 1024px\" \/><\/figure>\n","protected":false},"excerpt":{"rendered":"<p>Bioerko &#8211; kehitt\u00e4mist\u00e4 ja kokeilua Syksyll\u00e4 alkaneen Biotalouden erikoistumiskoulutuksen lis\u00e4ksi It\u00e4-Suomessa on k\u00e4ynniss\u00e4 kehitt\u00e4mishanke, jonka tavoitteena on mm. korkeakoulujen opetuksen ty\u00f6el\u00e4m\u00e4relevanssin parantaminen ja korkeakoulujen yhteisty\u00f6n tiivist\u00e4minen biotalouden alalla. Olemme mm. j\u00e4rjest\u00e4neet koulutuksen kehitt\u00e4misty\u00f6pajoja ja vierailleet It\u00e4vallassa ja Hollannissa tutustumassa paikallisiin toimintamalleihin. Tulevissa tapahtumissa jatketaan koulutuksen muotoilua yhdess\u00e4 opiskelijoiden ja ty\u00f6el\u00e4m\u00e4n kanssa. Bioerko-opiskelijoilta on ker\u00e4tty palautetta [&hellip;]<\/p>\n","protected":false},"author":1,"featured_media":0,"comment_status":"open","ping_status":"open","sticky":false,"template":"","format":"standard","meta":{"_acf_changed":false,"_relevanssi_hide_post":"","_relevanssi_hide_content":"","_relevanssi_pin_for_all":"","_relevanssi_pin_keywords":"","_relevanssi_unpin_keywords":"","_relevanssi_related_keywords":"","_relevanssi_related_include_ids":"","_relevanssi_related_exclude_ids":"","_relevanssi_related_no_append":"","_relevanssi_related_not_related":"","_relevanssi_related_posts":"","_relevanssi_noindex_reason":"","footnotes":""},"categories":[1,16],"tags":[22,72],"class_list":["post-314","post","type-post","status-publish","format-standard","hentry","category-kaikki","category-kehittaminen","tag-bioerko","tag-pedagogiikka"],"acf":[],"yoast_head":"<!-- This site is optimized with the Yoast SEO plugin v27.3 - https:\/\/yoast.com\/product\/yoast-seo-wordpress\/ -->\n<title>Bioerko kehitt\u00e4mist\u00e4 ja kokeilua - Biotalouden erikoistumiskoulutus It\u00e4-Suomi<\/title>\n<meta name=\"robots\" content=\"index, follow, max-snippet:-1, max-image-preview:large, max-video-preview:-1\" \/>\n<link rel=\"canonical\" href=\"https:\/\/blogs2.uef.fi\/biotalouskoulutus\/bioerko-kehittamista-ja-kokeilua\/\" \/>\n<meta property=\"og:locale\" content=\"fi_FI\" \/>\n<meta property=\"og:type\" content=\"article\" \/>\n<meta property=\"og:title\" content=\"Bioerko kehitt\u00e4mist\u00e4 ja kokeilua - Biotalouden erikoistumiskoulutus It\u00e4-Suomi\" \/>\n<meta property=\"og:description\" content=\"Bioerko &#8211; kehitt\u00e4mist\u00e4 ja kokeilua Syksyll\u00e4 alkaneen Biotalouden erikoistumiskoulutuksen lis\u00e4ksi It\u00e4-Suomessa on k\u00e4ynniss\u00e4 kehitt\u00e4mishanke, jonka tavoitteena on mm. korkeakoulujen opetuksen ty\u00f6el\u00e4m\u00e4relevanssin parantaminen ja korkeakoulujen yhteisty\u00f6n tiivist\u00e4minen biotalouden alalla. Olemme mm. j\u00e4rjest\u00e4neet koulutuksen kehitt\u00e4misty\u00f6pajoja ja vierailleet It\u00e4vallassa ja Hollannissa tutustumassa paikallisiin toimintamalleihin. Tulevissa tapahtumissa jatketaan koulutuksen muotoilua yhdess\u00e4 opiskelijoiden ja ty\u00f6el\u00e4m\u00e4n kanssa. Bioerko-opiskelijoilta on ker\u00e4tty palautetta [&hellip;]\" \/>\n<meta property=\"og:url\" content=\"https:\/\/blogs2.uef.fi\/biotalouskoulutus\/bioerko-kehittamista-ja-kokeilua\/\" \/>\n<meta property=\"og:site_name\" content=\"Biotalouden erikoistumiskoulutus It\u00e4-Suomi\" \/>\n<meta property=\"article:published_time\" content=\"2019-02-08T08:35:31+00:00\" \/>\n<meta property=\"article:modified_time\" content=\"2020-03-23T08:38:23+00:00\" \/>\n<meta name=\"author\" content=\"uef-admin\" \/>\n<meta name=\"twitter:card\" content=\"summary_large_image\" \/>\n<meta name=\"twitter:label1\" content=\"Kirjoittanut\" \/>\n\t<meta name=\"twitter:data1\" content=\"uef-admin\" \/>\n\t<meta name=\"twitter:label2\" content=\"Arvioitu lukuaika\" \/>\n\t<meta name=\"twitter:data2\" content=\"2 minuuttia\" \/>\n<script type=\"application\/ld+json\" class=\"yoast-schema-graph\">{\"@context\":\"https:\\\/\\\/schema.org\",\"@graph\":[{\"@type\":\"Article\",\"@id\":\"https:\\\/\\\/blogs2.uef.fi\\\/biotalouskoulutus\\\/bioerko-kehittamista-ja-kokeilua\\\/#article\",\"isPartOf\":{\"@id\":\"https:\\\/\\\/blogs2.uef.fi\\\/biotalouskoulutus\\\/bioerko-kehittamista-ja-kokeilua\\\/\"},\"author\":{\"name\":\"uef-admin\",\"@id\":\"https:\\\/\\\/www.biotalouskoulutus.fi\\\/#\\\/schema\\\/person\\\/c36c0ef8987442464f305d2a698e5538\"},\"headline\":\"Bioerko kehitt\u00e4mist\u00e4 ja kokeilua\",\"datePublished\":\"2019-02-08T08:35:31+00:00\",\"dateModified\":\"2020-03-23T08:38:23+00:00\",\"mainEntityOfPage\":{\"@id\":\"https:\\\/\\\/blogs2.uef.fi\\\/biotalouskoulutus\\\/bioerko-kehittamista-ja-kokeilua\\\/\"},\"wordCount\":349,\"commentCount\":0,\"keywords\":[\"bioerko\",\"pedagogiikka\"],\"articleSection\":[\"Kaikki blogit\",\"Koulutuksen kehitt\u00e4minen\"],\"inLanguage\":\"fi\",\"potentialAction\":[{\"@type\":\"CommentAction\",\"name\":\"Comment\",\"target\":[\"https:\\\/\\\/blogs2.uef.fi\\\/biotalouskoulutus\\\/bioerko-kehittamista-ja-kokeilua\\\/#respond\"]}]},{\"@type\":\"WebPage\",\"@id\":\"https:\\\/\\\/blogs2.uef.fi\\\/biotalouskoulutus\\\/bioerko-kehittamista-ja-kokeilua\\\/\",\"url\":\"https:\\\/\\\/blogs2.uef.fi\\\/biotalouskoulutus\\\/bioerko-kehittamista-ja-kokeilua\\\/\",\"name\":\"Bioerko kehitt\u00e4mist\u00e4 ja kokeilua - Biotalouden erikoistumiskoulutus It\u00e4-Suomi\",\"isPartOf\":{\"@id\":\"https:\\\/\\\/www.biotalouskoulutus.fi\\\/#website\"},\"datePublished\":\"2019-02-08T08:35:31+00:00\",\"dateModified\":\"2020-03-23T08:38:23+00:00\",\"author\":{\"@id\":\"https:\\\/\\\/www.biotalouskoulutus.fi\\\/#\\\/schema\\\/person\\\/c36c0ef8987442464f305d2a698e5538\"},\"breadcrumb\":{\"@id\":\"https:\\\/\\\/blogs2.uef.fi\\\/biotalouskoulutus\\\/bioerko-kehittamista-ja-kokeilua\\\/#breadcrumb\"},\"inLanguage\":\"fi\",\"potentialAction\":[{\"@type\":\"ReadAction\",\"target\":[\"https:\\\/\\\/blogs2.uef.fi\\\/biotalouskoulutus\\\/bioerko-kehittamista-ja-kokeilua\\\/\"]}]},{\"@type\":\"BreadcrumbList\",\"@id\":\"https:\\\/\\\/blogs2.uef.fi\\\/biotalouskoulutus\\\/bioerko-kehittamista-ja-kokeilua\\\/#breadcrumb\",\"itemListElement\":[{\"@type\":\"ListItem\",\"position\":1,\"name\":\"Home\",\"item\":\"https:\\\/\\\/www.biotalouskoulutus.fi\\\/\"},{\"@type\":\"ListItem\",\"position\":2,\"name\":\"Bioerko kehitt\u00e4mist\u00e4 ja kokeilua\"}]},{\"@type\":\"WebSite\",\"@id\":\"https:\\\/\\\/www.biotalouskoulutus.fi\\\/#website\",\"url\":\"https:\\\/\\\/www.biotalouskoulutus.fi\\\/\",\"name\":\"Biotalouden erikoistumiskoulutus It\u00e4-Suomi\",\"description\":\"Biotalouden erikoistumiskoulutus It\u00e4-Suomessa - innovaatioita ja osaamista korkeakoulujen ja yritysen yhteisty\u00f6n\u00e4. Koulutuksen painotukset: mets\u00e4biotalous, biotalouden sivuvirrat, biojalostus ja energiabiotalous.\",\"potentialAction\":[{\"@type\":\"SearchAction\",\"target\":{\"@type\":\"EntryPoint\",\"urlTemplate\":\"https:\\\/\\\/www.biotalouskoulutus.fi\\\/?s={search_term_string}\"},\"query-input\":{\"@type\":\"PropertyValueSpecification\",\"valueRequired\":true,\"valueName\":\"search_term_string\"}}],\"inLanguage\":\"fi\"},{\"@type\":\"Person\",\"@id\":\"https:\\\/\\\/www.biotalouskoulutus.fi\\\/#\\\/schema\\\/person\\\/c36c0ef8987442464f305d2a698e5538\",\"name\":\"uef-admin\",\"image\":{\"@type\":\"ImageObject\",\"inLanguage\":\"fi\",\"@id\":\"https:\\\/\\\/secure.gravatar.com\\\/avatar\\\/6c9f5016c320b72333096361e494f2c004505657367d2847a11e96de0655f758?s=96&d=mm&r=g\",\"url\":\"https:\\\/\\\/secure.gravatar.com\\\/avatar\\\/6c9f5016c320b72333096361e494f2c004505657367d2847a11e96de0655f758?s=96&d=mm&r=g\",\"contentUrl\":\"https:\\\/\\\/secure.gravatar.com\\\/avatar\\\/6c9f5016c320b72333096361e494f2c004505657367d2847a11e96de0655f758?s=96&d=mm&r=g\",\"caption\":\"uef-admin\"},\"url\":\"https:\\\/\\\/blogs2.uef.fi\\\/biotalouskoulutus\\\/author\\\/uef-admin\\\/\"}]}<\/script>\n<!-- \/ Yoast SEO plugin. -->","yoast_head_json":{"title":"Bioerko kehitt\u00e4mist\u00e4 ja kokeilua - Biotalouden erikoistumiskoulutus It\u00e4-Suomi","robots":{"index":"index","follow":"follow","max-snippet":"max-snippet:-1","max-image-preview":"max-image-preview:large","max-video-preview":"max-video-preview:-1"},"canonical":"https:\/\/blogs2.uef.fi\/biotalouskoulutus\/bioerko-kehittamista-ja-kokeilua\/","og_locale":"fi_FI","og_type":"article","og_title":"Bioerko kehitt\u00e4mist\u00e4 ja kokeilua - Biotalouden erikoistumiskoulutus It\u00e4-Suomi","og_description":"Bioerko &#8211; kehitt\u00e4mist\u00e4 ja kokeilua Syksyll\u00e4 alkaneen Biotalouden erikoistumiskoulutuksen lis\u00e4ksi It\u00e4-Suomessa on k\u00e4ynniss\u00e4 kehitt\u00e4mishanke, jonka tavoitteena on mm. korkeakoulujen opetuksen ty\u00f6el\u00e4m\u00e4relevanssin parantaminen ja korkeakoulujen yhteisty\u00f6n tiivist\u00e4minen biotalouden alalla. Olemme mm. j\u00e4rjest\u00e4neet koulutuksen kehitt\u00e4misty\u00f6pajoja ja vierailleet It\u00e4vallassa ja Hollannissa tutustumassa paikallisiin toimintamalleihin. Tulevissa tapahtumissa jatketaan koulutuksen muotoilua yhdess\u00e4 opiskelijoiden ja ty\u00f6el\u00e4m\u00e4n kanssa. Bioerko-opiskelijoilta on ker\u00e4tty palautetta [&hellip;]","og_url":"https:\/\/blogs2.uef.fi\/biotalouskoulutus\/bioerko-kehittamista-ja-kokeilua\/","og_site_name":"Biotalouden erikoistumiskoulutus It\u00e4-Suomi","article_published_time":"2019-02-08T08:35:31+00:00","article_modified_time":"2020-03-23T08:38:23+00:00","author":"uef-admin","twitter_card":"summary_large_image","twitter_misc":{"Kirjoittanut":"uef-admin","Arvioitu lukuaika":"2 minuuttia"},"schema":{"@context":"https:\/\/schema.org","@graph":[{"@type":"Article","@id":"https:\/\/blogs2.uef.fi\/biotalouskoulutus\/bioerko-kehittamista-ja-kokeilua\/#article","isPartOf":{"@id":"https:\/\/blogs2.uef.fi\/biotalouskoulutus\/bioerko-kehittamista-ja-kokeilua\/"},"author":{"name":"uef-admin","@id":"https:\/\/www.biotalouskoulutus.fi\/#\/schema\/person\/c36c0ef8987442464f305d2a698e5538"},"headline":"Bioerko kehitt\u00e4mist\u00e4 ja kokeilua","datePublished":"2019-02-08T08:35:31+00:00","dateModified":"2020-03-23T08:38:23+00:00","mainEntityOfPage":{"@id":"https:\/\/blogs2.uef.fi\/biotalouskoulutus\/bioerko-kehittamista-ja-kokeilua\/"},"wordCount":349,"commentCount":0,"keywords":["bioerko","pedagogiikka"],"articleSection":["Kaikki blogit","Koulutuksen kehitt\u00e4minen"],"inLanguage":"fi","potentialAction":[{"@type":"CommentAction","name":"Comment","target":["https:\/\/blogs2.uef.fi\/biotalouskoulutus\/bioerko-kehittamista-ja-kokeilua\/#respond"]}]},{"@type":"WebPage","@id":"https:\/\/blogs2.uef.fi\/biotalouskoulutus\/bioerko-kehittamista-ja-kokeilua\/","url":"https:\/\/blogs2.uef.fi\/biotalouskoulutus\/bioerko-kehittamista-ja-kokeilua\/","name":"Bioerko kehitt\u00e4mist\u00e4 ja kokeilua - Biotalouden erikoistumiskoulutus It\u00e4-Suomi","isPartOf":{"@id":"https:\/\/www.biotalouskoulutus.fi\/#website"},"datePublished":"2019-02-08T08:35:31+00:00","dateModified":"2020-03-23T08:38:23+00:00","author":{"@id":"https:\/\/www.biotalouskoulutus.fi\/#\/schema\/person\/c36c0ef8987442464f305d2a698e5538"},"breadcrumb":{"@id":"https:\/\/blogs2.uef.fi\/biotalouskoulutus\/bioerko-kehittamista-ja-kokeilua\/#breadcrumb"},"inLanguage":"fi","potentialAction":[{"@type":"ReadAction","target":["https:\/\/blogs2.uef.fi\/biotalouskoulutus\/bioerko-kehittamista-ja-kokeilua\/"]}]},{"@type":"BreadcrumbList","@id":"https:\/\/blogs2.uef.fi\/biotalouskoulutus\/bioerko-kehittamista-ja-kokeilua\/#breadcrumb","itemListElement":[{"@type":"ListItem","position":1,"name":"Home","item":"https:\/\/www.biotalouskoulutus.fi\/"},{"@type":"ListItem","position":2,"name":"Bioerko kehitt\u00e4mist\u00e4 ja kokeilua"}]},{"@type":"WebSite","@id":"https:\/\/www.biotalouskoulutus.fi\/#website","url":"https:\/\/www.biotalouskoulutus.fi\/","name":"Biotalouden erikoistumiskoulutus It\u00e4-Suomi","description":"Biotalouden erikoistumiskoulutus It\u00e4-Suomessa - innovaatioita ja osaamista korkeakoulujen ja yritysen yhteisty\u00f6n\u00e4. Koulutuksen painotukset: mets\u00e4biotalous, biotalouden sivuvirrat, biojalostus ja energiabiotalous.","potentialAction":[{"@type":"SearchAction","target":{"@type":"EntryPoint","urlTemplate":"https:\/\/www.biotalouskoulutus.fi\/?s={search_term_string}"},"query-input":{"@type":"PropertyValueSpecification","valueRequired":true,"valueName":"search_term_string"}}],"inLanguage":"fi"},{"@type":"Person","@id":"https:\/\/www.biotalouskoulutus.fi\/#\/schema\/person\/c36c0ef8987442464f305d2a698e5538","name":"uef-admin","image":{"@type":"ImageObject","inLanguage":"fi","@id":"https:\/\/secure.gravatar.com\/avatar\/6c9f5016c320b72333096361e494f2c004505657367d2847a11e96de0655f758?s=96&d=mm&r=g","url":"https:\/\/secure.gravatar.com\/avatar\/6c9f5016c320b72333096361e494f2c004505657367d2847a11e96de0655f758?s=96&d=mm&r=g","contentUrl":"https:\/\/secure.gravatar.com\/avatar\/6c9f5016c320b72333096361e494f2c004505657367d2847a11e96de0655f758?s=96&d=mm&r=g","caption":"uef-admin"},"url":"https:\/\/blogs2.uef.fi\/biotalouskoulutus\/author\/uef-admin\/"}]}},"_links":{"self":[{"href":"https:\/\/blogs2.uef.fi\/biotalouskoulutus\/wp-json\/wp\/v2\/posts\/314","targetHints":{"allow":["GET"]}}],"collection":[{"href":"https:\/\/blogs2.uef.fi\/biotalouskoulutus\/wp-json\/wp\/v2\/posts"}],"about":[{"href":"https:\/\/blogs2.uef.fi\/biotalouskoulutus\/wp-json\/wp\/v2\/types\/post"}],"author":[{"embeddable":true,"href":"https:\/\/blogs2.uef.fi\/biotalouskoulutus\/wp-json\/wp\/v2\/users\/1"}],"replies":[{"embeddable":true,"href":"https:\/\/blogs2.uef.fi\/biotalouskoulutus\/wp-json\/wp\/v2\/comments?post=314"}],"version-history":[{"count":2,"href":"https:\/\/blogs2.uef.fi\/biotalouskoulutus\/wp-json\/wp\/v2\/posts\/314\/revisions"}],"predecessor-version":[{"id":417,"href":"https:\/\/blogs2.uef.fi\/biotalouskoulutus\/wp-json\/wp\/v2\/posts\/314\/revisions\/417"}],"wp:attachment":[{"href":"https:\/\/blogs2.uef.fi\/biotalouskoulutus\/wp-json\/wp\/v2\/media?parent=314"}],"wp:term":[{"taxonomy":"category","embeddable":true,"href":"https:\/\/blogs2.uef.fi\/biotalouskoulutus\/wp-json\/wp\/v2\/categories?post=314"},{"taxonomy":"post_tag","embeddable":true,"href":"https:\/\/blogs2.uef.fi\/biotalouskoulutus\/wp-json\/wp\/v2\/tags?post=314"}],"curies":[{"name":"wp","href":"https:\/\/api.w.org\/{rel}","templated":true}]}}