{"id":324,"date":"2019-03-22T10:57:43","date_gmt":"2019-03-22T08:57:43","guid":{"rendered":"https:\/\/www.biotalouskoulutusitasuomi.fi\/?p=324"},"modified":"2022-12-28T14:05:15","modified_gmt":"2022-12-28T12:05:15","slug":"energiaa-ja-biojalostusta-lahipaivassa","status":"publish","type":"post","link":"https:\/\/blogs2.uef.fi\/biotalouskoulutus\/energiaa-ja-biojalostusta-lahipaivassa\/","title":{"rendered":"Energiaa ja biojalostusta l\u00e4hip\u00e4iv\u00e4ss\u00e4"},"content":{"rendered":"\n<h2 class=\"wp-block-heading\">Energiaa ja biojalostusta l\u00e4hip\u00e4iv\u00e4ss\u00e4<\/h2>\n\n\n\n<figure class=\"wp-block-image size-large\"><img loading=\"lazy\" decoding=\"async\" width=\"945\" height=\"756\" src=\"https:\/\/www.biotalouskoulutusitasuomi.fi\/wp-content\/uploads\/sites\/71\/2020\/03\/190322kuva.png\" alt=\"\" class=\"wp-image-325\" srcset=\"https:\/\/blogs2.uef.fi\/biotalouskoulutus\/wp-content\/uploads\/sites\/71\/2020\/03\/190322kuva.png 945w, https:\/\/blogs2.uef.fi\/biotalouskoulutus\/wp-content\/uploads\/sites\/71\/2020\/03\/190322kuva-300x240.png 300w, https:\/\/blogs2.uef.fi\/biotalouskoulutus\/wp-content\/uploads\/sites\/71\/2020\/03\/190322kuva-768x614.png 768w\" sizes=\"auto, (max-width: 945px) 100vw, 945px\" \/><\/figure>\n\n\n\n<p>Maaliskuun l\u00e4hip\u00e4iv\u00e4ss\u00e4 Kuopiossa vierailimme Kuopion Energialla. Meille esiteltiin mm. kuopiolaisen l\u00e4mm\u00f6n\u00a0<a href=\"https:\/\/www.kuopionenergia.fi\/ymparisto\/energianalkupera\/lammonalkupera\/\">alkuper\u00e4\u00e4<\/a>\u00a0sek\u00e4 turvetuotantoon liittyvi\u00e4\u00a0<a href=\"https:\/\/www.kuopionenergia.fi\/yritys\/tuotanto\/turve\/\">asioita<\/a>\u00a0ja p\u00e4\u00e4simme kiert\u00e4m\u00e4\u00e4n voimalaitoksessa. Lounastimme Kuopion Energian uudehkossa ravintolassa, miss\u00e4 saimme nauttia my\u00f6s upeasta kev\u00e4isest\u00e4 j\u00e4rvin\u00e4k\u00f6alasta.\u00a0\u00a0<\/p>\n\n\n\n<p>Lounaan j\u00e4lkeen siirryimme yliopistolle, miss\u00e4 Ari J\u00e4\u00e4skel\u00e4inen Savonia-ammattikorkeakoululta piti Biotalous verkostotaloutena \u2013kurssin luennon. H\u00e4n esitteli lyhyesti opiskelijoiden valitsemia ja koostamia case-organisaatioihin liittyvi\u00e4 verkostoja; tapaukset olivat eritt\u00e4in monipuolinen kattaus biotaloudessa toimivia organisaatioita, mutta yhteist\u00e4 kaikille oli verkoston merkitt\u00e4v\u00e4 rooli toiminnassa ja kehitt\u00e4misess\u00e4. Toiminta biotalousyhteiskunnassa vaikuttaa siis matkivan luonnon omia verkostomaisia toimintatapoja, aivan kuten viime kerralla uumoilimme.&nbsp;<\/p>\n\n\n\n<p>Luennon j\u00e4lkeen siirryttiin keskustelemaan kehitt\u00e4misteht\u00e4vist\u00e4 Biotalouden prosessit \u2013opintojaksojen ryhmiss\u00e4. Kehitt\u00e4misteht\u00e4vien osalta keskusteltiin toteutustilanteesta ja esimerkiksi Biojalostus-kurssilla k\u00e4ytiin kiert\u00e4m\u00e4ss\u00e4 laboratorioissa, joita opiskelijat voivat hy\u00f6dynt\u00e4\u00e4 kehitt\u00e4misteht\u00e4vi\u00e4 tehdess\u00e4\u00e4n. Kehitt\u00e4misteht\u00e4v\u00e4t etenev\u00e4t eri tahtia, mutta koska opiskelijoilla on jo laaja osaamistausta, se ei onneksi haittaa keskustelua.&nbsp;<\/p>\n\n\n\n<p>P\u00e4iv\u00e4n p\u00e4\u00e4tteeksi k\u00e4vimme viel\u00e4 hetken l\u00e4pi yhteisi\u00e4 asioita, mink\u00e4 j\u00e4lkeen kiersimme biojalostukseen liittyviss\u00e4 laboratorioissa; k\u00e4vimme katsomassa mm. Hidaspyrolyysilaitteistoa, mekaanista testausta ja erilaisia analyysilaitteita.&nbsp;<\/p>\n\n\n\n<p><em>Kirjoittanut: Laura Tomppo, projektikoordinaattori, It\u00e4-Suomen yliopisto<\/em><\/p>\n","protected":false},"excerpt":{"rendered":"<p>Energiaa ja biojalostusta l\u00e4hip\u00e4iv\u00e4ss\u00e4 Maaliskuun l\u00e4hip\u00e4iv\u00e4ss\u00e4 Kuopiossa vierailimme Kuopion Energialla. Meille esiteltiin mm. kuopiolaisen l\u00e4mm\u00f6n\u00a0alkuper\u00e4\u00e4\u00a0sek\u00e4 turvetuotantoon liittyvi\u00e4\u00a0asioita\u00a0ja p\u00e4\u00e4simme kiert\u00e4m\u00e4\u00e4n voimalaitoksessa. Lounastimme Kuopion Energian uudehkossa ravintolassa, miss\u00e4 saimme nauttia my\u00f6s upeasta kev\u00e4isest\u00e4 j\u00e4rvin\u00e4k\u00f6alasta.\u00a0\u00a0 Lounaan j\u00e4lkeen siirryimme yliopistolle, miss\u00e4 Ari J\u00e4\u00e4skel\u00e4inen Savonia-ammattikorkeakoululta piti Biotalous verkostotaloutena \u2013kurssin luennon. H\u00e4n esitteli lyhyesti opiskelijoiden valitsemia ja koostamia case-organisaatioihin liittyvi\u00e4 verkostoja; [&hellip;]<\/p>\n","protected":false},"author":1,"featured_media":0,"comment_status":"open","ping_status":"open","sticky":false,"template":"","format":"standard","meta":{"_acf_changed":false,"_relevanssi_hide_post":"","_relevanssi_hide_content":"","_relevanssi_pin_for_all":"","_relevanssi_pin_keywords":"","_relevanssi_unpin_keywords":"","_relevanssi_related_keywords":"","_relevanssi_related_include_ids":"","_relevanssi_related_exclude_ids":"","_relevanssi_related_no_append":"","_relevanssi_related_not_related":"","_relevanssi_related_posts":"","_relevanssi_noindex_reason":"","footnotes":""},"categories":[159,1,11],"tags":[84,81,78],"class_list":["post-324","post","type-post","status-publish","format-standard","hentry","category-biotalouden-erikoistumiskoulutus","category-kaikki","category-koulutus","tag-biojalostus","tag-biotalouden-erikoistumiskoulutus","tag-biotalouden-opiskelu"],"acf":[],"yoast_head":"<!-- This site is optimized with the Yoast SEO plugin v27.3 - https:\/\/yoast.com\/product\/yoast-seo-wordpress\/ -->\n<title>Energiaa ja biojalostusta l\u00e4hip\u00e4iv\u00e4ss\u00e4 - Biotalouden erikoistumiskoulutus It\u00e4-Suomi<\/title>\n<meta name=\"robots\" content=\"index, follow, max-snippet:-1, max-image-preview:large, max-video-preview:-1\" \/>\n<link rel=\"canonical\" href=\"https:\/\/blogs2.uef.fi\/biotalouskoulutus\/energiaa-ja-biojalostusta-lahipaivassa\/\" \/>\n<meta property=\"og:locale\" content=\"fi_FI\" \/>\n<meta property=\"og:type\" content=\"article\" \/>\n<meta property=\"og:title\" content=\"Energiaa ja biojalostusta l\u00e4hip\u00e4iv\u00e4ss\u00e4 - Biotalouden erikoistumiskoulutus It\u00e4-Suomi\" \/>\n<meta property=\"og:description\" content=\"Energiaa ja biojalostusta l\u00e4hip\u00e4iv\u00e4ss\u00e4 Maaliskuun l\u00e4hip\u00e4iv\u00e4ss\u00e4 Kuopiossa vierailimme Kuopion Energialla. Meille esiteltiin mm. kuopiolaisen l\u00e4mm\u00f6n\u00a0alkuper\u00e4\u00e4\u00a0sek\u00e4 turvetuotantoon liittyvi\u00e4\u00a0asioita\u00a0ja p\u00e4\u00e4simme kiert\u00e4m\u00e4\u00e4n voimalaitoksessa. Lounastimme Kuopion Energian uudehkossa ravintolassa, miss\u00e4 saimme nauttia my\u00f6s upeasta kev\u00e4isest\u00e4 j\u00e4rvin\u00e4k\u00f6alasta.\u00a0\u00a0 Lounaan j\u00e4lkeen siirryimme yliopistolle, miss\u00e4 Ari J\u00e4\u00e4skel\u00e4inen Savonia-ammattikorkeakoululta piti Biotalous verkostotaloutena \u2013kurssin luennon. H\u00e4n esitteli lyhyesti opiskelijoiden valitsemia ja koostamia case-organisaatioihin liittyvi\u00e4 verkostoja; [&hellip;]\" \/>\n<meta property=\"og:url\" content=\"https:\/\/blogs2.uef.fi\/biotalouskoulutus\/energiaa-ja-biojalostusta-lahipaivassa\/\" \/>\n<meta property=\"og:site_name\" content=\"Biotalouden erikoistumiskoulutus It\u00e4-Suomi\" \/>\n<meta property=\"article:published_time\" content=\"2019-03-22T08:57:43+00:00\" \/>\n<meta property=\"article:modified_time\" content=\"2022-12-28T12:05:15+00:00\" \/>\n<meta property=\"og:image\" content=\"https:\/\/www.biotalouskoulutusitasuomi.fi\/wp-content\/uploads\/sites\/71\/2020\/03\/190322kuva.png\" \/>\n<meta name=\"author\" content=\"uef-admin\" \/>\n<meta name=\"twitter:card\" content=\"summary_large_image\" \/>\n<meta name=\"twitter:label1\" content=\"Kirjoittanut\" \/>\n\t<meta name=\"twitter:data1\" content=\"uef-admin\" \/>\n\t<meta name=\"twitter:label2\" content=\"Arvioitu lukuaika\" \/>\n\t<meta name=\"twitter:data2\" content=\"1 minuutti\" \/>\n<script type=\"application\/ld+json\" class=\"yoast-schema-graph\">{\"@context\":\"https:\\\/\\\/schema.org\",\"@graph\":[{\"@type\":\"Article\",\"@id\":\"https:\\\/\\\/blogs2.uef.fi\\\/biotalouskoulutus\\\/energiaa-ja-biojalostusta-lahipaivassa\\\/#article\",\"isPartOf\":{\"@id\":\"https:\\\/\\\/blogs2.uef.fi\\\/biotalouskoulutus\\\/energiaa-ja-biojalostusta-lahipaivassa\\\/\"},\"author\":{\"name\":\"uef-admin\",\"@id\":\"https:\\\/\\\/www.biotalouskoulutus.fi\\\/#\\\/schema\\\/person\\\/c36c0ef8987442464f305d2a698e5538\"},\"headline\":\"Energiaa ja biojalostusta l\u00e4hip\u00e4iv\u00e4ss\u00e4\",\"datePublished\":\"2019-03-22T08:57:43+00:00\",\"dateModified\":\"2022-12-28T12:05:15+00:00\",\"mainEntityOfPage\":{\"@id\":\"https:\\\/\\\/blogs2.uef.fi\\\/biotalouskoulutus\\\/energiaa-ja-biojalostusta-lahipaivassa\\\/\"},\"wordCount\":218,\"commentCount\":0,\"image\":{\"@id\":\"https:\\\/\\\/blogs2.uef.fi\\\/biotalouskoulutus\\\/energiaa-ja-biojalostusta-lahipaivassa\\\/#primaryimage\"},\"thumbnailUrl\":\"https:\\\/\\\/www.biotalouskoulutusitasuomi.fi\\\/wp-content\\\/uploads\\\/sites\\\/71\\\/2020\\\/03\\\/190322kuva.png\",\"keywords\":[\"biojalostus\",\"biotalouden erikoistumiskoulutus\",\"biotalouden opiskelu\"],\"articleSection\":[\"Biotalouden erikoistumiskoulutus\",\"Kaikki blogit\",\"Koulutus 2018-2020\"],\"inLanguage\":\"fi\",\"potentialAction\":[{\"@type\":\"CommentAction\",\"name\":\"Comment\",\"target\":[\"https:\\\/\\\/blogs2.uef.fi\\\/biotalouskoulutus\\\/energiaa-ja-biojalostusta-lahipaivassa\\\/#respond\"]}]},{\"@type\":\"WebPage\",\"@id\":\"https:\\\/\\\/blogs2.uef.fi\\\/biotalouskoulutus\\\/energiaa-ja-biojalostusta-lahipaivassa\\\/\",\"url\":\"https:\\\/\\\/blogs2.uef.fi\\\/biotalouskoulutus\\\/energiaa-ja-biojalostusta-lahipaivassa\\\/\",\"name\":\"Energiaa ja biojalostusta l\u00e4hip\u00e4iv\u00e4ss\u00e4 - Biotalouden erikoistumiskoulutus It\u00e4-Suomi\",\"isPartOf\":{\"@id\":\"https:\\\/\\\/www.biotalouskoulutus.fi\\\/#website\"},\"primaryImageOfPage\":{\"@id\":\"https:\\\/\\\/blogs2.uef.fi\\\/biotalouskoulutus\\\/energiaa-ja-biojalostusta-lahipaivassa\\\/#primaryimage\"},\"image\":{\"@id\":\"https:\\\/\\\/blogs2.uef.fi\\\/biotalouskoulutus\\\/energiaa-ja-biojalostusta-lahipaivassa\\\/#primaryimage\"},\"thumbnailUrl\":\"https:\\\/\\\/www.biotalouskoulutusitasuomi.fi\\\/wp-content\\\/uploads\\\/sites\\\/71\\\/2020\\\/03\\\/190322kuva.png\",\"datePublished\":\"2019-03-22T08:57:43+00:00\",\"dateModified\":\"2022-12-28T12:05:15+00:00\",\"author\":{\"@id\":\"https:\\\/\\\/www.biotalouskoulutus.fi\\\/#\\\/schema\\\/person\\\/c36c0ef8987442464f305d2a698e5538\"},\"breadcrumb\":{\"@id\":\"https:\\\/\\\/blogs2.uef.fi\\\/biotalouskoulutus\\\/energiaa-ja-biojalostusta-lahipaivassa\\\/#breadcrumb\"},\"inLanguage\":\"fi\",\"potentialAction\":[{\"@type\":\"ReadAction\",\"target\":[\"https:\\\/\\\/blogs2.uef.fi\\\/biotalouskoulutus\\\/energiaa-ja-biojalostusta-lahipaivassa\\\/\"]}]},{\"@type\":\"ImageObject\",\"inLanguage\":\"fi\",\"@id\":\"https:\\\/\\\/blogs2.uef.fi\\\/biotalouskoulutus\\\/energiaa-ja-biojalostusta-lahipaivassa\\\/#primaryimage\",\"url\":\"https:\\\/\\\/www.biotalouskoulutusitasuomi.fi\\\/wp-content\\\/uploads\\\/sites\\\/71\\\/2020\\\/03\\\/190322kuva.png\",\"contentUrl\":\"https:\\\/\\\/www.biotalouskoulutusitasuomi.fi\\\/wp-content\\\/uploads\\\/sites\\\/71\\\/2020\\\/03\\\/190322kuva.png\"},{\"@type\":\"BreadcrumbList\",\"@id\":\"https:\\\/\\\/blogs2.uef.fi\\\/biotalouskoulutus\\\/energiaa-ja-biojalostusta-lahipaivassa\\\/#breadcrumb\",\"itemListElement\":[{\"@type\":\"ListItem\",\"position\":1,\"name\":\"Home\",\"item\":\"https:\\\/\\\/www.biotalouskoulutus.fi\\\/\"},{\"@type\":\"ListItem\",\"position\":2,\"name\":\"Energiaa ja biojalostusta l\u00e4hip\u00e4iv\u00e4ss\u00e4\"}]},{\"@type\":\"WebSite\",\"@id\":\"https:\\\/\\\/www.biotalouskoulutus.fi\\\/#website\",\"url\":\"https:\\\/\\\/www.biotalouskoulutus.fi\\\/\",\"name\":\"Biotalouden erikoistumiskoulutus It\u00e4-Suomi\",\"description\":\"Biotalouden erikoistumiskoulutus It\u00e4-Suomessa - innovaatioita ja osaamista korkeakoulujen ja yritysen yhteisty\u00f6n\u00e4. Koulutuksen painotukset: mets\u00e4biotalous, biotalouden sivuvirrat, biojalostus ja energiabiotalous.\",\"potentialAction\":[{\"@type\":\"SearchAction\",\"target\":{\"@type\":\"EntryPoint\",\"urlTemplate\":\"https:\\\/\\\/www.biotalouskoulutus.fi\\\/?s={search_term_string}\"},\"query-input\":{\"@type\":\"PropertyValueSpecification\",\"valueRequired\":true,\"valueName\":\"search_term_string\"}}],\"inLanguage\":\"fi\"},{\"@type\":\"Person\",\"@id\":\"https:\\\/\\\/www.biotalouskoulutus.fi\\\/#\\\/schema\\\/person\\\/c36c0ef8987442464f305d2a698e5538\",\"name\":\"uef-admin\",\"image\":{\"@type\":\"ImageObject\",\"inLanguage\":\"fi\",\"@id\":\"https:\\\/\\\/secure.gravatar.com\\\/avatar\\\/6c9f5016c320b72333096361e494f2c004505657367d2847a11e96de0655f758?s=96&d=mm&r=g\",\"url\":\"https:\\\/\\\/secure.gravatar.com\\\/avatar\\\/6c9f5016c320b72333096361e494f2c004505657367d2847a11e96de0655f758?s=96&d=mm&r=g\",\"contentUrl\":\"https:\\\/\\\/secure.gravatar.com\\\/avatar\\\/6c9f5016c320b72333096361e494f2c004505657367d2847a11e96de0655f758?s=96&d=mm&r=g\",\"caption\":\"uef-admin\"},\"url\":\"https:\\\/\\\/blogs2.uef.fi\\\/biotalouskoulutus\\\/author\\\/uef-admin\\\/\"}]}<\/script>\n<!-- \/ Yoast SEO plugin. -->","yoast_head_json":{"title":"Energiaa ja biojalostusta l\u00e4hip\u00e4iv\u00e4ss\u00e4 - Biotalouden erikoistumiskoulutus It\u00e4-Suomi","robots":{"index":"index","follow":"follow","max-snippet":"max-snippet:-1","max-image-preview":"max-image-preview:large","max-video-preview":"max-video-preview:-1"},"canonical":"https:\/\/blogs2.uef.fi\/biotalouskoulutus\/energiaa-ja-biojalostusta-lahipaivassa\/","og_locale":"fi_FI","og_type":"article","og_title":"Energiaa ja biojalostusta l\u00e4hip\u00e4iv\u00e4ss\u00e4 - Biotalouden erikoistumiskoulutus It\u00e4-Suomi","og_description":"Energiaa ja biojalostusta l\u00e4hip\u00e4iv\u00e4ss\u00e4 Maaliskuun l\u00e4hip\u00e4iv\u00e4ss\u00e4 Kuopiossa vierailimme Kuopion Energialla. Meille esiteltiin mm. kuopiolaisen l\u00e4mm\u00f6n\u00a0alkuper\u00e4\u00e4\u00a0sek\u00e4 turvetuotantoon liittyvi\u00e4\u00a0asioita\u00a0ja p\u00e4\u00e4simme kiert\u00e4m\u00e4\u00e4n voimalaitoksessa. Lounastimme Kuopion Energian uudehkossa ravintolassa, miss\u00e4 saimme nauttia my\u00f6s upeasta kev\u00e4isest\u00e4 j\u00e4rvin\u00e4k\u00f6alasta.\u00a0\u00a0 Lounaan j\u00e4lkeen siirryimme yliopistolle, miss\u00e4 Ari J\u00e4\u00e4skel\u00e4inen Savonia-ammattikorkeakoululta piti Biotalous verkostotaloutena \u2013kurssin luennon. H\u00e4n esitteli lyhyesti opiskelijoiden valitsemia ja koostamia case-organisaatioihin liittyvi\u00e4 verkostoja; [&hellip;]","og_url":"https:\/\/blogs2.uef.fi\/biotalouskoulutus\/energiaa-ja-biojalostusta-lahipaivassa\/","og_site_name":"Biotalouden erikoistumiskoulutus It\u00e4-Suomi","article_published_time":"2019-03-22T08:57:43+00:00","article_modified_time":"2022-12-28T12:05:15+00:00","og_image":[{"url":"https:\/\/www.biotalouskoulutusitasuomi.fi\/wp-content\/uploads\/sites\/71\/2020\/03\/190322kuva.png","type":"","width":"","height":""}],"author":"uef-admin","twitter_card":"summary_large_image","twitter_misc":{"Kirjoittanut":"uef-admin","Arvioitu lukuaika":"1 minuutti"},"schema":{"@context":"https:\/\/schema.org","@graph":[{"@type":"Article","@id":"https:\/\/blogs2.uef.fi\/biotalouskoulutus\/energiaa-ja-biojalostusta-lahipaivassa\/#article","isPartOf":{"@id":"https:\/\/blogs2.uef.fi\/biotalouskoulutus\/energiaa-ja-biojalostusta-lahipaivassa\/"},"author":{"name":"uef-admin","@id":"https:\/\/www.biotalouskoulutus.fi\/#\/schema\/person\/c36c0ef8987442464f305d2a698e5538"},"headline":"Energiaa ja biojalostusta l\u00e4hip\u00e4iv\u00e4ss\u00e4","datePublished":"2019-03-22T08:57:43+00:00","dateModified":"2022-12-28T12:05:15+00:00","mainEntityOfPage":{"@id":"https:\/\/blogs2.uef.fi\/biotalouskoulutus\/energiaa-ja-biojalostusta-lahipaivassa\/"},"wordCount":218,"commentCount":0,"image":{"@id":"https:\/\/blogs2.uef.fi\/biotalouskoulutus\/energiaa-ja-biojalostusta-lahipaivassa\/#primaryimage"},"thumbnailUrl":"https:\/\/www.biotalouskoulutusitasuomi.fi\/wp-content\/uploads\/sites\/71\/2020\/03\/190322kuva.png","keywords":["biojalostus","biotalouden erikoistumiskoulutus","biotalouden opiskelu"],"articleSection":["Biotalouden erikoistumiskoulutus","Kaikki blogit","Koulutus 2018-2020"],"inLanguage":"fi","potentialAction":[{"@type":"CommentAction","name":"Comment","target":["https:\/\/blogs2.uef.fi\/biotalouskoulutus\/energiaa-ja-biojalostusta-lahipaivassa\/#respond"]}]},{"@type":"WebPage","@id":"https:\/\/blogs2.uef.fi\/biotalouskoulutus\/energiaa-ja-biojalostusta-lahipaivassa\/","url":"https:\/\/blogs2.uef.fi\/biotalouskoulutus\/energiaa-ja-biojalostusta-lahipaivassa\/","name":"Energiaa ja biojalostusta l\u00e4hip\u00e4iv\u00e4ss\u00e4 - Biotalouden erikoistumiskoulutus It\u00e4-Suomi","isPartOf":{"@id":"https:\/\/www.biotalouskoulutus.fi\/#website"},"primaryImageOfPage":{"@id":"https:\/\/blogs2.uef.fi\/biotalouskoulutus\/energiaa-ja-biojalostusta-lahipaivassa\/#primaryimage"},"image":{"@id":"https:\/\/blogs2.uef.fi\/biotalouskoulutus\/energiaa-ja-biojalostusta-lahipaivassa\/#primaryimage"},"thumbnailUrl":"https:\/\/www.biotalouskoulutusitasuomi.fi\/wp-content\/uploads\/sites\/71\/2020\/03\/190322kuva.png","datePublished":"2019-03-22T08:57:43+00:00","dateModified":"2022-12-28T12:05:15+00:00","author":{"@id":"https:\/\/www.biotalouskoulutus.fi\/#\/schema\/person\/c36c0ef8987442464f305d2a698e5538"},"breadcrumb":{"@id":"https:\/\/blogs2.uef.fi\/biotalouskoulutus\/energiaa-ja-biojalostusta-lahipaivassa\/#breadcrumb"},"inLanguage":"fi","potentialAction":[{"@type":"ReadAction","target":["https:\/\/blogs2.uef.fi\/biotalouskoulutus\/energiaa-ja-biojalostusta-lahipaivassa\/"]}]},{"@type":"ImageObject","inLanguage":"fi","@id":"https:\/\/blogs2.uef.fi\/biotalouskoulutus\/energiaa-ja-biojalostusta-lahipaivassa\/#primaryimage","url":"https:\/\/www.biotalouskoulutusitasuomi.fi\/wp-content\/uploads\/sites\/71\/2020\/03\/190322kuva.png","contentUrl":"https:\/\/www.biotalouskoulutusitasuomi.fi\/wp-content\/uploads\/sites\/71\/2020\/03\/190322kuva.png"},{"@type":"BreadcrumbList","@id":"https:\/\/blogs2.uef.fi\/biotalouskoulutus\/energiaa-ja-biojalostusta-lahipaivassa\/#breadcrumb","itemListElement":[{"@type":"ListItem","position":1,"name":"Home","item":"https:\/\/www.biotalouskoulutus.fi\/"},{"@type":"ListItem","position":2,"name":"Energiaa ja biojalostusta l\u00e4hip\u00e4iv\u00e4ss\u00e4"}]},{"@type":"WebSite","@id":"https:\/\/www.biotalouskoulutus.fi\/#website","url":"https:\/\/www.biotalouskoulutus.fi\/","name":"Biotalouden erikoistumiskoulutus It\u00e4-Suomi","description":"Biotalouden erikoistumiskoulutus It\u00e4-Suomessa - innovaatioita ja osaamista korkeakoulujen ja yritysen yhteisty\u00f6n\u00e4. Koulutuksen painotukset: mets\u00e4biotalous, biotalouden sivuvirrat, biojalostus ja energiabiotalous.","potentialAction":[{"@type":"SearchAction","target":{"@type":"EntryPoint","urlTemplate":"https:\/\/www.biotalouskoulutus.fi\/?s={search_term_string}"},"query-input":{"@type":"PropertyValueSpecification","valueRequired":true,"valueName":"search_term_string"}}],"inLanguage":"fi"},{"@type":"Person","@id":"https:\/\/www.biotalouskoulutus.fi\/#\/schema\/person\/c36c0ef8987442464f305d2a698e5538","name":"uef-admin","image":{"@type":"ImageObject","inLanguage":"fi","@id":"https:\/\/secure.gravatar.com\/avatar\/6c9f5016c320b72333096361e494f2c004505657367d2847a11e96de0655f758?s=96&d=mm&r=g","url":"https:\/\/secure.gravatar.com\/avatar\/6c9f5016c320b72333096361e494f2c004505657367d2847a11e96de0655f758?s=96&d=mm&r=g","contentUrl":"https:\/\/secure.gravatar.com\/avatar\/6c9f5016c320b72333096361e494f2c004505657367d2847a11e96de0655f758?s=96&d=mm&r=g","caption":"uef-admin"},"url":"https:\/\/blogs2.uef.fi\/biotalouskoulutus\/author\/uef-admin\/"}]}},"_links":{"self":[{"href":"https:\/\/blogs2.uef.fi\/biotalouskoulutus\/wp-json\/wp\/v2\/posts\/324","targetHints":{"allow":["GET"]}}],"collection":[{"href":"https:\/\/blogs2.uef.fi\/biotalouskoulutus\/wp-json\/wp\/v2\/posts"}],"about":[{"href":"https:\/\/blogs2.uef.fi\/biotalouskoulutus\/wp-json\/wp\/v2\/types\/post"}],"author":[{"embeddable":true,"href":"https:\/\/blogs2.uef.fi\/biotalouskoulutus\/wp-json\/wp\/v2\/users\/1"}],"replies":[{"embeddable":true,"href":"https:\/\/blogs2.uef.fi\/biotalouskoulutus\/wp-json\/wp\/v2\/comments?post=324"}],"version-history":[{"count":2,"href":"https:\/\/blogs2.uef.fi\/biotalouskoulutus\/wp-json\/wp\/v2\/posts\/324\/revisions"}],"predecessor-version":[{"id":411,"href":"https:\/\/blogs2.uef.fi\/biotalouskoulutus\/wp-json\/wp\/v2\/posts\/324\/revisions\/411"}],"wp:attachment":[{"href":"https:\/\/blogs2.uef.fi\/biotalouskoulutus\/wp-json\/wp\/v2\/media?parent=324"}],"wp:term":[{"taxonomy":"category","embeddable":true,"href":"https:\/\/blogs2.uef.fi\/biotalouskoulutus\/wp-json\/wp\/v2\/categories?post=324"},{"taxonomy":"post_tag","embeddable":true,"href":"https:\/\/blogs2.uef.fi\/biotalouskoulutus\/wp-json\/wp\/v2\/tags?post=324"}],"curies":[{"name":"wp","href":"https:\/\/api.w.org\/{rel}","templated":true}]}}