{"id":338,"date":"2019-06-25T11:06:48","date_gmt":"2019-06-25T08:06:48","guid":{"rendered":"https:\/\/www.biotalouskoulutusitasuomi.fi\/?p=338"},"modified":"2022-12-28T14:05:14","modified_gmt":"2022-12-28T12:05:14","slug":"palvelua-opiskelijoille-ja-tyonantajille","status":"publish","type":"post","link":"https:\/\/blogs2.uef.fi\/biotalouskoulutus\/palvelua-opiskelijoille-ja-tyonantajille\/","title":{"rendered":"Palvelua opiskelijoille ja ty\u00f6nantajille"},"content":{"rendered":"\n<h2 class=\"wp-block-heading\">Palvelua opiskelijoille ja ty\u00f6nantajille\u00a0<\/h2>\n\n\n\n<p> It\u00e4-Suomen Bioerkon l\u00e4hip\u00e4ivi\u00e4 vietettiin Kuopiossa 13.-14.6. Ohjelmassa oli ty\u00f6pajaty\u00f6skentely\u00e4, yritysvierailu, asiantuntijaluento, ryhm\u00e4t\u00f6it\u00e4 ja virkist\u00e4v\u00e4 risteily Kallavedell\u00e4.\u00a0 <\/p>\n\n\n\n<figure class=\"wp-block-image size-large\"><img loading=\"lazy\" decoding=\"async\" width=\"1024\" height=\"576\" src=\"https:\/\/www.biotalouskoulutusitasuomi.fi\/wp-content\/uploads\/sites\/71\/2020\/03\/caribbean-1162376_1280-1024x576.jpg\" alt=\"\" class=\"wp-image-339\" srcset=\"https:\/\/blogs2.uef.fi\/biotalouskoulutus\/wp-content\/uploads\/sites\/71\/2020\/03\/caribbean-1162376_1280-1024x576.jpg 1024w, https:\/\/blogs2.uef.fi\/biotalouskoulutus\/wp-content\/uploads\/sites\/71\/2020\/03\/caribbean-1162376_1280-300x169.jpg 300w, https:\/\/blogs2.uef.fi\/biotalouskoulutus\/wp-content\/uploads\/sites\/71\/2020\/03\/caribbean-1162376_1280-768x432.jpg 768w, https:\/\/blogs2.uef.fi\/biotalouskoulutus\/wp-content\/uploads\/sites\/71\/2020\/03\/caribbean-1162376_1280.jpg 1280w\" sizes=\"auto, (max-width: 1024px) 100vw, 1024px\" \/><\/figure>\n\n\n\n<p>It\u00e4-Suomen Bioerko-tiimi on j\u00e4rjest\u00e4nyt kaksi muotoiluty\u00f6pajaa, joissa Biotalouden erikoistumiskoulutusta on kehitetty palvelumuotoilun ty\u00f6kaluin. Ty\u00f6pajat j\u00e4rjestettiin yhdess\u00e4&nbsp;<a href=\"https:\/\/pajuconsulting.fi\/\">Paju Consultingin<\/a>&nbsp;kanssa ja ensimm\u00e4isess\u00e4 muotoiluty\u00f6pajassa (6.5.) pohdittiin Biotalouden erikoistumiskoulutuksen kohderyhm\u00e4\u00e4 ja sit\u00e4, millaisille yrityksille tuotamme koulutuksessa osaajia. Toinen ty\u00f6paja (13.6.) toteutettiin l\u00e4hip\u00e4iv\u00e4n yhteydess\u00e4 opiskelijoiden kanssa ja pohdimme mm. Bioerkon palvelupolkua. Muotoilun avulla rakennamme seuraavasta Bioerko-koulutuksesta entist\u00e4 parempaa ja vaatimaton tavoitteemme on tuottaa maailman paras erikoistumiskoulutus.&nbsp;&nbsp;<\/p>\n\n\n\n<p>Muotoiluty\u00f6pajan j\u00e4lkeen p\u00e4\u00e4simme tutustumaan J\u00e4tekukon toimintoihin Kuopion Hein\u00e4lamminrinteell\u00e4. Kaatopaikalle menee nykyisin en\u00e4\u00e4 murto-osa lajittelukeskukseen tulevasta j\u00e4tteest\u00e4, mutta lajiteltavaa syntyy runsaasti. Tulevaisuuden kiertotalous vaatii viel\u00e4 paljon kehitett\u00e4v\u00e4\u00e4, jotta j\u00e4te saadaan hy\u00f6tyk\u00e4ytt\u00f6\u00f6n. Vierailu oli hyv\u00e4 muistutus siit\u00e4, kuinka oleellista onkaan j\u00e4tteen lajittelu kotitalouksissakin. T\u00e4rkeint\u00e4 on kuitenkin jo l\u00e4ht\u00f6kohtaisesti est\u00e4\u00e4 j\u00e4tteen syntyminen.&nbsp;&nbsp;<\/p>\n\n\n\n<p>Illalla k\u00e4vimme Saaristokaupungin kanavaristeilyll\u00e4&nbsp;<a href=\"http:\/\/www.koskilaiva.com\/laivat\/ms-osmo\/\">Osmo<\/a>-laivalla. Meid\u00e4n iloksemme Kuopion matkustajasatamassa oli&nbsp;<a href=\"https:\/\/ilmavoimat.fi\/artikkeli\/-\/asset_publisher\/vuoden-2019-esityslennot-suomessa-ja-ulkomailla\">Puolustusvoimien kes\u00e4kiertue<\/a>&nbsp;ja saimme juuri ennen laivan l\u00e4ht\u00f6\u00e4 seurata laivan kannelta Midnight Hawks \u2013esittelylentoa ja Hornet-sooloa. Risteilylt\u00e4 palatessamme satamassa oli meneill\u00e4\u00e4n my\u00f6s ilmaiskonsertti.&nbsp;<\/p>\n\n\n\n<p>Toisena l\u00e4hip\u00e4iv\u00e4n\u00e4 palasimme luokkatiloihin ja jatkoimme opiskelua Anna K\u00e5rlundin asiatuntijaluennon parissa. Anna ty\u00f6skentelee UEF:ssa&nbsp;<a href=\"https:\/\/www.uef.fi\/web\/kttravi\/kttravi-home\">Kansanterveystieteen ja kliinisen ravitsemustieteen yksik\u00f6ss\u00e4<\/a>&nbsp;ja luennon teema oli \u201cTulevaisuuden ruuat ja ruokavaliot \u2013 Ruoka osana biotalouden trendej\u00e4\u201d. Keskustelua her\u00e4tti mm. ruuan br\u00e4nd\u00e4yksen merkitys ja vaihtoehtoiset proteiinil\u00e4hteet. Luennon j\u00e4lkeen opiskelijat k\u00e4viv\u00e4t ryhmiss\u00e4 l\u00e4pi oppimisportfolioitaan ja kokosivat niist\u00e4 yht\u00e4l\u00e4isyyksi\u00e4, eroavaisuuksia ja kohokohtia. P\u00e4iv\u00e4n p\u00e4\u00e4tteeksi k\u00e4ytiin pienryhmiss\u00e4 l\u00e4pi my\u00f6s kehitt\u00e4misteht\u00e4vien edistymist\u00e4. Opiskelijoiden ty\u00f6el\u00e4m\u00e4l\u00e4ht\u00f6isiin kehitt\u00e4misteht\u00e4viin on mahdollista tutustua koulutuksen p\u00e4\u00e4t\u00f6sseminaarissa 27.9.2019. Seminaarissa kuullaan lis\u00e4ksi asiantuntijapuheenvuoroja biotalouden aihepiireist\u00e4,&nbsp;<a href=\"http:\/\/www.biotalouskoulutusitasuomi.fi\/osaamisen-muutos-biotaloudessa\">tervetuloa kuuntelemaan<\/a>! &nbsp;<\/p>\n\n\n\n<figure class=\"wp-block-image size-large\"><img loading=\"lazy\" decoding=\"async\" width=\"1024\" height=\"768\" src=\"https:\/\/www.biotalouskoulutusitasuomi.fi\/wp-content\/uploads\/sites\/71\/2020\/03\/palaute-l\u00e4hip\u00e4iv\u00e4-1024x768.jpg\" alt=\"\" class=\"wp-image-341\" srcset=\"https:\/\/blogs2.uef.fi\/biotalouskoulutus\/wp-content\/uploads\/sites\/71\/2020\/03\/palaute-l\u00e4hip\u00e4iv\u00e4-1024x768.jpg 1024w, https:\/\/blogs2.uef.fi\/biotalouskoulutus\/wp-content\/uploads\/sites\/71\/2020\/03\/palaute-l\u00e4hip\u00e4iv\u00e4-300x225.jpg 300w, https:\/\/blogs2.uef.fi\/biotalouskoulutus\/wp-content\/uploads\/sites\/71\/2020\/03\/palaute-l\u00e4hip\u00e4iv\u00e4-768x576.jpg 768w, https:\/\/blogs2.uef.fi\/biotalouskoulutus\/wp-content\/uploads\/sites\/71\/2020\/03\/palaute-l\u00e4hip\u00e4iv\u00e4-1536x1152.jpg 1536w, https:\/\/blogs2.uef.fi\/biotalouskoulutus\/wp-content\/uploads\/sites\/71\/2020\/03\/palaute-l\u00e4hip\u00e4iv\u00e4-2048x1536.jpg 2048w\" sizes=\"auto, (max-width: 1024px) 100vw, 1024px\" \/><\/figure>\n\n\n\n<p>Toivoimme opiskelijoilta my\u00f6s palautetta kes\u00e4kuun l\u00e4hip\u00e4iv\u00e4st\u00e4 luovassa muodossa. Heid\u00e4n piti valita nelj\u00e4st\u00e4 eri hymi\u00f6st\u00e4 se, joka eniten kuvaa fiilist\u00e4 l\u00e4hip\u00e4ivist\u00e4. Lis\u00e4ksi he saivat kirjoittaa vapaasti palautetta hymi\u00f6n viereen. L\u00e4hip\u00e4ivien palautteen perusteella voidaan sanoa, ett\u00e4 t\u00e4rkeint\u00e4 on tarjota monipuolisesti asiantuntijaluentoja, yritysvierailuja, vertaistukea ja verkostoitumista. T\u00e4h\u00e4n pyrimme jatkossakin panostamaan.<\/p>\n\n\n\n<p><em>Kirjoittanut: Laura Tomppo, projektikoordinaattori, It\u00e4-Suomen yliopisto<\/em><\/p>\n","protected":false},"excerpt":{"rendered":"<p>Palvelua opiskelijoille ja ty\u00f6nantajille\u00a0 It\u00e4-Suomen Bioerkon l\u00e4hip\u00e4ivi\u00e4 vietettiin Kuopiossa 13.-14.6. Ohjelmassa oli ty\u00f6pajaty\u00f6skentely\u00e4, yritysvierailu, asiantuntijaluento, ryhm\u00e4t\u00f6it\u00e4 ja virkist\u00e4v\u00e4 risteily Kallavedell\u00e4.\u00a0 It\u00e4-Suomen Bioerko-tiimi on j\u00e4rjest\u00e4nyt kaksi muotoiluty\u00f6pajaa, joissa Biotalouden erikoistumiskoulutusta on kehitetty palvelumuotoilun ty\u00f6kaluin. Ty\u00f6pajat j\u00e4rjestettiin yhdess\u00e4&nbsp;Paju Consultingin&nbsp;kanssa ja ensimm\u00e4isess\u00e4 muotoiluty\u00f6pajassa (6.5.) pohdittiin Biotalouden erikoistumiskoulutuksen kohderyhm\u00e4\u00e4 ja sit\u00e4, millaisille yrityksille tuotamme koulutuksessa osaajia. Toinen ty\u00f6paja (13.6.) [&hellip;]<\/p>\n","protected":false},"author":1,"featured_media":0,"comment_status":"open","ping_status":"open","sticky":false,"template":"","format":"standard","meta":{"_acf_changed":false,"_relevanssi_hide_post":"","_relevanssi_hide_content":"","_relevanssi_pin_for_all":"","_relevanssi_pin_keywords":"","_relevanssi_unpin_keywords":"","_relevanssi_related_keywords":"","_relevanssi_related_include_ids":"","_relevanssi_related_exclude_ids":"","_relevanssi_related_no_append":"","_relevanssi_related_not_related":"","_relevanssi_related_posts":"","_relevanssi_noindex_reason":"","footnotes":""},"categories":[159,1,11],"tags":[22,57,60],"class_list":["post-338","post","type-post","status-publish","format-standard","hentry","category-biotalouden-erikoistumiskoulutus","category-kaikki","category-koulutus","tag-bioerko","tag-biotalouskoulutus","tag-tyonantajat"],"acf":[],"yoast_head":"<!-- This site is optimized with the Yoast SEO plugin v27.3 - https:\/\/yoast.com\/product\/yoast-seo-wordpress\/ -->\n<title>Palvelua opiskelijoille ja ty\u00f6nantajille - Biotalouden erikoistumiskoulutus It\u00e4-Suomi<\/title>\n<meta name=\"robots\" content=\"index, follow, max-snippet:-1, max-image-preview:large, max-video-preview:-1\" \/>\n<link rel=\"canonical\" href=\"https:\/\/blogs2.uef.fi\/biotalouskoulutus\/palvelua-opiskelijoille-ja-tyonantajille\/\" \/>\n<meta property=\"og:locale\" content=\"fi_FI\" \/>\n<meta property=\"og:type\" content=\"article\" \/>\n<meta property=\"og:title\" content=\"Palvelua opiskelijoille ja ty\u00f6nantajille - Biotalouden erikoistumiskoulutus It\u00e4-Suomi\" \/>\n<meta property=\"og:description\" content=\"Palvelua opiskelijoille ja ty\u00f6nantajille\u00a0 It\u00e4-Suomen Bioerkon l\u00e4hip\u00e4ivi\u00e4 vietettiin Kuopiossa 13.-14.6. Ohjelmassa oli ty\u00f6pajaty\u00f6skentely\u00e4, yritysvierailu, asiantuntijaluento, ryhm\u00e4t\u00f6it\u00e4 ja virkist\u00e4v\u00e4 risteily Kallavedell\u00e4.\u00a0 It\u00e4-Suomen Bioerko-tiimi on j\u00e4rjest\u00e4nyt kaksi muotoiluty\u00f6pajaa, joissa Biotalouden erikoistumiskoulutusta on kehitetty palvelumuotoilun ty\u00f6kaluin. Ty\u00f6pajat j\u00e4rjestettiin yhdess\u00e4&nbsp;Paju Consultingin&nbsp;kanssa ja ensimm\u00e4isess\u00e4 muotoiluty\u00f6pajassa (6.5.) pohdittiin Biotalouden erikoistumiskoulutuksen kohderyhm\u00e4\u00e4 ja sit\u00e4, millaisille yrityksille tuotamme koulutuksessa osaajia. Toinen ty\u00f6paja (13.6.) [&hellip;]\" \/>\n<meta property=\"og:url\" content=\"https:\/\/blogs2.uef.fi\/biotalouskoulutus\/palvelua-opiskelijoille-ja-tyonantajille\/\" \/>\n<meta property=\"og:site_name\" content=\"Biotalouden erikoistumiskoulutus It\u00e4-Suomi\" \/>\n<meta property=\"article:published_time\" content=\"2019-06-25T08:06:48+00:00\" \/>\n<meta property=\"article:modified_time\" content=\"2022-12-28T12:05:14+00:00\" \/>\n<meta property=\"og:image\" content=\"https:\/\/www.biotalouskoulutusitasuomi.fi\/wp-content\/uploads\/sites\/71\/2020\/03\/caribbean-1162376_1280-1024x576.jpg\" \/>\n<meta name=\"author\" content=\"uef-admin\" \/>\n<meta name=\"twitter:card\" content=\"summary_large_image\" \/>\n<meta name=\"twitter:label1\" content=\"Kirjoittanut\" \/>\n\t<meta name=\"twitter:data1\" content=\"uef-admin\" \/>\n\t<meta name=\"twitter:label2\" content=\"Arvioitu lukuaika\" \/>\n\t<meta name=\"twitter:data2\" content=\"2 minuuttia\" \/>\n<script type=\"application\/ld+json\" class=\"yoast-schema-graph\">{\"@context\":\"https:\\\/\\\/schema.org\",\"@graph\":[{\"@type\":\"Article\",\"@id\":\"https:\\\/\\\/blogs2.uef.fi\\\/biotalouskoulutus\\\/palvelua-opiskelijoille-ja-tyonantajille\\\/#article\",\"isPartOf\":{\"@id\":\"https:\\\/\\\/blogs2.uef.fi\\\/biotalouskoulutus\\\/palvelua-opiskelijoille-ja-tyonantajille\\\/\"},\"author\":{\"name\":\"uef-admin\",\"@id\":\"https:\\\/\\\/www.biotalouskoulutus.fi\\\/#\\\/schema\\\/person\\\/c36c0ef8987442464f305d2a698e5538\"},\"headline\":\"Palvelua opiskelijoille ja ty\u00f6nantajille\",\"datePublished\":\"2019-06-25T08:06:48+00:00\",\"dateModified\":\"2022-12-28T12:05:14+00:00\",\"mainEntityOfPage\":{\"@id\":\"https:\\\/\\\/blogs2.uef.fi\\\/biotalouskoulutus\\\/palvelua-opiskelijoille-ja-tyonantajille\\\/\"},\"wordCount\":409,\"commentCount\":0,\"image\":{\"@id\":\"https:\\\/\\\/blogs2.uef.fi\\\/biotalouskoulutus\\\/palvelua-opiskelijoille-ja-tyonantajille\\\/#primaryimage\"},\"thumbnailUrl\":\"https:\\\/\\\/www.biotalouskoulutusitasuomi.fi\\\/wp-content\\\/uploads\\\/sites\\\/71\\\/2020\\\/03\\\/caribbean-1162376_1280-1024x576.jpg\",\"keywords\":[\"bioerko\",\"biotalouskoulutus\",\"ty\u00f6nantajat\"],\"articleSection\":[\"Biotalouden erikoistumiskoulutus\",\"Kaikki blogit\",\"Koulutus 2018-2020\"],\"inLanguage\":\"fi\",\"potentialAction\":[{\"@type\":\"CommentAction\",\"name\":\"Comment\",\"target\":[\"https:\\\/\\\/blogs2.uef.fi\\\/biotalouskoulutus\\\/palvelua-opiskelijoille-ja-tyonantajille\\\/#respond\"]}]},{\"@type\":\"WebPage\",\"@id\":\"https:\\\/\\\/blogs2.uef.fi\\\/biotalouskoulutus\\\/palvelua-opiskelijoille-ja-tyonantajille\\\/\",\"url\":\"https:\\\/\\\/blogs2.uef.fi\\\/biotalouskoulutus\\\/palvelua-opiskelijoille-ja-tyonantajille\\\/\",\"name\":\"Palvelua opiskelijoille ja ty\u00f6nantajille - Biotalouden erikoistumiskoulutus It\u00e4-Suomi\",\"isPartOf\":{\"@id\":\"https:\\\/\\\/www.biotalouskoulutus.fi\\\/#website\"},\"primaryImageOfPage\":{\"@id\":\"https:\\\/\\\/blogs2.uef.fi\\\/biotalouskoulutus\\\/palvelua-opiskelijoille-ja-tyonantajille\\\/#primaryimage\"},\"image\":{\"@id\":\"https:\\\/\\\/blogs2.uef.fi\\\/biotalouskoulutus\\\/palvelua-opiskelijoille-ja-tyonantajille\\\/#primaryimage\"},\"thumbnailUrl\":\"https:\\\/\\\/www.biotalouskoulutusitasuomi.fi\\\/wp-content\\\/uploads\\\/sites\\\/71\\\/2020\\\/03\\\/caribbean-1162376_1280-1024x576.jpg\",\"datePublished\":\"2019-06-25T08:06:48+00:00\",\"dateModified\":\"2022-12-28T12:05:14+00:00\",\"author\":{\"@id\":\"https:\\\/\\\/www.biotalouskoulutus.fi\\\/#\\\/schema\\\/person\\\/c36c0ef8987442464f305d2a698e5538\"},\"breadcrumb\":{\"@id\":\"https:\\\/\\\/blogs2.uef.fi\\\/biotalouskoulutus\\\/palvelua-opiskelijoille-ja-tyonantajille\\\/#breadcrumb\"},\"inLanguage\":\"fi\",\"potentialAction\":[{\"@type\":\"ReadAction\",\"target\":[\"https:\\\/\\\/blogs2.uef.fi\\\/biotalouskoulutus\\\/palvelua-opiskelijoille-ja-tyonantajille\\\/\"]}]},{\"@type\":\"ImageObject\",\"inLanguage\":\"fi\",\"@id\":\"https:\\\/\\\/blogs2.uef.fi\\\/biotalouskoulutus\\\/palvelua-opiskelijoille-ja-tyonantajille\\\/#primaryimage\",\"url\":\"https:\\\/\\\/www.biotalouskoulutusitasuomi.fi\\\/wp-content\\\/uploads\\\/sites\\\/71\\\/2020\\\/03\\\/caribbean-1162376_1280-1024x576.jpg\",\"contentUrl\":\"https:\\\/\\\/www.biotalouskoulutusitasuomi.fi\\\/wp-content\\\/uploads\\\/sites\\\/71\\\/2020\\\/03\\\/caribbean-1162376_1280-1024x576.jpg\"},{\"@type\":\"BreadcrumbList\",\"@id\":\"https:\\\/\\\/blogs2.uef.fi\\\/biotalouskoulutus\\\/palvelua-opiskelijoille-ja-tyonantajille\\\/#breadcrumb\",\"itemListElement\":[{\"@type\":\"ListItem\",\"position\":1,\"name\":\"Home\",\"item\":\"https:\\\/\\\/www.biotalouskoulutus.fi\\\/\"},{\"@type\":\"ListItem\",\"position\":2,\"name\":\"Palvelua opiskelijoille ja ty\u00f6nantajille\"}]},{\"@type\":\"WebSite\",\"@id\":\"https:\\\/\\\/www.biotalouskoulutus.fi\\\/#website\",\"url\":\"https:\\\/\\\/www.biotalouskoulutus.fi\\\/\",\"name\":\"Biotalouden erikoistumiskoulutus It\u00e4-Suomi\",\"description\":\"Biotalouden erikoistumiskoulutus It\u00e4-Suomessa - innovaatioita ja osaamista korkeakoulujen ja yritysen yhteisty\u00f6n\u00e4. Koulutuksen painotukset: mets\u00e4biotalous, biotalouden sivuvirrat, biojalostus ja energiabiotalous.\",\"potentialAction\":[{\"@type\":\"SearchAction\",\"target\":{\"@type\":\"EntryPoint\",\"urlTemplate\":\"https:\\\/\\\/www.biotalouskoulutus.fi\\\/?s={search_term_string}\"},\"query-input\":{\"@type\":\"PropertyValueSpecification\",\"valueRequired\":true,\"valueName\":\"search_term_string\"}}],\"inLanguage\":\"fi\"},{\"@type\":\"Person\",\"@id\":\"https:\\\/\\\/www.biotalouskoulutus.fi\\\/#\\\/schema\\\/person\\\/c36c0ef8987442464f305d2a698e5538\",\"name\":\"uef-admin\",\"image\":{\"@type\":\"ImageObject\",\"inLanguage\":\"fi\",\"@id\":\"https:\\\/\\\/secure.gravatar.com\\\/avatar\\\/6c9f5016c320b72333096361e494f2c004505657367d2847a11e96de0655f758?s=96&d=mm&r=g\",\"url\":\"https:\\\/\\\/secure.gravatar.com\\\/avatar\\\/6c9f5016c320b72333096361e494f2c004505657367d2847a11e96de0655f758?s=96&d=mm&r=g\",\"contentUrl\":\"https:\\\/\\\/secure.gravatar.com\\\/avatar\\\/6c9f5016c320b72333096361e494f2c004505657367d2847a11e96de0655f758?s=96&d=mm&r=g\",\"caption\":\"uef-admin\"},\"url\":\"https:\\\/\\\/blogs2.uef.fi\\\/biotalouskoulutus\\\/author\\\/uef-admin\\\/\"}]}<\/script>\n<!-- \/ Yoast SEO plugin. -->","yoast_head_json":{"title":"Palvelua opiskelijoille ja ty\u00f6nantajille - Biotalouden erikoistumiskoulutus It\u00e4-Suomi","robots":{"index":"index","follow":"follow","max-snippet":"max-snippet:-1","max-image-preview":"max-image-preview:large","max-video-preview":"max-video-preview:-1"},"canonical":"https:\/\/blogs2.uef.fi\/biotalouskoulutus\/palvelua-opiskelijoille-ja-tyonantajille\/","og_locale":"fi_FI","og_type":"article","og_title":"Palvelua opiskelijoille ja ty\u00f6nantajille - Biotalouden erikoistumiskoulutus It\u00e4-Suomi","og_description":"Palvelua opiskelijoille ja ty\u00f6nantajille\u00a0 It\u00e4-Suomen Bioerkon l\u00e4hip\u00e4ivi\u00e4 vietettiin Kuopiossa 13.-14.6. Ohjelmassa oli ty\u00f6pajaty\u00f6skentely\u00e4, yritysvierailu, asiantuntijaluento, ryhm\u00e4t\u00f6it\u00e4 ja virkist\u00e4v\u00e4 risteily Kallavedell\u00e4.\u00a0 It\u00e4-Suomen Bioerko-tiimi on j\u00e4rjest\u00e4nyt kaksi muotoiluty\u00f6pajaa, joissa Biotalouden erikoistumiskoulutusta on kehitetty palvelumuotoilun ty\u00f6kaluin. Ty\u00f6pajat j\u00e4rjestettiin yhdess\u00e4&nbsp;Paju Consultingin&nbsp;kanssa ja ensimm\u00e4isess\u00e4 muotoiluty\u00f6pajassa (6.5.) pohdittiin Biotalouden erikoistumiskoulutuksen kohderyhm\u00e4\u00e4 ja sit\u00e4, millaisille yrityksille tuotamme koulutuksessa osaajia. Toinen ty\u00f6paja (13.6.) [&hellip;]","og_url":"https:\/\/blogs2.uef.fi\/biotalouskoulutus\/palvelua-opiskelijoille-ja-tyonantajille\/","og_site_name":"Biotalouden erikoistumiskoulutus It\u00e4-Suomi","article_published_time":"2019-06-25T08:06:48+00:00","article_modified_time":"2022-12-28T12:05:14+00:00","og_image":[{"url":"https:\/\/www.biotalouskoulutusitasuomi.fi\/wp-content\/uploads\/sites\/71\/2020\/03\/caribbean-1162376_1280-1024x576.jpg","type":"","width":"","height":""}],"author":"uef-admin","twitter_card":"summary_large_image","twitter_misc":{"Kirjoittanut":"uef-admin","Arvioitu lukuaika":"2 minuuttia"},"schema":{"@context":"https:\/\/schema.org","@graph":[{"@type":"Article","@id":"https:\/\/blogs2.uef.fi\/biotalouskoulutus\/palvelua-opiskelijoille-ja-tyonantajille\/#article","isPartOf":{"@id":"https:\/\/blogs2.uef.fi\/biotalouskoulutus\/palvelua-opiskelijoille-ja-tyonantajille\/"},"author":{"name":"uef-admin","@id":"https:\/\/www.biotalouskoulutus.fi\/#\/schema\/person\/c36c0ef8987442464f305d2a698e5538"},"headline":"Palvelua opiskelijoille ja ty\u00f6nantajille","datePublished":"2019-06-25T08:06:48+00:00","dateModified":"2022-12-28T12:05:14+00:00","mainEntityOfPage":{"@id":"https:\/\/blogs2.uef.fi\/biotalouskoulutus\/palvelua-opiskelijoille-ja-tyonantajille\/"},"wordCount":409,"commentCount":0,"image":{"@id":"https:\/\/blogs2.uef.fi\/biotalouskoulutus\/palvelua-opiskelijoille-ja-tyonantajille\/#primaryimage"},"thumbnailUrl":"https:\/\/www.biotalouskoulutusitasuomi.fi\/wp-content\/uploads\/sites\/71\/2020\/03\/caribbean-1162376_1280-1024x576.jpg","keywords":["bioerko","biotalouskoulutus","ty\u00f6nantajat"],"articleSection":["Biotalouden erikoistumiskoulutus","Kaikki blogit","Koulutus 2018-2020"],"inLanguage":"fi","potentialAction":[{"@type":"CommentAction","name":"Comment","target":["https:\/\/blogs2.uef.fi\/biotalouskoulutus\/palvelua-opiskelijoille-ja-tyonantajille\/#respond"]}]},{"@type":"WebPage","@id":"https:\/\/blogs2.uef.fi\/biotalouskoulutus\/palvelua-opiskelijoille-ja-tyonantajille\/","url":"https:\/\/blogs2.uef.fi\/biotalouskoulutus\/palvelua-opiskelijoille-ja-tyonantajille\/","name":"Palvelua opiskelijoille ja ty\u00f6nantajille - Biotalouden erikoistumiskoulutus It\u00e4-Suomi","isPartOf":{"@id":"https:\/\/www.biotalouskoulutus.fi\/#website"},"primaryImageOfPage":{"@id":"https:\/\/blogs2.uef.fi\/biotalouskoulutus\/palvelua-opiskelijoille-ja-tyonantajille\/#primaryimage"},"image":{"@id":"https:\/\/blogs2.uef.fi\/biotalouskoulutus\/palvelua-opiskelijoille-ja-tyonantajille\/#primaryimage"},"thumbnailUrl":"https:\/\/www.biotalouskoulutusitasuomi.fi\/wp-content\/uploads\/sites\/71\/2020\/03\/caribbean-1162376_1280-1024x576.jpg","datePublished":"2019-06-25T08:06:48+00:00","dateModified":"2022-12-28T12:05:14+00:00","author":{"@id":"https:\/\/www.biotalouskoulutus.fi\/#\/schema\/person\/c36c0ef8987442464f305d2a698e5538"},"breadcrumb":{"@id":"https:\/\/blogs2.uef.fi\/biotalouskoulutus\/palvelua-opiskelijoille-ja-tyonantajille\/#breadcrumb"},"inLanguage":"fi","potentialAction":[{"@type":"ReadAction","target":["https:\/\/blogs2.uef.fi\/biotalouskoulutus\/palvelua-opiskelijoille-ja-tyonantajille\/"]}]},{"@type":"ImageObject","inLanguage":"fi","@id":"https:\/\/blogs2.uef.fi\/biotalouskoulutus\/palvelua-opiskelijoille-ja-tyonantajille\/#primaryimage","url":"https:\/\/www.biotalouskoulutusitasuomi.fi\/wp-content\/uploads\/sites\/71\/2020\/03\/caribbean-1162376_1280-1024x576.jpg","contentUrl":"https:\/\/www.biotalouskoulutusitasuomi.fi\/wp-content\/uploads\/sites\/71\/2020\/03\/caribbean-1162376_1280-1024x576.jpg"},{"@type":"BreadcrumbList","@id":"https:\/\/blogs2.uef.fi\/biotalouskoulutus\/palvelua-opiskelijoille-ja-tyonantajille\/#breadcrumb","itemListElement":[{"@type":"ListItem","position":1,"name":"Home","item":"https:\/\/www.biotalouskoulutus.fi\/"},{"@type":"ListItem","position":2,"name":"Palvelua opiskelijoille ja ty\u00f6nantajille"}]},{"@type":"WebSite","@id":"https:\/\/www.biotalouskoulutus.fi\/#website","url":"https:\/\/www.biotalouskoulutus.fi\/","name":"Biotalouden erikoistumiskoulutus It\u00e4-Suomi","description":"Biotalouden erikoistumiskoulutus It\u00e4-Suomessa - innovaatioita ja osaamista korkeakoulujen ja yritysen yhteisty\u00f6n\u00e4. Koulutuksen painotukset: mets\u00e4biotalous, biotalouden sivuvirrat, biojalostus ja energiabiotalous.","potentialAction":[{"@type":"SearchAction","target":{"@type":"EntryPoint","urlTemplate":"https:\/\/www.biotalouskoulutus.fi\/?s={search_term_string}"},"query-input":{"@type":"PropertyValueSpecification","valueRequired":true,"valueName":"search_term_string"}}],"inLanguage":"fi"},{"@type":"Person","@id":"https:\/\/www.biotalouskoulutus.fi\/#\/schema\/person\/c36c0ef8987442464f305d2a698e5538","name":"uef-admin","image":{"@type":"ImageObject","inLanguage":"fi","@id":"https:\/\/secure.gravatar.com\/avatar\/6c9f5016c320b72333096361e494f2c004505657367d2847a11e96de0655f758?s=96&d=mm&r=g","url":"https:\/\/secure.gravatar.com\/avatar\/6c9f5016c320b72333096361e494f2c004505657367d2847a11e96de0655f758?s=96&d=mm&r=g","contentUrl":"https:\/\/secure.gravatar.com\/avatar\/6c9f5016c320b72333096361e494f2c004505657367d2847a11e96de0655f758?s=96&d=mm&r=g","caption":"uef-admin"},"url":"https:\/\/blogs2.uef.fi\/biotalouskoulutus\/author\/uef-admin\/"}]}},"_links":{"self":[{"href":"https:\/\/blogs2.uef.fi\/biotalouskoulutus\/wp-json\/wp\/v2\/posts\/338","targetHints":{"allow":["GET"]}}],"collection":[{"href":"https:\/\/blogs2.uef.fi\/biotalouskoulutus\/wp-json\/wp\/v2\/posts"}],"about":[{"href":"https:\/\/blogs2.uef.fi\/biotalouskoulutus\/wp-json\/wp\/v2\/types\/post"}],"author":[{"embeddable":true,"href":"https:\/\/blogs2.uef.fi\/biotalouskoulutus\/wp-json\/wp\/v2\/users\/1"}],"replies":[{"embeddable":true,"href":"https:\/\/blogs2.uef.fi\/biotalouskoulutus\/wp-json\/wp\/v2\/comments?post=338"}],"version-history":[{"count":2,"href":"https:\/\/blogs2.uef.fi\/biotalouskoulutus\/wp-json\/wp\/v2\/posts\/338\/revisions"}],"predecessor-version":[{"id":402,"href":"https:\/\/blogs2.uef.fi\/biotalouskoulutus\/wp-json\/wp\/v2\/posts\/338\/revisions\/402"}],"wp:attachment":[{"href":"https:\/\/blogs2.uef.fi\/biotalouskoulutus\/wp-json\/wp\/v2\/media?parent=338"}],"wp:term":[{"taxonomy":"category","embeddable":true,"href":"https:\/\/blogs2.uef.fi\/biotalouskoulutus\/wp-json\/wp\/v2\/categories?post=338"},{"taxonomy":"post_tag","embeddable":true,"href":"https:\/\/blogs2.uef.fi\/biotalouskoulutus\/wp-json\/wp\/v2\/tags?post=338"}],"curies":[{"name":"wp","href":"https:\/\/api.w.org\/{rel}","templated":true}]}}