{"id":344,"date":"2019-10-24T11:08:54","date_gmt":"2019-10-24T08:08:54","guid":{"rendered":"https:\/\/www.biotalouskoulutusitasuomi.fi\/?p=344"},"modified":"2022-12-28T14:05:14","modified_gmt":"2022-12-28T12:05:14","slug":"bioerko-opiskelijan-mietteita","status":"publish","type":"post","link":"https:\/\/blogs2.uef.fi\/biotalouskoulutus\/bioerko-opiskelijan-mietteita\/","title":{"rendered":"Bioerko-opiskelijan mietteit\u00e4"},"content":{"rendered":"\r\n\r\n\r\n<h2 class=\"wp-block-heading\">Mit\u00e4 biotalous on ja miten sen saamme myyty\u00e4 paremman tulevaisuuden toivossa?<\/h2>\r\n\r\n\r\n\r\n<p>Bio- ja kiertotalous kattaa 80 % maailmantaloudesta, miten saisimme muutettua maailman siihen suuntaan, ett\u00e4 tuotteet ja palvelut vastaisivat annettuja lupauksia? Greta Thunberg on tuonut selv\u00e4sti esille, ett\u00e4 nykynuoret haluavat muuttaa maailmaa. Greta on haastanut p\u00e4\u00e4tt\u00e4j\u00e4t ja nuhdellut heit\u00e4 vitkuttelusta.<\/p>\r\n\r\n\r\n\r\n<p>EU on asettanut energiapolitiikan muutoksen p\u00e4\u00e4painopisteiksi kaksi tuotetta, pelletit ja biokaasun, joilla pyrit\u00e4\u00e4n ensisijaisesti muuttamaan kulutusta biotaloutta kohti. Miten paljon pellettej\u00e4 k\u00e4ytet\u00e4\u00e4n pientaloissa ja kuinka monta biokaasun tankkausasemaa on It\u00e4-Suomessa? Pellettej\u00e4, pellettikattiloita ja -syd\u00e4mi\u00e4 on tarjolla, mutta biokaasun tankkaus autoon on haastavampaa, kauppareissun tekeminen tankkauspisteelle, 140-200 km ei ole resurssiviisasta, vaikka poltettava hiili onkin biopohjaista.<\/p>\r\n\r\n\r\n\r\n<p>Lentomatkojen hyvitt\u00e4minen metsiin sitomalla tai p\u00e4\u00e4st\u00f6maksun maksamalla on pieni teko, mutta suunta on oikea. Synteettiset polttonesteet hiilidioksidista ja vedest\u00e4 aurinkoenergiaa hy\u00f6dynt\u00e4m\u00e4ll\u00e4 on tulevaisuuden mahdollisuus. Tulevaisuuden energiapolitiikka perustuu s\u00e4hk\u00f6n osalta aurinko- ja tuulivoimaan. Edelleen avoimeksi j\u00e4\u00e4, riitt\u00e4\u00e4k\u00f6 biomassa kaikkeen, mit\u00e4 on suunniteltu? Kiertotaloudesta saamme paljon raaka-aineita jalostettavaksi, osaammeko hy\u00f6dynt\u00e4\u00e4 niit\u00e4?<\/p>\r\n\r\n\r\n\r\n<p>Kuluttajina olemme vastuussa valinnoistamme, ostammeko brasilialaista pihvilihaa tietoisena soijanviljelyyn raivatuista sademetsist\u00e4, v\u00e4henn\u00e4mmek\u00f6 punaisen lihan kulutusta ja korvaammeko sit\u00e4 siipikarjanlihalla, kalalla ja kasvipohjaisilla valmisteilla \u2013 pienen\u00e4 vinkkin\u00e4 Elovena Muru on t\u00e4h\u00e4n menness\u00e4 parhain testaamistani vaihtoehdoista.<\/p>\r\n\r\n\r\n\r\n<p>Pakkausmuovien kiertotalous sai r\u00e4j\u00e4ht\u00e4v\u00e4n alun Ylen I love muovi -kampanjasta, kierr\u00e4tetyn muovin haasteina ovat soveltuvuus k\u00e4ytt\u00f6tarkoituksiin, tuotteiden saatavuus ja eri kierr\u00e4tysmuotojen haasteet ja mahdollisuudet \u2013 mekaaninen ja kemiallinen. Miten ratkaisemme globaalin muoviongelman? Maailmassa on 13-kertainen m\u00e4\u00e4r\u00e4 muovia j\u00e4tteen\u00e4 kokonaiskulutukseen n\u00e4hden, meriss\u00e4 lilluvat muovilautat esimerkkin\u00e4, merimuovien k\u00e4ytt\u00e4j\u00e4ksi on ilmoittautunut Coca Cola.<\/p>\r\n\r\n\r\n\r\n<p>BioErkon opiskelijat muodostavat verkoston, jossa on osaamista biomassan tuotannosta, logistiikasta, energiantuotannosta, sivuvirroista, hankkeiden suunnittelusta ja toteutuksesta biotuotteiden jalostamisesta, tuotekehityksest\u00e4 ja markkinoinnista. Ilman t\u00e4t\u00e4 kokonaisuutta Suomesta ei l\u00e4hde maailmalle uusia bio- ja kiertotalouden innovaatioita ja tuotteita, joihin meit\u00e4 haastettiin koulutuksessa ja kehitt\u00e4misteht\u00e4viss\u00e4. Meid\u00e4n on hy\u00f6dynnett\u00e4v\u00e4 ennakoinnin menetelmi\u00e4 ja meihin valettua tulevaisuudenuskoa myydess\u00e4mme osaamistamme ja edist\u00e4ess\u00e4mme bio- ja kiertotalouden toimia neuvonta-, hanke- tai johtoteht\u00e4viss\u00e4.<\/p>\r\n\r\n\r\n\r\n<p>Omissa opinnoissani pyrin hypp\u00e4\u00e4m\u00e4\u00e4n pois mukavuusalueeltani ja tein sit\u00e4, mit\u00e4 en aikaisemmissa opinnoissani (kivikaudella) p\u00e4\u00e4ssyt toteuttamaan ja l\u00f6ysin paljon uusia ulottuvuuksia, miten hankemaailmassa olisi voinut toimia paremmin ja j\u00e4tt\u00e4\u00e4 turhia vaiheita tekem\u00e4tt\u00e4.<\/p>\r\n\r\n\r\n\r\n<p>Melkein unohdin, ett\u00e4 tein kehitt\u00e4misteht\u00e4v\u00e4ni betuliinista, koivuntuohesta uutetusta valkoisesta jauheesta ja ty\u00f6ss\u00e4ni on pohdintoja betuliinin ja sen sukulaisten soveltuvuudesta kosmetiikan (antiseptinen, ihovaurioita parantava ja ihoa nuorentava) ja l\u00e4\u00e4keteollisuuden (HIV, virustaudit, sy\u00f6v\u00e4t ja kolesteroli) raaka-aineeksi. Mihin t\u00e4m\u00e4 seikkailu johtakaan?<\/p>\r\n\r\n\r\n\r\n<figure class=\"wp-block-image size-large\"><img loading=\"lazy\" decoding=\"async\" width=\"1024\" height=\"681\" class=\"wp-image-345\" src=\"https:\/\/www.biotalouskoulutusitasuomi.fi\/wp-content\/uploads\/sites\/71\/2020\/03\/Ismo_posteri-1024x681.jpg\" alt=\"\" srcset=\"https:\/\/blogs2.uef.fi\/biotalouskoulutus\/wp-content\/uploads\/sites\/71\/2020\/03\/Ismo_posteri-1024x681.jpg 1024w, https:\/\/blogs2.uef.fi\/biotalouskoulutus\/wp-content\/uploads\/sites\/71\/2020\/03\/Ismo_posteri-300x200.jpg 300w, https:\/\/blogs2.uef.fi\/biotalouskoulutus\/wp-content\/uploads\/sites\/71\/2020\/03\/Ismo_posteri-768x511.jpg 768w, https:\/\/blogs2.uef.fi\/biotalouskoulutus\/wp-content\/uploads\/sites\/71\/2020\/03\/Ismo_posteri-1536x1022.jpg 1536w, https:\/\/blogs2.uef.fi\/biotalouskoulutus\/wp-content\/uploads\/sites\/71\/2020\/03\/Ismo_posteri.jpg 2000w\" sizes=\"auto, (max-width: 1024px) 100vw, 1024px\" \/>\r\n<figcaption>UEF, BIO ERKO, 2019, Joensuu<\/figcaption>\r\n<\/figure>\r\n\r\n\r\n\r\n<p>Biotalous kokonaisuutena on yhden ihmisen hallittavaksi mahdoton teht\u00e4v\u00e4, vastuullinen biotalousosaaja verkostoituu alan osaajien kanssa, muistaa rentoutua ty\u00f6n tohinassa ja tehd\u00e4 aivan jotakin muuta t\u00f6iden j\u00e4lkeen ja muistaa nukkua hyvin ty\u00f6p\u00e4ivien v\u00e4liss\u00e4. Omia irtautumismenetelmi\u00e4ni ovat metsiss\u00e4 liikkuminen, marjastus ja sienestys, ruoanlaitto, ker\u00e4ilyharrastus ja kirjeiden kirjoittaminen ymp\u00e4ri maailmaa. Luen paljon erilaista kirjallisuutta \u2013 fantasiaa, scifi\u00e4, filosofiaa, historiaa ja ihmismielen saloja. Nuorten medialukutaidosta ja varsinkin poikien lukutaidosta on syyt\u00e4 olla huolissaan, Googlesta ei v\u00e4ltt\u00e4m\u00e4tt\u00e4 l\u00f6yd\u00e4 tieteellisesti tarkistettua tietoa tai edes totuuden jyvi\u00e4, tietoverkossa on helppo levitt\u00e4\u00e4 virheellist\u00e4 tietoa ja valeuutisia.<\/p>\r\n\r\n\r\n\r\n<p>Seuraavaa BioErko 2.0. -hybridiversiota kehitt\u00e4ville toivon rohkeutta muuttaa koulutusta antamamme palautteen suuntaan ja etsi\u00e4 uusia, haastavia tapoja toimia yhdess\u00e4 paremman maailman puolesta. Kiit\u00e4n kaikkia opiskelijoita, opettajia ja opetuksessa avustaneita tuesta ja ymm\u00e4rryksest\u00e4 opintopolulla seikkailuni aikana.<\/p>\r\n\r\n\r\n\r\n<p>Opiskelijoille toivon rohkeutta edist\u00e4\u00e4 osaamisellaan bio- ja kiertotaloutta omien vahvuuksien pohjalta, t\u00e4m\u00e4 koulutus on toivottavasti laajentanut n\u00e4kemyst\u00e4mme, miten toimimme paremman tulevaisuuden eteen ja jatkamme itsemme kehitt\u00e4mist\u00e4. Jos ei muu auta, tehtaillaan kansalaisaloitteita pyrkimyksiemme edist\u00e4miseksi. Rohkeutta ja innovatiivisuutta!<\/p>\r\n\r\n\r\n\r\n<p>90-vuotiaan hirsitalon ty\u00f6pisteest\u00e4,\u00a0<em>Ismo Rouvinen<\/em><\/p>\r\n\r\n\r\n\r\n<p>uteliaan ja vilkkaan 1-vuotiaan pojan ukki<\/p>\r\n\r\n\r\n\r\n<p>Opintoseikkailustani voitte lukea kotisivultani ja saatte kommentoida blogiani vapaasti.<\/p>\r\n\r\n\r\n\r\n<p>ismo.rouvinen(at)hotmail.fi<\/p>\r\n\r\n\r\n\r\n<figure class=\"wp-block-embed-wordpress wp-block-embed is-type-wp-embed is-provider-ismo-039-s-swap-page\">\r\n<div class=\"wp-block-embed__wrapper\">http:\/\/ismostamp.nettisivu.org\/my-bioeconomy-studies\/<\/div>\r\n<\/figure>\r\n","protected":false},"excerpt":{"rendered":"<p>Mit\u00e4 biotalous on ja miten sen saamme myyty\u00e4 paremman tulevaisuuden toivossa? Bio- ja kiertotalous kattaa 80 % maailmantaloudesta, miten saisimme muutettua maailman siihen suuntaan, ett\u00e4 tuotteet ja palvelut vastaisivat annettuja lupauksia? Greta Thunberg on tuonut selv\u00e4sti esille, ett\u00e4 nykynuoret haluavat muuttaa maailmaa. Greta on haastanut p\u00e4\u00e4tt\u00e4j\u00e4t ja nuhdellut heit\u00e4 vitkuttelusta. EU on asettanut energiapolitiikan muutoksen [&hellip;]<\/p>\n","protected":false},"author":1,"featured_media":0,"comment_status":"open","ping_status":"open","sticky":false,"template":"","format":"standard","meta":{"_acf_changed":false,"_relevanssi_hide_post":"","_relevanssi_hide_content":"","_relevanssi_pin_for_all":"","_relevanssi_pin_keywords":"","_relevanssi_unpin_keywords":"","_relevanssi_related_keywords":"","_relevanssi_related_include_ids":"","_relevanssi_related_exclude_ids":"","_relevanssi_related_no_append":"","_relevanssi_related_not_related":"","_relevanssi_related_posts":"","_relevanssi_noindex_reason":"","footnotes":""},"categories":[159,1,11],"tags":[22,48],"class_list":["post-344","post","type-post","status-publish","format-standard","hentry","category-biotalouden-erikoistumiskoulutus","category-kaikki","category-koulutus","tag-bioerko","tag-opiskelu"],"acf":[],"yoast_head":"<!-- This site is optimized with the Yoast SEO plugin v27.3 - https:\/\/yoast.com\/product\/yoast-seo-wordpress\/ -->\n<title>Bioerko-opiskelijan mietteit\u00e4 - Biotalouden erikoistumiskoulutus It\u00e4-Suomi<\/title>\n<meta name=\"robots\" content=\"index, follow, max-snippet:-1, max-image-preview:large, max-video-preview:-1\" \/>\n<link rel=\"canonical\" href=\"https:\/\/blogs2.uef.fi\/biotalouskoulutus\/bioerko-opiskelijan-mietteita\/\" \/>\n<meta property=\"og:locale\" content=\"fi_FI\" \/>\n<meta property=\"og:type\" content=\"article\" \/>\n<meta property=\"og:title\" content=\"Bioerko-opiskelijan mietteit\u00e4 - Biotalouden erikoistumiskoulutus It\u00e4-Suomi\" \/>\n<meta property=\"og:description\" content=\"Mit\u00e4 biotalous on ja miten sen saamme myyty\u00e4 paremman tulevaisuuden toivossa? Bio- ja kiertotalous kattaa 80 % maailmantaloudesta, miten saisimme muutettua maailman siihen suuntaan, ett\u00e4 tuotteet ja palvelut vastaisivat annettuja lupauksia? Greta Thunberg on tuonut selv\u00e4sti esille, ett\u00e4 nykynuoret haluavat muuttaa maailmaa. Greta on haastanut p\u00e4\u00e4tt\u00e4j\u00e4t ja nuhdellut heit\u00e4 vitkuttelusta. EU on asettanut energiapolitiikan muutoksen [&hellip;]\" \/>\n<meta property=\"og:url\" content=\"https:\/\/blogs2.uef.fi\/biotalouskoulutus\/bioerko-opiskelijan-mietteita\/\" \/>\n<meta property=\"og:site_name\" content=\"Biotalouden erikoistumiskoulutus It\u00e4-Suomi\" \/>\n<meta property=\"article:published_time\" content=\"2019-10-24T08:08:54+00:00\" \/>\n<meta property=\"article:modified_time\" content=\"2022-12-28T12:05:14+00:00\" \/>\n<meta property=\"og:image\" content=\"https:\/\/www.biotalouskoulutusitasuomi.fi\/wp-content\/uploads\/sites\/71\/2020\/03\/Ismo_posteri-1024x681.jpg\" \/>\n<meta name=\"author\" content=\"uef-admin\" \/>\n<meta name=\"twitter:card\" content=\"summary_large_image\" \/>\n<meta name=\"twitter:label1\" content=\"Kirjoittanut\" \/>\n\t<meta name=\"twitter:data1\" content=\"uef-admin\" \/>\n\t<meta name=\"twitter:label2\" content=\"Arvioitu lukuaika\" \/>\n\t<meta name=\"twitter:data2\" content=\"3 minuuttia\" \/>\n<script type=\"application\/ld+json\" class=\"yoast-schema-graph\">{\"@context\":\"https:\\\/\\\/schema.org\",\"@graph\":[{\"@type\":\"Article\",\"@id\":\"https:\\\/\\\/blogs2.uef.fi\\\/biotalouskoulutus\\\/bioerko-opiskelijan-mietteita\\\/#article\",\"isPartOf\":{\"@id\":\"https:\\\/\\\/blogs2.uef.fi\\\/biotalouskoulutus\\\/bioerko-opiskelijan-mietteita\\\/\"},\"author\":{\"name\":\"uef-admin\",\"@id\":\"https:\\\/\\\/www.biotalouskoulutus.fi\\\/#\\\/schema\\\/person\\\/c36c0ef8987442464f305d2a698e5538\"},\"headline\":\"Bioerko-opiskelijan mietteit\u00e4\",\"datePublished\":\"2019-10-24T08:08:54+00:00\",\"dateModified\":\"2022-12-28T12:05:14+00:00\",\"mainEntityOfPage\":{\"@id\":\"https:\\\/\\\/blogs2.uef.fi\\\/biotalouskoulutus\\\/bioerko-opiskelijan-mietteita\\\/\"},\"wordCount\":646,\"commentCount\":0,\"image\":{\"@id\":\"https:\\\/\\\/blogs2.uef.fi\\\/biotalouskoulutus\\\/bioerko-opiskelijan-mietteita\\\/#primaryimage\"},\"thumbnailUrl\":\"https:\\\/\\\/www.biotalouskoulutusitasuomi.fi\\\/wp-content\\\/uploads\\\/sites\\\/71\\\/2020\\\/03\\\/Ismo_posteri-1024x681.jpg\",\"keywords\":[\"bioerko\",\"opiskelu\"],\"articleSection\":[\"Biotalouden erikoistumiskoulutus\",\"Kaikki blogit\",\"Koulutus 2018-2020\"],\"inLanguage\":\"fi\",\"potentialAction\":[{\"@type\":\"CommentAction\",\"name\":\"Comment\",\"target\":[\"https:\\\/\\\/blogs2.uef.fi\\\/biotalouskoulutus\\\/bioerko-opiskelijan-mietteita\\\/#respond\"]}]},{\"@type\":\"WebPage\",\"@id\":\"https:\\\/\\\/blogs2.uef.fi\\\/biotalouskoulutus\\\/bioerko-opiskelijan-mietteita\\\/\",\"url\":\"https:\\\/\\\/blogs2.uef.fi\\\/biotalouskoulutus\\\/bioerko-opiskelijan-mietteita\\\/\",\"name\":\"Bioerko-opiskelijan mietteit\u00e4 - Biotalouden erikoistumiskoulutus It\u00e4-Suomi\",\"isPartOf\":{\"@id\":\"https:\\\/\\\/www.biotalouskoulutus.fi\\\/#website\"},\"primaryImageOfPage\":{\"@id\":\"https:\\\/\\\/blogs2.uef.fi\\\/biotalouskoulutus\\\/bioerko-opiskelijan-mietteita\\\/#primaryimage\"},\"image\":{\"@id\":\"https:\\\/\\\/blogs2.uef.fi\\\/biotalouskoulutus\\\/bioerko-opiskelijan-mietteita\\\/#primaryimage\"},\"thumbnailUrl\":\"https:\\\/\\\/www.biotalouskoulutusitasuomi.fi\\\/wp-content\\\/uploads\\\/sites\\\/71\\\/2020\\\/03\\\/Ismo_posteri-1024x681.jpg\",\"datePublished\":\"2019-10-24T08:08:54+00:00\",\"dateModified\":\"2022-12-28T12:05:14+00:00\",\"author\":{\"@id\":\"https:\\\/\\\/www.biotalouskoulutus.fi\\\/#\\\/schema\\\/person\\\/c36c0ef8987442464f305d2a698e5538\"},\"breadcrumb\":{\"@id\":\"https:\\\/\\\/blogs2.uef.fi\\\/biotalouskoulutus\\\/bioerko-opiskelijan-mietteita\\\/#breadcrumb\"},\"inLanguage\":\"fi\",\"potentialAction\":[{\"@type\":\"ReadAction\",\"target\":[\"https:\\\/\\\/blogs2.uef.fi\\\/biotalouskoulutus\\\/bioerko-opiskelijan-mietteita\\\/\"]}]},{\"@type\":\"ImageObject\",\"inLanguage\":\"fi\",\"@id\":\"https:\\\/\\\/blogs2.uef.fi\\\/biotalouskoulutus\\\/bioerko-opiskelijan-mietteita\\\/#primaryimage\",\"url\":\"https:\\\/\\\/www.biotalouskoulutusitasuomi.fi\\\/wp-content\\\/uploads\\\/sites\\\/71\\\/2020\\\/03\\\/Ismo_posteri-1024x681.jpg\",\"contentUrl\":\"https:\\\/\\\/www.biotalouskoulutusitasuomi.fi\\\/wp-content\\\/uploads\\\/sites\\\/71\\\/2020\\\/03\\\/Ismo_posteri-1024x681.jpg\"},{\"@type\":\"BreadcrumbList\",\"@id\":\"https:\\\/\\\/blogs2.uef.fi\\\/biotalouskoulutus\\\/bioerko-opiskelijan-mietteita\\\/#breadcrumb\",\"itemListElement\":[{\"@type\":\"ListItem\",\"position\":1,\"name\":\"Home\",\"item\":\"https:\\\/\\\/www.biotalouskoulutus.fi\\\/\"},{\"@type\":\"ListItem\",\"position\":2,\"name\":\"Bioerko-opiskelijan mietteit\u00e4\"}]},{\"@type\":\"WebSite\",\"@id\":\"https:\\\/\\\/www.biotalouskoulutus.fi\\\/#website\",\"url\":\"https:\\\/\\\/www.biotalouskoulutus.fi\\\/\",\"name\":\"Biotalouden erikoistumiskoulutus It\u00e4-Suomi\",\"description\":\"Biotalouden erikoistumiskoulutus It\u00e4-Suomessa - innovaatioita ja osaamista korkeakoulujen ja yritysen yhteisty\u00f6n\u00e4. Koulutuksen painotukset: mets\u00e4biotalous, biotalouden sivuvirrat, biojalostus ja energiabiotalous.\",\"potentialAction\":[{\"@type\":\"SearchAction\",\"target\":{\"@type\":\"EntryPoint\",\"urlTemplate\":\"https:\\\/\\\/www.biotalouskoulutus.fi\\\/?s={search_term_string}\"},\"query-input\":{\"@type\":\"PropertyValueSpecification\",\"valueRequired\":true,\"valueName\":\"search_term_string\"}}],\"inLanguage\":\"fi\"},{\"@type\":\"Person\",\"@id\":\"https:\\\/\\\/www.biotalouskoulutus.fi\\\/#\\\/schema\\\/person\\\/c36c0ef8987442464f305d2a698e5538\",\"name\":\"uef-admin\",\"image\":{\"@type\":\"ImageObject\",\"inLanguage\":\"fi\",\"@id\":\"https:\\\/\\\/secure.gravatar.com\\\/avatar\\\/6c9f5016c320b72333096361e494f2c004505657367d2847a11e96de0655f758?s=96&d=mm&r=g\",\"url\":\"https:\\\/\\\/secure.gravatar.com\\\/avatar\\\/6c9f5016c320b72333096361e494f2c004505657367d2847a11e96de0655f758?s=96&d=mm&r=g\",\"contentUrl\":\"https:\\\/\\\/secure.gravatar.com\\\/avatar\\\/6c9f5016c320b72333096361e494f2c004505657367d2847a11e96de0655f758?s=96&d=mm&r=g\",\"caption\":\"uef-admin\"},\"url\":\"https:\\\/\\\/blogs2.uef.fi\\\/biotalouskoulutus\\\/author\\\/uef-admin\\\/\"}]}<\/script>\n<!-- \/ Yoast SEO plugin. -->","yoast_head_json":{"title":"Bioerko-opiskelijan mietteit\u00e4 - Biotalouden erikoistumiskoulutus It\u00e4-Suomi","robots":{"index":"index","follow":"follow","max-snippet":"max-snippet:-1","max-image-preview":"max-image-preview:large","max-video-preview":"max-video-preview:-1"},"canonical":"https:\/\/blogs2.uef.fi\/biotalouskoulutus\/bioerko-opiskelijan-mietteita\/","og_locale":"fi_FI","og_type":"article","og_title":"Bioerko-opiskelijan mietteit\u00e4 - Biotalouden erikoistumiskoulutus It\u00e4-Suomi","og_description":"Mit\u00e4 biotalous on ja miten sen saamme myyty\u00e4 paremman tulevaisuuden toivossa? Bio- ja kiertotalous kattaa 80 % maailmantaloudesta, miten saisimme muutettua maailman siihen suuntaan, ett\u00e4 tuotteet ja palvelut vastaisivat annettuja lupauksia? Greta Thunberg on tuonut selv\u00e4sti esille, ett\u00e4 nykynuoret haluavat muuttaa maailmaa. Greta on haastanut p\u00e4\u00e4tt\u00e4j\u00e4t ja nuhdellut heit\u00e4 vitkuttelusta. EU on asettanut energiapolitiikan muutoksen [&hellip;]","og_url":"https:\/\/blogs2.uef.fi\/biotalouskoulutus\/bioerko-opiskelijan-mietteita\/","og_site_name":"Biotalouden erikoistumiskoulutus It\u00e4-Suomi","article_published_time":"2019-10-24T08:08:54+00:00","article_modified_time":"2022-12-28T12:05:14+00:00","og_image":[{"url":"https:\/\/www.biotalouskoulutusitasuomi.fi\/wp-content\/uploads\/sites\/71\/2020\/03\/Ismo_posteri-1024x681.jpg","type":"","width":"","height":""}],"author":"uef-admin","twitter_card":"summary_large_image","twitter_misc":{"Kirjoittanut":"uef-admin","Arvioitu lukuaika":"3 minuuttia"},"schema":{"@context":"https:\/\/schema.org","@graph":[{"@type":"Article","@id":"https:\/\/blogs2.uef.fi\/biotalouskoulutus\/bioerko-opiskelijan-mietteita\/#article","isPartOf":{"@id":"https:\/\/blogs2.uef.fi\/biotalouskoulutus\/bioerko-opiskelijan-mietteita\/"},"author":{"name":"uef-admin","@id":"https:\/\/www.biotalouskoulutus.fi\/#\/schema\/person\/c36c0ef8987442464f305d2a698e5538"},"headline":"Bioerko-opiskelijan mietteit\u00e4","datePublished":"2019-10-24T08:08:54+00:00","dateModified":"2022-12-28T12:05:14+00:00","mainEntityOfPage":{"@id":"https:\/\/blogs2.uef.fi\/biotalouskoulutus\/bioerko-opiskelijan-mietteita\/"},"wordCount":646,"commentCount":0,"image":{"@id":"https:\/\/blogs2.uef.fi\/biotalouskoulutus\/bioerko-opiskelijan-mietteita\/#primaryimage"},"thumbnailUrl":"https:\/\/www.biotalouskoulutusitasuomi.fi\/wp-content\/uploads\/sites\/71\/2020\/03\/Ismo_posteri-1024x681.jpg","keywords":["bioerko","opiskelu"],"articleSection":["Biotalouden erikoistumiskoulutus","Kaikki blogit","Koulutus 2018-2020"],"inLanguage":"fi","potentialAction":[{"@type":"CommentAction","name":"Comment","target":["https:\/\/blogs2.uef.fi\/biotalouskoulutus\/bioerko-opiskelijan-mietteita\/#respond"]}]},{"@type":"WebPage","@id":"https:\/\/blogs2.uef.fi\/biotalouskoulutus\/bioerko-opiskelijan-mietteita\/","url":"https:\/\/blogs2.uef.fi\/biotalouskoulutus\/bioerko-opiskelijan-mietteita\/","name":"Bioerko-opiskelijan mietteit\u00e4 - Biotalouden erikoistumiskoulutus It\u00e4-Suomi","isPartOf":{"@id":"https:\/\/www.biotalouskoulutus.fi\/#website"},"primaryImageOfPage":{"@id":"https:\/\/blogs2.uef.fi\/biotalouskoulutus\/bioerko-opiskelijan-mietteita\/#primaryimage"},"image":{"@id":"https:\/\/blogs2.uef.fi\/biotalouskoulutus\/bioerko-opiskelijan-mietteita\/#primaryimage"},"thumbnailUrl":"https:\/\/www.biotalouskoulutusitasuomi.fi\/wp-content\/uploads\/sites\/71\/2020\/03\/Ismo_posteri-1024x681.jpg","datePublished":"2019-10-24T08:08:54+00:00","dateModified":"2022-12-28T12:05:14+00:00","author":{"@id":"https:\/\/www.biotalouskoulutus.fi\/#\/schema\/person\/c36c0ef8987442464f305d2a698e5538"},"breadcrumb":{"@id":"https:\/\/blogs2.uef.fi\/biotalouskoulutus\/bioerko-opiskelijan-mietteita\/#breadcrumb"},"inLanguage":"fi","potentialAction":[{"@type":"ReadAction","target":["https:\/\/blogs2.uef.fi\/biotalouskoulutus\/bioerko-opiskelijan-mietteita\/"]}]},{"@type":"ImageObject","inLanguage":"fi","@id":"https:\/\/blogs2.uef.fi\/biotalouskoulutus\/bioerko-opiskelijan-mietteita\/#primaryimage","url":"https:\/\/www.biotalouskoulutusitasuomi.fi\/wp-content\/uploads\/sites\/71\/2020\/03\/Ismo_posteri-1024x681.jpg","contentUrl":"https:\/\/www.biotalouskoulutusitasuomi.fi\/wp-content\/uploads\/sites\/71\/2020\/03\/Ismo_posteri-1024x681.jpg"},{"@type":"BreadcrumbList","@id":"https:\/\/blogs2.uef.fi\/biotalouskoulutus\/bioerko-opiskelijan-mietteita\/#breadcrumb","itemListElement":[{"@type":"ListItem","position":1,"name":"Home","item":"https:\/\/www.biotalouskoulutus.fi\/"},{"@type":"ListItem","position":2,"name":"Bioerko-opiskelijan mietteit\u00e4"}]},{"@type":"WebSite","@id":"https:\/\/www.biotalouskoulutus.fi\/#website","url":"https:\/\/www.biotalouskoulutus.fi\/","name":"Biotalouden erikoistumiskoulutus It\u00e4-Suomi","description":"Biotalouden erikoistumiskoulutus It\u00e4-Suomessa - innovaatioita ja osaamista korkeakoulujen ja yritysen yhteisty\u00f6n\u00e4. Koulutuksen painotukset: mets\u00e4biotalous, biotalouden sivuvirrat, biojalostus ja energiabiotalous.","potentialAction":[{"@type":"SearchAction","target":{"@type":"EntryPoint","urlTemplate":"https:\/\/www.biotalouskoulutus.fi\/?s={search_term_string}"},"query-input":{"@type":"PropertyValueSpecification","valueRequired":true,"valueName":"search_term_string"}}],"inLanguage":"fi"},{"@type":"Person","@id":"https:\/\/www.biotalouskoulutus.fi\/#\/schema\/person\/c36c0ef8987442464f305d2a698e5538","name":"uef-admin","image":{"@type":"ImageObject","inLanguage":"fi","@id":"https:\/\/secure.gravatar.com\/avatar\/6c9f5016c320b72333096361e494f2c004505657367d2847a11e96de0655f758?s=96&d=mm&r=g","url":"https:\/\/secure.gravatar.com\/avatar\/6c9f5016c320b72333096361e494f2c004505657367d2847a11e96de0655f758?s=96&d=mm&r=g","contentUrl":"https:\/\/secure.gravatar.com\/avatar\/6c9f5016c320b72333096361e494f2c004505657367d2847a11e96de0655f758?s=96&d=mm&r=g","caption":"uef-admin"},"url":"https:\/\/blogs2.uef.fi\/biotalouskoulutus\/author\/uef-admin\/"}]}},"_links":{"self":[{"href":"https:\/\/blogs2.uef.fi\/biotalouskoulutus\/wp-json\/wp\/v2\/posts\/344","targetHints":{"allow":["GET"]}}],"collection":[{"href":"https:\/\/blogs2.uef.fi\/biotalouskoulutus\/wp-json\/wp\/v2\/posts"}],"about":[{"href":"https:\/\/blogs2.uef.fi\/biotalouskoulutus\/wp-json\/wp\/v2\/types\/post"}],"author":[{"embeddable":true,"href":"https:\/\/blogs2.uef.fi\/biotalouskoulutus\/wp-json\/wp\/v2\/users\/1"}],"replies":[{"embeddable":true,"href":"https:\/\/blogs2.uef.fi\/biotalouskoulutus\/wp-json\/wp\/v2\/comments?post=344"}],"version-history":[{"count":2,"href":"https:\/\/blogs2.uef.fi\/biotalouskoulutus\/wp-json\/wp\/v2\/posts\/344\/revisions"}],"predecessor-version":[{"id":3984,"href":"https:\/\/blogs2.uef.fi\/biotalouskoulutus\/wp-json\/wp\/v2\/posts\/344\/revisions\/3984"}],"wp:attachment":[{"href":"https:\/\/blogs2.uef.fi\/biotalouskoulutus\/wp-json\/wp\/v2\/media?parent=344"}],"wp:term":[{"taxonomy":"category","embeddable":true,"href":"https:\/\/blogs2.uef.fi\/biotalouskoulutus\/wp-json\/wp\/v2\/categories?post=344"},{"taxonomy":"post_tag","embeddable":true,"href":"https:\/\/blogs2.uef.fi\/biotalouskoulutus\/wp-json\/wp\/v2\/tags?post=344"}],"curies":[{"name":"wp","href":"https:\/\/api.w.org\/{rel}","templated":true}]}}