{"id":3452,"date":"2022-05-25T16:00:26","date_gmt":"2022-05-25T13:00:26","guid":{"rendered":"https:\/\/www.biotalouskoulutusitasuomi.fi\/?p=3452"},"modified":"2022-12-28T13:59:13","modified_gmt":"2022-12-28T11:59:13","slug":"yhteistyota-yli-valtameren-ja-aikaerojen","status":"publish","type":"post","link":"https:\/\/blogs2.uef.fi\/biotalouskoulutus\/yhteistyota-yli-valtameren-ja-aikaerojen\/","title":{"rendered":"Yhteisty\u00f6t\u00e4 yli valtameren ja aikaerojen"},"content":{"rendered":"<p>Join-bioerko-hankkeen yhten\u00e4 tavoitteena on edist\u00e4\u00e4 korkeakoulujen kansainv\u00e4list\u00e4 yhteisty\u00f6t\u00e4 biotalouden saralla. T\u00e4h\u00e4n liittyen toteutimme huhtikuussa 2022 opintomatkan toiselle puolelle maapalloa. Yhteisty\u00f6oppilaitoksemme sijaitsee siis kaukana, mutta otetaanpa alkuun pieni arvuutteluleikki &#8211; mik\u00e4 maa on kyseess\u00e4? T\u00e4m\u00e4 maa sijaitsee Atlantin rannikolla. Asukasm\u00e4\u00e4r\u00e4 t\u00e4ss\u00e4 maassa on noin puolet Suomen asukasm\u00e4\u00e4r\u00e4st\u00e4. Pinta-alaltaankin maa on noin puolet Suomesta. Maassa sijaitsee paljon puhetta aiheuttanut sellutehdas. Aivan oikein \u2013 kyseess\u00e4 on Uruguay. It\u00e4-Suomen yliopisto, Karelia-ammattikorkeakoulu ja Savonia-ammattikorkeakoulu ovat aloittaneet Join-bioerko-hankkeen osalta yhteisty\u00f6n teon Uruguayn Teknillisen Korkeakoulun (UTEC &#8211; Universidad Tecnol\u00f3gica del Uruguay) kanssa.<\/p>\n<p>UTEC on toinen maan kahdesta julkisesta yliopistosta. UTEC perustettiin vuonna 2012 ja vain kymmeness\u00e4 vuodessa yliopisto on ottanut paikkansa maan arvostettujen korkeakoulujen joukossa. UTECin erikoisuutena on se, ett\u00e4 maan p\u00e4\u00e4kaupungissa Montevideossa sijaitsee ainoastaan organisaation hallinto, mutta kaikki opetus sen sijaan tapahtuu p\u00e4\u00e4kaupunkiseudun ulkopuolella. Organisaation hallinto sin\u00e4ns\u00e4 on my\u00f6s tavanomaisesta poikkeava ja edustaa modernia oppilaitosta erinomaisesti. Yliopiston johdosta nimitt\u00e4in vastaa kolmen hengen johtoryhm\u00e4 ja perinteist\u00e4 rehtoreista ja dekaaneista koostuvaa hallintorakennetta ei ole olemassa.<\/p>\n<p>No, miten biotalous liittyy t\u00e4h\u00e4n kaikkeen? Kun UTEC perustettiin vuosikymmen sitten, sai se 4 miljoonan dollarin avustuksen UPM-Kymmene Oyj:lta. Yliopiston yhten\u00e4 tavoitteena on varmistaa, ett\u00e4 paikallisella teollisuudella on riitt\u00e4v\u00e4sti osaajia menestyv\u00e4n liiketoiminnan takaamiseksi. Maan lounaisosissa, Fray Bentosin alueella, sijaitsee sek\u00e4 yksi yliopiston kampuksista ett\u00e4 my\u00f6s paljon mediassakin uutisoitu ja yksi maailman suurimmista ja valvotuimmista sellutehtaista. Yhteisty\u00f6 oppilaitoksen ja teollisen toimijan v\u00e4lill\u00e4 on tiivist\u00e4 ja moni UTECin koulutusala tarjoaa osaajia niin mets\u00e4teollisuudelle kuin muillekin biotalouden aloille.<\/p>\n<p>Kaksi muuta kampusta sijaitsevat pohjoisessa aivan Brasilian rajan tuntumassa Riverassa, sek\u00e4 maan keskiosissa Duraznossa. Sijoittumisella ymp\u00e4ri Uruguayta on haluttu varmistaa, ett\u00e4 opiskelu on mahdollisimman saavutettavaa my\u00f6s syrj\u00e4\u00e4n asuttujen seutujen nuorille ja osaavaa ty\u00f6voimaa on riitt\u00e4v\u00e4sti my\u00f6s n\u00e4ill\u00e4 alueilla.<br \/>\nNuori yliopisto on my\u00f6s aidosti moderni. Teknillisen korkeakoulun v\u00e4lineist\u00f6 on suomalaisesta n\u00e4k\u00f6kulmasta vaikuttavaa. Meill\u00e4kin on hienot laitteet, mutta v\u00e4lineist\u00f6 on usein koottu useiden vuosien saatossa ja laitteiston ik\u00e4 vaihtelee. UTECissa useiden laboratorioiden laitteet kiilteliv\u00e4t viel\u00e4 uutuuttaan ja osa odotteli k\u00e4ytt\u00f6\u00f6nottoaan. Infrastruktuuriin liittyv\u00e4\u00e4 yhteisty\u00f6t\u00e4 oli meneill\u00e4\u00e4n paljon ja t\u00e4ss\u00e4 olisikin varmasti yksi kiinnostava vaihtoehto yhteisty\u00f6lle.<\/p>\n<p>Yhteiset opintojaksot ja erilaiset webinaarit ovat aina mielenkiintoinen ja melko simppeli tapa tehd\u00e4 yhteisty\u00f6t\u00e4 oppilaitosten v\u00e4lill\u00e4. T\u00e4lle l\u00f6ytyi kuitenkin paikan p\u00e4\u00e4ll\u00e4 vieraillessa pieni &#8211; ei ehk\u00e4 este, mutta hidaste. Vierailimme kampuksilla p\u00e4iv\u00e4saikaan, muttemme n\u00e4hneet opiskelijoita miss\u00e4\u00e4n. Selvisi, ett\u00e4 Uruguayssa nuoret ovat p\u00e4ivisin t\u00f6iss\u00e4, vaikkapa perheen maatilalla, ja opetus tapahtuu ilta-aikaan. T\u00e4m\u00e4 tuo omalta osaltaan pienen haasteen; live-webinaari, jossa suomalaiset ja uruguaylaiset opiskelijat osallistuisivat yht\u00e4 aikaa, on k\u00e4yt\u00e4nn\u00f6ss\u00e4 aika mahdoton yht\u00e4l\u00f6, kun aikaero maidemme v\u00e4lill\u00e4 on kuusi tuntia. Paikalliset kuitenkin totesivat t\u00e4h\u00e4n, ett\u00e4 joustoa heid\u00e4n p\u00e4\u00e4st\u00e4\u00e4n l\u00f6ytyy ja toisaalta koska olemme tottuneet varsinkin viime aikoina suunnittelemaan opintoja paljon suoraan verkkoon, t\u00e4m\u00e4kin asia saadaan kyll\u00e4 varmasti tarvittaessa j\u00e4rjestym\u00e4\u00e4n.<\/p>\n<p>Tulevaa yhteisty\u00f6t\u00e4 voisivatkin siis olla erilaiset laboratoriot\u00f6ihin liittyv\u00e4t vaihto- tai laitteiston lainajaksot sek\u00e4 yhteiset opintojaksot tai pienimmill\u00e4\u00e4n opintojaksojen osat. My\u00f6s suomalaiset jatko-opintomahdollisuudet ovat UTECin n\u00e4k\u00f6kulmasta houkuttelevia. Tohtoriohjelmia ei heid\u00e4n tarjonnassaan ole ja eurooppalainen koulutus on Atlantin toisella puolella hyvin arvostettua.<br \/>\nErilaiset yhteiset projektit ovat my\u00f6s melko varmasti yhteisty\u00f6mme seuraavia askelia. Edell\u00e4 mainitut yhteisty\u00f6n tavat keskittyv\u00e4t organisaatioiden v\u00e4liseen osaamisen jakamiseen, mutta erilaisilla kehitt\u00e4mishankkeilla olisi mahdollisuus vaikuttaa innovaatioiden kehittymiseen ja alueiden sosiaaliseen ja taloudelliseen hyvinvointiin.<br \/>\nHankeyhteisty\u00f6t\u00e4 siis, mutta mist\u00e4 aiheista? Siit\u00e4 ja Uruguayn muista biotalousaiheista lis\u00e4\u00e4 seuraavissa kirjoituksessamme.<\/p>\n<p><em>Kirjoittajat: <\/em><\/p>\n<p><em>Senni Pyk\u00e4l\u00e4inen, It\u00e4-Suomen yliopisto<\/em><\/p>\n<p><em> Sini Rantanen,\u00a0 Anniina Kontiokorpi, Karelia-ammattikorkeakoulu, <\/em><\/p>\n<p><em>Kasperi Vuorikari, Harri Auvinen, Savonia-ammattikorkeakoulu<\/em><\/p>\n<p><strong>Aiheeseen liittyv\u00e4t blogikirjoitukset:<\/strong><\/p>\n<p><a href=\"https:\/\/www.biotalouskoulutusitasuomi.fi\/metsabiotalousmietteita-maailmalta\/\">https:\/\/www.biotalouskoulutusitasuomi.fi\/metsabiotalousmietteita-maailmalta\/<\/a><\/p>\n<p><a href=\"https:\/\/www.biotalouskoulutusitasuomi.fi\/suomalaisen-osaamisen-vientia-valtameren-taakse\/\">https:\/\/www.biotalouskoulutusitasuomi.fi\/suomalaisen-osaamisen-vientia-valtameren-taakse\/<\/a><\/p>\n","protected":false},"excerpt":{"rendered":"<p>Join-bioerko-hankkeen yhten\u00e4 tavoitteena on edist\u00e4\u00e4 korkeakoulujen kansainv\u00e4list\u00e4 yhteisty\u00f6t\u00e4 biotalouden saralla. T\u00e4h\u00e4n liittyen toteutimme huhtikuussa 2022 opintomatkan toiselle puolelle maapalloa. Yhteisty\u00f6oppilaitoksemme sijaitsee siis kaukana, mutta otetaanpa alkuun pieni arvuutteluleikki &#8211; mik\u00e4 maa on kyseess\u00e4? T\u00e4m\u00e4 maa sijaitsee Atlantin rannikolla. Asukasm\u00e4\u00e4r\u00e4 t\u00e4ss\u00e4 maassa on noin puolet Suomen asukasm\u00e4\u00e4r\u00e4st\u00e4. Pinta-alaltaankin maa on noin puolet Suomesta. Maassa sijaitsee paljon [&hellip;]<\/p>\n","protected":false},"author":95,"featured_media":3455,"comment_status":"closed","ping_status":"closed","sticky":false,"template":"","format":"standard","meta":{"_acf_changed":false,"_relevanssi_hide_post":"","_relevanssi_hide_content":"","_relevanssi_pin_for_all":"","_relevanssi_pin_keywords":"","_relevanssi_unpin_keywords":"","_relevanssi_related_keywords":"","_relevanssi_related_include_ids":"","_relevanssi_related_exclude_ids":"","_relevanssi_related_no_append":"","_relevanssi_related_not_related":"","_relevanssi_related_posts":"","_relevanssi_noindex_reason":"","footnotes":""},"categories":[1,156],"tags":[],"class_list":["post-3452","post","type-post","status-publish","format-standard","has-post-thumbnail","hentry","category-kaikki","category-kansainvalinen-yhteistyo"],"acf":[],"yoast_head":"<!-- This site is optimized with the Yoast SEO plugin v27.3 - https:\/\/yoast.com\/product\/yoast-seo-wordpress\/ -->\n<title>Yhteisty\u00f6t\u00e4 yli valtameren ja aikaerojen - Biotalouden erikoistumiskoulutus It\u00e4-Suomi<\/title>\n<meta name=\"robots\" content=\"index, follow, max-snippet:-1, max-image-preview:large, max-video-preview:-1\" \/>\n<link rel=\"canonical\" href=\"https:\/\/blogs2.uef.fi\/biotalouskoulutus\/yhteistyota-yli-valtameren-ja-aikaerojen\/\" \/>\n<meta property=\"og:locale\" content=\"fi_FI\" \/>\n<meta property=\"og:type\" content=\"article\" \/>\n<meta property=\"og:title\" content=\"Yhteisty\u00f6t\u00e4 yli valtameren ja aikaerojen - Biotalouden erikoistumiskoulutus It\u00e4-Suomi\" \/>\n<meta property=\"og:description\" content=\"Join-bioerko-hankkeen yhten\u00e4 tavoitteena on edist\u00e4\u00e4 korkeakoulujen kansainv\u00e4list\u00e4 yhteisty\u00f6t\u00e4 biotalouden saralla. T\u00e4h\u00e4n liittyen toteutimme huhtikuussa 2022 opintomatkan toiselle puolelle maapalloa. Yhteisty\u00f6oppilaitoksemme sijaitsee siis kaukana, mutta otetaanpa alkuun pieni arvuutteluleikki &#8211; mik\u00e4 maa on kyseess\u00e4? T\u00e4m\u00e4 maa sijaitsee Atlantin rannikolla. Asukasm\u00e4\u00e4r\u00e4 t\u00e4ss\u00e4 maassa on noin puolet Suomen asukasm\u00e4\u00e4r\u00e4st\u00e4. Pinta-alaltaankin maa on noin puolet Suomesta. Maassa sijaitsee paljon [&hellip;]\" \/>\n<meta property=\"og:url\" content=\"https:\/\/blogs2.uef.fi\/biotalouskoulutus\/yhteistyota-yli-valtameren-ja-aikaerojen\/\" \/>\n<meta property=\"og:site_name\" content=\"Biotalouden erikoistumiskoulutus It\u00e4-Suomi\" \/>\n<meta property=\"article:published_time\" content=\"2022-05-25T13:00:26+00:00\" \/>\n<meta property=\"article:modified_time\" content=\"2022-12-28T11:59:13+00:00\" \/>\n<meta property=\"og:image\" content=\"https:\/\/blogs2.uef.fi\/biotalouskoulutus\/wp-content\/uploads\/sites\/71\/2022\/05\/uruguay-euka.jpg\" \/>\n\t<meta property=\"og:image:width\" content=\"1100\" \/>\n\t<meta property=\"og:image:height\" content=\"534\" \/>\n\t<meta property=\"og:image:type\" content=\"image\/jpeg\" \/>\n<meta name=\"author\" content=\"pirittat\" \/>\n<meta name=\"twitter:card\" content=\"summary_large_image\" \/>\n<meta name=\"twitter:label1\" content=\"Kirjoittanut\" \/>\n\t<meta name=\"twitter:data1\" content=\"pirittat\" \/>\n\t<meta name=\"twitter:label2\" content=\"Arvioitu lukuaika\" \/>\n\t<meta name=\"twitter:data2\" content=\"3 minuuttia\" \/>\n<script type=\"application\/ld+json\" class=\"yoast-schema-graph\">{\"@context\":\"https:\\\/\\\/schema.org\",\"@graph\":[{\"@type\":\"Article\",\"@id\":\"https:\\\/\\\/blogs2.uef.fi\\\/biotalouskoulutus\\\/yhteistyota-yli-valtameren-ja-aikaerojen\\\/#article\",\"isPartOf\":{\"@id\":\"https:\\\/\\\/blogs2.uef.fi\\\/biotalouskoulutus\\\/yhteistyota-yli-valtameren-ja-aikaerojen\\\/\"},\"author\":{\"name\":\"pirittat\",\"@id\":\"https:\\\/\\\/www.biotalouskoulutus.fi\\\/#\\\/schema\\\/person\\\/a91a0d6cfc809a46ad405d2792b06188\"},\"headline\":\"Yhteisty\u00f6t\u00e4 yli valtameren ja aikaerojen\",\"datePublished\":\"2022-05-25T13:00:26+00:00\",\"dateModified\":\"2022-12-28T11:59:13+00:00\",\"mainEntityOfPage\":{\"@id\":\"https:\\\/\\\/blogs2.uef.fi\\\/biotalouskoulutus\\\/yhteistyota-yli-valtameren-ja-aikaerojen\\\/\"},\"wordCount\":640,\"image\":{\"@id\":\"https:\\\/\\\/blogs2.uef.fi\\\/biotalouskoulutus\\\/yhteistyota-yli-valtameren-ja-aikaerojen\\\/#primaryimage\"},\"thumbnailUrl\":\"https:\\\/\\\/blogs2.uef.fi\\\/biotalouskoulutus\\\/wp-content\\\/uploads\\\/sites\\\/71\\\/2022\\\/05\\\/uruguay-euka.jpg\",\"articleSection\":[\"Kaikki blogit\",\"Kansainv\u00e4linen yhteisty\u00f6\"],\"inLanguage\":\"fi\"},{\"@type\":\"WebPage\",\"@id\":\"https:\\\/\\\/blogs2.uef.fi\\\/biotalouskoulutus\\\/yhteistyota-yli-valtameren-ja-aikaerojen\\\/\",\"url\":\"https:\\\/\\\/blogs2.uef.fi\\\/biotalouskoulutus\\\/yhteistyota-yli-valtameren-ja-aikaerojen\\\/\",\"name\":\"Yhteisty\u00f6t\u00e4 yli valtameren ja aikaerojen - Biotalouden erikoistumiskoulutus It\u00e4-Suomi\",\"isPartOf\":{\"@id\":\"https:\\\/\\\/www.biotalouskoulutus.fi\\\/#website\"},\"primaryImageOfPage\":{\"@id\":\"https:\\\/\\\/blogs2.uef.fi\\\/biotalouskoulutus\\\/yhteistyota-yli-valtameren-ja-aikaerojen\\\/#primaryimage\"},\"image\":{\"@id\":\"https:\\\/\\\/blogs2.uef.fi\\\/biotalouskoulutus\\\/yhteistyota-yli-valtameren-ja-aikaerojen\\\/#primaryimage\"},\"thumbnailUrl\":\"https:\\\/\\\/blogs2.uef.fi\\\/biotalouskoulutus\\\/wp-content\\\/uploads\\\/sites\\\/71\\\/2022\\\/05\\\/uruguay-euka.jpg\",\"datePublished\":\"2022-05-25T13:00:26+00:00\",\"dateModified\":\"2022-12-28T11:59:13+00:00\",\"author\":{\"@id\":\"https:\\\/\\\/www.biotalouskoulutus.fi\\\/#\\\/schema\\\/person\\\/a91a0d6cfc809a46ad405d2792b06188\"},\"breadcrumb\":{\"@id\":\"https:\\\/\\\/blogs2.uef.fi\\\/biotalouskoulutus\\\/yhteistyota-yli-valtameren-ja-aikaerojen\\\/#breadcrumb\"},\"inLanguage\":\"fi\",\"potentialAction\":[{\"@type\":\"ReadAction\",\"target\":[\"https:\\\/\\\/blogs2.uef.fi\\\/biotalouskoulutus\\\/yhteistyota-yli-valtameren-ja-aikaerojen\\\/\"]}]},{\"@type\":\"ImageObject\",\"inLanguage\":\"fi\",\"@id\":\"https:\\\/\\\/blogs2.uef.fi\\\/biotalouskoulutus\\\/yhteistyota-yli-valtameren-ja-aikaerojen\\\/#primaryimage\",\"url\":\"https:\\\/\\\/blogs2.uef.fi\\\/biotalouskoulutus\\\/wp-content\\\/uploads\\\/sites\\\/71\\\/2022\\\/05\\\/uruguay-euka.jpg\",\"contentUrl\":\"https:\\\/\\\/blogs2.uef.fi\\\/biotalouskoulutus\\\/wp-content\\\/uploads\\\/sites\\\/71\\\/2022\\\/05\\\/uruguay-euka.jpg\",\"width\":1100,\"height\":534},{\"@type\":\"BreadcrumbList\",\"@id\":\"https:\\\/\\\/blogs2.uef.fi\\\/biotalouskoulutus\\\/yhteistyota-yli-valtameren-ja-aikaerojen\\\/#breadcrumb\",\"itemListElement\":[{\"@type\":\"ListItem\",\"position\":1,\"name\":\"Home\",\"item\":\"https:\\\/\\\/www.biotalouskoulutus.fi\\\/\"},{\"@type\":\"ListItem\",\"position\":2,\"name\":\"Yhteisty\u00f6t\u00e4 yli valtameren ja aikaerojen\"}]},{\"@type\":\"WebSite\",\"@id\":\"https:\\\/\\\/www.biotalouskoulutus.fi\\\/#website\",\"url\":\"https:\\\/\\\/www.biotalouskoulutus.fi\\\/\",\"name\":\"Biotalouden erikoistumiskoulutus It\u00e4-Suomi\",\"description\":\"Biotalouden erikoistumiskoulutus It\u00e4-Suomessa - innovaatioita ja osaamista korkeakoulujen ja yritysen yhteisty\u00f6n\u00e4. Koulutuksen painotukset: mets\u00e4biotalous, biotalouden sivuvirrat, biojalostus ja energiabiotalous.\",\"potentialAction\":[{\"@type\":\"SearchAction\",\"target\":{\"@type\":\"EntryPoint\",\"urlTemplate\":\"https:\\\/\\\/www.biotalouskoulutus.fi\\\/?s={search_term_string}\"},\"query-input\":{\"@type\":\"PropertyValueSpecification\",\"valueRequired\":true,\"valueName\":\"search_term_string\"}}],\"inLanguage\":\"fi\"},{\"@type\":\"Person\",\"@id\":\"https:\\\/\\\/www.biotalouskoulutus.fi\\\/#\\\/schema\\\/person\\\/a91a0d6cfc809a46ad405d2792b06188\",\"name\":\"pirittat\",\"image\":{\"@type\":\"ImageObject\",\"inLanguage\":\"fi\",\"@id\":\"https:\\\/\\\/secure.gravatar.com\\\/avatar\\\/4a266507e0f5fadda56c47446a78ce82fe72bebf9d96e0b05c738843d5f27aa5?s=96&d=mm&r=g\",\"url\":\"https:\\\/\\\/secure.gravatar.com\\\/avatar\\\/4a266507e0f5fadda56c47446a78ce82fe72bebf9d96e0b05c738843d5f27aa5?s=96&d=mm&r=g\",\"contentUrl\":\"https:\\\/\\\/secure.gravatar.com\\\/avatar\\\/4a266507e0f5fadda56c47446a78ce82fe72bebf9d96e0b05c738843d5f27aa5?s=96&d=mm&r=g\",\"caption\":\"pirittat\"},\"url\":\"https:\\\/\\\/blogs2.uef.fi\\\/biotalouskoulutus\\\/author\\\/pirittat\\\/\"}]}<\/script>\n<!-- \/ Yoast SEO plugin. -->","yoast_head_json":{"title":"Yhteisty\u00f6t\u00e4 yli valtameren ja aikaerojen - Biotalouden erikoistumiskoulutus It\u00e4-Suomi","robots":{"index":"index","follow":"follow","max-snippet":"max-snippet:-1","max-image-preview":"max-image-preview:large","max-video-preview":"max-video-preview:-1"},"canonical":"https:\/\/blogs2.uef.fi\/biotalouskoulutus\/yhteistyota-yli-valtameren-ja-aikaerojen\/","og_locale":"fi_FI","og_type":"article","og_title":"Yhteisty\u00f6t\u00e4 yli valtameren ja aikaerojen - Biotalouden erikoistumiskoulutus It\u00e4-Suomi","og_description":"Join-bioerko-hankkeen yhten\u00e4 tavoitteena on edist\u00e4\u00e4 korkeakoulujen kansainv\u00e4list\u00e4 yhteisty\u00f6t\u00e4 biotalouden saralla. T\u00e4h\u00e4n liittyen toteutimme huhtikuussa 2022 opintomatkan toiselle puolelle maapalloa. Yhteisty\u00f6oppilaitoksemme sijaitsee siis kaukana, mutta otetaanpa alkuun pieni arvuutteluleikki &#8211; mik\u00e4 maa on kyseess\u00e4? T\u00e4m\u00e4 maa sijaitsee Atlantin rannikolla. Asukasm\u00e4\u00e4r\u00e4 t\u00e4ss\u00e4 maassa on noin puolet Suomen asukasm\u00e4\u00e4r\u00e4st\u00e4. Pinta-alaltaankin maa on noin puolet Suomesta. Maassa sijaitsee paljon [&hellip;]","og_url":"https:\/\/blogs2.uef.fi\/biotalouskoulutus\/yhteistyota-yli-valtameren-ja-aikaerojen\/","og_site_name":"Biotalouden erikoistumiskoulutus It\u00e4-Suomi","article_published_time":"2022-05-25T13:00:26+00:00","article_modified_time":"2022-12-28T11:59:13+00:00","og_image":[{"width":1100,"height":534,"url":"https:\/\/blogs2.uef.fi\/biotalouskoulutus\/wp-content\/uploads\/sites\/71\/2022\/05\/uruguay-euka.jpg","type":"image\/jpeg"}],"author":"pirittat","twitter_card":"summary_large_image","twitter_misc":{"Kirjoittanut":"pirittat","Arvioitu lukuaika":"3 minuuttia"},"schema":{"@context":"https:\/\/schema.org","@graph":[{"@type":"Article","@id":"https:\/\/blogs2.uef.fi\/biotalouskoulutus\/yhteistyota-yli-valtameren-ja-aikaerojen\/#article","isPartOf":{"@id":"https:\/\/blogs2.uef.fi\/biotalouskoulutus\/yhteistyota-yli-valtameren-ja-aikaerojen\/"},"author":{"name":"pirittat","@id":"https:\/\/www.biotalouskoulutus.fi\/#\/schema\/person\/a91a0d6cfc809a46ad405d2792b06188"},"headline":"Yhteisty\u00f6t\u00e4 yli valtameren ja aikaerojen","datePublished":"2022-05-25T13:00:26+00:00","dateModified":"2022-12-28T11:59:13+00:00","mainEntityOfPage":{"@id":"https:\/\/blogs2.uef.fi\/biotalouskoulutus\/yhteistyota-yli-valtameren-ja-aikaerojen\/"},"wordCount":640,"image":{"@id":"https:\/\/blogs2.uef.fi\/biotalouskoulutus\/yhteistyota-yli-valtameren-ja-aikaerojen\/#primaryimage"},"thumbnailUrl":"https:\/\/blogs2.uef.fi\/biotalouskoulutus\/wp-content\/uploads\/sites\/71\/2022\/05\/uruguay-euka.jpg","articleSection":["Kaikki blogit","Kansainv\u00e4linen yhteisty\u00f6"],"inLanguage":"fi"},{"@type":"WebPage","@id":"https:\/\/blogs2.uef.fi\/biotalouskoulutus\/yhteistyota-yli-valtameren-ja-aikaerojen\/","url":"https:\/\/blogs2.uef.fi\/biotalouskoulutus\/yhteistyota-yli-valtameren-ja-aikaerojen\/","name":"Yhteisty\u00f6t\u00e4 yli valtameren ja aikaerojen - Biotalouden erikoistumiskoulutus It\u00e4-Suomi","isPartOf":{"@id":"https:\/\/www.biotalouskoulutus.fi\/#website"},"primaryImageOfPage":{"@id":"https:\/\/blogs2.uef.fi\/biotalouskoulutus\/yhteistyota-yli-valtameren-ja-aikaerojen\/#primaryimage"},"image":{"@id":"https:\/\/blogs2.uef.fi\/biotalouskoulutus\/yhteistyota-yli-valtameren-ja-aikaerojen\/#primaryimage"},"thumbnailUrl":"https:\/\/blogs2.uef.fi\/biotalouskoulutus\/wp-content\/uploads\/sites\/71\/2022\/05\/uruguay-euka.jpg","datePublished":"2022-05-25T13:00:26+00:00","dateModified":"2022-12-28T11:59:13+00:00","author":{"@id":"https:\/\/www.biotalouskoulutus.fi\/#\/schema\/person\/a91a0d6cfc809a46ad405d2792b06188"},"breadcrumb":{"@id":"https:\/\/blogs2.uef.fi\/biotalouskoulutus\/yhteistyota-yli-valtameren-ja-aikaerojen\/#breadcrumb"},"inLanguage":"fi","potentialAction":[{"@type":"ReadAction","target":["https:\/\/blogs2.uef.fi\/biotalouskoulutus\/yhteistyota-yli-valtameren-ja-aikaerojen\/"]}]},{"@type":"ImageObject","inLanguage":"fi","@id":"https:\/\/blogs2.uef.fi\/biotalouskoulutus\/yhteistyota-yli-valtameren-ja-aikaerojen\/#primaryimage","url":"https:\/\/blogs2.uef.fi\/biotalouskoulutus\/wp-content\/uploads\/sites\/71\/2022\/05\/uruguay-euka.jpg","contentUrl":"https:\/\/blogs2.uef.fi\/biotalouskoulutus\/wp-content\/uploads\/sites\/71\/2022\/05\/uruguay-euka.jpg","width":1100,"height":534},{"@type":"BreadcrumbList","@id":"https:\/\/blogs2.uef.fi\/biotalouskoulutus\/yhteistyota-yli-valtameren-ja-aikaerojen\/#breadcrumb","itemListElement":[{"@type":"ListItem","position":1,"name":"Home","item":"https:\/\/www.biotalouskoulutus.fi\/"},{"@type":"ListItem","position":2,"name":"Yhteisty\u00f6t\u00e4 yli valtameren ja aikaerojen"}]},{"@type":"WebSite","@id":"https:\/\/www.biotalouskoulutus.fi\/#website","url":"https:\/\/www.biotalouskoulutus.fi\/","name":"Biotalouden erikoistumiskoulutus It\u00e4-Suomi","description":"Biotalouden erikoistumiskoulutus It\u00e4-Suomessa - innovaatioita ja osaamista korkeakoulujen ja yritysen yhteisty\u00f6n\u00e4. Koulutuksen painotukset: mets\u00e4biotalous, biotalouden sivuvirrat, biojalostus ja energiabiotalous.","potentialAction":[{"@type":"SearchAction","target":{"@type":"EntryPoint","urlTemplate":"https:\/\/www.biotalouskoulutus.fi\/?s={search_term_string}"},"query-input":{"@type":"PropertyValueSpecification","valueRequired":true,"valueName":"search_term_string"}}],"inLanguage":"fi"},{"@type":"Person","@id":"https:\/\/www.biotalouskoulutus.fi\/#\/schema\/person\/a91a0d6cfc809a46ad405d2792b06188","name":"pirittat","image":{"@type":"ImageObject","inLanguage":"fi","@id":"https:\/\/secure.gravatar.com\/avatar\/4a266507e0f5fadda56c47446a78ce82fe72bebf9d96e0b05c738843d5f27aa5?s=96&d=mm&r=g","url":"https:\/\/secure.gravatar.com\/avatar\/4a266507e0f5fadda56c47446a78ce82fe72bebf9d96e0b05c738843d5f27aa5?s=96&d=mm&r=g","contentUrl":"https:\/\/secure.gravatar.com\/avatar\/4a266507e0f5fadda56c47446a78ce82fe72bebf9d96e0b05c738843d5f27aa5?s=96&d=mm&r=g","caption":"pirittat"},"url":"https:\/\/blogs2.uef.fi\/biotalouskoulutus\/author\/pirittat\/"}]}},"_links":{"self":[{"href":"https:\/\/blogs2.uef.fi\/biotalouskoulutus\/wp-json\/wp\/v2\/posts\/3452","targetHints":{"allow":["GET"]}}],"collection":[{"href":"https:\/\/blogs2.uef.fi\/biotalouskoulutus\/wp-json\/wp\/v2\/posts"}],"about":[{"href":"https:\/\/blogs2.uef.fi\/biotalouskoulutus\/wp-json\/wp\/v2\/types\/post"}],"author":[{"embeddable":true,"href":"https:\/\/blogs2.uef.fi\/biotalouskoulutus\/wp-json\/wp\/v2\/users\/95"}],"replies":[{"embeddable":true,"href":"https:\/\/blogs2.uef.fi\/biotalouskoulutus\/wp-json\/wp\/v2\/comments?post=3452"}],"version-history":[{"count":2,"href":"https:\/\/blogs2.uef.fi\/biotalouskoulutus\/wp-json\/wp\/v2\/posts\/3452\/revisions"}],"predecessor-version":[{"id":3657,"href":"https:\/\/blogs2.uef.fi\/biotalouskoulutus\/wp-json\/wp\/v2\/posts\/3452\/revisions\/3657"}],"wp:featuredmedia":[{"embeddable":true,"href":"https:\/\/blogs2.uef.fi\/biotalouskoulutus\/wp-json\/wp\/v2\/media\/3455"}],"wp:attachment":[{"href":"https:\/\/blogs2.uef.fi\/biotalouskoulutus\/wp-json\/wp\/v2\/media?parent=3452"}],"wp:term":[{"taxonomy":"category","embeddable":true,"href":"https:\/\/blogs2.uef.fi\/biotalouskoulutus\/wp-json\/wp\/v2\/categories?post=3452"},{"taxonomy":"post_tag","embeddable":true,"href":"https:\/\/blogs2.uef.fi\/biotalouskoulutus\/wp-json\/wp\/v2\/tags?post=3452"}],"curies":[{"name":"wp","href":"https:\/\/api.w.org\/{rel}","templated":true}]}}