{"id":3464,"date":"2022-05-30T11:05:29","date_gmt":"2022-05-30T08:05:29","guid":{"rendered":"https:\/\/www.biotalouskoulutusitasuomi.fi\/?p=3464"},"modified":"2022-12-28T13:59:13","modified_gmt":"2022-12-28T11:59:13","slug":"metsabiotalousmietteita-maailmalta","status":"publish","type":"post","link":"https:\/\/blogs2.uef.fi\/biotalouskoulutus\/metsabiotalousmietteita-maailmalta\/","title":{"rendered":"Mets\u00e4biotalousmietteit\u00e4 maailmalta"},"content":{"rendered":"<p>Join-bioerko-hankkeemme Uruguayn opinto- ja yhteisty\u00f6matkan yksi p\u00e4\u00e4teemoista oli paikalliseen mets\u00e4teollisuuteen ja -talouteen tutustuminen. Reilun viikon matkallamme saimmekin huhtikuussa 2022 tutustua laajasti Uruguayn eri mets\u00e4alan toimijoiden toimintaan. Fray Bentosissa p\u00e4\u00e4simme vierailemaan UPM-kymmene Oyj:n vuonna 2007 toimintansa aloittaneeseen sellutehtaaseen, maan keskiosissa sukelsimme puolestamme syv\u00e4lle plantaasimetsien siimekseen ja INIA:lla (Instituto Nacional de Investigaci\u00f3n Agropecuaria) saimme kuulla paikallisesta mets\u00e4alan tutkimuksesta.<\/p>\n<p>Uruguay on perinteisesti tunnettu maatalousmaana. Soija- ja maissipellot sek\u00e4 erityisesti karjanlaidunnus n\u00e4kyiv\u00e4tkin vahvasti maisemassa heti kun poistuimme maan p\u00e4\u00e4kaupungin, Montevideon, leppoisasta sykkeest\u00e4. Paikallisten oppaidemme mukaan karja saa Uruguayissa tyypillisesti laiduntaa hyvin vapaana maan mittavilla ruohoalueilla. T\u00e4st\u00e4 syyst\u00e4 karja onkin hyv\u00e4kuntoista, mik\u00e4 meinaa aiheuttaa ongelmaa lihantuotannossa, sill\u00e4 liha jalostuu niin sanotusti turhan sitke\u00e4ksi. Viimeisten vuosikymmenten aikana maatalouden rinnalle on kuitenkin yh\u00e4 eneneviss\u00e4 m\u00e4\u00e4rin tullut mets\u00e4talous, jonka kehityksen voidaan ajatella alkaneen virallisesti vuoden 1987 lakiuudistuksesta. Tuon lakiuudistuksen tavoitteena oli houkutella ulkomaisia sijoittajia Uruguayhin ja sen se on my\u00f6s saanut aikaan.<\/p>\n<p>Ennen 1980-luvun lakiuudistusta mets\u00e4alan toiminta Uruguayssa oli melkoisen pienialaista. Lakiuudistuksen j\u00e4lkeen maahan on virrannut tasaiseen tahtiin uusia toimijoita, joita hyv\u00e4t tuotantomahdollisuudet ovat houkutelleet. Uruguay on t\u00e4ll\u00e4 hetkell\u00e4 yksi maailman johtavia selluntuottajamaita. UPM-kymmene Oyj:n sellutehdas Fray Bentosissa oli maan ensimm\u00e4inen massiivinen selluntehdasinvestointi. Tehdas tuottaa vuodessa noin 1,3 miljoonaan tonnia sellua ja se ty\u00f6llist\u00e4\u00e4 noin 200 henke\u00e4. Tehdas k\u00e4ytt\u00e4\u00e4 raaka-aineenaan eukalyptusta, jota tuotetaan tehtaan tarpeisiin plantaasiviljelmill\u00e4. Osa n\u00e4ist\u00e4 plantaaseista on yrityksen omassa omistuksessa. Puuplantaaseiksi muunnetut maa-alueet ovat alun perin olleet sellaisia, jotka eiv\u00e4t ole kelvanneet muuhun hy\u00f6tyk\u00e4ytt\u00f6\u00f6n.<\/p>\n<p>Plantaasiviljelmiin p\u00e4\u00e4simme ihan konkreettisesti tutustumaan maan keski- ja pohjoisosissa, jossa sijaitsee my\u00f6s suurin osa maan sahateollisuudesta. Plantaasien puista noin 80 prosenttia on t\u00e4ll\u00e4 hetkell\u00e4 eukalyptusta ja noin 20 prosenttia m\u00e4nty\u00e4, mutta kuulemamme mukaan tilanne on muuttumassa nykyist\u00e4kin enemm\u00e4n eukalyptuksen eduksi l\u00e4hitulevaisuudessa, sill\u00e4 m\u00e4ntyviljelmi\u00e4 korvataan yh\u00e4 useammin eukalyptuksella. Yhten\u00e4 syyn\u00e4 t\u00e4h\u00e4n lienee se, ett\u00e4 m\u00e4nnyist\u00e4 pystyt\u00e4\u00e4n Uruguayssa hy\u00f6dynt\u00e4m\u00e4\u00e4n vain j\u00e4rein, sahateollisuuden hy\u00f6dynt\u00e4m\u00e4 tukkiosa, kuituosan j\u00e4\u00e4dess\u00e4 pinoina metsiin maatumaan kustannustehokkaan k\u00e4ytt\u00f6muodon puuttuessa. Puun kuljettamisen kerrottiin olevan yksinkertaisesti liian kallista m\u00e4ntykuitupuun hy\u00f6dynt\u00e4miseen.<\/p>\n<p>Suomalaiseen mets\u00e4nhoitoon verrattuna yksi Uruguayn erikoisuuksista on se, ett\u00e4 plantaaseilla joudutaan taimivaiheessa tekem\u00e4\u00e4n hein\u00e4ntorjunnan lis\u00e4ksi muurahaistorjuntaa. Ilman torjuntaa taimet p\u00e4\u00e4tyisiv\u00e4t muurahaisten ravinnoksi. Torjuntaa tehd\u00e4\u00e4n edelleenkin sek\u00e4 perinteisemm\u00e4ll\u00e4 menetelm\u00e4ll\u00e4, eli hevosen avustuksella, mutta my\u00f6s moottoripy\u00f6r\u00e4n sel\u00e4st\u00e4, mit\u00e4 valitettavasti emme p\u00e4\u00e4sseet todistamaan vierailumme aikana.<\/p>\n<p>Mets\u00e4ntutkimukseen liittyen meille selvisi INIA:n tutkimuslaitoksella, ett\u00e4 mets\u00e4asioiden tutkimukseen on viime aikoina tullut ns. uusia tutkimusaloja tai -linjoja. Muun muassa mets\u00e4tuhojen tutkimukseen on alettu kiinnitt\u00e4\u00e4 entist\u00e4 tarkempaa huomiota. Matkamme varrella n\u00e4immekin mm. muutamia mustia plantaasialueilta, joilla mets\u00e4palo oli selke\u00e4stikin riehunut. Mets\u00e4tuhot ovat siis aivan samanlaista arkip\u00e4iv\u00e4\u00e4 my\u00f6s maapallon toisella puolella kuin meill\u00e4 t\u00e4\u00e4ll\u00e4 Euroopassakin. Uruguayn mets\u00e4teollisuuden laajentuessa tulevan vuoden aikana kolmannella maailmanluokan sellutehtaalla mets\u00e4alan tutkimukseen panostaminen kuulostikin meid\u00e4n biotalousammattilaisten korvaan todella hyv\u00e4lt\u00e4 ratkaisulta. Maan omien luonnonvaraisten puulajien hy\u00f6dynt\u00e4minen olisi esimerkiksi yksi aihe, jota my\u00f6s paikallisten mets\u00e4ammattilaisten mielest\u00e4 kannattaisi tutkia tarkemmin. Asiantuntijajoukkomme j\u00e4i my\u00f6s pohtimaan hy\u00f6dynt\u00e4m\u00e4t\u00f6nt\u00e4 m\u00e4ntykuitupuuta ja muita mets\u00e4talouden sivuvirtoja. Mit\u00e4 mahdollisuuksia ne tarjoaisivatkaan?<\/p>\n<p><em>Kirjoittajat: <\/em><\/p>\n<p><em>Sini Rantanen, Anniina Kontiokorpi, Karelia-ammattikorkeakoulu <\/em><\/p>\n<p><em>Senni Pyk\u00e4l\u00e4inen, <\/em><em>It\u00e4-Suomen yliopisto <\/em><\/p>\n<p><em>Kasperi Vuorikari, Harri Auvinen, Savonia-ammattikorkeakoulu<\/em><\/p>\n<p><strong>Aiheeseen liittyv\u00e4t blogikirjoitukset:<\/strong><\/p>\n<p><a href=\"https:\/\/www.biotalouskoulutusitasuomi.fi\/yhteistyota-yli-valtameren-ja-aikaerojen\/\">https:\/\/www.biotalouskoulutusitasuomi.fi\/yhteistyota-yli-valtameren-ja-aikaerojen\/<\/a><br \/>\n<a href=\"https:\/\/www.biotalouskoulutusitasuomi.fi\/suomalaisen-osaamisen-vientia-valtameren-taakse\/\">https:\/\/www.biotalouskoulutusitasuomi.fi\/suomalaisen-osaamisen-vientia-valtameren-taakse\/<\/a><\/p>\n","protected":false},"excerpt":{"rendered":"<p>Join-bioerko-hankkeemme Uruguayn opinto- ja yhteisty\u00f6matkan yksi p\u00e4\u00e4teemoista oli paikalliseen mets\u00e4teollisuuteen ja -talouteen tutustuminen. Reilun viikon matkallamme saimmekin huhtikuussa 2022 tutustua laajasti Uruguayn eri mets\u00e4alan toimijoiden toimintaan. Fray Bentosissa p\u00e4\u00e4simme vierailemaan UPM-kymmene Oyj:n vuonna 2007 toimintansa aloittaneeseen sellutehtaaseen, maan keskiosissa sukelsimme puolestamme syv\u00e4lle plantaasimetsien siimekseen ja INIA:lla (Instituto Nacional de Investigaci\u00f3n Agropecuaria) saimme kuulla paikallisesta mets\u00e4alan [&hellip;]<\/p>\n","protected":false},"author":95,"featured_media":3467,"comment_status":"closed","ping_status":"closed","sticky":false,"template":"","format":"standard","meta":{"_acf_changed":false,"_relevanssi_hide_post":"","_relevanssi_hide_content":"","_relevanssi_pin_for_all":"","_relevanssi_pin_keywords":"","_relevanssi_unpin_keywords":"","_relevanssi_related_keywords":"","_relevanssi_related_include_ids":"","_relevanssi_related_exclude_ids":"","_relevanssi_related_no_append":"","_relevanssi_related_not_related":"","_relevanssi_related_posts":"","_relevanssi_noindex_reason":"","footnotes":""},"categories":[1,156],"tags":[],"class_list":["post-3464","post","type-post","status-publish","format-standard","has-post-thumbnail","hentry","category-kaikki","category-kansainvalinen-yhteistyo"],"acf":[],"yoast_head":"<!-- This site is optimized with the Yoast SEO plugin v27.3 - https:\/\/yoast.com\/product\/yoast-seo-wordpress\/ -->\n<title>Mets\u00e4biotalousmietteit\u00e4 maailmalta - Biotalouden erikoistumiskoulutus It\u00e4-Suomi<\/title>\n<meta name=\"robots\" content=\"index, follow, max-snippet:-1, max-image-preview:large, max-video-preview:-1\" \/>\n<link rel=\"canonical\" href=\"https:\/\/blogs2.uef.fi\/biotalouskoulutus\/metsabiotalousmietteita-maailmalta\/\" \/>\n<meta property=\"og:locale\" content=\"fi_FI\" \/>\n<meta property=\"og:type\" content=\"article\" \/>\n<meta property=\"og:title\" content=\"Mets\u00e4biotalousmietteit\u00e4 maailmalta - Biotalouden erikoistumiskoulutus It\u00e4-Suomi\" \/>\n<meta property=\"og:description\" content=\"Join-bioerko-hankkeemme Uruguayn opinto- ja yhteisty\u00f6matkan yksi p\u00e4\u00e4teemoista oli paikalliseen mets\u00e4teollisuuteen ja -talouteen tutustuminen. Reilun viikon matkallamme saimmekin huhtikuussa 2022 tutustua laajasti Uruguayn eri mets\u00e4alan toimijoiden toimintaan. Fray Bentosissa p\u00e4\u00e4simme vierailemaan UPM-kymmene Oyj:n vuonna 2007 toimintansa aloittaneeseen sellutehtaaseen, maan keskiosissa sukelsimme puolestamme syv\u00e4lle plantaasimetsien siimekseen ja INIA:lla (Instituto Nacional de Investigaci\u00f3n Agropecuaria) saimme kuulla paikallisesta mets\u00e4alan [&hellip;]\" \/>\n<meta property=\"og:url\" content=\"https:\/\/blogs2.uef.fi\/biotalouskoulutus\/metsabiotalousmietteita-maailmalta\/\" \/>\n<meta property=\"og:site_name\" content=\"Biotalouden erikoistumiskoulutus It\u00e4-Suomi\" \/>\n<meta property=\"article:published_time\" content=\"2022-05-30T08:05:29+00:00\" \/>\n<meta property=\"article:modified_time\" content=\"2022-12-28T11:59:13+00:00\" \/>\n<meta property=\"og:image\" content=\"https:\/\/blogs2.uef.fi\/biotalouskoulutus\/wp-content\/uploads\/sites\/71\/2022\/05\/Uruguay-Eucalyptus-SiniRantanen.jpg\" \/>\n\t<meta property=\"og:image:width\" content=\"1100\" \/>\n\t<meta property=\"og:image:height\" content=\"534\" \/>\n\t<meta property=\"og:image:type\" content=\"image\/jpeg\" \/>\n<meta name=\"author\" content=\"pirittat\" \/>\n<meta name=\"twitter:card\" content=\"summary_large_image\" \/>\n<meta name=\"twitter:label1\" content=\"Kirjoittanut\" \/>\n\t<meta name=\"twitter:data1\" content=\"pirittat\" \/>\n\t<meta name=\"twitter:label2\" content=\"Arvioitu lukuaika\" \/>\n\t<meta name=\"twitter:data2\" content=\"3 minuuttia\" \/>\n<script type=\"application\/ld+json\" class=\"yoast-schema-graph\">{\"@context\":\"https:\\\/\\\/schema.org\",\"@graph\":[{\"@type\":\"Article\",\"@id\":\"https:\\\/\\\/blogs2.uef.fi\\\/biotalouskoulutus\\\/metsabiotalousmietteita-maailmalta\\\/#article\",\"isPartOf\":{\"@id\":\"https:\\\/\\\/blogs2.uef.fi\\\/biotalouskoulutus\\\/metsabiotalousmietteita-maailmalta\\\/\"},\"author\":{\"name\":\"pirittat\",\"@id\":\"https:\\\/\\\/www.biotalouskoulutus.fi\\\/#\\\/schema\\\/person\\\/a91a0d6cfc809a46ad405d2792b06188\"},\"headline\":\"Mets\u00e4biotalousmietteit\u00e4 maailmalta\",\"datePublished\":\"2022-05-30T08:05:29+00:00\",\"dateModified\":\"2022-12-28T11:59:13+00:00\",\"mainEntityOfPage\":{\"@id\":\"https:\\\/\\\/blogs2.uef.fi\\\/biotalouskoulutus\\\/metsabiotalousmietteita-maailmalta\\\/\"},\"wordCount\":579,\"image\":{\"@id\":\"https:\\\/\\\/blogs2.uef.fi\\\/biotalouskoulutus\\\/metsabiotalousmietteita-maailmalta\\\/#primaryimage\"},\"thumbnailUrl\":\"https:\\\/\\\/blogs2.uef.fi\\\/biotalouskoulutus\\\/wp-content\\\/uploads\\\/sites\\\/71\\\/2022\\\/05\\\/Uruguay-Eucalyptus-SiniRantanen.jpg\",\"articleSection\":[\"Kaikki blogit\",\"Kansainv\u00e4linen yhteisty\u00f6\"],\"inLanguage\":\"fi\"},{\"@type\":\"WebPage\",\"@id\":\"https:\\\/\\\/blogs2.uef.fi\\\/biotalouskoulutus\\\/metsabiotalousmietteita-maailmalta\\\/\",\"url\":\"https:\\\/\\\/blogs2.uef.fi\\\/biotalouskoulutus\\\/metsabiotalousmietteita-maailmalta\\\/\",\"name\":\"Mets\u00e4biotalousmietteit\u00e4 maailmalta - Biotalouden erikoistumiskoulutus It\u00e4-Suomi\",\"isPartOf\":{\"@id\":\"https:\\\/\\\/www.biotalouskoulutus.fi\\\/#website\"},\"primaryImageOfPage\":{\"@id\":\"https:\\\/\\\/blogs2.uef.fi\\\/biotalouskoulutus\\\/metsabiotalousmietteita-maailmalta\\\/#primaryimage\"},\"image\":{\"@id\":\"https:\\\/\\\/blogs2.uef.fi\\\/biotalouskoulutus\\\/metsabiotalousmietteita-maailmalta\\\/#primaryimage\"},\"thumbnailUrl\":\"https:\\\/\\\/blogs2.uef.fi\\\/biotalouskoulutus\\\/wp-content\\\/uploads\\\/sites\\\/71\\\/2022\\\/05\\\/Uruguay-Eucalyptus-SiniRantanen.jpg\",\"datePublished\":\"2022-05-30T08:05:29+00:00\",\"dateModified\":\"2022-12-28T11:59:13+00:00\",\"author\":{\"@id\":\"https:\\\/\\\/www.biotalouskoulutus.fi\\\/#\\\/schema\\\/person\\\/a91a0d6cfc809a46ad405d2792b06188\"},\"breadcrumb\":{\"@id\":\"https:\\\/\\\/blogs2.uef.fi\\\/biotalouskoulutus\\\/metsabiotalousmietteita-maailmalta\\\/#breadcrumb\"},\"inLanguage\":\"fi\",\"potentialAction\":[{\"@type\":\"ReadAction\",\"target\":[\"https:\\\/\\\/blogs2.uef.fi\\\/biotalouskoulutus\\\/metsabiotalousmietteita-maailmalta\\\/\"]}]},{\"@type\":\"ImageObject\",\"inLanguage\":\"fi\",\"@id\":\"https:\\\/\\\/blogs2.uef.fi\\\/biotalouskoulutus\\\/metsabiotalousmietteita-maailmalta\\\/#primaryimage\",\"url\":\"https:\\\/\\\/blogs2.uef.fi\\\/biotalouskoulutus\\\/wp-content\\\/uploads\\\/sites\\\/71\\\/2022\\\/05\\\/Uruguay-Eucalyptus-SiniRantanen.jpg\",\"contentUrl\":\"https:\\\/\\\/blogs2.uef.fi\\\/biotalouskoulutus\\\/wp-content\\\/uploads\\\/sites\\\/71\\\/2022\\\/05\\\/Uruguay-Eucalyptus-SiniRantanen.jpg\",\"width\":1100,\"height\":534},{\"@type\":\"BreadcrumbList\",\"@id\":\"https:\\\/\\\/blogs2.uef.fi\\\/biotalouskoulutus\\\/metsabiotalousmietteita-maailmalta\\\/#breadcrumb\",\"itemListElement\":[{\"@type\":\"ListItem\",\"position\":1,\"name\":\"Home\",\"item\":\"https:\\\/\\\/www.biotalouskoulutus.fi\\\/\"},{\"@type\":\"ListItem\",\"position\":2,\"name\":\"Mets\u00e4biotalousmietteit\u00e4 maailmalta\"}]},{\"@type\":\"WebSite\",\"@id\":\"https:\\\/\\\/www.biotalouskoulutus.fi\\\/#website\",\"url\":\"https:\\\/\\\/www.biotalouskoulutus.fi\\\/\",\"name\":\"Biotalouden erikoistumiskoulutus It\u00e4-Suomi\",\"description\":\"Biotalouden erikoistumiskoulutus It\u00e4-Suomessa - innovaatioita ja osaamista korkeakoulujen ja yritysen yhteisty\u00f6n\u00e4. Koulutuksen painotukset: mets\u00e4biotalous, biotalouden sivuvirrat, biojalostus ja energiabiotalous.\",\"potentialAction\":[{\"@type\":\"SearchAction\",\"target\":{\"@type\":\"EntryPoint\",\"urlTemplate\":\"https:\\\/\\\/www.biotalouskoulutus.fi\\\/?s={search_term_string}\"},\"query-input\":{\"@type\":\"PropertyValueSpecification\",\"valueRequired\":true,\"valueName\":\"search_term_string\"}}],\"inLanguage\":\"fi\"},{\"@type\":\"Person\",\"@id\":\"https:\\\/\\\/www.biotalouskoulutus.fi\\\/#\\\/schema\\\/person\\\/a91a0d6cfc809a46ad405d2792b06188\",\"name\":\"pirittat\",\"image\":{\"@type\":\"ImageObject\",\"inLanguage\":\"fi\",\"@id\":\"https:\\\/\\\/secure.gravatar.com\\\/avatar\\\/4a266507e0f5fadda56c47446a78ce82fe72bebf9d96e0b05c738843d5f27aa5?s=96&d=mm&r=g\",\"url\":\"https:\\\/\\\/secure.gravatar.com\\\/avatar\\\/4a266507e0f5fadda56c47446a78ce82fe72bebf9d96e0b05c738843d5f27aa5?s=96&d=mm&r=g\",\"contentUrl\":\"https:\\\/\\\/secure.gravatar.com\\\/avatar\\\/4a266507e0f5fadda56c47446a78ce82fe72bebf9d96e0b05c738843d5f27aa5?s=96&d=mm&r=g\",\"caption\":\"pirittat\"},\"url\":\"https:\\\/\\\/blogs2.uef.fi\\\/biotalouskoulutus\\\/author\\\/pirittat\\\/\"}]}<\/script>\n<!-- \/ Yoast SEO plugin. -->","yoast_head_json":{"title":"Mets\u00e4biotalousmietteit\u00e4 maailmalta - Biotalouden erikoistumiskoulutus It\u00e4-Suomi","robots":{"index":"index","follow":"follow","max-snippet":"max-snippet:-1","max-image-preview":"max-image-preview:large","max-video-preview":"max-video-preview:-1"},"canonical":"https:\/\/blogs2.uef.fi\/biotalouskoulutus\/metsabiotalousmietteita-maailmalta\/","og_locale":"fi_FI","og_type":"article","og_title":"Mets\u00e4biotalousmietteit\u00e4 maailmalta - Biotalouden erikoistumiskoulutus It\u00e4-Suomi","og_description":"Join-bioerko-hankkeemme Uruguayn opinto- ja yhteisty\u00f6matkan yksi p\u00e4\u00e4teemoista oli paikalliseen mets\u00e4teollisuuteen ja -talouteen tutustuminen. Reilun viikon matkallamme saimmekin huhtikuussa 2022 tutustua laajasti Uruguayn eri mets\u00e4alan toimijoiden toimintaan. Fray Bentosissa p\u00e4\u00e4simme vierailemaan UPM-kymmene Oyj:n vuonna 2007 toimintansa aloittaneeseen sellutehtaaseen, maan keskiosissa sukelsimme puolestamme syv\u00e4lle plantaasimetsien siimekseen ja INIA:lla (Instituto Nacional de Investigaci\u00f3n Agropecuaria) saimme kuulla paikallisesta mets\u00e4alan [&hellip;]","og_url":"https:\/\/blogs2.uef.fi\/biotalouskoulutus\/metsabiotalousmietteita-maailmalta\/","og_site_name":"Biotalouden erikoistumiskoulutus It\u00e4-Suomi","article_published_time":"2022-05-30T08:05:29+00:00","article_modified_time":"2022-12-28T11:59:13+00:00","og_image":[{"width":1100,"height":534,"url":"https:\/\/blogs2.uef.fi\/biotalouskoulutus\/wp-content\/uploads\/sites\/71\/2022\/05\/Uruguay-Eucalyptus-SiniRantanen.jpg","type":"image\/jpeg"}],"author":"pirittat","twitter_card":"summary_large_image","twitter_misc":{"Kirjoittanut":"pirittat","Arvioitu lukuaika":"3 minuuttia"},"schema":{"@context":"https:\/\/schema.org","@graph":[{"@type":"Article","@id":"https:\/\/blogs2.uef.fi\/biotalouskoulutus\/metsabiotalousmietteita-maailmalta\/#article","isPartOf":{"@id":"https:\/\/blogs2.uef.fi\/biotalouskoulutus\/metsabiotalousmietteita-maailmalta\/"},"author":{"name":"pirittat","@id":"https:\/\/www.biotalouskoulutus.fi\/#\/schema\/person\/a91a0d6cfc809a46ad405d2792b06188"},"headline":"Mets\u00e4biotalousmietteit\u00e4 maailmalta","datePublished":"2022-05-30T08:05:29+00:00","dateModified":"2022-12-28T11:59:13+00:00","mainEntityOfPage":{"@id":"https:\/\/blogs2.uef.fi\/biotalouskoulutus\/metsabiotalousmietteita-maailmalta\/"},"wordCount":579,"image":{"@id":"https:\/\/blogs2.uef.fi\/biotalouskoulutus\/metsabiotalousmietteita-maailmalta\/#primaryimage"},"thumbnailUrl":"https:\/\/blogs2.uef.fi\/biotalouskoulutus\/wp-content\/uploads\/sites\/71\/2022\/05\/Uruguay-Eucalyptus-SiniRantanen.jpg","articleSection":["Kaikki blogit","Kansainv\u00e4linen yhteisty\u00f6"],"inLanguage":"fi"},{"@type":"WebPage","@id":"https:\/\/blogs2.uef.fi\/biotalouskoulutus\/metsabiotalousmietteita-maailmalta\/","url":"https:\/\/blogs2.uef.fi\/biotalouskoulutus\/metsabiotalousmietteita-maailmalta\/","name":"Mets\u00e4biotalousmietteit\u00e4 maailmalta - Biotalouden erikoistumiskoulutus It\u00e4-Suomi","isPartOf":{"@id":"https:\/\/www.biotalouskoulutus.fi\/#website"},"primaryImageOfPage":{"@id":"https:\/\/blogs2.uef.fi\/biotalouskoulutus\/metsabiotalousmietteita-maailmalta\/#primaryimage"},"image":{"@id":"https:\/\/blogs2.uef.fi\/biotalouskoulutus\/metsabiotalousmietteita-maailmalta\/#primaryimage"},"thumbnailUrl":"https:\/\/blogs2.uef.fi\/biotalouskoulutus\/wp-content\/uploads\/sites\/71\/2022\/05\/Uruguay-Eucalyptus-SiniRantanen.jpg","datePublished":"2022-05-30T08:05:29+00:00","dateModified":"2022-12-28T11:59:13+00:00","author":{"@id":"https:\/\/www.biotalouskoulutus.fi\/#\/schema\/person\/a91a0d6cfc809a46ad405d2792b06188"},"breadcrumb":{"@id":"https:\/\/blogs2.uef.fi\/biotalouskoulutus\/metsabiotalousmietteita-maailmalta\/#breadcrumb"},"inLanguage":"fi","potentialAction":[{"@type":"ReadAction","target":["https:\/\/blogs2.uef.fi\/biotalouskoulutus\/metsabiotalousmietteita-maailmalta\/"]}]},{"@type":"ImageObject","inLanguage":"fi","@id":"https:\/\/blogs2.uef.fi\/biotalouskoulutus\/metsabiotalousmietteita-maailmalta\/#primaryimage","url":"https:\/\/blogs2.uef.fi\/biotalouskoulutus\/wp-content\/uploads\/sites\/71\/2022\/05\/Uruguay-Eucalyptus-SiniRantanen.jpg","contentUrl":"https:\/\/blogs2.uef.fi\/biotalouskoulutus\/wp-content\/uploads\/sites\/71\/2022\/05\/Uruguay-Eucalyptus-SiniRantanen.jpg","width":1100,"height":534},{"@type":"BreadcrumbList","@id":"https:\/\/blogs2.uef.fi\/biotalouskoulutus\/metsabiotalousmietteita-maailmalta\/#breadcrumb","itemListElement":[{"@type":"ListItem","position":1,"name":"Home","item":"https:\/\/www.biotalouskoulutus.fi\/"},{"@type":"ListItem","position":2,"name":"Mets\u00e4biotalousmietteit\u00e4 maailmalta"}]},{"@type":"WebSite","@id":"https:\/\/www.biotalouskoulutus.fi\/#website","url":"https:\/\/www.biotalouskoulutus.fi\/","name":"Biotalouden erikoistumiskoulutus It\u00e4-Suomi","description":"Biotalouden erikoistumiskoulutus It\u00e4-Suomessa - innovaatioita ja osaamista korkeakoulujen ja yritysen yhteisty\u00f6n\u00e4. Koulutuksen painotukset: mets\u00e4biotalous, biotalouden sivuvirrat, biojalostus ja energiabiotalous.","potentialAction":[{"@type":"SearchAction","target":{"@type":"EntryPoint","urlTemplate":"https:\/\/www.biotalouskoulutus.fi\/?s={search_term_string}"},"query-input":{"@type":"PropertyValueSpecification","valueRequired":true,"valueName":"search_term_string"}}],"inLanguage":"fi"},{"@type":"Person","@id":"https:\/\/www.biotalouskoulutus.fi\/#\/schema\/person\/a91a0d6cfc809a46ad405d2792b06188","name":"pirittat","image":{"@type":"ImageObject","inLanguage":"fi","@id":"https:\/\/secure.gravatar.com\/avatar\/4a266507e0f5fadda56c47446a78ce82fe72bebf9d96e0b05c738843d5f27aa5?s=96&d=mm&r=g","url":"https:\/\/secure.gravatar.com\/avatar\/4a266507e0f5fadda56c47446a78ce82fe72bebf9d96e0b05c738843d5f27aa5?s=96&d=mm&r=g","contentUrl":"https:\/\/secure.gravatar.com\/avatar\/4a266507e0f5fadda56c47446a78ce82fe72bebf9d96e0b05c738843d5f27aa5?s=96&d=mm&r=g","caption":"pirittat"},"url":"https:\/\/blogs2.uef.fi\/biotalouskoulutus\/author\/pirittat\/"}]}},"_links":{"self":[{"href":"https:\/\/blogs2.uef.fi\/biotalouskoulutus\/wp-json\/wp\/v2\/posts\/3464","targetHints":{"allow":["GET"]}}],"collection":[{"href":"https:\/\/blogs2.uef.fi\/biotalouskoulutus\/wp-json\/wp\/v2\/posts"}],"about":[{"href":"https:\/\/blogs2.uef.fi\/biotalouskoulutus\/wp-json\/wp\/v2\/types\/post"}],"author":[{"embeddable":true,"href":"https:\/\/blogs2.uef.fi\/biotalouskoulutus\/wp-json\/wp\/v2\/users\/95"}],"replies":[{"embeddable":true,"href":"https:\/\/blogs2.uef.fi\/biotalouskoulutus\/wp-json\/wp\/v2\/comments?post=3464"}],"version-history":[{"count":3,"href":"https:\/\/blogs2.uef.fi\/biotalouskoulutus\/wp-json\/wp\/v2\/posts\/3464\/revisions"}],"predecessor-version":[{"id":3666,"href":"https:\/\/blogs2.uef.fi\/biotalouskoulutus\/wp-json\/wp\/v2\/posts\/3464\/revisions\/3666"}],"wp:featuredmedia":[{"embeddable":true,"href":"https:\/\/blogs2.uef.fi\/biotalouskoulutus\/wp-json\/wp\/v2\/media\/3467"}],"wp:attachment":[{"href":"https:\/\/blogs2.uef.fi\/biotalouskoulutus\/wp-json\/wp\/v2\/media?parent=3464"}],"wp:term":[{"taxonomy":"category","embeddable":true,"href":"https:\/\/blogs2.uef.fi\/biotalouskoulutus\/wp-json\/wp\/v2\/categories?post=3464"},{"taxonomy":"post_tag","embeddable":true,"href":"https:\/\/blogs2.uef.fi\/biotalouskoulutus\/wp-json\/wp\/v2\/tags?post=3464"}],"curies":[{"name":"wp","href":"https:\/\/api.w.org\/{rel}","templated":true}]}}