{"id":348,"date":"2019-11-06T11:12:07","date_gmt":"2019-11-06T09:12:07","guid":{"rendered":"https:\/\/www.biotalouskoulutusitasuomi.fi\/?p=348"},"modified":"2022-12-28T14:05:13","modified_gmt":"2022-12-28T12:05:13","slug":"yrityslahtoisyys-ja-palvelumuotoilu","status":"publish","type":"post","link":"https:\/\/blogs2.uef.fi\/biotalouskoulutus\/yrityslahtoisyys-ja-palvelumuotoilu\/","title":{"rendered":"Yritysl\u00e4ht\u00f6isyys ja palvelumuotoilu"},"content":{"rendered":"\r\n<h2 class=\"wp-block-heading\"><strong>Yritysl\u00e4ht\u00f6isyys ja palvelumuotoilu biotalouden erikoistumiskoulutuksen ytimess\u00e4<\/strong><\/h2>\r\n\r\n\r\n\r\n<p>Ensimm\u00e4inen yhteiskehitt\u00e4misen ty\u00f6pajap\u00e4iv\u00e4 j\u00e4rjestettiin Savonia ammattikorkeakoululla 22.5.2019. Ty\u00f6pajaan osallistuivat Bioerkon hanke- ja opetushenkil\u00f6st\u00f6 kaikilta Bioerko It\u00e4-Suomen kampuksilta.\u00a0Ty\u00f6pajan totetuksesta vastasi\u00a0<a href=\"https:\/\/pajuconsulting.fi\/kokemus\/savonia_bioerko\/\">Paju Consulting<\/a>. Palvelumuotoiluty\u00f6pajassa her\u00e4teltiin ajatuksia yhten\u00e4isen toimintakulttuurin merkityksest\u00e4. L\u00e4hestyminen palvelumuotoiluun aloitettiin Bioerkon arvojen kautta, tunnistamalla koulutusohjelman vahvuuksia ja sanottamalla yhteisi\u00e4 kehitt\u00e4misen kohteita. Lis\u00e4ksi paneuduttiin yhteisty\u00f6yritysten tarpeisiin ja kontaktointiin kartoittamalla erilaisia yritysprofiileja.<\/p>\r\n\r\n\r\n\r\n<p>Ty\u00f6pajan tuloksena tunnistimme 4-5 yritysprofiilia; pk-yritys\/start up, keskisuuri yritys ja julkishallinnollinen toimija. Yritysprofiilit eroavat toisistaan keskeisesti mm. sen suhteen kuinka paljon ty\u00f6ntekij\u00e4ll\u00e4 on: 1) konkreettisesti mahdollista panostaa opintoihin, 2) ty\u00f6paikalla resursseja tukea kehitt\u00e4misteht\u00e4v\u00e4ss\u00e4, 3) tarve mentorin sparraukselle ty\u00f6paikalla, 4) taloudellinen tilanne sek\u00e4 rakenteellinen ett\u00e4 aikaan sidottu joustavuus. N\u00e4m\u00e4 tekij\u00e4t t\u00e4rke\u00e4 huomioida markkinoinnissa ja opintototeutuksessa.<\/p>\r\n\r\n\r\n\r\n<figure class=\"wp-block-image size-large\"><img loading=\"lazy\" decoding=\"async\" width=\"1024\" height=\"643\" class=\"wp-image-351\" src=\"https:\/\/www.biotalouskoulutusitasuomi.fi\/wp-content\/uploads\/sites\/71\/2020\/03\/Palvelumuotoilu-13.6.2019-1-1024x643.jpg\" alt=\"\" srcset=\"https:\/\/blogs2.uef.fi\/biotalouskoulutus\/wp-content\/uploads\/sites\/71\/2020\/03\/Palvelumuotoilu-13.6.2019-1-1024x643.jpg 1024w, https:\/\/blogs2.uef.fi\/biotalouskoulutus\/wp-content\/uploads\/sites\/71\/2020\/03\/Palvelumuotoilu-13.6.2019-1-300x188.jpg 300w, https:\/\/blogs2.uef.fi\/biotalouskoulutus\/wp-content\/uploads\/sites\/71\/2020\/03\/Palvelumuotoilu-13.6.2019-1-768x483.jpg 768w, https:\/\/blogs2.uef.fi\/biotalouskoulutus\/wp-content\/uploads\/sites\/71\/2020\/03\/Palvelumuotoilu-13.6.2019-1-1536x965.jpg 1536w, https:\/\/blogs2.uef.fi\/biotalouskoulutus\/wp-content\/uploads\/sites\/71\/2020\/03\/Palvelumuotoilu-13.6.2019-1-2048x1287.jpg 2048w\" sizes=\"auto, (max-width: 1024px) 100vw, 1024px\" \/><\/figure>\r\n\r\n\r\n\r\n<p>Toinen yhteiskehitt\u00e4misen ty\u00f6pajap\u00e4iv\u00e4\u00e4n 13.6. osallistuivat Bioerkon opiskelijat sek\u00e4 opetus- ja hankehenkil\u00f6st\u00f6\u00e4 ja Paju Consulting toteutti my\u00f6s t\u00e4m\u00e4n ty\u00f6pajan. Yhteiskehitt\u00e4misen ty\u00f6pajassa validoitiin ensimm\u00e4isen ty\u00f6pajan yritysprofiileja. Yrityksi\u00e4 edustavien opiskelijoiden henkil\u00f6kohtaisia tarpeita kartoitettiin asiakaspersoona-ty\u00f6pohjan avulla.<\/p>\r\n\r\n\r\n\r\n<p>Ty\u00f6pajassa havaittiin, ett\u00e4 ensimm\u00e4isess\u00e4 ty\u00f6pajassa sanotetut yritysprofiilit pitiv\u00e4t my\u00f6s yritysten edustajien silmiin pitk\u00e4lti paikkansa. Opintokokonaisuuden palvelupolkumallinnuksessa havaittiin, ett\u00e4 opintokokonaisuuden voisi jatkossa jakaa mahdollisesti kahdeksi erilliseksi kokonaisuudeksi opiskelijan tai yrityksen tarpeen mukaan: opiskelukeskeinen ja kehitt\u00e4misteht\u00e4v\u00e4keskeinen reitti. Erikoistumiskoulutus on vahvistanut entisest\u00e4\u00e4n It\u00e4-Suomen vaikuttavaa biotalouden osaamista, joka kest\u00e4\u00e4 kansainv\u00e4lisen vertailun. Biotalouden osaamisen ja koulutuksen vienniss\u00e4 on potentiaalia my\u00f6s kansainv\u00e4lisille markkinoille.<\/p>\r\n\r\n\r\n\r\n<figure class=\"wp-block-image size-large\"><img loading=\"lazy\" decoding=\"async\" width=\"671\" height=\"1024\" class=\"wp-image-353\" src=\"https:\/\/www.biotalouskoulutusitasuomi.fi\/wp-content\/uploads\/sites\/71\/2020\/03\/PalvelumuotoiluaBioerko_infolaatikko-671x1024.png\" alt=\"\" srcset=\"https:\/\/blogs2.uef.fi\/biotalouskoulutus\/wp-content\/uploads\/sites\/71\/2020\/03\/PalvelumuotoiluaBioerko_infolaatikko-671x1024.png 671w, https:\/\/blogs2.uef.fi\/biotalouskoulutus\/wp-content\/uploads\/sites\/71\/2020\/03\/PalvelumuotoiluaBioerko_infolaatikko-197x300.png 197w, https:\/\/blogs2.uef.fi\/biotalouskoulutus\/wp-content\/uploads\/sites\/71\/2020\/03\/PalvelumuotoiluaBioerko_infolaatikko-768x1172.png 768w, https:\/\/blogs2.uef.fi\/biotalouskoulutus\/wp-content\/uploads\/sites\/71\/2020\/03\/PalvelumuotoiluaBioerko_infolaatikko.png 781w\" sizes=\"auto, (max-width: 671px) 100vw, 671px\" \/><\/figure>\r\n\r\n\r\n\r\n<p><em>Kirjoittanut Harri Auvinen, tutkimusp\u00e4\u00e4llikk\u00f6, Savonia ammattikorkeakoulu<\/em><\/p>\r\n","protected":false},"excerpt":{"rendered":"<p>Yritysl\u00e4ht\u00f6isyys ja palvelumuotoilu biotalouden erikoistumiskoulutuksen ytimess\u00e4 Ensimm\u00e4inen yhteiskehitt\u00e4misen ty\u00f6pajap\u00e4iv\u00e4 j\u00e4rjestettiin Savonia ammattikorkeakoululla 22.5.2019. Ty\u00f6pajaan osallistuivat Bioerkon hanke- ja opetushenkil\u00f6st\u00f6 kaikilta Bioerko It\u00e4-Suomen kampuksilta.\u00a0Ty\u00f6pajan totetuksesta vastasi\u00a0Paju Consulting. Palvelumuotoiluty\u00f6pajassa her\u00e4teltiin ajatuksia yhten\u00e4isen toimintakulttuurin merkityksest\u00e4. L\u00e4hestyminen palvelumuotoiluun aloitettiin Bioerkon arvojen kautta, tunnistamalla koulutusohjelman vahvuuksia ja sanottamalla yhteisi\u00e4 kehitt\u00e4misen kohteita. Lis\u00e4ksi paneuduttiin yhteisty\u00f6yritysten tarpeisiin ja kontaktointiin kartoittamalla erilaisia yritysprofiileja. [&hellip;]<\/p>\n","protected":false},"author":1,"featured_media":0,"comment_status":"open","ping_status":"open","sticky":false,"template":"","format":"standard","meta":{"_acf_changed":false,"_relevanssi_hide_post":"","_relevanssi_hide_content":"","_relevanssi_pin_for_all":"","_relevanssi_pin_keywords":"","_relevanssi_unpin_keywords":"","_relevanssi_related_keywords":"","_relevanssi_related_include_ids":"","_relevanssi_related_exclude_ids":"","_relevanssi_related_no_append":"","_relevanssi_related_not_related":"","_relevanssi_related_posts":"","_relevanssi_noindex_reason":"","footnotes":""},"categories":[159,1,11],"tags":[57,54,51],"class_list":["post-348","post","type-post","status-publish","format-standard","hentry","category-biotalouden-erikoistumiskoulutus","category-kaikki","category-koulutus","tag-biotalouskoulutus","tag-tyoelamayhteistyo","tag-yrityslahtoisyys"],"acf":[],"yoast_head":"<!-- This site is optimized with the Yoast SEO plugin v27.3 - https:\/\/yoast.com\/product\/yoast-seo-wordpress\/ -->\n<title>Yritysl\u00e4ht\u00f6isyys ja palvelumuotoilu - Biotalouden erikoistumiskoulutus It\u00e4-Suomi<\/title>\n<meta name=\"robots\" content=\"index, follow, max-snippet:-1, max-image-preview:large, max-video-preview:-1\" \/>\n<link rel=\"canonical\" href=\"https:\/\/blogs2.uef.fi\/biotalouskoulutus\/yrityslahtoisyys-ja-palvelumuotoilu\/\" \/>\n<meta property=\"og:locale\" content=\"fi_FI\" \/>\n<meta property=\"og:type\" content=\"article\" \/>\n<meta property=\"og:title\" content=\"Yritysl\u00e4ht\u00f6isyys ja palvelumuotoilu - Biotalouden erikoistumiskoulutus It\u00e4-Suomi\" \/>\n<meta property=\"og:description\" content=\"Yritysl\u00e4ht\u00f6isyys ja palvelumuotoilu biotalouden erikoistumiskoulutuksen ytimess\u00e4 Ensimm\u00e4inen yhteiskehitt\u00e4misen ty\u00f6pajap\u00e4iv\u00e4 j\u00e4rjestettiin Savonia ammattikorkeakoululla 22.5.2019. Ty\u00f6pajaan osallistuivat Bioerkon hanke- ja opetushenkil\u00f6st\u00f6 kaikilta Bioerko It\u00e4-Suomen kampuksilta.\u00a0Ty\u00f6pajan totetuksesta vastasi\u00a0Paju Consulting. Palvelumuotoiluty\u00f6pajassa her\u00e4teltiin ajatuksia yhten\u00e4isen toimintakulttuurin merkityksest\u00e4. L\u00e4hestyminen palvelumuotoiluun aloitettiin Bioerkon arvojen kautta, tunnistamalla koulutusohjelman vahvuuksia ja sanottamalla yhteisi\u00e4 kehitt\u00e4misen kohteita. Lis\u00e4ksi paneuduttiin yhteisty\u00f6yritysten tarpeisiin ja kontaktointiin kartoittamalla erilaisia yritysprofiileja. [&hellip;]\" \/>\n<meta property=\"og:url\" content=\"https:\/\/blogs2.uef.fi\/biotalouskoulutus\/yrityslahtoisyys-ja-palvelumuotoilu\/\" \/>\n<meta property=\"og:site_name\" content=\"Biotalouden erikoistumiskoulutus It\u00e4-Suomi\" \/>\n<meta property=\"article:published_time\" content=\"2019-11-06T09:12:07+00:00\" \/>\n<meta property=\"article:modified_time\" content=\"2022-12-28T12:05:13+00:00\" \/>\n<meta property=\"og:image\" content=\"https:\/\/www.biotalouskoulutusitasuomi.fi\/wp-content\/uploads\/sites\/71\/2020\/03\/Palvelumuotoilu-13.6.2019-1-1024x643.jpg\" \/>\n<meta name=\"author\" content=\"uef-admin\" \/>\n<meta name=\"twitter:card\" content=\"summary_large_image\" \/>\n<meta name=\"twitter:label1\" content=\"Kirjoittanut\" \/>\n\t<meta name=\"twitter:data1\" content=\"uef-admin\" \/>\n\t<meta name=\"twitter:label2\" content=\"Arvioitu lukuaika\" \/>\n\t<meta name=\"twitter:data2\" content=\"1 minuutti\" \/>\n<script type=\"application\/ld+json\" class=\"yoast-schema-graph\">{\"@context\":\"https:\\\/\\\/schema.org\",\"@graph\":[{\"@type\":\"Article\",\"@id\":\"https:\\\/\\\/blogs2.uef.fi\\\/biotalouskoulutus\\\/yrityslahtoisyys-ja-palvelumuotoilu\\\/#article\",\"isPartOf\":{\"@id\":\"https:\\\/\\\/blogs2.uef.fi\\\/biotalouskoulutus\\\/yrityslahtoisyys-ja-palvelumuotoilu\\\/\"},\"author\":{\"name\":\"uef-admin\",\"@id\":\"https:\\\/\\\/www.biotalouskoulutus.fi\\\/#\\\/schema\\\/person\\\/c36c0ef8987442464f305d2a698e5538\"},\"headline\":\"Yritysl\u00e4ht\u00f6isyys ja palvelumuotoilu\",\"datePublished\":\"2019-11-06T09:12:07+00:00\",\"dateModified\":\"2022-12-28T12:05:13+00:00\",\"mainEntityOfPage\":{\"@id\":\"https:\\\/\\\/blogs2.uef.fi\\\/biotalouskoulutus\\\/yrityslahtoisyys-ja-palvelumuotoilu\\\/\"},\"wordCount\":265,\"commentCount\":0,\"image\":{\"@id\":\"https:\\\/\\\/blogs2.uef.fi\\\/biotalouskoulutus\\\/yrityslahtoisyys-ja-palvelumuotoilu\\\/#primaryimage\"},\"thumbnailUrl\":\"https:\\\/\\\/www.biotalouskoulutusitasuomi.fi\\\/wp-content\\\/uploads\\\/sites\\\/71\\\/2020\\\/03\\\/Palvelumuotoilu-13.6.2019-1-1024x643.jpg\",\"keywords\":[\"biotalouskoulutus\",\"ty\u00f6el\u00e4m\u00e4yhteisty\u00f6\",\"Yritysl\u00e4ht\u00f6isyys\"],\"articleSection\":[\"Biotalouden erikoistumiskoulutus\",\"Kaikki blogit\",\"Koulutus 2018-2020\"],\"inLanguage\":\"fi\",\"potentialAction\":[{\"@type\":\"CommentAction\",\"name\":\"Comment\",\"target\":[\"https:\\\/\\\/blogs2.uef.fi\\\/biotalouskoulutus\\\/yrityslahtoisyys-ja-palvelumuotoilu\\\/#respond\"]}]},{\"@type\":\"WebPage\",\"@id\":\"https:\\\/\\\/blogs2.uef.fi\\\/biotalouskoulutus\\\/yrityslahtoisyys-ja-palvelumuotoilu\\\/\",\"url\":\"https:\\\/\\\/blogs2.uef.fi\\\/biotalouskoulutus\\\/yrityslahtoisyys-ja-palvelumuotoilu\\\/\",\"name\":\"Yritysl\u00e4ht\u00f6isyys ja palvelumuotoilu - Biotalouden erikoistumiskoulutus It\u00e4-Suomi\",\"isPartOf\":{\"@id\":\"https:\\\/\\\/www.biotalouskoulutus.fi\\\/#website\"},\"primaryImageOfPage\":{\"@id\":\"https:\\\/\\\/blogs2.uef.fi\\\/biotalouskoulutus\\\/yrityslahtoisyys-ja-palvelumuotoilu\\\/#primaryimage\"},\"image\":{\"@id\":\"https:\\\/\\\/blogs2.uef.fi\\\/biotalouskoulutus\\\/yrityslahtoisyys-ja-palvelumuotoilu\\\/#primaryimage\"},\"thumbnailUrl\":\"https:\\\/\\\/www.biotalouskoulutusitasuomi.fi\\\/wp-content\\\/uploads\\\/sites\\\/71\\\/2020\\\/03\\\/Palvelumuotoilu-13.6.2019-1-1024x643.jpg\",\"datePublished\":\"2019-11-06T09:12:07+00:00\",\"dateModified\":\"2022-12-28T12:05:13+00:00\",\"author\":{\"@id\":\"https:\\\/\\\/www.biotalouskoulutus.fi\\\/#\\\/schema\\\/person\\\/c36c0ef8987442464f305d2a698e5538\"},\"breadcrumb\":{\"@id\":\"https:\\\/\\\/blogs2.uef.fi\\\/biotalouskoulutus\\\/yrityslahtoisyys-ja-palvelumuotoilu\\\/#breadcrumb\"},\"inLanguage\":\"fi\",\"potentialAction\":[{\"@type\":\"ReadAction\",\"target\":[\"https:\\\/\\\/blogs2.uef.fi\\\/biotalouskoulutus\\\/yrityslahtoisyys-ja-palvelumuotoilu\\\/\"]}]},{\"@type\":\"ImageObject\",\"inLanguage\":\"fi\",\"@id\":\"https:\\\/\\\/blogs2.uef.fi\\\/biotalouskoulutus\\\/yrityslahtoisyys-ja-palvelumuotoilu\\\/#primaryimage\",\"url\":\"https:\\\/\\\/www.biotalouskoulutusitasuomi.fi\\\/wp-content\\\/uploads\\\/sites\\\/71\\\/2020\\\/03\\\/Palvelumuotoilu-13.6.2019-1-1024x643.jpg\",\"contentUrl\":\"https:\\\/\\\/www.biotalouskoulutusitasuomi.fi\\\/wp-content\\\/uploads\\\/sites\\\/71\\\/2020\\\/03\\\/Palvelumuotoilu-13.6.2019-1-1024x643.jpg\"},{\"@type\":\"BreadcrumbList\",\"@id\":\"https:\\\/\\\/blogs2.uef.fi\\\/biotalouskoulutus\\\/yrityslahtoisyys-ja-palvelumuotoilu\\\/#breadcrumb\",\"itemListElement\":[{\"@type\":\"ListItem\",\"position\":1,\"name\":\"Home\",\"item\":\"https:\\\/\\\/www.biotalouskoulutus.fi\\\/\"},{\"@type\":\"ListItem\",\"position\":2,\"name\":\"Yritysl\u00e4ht\u00f6isyys ja palvelumuotoilu\"}]},{\"@type\":\"WebSite\",\"@id\":\"https:\\\/\\\/www.biotalouskoulutus.fi\\\/#website\",\"url\":\"https:\\\/\\\/www.biotalouskoulutus.fi\\\/\",\"name\":\"Biotalouden erikoistumiskoulutus It\u00e4-Suomi\",\"description\":\"Biotalouden erikoistumiskoulutus It\u00e4-Suomessa - innovaatioita ja osaamista korkeakoulujen ja yritysen yhteisty\u00f6n\u00e4. Koulutuksen painotukset: mets\u00e4biotalous, biotalouden sivuvirrat, biojalostus ja energiabiotalous.\",\"potentialAction\":[{\"@type\":\"SearchAction\",\"target\":{\"@type\":\"EntryPoint\",\"urlTemplate\":\"https:\\\/\\\/www.biotalouskoulutus.fi\\\/?s={search_term_string}\"},\"query-input\":{\"@type\":\"PropertyValueSpecification\",\"valueRequired\":true,\"valueName\":\"search_term_string\"}}],\"inLanguage\":\"fi\"},{\"@type\":\"Person\",\"@id\":\"https:\\\/\\\/www.biotalouskoulutus.fi\\\/#\\\/schema\\\/person\\\/c36c0ef8987442464f305d2a698e5538\",\"name\":\"uef-admin\",\"image\":{\"@type\":\"ImageObject\",\"inLanguage\":\"fi\",\"@id\":\"https:\\\/\\\/secure.gravatar.com\\\/avatar\\\/6c9f5016c320b72333096361e494f2c004505657367d2847a11e96de0655f758?s=96&d=mm&r=g\",\"url\":\"https:\\\/\\\/secure.gravatar.com\\\/avatar\\\/6c9f5016c320b72333096361e494f2c004505657367d2847a11e96de0655f758?s=96&d=mm&r=g\",\"contentUrl\":\"https:\\\/\\\/secure.gravatar.com\\\/avatar\\\/6c9f5016c320b72333096361e494f2c004505657367d2847a11e96de0655f758?s=96&d=mm&r=g\",\"caption\":\"uef-admin\"},\"url\":\"https:\\\/\\\/blogs2.uef.fi\\\/biotalouskoulutus\\\/author\\\/uef-admin\\\/\"}]}<\/script>\n<!-- \/ Yoast SEO plugin. -->","yoast_head_json":{"title":"Yritysl\u00e4ht\u00f6isyys ja palvelumuotoilu - Biotalouden erikoistumiskoulutus It\u00e4-Suomi","robots":{"index":"index","follow":"follow","max-snippet":"max-snippet:-1","max-image-preview":"max-image-preview:large","max-video-preview":"max-video-preview:-1"},"canonical":"https:\/\/blogs2.uef.fi\/biotalouskoulutus\/yrityslahtoisyys-ja-palvelumuotoilu\/","og_locale":"fi_FI","og_type":"article","og_title":"Yritysl\u00e4ht\u00f6isyys ja palvelumuotoilu - Biotalouden erikoistumiskoulutus It\u00e4-Suomi","og_description":"Yritysl\u00e4ht\u00f6isyys ja palvelumuotoilu biotalouden erikoistumiskoulutuksen ytimess\u00e4 Ensimm\u00e4inen yhteiskehitt\u00e4misen ty\u00f6pajap\u00e4iv\u00e4 j\u00e4rjestettiin Savonia ammattikorkeakoululla 22.5.2019. Ty\u00f6pajaan osallistuivat Bioerkon hanke- ja opetushenkil\u00f6st\u00f6 kaikilta Bioerko It\u00e4-Suomen kampuksilta.\u00a0Ty\u00f6pajan totetuksesta vastasi\u00a0Paju Consulting. Palvelumuotoiluty\u00f6pajassa her\u00e4teltiin ajatuksia yhten\u00e4isen toimintakulttuurin merkityksest\u00e4. L\u00e4hestyminen palvelumuotoiluun aloitettiin Bioerkon arvojen kautta, tunnistamalla koulutusohjelman vahvuuksia ja sanottamalla yhteisi\u00e4 kehitt\u00e4misen kohteita. Lis\u00e4ksi paneuduttiin yhteisty\u00f6yritysten tarpeisiin ja kontaktointiin kartoittamalla erilaisia yritysprofiileja. [&hellip;]","og_url":"https:\/\/blogs2.uef.fi\/biotalouskoulutus\/yrityslahtoisyys-ja-palvelumuotoilu\/","og_site_name":"Biotalouden erikoistumiskoulutus It\u00e4-Suomi","article_published_time":"2019-11-06T09:12:07+00:00","article_modified_time":"2022-12-28T12:05:13+00:00","og_image":[{"url":"https:\/\/www.biotalouskoulutusitasuomi.fi\/wp-content\/uploads\/sites\/71\/2020\/03\/Palvelumuotoilu-13.6.2019-1-1024x643.jpg","type":"","width":"","height":""}],"author":"uef-admin","twitter_card":"summary_large_image","twitter_misc":{"Kirjoittanut":"uef-admin","Arvioitu lukuaika":"1 minuutti"},"schema":{"@context":"https:\/\/schema.org","@graph":[{"@type":"Article","@id":"https:\/\/blogs2.uef.fi\/biotalouskoulutus\/yrityslahtoisyys-ja-palvelumuotoilu\/#article","isPartOf":{"@id":"https:\/\/blogs2.uef.fi\/biotalouskoulutus\/yrityslahtoisyys-ja-palvelumuotoilu\/"},"author":{"name":"uef-admin","@id":"https:\/\/www.biotalouskoulutus.fi\/#\/schema\/person\/c36c0ef8987442464f305d2a698e5538"},"headline":"Yritysl\u00e4ht\u00f6isyys ja palvelumuotoilu","datePublished":"2019-11-06T09:12:07+00:00","dateModified":"2022-12-28T12:05:13+00:00","mainEntityOfPage":{"@id":"https:\/\/blogs2.uef.fi\/biotalouskoulutus\/yrityslahtoisyys-ja-palvelumuotoilu\/"},"wordCount":265,"commentCount":0,"image":{"@id":"https:\/\/blogs2.uef.fi\/biotalouskoulutus\/yrityslahtoisyys-ja-palvelumuotoilu\/#primaryimage"},"thumbnailUrl":"https:\/\/www.biotalouskoulutusitasuomi.fi\/wp-content\/uploads\/sites\/71\/2020\/03\/Palvelumuotoilu-13.6.2019-1-1024x643.jpg","keywords":["biotalouskoulutus","ty\u00f6el\u00e4m\u00e4yhteisty\u00f6","Yritysl\u00e4ht\u00f6isyys"],"articleSection":["Biotalouden erikoistumiskoulutus","Kaikki blogit","Koulutus 2018-2020"],"inLanguage":"fi","potentialAction":[{"@type":"CommentAction","name":"Comment","target":["https:\/\/blogs2.uef.fi\/biotalouskoulutus\/yrityslahtoisyys-ja-palvelumuotoilu\/#respond"]}]},{"@type":"WebPage","@id":"https:\/\/blogs2.uef.fi\/biotalouskoulutus\/yrityslahtoisyys-ja-palvelumuotoilu\/","url":"https:\/\/blogs2.uef.fi\/biotalouskoulutus\/yrityslahtoisyys-ja-palvelumuotoilu\/","name":"Yritysl\u00e4ht\u00f6isyys ja palvelumuotoilu - Biotalouden erikoistumiskoulutus It\u00e4-Suomi","isPartOf":{"@id":"https:\/\/www.biotalouskoulutus.fi\/#website"},"primaryImageOfPage":{"@id":"https:\/\/blogs2.uef.fi\/biotalouskoulutus\/yrityslahtoisyys-ja-palvelumuotoilu\/#primaryimage"},"image":{"@id":"https:\/\/blogs2.uef.fi\/biotalouskoulutus\/yrityslahtoisyys-ja-palvelumuotoilu\/#primaryimage"},"thumbnailUrl":"https:\/\/www.biotalouskoulutusitasuomi.fi\/wp-content\/uploads\/sites\/71\/2020\/03\/Palvelumuotoilu-13.6.2019-1-1024x643.jpg","datePublished":"2019-11-06T09:12:07+00:00","dateModified":"2022-12-28T12:05:13+00:00","author":{"@id":"https:\/\/www.biotalouskoulutus.fi\/#\/schema\/person\/c36c0ef8987442464f305d2a698e5538"},"breadcrumb":{"@id":"https:\/\/blogs2.uef.fi\/biotalouskoulutus\/yrityslahtoisyys-ja-palvelumuotoilu\/#breadcrumb"},"inLanguage":"fi","potentialAction":[{"@type":"ReadAction","target":["https:\/\/blogs2.uef.fi\/biotalouskoulutus\/yrityslahtoisyys-ja-palvelumuotoilu\/"]}]},{"@type":"ImageObject","inLanguage":"fi","@id":"https:\/\/blogs2.uef.fi\/biotalouskoulutus\/yrityslahtoisyys-ja-palvelumuotoilu\/#primaryimage","url":"https:\/\/www.biotalouskoulutusitasuomi.fi\/wp-content\/uploads\/sites\/71\/2020\/03\/Palvelumuotoilu-13.6.2019-1-1024x643.jpg","contentUrl":"https:\/\/www.biotalouskoulutusitasuomi.fi\/wp-content\/uploads\/sites\/71\/2020\/03\/Palvelumuotoilu-13.6.2019-1-1024x643.jpg"},{"@type":"BreadcrumbList","@id":"https:\/\/blogs2.uef.fi\/biotalouskoulutus\/yrityslahtoisyys-ja-palvelumuotoilu\/#breadcrumb","itemListElement":[{"@type":"ListItem","position":1,"name":"Home","item":"https:\/\/www.biotalouskoulutus.fi\/"},{"@type":"ListItem","position":2,"name":"Yritysl\u00e4ht\u00f6isyys ja palvelumuotoilu"}]},{"@type":"WebSite","@id":"https:\/\/www.biotalouskoulutus.fi\/#website","url":"https:\/\/www.biotalouskoulutus.fi\/","name":"Biotalouden erikoistumiskoulutus It\u00e4-Suomi","description":"Biotalouden erikoistumiskoulutus It\u00e4-Suomessa - innovaatioita ja osaamista korkeakoulujen ja yritysen yhteisty\u00f6n\u00e4. Koulutuksen painotukset: mets\u00e4biotalous, biotalouden sivuvirrat, biojalostus ja energiabiotalous.","potentialAction":[{"@type":"SearchAction","target":{"@type":"EntryPoint","urlTemplate":"https:\/\/www.biotalouskoulutus.fi\/?s={search_term_string}"},"query-input":{"@type":"PropertyValueSpecification","valueRequired":true,"valueName":"search_term_string"}}],"inLanguage":"fi"},{"@type":"Person","@id":"https:\/\/www.biotalouskoulutus.fi\/#\/schema\/person\/c36c0ef8987442464f305d2a698e5538","name":"uef-admin","image":{"@type":"ImageObject","inLanguage":"fi","@id":"https:\/\/secure.gravatar.com\/avatar\/6c9f5016c320b72333096361e494f2c004505657367d2847a11e96de0655f758?s=96&d=mm&r=g","url":"https:\/\/secure.gravatar.com\/avatar\/6c9f5016c320b72333096361e494f2c004505657367d2847a11e96de0655f758?s=96&d=mm&r=g","contentUrl":"https:\/\/secure.gravatar.com\/avatar\/6c9f5016c320b72333096361e494f2c004505657367d2847a11e96de0655f758?s=96&d=mm&r=g","caption":"uef-admin"},"url":"https:\/\/blogs2.uef.fi\/biotalouskoulutus\/author\/uef-admin\/"}]}},"_links":{"self":[{"href":"https:\/\/blogs2.uef.fi\/biotalouskoulutus\/wp-json\/wp\/v2\/posts\/348","targetHints":{"allow":["GET"]}}],"collection":[{"href":"https:\/\/blogs2.uef.fi\/biotalouskoulutus\/wp-json\/wp\/v2\/posts"}],"about":[{"href":"https:\/\/blogs2.uef.fi\/biotalouskoulutus\/wp-json\/wp\/v2\/types\/post"}],"author":[{"embeddable":true,"href":"https:\/\/blogs2.uef.fi\/biotalouskoulutus\/wp-json\/wp\/v2\/users\/1"}],"replies":[{"embeddable":true,"href":"https:\/\/blogs2.uef.fi\/biotalouskoulutus\/wp-json\/wp\/v2\/comments?post=348"}],"version-history":[{"count":2,"href":"https:\/\/blogs2.uef.fi\/biotalouskoulutus\/wp-json\/wp\/v2\/posts\/348\/revisions"}],"predecessor-version":[{"id":396,"href":"https:\/\/blogs2.uef.fi\/biotalouskoulutus\/wp-json\/wp\/v2\/posts\/348\/revisions\/396"}],"wp:attachment":[{"href":"https:\/\/blogs2.uef.fi\/biotalouskoulutus\/wp-json\/wp\/v2\/media?parent=348"}],"wp:term":[{"taxonomy":"category","embeddable":true,"href":"https:\/\/blogs2.uef.fi\/biotalouskoulutus\/wp-json\/wp\/v2\/categories?post=348"},{"taxonomy":"post_tag","embeddable":true,"href":"https:\/\/blogs2.uef.fi\/biotalouskoulutus\/wp-json\/wp\/v2\/tags?post=348"}],"curies":[{"name":"wp","href":"https:\/\/api.w.org\/{rel}","templated":true}]}}