{"id":3491,"date":"2022-06-20T13:29:23","date_gmt":"2022-06-20T10:29:23","guid":{"rendered":"https:\/\/www.biotalouskoulutusitasuomi.fi\/?p=3491"},"modified":"2022-12-28T14:05:09","modified_gmt":"2022-12-28T12:05:09","slug":"biotalouden-projekteja-palvelumuotoilua-ja-verkostoitumista","status":"publish","type":"post","link":"https:\/\/blogs2.uef.fi\/biotalouskoulutus\/biotalouden-projekteja-palvelumuotoilua-ja-verkostoitumista\/","title":{"rendered":"Biotalouden projekteja, palvelumuotoilua ja verkostoitumista"},"content":{"rendered":"<p>Biotalouden erikoistumiskoulutuksen l\u00e4hip\u00e4iv\u00e4t pidettiin Kuopiossa 9.-10.6.2022. Viimein saatiin pidetty\u00e4 ensimm\u00e4iset l\u00e4hiopetusp\u00e4iv\u00e4t koronapandemian j\u00e4lkeen. P\u00e4iv\u00e4t olivat s\u00e4\u00e4n tavoin t\u00e4ynn\u00e4 vaihtelua, kun opiskelijoiden omien projektit\u00f6iden, laboratorio- ja yritysvierailuiden sek\u00e4 eri alan luentojen ja palvelumuotoiluty\u00f6pajojen yhdistelm\u00e4ll\u00e4 vietettiin pari p\u00e4iv\u00e4\u00e4 tiiviisti biotalouden alan eri aiheiden parissa.<\/p>\n<p>Torstaiaamuna Savonian tiloihin kokoontuessa ilmassa piillyt pieni j\u00e4nnittyneisyys karisi jo ensimm\u00e4isten tuntien aikana, kun opiskelijat p\u00e4\u00e4siv\u00e4t heti ensi t\u00f6ikseen esittelem\u00e4\u00e4n toisilleen biotalouden projekti -opintojaksoon liittyvien projektiensa suunnitelmia. Saimme kuulla loistavia ideoita mm. proteiinipitoisten toukkien kasvatuksen hiilijalanj\u00e4ljest\u00e4, yritysvastuuraportoinnista sek\u00e4 kaupunkien kehitt\u00e4missuunnitelmista. Suunnitelmien esittelyn j\u00e4lkeen p\u00e4iv\u00e4n ohjelma jatkui vierailuilla Savonian vesilaboratorioon sek\u00e4 UEF:n Kuopion kampuksen laboratorioihin, joissa n\u00e4imme mm. hidas pyrolyysi-laitteiston. Iltap\u00e4iv\u00e4ll\u00e4 siirryimme puolestaan kaupungin toiselle puolelle tutustumaan Iso-Kallan panimo Oy:hyn. Yritys tuottaa vuosittain noin 100 000 litraa olutta ja virvokkeita. Panimokierros her\u00e4tti biotalouden erikoistumiskoulutuksen opiskelijoissa ajatuksia muun muassa prosessissa syntyvien j\u00e4tteiden kierr\u00e4tykseen liittyen. Biohajoavan m\u00e4skin ja humalan jatkohy\u00f6dynt\u00e4minen sek\u00e4 pakkausmateriaalien kierr\u00e4tys kirvoittivat erityisesti kysymyksi\u00e4. Torstai-illan kruunasi opiskelijoiden ja henkil\u00f6kunnan yhteinen illallinen ravintola Vanhassa Satamassa. Savon syd\u00e4mess\u00e4 ollessamme luonnollisesti monen lautaselle p\u00e4\u00e4tyi alueelle tyypillinen l\u00e4hiruoka-annos, paistetut muikut.<\/p>\n<p>Perjantain l\u00e4hip\u00e4iv\u00e4 keskittyi <a href=\"https:\/\/www.biotalouskoulutusitasuomi.fi\/koulutus1\/biotalousosaamista\/biotalouden-liiketoiminnan-palvelumuotoilu\/\">biotalouden liiketoiminnan palvelumuotoiluun<\/a>, jonka teema oli globaalit haasteet: luontokato, energiamurros sek\u00e4 ravitsemus ja ruoantuotanto. Professori Elina Oksanen It\u00e4-Suomen yliopistolta aloitti aamun esityksell\u00e4 luontokadosta ja ilmastomuutoksesta, joiden h\u00e4n totesi olevan globaalisti ajateltuna vakavimmat uhat ihmiskunnalle. T\u00e4m\u00e4n j\u00e4lkeen Karelia-ammattikorkeakoulun energia- ja ymp\u00e4rist\u00f6tekniikan lehtori Anniina Kontiokorpi puhui tulevaisuuden energiatarpeista ja siit\u00e4, millaisia haasteita ja mahdollisia ratkaisuja energian tarpeeseen ja tuotantoon liittyen meill\u00e4 on. Ruoantuotannon pariin meit\u00e4 johdatteli puolestaan professori Marjukka Kolehmainen It\u00e4-Suomen yliopistolta aiheellaan \u201dRuokasysteemin muutoksen merkitys yksil\u00f6n ravitsemukseen \u2013 osa kest\u00e4v\u00e4\u00e4 tulevaisuutta\u201d. Marjukan luennolta opimme, ett\u00e4 ruoantuotannossa ollaan siirtym\u00e4ss\u00e4 sarjatuotannosta ja pitkist\u00e4 kuljetusmatkoista yksil\u00f6llisemp\u00e4\u00e4n ja pienempiskaalaiseen tuotantoon ja tavoitteena on, ett\u00e4 ravitsemuksellisesti hyv\u00e4laatuista ruokaa saataisiin tuotettua kaikille kest\u00e4v\u00e4n kehityksen mukaisesti luonnon monimuotoisuutta ja ekosysteemej\u00e4 kunnioittaen.<\/p>\n<p>Pienen tauon j\u00e4lkeen mets\u00e4ekonomian ja -politiikan professori Jouni Pyk\u00e4l\u00e4inen It\u00e4-Suomen yliopistosta ohjasi opiskelijoita Biotalouden liiketoimintaymp\u00e4rist\u00f6 ja liiketoimintaverkostot -esityksell\u00e4\u00e4n huomioimaan erilaisia tulokulmia palvelumuotoiluun liittyen. Jouni kannusti opiskelijoita pohtimaan palvelumuotoiluharjoituksissaan erityisesti perinteisten menetelmien ulkopuolisia mahdollisuuksia. Esimerkkin\u00e4 h\u00e4n nosti esille, ett\u00e4 arvoketju on tyypillinen tapa tuottaa ruokaa tai vaikkapa ainespuuta, mutta arvoverkoston avulla voitaisiin puolestaan siirty\u00e4 enemm\u00e4nkin esimerkiksi l\u00e4hiruuan tuotannon pariin ja mm. luonnontuotealalla arvoverkostot ovatkin jo tyypillinen tapa toimia.<br \/>\nAsiantuntija alustuksien j\u00e4lkeen siirryimme It\u00e4-Suomen yliopiston Jatkuvan oppimisen keskuksen Sanna Soppelan johdatuksella palvelumuotoiluty\u00f6pajojen pariin. Palvelumuotoilussa ideana on kehitt\u00e4\u00e4 k\u00e4ytt\u00e4j\u00e4- tai ihmisl\u00e4ht\u00f6isesti palveluita tai palveluliiketoimintaa. Empatia ja asiakaskokemukset ovat yksi t\u00e4rkeimmist\u00e4 l\u00e4ht\u00f6kohdista palvelumuotoilussa. Opiskelijat m\u00e4\u00e4ritteliv\u00e4t ensin kolmessa eri ryhm\u00e4ss\u00e4 biotalousaiheisen muotoiluhaasteen itselleen ja l\u00e4htiv\u00e4t jalostamaan ja muotoilemaan t\u00e4st\u00e4 hiljalleen p\u00e4iv\u00e4n edetess\u00e4 varsinaista palvelukonseptia asiakkaalleen. P\u00e4iv\u00e4n p\u00e4\u00e4tteeksi loppuyhteenvetona saimme kuulla erilaisia ratkaisuja maailman ruokahuoltoon, rakentamisen vastuullisuuspalveluihin ja energiahaasteisiin liittyen.<br \/>\nKasvotusten tapaaminen koettiin merkitykselliseksi niin opiskelijoiden kuin opettajien puolesta. T\u00e4st\u00e4 on hyv\u00e4 jatkaa kohti kes\u00e4\u00e4 auringosta nauttien!<\/p>\n<p><em>Kirjoittajat: Sini Rantanen Karelia-amk, Piritta Torssonen It\u00e4-Suomen yliopisto, Laura Tomppo It\u00e4-Suomen yliopisto ja Tanja Pentinsaari Savonia-amk<\/em><\/p>\n","protected":false},"excerpt":{"rendered":"<p>Biotalouden erikoistumiskoulutuksen l\u00e4hip\u00e4iv\u00e4t pidettiin Kuopiossa 9.-10.6.2022. Viimein saatiin pidetty\u00e4 ensimm\u00e4iset l\u00e4hiopetusp\u00e4iv\u00e4t koronapandemian j\u00e4lkeen. P\u00e4iv\u00e4t olivat s\u00e4\u00e4n tavoin t\u00e4ynn\u00e4 vaihtelua, kun opiskelijoiden omien projektit\u00f6iden, laboratorio- ja yritysvierailuiden sek\u00e4 eri alan luentojen ja palvelumuotoiluty\u00f6pajojen yhdistelm\u00e4ll\u00e4 vietettiin pari p\u00e4iv\u00e4\u00e4 tiiviisti biotalouden alan eri aiheiden parissa. Torstaiaamuna Savonian tiloihin kokoontuessa ilmassa piillyt pieni j\u00e4nnittyneisyys karisi jo ensimm\u00e4isten tuntien aikana, [&hellip;]<\/p>\n","protected":false},"author":95,"featured_media":3497,"comment_status":"closed","ping_status":"closed","sticky":false,"template":"","format":"standard","meta":{"_acf_changed":false,"_relevanssi_hide_post":"","_relevanssi_hide_content":"","_relevanssi_pin_for_all":"","_relevanssi_pin_keywords":"","_relevanssi_unpin_keywords":"","_relevanssi_related_keywords":"","_relevanssi_related_include_ids":"","_relevanssi_related_exclude_ids":"","_relevanssi_related_no_append":"","_relevanssi_related_not_related":"","_relevanssi_related_posts":"","_relevanssi_noindex_reason":"","footnotes":""},"categories":[159,1],"tags":[],"class_list":["post-3491","post","type-post","status-publish","format-standard","has-post-thumbnail","hentry","category-biotalouden-erikoistumiskoulutus","category-kaikki"],"acf":[],"yoast_head":"<!-- This site is optimized with the Yoast SEO plugin v27.3 - https:\/\/yoast.com\/product\/yoast-seo-wordpress\/ -->\n<title>Biotalouden projekteja, palvelumuotoilua ja verkostoitumista - Biotalouden erikoistumiskoulutus It\u00e4-Suomi<\/title>\n<meta name=\"robots\" content=\"index, follow, max-snippet:-1, max-image-preview:large, max-video-preview:-1\" \/>\n<link rel=\"canonical\" href=\"https:\/\/blogs2.uef.fi\/biotalouskoulutus\/biotalouden-projekteja-palvelumuotoilua-ja-verkostoitumista\/\" \/>\n<meta property=\"og:locale\" content=\"fi_FI\" \/>\n<meta property=\"og:type\" content=\"article\" \/>\n<meta property=\"og:title\" content=\"Biotalouden projekteja, palvelumuotoilua ja verkostoitumista - Biotalouden erikoistumiskoulutus It\u00e4-Suomi\" \/>\n<meta property=\"og:description\" content=\"Biotalouden erikoistumiskoulutuksen l\u00e4hip\u00e4iv\u00e4t pidettiin Kuopiossa 9.-10.6.2022. Viimein saatiin pidetty\u00e4 ensimm\u00e4iset l\u00e4hiopetusp\u00e4iv\u00e4t koronapandemian j\u00e4lkeen. P\u00e4iv\u00e4t olivat s\u00e4\u00e4n tavoin t\u00e4ynn\u00e4 vaihtelua, kun opiskelijoiden omien projektit\u00f6iden, laboratorio- ja yritysvierailuiden sek\u00e4 eri alan luentojen ja palvelumuotoiluty\u00f6pajojen yhdistelm\u00e4ll\u00e4 vietettiin pari p\u00e4iv\u00e4\u00e4 tiiviisti biotalouden alan eri aiheiden parissa. Torstaiaamuna Savonian tiloihin kokoontuessa ilmassa piillyt pieni j\u00e4nnittyneisyys karisi jo ensimm\u00e4isten tuntien aikana, [&hellip;]\" \/>\n<meta property=\"og:url\" content=\"https:\/\/blogs2.uef.fi\/biotalouskoulutus\/biotalouden-projekteja-palvelumuotoilua-ja-verkostoitumista\/\" \/>\n<meta property=\"og:site_name\" content=\"Biotalouden erikoistumiskoulutus It\u00e4-Suomi\" \/>\n<meta property=\"article:published_time\" content=\"2022-06-20T10:29:23+00:00\" \/>\n<meta property=\"article:modified_time\" content=\"2022-12-28T12:05:09+00:00\" \/>\n<meta property=\"og:image\" content=\"https:\/\/blogs2.uef.fi\/biotalouskoulutus\/wp-content\/uploads\/sites\/71\/2022\/06\/star-flower-4765732_1920.jpg\" \/>\n\t<meta property=\"og:image:width\" content=\"1920\" \/>\n\t<meta property=\"og:image:height\" content=\"1280\" \/>\n\t<meta property=\"og:image:type\" content=\"image\/jpeg\" \/>\n<meta name=\"author\" content=\"pirittat\" \/>\n<meta name=\"twitter:card\" content=\"summary_large_image\" \/>\n<meta name=\"twitter:label1\" content=\"Kirjoittanut\" \/>\n\t<meta name=\"twitter:data1\" content=\"pirittat\" \/>\n\t<meta name=\"twitter:label2\" content=\"Arvioitu lukuaika\" \/>\n\t<meta name=\"twitter:data2\" content=\"3 minuuttia\" \/>\n<script type=\"application\/ld+json\" class=\"yoast-schema-graph\">{\"@context\":\"https:\\\/\\\/schema.org\",\"@graph\":[{\"@type\":\"Article\",\"@id\":\"https:\\\/\\\/blogs2.uef.fi\\\/biotalouskoulutus\\\/biotalouden-projekteja-palvelumuotoilua-ja-verkostoitumista\\\/#article\",\"isPartOf\":{\"@id\":\"https:\\\/\\\/blogs2.uef.fi\\\/biotalouskoulutus\\\/biotalouden-projekteja-palvelumuotoilua-ja-verkostoitumista\\\/\"},\"author\":{\"name\":\"pirittat\",\"@id\":\"https:\\\/\\\/www.biotalouskoulutus.fi\\\/#\\\/schema\\\/person\\\/a91a0d6cfc809a46ad405d2792b06188\"},\"headline\":\"Biotalouden projekteja, palvelumuotoilua ja verkostoitumista\",\"datePublished\":\"2022-06-20T10:29:23+00:00\",\"dateModified\":\"2022-12-28T12:05:09+00:00\",\"mainEntityOfPage\":{\"@id\":\"https:\\\/\\\/blogs2.uef.fi\\\/biotalouskoulutus\\\/biotalouden-projekteja-palvelumuotoilua-ja-verkostoitumista\\\/\"},\"wordCount\":548,\"image\":{\"@id\":\"https:\\\/\\\/blogs2.uef.fi\\\/biotalouskoulutus\\\/biotalouden-projekteja-palvelumuotoilua-ja-verkostoitumista\\\/#primaryimage\"},\"thumbnailUrl\":\"https:\\\/\\\/blogs2.uef.fi\\\/biotalouskoulutus\\\/wp-content\\\/uploads\\\/sites\\\/71\\\/2022\\\/06\\\/star-flower-4765732_1920.jpg\",\"articleSection\":[\"Biotalouden erikoistumiskoulutus\",\"Kaikki blogit\"],\"inLanguage\":\"fi\"},{\"@type\":\"WebPage\",\"@id\":\"https:\\\/\\\/blogs2.uef.fi\\\/biotalouskoulutus\\\/biotalouden-projekteja-palvelumuotoilua-ja-verkostoitumista\\\/\",\"url\":\"https:\\\/\\\/blogs2.uef.fi\\\/biotalouskoulutus\\\/biotalouden-projekteja-palvelumuotoilua-ja-verkostoitumista\\\/\",\"name\":\"Biotalouden projekteja, palvelumuotoilua ja verkostoitumista - Biotalouden erikoistumiskoulutus It\u00e4-Suomi\",\"isPartOf\":{\"@id\":\"https:\\\/\\\/www.biotalouskoulutus.fi\\\/#website\"},\"primaryImageOfPage\":{\"@id\":\"https:\\\/\\\/blogs2.uef.fi\\\/biotalouskoulutus\\\/biotalouden-projekteja-palvelumuotoilua-ja-verkostoitumista\\\/#primaryimage\"},\"image\":{\"@id\":\"https:\\\/\\\/blogs2.uef.fi\\\/biotalouskoulutus\\\/biotalouden-projekteja-palvelumuotoilua-ja-verkostoitumista\\\/#primaryimage\"},\"thumbnailUrl\":\"https:\\\/\\\/blogs2.uef.fi\\\/biotalouskoulutus\\\/wp-content\\\/uploads\\\/sites\\\/71\\\/2022\\\/06\\\/star-flower-4765732_1920.jpg\",\"datePublished\":\"2022-06-20T10:29:23+00:00\",\"dateModified\":\"2022-12-28T12:05:09+00:00\",\"author\":{\"@id\":\"https:\\\/\\\/www.biotalouskoulutus.fi\\\/#\\\/schema\\\/person\\\/a91a0d6cfc809a46ad405d2792b06188\"},\"breadcrumb\":{\"@id\":\"https:\\\/\\\/blogs2.uef.fi\\\/biotalouskoulutus\\\/biotalouden-projekteja-palvelumuotoilua-ja-verkostoitumista\\\/#breadcrumb\"},\"inLanguage\":\"fi\",\"potentialAction\":[{\"@type\":\"ReadAction\",\"target\":[\"https:\\\/\\\/blogs2.uef.fi\\\/biotalouskoulutus\\\/biotalouden-projekteja-palvelumuotoilua-ja-verkostoitumista\\\/\"]}]},{\"@type\":\"ImageObject\",\"inLanguage\":\"fi\",\"@id\":\"https:\\\/\\\/blogs2.uef.fi\\\/biotalouskoulutus\\\/biotalouden-projekteja-palvelumuotoilua-ja-verkostoitumista\\\/#primaryimage\",\"url\":\"https:\\\/\\\/blogs2.uef.fi\\\/biotalouskoulutus\\\/wp-content\\\/uploads\\\/sites\\\/71\\\/2022\\\/06\\\/star-flower-4765732_1920.jpg\",\"contentUrl\":\"https:\\\/\\\/blogs2.uef.fi\\\/biotalouskoulutus\\\/wp-content\\\/uploads\\\/sites\\\/71\\\/2022\\\/06\\\/star-flower-4765732_1920.jpg\",\"width\":1920,\"height\":1280},{\"@type\":\"BreadcrumbList\",\"@id\":\"https:\\\/\\\/blogs2.uef.fi\\\/biotalouskoulutus\\\/biotalouden-projekteja-palvelumuotoilua-ja-verkostoitumista\\\/#breadcrumb\",\"itemListElement\":[{\"@type\":\"ListItem\",\"position\":1,\"name\":\"Home\",\"item\":\"https:\\\/\\\/www.biotalouskoulutus.fi\\\/\"},{\"@type\":\"ListItem\",\"position\":2,\"name\":\"Biotalouden projekteja, palvelumuotoilua ja verkostoitumista\"}]},{\"@type\":\"WebSite\",\"@id\":\"https:\\\/\\\/www.biotalouskoulutus.fi\\\/#website\",\"url\":\"https:\\\/\\\/www.biotalouskoulutus.fi\\\/\",\"name\":\"Biotalouden erikoistumiskoulutus It\u00e4-Suomi\",\"description\":\"Biotalouden erikoistumiskoulutus It\u00e4-Suomessa - innovaatioita ja osaamista korkeakoulujen ja yritysen yhteisty\u00f6n\u00e4. Koulutuksen painotukset: mets\u00e4biotalous, biotalouden sivuvirrat, biojalostus ja energiabiotalous.\",\"potentialAction\":[{\"@type\":\"SearchAction\",\"target\":{\"@type\":\"EntryPoint\",\"urlTemplate\":\"https:\\\/\\\/www.biotalouskoulutus.fi\\\/?s={search_term_string}\"},\"query-input\":{\"@type\":\"PropertyValueSpecification\",\"valueRequired\":true,\"valueName\":\"search_term_string\"}}],\"inLanguage\":\"fi\"},{\"@type\":\"Person\",\"@id\":\"https:\\\/\\\/www.biotalouskoulutus.fi\\\/#\\\/schema\\\/person\\\/a91a0d6cfc809a46ad405d2792b06188\",\"name\":\"pirittat\",\"image\":{\"@type\":\"ImageObject\",\"inLanguage\":\"fi\",\"@id\":\"https:\\\/\\\/secure.gravatar.com\\\/avatar\\\/4a266507e0f5fadda56c47446a78ce82fe72bebf9d96e0b05c738843d5f27aa5?s=96&d=mm&r=g\",\"url\":\"https:\\\/\\\/secure.gravatar.com\\\/avatar\\\/4a266507e0f5fadda56c47446a78ce82fe72bebf9d96e0b05c738843d5f27aa5?s=96&d=mm&r=g\",\"contentUrl\":\"https:\\\/\\\/secure.gravatar.com\\\/avatar\\\/4a266507e0f5fadda56c47446a78ce82fe72bebf9d96e0b05c738843d5f27aa5?s=96&d=mm&r=g\",\"caption\":\"pirittat\"},\"url\":\"https:\\\/\\\/blogs2.uef.fi\\\/biotalouskoulutus\\\/author\\\/pirittat\\\/\"}]}<\/script>\n<!-- \/ Yoast SEO plugin. -->","yoast_head_json":{"title":"Biotalouden projekteja, palvelumuotoilua ja verkostoitumista - Biotalouden erikoistumiskoulutus It\u00e4-Suomi","robots":{"index":"index","follow":"follow","max-snippet":"max-snippet:-1","max-image-preview":"max-image-preview:large","max-video-preview":"max-video-preview:-1"},"canonical":"https:\/\/blogs2.uef.fi\/biotalouskoulutus\/biotalouden-projekteja-palvelumuotoilua-ja-verkostoitumista\/","og_locale":"fi_FI","og_type":"article","og_title":"Biotalouden projekteja, palvelumuotoilua ja verkostoitumista - Biotalouden erikoistumiskoulutus It\u00e4-Suomi","og_description":"Biotalouden erikoistumiskoulutuksen l\u00e4hip\u00e4iv\u00e4t pidettiin Kuopiossa 9.-10.6.2022. Viimein saatiin pidetty\u00e4 ensimm\u00e4iset l\u00e4hiopetusp\u00e4iv\u00e4t koronapandemian j\u00e4lkeen. P\u00e4iv\u00e4t olivat s\u00e4\u00e4n tavoin t\u00e4ynn\u00e4 vaihtelua, kun opiskelijoiden omien projektit\u00f6iden, laboratorio- ja yritysvierailuiden sek\u00e4 eri alan luentojen ja palvelumuotoiluty\u00f6pajojen yhdistelm\u00e4ll\u00e4 vietettiin pari p\u00e4iv\u00e4\u00e4 tiiviisti biotalouden alan eri aiheiden parissa. Torstaiaamuna Savonian tiloihin kokoontuessa ilmassa piillyt pieni j\u00e4nnittyneisyys karisi jo ensimm\u00e4isten tuntien aikana, [&hellip;]","og_url":"https:\/\/blogs2.uef.fi\/biotalouskoulutus\/biotalouden-projekteja-palvelumuotoilua-ja-verkostoitumista\/","og_site_name":"Biotalouden erikoistumiskoulutus It\u00e4-Suomi","article_published_time":"2022-06-20T10:29:23+00:00","article_modified_time":"2022-12-28T12:05:09+00:00","og_image":[{"width":1920,"height":1280,"url":"https:\/\/blogs2.uef.fi\/biotalouskoulutus\/wp-content\/uploads\/sites\/71\/2022\/06\/star-flower-4765732_1920.jpg","type":"image\/jpeg"}],"author":"pirittat","twitter_card":"summary_large_image","twitter_misc":{"Kirjoittanut":"pirittat","Arvioitu lukuaika":"3 minuuttia"},"schema":{"@context":"https:\/\/schema.org","@graph":[{"@type":"Article","@id":"https:\/\/blogs2.uef.fi\/biotalouskoulutus\/biotalouden-projekteja-palvelumuotoilua-ja-verkostoitumista\/#article","isPartOf":{"@id":"https:\/\/blogs2.uef.fi\/biotalouskoulutus\/biotalouden-projekteja-palvelumuotoilua-ja-verkostoitumista\/"},"author":{"name":"pirittat","@id":"https:\/\/www.biotalouskoulutus.fi\/#\/schema\/person\/a91a0d6cfc809a46ad405d2792b06188"},"headline":"Biotalouden projekteja, palvelumuotoilua ja verkostoitumista","datePublished":"2022-06-20T10:29:23+00:00","dateModified":"2022-12-28T12:05:09+00:00","mainEntityOfPage":{"@id":"https:\/\/blogs2.uef.fi\/biotalouskoulutus\/biotalouden-projekteja-palvelumuotoilua-ja-verkostoitumista\/"},"wordCount":548,"image":{"@id":"https:\/\/blogs2.uef.fi\/biotalouskoulutus\/biotalouden-projekteja-palvelumuotoilua-ja-verkostoitumista\/#primaryimage"},"thumbnailUrl":"https:\/\/blogs2.uef.fi\/biotalouskoulutus\/wp-content\/uploads\/sites\/71\/2022\/06\/star-flower-4765732_1920.jpg","articleSection":["Biotalouden erikoistumiskoulutus","Kaikki blogit"],"inLanguage":"fi"},{"@type":"WebPage","@id":"https:\/\/blogs2.uef.fi\/biotalouskoulutus\/biotalouden-projekteja-palvelumuotoilua-ja-verkostoitumista\/","url":"https:\/\/blogs2.uef.fi\/biotalouskoulutus\/biotalouden-projekteja-palvelumuotoilua-ja-verkostoitumista\/","name":"Biotalouden projekteja, palvelumuotoilua ja verkostoitumista - Biotalouden erikoistumiskoulutus It\u00e4-Suomi","isPartOf":{"@id":"https:\/\/www.biotalouskoulutus.fi\/#website"},"primaryImageOfPage":{"@id":"https:\/\/blogs2.uef.fi\/biotalouskoulutus\/biotalouden-projekteja-palvelumuotoilua-ja-verkostoitumista\/#primaryimage"},"image":{"@id":"https:\/\/blogs2.uef.fi\/biotalouskoulutus\/biotalouden-projekteja-palvelumuotoilua-ja-verkostoitumista\/#primaryimage"},"thumbnailUrl":"https:\/\/blogs2.uef.fi\/biotalouskoulutus\/wp-content\/uploads\/sites\/71\/2022\/06\/star-flower-4765732_1920.jpg","datePublished":"2022-06-20T10:29:23+00:00","dateModified":"2022-12-28T12:05:09+00:00","author":{"@id":"https:\/\/www.biotalouskoulutus.fi\/#\/schema\/person\/a91a0d6cfc809a46ad405d2792b06188"},"breadcrumb":{"@id":"https:\/\/blogs2.uef.fi\/biotalouskoulutus\/biotalouden-projekteja-palvelumuotoilua-ja-verkostoitumista\/#breadcrumb"},"inLanguage":"fi","potentialAction":[{"@type":"ReadAction","target":["https:\/\/blogs2.uef.fi\/biotalouskoulutus\/biotalouden-projekteja-palvelumuotoilua-ja-verkostoitumista\/"]}]},{"@type":"ImageObject","inLanguage":"fi","@id":"https:\/\/blogs2.uef.fi\/biotalouskoulutus\/biotalouden-projekteja-palvelumuotoilua-ja-verkostoitumista\/#primaryimage","url":"https:\/\/blogs2.uef.fi\/biotalouskoulutus\/wp-content\/uploads\/sites\/71\/2022\/06\/star-flower-4765732_1920.jpg","contentUrl":"https:\/\/blogs2.uef.fi\/biotalouskoulutus\/wp-content\/uploads\/sites\/71\/2022\/06\/star-flower-4765732_1920.jpg","width":1920,"height":1280},{"@type":"BreadcrumbList","@id":"https:\/\/blogs2.uef.fi\/biotalouskoulutus\/biotalouden-projekteja-palvelumuotoilua-ja-verkostoitumista\/#breadcrumb","itemListElement":[{"@type":"ListItem","position":1,"name":"Home","item":"https:\/\/www.biotalouskoulutus.fi\/"},{"@type":"ListItem","position":2,"name":"Biotalouden projekteja, palvelumuotoilua ja verkostoitumista"}]},{"@type":"WebSite","@id":"https:\/\/www.biotalouskoulutus.fi\/#website","url":"https:\/\/www.biotalouskoulutus.fi\/","name":"Biotalouden erikoistumiskoulutus It\u00e4-Suomi","description":"Biotalouden erikoistumiskoulutus It\u00e4-Suomessa - innovaatioita ja osaamista korkeakoulujen ja yritysen yhteisty\u00f6n\u00e4. Koulutuksen painotukset: mets\u00e4biotalous, biotalouden sivuvirrat, biojalostus ja energiabiotalous.","potentialAction":[{"@type":"SearchAction","target":{"@type":"EntryPoint","urlTemplate":"https:\/\/www.biotalouskoulutus.fi\/?s={search_term_string}"},"query-input":{"@type":"PropertyValueSpecification","valueRequired":true,"valueName":"search_term_string"}}],"inLanguage":"fi"},{"@type":"Person","@id":"https:\/\/www.biotalouskoulutus.fi\/#\/schema\/person\/a91a0d6cfc809a46ad405d2792b06188","name":"pirittat","image":{"@type":"ImageObject","inLanguage":"fi","@id":"https:\/\/secure.gravatar.com\/avatar\/4a266507e0f5fadda56c47446a78ce82fe72bebf9d96e0b05c738843d5f27aa5?s=96&d=mm&r=g","url":"https:\/\/secure.gravatar.com\/avatar\/4a266507e0f5fadda56c47446a78ce82fe72bebf9d96e0b05c738843d5f27aa5?s=96&d=mm&r=g","contentUrl":"https:\/\/secure.gravatar.com\/avatar\/4a266507e0f5fadda56c47446a78ce82fe72bebf9d96e0b05c738843d5f27aa5?s=96&d=mm&r=g","caption":"pirittat"},"url":"https:\/\/blogs2.uef.fi\/biotalouskoulutus\/author\/pirittat\/"}]}},"_links":{"self":[{"href":"https:\/\/blogs2.uef.fi\/biotalouskoulutus\/wp-json\/wp\/v2\/posts\/3491","targetHints":{"allow":["GET"]}}],"collection":[{"href":"https:\/\/blogs2.uef.fi\/biotalouskoulutus\/wp-json\/wp\/v2\/posts"}],"about":[{"href":"https:\/\/blogs2.uef.fi\/biotalouskoulutus\/wp-json\/wp\/v2\/types\/post"}],"author":[{"embeddable":true,"href":"https:\/\/blogs2.uef.fi\/biotalouskoulutus\/wp-json\/wp\/v2\/users\/95"}],"replies":[{"embeddable":true,"href":"https:\/\/blogs2.uef.fi\/biotalouskoulutus\/wp-json\/wp\/v2\/comments?post=3491"}],"version-history":[{"count":1,"href":"https:\/\/blogs2.uef.fi\/biotalouskoulutus\/wp-json\/wp\/v2\/posts\/3491\/revisions"}],"predecessor-version":[{"id":3494,"href":"https:\/\/blogs2.uef.fi\/biotalouskoulutus\/wp-json\/wp\/v2\/posts\/3491\/revisions\/3494"}],"wp:featuredmedia":[{"embeddable":true,"href":"https:\/\/blogs2.uef.fi\/biotalouskoulutus\/wp-json\/wp\/v2\/media\/3497"}],"wp:attachment":[{"href":"https:\/\/blogs2.uef.fi\/biotalouskoulutus\/wp-json\/wp\/v2\/media?parent=3491"}],"wp:term":[{"taxonomy":"category","embeddable":true,"href":"https:\/\/blogs2.uef.fi\/biotalouskoulutus\/wp-json\/wp\/v2\/categories?post=3491"},{"taxonomy":"post_tag","embeddable":true,"href":"https:\/\/blogs2.uef.fi\/biotalouskoulutus\/wp-json\/wp\/v2\/tags?post=3491"}],"curies":[{"name":"wp","href":"https:\/\/api.w.org\/{rel}","templated":true}]}}