{"id":3825,"date":"2022-10-13T13:34:18","date_gmt":"2022-10-13T10:34:18","guid":{"rendered":"https:\/\/www.biotalouskoulutusitasuomi.fi\/?p=3825"},"modified":"2022-12-28T14:05:08","modified_gmt":"2022-12-28T12:05:08","slug":"arvonlisaa-biotalousosaamisella","status":"publish","type":"post","link":"https:\/\/blogs2.uef.fi\/biotalouskoulutus\/arvonlisaa-biotalousosaamisella\/","title":{"rendered":"Arvonlis\u00e4\u00e4 biotalousosaamisella"},"content":{"rendered":"<p><em>Marraskuussa j\u00e4rjestett\u00e4v\u00e4ss\u00e4 \u201dBiotalous muuttuvassa yhteiskunnassa\u201d &#8211; seminaarissa kuullaan kest\u00e4vyydest\u00e4 yhteiskunnallisena ajurina, vastuullisuudesta biotaloudessa sek\u00e4 ilmastoturvallisuudesta. Lis\u00e4ksi kuullaan k\u00e4yt\u00e4nn\u00f6n esimerkkej\u00e4 biotalouden ty\u00f6el\u00e4m\u00e4l\u00e4ht\u00f6isist\u00e4 kehitt\u00e4misprojekteista.<\/em><\/p>\n<p>Biotalous yhteiskunnassamme kytkeytyy moniin elinkeinoel\u00e4m\u00e4n osa-alueisiin. Biotalouden eri sektorit painottuvat alueellisesti, ja esimerkiksi Pohjois-Karjalassa on vahva mets\u00e4biotalouden osaamiskeskittym\u00e4. Vastaavasti Pohjois-Savossa biojalostus on valittu yhdeksi maakunnan k\u00e4rkialoista. Biotalouden avulla yhteiskunta voi vastata mm. ymp\u00e4rist\u00f6-, energia- ja ilmastohaasteisiin, jotka ovat entist\u00e4 ajankohtaisempia.<\/p>\n<p>Siin\u00e4 miss\u00e4 Suomen biotalousstrategia vuonna 2014 t\u00e4ht\u00e4si tuotannon kasvattamiseen, vuonna 2022 p\u00e4ivitetyss\u00e4 biotalousstrategiassa korostetaan korkeampaa arvonlis\u00e4\u00e4. Vastuullisessa biotaloudessa korostuu osaamisen merkitys ja kyky yhdistell\u00e4 monialaista tietoa ja taitoa. Yhteiskunnassa muutokset tapahtuvat entist\u00e4 nopeammin, mik\u00e4 haastaa korkeakouluja sek\u00e4 elinkeinoel\u00e4m\u00e4\u00e4 vastaamaan osaamisen kehitt\u00e4misen tarpeisiin joustavasti. Korkeakoulujen jatkuvan oppimisen ja TKI-toiminnan yhdist\u00e4minen mahdollistaa yhteiskunnallisten haasteiden ratkaisemisen mm. asiantuntijoille suunnatuilla lyhyt koulutuksilla tai hy\u00f6dynt\u00e4en monialaisia verkostoja.<\/p>\n<p>\u201dIt\u00e4-Suomen kansainv\u00e4lisen biotalousosaamisen kehitt\u00e4minen ty\u00f6el\u00e4m\u00e4l\u00e4ht\u00f6isen jatkuvan oppimisen keinoin\u201d -hankkeen tavoitteena on ollut parantaa kasvavalla biotalousalalla jatkuvan oppimisen koulutustarjontaa sek\u00e4 kehitt\u00e4\u00e4 koulutuksen ty\u00f6el\u00e4m\u00e4l\u00e4ht\u00f6isyytt\u00e4 niin pedagogisesti kuin substanssin osalta. Keskeisimpin\u00e4 tavoitteina on ollut:<\/p>\n<ul>\n<li>Biotalouden erikoistumiskoulutuksen ja siit\u00e4 johdannaisten jatkuvan koulutuksen muotojen kehitt\u00e4minen alueen ty\u00f6el\u00e4m\u00e4n tarpeisiin.<\/li>\n<li>Biotalousosaamisverkoston luominen ja kytkeminen olemassa oleviin klustereihin sek\u00e4 biotalouden koulutukseen.<\/li>\n<li>Koulutuksen ja yritysyhteisty\u00f6n kansainv\u00e4lisyyden kasvattaminen biotalouden ja jatkuvan oppimisen koulutusvientikokeiluiden kautta.<\/li>\n<\/ul>\n<p>Biotalouden erikoistumiskoulutukseen on t\u00e4h\u00e4n menness\u00e4 osallistunut yli 50 biotalouden erialojen asiantuntijaa. Lis\u00e4ksi hankkeen j\u00e4rjest\u00e4miin tilaisuuksiin ja lyhytkoulutuksiin on osallistunut n. 500 henkil\u00f6\u00e4, joista 100 on ollut kansainv\u00e4lisi\u00e4. Tilaisuuksia on ollut tarjolla laajasti eri aihepiireist\u00e4 ja niiss\u00e4 on voinut olla mukana osallistumalla virtuaaliaamukahveihin, webinaareihin, verkkokursseihin, koulutusmatkoille tai hackathoneihin.<\/p>\n<p>J\u00e4rjest\u00e4mme biotalouden erikoistumiskoulutuksen ja hankkeen<strong> p\u00e4\u00e4t\u00f6sseminaarin Joensuussa 17.11.2022 klo 9-16.<\/strong> P\u00e4\u00e4t\u00f6sseminaarissa kuulemme asiantuntijapuheenvuoroja sek\u00e4 biotalouden erikoistumiskoulutuksen opiskelijoiden ty\u00f6el\u00e4m\u00e4l\u00e4ht\u00f6isien kehitt\u00e4misprojektien tuloksia.<\/p>\n<p>&nbsp;<\/p>\n<p><strong>Tervetuloa mukaan!<\/strong><\/p>\n<h2><\/h2>\n<h2>\u201dBiotalous muuttuvassa yhteiskunnassa\u201d<\/h2>\n<p><strong>Biotalouden erikoistumiskoulutuksen p\u00e4\u00e4t\u00f6sseminaari<\/strong><\/p>\n<p><strong>17.11.2022 klo 09:00-16:00<\/strong><\/p>\n<p><strong>Joensuun Tiedepuisto, sali Temple of Challenge, L\u00e4nsikatu 15, 80110 Joensuu<\/strong><\/p>\n<p>Tilaisuuden juontaa Keimo Lehtiniemi<\/p>\n<p><strong>OHJELMA<\/strong><\/p>\n<p>klo 09:00 &#8211; 09:15 Seminaarin avaus, Markku Hauta-Kasari, It\u00e4-Suomen yliopisto<br \/>\nklo 09:15 &#8211; 10:00 Kest\u00e4vyys yhteiskunnallisena ajurina, Anniina Kontiokorpi, Karelia-ammattikorkeakoulu<br \/>\nklo 10:00 &#8211; 10:45 Vastuullisuus ja biotalous Bernerill\u00e4, Maria Nymander, Berner Oy<br \/>\nklo 10:45 &#8211; 11:00 Kahvitauko<br \/>\nklo 11:15 &#8211; 12:00 Ilmastoturvallisuus \u2013 ilmastonmuutoksen hillinn\u00e4st\u00e4 ilmastokriisinhallintaan, Jyri Wuorisalo, Savonia-ammattikorkeakoulu<br \/>\nklo 12:00 &#8211; 12:15 Aamup\u00e4iv\u00e4n yhteenveto<br \/>\nklo 12:15 &#8211; 13:15 Lounastauko (omakustanteinen)<br \/>\nklo 13:15 &#8211; 14:15 Opiskelijoiden ty\u00f6el\u00e4m\u00e4l\u00e4ht\u00f6isen projektien esittely<br \/>\nklo 14:15 &#8211; 14:45 Kahvitauko<br \/>\nklo 14:45 &#8211; 15:45 Opiskelijoiden ty\u00f6el\u00e4m\u00e4l\u00e4ht\u00f6isen projektien esittely<br \/>\nklo 15:45 -16:00 Biotalousosaamisen kehitt\u00e4minen \u2013 hankkeen p\u00e4\u00e4t\u00f6s, Jukka Tikkanen, It\u00e4-Suomen yliopisto<br \/>\nklo 16:00 Tilaisuus p\u00e4\u00e4ttyy<\/p>\n<p><em><strong>Ilmoittaudu p\u00e4\u00e4t\u00f6sseminaariin <a href=\"https:\/\/link.webropolsurveys.com\/S\/3F9202A3F00278D5\">t\u00e4st\u00e4<\/a> 14.11.2022 menness\u00e4.<\/strong><\/em><\/p>\n<p><strong>Lis\u00e4tietoja:<\/strong><\/p>\n<p>Piritta Torssonen, It\u00e4-Suomen yliopisto, piritta.torssonen(at)uef.fi<\/p>\n<p>Laura Tomppo, It\u00e4-Suomen yliopisto, laura.tomppo(at)uef.fi<\/p>\n","protected":false},"excerpt":{"rendered":"<p>Marraskuussa j\u00e4rjestett\u00e4v\u00e4ss\u00e4 \u201dBiotalous muuttuvassa yhteiskunnassa\u201d &#8211; seminaarissa kuullaan kest\u00e4vyydest\u00e4 yhteiskunnallisena ajurina, vastuullisuudesta biotaloudessa sek\u00e4 ilmastoturvallisuudesta. Lis\u00e4ksi kuullaan k\u00e4yt\u00e4nn\u00f6n esimerkkej\u00e4 biotalouden ty\u00f6el\u00e4m\u00e4l\u00e4ht\u00f6isist\u00e4 kehitt\u00e4misprojekteista. Biotalous yhteiskunnassamme kytkeytyy moniin elinkeinoel\u00e4m\u00e4n osa-alueisiin. Biotalouden eri sektorit painottuvat alueellisesti, ja esimerkiksi Pohjois-Karjalassa on vahva mets\u00e4biotalouden osaamiskeskittym\u00e4. Vastaavasti Pohjois-Savossa biojalostus on valittu yhdeksi maakunnan k\u00e4rkialoista. Biotalouden avulla yhteiskunta voi vastata mm. ymp\u00e4rist\u00f6-, [&hellip;]<\/p>\n","protected":false},"author":95,"featured_media":3856,"comment_status":"closed","ping_status":"closed","sticky":false,"template":"","format":"standard","meta":{"_acf_changed":false,"_relevanssi_hide_post":"","_relevanssi_hide_content":"","_relevanssi_pin_for_all":"","_relevanssi_pin_keywords":"","_relevanssi_unpin_keywords":"","_relevanssi_related_keywords":"","_relevanssi_related_include_ids":"","_relevanssi_related_exclude_ids":"","_relevanssi_related_no_append":"","_relevanssi_related_not_related":"","_relevanssi_related_posts":"","_relevanssi_noindex_reason":"","footnotes":""},"categories":[159,1],"tags":[],"class_list":["post-3825","post","type-post","status-publish","format-standard","has-post-thumbnail","hentry","category-biotalouden-erikoistumiskoulutus","category-kaikki"],"acf":[],"yoast_head":"<!-- This site is optimized with the Yoast SEO plugin v27.3 - https:\/\/yoast.com\/product\/yoast-seo-wordpress\/ -->\n<title>Arvonlis\u00e4\u00e4 biotalousosaamisella - Biotalouden erikoistumiskoulutus It\u00e4-Suomi<\/title>\n<meta name=\"robots\" content=\"index, follow, max-snippet:-1, max-image-preview:large, max-video-preview:-1\" \/>\n<link rel=\"canonical\" href=\"https:\/\/blogs2.uef.fi\/biotalouskoulutus\/arvonlisaa-biotalousosaamisella\/\" \/>\n<meta property=\"og:locale\" content=\"fi_FI\" \/>\n<meta property=\"og:type\" content=\"article\" \/>\n<meta property=\"og:title\" content=\"Arvonlis\u00e4\u00e4 biotalousosaamisella - Biotalouden erikoistumiskoulutus It\u00e4-Suomi\" \/>\n<meta property=\"og:description\" content=\"Marraskuussa j\u00e4rjestett\u00e4v\u00e4ss\u00e4 \u201dBiotalous muuttuvassa yhteiskunnassa\u201d &#8211; seminaarissa kuullaan kest\u00e4vyydest\u00e4 yhteiskunnallisena ajurina, vastuullisuudesta biotaloudessa sek\u00e4 ilmastoturvallisuudesta. Lis\u00e4ksi kuullaan k\u00e4yt\u00e4nn\u00f6n esimerkkej\u00e4 biotalouden ty\u00f6el\u00e4m\u00e4l\u00e4ht\u00f6isist\u00e4 kehitt\u00e4misprojekteista. Biotalous yhteiskunnassamme kytkeytyy moniin elinkeinoel\u00e4m\u00e4n osa-alueisiin. Biotalouden eri sektorit painottuvat alueellisesti, ja esimerkiksi Pohjois-Karjalassa on vahva mets\u00e4biotalouden osaamiskeskittym\u00e4. Vastaavasti Pohjois-Savossa biojalostus on valittu yhdeksi maakunnan k\u00e4rkialoista. Biotalouden avulla yhteiskunta voi vastata mm. ymp\u00e4rist\u00f6-, [&hellip;]\" \/>\n<meta property=\"og:url\" content=\"https:\/\/blogs2.uef.fi\/biotalouskoulutus\/arvonlisaa-biotalousosaamisella\/\" \/>\n<meta property=\"og:site_name\" content=\"Biotalouden erikoistumiskoulutus It\u00e4-Suomi\" \/>\n<meta property=\"article:published_time\" content=\"2022-10-13T10:34:18+00:00\" \/>\n<meta property=\"article:modified_time\" content=\"2022-12-28T12:05:08+00:00\" \/>\n<meta property=\"og:image\" content=\"https:\/\/blogs2.uef.fi\/biotalouskoulutus\/wp-content\/uploads\/sites\/71\/2022\/10\/saad-chaudhry-hGucewUxQ3Q-unsplash-scaled.jpg\" \/>\n\t<meta property=\"og:image:width\" content=\"2560\" \/>\n\t<meta property=\"og:image:height\" content=\"1707\" \/>\n\t<meta property=\"og:image:type\" content=\"image\/jpeg\" \/>\n<meta name=\"author\" content=\"pirittat\" \/>\n<meta name=\"twitter:card\" content=\"summary_large_image\" \/>\n<meta name=\"twitter:label1\" content=\"Kirjoittanut\" \/>\n\t<meta name=\"twitter:data1\" content=\"pirittat\" \/>\n\t<meta name=\"twitter:label2\" content=\"Arvioitu lukuaika\" \/>\n\t<meta name=\"twitter:data2\" content=\"2 minuuttia\" \/>\n<script type=\"application\/ld+json\" class=\"yoast-schema-graph\">{\"@context\":\"https:\\\/\\\/schema.org\",\"@graph\":[{\"@type\":\"Article\",\"@id\":\"https:\\\/\\\/blogs2.uef.fi\\\/biotalouskoulutus\\\/arvonlisaa-biotalousosaamisella\\\/#article\",\"isPartOf\":{\"@id\":\"https:\\\/\\\/blogs2.uef.fi\\\/biotalouskoulutus\\\/arvonlisaa-biotalousosaamisella\\\/\"},\"author\":{\"name\":\"pirittat\",\"@id\":\"https:\\\/\\\/www.biotalouskoulutus.fi\\\/#\\\/schema\\\/person\\\/a91a0d6cfc809a46ad405d2792b06188\"},\"headline\":\"Arvonlis\u00e4\u00e4 biotalousosaamisella\",\"datePublished\":\"2022-10-13T10:34:18+00:00\",\"dateModified\":\"2022-12-28T12:05:08+00:00\",\"mainEntityOfPage\":{\"@id\":\"https:\\\/\\\/blogs2.uef.fi\\\/biotalouskoulutus\\\/arvonlisaa-biotalousosaamisella\\\/\"},\"wordCount\":466,\"image\":{\"@id\":\"https:\\\/\\\/blogs2.uef.fi\\\/biotalouskoulutus\\\/arvonlisaa-biotalousosaamisella\\\/#primaryimage\"},\"thumbnailUrl\":\"https:\\\/\\\/blogs2.uef.fi\\\/biotalouskoulutus\\\/wp-content\\\/uploads\\\/sites\\\/71\\\/2022\\\/10\\\/saad-chaudhry-hGucewUxQ3Q-unsplash-scaled.jpg\",\"articleSection\":[\"Biotalouden erikoistumiskoulutus\",\"Kaikki blogit\"],\"inLanguage\":\"fi\"},{\"@type\":\"WebPage\",\"@id\":\"https:\\\/\\\/blogs2.uef.fi\\\/biotalouskoulutus\\\/arvonlisaa-biotalousosaamisella\\\/\",\"url\":\"https:\\\/\\\/blogs2.uef.fi\\\/biotalouskoulutus\\\/arvonlisaa-biotalousosaamisella\\\/\",\"name\":\"Arvonlis\u00e4\u00e4 biotalousosaamisella - Biotalouden erikoistumiskoulutus It\u00e4-Suomi\",\"isPartOf\":{\"@id\":\"https:\\\/\\\/www.biotalouskoulutus.fi\\\/#website\"},\"primaryImageOfPage\":{\"@id\":\"https:\\\/\\\/blogs2.uef.fi\\\/biotalouskoulutus\\\/arvonlisaa-biotalousosaamisella\\\/#primaryimage\"},\"image\":{\"@id\":\"https:\\\/\\\/blogs2.uef.fi\\\/biotalouskoulutus\\\/arvonlisaa-biotalousosaamisella\\\/#primaryimage\"},\"thumbnailUrl\":\"https:\\\/\\\/blogs2.uef.fi\\\/biotalouskoulutus\\\/wp-content\\\/uploads\\\/sites\\\/71\\\/2022\\\/10\\\/saad-chaudhry-hGucewUxQ3Q-unsplash-scaled.jpg\",\"datePublished\":\"2022-10-13T10:34:18+00:00\",\"dateModified\":\"2022-12-28T12:05:08+00:00\",\"author\":{\"@id\":\"https:\\\/\\\/www.biotalouskoulutus.fi\\\/#\\\/schema\\\/person\\\/a91a0d6cfc809a46ad405d2792b06188\"},\"breadcrumb\":{\"@id\":\"https:\\\/\\\/blogs2.uef.fi\\\/biotalouskoulutus\\\/arvonlisaa-biotalousosaamisella\\\/#breadcrumb\"},\"inLanguage\":\"fi\",\"potentialAction\":[{\"@type\":\"ReadAction\",\"target\":[\"https:\\\/\\\/blogs2.uef.fi\\\/biotalouskoulutus\\\/arvonlisaa-biotalousosaamisella\\\/\"]}]},{\"@type\":\"ImageObject\",\"inLanguage\":\"fi\",\"@id\":\"https:\\\/\\\/blogs2.uef.fi\\\/biotalouskoulutus\\\/arvonlisaa-biotalousosaamisella\\\/#primaryimage\",\"url\":\"https:\\\/\\\/blogs2.uef.fi\\\/biotalouskoulutus\\\/wp-content\\\/uploads\\\/sites\\\/71\\\/2022\\\/10\\\/saad-chaudhry-hGucewUxQ3Q-unsplash-scaled.jpg\",\"contentUrl\":\"https:\\\/\\\/blogs2.uef.fi\\\/biotalouskoulutus\\\/wp-content\\\/uploads\\\/sites\\\/71\\\/2022\\\/10\\\/saad-chaudhry-hGucewUxQ3Q-unsplash-scaled.jpg\",\"width\":2560,\"height\":1707,\"caption\":\"kuvituskuva\"},{\"@type\":\"BreadcrumbList\",\"@id\":\"https:\\\/\\\/blogs2.uef.fi\\\/biotalouskoulutus\\\/arvonlisaa-biotalousosaamisella\\\/#breadcrumb\",\"itemListElement\":[{\"@type\":\"ListItem\",\"position\":1,\"name\":\"Home\",\"item\":\"https:\\\/\\\/www.biotalouskoulutus.fi\\\/\"},{\"@type\":\"ListItem\",\"position\":2,\"name\":\"Arvonlis\u00e4\u00e4 biotalousosaamisella\"}]},{\"@type\":\"WebSite\",\"@id\":\"https:\\\/\\\/www.biotalouskoulutus.fi\\\/#website\",\"url\":\"https:\\\/\\\/www.biotalouskoulutus.fi\\\/\",\"name\":\"Biotalouden erikoistumiskoulutus It\u00e4-Suomi\",\"description\":\"Biotalouden erikoistumiskoulutus It\u00e4-Suomessa - innovaatioita ja osaamista korkeakoulujen ja yritysen yhteisty\u00f6n\u00e4. Koulutuksen painotukset: mets\u00e4biotalous, biotalouden sivuvirrat, biojalostus ja energiabiotalous.\",\"potentialAction\":[{\"@type\":\"SearchAction\",\"target\":{\"@type\":\"EntryPoint\",\"urlTemplate\":\"https:\\\/\\\/www.biotalouskoulutus.fi\\\/?s={search_term_string}\"},\"query-input\":{\"@type\":\"PropertyValueSpecification\",\"valueRequired\":true,\"valueName\":\"search_term_string\"}}],\"inLanguage\":\"fi\"},{\"@type\":\"Person\",\"@id\":\"https:\\\/\\\/www.biotalouskoulutus.fi\\\/#\\\/schema\\\/person\\\/a91a0d6cfc809a46ad405d2792b06188\",\"name\":\"pirittat\",\"image\":{\"@type\":\"ImageObject\",\"inLanguage\":\"fi\",\"@id\":\"https:\\\/\\\/secure.gravatar.com\\\/avatar\\\/4a266507e0f5fadda56c47446a78ce82fe72bebf9d96e0b05c738843d5f27aa5?s=96&d=mm&r=g\",\"url\":\"https:\\\/\\\/secure.gravatar.com\\\/avatar\\\/4a266507e0f5fadda56c47446a78ce82fe72bebf9d96e0b05c738843d5f27aa5?s=96&d=mm&r=g\",\"contentUrl\":\"https:\\\/\\\/secure.gravatar.com\\\/avatar\\\/4a266507e0f5fadda56c47446a78ce82fe72bebf9d96e0b05c738843d5f27aa5?s=96&d=mm&r=g\",\"caption\":\"pirittat\"},\"url\":\"https:\\\/\\\/blogs2.uef.fi\\\/biotalouskoulutus\\\/author\\\/pirittat\\\/\"}]}<\/script>\n<!-- \/ Yoast SEO plugin. -->","yoast_head_json":{"title":"Arvonlis\u00e4\u00e4 biotalousosaamisella - Biotalouden erikoistumiskoulutus It\u00e4-Suomi","robots":{"index":"index","follow":"follow","max-snippet":"max-snippet:-1","max-image-preview":"max-image-preview:large","max-video-preview":"max-video-preview:-1"},"canonical":"https:\/\/blogs2.uef.fi\/biotalouskoulutus\/arvonlisaa-biotalousosaamisella\/","og_locale":"fi_FI","og_type":"article","og_title":"Arvonlis\u00e4\u00e4 biotalousosaamisella - Biotalouden erikoistumiskoulutus It\u00e4-Suomi","og_description":"Marraskuussa j\u00e4rjestett\u00e4v\u00e4ss\u00e4 \u201dBiotalous muuttuvassa yhteiskunnassa\u201d &#8211; seminaarissa kuullaan kest\u00e4vyydest\u00e4 yhteiskunnallisena ajurina, vastuullisuudesta biotaloudessa sek\u00e4 ilmastoturvallisuudesta. Lis\u00e4ksi kuullaan k\u00e4yt\u00e4nn\u00f6n esimerkkej\u00e4 biotalouden ty\u00f6el\u00e4m\u00e4l\u00e4ht\u00f6isist\u00e4 kehitt\u00e4misprojekteista. Biotalous yhteiskunnassamme kytkeytyy moniin elinkeinoel\u00e4m\u00e4n osa-alueisiin. Biotalouden eri sektorit painottuvat alueellisesti, ja esimerkiksi Pohjois-Karjalassa on vahva mets\u00e4biotalouden osaamiskeskittym\u00e4. Vastaavasti Pohjois-Savossa biojalostus on valittu yhdeksi maakunnan k\u00e4rkialoista. Biotalouden avulla yhteiskunta voi vastata mm. ymp\u00e4rist\u00f6-, [&hellip;]","og_url":"https:\/\/blogs2.uef.fi\/biotalouskoulutus\/arvonlisaa-biotalousosaamisella\/","og_site_name":"Biotalouden erikoistumiskoulutus It\u00e4-Suomi","article_published_time":"2022-10-13T10:34:18+00:00","article_modified_time":"2022-12-28T12:05:08+00:00","og_image":[{"width":2560,"height":1707,"url":"https:\/\/blogs2.uef.fi\/biotalouskoulutus\/wp-content\/uploads\/sites\/71\/2022\/10\/saad-chaudhry-hGucewUxQ3Q-unsplash-scaled.jpg","type":"image\/jpeg"}],"author":"pirittat","twitter_card":"summary_large_image","twitter_misc":{"Kirjoittanut":"pirittat","Arvioitu lukuaika":"2 minuuttia"},"schema":{"@context":"https:\/\/schema.org","@graph":[{"@type":"Article","@id":"https:\/\/blogs2.uef.fi\/biotalouskoulutus\/arvonlisaa-biotalousosaamisella\/#article","isPartOf":{"@id":"https:\/\/blogs2.uef.fi\/biotalouskoulutus\/arvonlisaa-biotalousosaamisella\/"},"author":{"name":"pirittat","@id":"https:\/\/www.biotalouskoulutus.fi\/#\/schema\/person\/a91a0d6cfc809a46ad405d2792b06188"},"headline":"Arvonlis\u00e4\u00e4 biotalousosaamisella","datePublished":"2022-10-13T10:34:18+00:00","dateModified":"2022-12-28T12:05:08+00:00","mainEntityOfPage":{"@id":"https:\/\/blogs2.uef.fi\/biotalouskoulutus\/arvonlisaa-biotalousosaamisella\/"},"wordCount":466,"image":{"@id":"https:\/\/blogs2.uef.fi\/biotalouskoulutus\/arvonlisaa-biotalousosaamisella\/#primaryimage"},"thumbnailUrl":"https:\/\/blogs2.uef.fi\/biotalouskoulutus\/wp-content\/uploads\/sites\/71\/2022\/10\/saad-chaudhry-hGucewUxQ3Q-unsplash-scaled.jpg","articleSection":["Biotalouden erikoistumiskoulutus","Kaikki blogit"],"inLanguage":"fi"},{"@type":"WebPage","@id":"https:\/\/blogs2.uef.fi\/biotalouskoulutus\/arvonlisaa-biotalousosaamisella\/","url":"https:\/\/blogs2.uef.fi\/biotalouskoulutus\/arvonlisaa-biotalousosaamisella\/","name":"Arvonlis\u00e4\u00e4 biotalousosaamisella - Biotalouden erikoistumiskoulutus It\u00e4-Suomi","isPartOf":{"@id":"https:\/\/www.biotalouskoulutus.fi\/#website"},"primaryImageOfPage":{"@id":"https:\/\/blogs2.uef.fi\/biotalouskoulutus\/arvonlisaa-biotalousosaamisella\/#primaryimage"},"image":{"@id":"https:\/\/blogs2.uef.fi\/biotalouskoulutus\/arvonlisaa-biotalousosaamisella\/#primaryimage"},"thumbnailUrl":"https:\/\/blogs2.uef.fi\/biotalouskoulutus\/wp-content\/uploads\/sites\/71\/2022\/10\/saad-chaudhry-hGucewUxQ3Q-unsplash-scaled.jpg","datePublished":"2022-10-13T10:34:18+00:00","dateModified":"2022-12-28T12:05:08+00:00","author":{"@id":"https:\/\/www.biotalouskoulutus.fi\/#\/schema\/person\/a91a0d6cfc809a46ad405d2792b06188"},"breadcrumb":{"@id":"https:\/\/blogs2.uef.fi\/biotalouskoulutus\/arvonlisaa-biotalousosaamisella\/#breadcrumb"},"inLanguage":"fi","potentialAction":[{"@type":"ReadAction","target":["https:\/\/blogs2.uef.fi\/biotalouskoulutus\/arvonlisaa-biotalousosaamisella\/"]}]},{"@type":"ImageObject","inLanguage":"fi","@id":"https:\/\/blogs2.uef.fi\/biotalouskoulutus\/arvonlisaa-biotalousosaamisella\/#primaryimage","url":"https:\/\/blogs2.uef.fi\/biotalouskoulutus\/wp-content\/uploads\/sites\/71\/2022\/10\/saad-chaudhry-hGucewUxQ3Q-unsplash-scaled.jpg","contentUrl":"https:\/\/blogs2.uef.fi\/biotalouskoulutus\/wp-content\/uploads\/sites\/71\/2022\/10\/saad-chaudhry-hGucewUxQ3Q-unsplash-scaled.jpg","width":2560,"height":1707,"caption":"kuvituskuva"},{"@type":"BreadcrumbList","@id":"https:\/\/blogs2.uef.fi\/biotalouskoulutus\/arvonlisaa-biotalousosaamisella\/#breadcrumb","itemListElement":[{"@type":"ListItem","position":1,"name":"Home","item":"https:\/\/www.biotalouskoulutus.fi\/"},{"@type":"ListItem","position":2,"name":"Arvonlis\u00e4\u00e4 biotalousosaamisella"}]},{"@type":"WebSite","@id":"https:\/\/www.biotalouskoulutus.fi\/#website","url":"https:\/\/www.biotalouskoulutus.fi\/","name":"Biotalouden erikoistumiskoulutus It\u00e4-Suomi","description":"Biotalouden erikoistumiskoulutus It\u00e4-Suomessa - innovaatioita ja osaamista korkeakoulujen ja yritysen yhteisty\u00f6n\u00e4. Koulutuksen painotukset: mets\u00e4biotalous, biotalouden sivuvirrat, biojalostus ja energiabiotalous.","potentialAction":[{"@type":"SearchAction","target":{"@type":"EntryPoint","urlTemplate":"https:\/\/www.biotalouskoulutus.fi\/?s={search_term_string}"},"query-input":{"@type":"PropertyValueSpecification","valueRequired":true,"valueName":"search_term_string"}}],"inLanguage":"fi"},{"@type":"Person","@id":"https:\/\/www.biotalouskoulutus.fi\/#\/schema\/person\/a91a0d6cfc809a46ad405d2792b06188","name":"pirittat","image":{"@type":"ImageObject","inLanguage":"fi","@id":"https:\/\/secure.gravatar.com\/avatar\/4a266507e0f5fadda56c47446a78ce82fe72bebf9d96e0b05c738843d5f27aa5?s=96&d=mm&r=g","url":"https:\/\/secure.gravatar.com\/avatar\/4a266507e0f5fadda56c47446a78ce82fe72bebf9d96e0b05c738843d5f27aa5?s=96&d=mm&r=g","contentUrl":"https:\/\/secure.gravatar.com\/avatar\/4a266507e0f5fadda56c47446a78ce82fe72bebf9d96e0b05c738843d5f27aa5?s=96&d=mm&r=g","caption":"pirittat"},"url":"https:\/\/blogs2.uef.fi\/biotalouskoulutus\/author\/pirittat\/"}]}},"_links":{"self":[{"href":"https:\/\/blogs2.uef.fi\/biotalouskoulutus\/wp-json\/wp\/v2\/posts\/3825","targetHints":{"allow":["GET"]}}],"collection":[{"href":"https:\/\/blogs2.uef.fi\/biotalouskoulutus\/wp-json\/wp\/v2\/posts"}],"about":[{"href":"https:\/\/blogs2.uef.fi\/biotalouskoulutus\/wp-json\/wp\/v2\/types\/post"}],"author":[{"embeddable":true,"href":"https:\/\/blogs2.uef.fi\/biotalouskoulutus\/wp-json\/wp\/v2\/users\/95"}],"replies":[{"embeddable":true,"href":"https:\/\/blogs2.uef.fi\/biotalouskoulutus\/wp-json\/wp\/v2\/comments?post=3825"}],"version-history":[{"count":3,"href":"https:\/\/blogs2.uef.fi\/biotalouskoulutus\/wp-json\/wp\/v2\/posts\/3825\/revisions"}],"predecessor-version":[{"id":3840,"href":"https:\/\/blogs2.uef.fi\/biotalouskoulutus\/wp-json\/wp\/v2\/posts\/3825\/revisions\/3840"}],"wp:featuredmedia":[{"embeddable":true,"href":"https:\/\/blogs2.uef.fi\/biotalouskoulutus\/wp-json\/wp\/v2\/media\/3856"}],"wp:attachment":[{"href":"https:\/\/blogs2.uef.fi\/biotalouskoulutus\/wp-json\/wp\/v2\/media?parent=3825"}],"wp:term":[{"taxonomy":"category","embeddable":true,"href":"https:\/\/blogs2.uef.fi\/biotalouskoulutus\/wp-json\/wp\/v2\/categories?post=3825"},{"taxonomy":"post_tag","embeddable":true,"href":"https:\/\/blogs2.uef.fi\/biotalouskoulutus\/wp-json\/wp\/v2\/tags?post=3825"}],"curies":[{"name":"wp","href":"https:\/\/api.w.org\/{rel}","templated":true}]}}