{"id":128,"date":"2018-09-17T09:16:02","date_gmt":"2018-09-17T06:16:02","guid":{"rendered":"https:\/\/ita-suomenbiopankki.fi\/?p=128"},"modified":"2018-12-10T09:18:17","modified_gmt":"2018-12-10T07:18:17","slug":"tutkijoiden-yo-kuopiossa","status":"publish","type":"post","link":"https:\/\/blogs2.uef.fi\/itasuomenbiopankki-vanha\/uncategorized-fi\/tutkijoiden-yo-kuopiossa\/","title":{"rendered":"Tutkijoiden y\u00f6 Kuopiossa"},"content":{"rendered":"<p>Tutkijoiden y\u00f6 Kuopiossa 28.9.2018. Tiede-el\u00e4myksi\u00e4 Kauppakeskus Matkuksessa kello 16-20.<\/p>\n<p>It\u00e4-Suomen Biopankki on mukana paikalla. Mit\u00e4 n\u00e4ytteille ja tiedoille tapahtuu biopankissa? Tule tutustumaan ja tutkimaan!<\/p>\n<p><a href=\"https:\/\/www.uef.fi\/fi\/web\/tiedetapahtuma\/kuopio-2018\">Lis\u00e4tietoa ja ohjelma.<\/a><\/p>\n","protected":false},"excerpt":{"rendered":"<p>Tutkijoiden y\u00f6 Kuopiossa 28.9.2018. Tiede-el\u00e4myksi\u00e4 Kauppakeskus Matkuksessa kello 16-20. It\u00e4-Suomen Biopankki on mukana paikalla. Mit\u00e4 n\u00e4ytteille ja tiedoille tapahtuu biopankissa?&#8230;<\/p>\n","protected":false},"author":1,"featured_media":0,"comment_status":"closed","ping_status":"closed","sticky":false,"template":"","format":"standard","meta":{"_acf_changed":false,"footnotes":""},"categories":[1],"tags":[],"class_list":["post-128","post","type-post","status-publish","format-standard","hentry","category-uncategorized-fi"],"acf":[],"yoast_head":"<!-- This site is optimized with the Yoast SEO plugin v27.3 - https:\/\/yoast.com\/product\/yoast-seo-wordpress\/ -->\n<title>Tutkijoiden y\u00f6 Kuopiossa - It\u00e4-Suomen biopankki<\/title>\n<meta name=\"robots\" content=\"index, follow, max-snippet:-1, max-image-preview:large, max-video-preview:-1\" \/>\n<link rel=\"canonical\" href=\"https:\/\/blogs2.uef.fi\/itasuomenbiopankki-vanha\/uncategorized-fi\/tutkijoiden-yo-kuopiossa\/\" \/>\n<meta property=\"og:locale\" content=\"fi_FI\" \/>\n<meta property=\"og:type\" content=\"article\" \/>\n<meta property=\"og:title\" content=\"Tutkijoiden y\u00f6 Kuopiossa - It\u00e4-Suomen biopankki\" \/>\n<meta property=\"og:description\" content=\"Tutkijoiden y\u00f6 Kuopiossa 28.9.2018. Tiede-el\u00e4myksi\u00e4 Kauppakeskus Matkuksessa kello 16-20. It\u00e4-Suomen Biopankki on mukana paikalla. Mit\u00e4 n\u00e4ytteille ja tiedoille tapahtuu biopankissa?...\" \/>\n<meta property=\"og:url\" content=\"https:\/\/blogs2.uef.fi\/itasuomenbiopankki-vanha\/uncategorized-fi\/tutkijoiden-yo-kuopiossa\/\" \/>\n<meta property=\"og:site_name\" content=\"It\u00e4-Suomen biopankki\" \/>\n<meta property=\"article:published_time\" content=\"2018-09-17T06:16:02+00:00\" \/>\n<meta property=\"article:modified_time\" content=\"2018-12-10T07:18:17+00:00\" \/>\n<meta name=\"author\" content=\"uef-admin\" \/>\n<meta name=\"twitter:card\" content=\"summary_large_image\" \/>\n<meta name=\"twitter:label1\" content=\"Kirjoittanut\" \/>\n\t<meta name=\"twitter:data1\" content=\"uef-admin\" \/>\n<script type=\"application\/ld+json\" class=\"yoast-schema-graph\">{\"@context\":\"https:\\\/\\\/schema.org\",\"@graph\":[{\"@type\":\"Article\",\"@id\":\"https:\\\/\\\/blogs2.uef.fi\\\/itasuomenbiopankki-vanha\\\/uncategorized-fi\\\/tutkijoiden-yo-kuopiossa\\\/#article\",\"isPartOf\":{\"@id\":\"https:\\\/\\\/blogs2.uef.fi\\\/itasuomenbiopankki-vanha\\\/uncategorized-fi\\\/tutkijoiden-yo-kuopiossa\\\/\"},\"author\":{\"name\":\"uef-admin\",\"@id\":\"https:\\\/\\\/blogs2.uef.fi\\\/itasuomenbiopankki-vanha\\\/#\\\/schema\\\/person\\\/c36c0ef8987442464f305d2a698e5538\"},\"headline\":\"Tutkijoiden y\u00f6 Kuopiossa\",\"datePublished\":\"2018-09-17T06:16:02+00:00\",\"dateModified\":\"2018-12-10T07:18:17+00:00\",\"mainEntityOfPage\":{\"@id\":\"https:\\\/\\\/blogs2.uef.fi\\\/itasuomenbiopankki-vanha\\\/uncategorized-fi\\\/tutkijoiden-yo-kuopiossa\\\/\"},\"wordCount\":33,\"articleSection\":[\"Uncategorized @fi\"],\"inLanguage\":\"fi\"},{\"@type\":\"WebPage\",\"@id\":\"https:\\\/\\\/blogs2.uef.fi\\\/itasuomenbiopankki-vanha\\\/uncategorized-fi\\\/tutkijoiden-yo-kuopiossa\\\/\",\"url\":\"https:\\\/\\\/blogs2.uef.fi\\\/itasuomenbiopankki-vanha\\\/uncategorized-fi\\\/tutkijoiden-yo-kuopiossa\\\/\",\"name\":\"Tutkijoiden y\u00f6 Kuopiossa - It\u00e4-Suomen biopankki\",\"isPartOf\":{\"@id\":\"https:\\\/\\\/blogs2.uef.fi\\\/itasuomenbiopankki-vanha\\\/#website\"},\"datePublished\":\"2018-09-17T06:16:02+00:00\",\"dateModified\":\"2018-12-10T07:18:17+00:00\",\"author\":{\"@id\":\"https:\\\/\\\/blogs2.uef.fi\\\/itasuomenbiopankki-vanha\\\/#\\\/schema\\\/person\\\/c36c0ef8987442464f305d2a698e5538\"},\"breadcrumb\":{\"@id\":\"https:\\\/\\\/blogs2.uef.fi\\\/itasuomenbiopankki-vanha\\\/uncategorized-fi\\\/tutkijoiden-yo-kuopiossa\\\/#breadcrumb\"},\"inLanguage\":\"fi\",\"potentialAction\":[{\"@type\":\"ReadAction\",\"target\":[\"https:\\\/\\\/blogs2.uef.fi\\\/itasuomenbiopankki-vanha\\\/uncategorized-fi\\\/tutkijoiden-yo-kuopiossa\\\/\"]}]},{\"@type\":\"BreadcrumbList\",\"@id\":\"https:\\\/\\\/blogs2.uef.fi\\\/itasuomenbiopankki-vanha\\\/uncategorized-fi\\\/tutkijoiden-yo-kuopiossa\\\/#breadcrumb\",\"itemListElement\":[{\"@type\":\"ListItem\",\"position\":1,\"name\":\"Home\",\"item\":\"https:\\\/\\\/www.ita-suomenbiopankki.fi\\\/\"},{\"@type\":\"ListItem\",\"position\":2,\"name\":\"Tutkijoiden y\u00f6 Kuopiossa\"}]},{\"@type\":\"WebSite\",\"@id\":\"https:\\\/\\\/blogs2.uef.fi\\\/itasuomenbiopankki-vanha\\\/#website\",\"url\":\"https:\\\/\\\/blogs2.uef.fi\\\/itasuomenbiopankki-vanha\\\/\",\"name\":\"It\u00e4-Suomen biopankki\",\"description\":\"\",\"potentialAction\":[{\"@type\":\"SearchAction\",\"target\":{\"@type\":\"EntryPoint\",\"urlTemplate\":\"https:\\\/\\\/blogs2.uef.fi\\\/itasuomenbiopankki-vanha\\\/?s={search_term_string}\"},\"query-input\":{\"@type\":\"PropertyValueSpecification\",\"valueRequired\":true,\"valueName\":\"search_term_string\"}}],\"inLanguage\":\"fi\"},{\"@type\":\"Person\",\"@id\":\"https:\\\/\\\/blogs2.uef.fi\\\/itasuomenbiopankki-vanha\\\/#\\\/schema\\\/person\\\/c36c0ef8987442464f305d2a698e5538\",\"name\":\"uef-admin\",\"image\":{\"@type\":\"ImageObject\",\"inLanguage\":\"fi\",\"@id\":\"https:\\\/\\\/secure.gravatar.com\\\/avatar\\\/6c9f5016c320b72333096361e494f2c004505657367d2847a11e96de0655f758?s=96&d=mm&r=g\",\"url\":\"https:\\\/\\\/secure.gravatar.com\\\/avatar\\\/6c9f5016c320b72333096361e494f2c004505657367d2847a11e96de0655f758?s=96&d=mm&r=g\",\"contentUrl\":\"https:\\\/\\\/secure.gravatar.com\\\/avatar\\\/6c9f5016c320b72333096361e494f2c004505657367d2847a11e96de0655f758?s=96&d=mm&r=g\",\"caption\":\"uef-admin\"},\"url\":\"https:\\\/\\\/blogs2.uef.fi\\\/itasuomenbiopankki-vanha\\\/author\\\/uef-admin\\\/\"}]}<\/script>\n<!-- \/ Yoast SEO plugin. -->","yoast_head_json":{"title":"Tutkijoiden y\u00f6 Kuopiossa - It\u00e4-Suomen biopankki","robots":{"index":"index","follow":"follow","max-snippet":"max-snippet:-1","max-image-preview":"max-image-preview:large","max-video-preview":"max-video-preview:-1"},"canonical":"https:\/\/blogs2.uef.fi\/itasuomenbiopankki-vanha\/uncategorized-fi\/tutkijoiden-yo-kuopiossa\/","og_locale":"fi_FI","og_type":"article","og_title":"Tutkijoiden y\u00f6 Kuopiossa - It\u00e4-Suomen biopankki","og_description":"Tutkijoiden y\u00f6 Kuopiossa 28.9.2018. Tiede-el\u00e4myksi\u00e4 Kauppakeskus Matkuksessa kello 16-20. It\u00e4-Suomen Biopankki on mukana paikalla. Mit\u00e4 n\u00e4ytteille ja tiedoille tapahtuu biopankissa?...","og_url":"https:\/\/blogs2.uef.fi\/itasuomenbiopankki-vanha\/uncategorized-fi\/tutkijoiden-yo-kuopiossa\/","og_site_name":"It\u00e4-Suomen biopankki","article_published_time":"2018-09-17T06:16:02+00:00","article_modified_time":"2018-12-10T07:18:17+00:00","author":"uef-admin","twitter_card":"summary_large_image","twitter_misc":{"Kirjoittanut":"uef-admin"},"schema":{"@context":"https:\/\/schema.org","@graph":[{"@type":"Article","@id":"https:\/\/blogs2.uef.fi\/itasuomenbiopankki-vanha\/uncategorized-fi\/tutkijoiden-yo-kuopiossa\/#article","isPartOf":{"@id":"https:\/\/blogs2.uef.fi\/itasuomenbiopankki-vanha\/uncategorized-fi\/tutkijoiden-yo-kuopiossa\/"},"author":{"name":"uef-admin","@id":"https:\/\/blogs2.uef.fi\/itasuomenbiopankki-vanha\/#\/schema\/person\/c36c0ef8987442464f305d2a698e5538"},"headline":"Tutkijoiden y\u00f6 Kuopiossa","datePublished":"2018-09-17T06:16:02+00:00","dateModified":"2018-12-10T07:18:17+00:00","mainEntityOfPage":{"@id":"https:\/\/blogs2.uef.fi\/itasuomenbiopankki-vanha\/uncategorized-fi\/tutkijoiden-yo-kuopiossa\/"},"wordCount":33,"articleSection":["Uncategorized @fi"],"inLanguage":"fi"},{"@type":"WebPage","@id":"https:\/\/blogs2.uef.fi\/itasuomenbiopankki-vanha\/uncategorized-fi\/tutkijoiden-yo-kuopiossa\/","url":"https:\/\/blogs2.uef.fi\/itasuomenbiopankki-vanha\/uncategorized-fi\/tutkijoiden-yo-kuopiossa\/","name":"Tutkijoiden y\u00f6 Kuopiossa - It\u00e4-Suomen biopankki","isPartOf":{"@id":"https:\/\/blogs2.uef.fi\/itasuomenbiopankki-vanha\/#website"},"datePublished":"2018-09-17T06:16:02+00:00","dateModified":"2018-12-10T07:18:17+00:00","author":{"@id":"https:\/\/blogs2.uef.fi\/itasuomenbiopankki-vanha\/#\/schema\/person\/c36c0ef8987442464f305d2a698e5538"},"breadcrumb":{"@id":"https:\/\/blogs2.uef.fi\/itasuomenbiopankki-vanha\/uncategorized-fi\/tutkijoiden-yo-kuopiossa\/#breadcrumb"},"inLanguage":"fi","potentialAction":[{"@type":"ReadAction","target":["https:\/\/blogs2.uef.fi\/itasuomenbiopankki-vanha\/uncategorized-fi\/tutkijoiden-yo-kuopiossa\/"]}]},{"@type":"BreadcrumbList","@id":"https:\/\/blogs2.uef.fi\/itasuomenbiopankki-vanha\/uncategorized-fi\/tutkijoiden-yo-kuopiossa\/#breadcrumb","itemListElement":[{"@type":"ListItem","position":1,"name":"Home","item":"https:\/\/www.ita-suomenbiopankki.fi\/"},{"@type":"ListItem","position":2,"name":"Tutkijoiden y\u00f6 Kuopiossa"}]},{"@type":"WebSite","@id":"https:\/\/blogs2.uef.fi\/itasuomenbiopankki-vanha\/#website","url":"https:\/\/blogs2.uef.fi\/itasuomenbiopankki-vanha\/","name":"It\u00e4-Suomen biopankki","description":"","potentialAction":[{"@type":"SearchAction","target":{"@type":"EntryPoint","urlTemplate":"https:\/\/blogs2.uef.fi\/itasuomenbiopankki-vanha\/?s={search_term_string}"},"query-input":{"@type":"PropertyValueSpecification","valueRequired":true,"valueName":"search_term_string"}}],"inLanguage":"fi"},{"@type":"Person","@id":"https:\/\/blogs2.uef.fi\/itasuomenbiopankki-vanha\/#\/schema\/person\/c36c0ef8987442464f305d2a698e5538","name":"uef-admin","image":{"@type":"ImageObject","inLanguage":"fi","@id":"https:\/\/secure.gravatar.com\/avatar\/6c9f5016c320b72333096361e494f2c004505657367d2847a11e96de0655f758?s=96&d=mm&r=g","url":"https:\/\/secure.gravatar.com\/avatar\/6c9f5016c320b72333096361e494f2c004505657367d2847a11e96de0655f758?s=96&d=mm&r=g","contentUrl":"https:\/\/secure.gravatar.com\/avatar\/6c9f5016c320b72333096361e494f2c004505657367d2847a11e96de0655f758?s=96&d=mm&r=g","caption":"uef-admin"},"url":"https:\/\/blogs2.uef.fi\/itasuomenbiopankki-vanha\/author\/uef-admin\/"}]}},"_links":{"self":[{"href":"https:\/\/blogs2.uef.fi\/itasuomenbiopankki-vanha\/wp-json\/wp\/v2\/posts\/128","targetHints":{"allow":["GET"]}}],"collection":[{"href":"https:\/\/blogs2.uef.fi\/itasuomenbiopankki-vanha\/wp-json\/wp\/v2\/posts"}],"about":[{"href":"https:\/\/blogs2.uef.fi\/itasuomenbiopankki-vanha\/wp-json\/wp\/v2\/types\/post"}],"author":[{"embeddable":true,"href":"https:\/\/blogs2.uef.fi\/itasuomenbiopankki-vanha\/wp-json\/wp\/v2\/users\/1"}],"replies":[{"embeddable":true,"href":"https:\/\/blogs2.uef.fi\/itasuomenbiopankki-vanha\/wp-json\/wp\/v2\/comments?post=128"}],"version-history":[{"count":2,"href":"https:\/\/blogs2.uef.fi\/itasuomenbiopankki-vanha\/wp-json\/wp\/v2\/posts\/128\/revisions"}],"predecessor-version":[{"id":130,"href":"https:\/\/blogs2.uef.fi\/itasuomenbiopankki-vanha\/wp-json\/wp\/v2\/posts\/128\/revisions\/130"}],"wp:attachment":[{"href":"https:\/\/blogs2.uef.fi\/itasuomenbiopankki-vanha\/wp-json\/wp\/v2\/media?parent=128"}],"wp:term":[{"taxonomy":"category","embeddable":true,"href":"https:\/\/blogs2.uef.fi\/itasuomenbiopankki-vanha\/wp-json\/wp\/v2\/categories?post=128"},{"taxonomy":"post_tag","embeddable":true,"href":"https:\/\/blogs2.uef.fi\/itasuomenbiopankki-vanha\/wp-json\/wp\/v2\/tags?post=128"}],"curies":[{"name":"wp","href":"https:\/\/api.w.org\/{rel}","templated":true}]}}